{"id":521562,"date":"2017-09-22T14:09:00","date_gmt":"2017-09-22T13:09:00","guid":{"rendered":"https:\/\/www.pressenza.com\/?p=521562\/"},"modified":"2017-09-22T14:09:00","modified_gmt":"2017-09-22T13:09:00","slug":"rationierung-von-hepatitis-c-medikamente-endlich-aufgehoben","status":"publish","type":"post","link":"https:\/\/www.pressenza.com\/de\/2017\/09\/rationierung-von-hepatitis-c-medikamente-endlich-aufgehoben\/","title":{"rendered":"Rationierung von Hepatitis C-Medikamente endlich aufgehoben"},"content":{"rendered":"<p><strong>Erfolg f\u00fcr die schweizerische Zivilgesellschaft: Per 1. Oktober 2017 wird die vom Bundesamt f\u00fcr Gesundheit (BAG) vor rund drei Jahren festgelegte Rationierung von Hepatitis C-Medikamente aufgehoben. Damit k\u00f6nnen erstmals alle Patientinnen und Patienten unabh\u00e4ngig vom Virentyp und vom Krankheitsfortschritt behandelt werden. <\/strong><\/p>\n<p>Seit Ende 2013 sind neue, hochwirksame Medikamente zur Heilung der bis dahin f\u00fcr Millionen von Menschen unheilbare Krankheit Hepatitis C verf\u00fcgbar. Hepatitis C f\u00fchrt zu Leberzirrhose und Leberkrebs und erh\u00f6ht die Wahrscheinlichkeit zahlreicher anderer Folgekrankheiten.<\/p>\n<p>Doch diese eigentliche Erfolgsgeschichte (zum ersten Mal in der Medizingeschichte konnte ein potentiell t\u00f6dlicher Virus innert 8 \u2013 12 Wochen komplett eliminiert werden) wurde schnell zu einem eigentlichen Skandal im Schweizer Gesundheitswesen. Wegen der angeblich zu hohen Kosten rationierte das Bundesamt f\u00fcr Gesundheit (BAG) die Abgabe dieser Medikamente an jene Patienten, die schon eine schwere Lebersch\u00e4digung hatten. Den \u00fcbrigen 90% der Patienten wurde gesagt, sie m\u00fcssten zuerst noch kr\u00e4nker werden.<\/p>\n<p>Die Rationierung hatte in den darauffolgenden Jahren zahlreiche HCV-krankheitsbedingte Todesf\u00e4lle zur Folge. 2016 starben in der Schweiz mindestens 200 Menschen an der Krankheit bzw. deren Folgen, das sind f\u00fcnf Mal mehr als an HIV. Und die \u00fcbrigen Infizierten lebten seit Jahren mit zahlreichen Krankheitssymptomen, die ihre Lebensqualit\u00e4t massiv einschr\u00e4nkten.<\/p>\n<p>Im Juli 2015 reichte eine spontan gegr\u00fcndete Grass-Root-Gruppe von HCV-Betroffenen \u2018<a href=\"https:\/\/stophepatitisc.blogspot.de\/\" target=\"_blank\" rel=\"noopener noreferrer\">Stop Hepatitis C in der Schweiz<\/a>\u2019 eine Petition zuhanden der Schweizer Gesundheitsbeh\u00f6rden ein, in der die Behandlung aller HCV Infizierten gefordert wurde. Eine Diskussion entbrannte, was denn ein Menschenleben wert ist, bzw. kosten darf. Doch das Bundesamt stellte sich drei Jahre lang taub, und behauptete, es mache keinen Sinn, gesunde Menschen zu behandeln, die ja nur den Virus in sich tr\u00fcgen, deren Leber aber noch nicht fortgeschritten zerst\u00f6rt war.<\/p>\n<p><img loading=\"lazy\" decoding=\"async\" class=\"aligncenter size-large wp-image-521574\" src=\"https:\/\/www.pressenza.com\/wp-content\/uploads\/2017\/09\/IMG_2979-720x540.jpg\" alt=\"\" width=\"720\" height=\"540\" srcset=\"https:\/\/www.pressenza.com\/wp-content\/uploads\/2017\/09\/IMG_2979-720x540.jpg 720w, https:\/\/www.pressenza.com\/wp-content\/uploads\/2017\/09\/IMG_2979-300x225.jpg 300w, https:\/\/www.pressenza.com\/wp-content\/uploads\/2017\/09\/IMG_2979-768x576.jpg 768w, https:\/\/www.pressenza.com\/wp-content\/uploads\/2017\/09\/IMG_2979.jpg 2048w\" sizes=\"auto, (max-width: 720px) 100vw, 720px\" \/><\/p>\n<p>Aus der Grass-Root-Bewegung bildete sich im Juni 2016 die Schweizerische Hepatitis C Vereinigung (SHCV). In Zusammenarbeit mit dem Netzwerk von Experten und \u00c4rzten <a href=\"http:\/\/www.hepatitis-schweiz.ch\/de\/startseite\" target=\"_blank\" rel=\"noopener noreferrer\">Hepatitis Schweiz<\/a> und der Vereinigung <a href=\"https:\/\/positivrat.ch\/cms\/\">Positivrat<\/a> wurde der Druck auf das BAG best\u00e4ndig erh\u00f6ht, und Parallelimporte von Lizenz-Medikamenten aus Indien verst\u00e4rkten auch den Druck auf die Pharmaindustrie (auch auf die Patienten, welche so die Behandlung selber bezahlen mussten). In zahlreichen Symposien, Konferenzen und Standaktionen wurde die Behandlung aller Betroffenen gefordert, was zu einer best\u00e4ndigen Sensibilisierung und zunehmenden Medienpr\u00e4senz f\u00fchrte. Das BAG sah sich mit einem zunehmenden Unverst\u00e4ndnis gegen\u00fcber seinem unethischen Rationierungs-Entscheid konfrontiert und ging schliesslich auf die seit l\u00e4ngerem bestehenden und mit Preissenkungen verbundenen Angebote der Pharmaunternehmen ein. Das BAG hob per 1.Juli 2017 die Rationierung f\u00fcr einige Medikamente auf, und nun per 1. Oktober auch f\u00fcr die noch nicht freigegeben. Im Gegenzug senkten die Pharmaunternehmen ihre Preise.<\/p>\n<p>So k\u00f6nnen ab dem 1.Oktober 2017 nun alle HCV-Infizierten endlich behandelt werden. In ihrer <a href=\"http:\/\/hepc.ch\/\" target=\"_blank\" rel=\"noopener noreferrer\">Pressemitteilung<\/a> warnt die SHCV allerdings auch davor, solche Preiskriege auf dem Buckel der betroffenen Menschen zu f\u00fchren.<\/p>\n<p>Es ist anzunehmen, dass die Gesundheitsbeh\u00f6rden auch in Zukunft lebensrettende Medikamente zu rationieren versuchen. Dagegen muss sich die Zivilgesellschaft entschieden wehren, sonst wird die dunkle Zukunftsvision einer Zweiklassenmedizin Wirklichkeit werden.<\/p>\n<p>Der Einsatz der Betroffenen des SHCV, der \u00c4rzte und Spezialisten von Hepatitis Schweiz und des Positivrats ist aber auch ein gutes Beispiel daf\u00fcr, dass es sich lohnt, f\u00fcr ein gemeinsames Ziel zu k\u00e4mpfen.<\/p>\n<p><img loading=\"lazy\" decoding=\"async\" class=\"aligncenter size-large wp-image-521583\" src=\"https:\/\/www.pressenza.com\/wp-content\/uploads\/2017\/09\/IMG_2984-720x540.jpg\" alt=\"\" width=\"720\" height=\"540\" srcset=\"https:\/\/www.pressenza.com\/wp-content\/uploads\/2017\/09\/IMG_2984-720x540.jpg 720w, https:\/\/www.pressenza.com\/wp-content\/uploads\/2017\/09\/IMG_2984-300x225.jpg 300w, https:\/\/www.pressenza.com\/wp-content\/uploads\/2017\/09\/IMG_2984-768x576.jpg 768w, https:\/\/www.pressenza.com\/wp-content\/uploads\/2017\/09\/IMG_2984.jpg 2048w\" sizes=\"auto, (max-width: 720px) 100vw, 720px\" \/><\/p>\n","protected":false},"excerpt":{"rendered":"<p>Erfolg f\u00fcr die schweizerische Zivilgesellschaft: Per 1. Oktober 2017 wird die vom Bundesamt f\u00fcr Gesundheit (BAG) vor rund drei Jahren festgelegte Rationierung von Hepatitis C-Medikamente aufgehoben. Damit k\u00f6nnen erstmals alle Patientinnen und Patienten unabh\u00e4ngig vom Virentyp und vom Krankheitsfortschritt behandelt&hellip;<\/p>\n","protected":false},"author":1186,"featured_media":521563,"comment_status":"closed","ping_status":"closed","sticky":false,"template":"","format":"standard","meta":{"footnotes":""},"categories":[9160,9161,11387],"tags":[40371,28508,9183,18811,40370],"class_list":["post-521562","post","type-post","status-publish","format-standard","has-post-thumbnail","hentry","category-gesundheit","category-menschenrechte","category-originalinhalt","tag-bundesamt-fuer-gesundheit","tag-pharmaindustrie","tag-schweiz","tag-stop-hepatitis-c","tag-zwei-klassen-medizin"],"yoast_head":"<!-- This site is optimized with the Yoast SEO plugin v27.1.1 - https:\/\/yoast.com\/product\/yoast-seo-wordpress\/ -->\n<title>Rationierung von Hepatitis C-Medikamente endlich aufgehoben<\/title>\n<meta name=\"description\" content=\"Erfolg f\u00fcr die schweizerische Zivilgesellschaft: Per 1. Oktober 2017 wird die vom Bundesamt f\u00fcr Gesundheit (BAG) vor rund drei Jahren festgelegte\" \/>\n<meta name=\"robots\" content=\"index, follow, max-snippet:-1, max-image-preview:large, max-video-preview:-1\" \/>\n<link rel=\"canonical\" href=\"https:\/\/www.pressenza.com\/de\/2017\/09\/rationierung-von-hepatitis-c-medikamente-endlich-aufgehoben\/\" \/>\n<meta property=\"og:locale\" content=\"de_DE\" \/>\n<meta property=\"og:type\" content=\"article\" \/>\n<meta property=\"og:title\" content=\"Rationierung von Hepatitis C-Medikamente endlich aufgehoben\" \/>\n<meta property=\"og:description\" content=\"Erfolg f\u00fcr die schweizerische Zivilgesellschaft: Per 1. Oktober 2017 wird die vom Bundesamt f\u00fcr Gesundheit (BAG) vor rund drei Jahren festgelegte\" \/>\n<meta property=\"og:url\" content=\"https:\/\/www.pressenza.com\/de\/2017\/09\/rationierung-von-hepatitis-c-medikamente-endlich-aufgehoben\/\" \/>\n<meta property=\"og:site_name\" content=\"Pressenza\" \/>\n<meta property=\"article:publisher\" content=\"https:\/\/www.facebook.com\/PressenzaItalia\" \/>\n<meta property=\"article:published_time\" content=\"2017-09-22T13:09:00+00:00\" \/>\n<meta property=\"og:image\" content=\"https:\/\/www.pressenza.com\/wp-content\/uploads\/2017\/09\/Unbenannt-1.jpg\" \/>\n\t<meta property=\"og:image:width\" content=\"750\" \/>\n\t<meta property=\"og:image:height\" content=\"415\" \/>\n\t<meta property=\"og:image:type\" content=\"image\/jpeg\" \/>\n<meta name=\"author\" content=\"Pressenza Z\u00fcrich\" \/>\n<meta name=\"twitter:card\" content=\"summary_large_image\" \/>\n<meta name=\"twitter:creator\" content=\"@PressenzaIPA\" \/>\n<meta name=\"twitter:site\" content=\"@PressenzaIPA\" \/>\n<meta name=\"twitter:label1\" content=\"Verfasst von\" \/>\n\t<meta name=\"twitter:data1\" content=\"Pressenza Z\u00fcrich\" \/>\n\t<meta name=\"twitter:label2\" content=\"Gesch\u00e4tzte Lesezeit\" \/>\n\t<meta name=\"twitter:data2\" content=\"3\u00a0Minuten\" \/>\n<script type=\"application\/ld+json\" class=\"yoast-schema-graph\">{\"@context\":\"https:\/\/schema.org\",\"@graph\":[{\"@type\":\"Article\",\"@id\":\"https:\/\/www.pressenza.com\/de\/2017\/09\/rationierung-von-hepatitis-c-medikamente-endlich-aufgehoben\/#article\",\"isPartOf\":{\"@id\":\"https:\/\/www.pressenza.com\/de\/2017\/09\/rationierung-von-hepatitis-c-medikamente-endlich-aufgehoben\/\"},\"author\":{\"name\":\"Pressenza Z\u00fcrich\",\"@id\":\"https:\/\/www.pressenza.com\/de\/#\/schema\/person\/5e260a378c3da9898c80758f86d4e027\"},\"headline\":\"Rationierung von Hepatitis C-Medikamente endlich aufgehoben\",\"datePublished\":\"2017-09-22T13:09:00+00:00\",\"mainEntityOfPage\":{\"@id\":\"https:\/\/www.pressenza.com\/de\/2017\/09\/rationierung-von-hepatitis-c-medikamente-endlich-aufgehoben\/\"},\"wordCount\":539,\"publisher\":{\"@id\":\"https:\/\/www.pressenza.com\/de\/#organization\"},\"image\":{\"@id\":\"https:\/\/www.pressenza.com\/de\/2017\/09\/rationierung-von-hepatitis-c-medikamente-endlich-aufgehoben\/#primaryimage\"},\"thumbnailUrl\":\"https:\/\/www.pressenza.com\/wp-content\/uploads\/2017\/09\/Unbenannt-1.jpg\",\"keywords\":[\"Bundesamt f\u00fcr Gesundheit\",\"Pharmaindustrie\",\"Schweiz\",\"Stop Hepatitis C\",\"Zwei-Klassen-Medizin\"],\"articleSection\":[\"Gesundheit\",\"Menschenrechte\",\"Originalinhalt\"],\"inLanguage\":\"de\"},{\"@type\":\"WebPage\",\"@id\":\"https:\/\/www.pressenza.com\/de\/2017\/09\/rationierung-von-hepatitis-c-medikamente-endlich-aufgehoben\/\",\"url\":\"https:\/\/www.pressenza.com\/de\/2017\/09\/rationierung-von-hepatitis-c-medikamente-endlich-aufgehoben\/\",\"name\":\"Rationierung von Hepatitis C-Medikamente endlich aufgehoben\",\"isPartOf\":{\"@id\":\"https:\/\/www.pressenza.com\/de\/#website\"},\"primaryImageOfPage\":{\"@id\":\"https:\/\/www.pressenza.com\/de\/2017\/09\/rationierung-von-hepatitis-c-medikamente-endlich-aufgehoben\/#primaryimage\"},\"image\":{\"@id\":\"https:\/\/www.pressenza.com\/de\/2017\/09\/rationierung-von-hepatitis-c-medikamente-endlich-aufgehoben\/#primaryimage\"},\"thumbnailUrl\":\"https:\/\/www.pressenza.com\/wp-content\/uploads\/2017\/09\/Unbenannt-1.jpg\",\"datePublished\":\"2017-09-22T13:09:00+00:00\",\"description\":\"Erfolg f\u00fcr die schweizerische Zivilgesellschaft: Per 1. Oktober 2017 wird die vom Bundesamt f\u00fcr Gesundheit (BAG) vor rund drei Jahren festgelegte\",\"breadcrumb\":{\"@id\":\"https:\/\/www.pressenza.com\/de\/2017\/09\/rationierung-von-hepatitis-c-medikamente-endlich-aufgehoben\/#breadcrumb\"},\"inLanguage\":\"de\",\"potentialAction\":[{\"@type\":\"ReadAction\",\"target\":[\"https:\/\/www.pressenza.com\/de\/2017\/09\/rationierung-von-hepatitis-c-medikamente-endlich-aufgehoben\/\"]}]},{\"@type\":\"ImageObject\",\"inLanguage\":\"de\",\"@id\":\"https:\/\/www.pressenza.com\/de\/2017\/09\/rationierung-von-hepatitis-c-medikamente-endlich-aufgehoben\/#primaryimage\",\"url\":\"https:\/\/www.pressenza.com\/wp-content\/uploads\/2017\/09\/Unbenannt-1.jpg\",\"contentUrl\":\"https:\/\/www.pressenza.com\/wp-content\/uploads\/2017\/09\/Unbenannt-1.jpg\",\"width\":750,\"height\":415},{\"@type\":\"BreadcrumbList\",\"@id\":\"https:\/\/www.pressenza.com\/de\/2017\/09\/rationierung-von-hepatitis-c-medikamente-endlich-aufgehoben\/#breadcrumb\",\"itemListElement\":[{\"@type\":\"ListItem\",\"position\":1,\"name\":\"Accueil\",\"item\":\"https:\/\/www.pressenza.com\/de\/\"},{\"@type\":\"ListItem\",\"position\":2,\"name\":\"Rationierung von Hepatitis C-Medikamente endlich aufgehoben\"}]},{\"@type\":\"WebSite\",\"@id\":\"https:\/\/www.pressenza.com\/de\/#website\",\"url\":\"https:\/\/www.pressenza.com\/de\/\",\"name\":\"Pressenza\",\"description\":\"International Press Agency\",\"publisher\":{\"@id\":\"https:\/\/www.pressenza.com\/de\/#organization\"},\"potentialAction\":[{\"@type\":\"SearchAction\",\"target\":{\"@type\":\"EntryPoint\",\"urlTemplate\":\"https:\/\/www.pressenza.com\/de\/?s={search_term_string}\"},\"query-input\":{\"@type\":\"PropertyValueSpecification\",\"valueRequired\":true,\"valueName\":\"search_term_string\"}}],\"inLanguage\":\"de\"},{\"@type\":\"Organization\",\"@id\":\"https:\/\/www.pressenza.com\/de\/#organization\",\"name\":\"Pressenza\",\"url\":\"https:\/\/www.pressenza.com\/de\/\",\"logo\":{\"@type\":\"ImageObject\",\"inLanguage\":\"de\",\"@id\":\"https:\/\/www.pressenza.com\/de\/#\/schema\/logo\/image\/\",\"url\":\"https:\/\/www.pressenza.com\/wp-content\/uploads\/2022\/10\/pressenza_logo_200x200.jpg\",\"contentUrl\":\"https:\/\/www.pressenza.com\/wp-content\/uploads\/2022\/10\/pressenza_logo_200x200.jpg\",\"width\":200,\"height\":200,\"caption\":\"Pressenza\"},\"image\":{\"@id\":\"https:\/\/www.pressenza.com\/de\/#\/schema\/logo\/image\/\"},\"sameAs\":[\"https:\/\/www.facebook.com\/PressenzaItalia\",\"https:\/\/x.com\/PressenzaIPA\"]},{\"@type\":\"Person\",\"@id\":\"https:\/\/www.pressenza.com\/de\/#\/schema\/person\/5e260a378c3da9898c80758f86d4e027\",\"name\":\"Pressenza Z\u00fcrich\",\"description\":\"News from the Pressenza Bureau in Zurich, Switzerland\",\"url\":\"https:\/\/www.pressenza.com\/de\/author\/pressenza-zurich\/\"}]}<\/script>\n<!-- \/ Yoast SEO plugin. -->","yoast_head_json":{"title":"Rationierung von Hepatitis C-Medikamente endlich aufgehoben","description":"Erfolg f\u00fcr die schweizerische Zivilgesellschaft: Per 1. Oktober 2017 wird die vom Bundesamt f\u00fcr Gesundheit (BAG) vor rund drei Jahren festgelegte","robots":{"index":"index","follow":"follow","max-snippet":"max-snippet:-1","max-image-preview":"max-image-preview:large","max-video-preview":"max-video-preview:-1"},"canonical":"https:\/\/www.pressenza.com\/de\/2017\/09\/rationierung-von-hepatitis-c-medikamente-endlich-aufgehoben\/","og_locale":"de_DE","og_type":"article","og_title":"Rationierung von Hepatitis C-Medikamente endlich aufgehoben","og_description":"Erfolg f\u00fcr die schweizerische Zivilgesellschaft: Per 1. Oktober 2017 wird die vom Bundesamt f\u00fcr Gesundheit (BAG) vor rund drei Jahren festgelegte","og_url":"https:\/\/www.pressenza.com\/de\/2017\/09\/rationierung-von-hepatitis-c-medikamente-endlich-aufgehoben\/","og_site_name":"Pressenza","article_publisher":"https:\/\/www.facebook.com\/PressenzaItalia","article_published_time":"2017-09-22T13:09:00+00:00","og_image":[{"width":750,"height":415,"url":"https:\/\/www.pressenza.com\/wp-content\/uploads\/2017\/09\/Unbenannt-1.jpg","type":"image\/jpeg"}],"author":"Pressenza Z\u00fcrich","twitter_card":"summary_large_image","twitter_creator":"@PressenzaIPA","twitter_site":"@PressenzaIPA","twitter_misc":{"Verfasst von":"Pressenza Z\u00fcrich","Gesch\u00e4tzte Lesezeit":"3\u00a0Minuten"},"schema":{"@context":"https:\/\/schema.org","@graph":[{"@type":"Article","@id":"https:\/\/www.pressenza.com\/de\/2017\/09\/rationierung-von-hepatitis-c-medikamente-endlich-aufgehoben\/#article","isPartOf":{"@id":"https:\/\/www.pressenza.com\/de\/2017\/09\/rationierung-von-hepatitis-c-medikamente-endlich-aufgehoben\/"},"author":{"name":"Pressenza Z\u00fcrich","@id":"https:\/\/www.pressenza.com\/de\/#\/schema\/person\/5e260a378c3da9898c80758f86d4e027"},"headline":"Rationierung von Hepatitis C-Medikamente endlich aufgehoben","datePublished":"2017-09-22T13:09:00+00:00","mainEntityOfPage":{"@id":"https:\/\/www.pressenza.com\/de\/2017\/09\/rationierung-von-hepatitis-c-medikamente-endlich-aufgehoben\/"},"wordCount":539,"publisher":{"@id":"https:\/\/www.pressenza.com\/de\/#organization"},"image":{"@id":"https:\/\/www.pressenza.com\/de\/2017\/09\/rationierung-von-hepatitis-c-medikamente-endlich-aufgehoben\/#primaryimage"},"thumbnailUrl":"https:\/\/www.pressenza.com\/wp-content\/uploads\/2017\/09\/Unbenannt-1.jpg","keywords":["Bundesamt f\u00fcr Gesundheit","Pharmaindustrie","Schweiz","Stop Hepatitis C","Zwei-Klassen-Medizin"],"articleSection":["Gesundheit","Menschenrechte","Originalinhalt"],"inLanguage":"de"},{"@type":"WebPage","@id":"https:\/\/www.pressenza.com\/de\/2017\/09\/rationierung-von-hepatitis-c-medikamente-endlich-aufgehoben\/","url":"https:\/\/www.pressenza.com\/de\/2017\/09\/rationierung-von-hepatitis-c-medikamente-endlich-aufgehoben\/","name":"Rationierung von Hepatitis C-Medikamente endlich aufgehoben","isPartOf":{"@id":"https:\/\/www.pressenza.com\/de\/#website"},"primaryImageOfPage":{"@id":"https:\/\/www.pressenza.com\/de\/2017\/09\/rationierung-von-hepatitis-c-medikamente-endlich-aufgehoben\/#primaryimage"},"image":{"@id":"https:\/\/www.pressenza.com\/de\/2017\/09\/rationierung-von-hepatitis-c-medikamente-endlich-aufgehoben\/#primaryimage"},"thumbnailUrl":"https:\/\/www.pressenza.com\/wp-content\/uploads\/2017\/09\/Unbenannt-1.jpg","datePublished":"2017-09-22T13:09:00+00:00","description":"Erfolg f\u00fcr die schweizerische Zivilgesellschaft: Per 1. Oktober 2017 wird die vom Bundesamt f\u00fcr Gesundheit (BAG) vor rund drei Jahren festgelegte","breadcrumb":{"@id":"https:\/\/www.pressenza.com\/de\/2017\/09\/rationierung-von-hepatitis-c-medikamente-endlich-aufgehoben\/#breadcrumb"},"inLanguage":"de","potentialAction":[{"@type":"ReadAction","target":["https:\/\/www.pressenza.com\/de\/2017\/09\/rationierung-von-hepatitis-c-medikamente-endlich-aufgehoben\/"]}]},{"@type":"ImageObject","inLanguage":"de","@id":"https:\/\/www.pressenza.com\/de\/2017\/09\/rationierung-von-hepatitis-c-medikamente-endlich-aufgehoben\/#primaryimage","url":"https:\/\/www.pressenza.com\/wp-content\/uploads\/2017\/09\/Unbenannt-1.jpg","contentUrl":"https:\/\/www.pressenza.com\/wp-content\/uploads\/2017\/09\/Unbenannt-1.jpg","width":750,"height":415},{"@type":"BreadcrumbList","@id":"https:\/\/www.pressenza.com\/de\/2017\/09\/rationierung-von-hepatitis-c-medikamente-endlich-aufgehoben\/#breadcrumb","itemListElement":[{"@type":"ListItem","position":1,"name":"Accueil","item":"https:\/\/www.pressenza.com\/de\/"},{"@type":"ListItem","position":2,"name":"Rationierung von Hepatitis C-Medikamente endlich aufgehoben"}]},{"@type":"WebSite","@id":"https:\/\/www.pressenza.com\/de\/#website","url":"https:\/\/www.pressenza.com\/de\/","name":"Pressenza","description":"International Press Agency","publisher":{"@id":"https:\/\/www.pressenza.com\/de\/#organization"},"potentialAction":[{"@type":"SearchAction","target":{"@type":"EntryPoint","urlTemplate":"https:\/\/www.pressenza.com\/de\/?s={search_term_string}"},"query-input":{"@type":"PropertyValueSpecification","valueRequired":true,"valueName":"search_term_string"}}],"inLanguage":"de"},{"@type":"Organization","@id":"https:\/\/www.pressenza.com\/de\/#organization","name":"Pressenza","url":"https:\/\/www.pressenza.com\/de\/","logo":{"@type":"ImageObject","inLanguage":"de","@id":"https:\/\/www.pressenza.com\/de\/#\/schema\/logo\/image\/","url":"https:\/\/www.pressenza.com\/wp-content\/uploads\/2022\/10\/pressenza_logo_200x200.jpg","contentUrl":"https:\/\/www.pressenza.com\/wp-content\/uploads\/2022\/10\/pressenza_logo_200x200.jpg","width":200,"height":200,"caption":"Pressenza"},"image":{"@id":"https:\/\/www.pressenza.com\/de\/#\/schema\/logo\/image\/"},"sameAs":["https:\/\/www.facebook.com\/PressenzaItalia","https:\/\/x.com\/PressenzaIPA"]},{"@type":"Person","@id":"https:\/\/www.pressenza.com\/de\/#\/schema\/person\/5e260a378c3da9898c80758f86d4e027","name":"Pressenza Z\u00fcrich","description":"News from the Pressenza Bureau in Zurich, Switzerland","url":"https:\/\/www.pressenza.com\/de\/author\/pressenza-zurich\/"}]}},"place":"Dani Horowitz","original_article_url":"","_links":{"self":[{"href":"https:\/\/www.pressenza.com\/de\/wp-json\/wp\/v2\/posts\/521562","targetHints":{"allow":["GET"]}}],"collection":[{"href":"https:\/\/www.pressenza.com\/de\/wp-json\/wp\/v2\/posts"}],"about":[{"href":"https:\/\/www.pressenza.com\/de\/wp-json\/wp\/v2\/types\/post"}],"author":[{"embeddable":true,"href":"https:\/\/www.pressenza.com\/de\/wp-json\/wp\/v2\/users\/1186"}],"replies":[{"embeddable":true,"href":"https:\/\/www.pressenza.com\/de\/wp-json\/wp\/v2\/comments?post=521562"}],"version-history":[{"count":0,"href":"https:\/\/www.pressenza.com\/de\/wp-json\/wp\/v2\/posts\/521562\/revisions"}],"wp:featuredmedia":[{"embeddable":true,"href":"https:\/\/www.pressenza.com\/de\/wp-json\/wp\/v2\/media\/521563"}],"wp:attachment":[{"href":"https:\/\/www.pressenza.com\/de\/wp-json\/wp\/v2\/media?parent=521562"}],"wp:term":[{"taxonomy":"category","embeddable":true,"href":"https:\/\/www.pressenza.com\/de\/wp-json\/wp\/v2\/categories?post=521562"},{"taxonomy":"post_tag","embeddable":true,"href":"https:\/\/www.pressenza.com\/de\/wp-json\/wp\/v2\/tags?post=521562"}],"curies":[{"name":"wp","href":"https:\/\/api.w.org\/{rel}","templated":true}]}}