{"id":514292,"date":"2017-09-06T12:43:59","date_gmt":"2017-09-06T11:43:59","guid":{"rendered":"https:\/\/www.pressenza.com\/?p=514292\/"},"modified":"2019-04-17T15:01:12","modified_gmt":"2019-04-17T14:01:12","slug":"bilanz-der-umweltverbaende-verkehrs-agrar-und-klimapolitik-unter-kanzlerin-merkel-ohne-weitblick","status":"publish","type":"post","link":"https:\/\/www.pressenza.com\/de\/2017\/09\/bilanz-der-umweltverbaende-verkehrs-agrar-und-klimapolitik-unter-kanzlerin-merkel-ohne-weitblick\/","title":{"rendered":"Bilanz der Umweltverb\u00e4nde: Verkehrs-, Agrar- und Klimapolitik unter Kanzlerin Merkel ohne Weitblick"},"content":{"rendered":"<p>05.09.2017 &#8211; GEMEINSAME PRESSEMITTEILUNG VON BUND, NABU, GREENPEACE, WWF UND DNR<\/p>\n<p>Der Umweltdachverband <a href=\"https:\/\/www.dnr.de\" target=\"_blank\" rel=\"noopener noreferrer\">Deutscher Naturschutzring<\/a> (DNR) hat gemeinsam mit dem <a href=\"https:\/\/www.bund.net\" target=\"_blank\" rel=\"noopener noreferrer\">Bund f\u00fcr Umwelt und Naturschutz Deutschland<\/a> (BUND), dem <a href=\"https:\/\/www.nabu.de\" target=\"_blank\" rel=\"noopener noreferrer\">Naturschutzbund Deutschland<\/a> (NABU), <a href=\"http:\/\/www.greenpeace.de\" target=\"_blank\" rel=\"noopener noreferrer\">Greenpeace<\/a> und <a href=\"http:\/\/www.wwf.de\" target=\"_blank\" rel=\"noopener noreferrer\">WWF Deutschland<\/a> eine Bilanz der Umweltpolitik in der zur\u00fcckliegenden Legislaturperiode gezogen und zentrale Forderungen an die k\u00fcnftige Bundesregierung vorgestellt.<\/p>\n<p>\u201eMit einer Landwirtschaft, die die Gew\u00e4sser verseucht, einer Verkehrspolitik, die die Luft vergiftet und einer Klimapolitik, die Wirtschaftsinteressen statt des Klimas sch\u00fctzt, liegen die Herausforderungen auf der Hand. Mit Lippenbekenntnissen sind die umweltpolitischen Krisen nicht zu bew\u00e4ltigen. In der kommenden Legislaturperiode m\u00fcssen endlich die Ziele, die sich die Bundesregierung gesetzt hat, in konkrete Ma\u00dfnahmen \u00fcbersetzt werden. Wer jetzt erneut auf die Strategie der langen Bank setzt, ohne die Probleme im Kern anzugehen, handelt grob fahrl\u00e4ssig. So verliert nicht nur die Umweltpolitik jede Glaubw\u00fcrdigkeit, sondern die Politik insgesamt\u201c, sagte DNR-Pr\u00e4sident Kai Niebert.<\/p>\n<p>Die Verb\u00e4nde sind sich einig, dass die Ziele des Pariser Weltklimavertrages und der beim G7-Gipfel in Elmau 2015 beschlossene Ausstieg aus Kohle, \u00d6l und Gas durch den Umbau von Schl\u00fcsselsektoren wie Verkehr, Energie und Landwirtschaft umgesetzt werden m\u00fcssen. Dazu geh\u00f6ren ein sozialvertr\u00e4glicher Ausstieg aus der besonders klimasch\u00e4dlichen Kohle und eine Agrar- und Verkehrswende hin zu umweltfreundlicheren Formen der Landwirtschaft und Mobilit\u00e4t sowie ein Ende umweltsch\u00e4dlicher Subventionen. Die Umweltverb\u00e4nde fordern insbesondere in der Landwirtschaftspolitik einen Paradigmenwechsel.<\/p>\n<p>Der BUND-Vorsitzende Hubert Weiger sagte: \u201eDie Bundesregierung muss sich endlich von dem Leitbild agrarindustrieller Entwicklung verabschieden. Das derzeitige Agrarsystem produziert Billigfleisch mit hohen gesellschaftlichen Kosten. Von der Massentierhaltung \u00fcber den Verlust der Artenvielfalt bis zum H\u00f6festerben: Die \u00f6kologischen und wirtschaftlichen Probleme in der Landwirtschaft sind allesamt verkn\u00fcpft. Deshalb muss die n\u00e4chste Bundesregierung sie in der Gesamtheit angehen. Ohne ein konsequentes Umsteuern in der Agrarpolitik und besonders bei der Massentierhaltung haben wir bei den dr\u00e4ngendsten Umweltthemen unserer Zeit, dem Schutz des Klimas und der Artenvielfalt, kaum eine Chance.\u201c<\/p>\n<p>Auch NABU-Pr\u00e4sident Olaf Tschimpke betonte, dass aus Umwelt- und Verbrauchersicht der Kurswechsel in der Agrarpolitik ganz oben auf der Priorit\u00e4tenliste stehen m\u00fcsse. \u201eRund die H\u00e4lfte Deutschlands wird landwirtschaftlich genutzt. Auf Millionen Hektar hat hier eine fehlgeleitete Subventionspolitik dazu gef\u00fchrt, dass Fl\u00e4chen immer intensiver genutzt werden, Insekten rasend schnell verschwinden und Grundwasser verschmutzt wird. Es ist an der Zeit, dass die Bundesregierung diese Alarmsignale anerkennt und die Agrar-Lobby ihr kurzsichtiges Festhalten am Status Quo und dem Prinzip &#8218;wachse oder weiche&#8216; aufgibt. Am Ende sind es auch die Bauern, die auf eine intakte Natur angewiesen sind, auf die Leistungen der Bienen und gesunde B\u00f6den. Die Agrarwende muss daher im Interesse von Landwirten und Verbrauchern gleicherma\u00dfen liegen. Mit ihr muss eine deutlich bessere F\u00f6rderung der wichtigen Naturschutzleistungen der Landwirte einhergehen.\u201c<\/p>\n<p>Angesichts knapper werdender Ressourcen und umweltsch\u00e4dlicher Subventionen von \u00fcber 57\u00a0Milliarden Euro in den vergangenen Jahren sprechen sich die Verb\u00e4nde zudem f\u00fcr eine nachhaltige Finanzreform aus. Am effektivsten sei diese, wenn sich Steuern und Abgaben am Verursacherprinzip orientieren. Dar\u00fcber hinaus sollten Subventionen f\u00fcr fossile Energietr\u00e4ger und der Steuervorteil f\u00fcr Dieselfahrzeuge zur\u00fcckgenommen werden, um dem Staat finanzielle Freir\u00e4ume f\u00fcr den Klimaschutz und den sozialen Ausgleich zu verschaffen.<\/p>\n<p>Um das Klimaziel f\u00fcr das Jahr 2020 noch zu halten, sei es n\u00f6tig, endlich aus der sch\u00e4dlichen Kohleverstromung auszusteigen und einen sozial gerechten Strukturwandel in den Braunkohleregionen einzuleiten. Der Ausbau der erneuerbaren Energien m\u00fcsse vorangetrieben werden, ohne den Naturschutz zu vernachl\u00e4ssigen. \u201eDie Klimaschutzbilanz der aktuellen Bundesregierung ist verheerend: Wenn jetzt nichts geschieht, wird das Klimaziel f\u00fcr 2020 weit verfehlt. Deutschland verbrennt mehr schmutzige Braunkohle als jedes andere Land der Welt und unser CO2-Aussto\u00df ist seit 2009 nicht gesunken. Damit die Bundesregierung international glaubw\u00fcrdig f\u00fcr den Klimaschutz k\u00e4mpfen kann, muss sie endlich auch zu Hause handeln. Deutschland braucht ein Sofortprogramm Klimaschutz 2020 &#8211; mit dem Kohleausstieg im Mittelpunkt\u201c, sagte Christoph Heinrich, Vorstand Naturschutz beim WWF Deutschland.<\/p>\n<p>Die Verb\u00e4nde fordern die neue Bundesregierung auf, die Gesundheit und Lebensqualit\u00e4t der Menschen in den Mittelpunkt einer Verkehrswende zu stellen und auch im Verkehrsbereich einen Beitrag zum Klimaschutz zu leisten. \u201eDie Bundesregierung muss heute den Ausstieg aus dem Verbrennungsmotor planen, damit die deutschen Autokonzerne auch \u00fcbermorgen noch ein Gesch\u00e4ftsmodell haben. Mobilit\u00e4t muss k\u00fcnftig ohne \u00d6l auskommen. Nur so leisten die Hersteller einen Beitrag zum Klimaschutz und zu besserer Luft in unseren St\u00e4dten\u201c, sagt Greenpeace-Gesch\u00e4ftsf\u00fchrerin Sweelin Heuss.<\/p>\n","protected":false},"excerpt":{"rendered":"<p>05.09.2017 &#8211; GEMEINSAME PRESSEMITTEILUNG VON BUND, NABU, GREENPEACE, WWF UND DNR Der Umweltdachverband Deutscher Naturschutzring (DNR) hat gemeinsam mit dem Bund f\u00fcr Umwelt und Naturschutz Deutschland (BUND), dem Naturschutzbund Deutschland (NABU), Greenpeace und WWF Deutschland eine Bilanz der Umweltpolitik in&hellip;<\/p>\n","protected":false},"author":1097,"featured_media":514294,"comment_status":"closed","ping_status":"closed","sticky":false,"template":"","format":"standard","meta":{"footnotes":""},"categories":[9150,9157,9168,9145,9158],"tags":[40034,12132,19147,30246,39704,9480,19348,30463,40037,40036],"class_list":["post-514292","post","type-post","status-publish","format-standard","has-post-thumbnail","hentry","category-europa-de","category-oekologie-und-umwelt","category-politik","category-pressemitteilungen","category-wirtschaft","tag-agrarpolitik","tag-bundesregierung","tag-co2-ausstoss","tag-klimaschutz","tag-kohleausstieg","tag-landwirtschaft","tag-massentierhaltung","tag-tiere","tag-umweltverbaende","tag-verkehrspolitik"],"yoast_head":"<!-- This site is optimized with the Yoast SEO plugin v27.1.1 - https:\/\/yoast.com\/product\/yoast-seo-wordpress\/ -->\n<title>Bilanz der Umweltverb\u00e4nde: Verkehrs-, Agrar- und Klimapolitik unter Kanzlerin Merkel ohne Weitblick<\/title>\n<meta name=\"description\" content=\"05.09.2017 - GEMEINSAME PRESSEMITTEILUNG VON BUND, NABU, GREENPEACE, WWF UND DNR Der Umweltdachverband Deutscher Naturschutzring (DNR) hat gemeinsam mit\" \/>\n<meta name=\"robots\" content=\"index, follow, max-snippet:-1, max-image-preview:large, max-video-preview:-1\" \/>\n<link rel=\"canonical\" href=\"https:\/\/www.pressenza.com\/de\/2017\/09\/bilanz-der-umweltverbaende-verkehrs-agrar-und-klimapolitik-unter-kanzlerin-merkel-ohne-weitblick\/\" \/>\n<meta property=\"og:locale\" content=\"de_DE\" \/>\n<meta property=\"og:type\" content=\"article\" \/>\n<meta property=\"og:title\" content=\"Bilanz der Umweltverb\u00e4nde: Verkehrs-, Agrar- und Klimapolitik unter Kanzlerin Merkel ohne Weitblick\" \/>\n<meta property=\"og:description\" content=\"05.09.2017 - GEMEINSAME PRESSEMITTEILUNG VON BUND, NABU, GREENPEACE, WWF UND DNR Der Umweltdachverband Deutscher Naturschutzring (DNR) hat gemeinsam mit\" \/>\n<meta property=\"og:url\" content=\"https:\/\/www.pressenza.com\/de\/2017\/09\/bilanz-der-umweltverbaende-verkehrs-agrar-und-klimapolitik-unter-kanzlerin-merkel-ohne-weitblick\/\" \/>\n<meta property=\"og:site_name\" content=\"Pressenza\" \/>\n<meta property=\"article:publisher\" content=\"https:\/\/www.facebook.com\/PressenzaItalia\" \/>\n<meta property=\"article:author\" content=\"https:\/\/www.facebook.com\/Pressenza-Deutschland-sterreich-Schweiz-281675388658060\/timeline\/\" \/>\n<meta property=\"article:published_time\" content=\"2017-09-06T11:43:59+00:00\" \/>\n<meta property=\"article:modified_time\" content=\"2019-04-17T14:01:12+00:00\" \/>\n<meta property=\"og:image\" content=\"https:\/\/www.pressenza.com\/wp-content\/uploads\/2017\/09\/Foto_Feld_3.jpg\" \/>\n\t<meta property=\"og:image:width\" content=\"2048\" \/>\n\t<meta property=\"og:image:height\" content=\"1245\" \/>\n\t<meta property=\"og:image:type\" content=\"image\/jpeg\" \/>\n<meta name=\"author\" content=\"Pressenza Muenchen\" \/>\n<meta name=\"twitter:card\" content=\"summary_large_image\" \/>\n<meta name=\"twitter:creator\" content=\"@pressenza_ger\" \/>\n<meta name=\"twitter:site\" content=\"@PressenzaIPA\" \/>\n<meta name=\"twitter:label1\" content=\"Verfasst von\" \/>\n\t<meta name=\"twitter:data1\" content=\"Pressenza Muenchen\" \/>\n\t<meta name=\"twitter:label2\" content=\"Gesch\u00e4tzte Lesezeit\" \/>\n\t<meta name=\"twitter:data2\" content=\"4\u00a0Minuten\" \/>\n<script type=\"application\/ld+json\" class=\"yoast-schema-graph\">{\"@context\":\"https:\/\/schema.org\",\"@graph\":[{\"@type\":\"Article\",\"@id\":\"https:\/\/www.pressenza.com\/de\/2017\/09\/bilanz-der-umweltverbaende-verkehrs-agrar-und-klimapolitik-unter-kanzlerin-merkel-ohne-weitblick\/#article\",\"isPartOf\":{\"@id\":\"https:\/\/www.pressenza.com\/de\/2017\/09\/bilanz-der-umweltverbaende-verkehrs-agrar-und-klimapolitik-unter-kanzlerin-merkel-ohne-weitblick\/\"},\"author\":{\"name\":\"Pressenza Muenchen\",\"@id\":\"https:\/\/www.pressenza.com\/de\/#\/schema\/person\/0069724cfb2cb9785368a167d0d900b7\"},\"headline\":\"Bilanz der Umweltverb\u00e4nde: Verkehrs-, Agrar- und Klimapolitik unter Kanzlerin Merkel ohne Weitblick\",\"datePublished\":\"2017-09-06T11:43:59+00:00\",\"dateModified\":\"2019-04-17T14:01:12+00:00\",\"mainEntityOfPage\":{\"@id\":\"https:\/\/www.pressenza.com\/de\/2017\/09\/bilanz-der-umweltverbaende-verkehrs-agrar-und-klimapolitik-unter-kanzlerin-merkel-ohne-weitblick\/\"},\"wordCount\":757,\"publisher\":{\"@id\":\"https:\/\/www.pressenza.com\/de\/#organization\"},\"image\":{\"@id\":\"https:\/\/www.pressenza.com\/de\/2017\/09\/bilanz-der-umweltverbaende-verkehrs-agrar-und-klimapolitik-unter-kanzlerin-merkel-ohne-weitblick\/#primaryimage\"},\"thumbnailUrl\":\"https:\/\/www.pressenza.com\/wp-content\/uploads\/2017\/09\/Foto_Feld_3.jpg\",\"keywords\":[\"Agrarpolitik\",\"Bundesregierung\",\"CO2-Ausstoss\",\"Klimaschutz\",\"Kohleausstieg\",\"Landwirtschaft\",\"Massentierhaltung\",\"Tiere\",\"Umweltverb\u00e4nde\",\"Verkehrspolitik\"],\"articleSection\":[\"Europa\",\"\u00d6kologie und Umwelt\",\"Politik\",\"Pressemitteilungen\",\"Wirtschaft\"],\"inLanguage\":\"de\"},{\"@type\":\"WebPage\",\"@id\":\"https:\/\/www.pressenza.com\/de\/2017\/09\/bilanz-der-umweltverbaende-verkehrs-agrar-und-klimapolitik-unter-kanzlerin-merkel-ohne-weitblick\/\",\"url\":\"https:\/\/www.pressenza.com\/de\/2017\/09\/bilanz-der-umweltverbaende-verkehrs-agrar-und-klimapolitik-unter-kanzlerin-merkel-ohne-weitblick\/\",\"name\":\"Bilanz der Umweltverb\u00e4nde: Verkehrs-, Agrar- und Klimapolitik unter Kanzlerin Merkel ohne Weitblick\",\"isPartOf\":{\"@id\":\"https:\/\/www.pressenza.com\/de\/#website\"},\"primaryImageOfPage\":{\"@id\":\"https:\/\/www.pressenza.com\/de\/2017\/09\/bilanz-der-umweltverbaende-verkehrs-agrar-und-klimapolitik-unter-kanzlerin-merkel-ohne-weitblick\/#primaryimage\"},\"image\":{\"@id\":\"https:\/\/www.pressenza.com\/de\/2017\/09\/bilanz-der-umweltverbaende-verkehrs-agrar-und-klimapolitik-unter-kanzlerin-merkel-ohne-weitblick\/#primaryimage\"},\"thumbnailUrl\":\"https:\/\/www.pressenza.com\/wp-content\/uploads\/2017\/09\/Foto_Feld_3.jpg\",\"datePublished\":\"2017-09-06T11:43:59+00:00\",\"dateModified\":\"2019-04-17T14:01:12+00:00\",\"description\":\"05.09.2017 - GEMEINSAME PRESSEMITTEILUNG VON BUND, NABU, GREENPEACE, WWF UND DNR Der Umweltdachverband Deutscher Naturschutzring (DNR) hat gemeinsam mit\",\"breadcrumb\":{\"@id\":\"https:\/\/www.pressenza.com\/de\/2017\/09\/bilanz-der-umweltverbaende-verkehrs-agrar-und-klimapolitik-unter-kanzlerin-merkel-ohne-weitblick\/#breadcrumb\"},\"inLanguage\":\"de\",\"potentialAction\":[{\"@type\":\"ReadAction\",\"target\":[\"https:\/\/www.pressenza.com\/de\/2017\/09\/bilanz-der-umweltverbaende-verkehrs-agrar-und-klimapolitik-unter-kanzlerin-merkel-ohne-weitblick\/\"]}]},{\"@type\":\"ImageObject\",\"inLanguage\":\"de\",\"@id\":\"https:\/\/www.pressenza.com\/de\/2017\/09\/bilanz-der-umweltverbaende-verkehrs-agrar-und-klimapolitik-unter-kanzlerin-merkel-ohne-weitblick\/#primaryimage\",\"url\":\"https:\/\/www.pressenza.com\/wp-content\/uploads\/2017\/09\/Foto_Feld_3.jpg\",\"contentUrl\":\"https:\/\/www.pressenza.com\/wp-content\/uploads\/2017\/09\/Foto_Feld_3.jpg\",\"width\":2048,\"height\":1245},{\"@type\":\"BreadcrumbList\",\"@id\":\"https:\/\/www.pressenza.com\/de\/2017\/09\/bilanz-der-umweltverbaende-verkehrs-agrar-und-klimapolitik-unter-kanzlerin-merkel-ohne-weitblick\/#breadcrumb\",\"itemListElement\":[{\"@type\":\"ListItem\",\"position\":1,\"name\":\"Accueil\",\"item\":\"https:\/\/www.pressenza.com\/de\/\"},{\"@type\":\"ListItem\",\"position\":2,\"name\":\"Bilanz der Umweltverb\u00e4nde: Verkehrs-, Agrar- und Klimapolitik unter Kanzlerin Merkel ohne Weitblick\"}]},{\"@type\":\"WebSite\",\"@id\":\"https:\/\/www.pressenza.com\/de\/#website\",\"url\":\"https:\/\/www.pressenza.com\/de\/\",\"name\":\"Pressenza\",\"description\":\"International Press Agency\",\"publisher\":{\"@id\":\"https:\/\/www.pressenza.com\/de\/#organization\"},\"potentialAction\":[{\"@type\":\"SearchAction\",\"target\":{\"@type\":\"EntryPoint\",\"urlTemplate\":\"https:\/\/www.pressenza.com\/de\/?s={search_term_string}\"},\"query-input\":{\"@type\":\"PropertyValueSpecification\",\"valueRequired\":true,\"valueName\":\"search_term_string\"}}],\"inLanguage\":\"de\"},{\"@type\":\"Organization\",\"@id\":\"https:\/\/www.pressenza.com\/de\/#organization\",\"name\":\"Pressenza\",\"url\":\"https:\/\/www.pressenza.com\/de\/\",\"logo\":{\"@type\":\"ImageObject\",\"inLanguage\":\"de\",\"@id\":\"https:\/\/www.pressenza.com\/de\/#\/schema\/logo\/image\/\",\"url\":\"https:\/\/www.pressenza.com\/wp-content\/uploads\/2022\/10\/pressenza_logo_200x200.jpg\",\"contentUrl\":\"https:\/\/www.pressenza.com\/wp-content\/uploads\/2022\/10\/pressenza_logo_200x200.jpg\",\"width\":200,\"height\":200,\"caption\":\"Pressenza\"},\"image\":{\"@id\":\"https:\/\/www.pressenza.com\/de\/#\/schema\/logo\/image\/\"},\"sameAs\":[\"https:\/\/www.facebook.com\/PressenzaItalia\",\"https:\/\/x.com\/PressenzaIPA\"]},{\"@type\":\"Person\",\"@id\":\"https:\/\/www.pressenza.com\/de\/#\/schema\/person\/0069724cfb2cb9785368a167d0d900b7\",\"name\":\"Pressenza Muenchen\",\"description\":\"News from the Pressenza bureau in Munich, Germany\",\"sameAs\":[\"https:\/\/www.facebook.com\/Pressenza-Deutschland-sterreich-Schweiz-281675388658060\/timeline\/\",\"https:\/\/x.com\/pressenza_ger\"],\"url\":\"https:\/\/www.pressenza.com\/de\/author\/pressenza-muenchen\/\"}]}<\/script>\n<!-- \/ Yoast SEO plugin. -->","yoast_head_json":{"title":"Bilanz der Umweltverb\u00e4nde: Verkehrs-, Agrar- und Klimapolitik unter Kanzlerin Merkel ohne Weitblick","description":"05.09.2017 - GEMEINSAME PRESSEMITTEILUNG VON BUND, NABU, GREENPEACE, WWF UND DNR Der Umweltdachverband Deutscher Naturschutzring (DNR) hat gemeinsam mit","robots":{"index":"index","follow":"follow","max-snippet":"max-snippet:-1","max-image-preview":"max-image-preview:large","max-video-preview":"max-video-preview:-1"},"canonical":"https:\/\/www.pressenza.com\/de\/2017\/09\/bilanz-der-umweltverbaende-verkehrs-agrar-und-klimapolitik-unter-kanzlerin-merkel-ohne-weitblick\/","og_locale":"de_DE","og_type":"article","og_title":"Bilanz der Umweltverb\u00e4nde: Verkehrs-, Agrar- und Klimapolitik unter Kanzlerin Merkel ohne Weitblick","og_description":"05.09.2017 - GEMEINSAME PRESSEMITTEILUNG VON BUND, NABU, GREENPEACE, WWF UND DNR Der Umweltdachverband Deutscher Naturschutzring (DNR) hat gemeinsam mit","og_url":"https:\/\/www.pressenza.com\/de\/2017\/09\/bilanz-der-umweltverbaende-verkehrs-agrar-und-klimapolitik-unter-kanzlerin-merkel-ohne-weitblick\/","og_site_name":"Pressenza","article_publisher":"https:\/\/www.facebook.com\/PressenzaItalia","article_author":"https:\/\/www.facebook.com\/Pressenza-Deutschland-sterreich-Schweiz-281675388658060\/timeline\/","article_published_time":"2017-09-06T11:43:59+00:00","article_modified_time":"2019-04-17T14:01:12+00:00","og_image":[{"width":2048,"height":1245,"url":"https:\/\/www.pressenza.com\/wp-content\/uploads\/2017\/09\/Foto_Feld_3.jpg","type":"image\/jpeg"}],"author":"Pressenza Muenchen","twitter_card":"summary_large_image","twitter_creator":"@pressenza_ger","twitter_site":"@PressenzaIPA","twitter_misc":{"Verfasst von":"Pressenza Muenchen","Gesch\u00e4tzte Lesezeit":"4\u00a0Minuten"},"schema":{"@context":"https:\/\/schema.org","@graph":[{"@type":"Article","@id":"https:\/\/www.pressenza.com\/de\/2017\/09\/bilanz-der-umweltverbaende-verkehrs-agrar-und-klimapolitik-unter-kanzlerin-merkel-ohne-weitblick\/#article","isPartOf":{"@id":"https:\/\/www.pressenza.com\/de\/2017\/09\/bilanz-der-umweltverbaende-verkehrs-agrar-und-klimapolitik-unter-kanzlerin-merkel-ohne-weitblick\/"},"author":{"name":"Pressenza Muenchen","@id":"https:\/\/www.pressenza.com\/de\/#\/schema\/person\/0069724cfb2cb9785368a167d0d900b7"},"headline":"Bilanz der Umweltverb\u00e4nde: Verkehrs-, Agrar- und Klimapolitik unter Kanzlerin Merkel ohne Weitblick","datePublished":"2017-09-06T11:43:59+00:00","dateModified":"2019-04-17T14:01:12+00:00","mainEntityOfPage":{"@id":"https:\/\/www.pressenza.com\/de\/2017\/09\/bilanz-der-umweltverbaende-verkehrs-agrar-und-klimapolitik-unter-kanzlerin-merkel-ohne-weitblick\/"},"wordCount":757,"publisher":{"@id":"https:\/\/www.pressenza.com\/de\/#organization"},"image":{"@id":"https:\/\/www.pressenza.com\/de\/2017\/09\/bilanz-der-umweltverbaende-verkehrs-agrar-und-klimapolitik-unter-kanzlerin-merkel-ohne-weitblick\/#primaryimage"},"thumbnailUrl":"https:\/\/www.pressenza.com\/wp-content\/uploads\/2017\/09\/Foto_Feld_3.jpg","keywords":["Agrarpolitik","Bundesregierung","CO2-Ausstoss","Klimaschutz","Kohleausstieg","Landwirtschaft","Massentierhaltung","Tiere","Umweltverb\u00e4nde","Verkehrspolitik"],"articleSection":["Europa","\u00d6kologie und Umwelt","Politik","Pressemitteilungen","Wirtschaft"],"inLanguage":"de"},{"@type":"WebPage","@id":"https:\/\/www.pressenza.com\/de\/2017\/09\/bilanz-der-umweltverbaende-verkehrs-agrar-und-klimapolitik-unter-kanzlerin-merkel-ohne-weitblick\/","url":"https:\/\/www.pressenza.com\/de\/2017\/09\/bilanz-der-umweltverbaende-verkehrs-agrar-und-klimapolitik-unter-kanzlerin-merkel-ohne-weitblick\/","name":"Bilanz der Umweltverb\u00e4nde: Verkehrs-, Agrar- und Klimapolitik unter Kanzlerin Merkel ohne Weitblick","isPartOf":{"@id":"https:\/\/www.pressenza.com\/de\/#website"},"primaryImageOfPage":{"@id":"https:\/\/www.pressenza.com\/de\/2017\/09\/bilanz-der-umweltverbaende-verkehrs-agrar-und-klimapolitik-unter-kanzlerin-merkel-ohne-weitblick\/#primaryimage"},"image":{"@id":"https:\/\/www.pressenza.com\/de\/2017\/09\/bilanz-der-umweltverbaende-verkehrs-agrar-und-klimapolitik-unter-kanzlerin-merkel-ohne-weitblick\/#primaryimage"},"thumbnailUrl":"https:\/\/www.pressenza.com\/wp-content\/uploads\/2017\/09\/Foto_Feld_3.jpg","datePublished":"2017-09-06T11:43:59+00:00","dateModified":"2019-04-17T14:01:12+00:00","description":"05.09.2017 - GEMEINSAME PRESSEMITTEILUNG VON BUND, NABU, GREENPEACE, WWF UND DNR Der Umweltdachverband Deutscher Naturschutzring (DNR) hat gemeinsam mit","breadcrumb":{"@id":"https:\/\/www.pressenza.com\/de\/2017\/09\/bilanz-der-umweltverbaende-verkehrs-agrar-und-klimapolitik-unter-kanzlerin-merkel-ohne-weitblick\/#breadcrumb"},"inLanguage":"de","potentialAction":[{"@type":"ReadAction","target":["https:\/\/www.pressenza.com\/de\/2017\/09\/bilanz-der-umweltverbaende-verkehrs-agrar-und-klimapolitik-unter-kanzlerin-merkel-ohne-weitblick\/"]}]},{"@type":"ImageObject","inLanguage":"de","@id":"https:\/\/www.pressenza.com\/de\/2017\/09\/bilanz-der-umweltverbaende-verkehrs-agrar-und-klimapolitik-unter-kanzlerin-merkel-ohne-weitblick\/#primaryimage","url":"https:\/\/www.pressenza.com\/wp-content\/uploads\/2017\/09\/Foto_Feld_3.jpg","contentUrl":"https:\/\/www.pressenza.com\/wp-content\/uploads\/2017\/09\/Foto_Feld_3.jpg","width":2048,"height":1245},{"@type":"BreadcrumbList","@id":"https:\/\/www.pressenza.com\/de\/2017\/09\/bilanz-der-umweltverbaende-verkehrs-agrar-und-klimapolitik-unter-kanzlerin-merkel-ohne-weitblick\/#breadcrumb","itemListElement":[{"@type":"ListItem","position":1,"name":"Accueil","item":"https:\/\/www.pressenza.com\/de\/"},{"@type":"ListItem","position":2,"name":"Bilanz der Umweltverb\u00e4nde: Verkehrs-, Agrar- und Klimapolitik unter Kanzlerin Merkel ohne Weitblick"}]},{"@type":"WebSite","@id":"https:\/\/www.pressenza.com\/de\/#website","url":"https:\/\/www.pressenza.com\/de\/","name":"Pressenza","description":"International Press Agency","publisher":{"@id":"https:\/\/www.pressenza.com\/de\/#organization"},"potentialAction":[{"@type":"SearchAction","target":{"@type":"EntryPoint","urlTemplate":"https:\/\/www.pressenza.com\/de\/?s={search_term_string}"},"query-input":{"@type":"PropertyValueSpecification","valueRequired":true,"valueName":"search_term_string"}}],"inLanguage":"de"},{"@type":"Organization","@id":"https:\/\/www.pressenza.com\/de\/#organization","name":"Pressenza","url":"https:\/\/www.pressenza.com\/de\/","logo":{"@type":"ImageObject","inLanguage":"de","@id":"https:\/\/www.pressenza.com\/de\/#\/schema\/logo\/image\/","url":"https:\/\/www.pressenza.com\/wp-content\/uploads\/2022\/10\/pressenza_logo_200x200.jpg","contentUrl":"https:\/\/www.pressenza.com\/wp-content\/uploads\/2022\/10\/pressenza_logo_200x200.jpg","width":200,"height":200,"caption":"Pressenza"},"image":{"@id":"https:\/\/www.pressenza.com\/de\/#\/schema\/logo\/image\/"},"sameAs":["https:\/\/www.facebook.com\/PressenzaItalia","https:\/\/x.com\/PressenzaIPA"]},{"@type":"Person","@id":"https:\/\/www.pressenza.com\/de\/#\/schema\/person\/0069724cfb2cb9785368a167d0d900b7","name":"Pressenza Muenchen","description":"News from the Pressenza bureau in Munich, Germany","sameAs":["https:\/\/www.facebook.com\/Pressenza-Deutschland-sterreich-Schweiz-281675388658060\/timeline\/","https:\/\/x.com\/pressenza_ger"],"url":"https:\/\/www.pressenza.com\/de\/author\/pressenza-muenchen\/"}]}},"place":"Deutscher Naturschutzring","original_article_url":"https:\/\/www.dnr.de\/presse\/pm-2017\/bilanz-der-umweltverbaende-verkehrs-agrar-und-klimapolitik-unter-kanzlerin-merkel-ohne-weitblick\/","_links":{"self":[{"href":"https:\/\/www.pressenza.com\/de\/wp-json\/wp\/v2\/posts\/514292","targetHints":{"allow":["GET"]}}],"collection":[{"href":"https:\/\/www.pressenza.com\/de\/wp-json\/wp\/v2\/posts"}],"about":[{"href":"https:\/\/www.pressenza.com\/de\/wp-json\/wp\/v2\/types\/post"}],"author":[{"embeddable":true,"href":"https:\/\/www.pressenza.com\/de\/wp-json\/wp\/v2\/users\/1097"}],"replies":[{"embeddable":true,"href":"https:\/\/www.pressenza.com\/de\/wp-json\/wp\/v2\/comments?post=514292"}],"version-history":[{"count":0,"href":"https:\/\/www.pressenza.com\/de\/wp-json\/wp\/v2\/posts\/514292\/revisions"}],"wp:featuredmedia":[{"embeddable":true,"href":"https:\/\/www.pressenza.com\/de\/wp-json\/wp\/v2\/media\/514294"}],"wp:attachment":[{"href":"https:\/\/www.pressenza.com\/de\/wp-json\/wp\/v2\/media?parent=514292"}],"wp:term":[{"taxonomy":"category","embeddable":true,"href":"https:\/\/www.pressenza.com\/de\/wp-json\/wp\/v2\/categories?post=514292"},{"taxonomy":"post_tag","embeddable":true,"href":"https:\/\/www.pressenza.com\/de\/wp-json\/wp\/v2\/tags?post=514292"}],"curies":[{"name":"wp","href":"https:\/\/api.w.org\/{rel}","templated":true}]}}