{"id":510839,"date":"2017-08-30T17:10:44","date_gmt":"2017-08-30T16:10:44","guid":{"rendered":"https:\/\/www.pressenza.com\/?p=510839\/"},"modified":"2017-08-30T17:13:38","modified_gmt":"2017-08-30T16:13:38","slug":"gegen-abschottung-die-meisten-jungen-menschen-sind-fuer-eine-offene-fluechtlingspolitik","status":"publish","type":"post","link":"https:\/\/www.pressenza.com\/de\/2017\/08\/gegen-abschottung-die-meisten-jungen-menschen-sind-fuer-eine-offene-fluechtlingspolitik\/","title":{"rendered":"Gegen Abschottung: Die meisten jungen Menschen sind f\u00fcr eine offene Fl\u00fcchtlingspolitik"},"content":{"rendered":"<p><strong>Eine neue Studie des World Economic Forums (WEF) zeigt: Entgegen der Abschottungspolitik vieler Regierungen empf\u00e4ngt die \u00fcberwiegende Mehrheit junger Menschen auf der Welt Fl\u00fcchtlinge weiterhin mit offenen Armen.<\/strong><\/p>\n<p>Gem\u00e4ss dem <a href=\"https:\/\/www.amnesty.ch\/de\/themen\/asyl-und-migration\/dok\/2017\/wef-survey-gegen-abschottung-fluechtlinge\/wef-shaperssurvey2017_full-report_24aug.pdf\" target=\"_blank\" rel=\"noopener noreferrer\" data-val=\"9cbdf4030946495cac350f243bd7b5e7\" data-linktype=\"internal\">Global Shapers Annual Survey<\/a> des WEF begr\u00fcssen 72,6 Prozent der 18-35-J\u00e4hrigen die Aufnahme von Fl\u00fcchtlingen in ihrem Land. Mehr als ein Viertel (27,3 Prozent) w\u00fcrde sogar Fl\u00fcchtlinge bei sich zuhause aufnehmen.<\/p>\n<p>\u00abReiche L\u00e4nder und ihre Regierungen haben Fl\u00fcchtlingen wiederholt die T\u00fcre vor der Nase zugeschlagen, mit der Begr\u00fcndung, man k\u00f6nne ihnen nicht helfen. Die WEF-Umfrage zeigt, dass junge Menschen diese Haltung nicht teilen und best\u00fcrzt sind \u00fcber die herzlose Politik ihrer Regierungen\u00bb, sagt Amnesty-Generalsekret\u00e4r Salil Shetty.<\/p>\n<p>\u00abKnapp zwei Jahre nachdem das tragische Foto des toten Alan Kurdi die Welt schockierte, halten viele Regierungen nicht einmal ihre armseligen Resettlement-Versprechen ein. 2017 droht das t\u00f6dlichste Jahr f\u00fcr Migranten und Fl\u00fcchtlinge auf der zentralen Mittelmeerroute zu werden. Das alles m\u00fcsste nicht sein. Viel zu oft stehen Politik und Gesetz im Widerspruch zum Mitgef\u00fchl der B\u00fcrgerinnen und B\u00fcrger.\u00bb<\/p>\n<p><strong>USA: 85 Prozent der Jungen sind gegen Trumps Rhetorik<\/strong><\/p>\n<p>Letztes Jahr hat Amnesty im Rahmen der iWelcome-Kampagne eine eigene globale Umfrage zur Aufnahmebereitschaft von Fl\u00fcchtlingen publiziert. Der \u00ab<a href=\"https:\/\/www.amnesty.ch\/de\/themen\/asyl-und-migration\/dok\/2017\/2016\/willkommens-index-fuer-fluechtlinge\" target=\"_blank\" rel=\"noopener noreferrer\" data-val=\"..\/2016\/willkommens-index-fuer-fluechtlinge\" data-linktype=\"external\">Willkommens-Index f\u00fcr Fl\u00fcchtlinge<\/a>\u00bb hatte ergeben, dass vier von f\u00fcnf Menschen weltweit Fl\u00fcchtlinge mit offenen Armen empfangen. Die WEF-Umfrage zeigt, dass sich an dieser Bereitschaft seither wenig ge\u00e4ndert hat.<\/p>\n<p>Beachtenswert sind unter anderem die Ergebnisse aus den USA, wo sich 85 Prozent der Jungen f\u00fcr die Aufnahme von Fl\u00fcchtlingen aussprechen \u2013 eine Zunahme von 10 Prozent gegen\u00fcber der letztj\u00e4hrigen WEF-Erhebung. \u00abEs ist sehr ermutigend zu sehen, dass sich so viele junge Menschen gegen die hasserf\u00fcllte Anti-Fl\u00fcchtlingsrhetorik ihres Pr\u00e4sidenten stellen. Die Umfrage zeigt, wie wichtig es ist, auf die Stimmen der Jungen zu h\u00f6ren\u00bb, kommentiert Salil Shetty.<\/p>\n","protected":false},"excerpt":{"rendered":"<p>Eine neue Studie des World Economic Forums (WEF) zeigt: Entgegen der Abschottungspolitik vieler Regierungen empf\u00e4ngt die \u00fcberwiegende Mehrheit junger Menschen auf der Welt Fl\u00fcchtlinge weiterhin mit offenen Armen. Gem\u00e4ss dem Global Shapers Annual Survey des WEF begr\u00fcssen 72,6 Prozent der&hellip;<\/p>\n","protected":false},"author":432,"featured_media":510840,"comment_status":"closed","ping_status":"closed","sticky":false,"template":"","format":"standard","meta":{"footnotes":""},"categories":[7835,9161,9145],"tags":[39861,12353,39862],"class_list":["post-510839","post","type-post","status-publish","format-standard","has-post-thumbnail","hentry","category-international-de","category-menschenrechte","category-pressemitteilungen","tag-abschottungspolitik","tag-fluechtlingspolitik","tag-world-economic-forums"],"yoast_head":"<!-- This site is optimized with the Yoast SEO plugin v27.1.1 - https:\/\/yoast.com\/product\/yoast-seo-wordpress\/ -->\n<title>Gegen Abschottung: Die meisten jungen Menschen sind f\u00fcr eine offene Fl\u00fcchtlingspolitik<\/title>\n<meta name=\"description\" content=\"Eine neue Studie des World Economic Forums (WEF) zeigt: Entgegen der Abschottungspolitik vieler Regierungen empf\u00e4ngt die \u00fcberwiegende Mehrheit junger\" \/>\n<meta name=\"robots\" content=\"index, follow, max-snippet:-1, max-image-preview:large, max-video-preview:-1\" \/>\n<link rel=\"canonical\" href=\"https:\/\/www.pressenza.com\/de\/2017\/08\/gegen-abschottung-die-meisten-jungen-menschen-sind-fuer-eine-offene-fluechtlingspolitik\/\" \/>\n<meta property=\"og:locale\" content=\"de_DE\" \/>\n<meta property=\"og:type\" content=\"article\" \/>\n<meta property=\"og:title\" content=\"Gegen Abschottung: Die meisten jungen Menschen sind f\u00fcr eine offene Fl\u00fcchtlingspolitik\" \/>\n<meta property=\"og:description\" content=\"Eine neue Studie des World Economic Forums (WEF) zeigt: Entgegen der Abschottungspolitik vieler Regierungen empf\u00e4ngt die \u00fcberwiegende Mehrheit junger\" \/>\n<meta property=\"og:url\" content=\"https:\/\/www.pressenza.com\/de\/2017\/08\/gegen-abschottung-die-meisten-jungen-menschen-sind-fuer-eine-offene-fluechtlingspolitik\/\" \/>\n<meta property=\"og:site_name\" content=\"Pressenza\" \/>\n<meta property=\"article:publisher\" content=\"https:\/\/www.facebook.com\/PressenzaItalia\" \/>\n<meta property=\"article:author\" content=\"https:\/\/www.facebook.com\/amnestyglobal\" \/>\n<meta property=\"article:published_time\" content=\"2017-08-30T16:10:44+00:00\" \/>\n<meta property=\"article:modified_time\" content=\"2017-08-30T16:13:38+00:00\" \/>\n<meta property=\"og:image\" content=\"https:\/\/www.pressenza.com\/wp-content\/uploads\/2017\/08\/0ad91af7-6a54-41c6-a22e-dadeed5edd54.jpeg\" \/>\n\t<meta property=\"og:image:width\" content=\"830\" \/>\n\t<meta property=\"og:image:height\" content=\"415\" \/>\n\t<meta property=\"og:image:type\" content=\"image\/jpeg\" \/>\n<meta name=\"author\" content=\"Amnesty International\" \/>\n<meta name=\"twitter:card\" content=\"summary_large_image\" \/>\n<meta name=\"twitter:creator\" content=\"@amnesty\" \/>\n<meta name=\"twitter:site\" content=\"@PressenzaIPA\" \/>\n<meta name=\"twitter:label1\" content=\"Verfasst von\" \/>\n\t<meta name=\"twitter:data1\" content=\"Amnesty International\" \/>\n\t<meta name=\"twitter:label2\" content=\"Gesch\u00e4tzte Lesezeit\" \/>\n\t<meta name=\"twitter:data2\" content=\"2\u00a0Minuten\" \/>\n<script type=\"application\/ld+json\" class=\"yoast-schema-graph\">{\"@context\":\"https:\/\/schema.org\",\"@graph\":[{\"@type\":\"Article\",\"@id\":\"https:\/\/www.pressenza.com\/de\/2017\/08\/gegen-abschottung-die-meisten-jungen-menschen-sind-fuer-eine-offene-fluechtlingspolitik\/#article\",\"isPartOf\":{\"@id\":\"https:\/\/www.pressenza.com\/de\/2017\/08\/gegen-abschottung-die-meisten-jungen-menschen-sind-fuer-eine-offene-fluechtlingspolitik\/\"},\"author\":{\"name\":\"Amnesty International\",\"@id\":\"https:\/\/www.pressenza.com\/de\/#\/schema\/person\/9b981b05c7ecf09292e6acb3223b2d9d\"},\"headline\":\"Gegen Abschottung: Die meisten jungen Menschen sind f\u00fcr eine offene Fl\u00fcchtlingspolitik\",\"datePublished\":\"2017-08-30T16:10:44+00:00\",\"dateModified\":\"2017-08-30T16:13:38+00:00\",\"mainEntityOfPage\":{\"@id\":\"https:\/\/www.pressenza.com\/de\/2017\/08\/gegen-abschottung-die-meisten-jungen-menschen-sind-fuer-eine-offene-fluechtlingspolitik\/\"},\"wordCount\":329,\"publisher\":{\"@id\":\"https:\/\/www.pressenza.com\/de\/#organization\"},\"image\":{\"@id\":\"https:\/\/www.pressenza.com\/de\/2017\/08\/gegen-abschottung-die-meisten-jungen-menschen-sind-fuer-eine-offene-fluechtlingspolitik\/#primaryimage\"},\"thumbnailUrl\":\"https:\/\/www.pressenza.com\/wp-content\/uploads\/2017\/08\/0ad91af7-6a54-41c6-a22e-dadeed5edd54.jpeg\",\"keywords\":[\"Abschottungspolitik\",\"Fl\u00fcchtlingspolitik\",\"World Economic Forums\"],\"articleSection\":[\"International\",\"Menschenrechte\",\"Pressemitteilungen\"],\"inLanguage\":\"de\"},{\"@type\":\"WebPage\",\"@id\":\"https:\/\/www.pressenza.com\/de\/2017\/08\/gegen-abschottung-die-meisten-jungen-menschen-sind-fuer-eine-offene-fluechtlingspolitik\/\",\"url\":\"https:\/\/www.pressenza.com\/de\/2017\/08\/gegen-abschottung-die-meisten-jungen-menschen-sind-fuer-eine-offene-fluechtlingspolitik\/\",\"name\":\"Gegen Abschottung: Die meisten jungen Menschen sind f\u00fcr eine offene Fl\u00fcchtlingspolitik\",\"isPartOf\":{\"@id\":\"https:\/\/www.pressenza.com\/de\/#website\"},\"primaryImageOfPage\":{\"@id\":\"https:\/\/www.pressenza.com\/de\/2017\/08\/gegen-abschottung-die-meisten-jungen-menschen-sind-fuer-eine-offene-fluechtlingspolitik\/#primaryimage\"},\"image\":{\"@id\":\"https:\/\/www.pressenza.com\/de\/2017\/08\/gegen-abschottung-die-meisten-jungen-menschen-sind-fuer-eine-offene-fluechtlingspolitik\/#primaryimage\"},\"thumbnailUrl\":\"https:\/\/www.pressenza.com\/wp-content\/uploads\/2017\/08\/0ad91af7-6a54-41c6-a22e-dadeed5edd54.jpeg\",\"datePublished\":\"2017-08-30T16:10:44+00:00\",\"dateModified\":\"2017-08-30T16:13:38+00:00\",\"description\":\"Eine neue Studie des World Economic Forums (WEF) zeigt: Entgegen der Abschottungspolitik vieler Regierungen empf\u00e4ngt die \u00fcberwiegende Mehrheit junger\",\"breadcrumb\":{\"@id\":\"https:\/\/www.pressenza.com\/de\/2017\/08\/gegen-abschottung-die-meisten-jungen-menschen-sind-fuer-eine-offene-fluechtlingspolitik\/#breadcrumb\"},\"inLanguage\":\"de\",\"potentialAction\":[{\"@type\":\"ReadAction\",\"target\":[\"https:\/\/www.pressenza.com\/de\/2017\/08\/gegen-abschottung-die-meisten-jungen-menschen-sind-fuer-eine-offene-fluechtlingspolitik\/\"]}]},{\"@type\":\"ImageObject\",\"inLanguage\":\"de\",\"@id\":\"https:\/\/www.pressenza.com\/de\/2017\/08\/gegen-abschottung-die-meisten-jungen-menschen-sind-fuer-eine-offene-fluechtlingspolitik\/#primaryimage\",\"url\":\"https:\/\/www.pressenza.com\/wp-content\/uploads\/2017\/08\/0ad91af7-6a54-41c6-a22e-dadeed5edd54.jpeg\",\"contentUrl\":\"https:\/\/www.pressenza.com\/wp-content\/uploads\/2017\/08\/0ad91af7-6a54-41c6-a22e-dadeed5edd54.jpeg\",\"width\":830,\"height\":415},{\"@type\":\"BreadcrumbList\",\"@id\":\"https:\/\/www.pressenza.com\/de\/2017\/08\/gegen-abschottung-die-meisten-jungen-menschen-sind-fuer-eine-offene-fluechtlingspolitik\/#breadcrumb\",\"itemListElement\":[{\"@type\":\"ListItem\",\"position\":1,\"name\":\"Accueil\",\"item\":\"https:\/\/www.pressenza.com\/de\/\"},{\"@type\":\"ListItem\",\"position\":2,\"name\":\"Gegen Abschottung: Die meisten jungen Menschen sind f\u00fcr eine offene Fl\u00fcchtlingspolitik\"}]},{\"@type\":\"WebSite\",\"@id\":\"https:\/\/www.pressenza.com\/de\/#website\",\"url\":\"https:\/\/www.pressenza.com\/de\/\",\"name\":\"Pressenza\",\"description\":\"International Press Agency\",\"publisher\":{\"@id\":\"https:\/\/www.pressenza.com\/de\/#organization\"},\"potentialAction\":[{\"@type\":\"SearchAction\",\"target\":{\"@type\":\"EntryPoint\",\"urlTemplate\":\"https:\/\/www.pressenza.com\/de\/?s={search_term_string}\"},\"query-input\":{\"@type\":\"PropertyValueSpecification\",\"valueRequired\":true,\"valueName\":\"search_term_string\"}}],\"inLanguage\":\"de\"},{\"@type\":\"Organization\",\"@id\":\"https:\/\/www.pressenza.com\/de\/#organization\",\"name\":\"Pressenza\",\"url\":\"https:\/\/www.pressenza.com\/de\/\",\"logo\":{\"@type\":\"ImageObject\",\"inLanguage\":\"de\",\"@id\":\"https:\/\/www.pressenza.com\/de\/#\/schema\/logo\/image\/\",\"url\":\"https:\/\/www.pressenza.com\/wp-content\/uploads\/2022\/10\/pressenza_logo_200x200.jpg\",\"contentUrl\":\"https:\/\/www.pressenza.com\/wp-content\/uploads\/2022\/10\/pressenza_logo_200x200.jpg\",\"width\":200,\"height\":200,\"caption\":\"Pressenza\"},\"image\":{\"@id\":\"https:\/\/www.pressenza.com\/de\/#\/schema\/logo\/image\/\"},\"sameAs\":[\"https:\/\/www.facebook.com\/PressenzaItalia\",\"https:\/\/x.com\/PressenzaIPA\"]},{\"@type\":\"Person\",\"@id\":\"https:\/\/www.pressenza.com\/de\/#\/schema\/person\/9b981b05c7ecf09292e6acb3223b2d9d\",\"name\":\"Amnesty International\",\"description\":\"Amnesty International is a global movement of more than 3 million supporters, members and activists in over 150 countries and territories who campaign to end grave abuses of human rights. Our vision is for every person to enjoy all the rights enshrined in the Universal Declaration of Human Rights and other international human rights standards. www.amnesty.org\",\"sameAs\":[\"http:\/\/www.amnesty.it\",\"https:\/\/www.facebook.com\/amnestyglobal\",\"https:\/\/x.com\/amnesty\"],\"url\":\"https:\/\/www.pressenza.com\/de\/author\/amnesty-international\/\"}]}<\/script>\n<!-- \/ Yoast SEO plugin. -->","yoast_head_json":{"title":"Gegen Abschottung: Die meisten jungen Menschen sind f\u00fcr eine offene Fl\u00fcchtlingspolitik","description":"Eine neue Studie des World Economic Forums (WEF) zeigt: Entgegen der Abschottungspolitik vieler Regierungen empf\u00e4ngt die \u00fcberwiegende Mehrheit junger","robots":{"index":"index","follow":"follow","max-snippet":"max-snippet:-1","max-image-preview":"max-image-preview:large","max-video-preview":"max-video-preview:-1"},"canonical":"https:\/\/www.pressenza.com\/de\/2017\/08\/gegen-abschottung-die-meisten-jungen-menschen-sind-fuer-eine-offene-fluechtlingspolitik\/","og_locale":"de_DE","og_type":"article","og_title":"Gegen Abschottung: Die meisten jungen Menschen sind f\u00fcr eine offene Fl\u00fcchtlingspolitik","og_description":"Eine neue Studie des World Economic Forums (WEF) zeigt: Entgegen der Abschottungspolitik vieler Regierungen empf\u00e4ngt die \u00fcberwiegende Mehrheit junger","og_url":"https:\/\/www.pressenza.com\/de\/2017\/08\/gegen-abschottung-die-meisten-jungen-menschen-sind-fuer-eine-offene-fluechtlingspolitik\/","og_site_name":"Pressenza","article_publisher":"https:\/\/www.facebook.com\/PressenzaItalia","article_author":"https:\/\/www.facebook.com\/amnestyglobal","article_published_time":"2017-08-30T16:10:44+00:00","article_modified_time":"2017-08-30T16:13:38+00:00","og_image":[{"width":830,"height":415,"url":"https:\/\/www.pressenza.com\/wp-content\/uploads\/2017\/08\/0ad91af7-6a54-41c6-a22e-dadeed5edd54.jpeg","type":"image\/jpeg"}],"author":"Amnesty International","twitter_card":"summary_large_image","twitter_creator":"@amnesty","twitter_site":"@PressenzaIPA","twitter_misc":{"Verfasst von":"Amnesty International","Gesch\u00e4tzte Lesezeit":"2\u00a0Minuten"},"schema":{"@context":"https:\/\/schema.org","@graph":[{"@type":"Article","@id":"https:\/\/www.pressenza.com\/de\/2017\/08\/gegen-abschottung-die-meisten-jungen-menschen-sind-fuer-eine-offene-fluechtlingspolitik\/#article","isPartOf":{"@id":"https:\/\/www.pressenza.com\/de\/2017\/08\/gegen-abschottung-die-meisten-jungen-menschen-sind-fuer-eine-offene-fluechtlingspolitik\/"},"author":{"name":"Amnesty International","@id":"https:\/\/www.pressenza.com\/de\/#\/schema\/person\/9b981b05c7ecf09292e6acb3223b2d9d"},"headline":"Gegen Abschottung: Die meisten jungen Menschen sind f\u00fcr eine offene Fl\u00fcchtlingspolitik","datePublished":"2017-08-30T16:10:44+00:00","dateModified":"2017-08-30T16:13:38+00:00","mainEntityOfPage":{"@id":"https:\/\/www.pressenza.com\/de\/2017\/08\/gegen-abschottung-die-meisten-jungen-menschen-sind-fuer-eine-offene-fluechtlingspolitik\/"},"wordCount":329,"publisher":{"@id":"https:\/\/www.pressenza.com\/de\/#organization"},"image":{"@id":"https:\/\/www.pressenza.com\/de\/2017\/08\/gegen-abschottung-die-meisten-jungen-menschen-sind-fuer-eine-offene-fluechtlingspolitik\/#primaryimage"},"thumbnailUrl":"https:\/\/www.pressenza.com\/wp-content\/uploads\/2017\/08\/0ad91af7-6a54-41c6-a22e-dadeed5edd54.jpeg","keywords":["Abschottungspolitik","Fl\u00fcchtlingspolitik","World Economic Forums"],"articleSection":["International","Menschenrechte","Pressemitteilungen"],"inLanguage":"de"},{"@type":"WebPage","@id":"https:\/\/www.pressenza.com\/de\/2017\/08\/gegen-abschottung-die-meisten-jungen-menschen-sind-fuer-eine-offene-fluechtlingspolitik\/","url":"https:\/\/www.pressenza.com\/de\/2017\/08\/gegen-abschottung-die-meisten-jungen-menschen-sind-fuer-eine-offene-fluechtlingspolitik\/","name":"Gegen Abschottung: Die meisten jungen Menschen sind f\u00fcr eine offene Fl\u00fcchtlingspolitik","isPartOf":{"@id":"https:\/\/www.pressenza.com\/de\/#website"},"primaryImageOfPage":{"@id":"https:\/\/www.pressenza.com\/de\/2017\/08\/gegen-abschottung-die-meisten-jungen-menschen-sind-fuer-eine-offene-fluechtlingspolitik\/#primaryimage"},"image":{"@id":"https:\/\/www.pressenza.com\/de\/2017\/08\/gegen-abschottung-die-meisten-jungen-menschen-sind-fuer-eine-offene-fluechtlingspolitik\/#primaryimage"},"thumbnailUrl":"https:\/\/www.pressenza.com\/wp-content\/uploads\/2017\/08\/0ad91af7-6a54-41c6-a22e-dadeed5edd54.jpeg","datePublished":"2017-08-30T16:10:44+00:00","dateModified":"2017-08-30T16:13:38+00:00","description":"Eine neue Studie des World Economic Forums (WEF) zeigt: Entgegen der Abschottungspolitik vieler Regierungen empf\u00e4ngt die \u00fcberwiegende Mehrheit junger","breadcrumb":{"@id":"https:\/\/www.pressenza.com\/de\/2017\/08\/gegen-abschottung-die-meisten-jungen-menschen-sind-fuer-eine-offene-fluechtlingspolitik\/#breadcrumb"},"inLanguage":"de","potentialAction":[{"@type":"ReadAction","target":["https:\/\/www.pressenza.com\/de\/2017\/08\/gegen-abschottung-die-meisten-jungen-menschen-sind-fuer-eine-offene-fluechtlingspolitik\/"]}]},{"@type":"ImageObject","inLanguage":"de","@id":"https:\/\/www.pressenza.com\/de\/2017\/08\/gegen-abschottung-die-meisten-jungen-menschen-sind-fuer-eine-offene-fluechtlingspolitik\/#primaryimage","url":"https:\/\/www.pressenza.com\/wp-content\/uploads\/2017\/08\/0ad91af7-6a54-41c6-a22e-dadeed5edd54.jpeg","contentUrl":"https:\/\/www.pressenza.com\/wp-content\/uploads\/2017\/08\/0ad91af7-6a54-41c6-a22e-dadeed5edd54.jpeg","width":830,"height":415},{"@type":"BreadcrumbList","@id":"https:\/\/www.pressenza.com\/de\/2017\/08\/gegen-abschottung-die-meisten-jungen-menschen-sind-fuer-eine-offene-fluechtlingspolitik\/#breadcrumb","itemListElement":[{"@type":"ListItem","position":1,"name":"Accueil","item":"https:\/\/www.pressenza.com\/de\/"},{"@type":"ListItem","position":2,"name":"Gegen Abschottung: Die meisten jungen Menschen sind f\u00fcr eine offene Fl\u00fcchtlingspolitik"}]},{"@type":"WebSite","@id":"https:\/\/www.pressenza.com\/de\/#website","url":"https:\/\/www.pressenza.com\/de\/","name":"Pressenza","description":"International Press Agency","publisher":{"@id":"https:\/\/www.pressenza.com\/de\/#organization"},"potentialAction":[{"@type":"SearchAction","target":{"@type":"EntryPoint","urlTemplate":"https:\/\/www.pressenza.com\/de\/?s={search_term_string}"},"query-input":{"@type":"PropertyValueSpecification","valueRequired":true,"valueName":"search_term_string"}}],"inLanguage":"de"},{"@type":"Organization","@id":"https:\/\/www.pressenza.com\/de\/#organization","name":"Pressenza","url":"https:\/\/www.pressenza.com\/de\/","logo":{"@type":"ImageObject","inLanguage":"de","@id":"https:\/\/www.pressenza.com\/de\/#\/schema\/logo\/image\/","url":"https:\/\/www.pressenza.com\/wp-content\/uploads\/2022\/10\/pressenza_logo_200x200.jpg","contentUrl":"https:\/\/www.pressenza.com\/wp-content\/uploads\/2022\/10\/pressenza_logo_200x200.jpg","width":200,"height":200,"caption":"Pressenza"},"image":{"@id":"https:\/\/www.pressenza.com\/de\/#\/schema\/logo\/image\/"},"sameAs":["https:\/\/www.facebook.com\/PressenzaItalia","https:\/\/x.com\/PressenzaIPA"]},{"@type":"Person","@id":"https:\/\/www.pressenza.com\/de\/#\/schema\/person\/9b981b05c7ecf09292e6acb3223b2d9d","name":"Amnesty International","description":"Amnesty International is a global movement of more than 3 million supporters, members and activists in over 150 countries and territories who campaign to end grave abuses of human rights. Our vision is for every person to enjoy all the rights enshrined in the Universal Declaration of Human Rights and other international human rights standards. www.amnesty.org","sameAs":["http:\/\/www.amnesty.it","https:\/\/www.facebook.com\/amnestyglobal","https:\/\/x.com\/amnesty"],"url":"https:\/\/www.pressenza.com\/de\/author\/amnesty-international\/"}]}},"place":"London \/ Bern","original_article_url":"https:\/\/www.amnesty.ch\/de\/themen\/asyl-und-migration\/dok\/2017\/wef-survey-gegen-abschottung-fluechtlinge?#","_links":{"self":[{"href":"https:\/\/www.pressenza.com\/de\/wp-json\/wp\/v2\/posts\/510839","targetHints":{"allow":["GET"]}}],"collection":[{"href":"https:\/\/www.pressenza.com\/de\/wp-json\/wp\/v2\/posts"}],"about":[{"href":"https:\/\/www.pressenza.com\/de\/wp-json\/wp\/v2\/types\/post"}],"author":[{"embeddable":true,"href":"https:\/\/www.pressenza.com\/de\/wp-json\/wp\/v2\/users\/432"}],"replies":[{"embeddable":true,"href":"https:\/\/www.pressenza.com\/de\/wp-json\/wp\/v2\/comments?post=510839"}],"version-history":[{"count":0,"href":"https:\/\/www.pressenza.com\/de\/wp-json\/wp\/v2\/posts\/510839\/revisions"}],"wp:featuredmedia":[{"embeddable":true,"href":"https:\/\/www.pressenza.com\/de\/wp-json\/wp\/v2\/media\/510840"}],"wp:attachment":[{"href":"https:\/\/www.pressenza.com\/de\/wp-json\/wp\/v2\/media?parent=510839"}],"wp:term":[{"taxonomy":"category","embeddable":true,"href":"https:\/\/www.pressenza.com\/de\/wp-json\/wp\/v2\/categories?post=510839"},{"taxonomy":"post_tag","embeddable":true,"href":"https:\/\/www.pressenza.com\/de\/wp-json\/wp\/v2\/tags?post=510839"}],"curies":[{"name":"wp","href":"https:\/\/api.w.org\/{rel}","templated":true}]}}