{"id":510345,"date":"2017-08-29T14:24:46","date_gmt":"2017-08-29T13:24:46","guid":{"rendered":"https:\/\/www.pressenza.com\/?p=510345\/"},"modified":"2017-08-29T14:33:21","modified_gmt":"2017-08-29T13:33:21","slug":"erklaerung-demonstrationsrecht-verteidigen","status":"publish","type":"post","link":"https:\/\/www.pressenza.com\/de\/2017\/08\/erklaerung-demonstrationsrecht-verteidigen\/","title":{"rendered":"Erkl\u00e4rung: Demonstrationsrecht verteidigen!"},"content":{"rendered":"<h4><strong>Aufruf zum Widerstand gegen den Abbau unserer demokratischen Grundrechte<\/strong><\/h4>\n<p>Von den USA bis zur T\u00fcrkei, von Frankreich bis Ungarn r\u00fccken Regierungen nach rechts, heben durch die Verfassung gesicherte demokratische Grundrechte auf, verbieten und unterdr\u00fccken Proteste und Streiks und gehen den Weg in einen Polizeistaat. Die Regierung der Bundesrepublik Deutschland liegt in diesem Trend: In den letzten zwei Jahren hat auch sie demokratische Grundrechte von Millionen hier lebenden Migrant*innen massiv beschnitten, insbesondere 2016 im Zuge des \u201eAsylpaket II\u201c; mit verfassungswidrigen Methoden hat sie viele Migrantenorganisationen verfolgt und kriminalisiert, beispielsweise kurdische und t\u00fcrkische Frauen-, Studenten- und Arbeiterorganisationen wie NAV-DEM, ATIK und YXK.<\/p>\n<p><strong>Seit den j\u00fcngsten Gesetzes\u00e4nderungen durch die Bundesregierung (u.a. \u00a7\u00a7113, 114 StGB sowie Massen-\u00dcberwachung von WhatsApp\/facebook), der Initiative zur Einschr\u00e4nkung des Streikrechts (\u201eTarifeinheit\u201c) und den schweren Grundrechtsverletzungen gegen Demonstrant*innen, Sanit\u00e4ter*innen, Rechtsanw\u00e4lt*innen und Journalist*innen beim G20-Gipfel in Hamburg im Juli 2017 ist es offensichtlich: Nach den Repressionen gegen Fl\u00fcchtlinge und Migrantenorganisationen werden der gesamten sozialen Bewegung und der ganzen Bev\u00f6lkerung der Bundesrepublik grundlegende demokratische Rechte genommen \u2013 insbesondere das Recht auf Versammlungsfreiheit.\u00a0<\/strong><span id=\"more-67\"><\/span><\/p>\n<p>Schon Wochen vor dem G20-Gipfel wurden unverzichtbare Bestandteile der Versammlungsfreiheit wie zentrale \u00dcbernachtungsm\u00f6glichkeiten in Protestcamps verboten; genehmigte Camps r\u00e4umte die Polizei in den Tagen vor dem Gipfel gegen ausdr\u00fcckliche Gerichtsbeschl\u00fcsse. Die Auftakt-Demo der Gipfelgegner am 6.7. wurde unter Einsatz von brutaler Gewalt, mit Wasserwerfern und Schlagst\u00f6cken polizeilich aufgel\u00f6st, obwohl von ihr keinerlei Eskalation ausgegangen war. Dutzende Demonstranten wurden durch Polizeigewalt im Laufe der Demonstrationen schwer verletzt. Die Polizei griff sogar gekennzeichnete Anw\u00e4lt*innen, Sanit\u00e4ter*innen und Journalist*innen t\u00e4tlich an. Mehr als 30 missliebigen Journalist*innen entzogen die deutschen Beh\u00f6rden im Verlauf des Gipfels nachtr\u00e4glich die Arbeitserlaubnis vor Ort. Hoch ger\u00fcstete Spezialeinheiten st\u00fcrmten mit Kriegswaffen in Hamburg H\u00e4user, sie terrorisierten ganze Stra\u00dfenz\u00fcge, w\u00e4hrend die behaupteten Anl\u00e4sse keiner \u00dcberpr\u00fcfung standhalten. Privatwohnungen und Jugendzentren wurden polizeilich \u201edurchsucht\u201c und verw\u00fcstet.<\/p>\n<p>\u00dcber 250 Demonstrant*innen wurden von der Polizei unter teils haarstr\u00e4ubender Begr\u00fcndung in oftmals \u00fcberfallartigen Szenen von vermummten Polizeibeamt*innen festgenommen und tagelang unter folter\u00e4hnlichen Bedingungen ihrer Freiheit beraubt, darunter fast der gesamte Jugendvorstand der ver.di-Jugend NRW-S\u00fcd und ein kompletter anreisender Bus der Jugendorganisation \u201eDie Falken\u201c. Zu den Haftmethoden z\u00e4hlten systematischer Schlafentzug, Dem\u00fctigungen und Schl\u00e4ge. Knapp einen Monat nach den Gipfelprotesten dauert die Freiheitsberaubung immer noch an, noch sitzen 31 Demonstrant*innen in Untersuchungshaft, der gr\u00f6\u00dfte Teil von ihnen ausl\u00e4ndischer Herkunft. Die mittlerweile freigelassenen ver.di-Mitglieder werden weiterhin mit mehrj\u00e4hrigen Gef\u00e4ngnisstrafen bedroht, die mit einer Reihe von neuen Gesetzen durchgesetzt werden sollen.<\/p>\n<p>Bereits wenige Wochen vor dem G20-Gipfel reformierte die Bundesregierung die \u00a7\u00a7113 und 114 des Strafgesetzbuches (\u201eWiderstand oder t\u00e4tlicher Angriff gegen Vollstreckungsbeamte\u201c). Demnach droht in diesem Fall k\u00fcnftig eine Mindeststrafe von drei Monaten. F\u00fcr den Vorwurf des Widerstands reicht dabei oft schon ein \u00e4ngstlich weggezogener Arm. Zudem wurde der Katalog f\u00fcr besonders schwere F\u00e4lle, die mit sechs Monaten Mindeststrafe belegt sind, erweitert: K\u00fcnftig reicht daf\u00fcr u.a. auch die so genannte gemeinschaftliche Tatausf\u00fchrung \u2013 doch welche Demonstration, welcher Streik erfolgt nicht gemeinschaftlich?<\/p>\n<p><strong>Diese Gesetzes\u00e4nderungen werden das gesamte Demonstrationsgeschehen in Deutschland nachhaltig ver\u00e4ndern<\/strong>. Wenn jeder Demonstrant Angst haben muss, z.B. im Falle eines Handgemenges hinter Gittern zu landen \u2013 und zwar auch, wenn es von der Polizei ausging \u2013 werden sich viele von der Teilnahme an Kundgebungen, Demos oder Streiks abgeschreckt sehen. Die derzeitigen Gesetzes\u00e4nderungen geh\u00f6ren zu den tiefsten Eingriffen in die Versammlungsfreiheit (Artikel 8 des Grundgesetzes) seit Bestehen der Bundesrepublik Deutschland und h\u00f6hlen damit ein elementares Recht v\u00f6llig aus, das vom BVerfG als \u201eein St\u00fcck urspr\u00fcnglich-ungeb\u00e4ndigter unmittelbarer Demokratie, das geeignet ist, den politischen Betrieb vor Erstarrung in gesch\u00e4ftiger Routine zu bewahren\u201c bezeichnet wurde. Weiterhin widersprechen sie der Menschenw\u00fcrde (Art. 1), der Freiheit der Person (Art. 2), schr\u00e4nken die Meinungsfreiheit (Art. 5) massiv ein, die das BVerfG als eines der vornehmsten Menschenrechte \u00fcberhaupt bezeichnete und richten sich nicht zuletzt gegen die Pressefreiheit.<strong> Die uns durch unsere Verfassung gew\u00e4hrten Rechte<\/strong> <strong>lassen wir uns nicht nehmen. <\/strong><\/p>\n<blockquote><p>Wir fordern:<\/p>\n<ul>\n<li>Freiheit f\u00fcr die politischen Gefangenen von G20 und NAV-DEM\/ATIK und Einstellung der Verfahren!<\/li>\n<li>Verteidigung des Demonstrationsrechts: Weg mit der Reform der \u00a7\u00a7 113 u. 114 StGB!<\/li>\n<li>Verteidigung des Streikrechts: Weg mit der \u201eTarifeinheit\u201c!<\/li>\n<li>Verteidigung der Pressefreiheit: Weg mit der Repression gegen Journalist*innen!<\/li>\n<\/ul>\n<\/blockquote>\n<h4><strong><em><a href=\"http:\/\/demonstrationsrecht-verteidigen.de\/erklaerung-demonstrationsrecht-verteidigen\/\" target=\"_blank\" rel=\"noopener noreferrer\">Hier die Petition unterzeichnen<\/a><\/em><\/strong><\/h4>\n<hr \/>\n<p><strong><u>ErstunterzeichnerInnen von \u201eDemonstrationsrecht verteidigen!\u201c:<\/u><\/strong><\/p>\n<p><strong>Organisationen<\/strong><\/p>\n<ul>\n<li>AG\u0130F (F\u00f6deration der ArbeitsmigrantInnen aus der T\u00fcrkei e.V.)<\/li>\n<li>ATIF (F\u00f6deration der Arbeiter aus der T\u00fcrkei in Deutschland)<\/li>\n<li>attac Deutschland<\/li>\n<li>DIE LINKE. Hamburg, Landesverband<\/li>\n<li>DIE LINKE. Niedersachsen, Landesvorstand<\/li>\n<li>DIE LINKE. Nordrhein-Westfalen, Landesvorstand<\/li>\n<li>DKP Bonn\/Rhein-Sieg<\/li>\n<li>Duisburger Netzwerk gegen Rechts<\/li>\n<li>Ermittlungsausschuss Hamburg<\/li>\n<li>Internationale Liga f\u00fcr Menschenrechte (Berlin; <a href=\"http:\/\/www.ilmr.de\">www.ilmr.de<\/a>)<\/li>\n<li>Internationaler Menschenrechtsverein Bremen e.V.<\/li>\n<li>Interventionistische Linke D\u00fcsseldorf [see red!]<\/li>\n<li>interventionistische Linke Ruhr<\/li>\n<li>Jugendteam ver.di-Jugend Landesbezirk Niedersachsen-Bremen<\/li>\n<li>Jugendverband REBELL<\/li>\n<li>Komitee f\u00fcr Grundrechte und Demokratie<\/li>\n<li>PERSPEKTIVE, Zeitung f\u00fcr Solidarit\u00e4t und Widerstand<\/li>\n<li>Rote Hilfe e.V. Bundesvorstand<\/li>\n<li>ver.di-Bezirksjugendvorstand Mittelhessen<\/li>\n<li>ver.di-Bezirksjugendvorstand NRW-S\u00fcd<\/li>\n<li>ver.di-Landesbezirksjugendvorstand Hessen<\/li>\n<li>Verein f\u00fcr politische Bildung und unabh\u00e4ngigen Journalismus e.V.<\/li>\n<li>Vereinigung Demokratischer Juristinnen und Juristen e.V.<\/li>\n<li>VVN-BdA Bochum<\/li>\n<li>YDG (Neue Demokratische Jugend)<\/li>\n<\/ul>\n","protected":false},"excerpt":{"rendered":"<p>Aufruf zum Widerstand gegen den Abbau unserer demokratischen Grundrechte Von den USA bis zur T\u00fcrkei, von Frankreich bis Ungarn r\u00fccken Regierungen nach rechts, heben durch die Verfassung gesicherte demokratische Grundrechte auf, verbieten und unterdr\u00fccken Proteste und Streiks und gehen den&hellip;<\/p>\n","protected":false},"author":1089,"featured_media":510350,"comment_status":"closed","ping_status":"closed","sticky":false,"template":"","format":"standard","meta":{"footnotes":""},"categories":[9150,9161,9145],"tags":[39835,39834,36779,35717,10332,39836],"class_list":["post-510345","post","type-post","status-publish","format-standard","has-post-thumbnail","hentry","category-europa-de","category-menschenrechte","category-pressemitteilungen","tag-demokratische-grundrechte","tag-demonstrationsrecht","tag-g20-hamburg","tag-meinungs-und-versammlungsfreiheit","tag-pressefreiheit","tag-streikrecht"],"yoast_head":"<!-- This site is optimized with the Yoast SEO plugin v27.1.1 - https:\/\/yoast.com\/product\/yoast-seo-wordpress\/ -->\n<title>Erkl\u00e4rung: Demonstrationsrecht verteidigen!<\/title>\n<meta name=\"description\" content=\"Aufruf zum Widerstand gegen den Abbau unserer demokratischen Grundrechte Von den USA bis zur T\u00fcrkei, von Frankreich bis Ungarn r\u00fccken Regierungen nach\" \/>\n<meta name=\"robots\" content=\"index, follow, max-snippet:-1, max-image-preview:large, max-video-preview:-1\" \/>\n<link rel=\"canonical\" href=\"https:\/\/www.pressenza.com\/de\/2017\/08\/erklaerung-demonstrationsrecht-verteidigen\/\" \/>\n<meta property=\"og:locale\" content=\"de_DE\" \/>\n<meta property=\"og:type\" content=\"article\" \/>\n<meta property=\"og:title\" content=\"Erkl\u00e4rung: Demonstrationsrecht verteidigen!\" \/>\n<meta property=\"og:description\" content=\"Aufruf zum Widerstand gegen den Abbau unserer demokratischen Grundrechte Von den USA bis zur T\u00fcrkei, von Frankreich bis Ungarn r\u00fccken Regierungen nach\" \/>\n<meta property=\"og:url\" content=\"https:\/\/www.pressenza.com\/de\/2017\/08\/erklaerung-demonstrationsrecht-verteidigen\/\" \/>\n<meta property=\"og:site_name\" content=\"Pressenza\" \/>\n<meta property=\"article:publisher\" content=\"https:\/\/www.facebook.com\/PressenzaItalia\" \/>\n<meta property=\"article:author\" content=\"https:\/\/www.facebook.com\/rthumiger\" \/>\n<meta property=\"article:published_time\" content=\"2017-08-29T13:24:46+00:00\" \/>\n<meta property=\"article:modified_time\" content=\"2017-08-29T13:33:21+00:00\" \/>\n<meta property=\"og:image\" content=\"https:\/\/www.pressenza.com\/wp-content\/uploads\/2017\/08\/emotion-2473153_960_720.jpg\" \/>\n\t<meta property=\"og:image:width\" content=\"960\" \/>\n\t<meta property=\"og:image:height\" content=\"640\" \/>\n\t<meta property=\"og:image:type\" content=\"image\/jpeg\" \/>\n<meta name=\"author\" content=\"Reto Thumiger\" \/>\n<meta name=\"twitter:card\" content=\"summary_large_image\" \/>\n<meta name=\"twitter:creator\" content=\"@pressenza_ger\" \/>\n<meta name=\"twitter:site\" content=\"@PressenzaIPA\" \/>\n<meta name=\"twitter:label1\" content=\"Verfasst von\" \/>\n\t<meta name=\"twitter:data1\" content=\"Reto Thumiger\" \/>\n\t<meta name=\"twitter:label2\" content=\"Gesch\u00e4tzte Lesezeit\" \/>\n\t<meta name=\"twitter:data2\" content=\"4\u00a0Minuten\" \/>\n<script type=\"application\/ld+json\" class=\"yoast-schema-graph\">{\"@context\":\"https:\/\/schema.org\",\"@graph\":[{\"@type\":\"Article\",\"@id\":\"https:\/\/www.pressenza.com\/de\/2017\/08\/erklaerung-demonstrationsrecht-verteidigen\/#article\",\"isPartOf\":{\"@id\":\"https:\/\/www.pressenza.com\/de\/2017\/08\/erklaerung-demonstrationsrecht-verteidigen\/\"},\"author\":{\"name\":\"Reto Thumiger\",\"@id\":\"https:\/\/www.pressenza.com\/de\/#\/schema\/person\/e233667f8b5764bd84b766de5286a5fa\"},\"headline\":\"Erkl\u00e4rung: Demonstrationsrecht verteidigen!\",\"datePublished\":\"2017-08-29T13:24:46+00:00\",\"dateModified\":\"2017-08-29T13:33:21+00:00\",\"mainEntityOfPage\":{\"@id\":\"https:\/\/www.pressenza.com\/de\/2017\/08\/erklaerung-demonstrationsrecht-verteidigen\/\"},\"wordCount\":875,\"publisher\":{\"@id\":\"https:\/\/www.pressenza.com\/de\/#organization\"},\"image\":{\"@id\":\"https:\/\/www.pressenza.com\/de\/2017\/08\/erklaerung-demonstrationsrecht-verteidigen\/#primaryimage\"},\"thumbnailUrl\":\"https:\/\/www.pressenza.com\/wp-content\/uploads\/2017\/08\/emotion-2473153_960_720.jpg\",\"keywords\":[\"demokratische Grundrechte\",\"Demonstrationsrecht\",\"G20 Hamburg\",\"Meinungs- und Versammlungsfreiheit\",\"Pressefreiheit\",\"Streikrecht\"],\"articleSection\":[\"Europa\",\"Menschenrechte\",\"Pressemitteilungen\"],\"inLanguage\":\"de\"},{\"@type\":\"WebPage\",\"@id\":\"https:\/\/www.pressenza.com\/de\/2017\/08\/erklaerung-demonstrationsrecht-verteidigen\/\",\"url\":\"https:\/\/www.pressenza.com\/de\/2017\/08\/erklaerung-demonstrationsrecht-verteidigen\/\",\"name\":\"Erkl\u00e4rung: Demonstrationsrecht verteidigen!\",\"isPartOf\":{\"@id\":\"https:\/\/www.pressenza.com\/de\/#website\"},\"primaryImageOfPage\":{\"@id\":\"https:\/\/www.pressenza.com\/de\/2017\/08\/erklaerung-demonstrationsrecht-verteidigen\/#primaryimage\"},\"image\":{\"@id\":\"https:\/\/www.pressenza.com\/de\/2017\/08\/erklaerung-demonstrationsrecht-verteidigen\/#primaryimage\"},\"thumbnailUrl\":\"https:\/\/www.pressenza.com\/wp-content\/uploads\/2017\/08\/emotion-2473153_960_720.jpg\",\"datePublished\":\"2017-08-29T13:24:46+00:00\",\"dateModified\":\"2017-08-29T13:33:21+00:00\",\"description\":\"Aufruf zum Widerstand gegen den Abbau unserer demokratischen Grundrechte Von den USA bis zur T\u00fcrkei, von Frankreich bis Ungarn r\u00fccken Regierungen nach\",\"breadcrumb\":{\"@id\":\"https:\/\/www.pressenza.com\/de\/2017\/08\/erklaerung-demonstrationsrecht-verteidigen\/#breadcrumb\"},\"inLanguage\":\"de\",\"potentialAction\":[{\"@type\":\"ReadAction\",\"target\":[\"https:\/\/www.pressenza.com\/de\/2017\/08\/erklaerung-demonstrationsrecht-verteidigen\/\"]}]},{\"@type\":\"ImageObject\",\"inLanguage\":\"de\",\"@id\":\"https:\/\/www.pressenza.com\/de\/2017\/08\/erklaerung-demonstrationsrecht-verteidigen\/#primaryimage\",\"url\":\"https:\/\/www.pressenza.com\/wp-content\/uploads\/2017\/08\/emotion-2473153_960_720.jpg\",\"contentUrl\":\"https:\/\/www.pressenza.com\/wp-content\/uploads\/2017\/08\/emotion-2473153_960_720.jpg\",\"width\":960,\"height\":640},{\"@type\":\"BreadcrumbList\",\"@id\":\"https:\/\/www.pressenza.com\/de\/2017\/08\/erklaerung-demonstrationsrecht-verteidigen\/#breadcrumb\",\"itemListElement\":[{\"@type\":\"ListItem\",\"position\":1,\"name\":\"Accueil\",\"item\":\"https:\/\/www.pressenza.com\/de\/\"},{\"@type\":\"ListItem\",\"position\":2,\"name\":\"Erkl\u00e4rung: Demonstrationsrecht verteidigen!\"}]},{\"@type\":\"WebSite\",\"@id\":\"https:\/\/www.pressenza.com\/de\/#website\",\"url\":\"https:\/\/www.pressenza.com\/de\/\",\"name\":\"Pressenza\",\"description\":\"International Press Agency\",\"publisher\":{\"@id\":\"https:\/\/www.pressenza.com\/de\/#organization\"},\"potentialAction\":[{\"@type\":\"SearchAction\",\"target\":{\"@type\":\"EntryPoint\",\"urlTemplate\":\"https:\/\/www.pressenza.com\/de\/?s={search_term_string}\"},\"query-input\":{\"@type\":\"PropertyValueSpecification\",\"valueRequired\":true,\"valueName\":\"search_term_string\"}}],\"inLanguage\":\"de\"},{\"@type\":\"Organization\",\"@id\":\"https:\/\/www.pressenza.com\/de\/#organization\",\"name\":\"Pressenza\",\"url\":\"https:\/\/www.pressenza.com\/de\/\",\"logo\":{\"@type\":\"ImageObject\",\"inLanguage\":\"de\",\"@id\":\"https:\/\/www.pressenza.com\/de\/#\/schema\/logo\/image\/\",\"url\":\"https:\/\/www.pressenza.com\/wp-content\/uploads\/2022\/10\/pressenza_logo_200x200.jpg\",\"contentUrl\":\"https:\/\/www.pressenza.com\/wp-content\/uploads\/2022\/10\/pressenza_logo_200x200.jpg\",\"width\":200,\"height\":200,\"caption\":\"Pressenza\"},\"image\":{\"@id\":\"https:\/\/www.pressenza.com\/de\/#\/schema\/logo\/image\/\"},\"sameAs\":[\"https:\/\/www.facebook.com\/PressenzaItalia\",\"https:\/\/x.com\/PressenzaIPA\"]},{\"@type\":\"Person\",\"@id\":\"https:\/\/www.pressenza.com\/de\/#\/schema\/person\/e233667f8b5764bd84b766de5286a5fa\",\"name\":\"Reto Thumiger\",\"description\":\"The Swiss-born business administrator has been an activist for the New Humanism for over 25 years. He is committed to the promotion of cultural diversity, equal rights and the creation of equal opportunities for all people. He is committed to an internal and external revolution based on active non-violence. Through his voluntary work at Pressenza, he endeavours to contribute to overcoming violence through journalism that focuses on peace and non-violence.\",\"sameAs\":[\"http:\/\/www.pressenza.com\/de\",\"https:\/\/www.facebook.com\/rthumiger\",\"https:\/\/x.com\/pressenza_ger\"],\"url\":\"https:\/\/www.pressenza.com\/de\/author\/reto-thumiger\/\"}]}<\/script>\n<!-- \/ Yoast SEO plugin. -->","yoast_head_json":{"title":"Erkl\u00e4rung: Demonstrationsrecht verteidigen!","description":"Aufruf zum Widerstand gegen den Abbau unserer demokratischen Grundrechte Von den USA bis zur T\u00fcrkei, von Frankreich bis Ungarn r\u00fccken Regierungen nach","robots":{"index":"index","follow":"follow","max-snippet":"max-snippet:-1","max-image-preview":"max-image-preview:large","max-video-preview":"max-video-preview:-1"},"canonical":"https:\/\/www.pressenza.com\/de\/2017\/08\/erklaerung-demonstrationsrecht-verteidigen\/","og_locale":"de_DE","og_type":"article","og_title":"Erkl\u00e4rung: Demonstrationsrecht verteidigen!","og_description":"Aufruf zum Widerstand gegen den Abbau unserer demokratischen Grundrechte Von den USA bis zur T\u00fcrkei, von Frankreich bis Ungarn r\u00fccken Regierungen nach","og_url":"https:\/\/www.pressenza.com\/de\/2017\/08\/erklaerung-demonstrationsrecht-verteidigen\/","og_site_name":"Pressenza","article_publisher":"https:\/\/www.facebook.com\/PressenzaItalia","article_author":"https:\/\/www.facebook.com\/rthumiger","article_published_time":"2017-08-29T13:24:46+00:00","article_modified_time":"2017-08-29T13:33:21+00:00","og_image":[{"width":960,"height":640,"url":"https:\/\/www.pressenza.com\/wp-content\/uploads\/2017\/08\/emotion-2473153_960_720.jpg","type":"image\/jpeg"}],"author":"Reto Thumiger","twitter_card":"summary_large_image","twitter_creator":"@pressenza_ger","twitter_site":"@PressenzaIPA","twitter_misc":{"Verfasst von":"Reto Thumiger","Gesch\u00e4tzte Lesezeit":"4\u00a0Minuten"},"schema":{"@context":"https:\/\/schema.org","@graph":[{"@type":"Article","@id":"https:\/\/www.pressenza.com\/de\/2017\/08\/erklaerung-demonstrationsrecht-verteidigen\/#article","isPartOf":{"@id":"https:\/\/www.pressenza.com\/de\/2017\/08\/erklaerung-demonstrationsrecht-verteidigen\/"},"author":{"name":"Reto Thumiger","@id":"https:\/\/www.pressenza.com\/de\/#\/schema\/person\/e233667f8b5764bd84b766de5286a5fa"},"headline":"Erkl\u00e4rung: Demonstrationsrecht verteidigen!","datePublished":"2017-08-29T13:24:46+00:00","dateModified":"2017-08-29T13:33:21+00:00","mainEntityOfPage":{"@id":"https:\/\/www.pressenza.com\/de\/2017\/08\/erklaerung-demonstrationsrecht-verteidigen\/"},"wordCount":875,"publisher":{"@id":"https:\/\/www.pressenza.com\/de\/#organization"},"image":{"@id":"https:\/\/www.pressenza.com\/de\/2017\/08\/erklaerung-demonstrationsrecht-verteidigen\/#primaryimage"},"thumbnailUrl":"https:\/\/www.pressenza.com\/wp-content\/uploads\/2017\/08\/emotion-2473153_960_720.jpg","keywords":["demokratische Grundrechte","Demonstrationsrecht","G20 Hamburg","Meinungs- und Versammlungsfreiheit","Pressefreiheit","Streikrecht"],"articleSection":["Europa","Menschenrechte","Pressemitteilungen"],"inLanguage":"de"},{"@type":"WebPage","@id":"https:\/\/www.pressenza.com\/de\/2017\/08\/erklaerung-demonstrationsrecht-verteidigen\/","url":"https:\/\/www.pressenza.com\/de\/2017\/08\/erklaerung-demonstrationsrecht-verteidigen\/","name":"Erkl\u00e4rung: Demonstrationsrecht verteidigen!","isPartOf":{"@id":"https:\/\/www.pressenza.com\/de\/#website"},"primaryImageOfPage":{"@id":"https:\/\/www.pressenza.com\/de\/2017\/08\/erklaerung-demonstrationsrecht-verteidigen\/#primaryimage"},"image":{"@id":"https:\/\/www.pressenza.com\/de\/2017\/08\/erklaerung-demonstrationsrecht-verteidigen\/#primaryimage"},"thumbnailUrl":"https:\/\/www.pressenza.com\/wp-content\/uploads\/2017\/08\/emotion-2473153_960_720.jpg","datePublished":"2017-08-29T13:24:46+00:00","dateModified":"2017-08-29T13:33:21+00:00","description":"Aufruf zum Widerstand gegen den Abbau unserer demokratischen Grundrechte Von den USA bis zur T\u00fcrkei, von Frankreich bis Ungarn r\u00fccken Regierungen nach","breadcrumb":{"@id":"https:\/\/www.pressenza.com\/de\/2017\/08\/erklaerung-demonstrationsrecht-verteidigen\/#breadcrumb"},"inLanguage":"de","potentialAction":[{"@type":"ReadAction","target":["https:\/\/www.pressenza.com\/de\/2017\/08\/erklaerung-demonstrationsrecht-verteidigen\/"]}]},{"@type":"ImageObject","inLanguage":"de","@id":"https:\/\/www.pressenza.com\/de\/2017\/08\/erklaerung-demonstrationsrecht-verteidigen\/#primaryimage","url":"https:\/\/www.pressenza.com\/wp-content\/uploads\/2017\/08\/emotion-2473153_960_720.jpg","contentUrl":"https:\/\/www.pressenza.com\/wp-content\/uploads\/2017\/08\/emotion-2473153_960_720.jpg","width":960,"height":640},{"@type":"BreadcrumbList","@id":"https:\/\/www.pressenza.com\/de\/2017\/08\/erklaerung-demonstrationsrecht-verteidigen\/#breadcrumb","itemListElement":[{"@type":"ListItem","position":1,"name":"Accueil","item":"https:\/\/www.pressenza.com\/de\/"},{"@type":"ListItem","position":2,"name":"Erkl\u00e4rung: Demonstrationsrecht verteidigen!"}]},{"@type":"WebSite","@id":"https:\/\/www.pressenza.com\/de\/#website","url":"https:\/\/www.pressenza.com\/de\/","name":"Pressenza","description":"International Press Agency","publisher":{"@id":"https:\/\/www.pressenza.com\/de\/#organization"},"potentialAction":[{"@type":"SearchAction","target":{"@type":"EntryPoint","urlTemplate":"https:\/\/www.pressenza.com\/de\/?s={search_term_string}"},"query-input":{"@type":"PropertyValueSpecification","valueRequired":true,"valueName":"search_term_string"}}],"inLanguage":"de"},{"@type":"Organization","@id":"https:\/\/www.pressenza.com\/de\/#organization","name":"Pressenza","url":"https:\/\/www.pressenza.com\/de\/","logo":{"@type":"ImageObject","inLanguage":"de","@id":"https:\/\/www.pressenza.com\/de\/#\/schema\/logo\/image\/","url":"https:\/\/www.pressenza.com\/wp-content\/uploads\/2022\/10\/pressenza_logo_200x200.jpg","contentUrl":"https:\/\/www.pressenza.com\/wp-content\/uploads\/2022\/10\/pressenza_logo_200x200.jpg","width":200,"height":200,"caption":"Pressenza"},"image":{"@id":"https:\/\/www.pressenza.com\/de\/#\/schema\/logo\/image\/"},"sameAs":["https:\/\/www.facebook.com\/PressenzaItalia","https:\/\/x.com\/PressenzaIPA"]},{"@type":"Person","@id":"https:\/\/www.pressenza.com\/de\/#\/schema\/person\/e233667f8b5764bd84b766de5286a5fa","name":"Reto Thumiger","description":"The Swiss-born business administrator has been an activist for the New Humanism for over 25 years. He is committed to the promotion of cultural diversity, equal rights and the creation of equal opportunities for all people. He is committed to an internal and external revolution based on active non-violence. Through his voluntary work at Pressenza, he endeavours to contribute to overcoming violence through journalism that focuses on peace and non-violence.","sameAs":["http:\/\/www.pressenza.com\/de","https:\/\/www.facebook.com\/rthumiger","https:\/\/x.com\/pressenza_ger"],"url":"https:\/\/www.pressenza.com\/de\/author\/reto-thumiger\/"}]}},"place":"","original_article_url":"","_links":{"self":[{"href":"https:\/\/www.pressenza.com\/de\/wp-json\/wp\/v2\/posts\/510345","targetHints":{"allow":["GET"]}}],"collection":[{"href":"https:\/\/www.pressenza.com\/de\/wp-json\/wp\/v2\/posts"}],"about":[{"href":"https:\/\/www.pressenza.com\/de\/wp-json\/wp\/v2\/types\/post"}],"author":[{"embeddable":true,"href":"https:\/\/www.pressenza.com\/de\/wp-json\/wp\/v2\/users\/1089"}],"replies":[{"embeddable":true,"href":"https:\/\/www.pressenza.com\/de\/wp-json\/wp\/v2\/comments?post=510345"}],"version-history":[{"count":0,"href":"https:\/\/www.pressenza.com\/de\/wp-json\/wp\/v2\/posts\/510345\/revisions"}],"wp:featuredmedia":[{"embeddable":true,"href":"https:\/\/www.pressenza.com\/de\/wp-json\/wp\/v2\/media\/510350"}],"wp:attachment":[{"href":"https:\/\/www.pressenza.com\/de\/wp-json\/wp\/v2\/media?parent=510345"}],"wp:term":[{"taxonomy":"category","embeddable":true,"href":"https:\/\/www.pressenza.com\/de\/wp-json\/wp\/v2\/categories?post=510345"},{"taxonomy":"post_tag","embeddable":true,"href":"https:\/\/www.pressenza.com\/de\/wp-json\/wp\/v2\/tags?post=510345"}],"curies":[{"name":"wp","href":"https:\/\/api.w.org\/{rel}","templated":true}]}}