{"id":504767,"date":"2017-08-17T12:26:17","date_gmt":"2017-08-17T11:26:17","guid":{"rendered":"https:\/\/www.pressenza.com\/?p=504767\/"},"modified":"2017-08-17T12:26:17","modified_gmt":"2017-08-17T11:26:17","slug":"wo-ist-santiago-maldonado","status":"publish","type":"post","link":"https:\/\/www.pressenza.com\/de\/2017\/08\/wo-ist-santiago-maldonado\/","title":{"rendered":"Wo ist Santiago Maldonado?"},"content":{"rendered":"<p>&nbsp;<\/p>\n<p><em>Von Darius Ossami, <a href=\"https:\/\/www.npla.de\" target=\"_blank\" rel=\"noopener noreferrer\">Nachrichtenpool Lateinamerika<\/a><\/em><\/p>\n<p>Seit dem 1. August ist der 28-j\u00e4hrige Santiago Maldonado nach einem Polizeieinsatz in Patagonien spurlos verschwunden. Maldonado ist ein linker Aktivist aus dem Gro\u00dfraum Buenos Aires, der seit einigen Monaten in Patagonien lebt und schon mehrfach an Protestaktionen der Mapuche teilgenommen hat. Er hatte sich unter Anderem mit den Mapuche solidarisiert, die seit 2015 einen Teil der L\u00e4ndereien des Modeunternehmers Luciano Benetton besetzt halten, weil sie es als ihr angestammtes Land ansehen. Ihr Anf\u00fchrer Facundo Jones Huala befindet sich seit Ende Juni in Haft und seit Ende Juli im Hungerstreik. Mapuche-Aktivisten hatten daraufhin die Landstra\u00dfe in der Gemeinde Pu Lof im S\u00fcden Argentiniens aus Solidarit\u00e4t mit ihrem Gemeindef\u00fchrer blockiert.<\/p>\n<p>Am 1. August wurde die Stra\u00dfenblockade der Mapuche von der Polizei gewaltsam ger\u00e4umt, nachdem es schon in der Nacht zuvor zu Auseinandersetzungen gekommen war. Nach Zeugenaussagen ist die Polizei dabei sehr gewaltsam vorgegangen und soll Gummigeschosse und scharfe Munition eingesetzt haben. Die Protestierenden wurden dadurch zur Flucht gezwungen und in den eiskalten Fluss Chubutgetrieben. Maldonado, der nicht schwimmen kann, blieb in Ufern\u00e4he. Umringt von Polizisten wurde er das letzte Mal gesehen; seitdem fehlt jede Spur von ihm. Augenzeugen und seine Verwandten gehen davon aus, dass Maldonado von der Polizei verpr\u00fcgelt und weggeschafft worden ist.<\/p>\n<p><strong>Mannschaftsw\u00e4gen ges\u00e4ubert, Einsatzleiter ahnungslos<\/strong><\/p>\n<p>Inzwischen fordert ein breites B\u00fcndnis, dass Maldonado lebend wieder auftaucht und die Vorf\u00e4lle aufgekl\u00e4rt werden. 13 namhafte argentinische Menschenrechtsorganisationen, unter ihnen die M\u00fctter der Plaza de Mayo und die Organisation Hijos, sowie der UN-Ausschuss gegen das Verschwindenlassen haben die Regierung aufgefordert, das mutma\u00dfliche Verbrechen aufzukl\u00e4ren. Auch Oppositionsf\u00fchrerin Cristina Fern\u00e1ndez de Kirchner hat im Kommunalwahlkampf Aufkl\u00e4rung in dem Fall gefordert. Die Regierung Macri hat inzwischen eine Belohnung von 28.000 US-Dollar ausgesetzt.<\/p>\n<p>Die Polizei selbst behauptet, Maldonado nicht festgenommen zu haben. Der mit dem Fall beauftragte Bundesanwalt Fernando Machado hingegen geht davon aus, dass sich Maldonado zuletzt lebend in den H\u00e4nden der Polizei befand. Er kritisierte, dass die von ihm untersuchten Mannschaftsw\u00e4gen frisch gereinigt gewesen seien. Zudem beklagte er eine mangelnde Kooperation des Einsatzleiters. Am 11. August fand in Buenos Aires eine Demonstration mit tausenden Teilnehmer*innen statt, die forderten, dass Maldonado lebend wieder auftaucht und die Rolle der Polizei in sein Verschwinden aufgekl\u00e4rt wird.<\/p>\n<p>&nbsp;<\/p>\n<p><em>Dieser Text ist lizenziert unter Creative Commons Namensnennung-Weitergabe unter gleichen Bedingungen 4.0 international.\u00a0<\/em><em>https:\/\/creativecommons.org\/licenses\/by-sa\/4.0\/<\/em><\/p>\n<p><em>Quelle:<\/em><br \/>\n<em>poonal &#8211; Pressedienst lateinamerikanischer Nachrichtenagenturen<\/em><br \/>\n<em>Herausgeber: Nachrichtenpool Lateinamerika e.V.<\/em><br \/>\n<em>Internet: http:\/\/www.npla.de<\/em><\/p>\n","protected":false},"excerpt":{"rendered":"<p>&nbsp; Von Darius Ossami, Nachrichtenpool Lateinamerika Seit dem 1. August ist der 28-j\u00e4hrige Santiago Maldonado nach einem Polizeieinsatz in Patagonien spurlos verschwunden. Maldonado ist ein linker Aktivist aus dem Gro\u00dfraum Buenos Aires, der seit einigen Monaten in Patagonien lebt und&hellip;<\/p>\n","protected":false},"author":1097,"featured_media":504780,"comment_status":"closed","ping_status":"closed","sticky":false,"template":"","format":"standard","meta":{"footnotes":""},"categories":[9161,9145,9154],"tags":[10446,9612,13106,39326,36197],"class_list":["post-504767","post","type-post","status-publish","format-standard","has-post-thumbnail","hentry","category-menschenrechte","category-pressemitteilungen","category-suedamerika","tag-argentinien","tag-benetton","tag-mapuche-de","tag-santiago-maldonado","tag-verschwundene"],"yoast_head":"<!-- This site is optimized with the Yoast SEO plugin v27.1.1 - https:\/\/yoast.com\/product\/yoast-seo-wordpress\/ -->\n<title>Wo ist Santiago Maldonado?<\/title>\n<meta name=\"description\" content=\"&nbsp; Von Darius Ossami, Nachrichtenpool Lateinamerika Seit dem 1. August ist der 28-j\u00e4hrige Santiago Maldonado nach einem Polizeieinsatz in Patagonien\" \/>\n<meta name=\"robots\" content=\"index, follow, max-snippet:-1, max-image-preview:large, max-video-preview:-1\" \/>\n<link rel=\"canonical\" href=\"https:\/\/www.pressenza.com\/de\/2017\/08\/wo-ist-santiago-maldonado\/\" \/>\n<meta property=\"og:locale\" content=\"de_DE\" \/>\n<meta property=\"og:type\" content=\"article\" \/>\n<meta property=\"og:title\" content=\"Wo ist Santiago Maldonado?\" \/>\n<meta property=\"og:description\" content=\"&nbsp; Von Darius Ossami, Nachrichtenpool Lateinamerika Seit dem 1. August ist der 28-j\u00e4hrige Santiago Maldonado nach einem Polizeieinsatz in Patagonien\" \/>\n<meta property=\"og:url\" content=\"https:\/\/www.pressenza.com\/de\/2017\/08\/wo-ist-santiago-maldonado\/\" \/>\n<meta property=\"og:site_name\" content=\"Pressenza\" \/>\n<meta property=\"article:publisher\" content=\"https:\/\/www.facebook.com\/PressenzaItalia\" \/>\n<meta property=\"article:author\" content=\"https:\/\/www.facebook.com\/Pressenza-Deutschland-sterreich-Schweiz-281675388658060\/timeline\/\" \/>\n<meta property=\"article:published_time\" content=\"2017-08-17T11:26:17+00:00\" \/>\n<meta property=\"og:image\" content=\"https:\/\/www.pressenza.com\/wp-content\/uploads\/2017\/08\/Maldonado.jpg\" \/>\n\t<meta property=\"og:image:width\" content=\"949\" \/>\n\t<meta property=\"og:image:height\" content=\"640\" \/>\n\t<meta property=\"og:image:type\" content=\"image\/jpeg\" \/>\n<meta name=\"author\" content=\"Pressenza Muenchen\" \/>\n<meta name=\"twitter:card\" content=\"summary_large_image\" \/>\n<meta name=\"twitter:creator\" content=\"@pressenza_ger\" \/>\n<meta name=\"twitter:site\" content=\"@PressenzaIPA\" \/>\n<meta name=\"twitter:label1\" content=\"Verfasst von\" \/>\n\t<meta name=\"twitter:data1\" content=\"Pressenza Muenchen\" \/>\n\t<meta name=\"twitter:label2\" content=\"Gesch\u00e4tzte Lesezeit\" \/>\n\t<meta name=\"twitter:data2\" content=\"2\u00a0Minuten\" \/>\n<script type=\"application\/ld+json\" class=\"yoast-schema-graph\">{\"@context\":\"https:\/\/schema.org\",\"@graph\":[{\"@type\":\"Article\",\"@id\":\"https:\/\/www.pressenza.com\/de\/2017\/08\/wo-ist-santiago-maldonado\/#article\",\"isPartOf\":{\"@id\":\"https:\/\/www.pressenza.com\/de\/2017\/08\/wo-ist-santiago-maldonado\/\"},\"author\":{\"name\":\"Pressenza Muenchen\",\"@id\":\"https:\/\/www.pressenza.com\/de\/#\/schema\/person\/0069724cfb2cb9785368a167d0d900b7\"},\"headline\":\"Wo ist Santiago Maldonado?\",\"datePublished\":\"2017-08-17T11:26:17+00:00\",\"mainEntityOfPage\":{\"@id\":\"https:\/\/www.pressenza.com\/de\/2017\/08\/wo-ist-santiago-maldonado\/\"},\"wordCount\":424,\"publisher\":{\"@id\":\"https:\/\/www.pressenza.com\/de\/#organization\"},\"image\":{\"@id\":\"https:\/\/www.pressenza.com\/de\/2017\/08\/wo-ist-santiago-maldonado\/#primaryimage\"},\"thumbnailUrl\":\"https:\/\/www.pressenza.com\/wp-content\/uploads\/2017\/08\/Maldonado.jpg\",\"keywords\":[\"Argentinien\",\"Benetton\",\"Mapuche\",\"Santiago Maldonado\",\"Verschwundene\"],\"articleSection\":[\"Menschenrechte\",\"Pressemitteilungen\",\"S\u00fcdamerika\"],\"inLanguage\":\"de\"},{\"@type\":\"WebPage\",\"@id\":\"https:\/\/www.pressenza.com\/de\/2017\/08\/wo-ist-santiago-maldonado\/\",\"url\":\"https:\/\/www.pressenza.com\/de\/2017\/08\/wo-ist-santiago-maldonado\/\",\"name\":\"Wo ist Santiago Maldonado?\",\"isPartOf\":{\"@id\":\"https:\/\/www.pressenza.com\/de\/#website\"},\"primaryImageOfPage\":{\"@id\":\"https:\/\/www.pressenza.com\/de\/2017\/08\/wo-ist-santiago-maldonado\/#primaryimage\"},\"image\":{\"@id\":\"https:\/\/www.pressenza.com\/de\/2017\/08\/wo-ist-santiago-maldonado\/#primaryimage\"},\"thumbnailUrl\":\"https:\/\/www.pressenza.com\/wp-content\/uploads\/2017\/08\/Maldonado.jpg\",\"datePublished\":\"2017-08-17T11:26:17+00:00\",\"description\":\"&nbsp; Von Darius Ossami, Nachrichtenpool Lateinamerika Seit dem 1. August ist der 28-j\u00e4hrige Santiago Maldonado nach einem Polizeieinsatz in Patagonien\",\"breadcrumb\":{\"@id\":\"https:\/\/www.pressenza.com\/de\/2017\/08\/wo-ist-santiago-maldonado\/#breadcrumb\"},\"inLanguage\":\"de\",\"potentialAction\":[{\"@type\":\"ReadAction\",\"target\":[\"https:\/\/www.pressenza.com\/de\/2017\/08\/wo-ist-santiago-maldonado\/\"]}]},{\"@type\":\"ImageObject\",\"inLanguage\":\"de\",\"@id\":\"https:\/\/www.pressenza.com\/de\/2017\/08\/wo-ist-santiago-maldonado\/#primaryimage\",\"url\":\"https:\/\/www.pressenza.com\/wp-content\/uploads\/2017\/08\/Maldonado.jpg\",\"contentUrl\":\"https:\/\/www.pressenza.com\/wp-content\/uploads\/2017\/08\/Maldonado.jpg\",\"width\":949,\"height\":640},{\"@type\":\"BreadcrumbList\",\"@id\":\"https:\/\/www.pressenza.com\/de\/2017\/08\/wo-ist-santiago-maldonado\/#breadcrumb\",\"itemListElement\":[{\"@type\":\"ListItem\",\"position\":1,\"name\":\"Accueil\",\"item\":\"https:\/\/www.pressenza.com\/de\/\"},{\"@type\":\"ListItem\",\"position\":2,\"name\":\"Wo ist Santiago Maldonado?\"}]},{\"@type\":\"WebSite\",\"@id\":\"https:\/\/www.pressenza.com\/de\/#website\",\"url\":\"https:\/\/www.pressenza.com\/de\/\",\"name\":\"Pressenza\",\"description\":\"International Press Agency\",\"publisher\":{\"@id\":\"https:\/\/www.pressenza.com\/de\/#organization\"},\"potentialAction\":[{\"@type\":\"SearchAction\",\"target\":{\"@type\":\"EntryPoint\",\"urlTemplate\":\"https:\/\/www.pressenza.com\/de\/?s={search_term_string}\"},\"query-input\":{\"@type\":\"PropertyValueSpecification\",\"valueRequired\":true,\"valueName\":\"search_term_string\"}}],\"inLanguage\":\"de\"},{\"@type\":\"Organization\",\"@id\":\"https:\/\/www.pressenza.com\/de\/#organization\",\"name\":\"Pressenza\",\"url\":\"https:\/\/www.pressenza.com\/de\/\",\"logo\":{\"@type\":\"ImageObject\",\"inLanguage\":\"de\",\"@id\":\"https:\/\/www.pressenza.com\/de\/#\/schema\/logo\/image\/\",\"url\":\"https:\/\/www.pressenza.com\/wp-content\/uploads\/2022\/10\/pressenza_logo_200x200.jpg\",\"contentUrl\":\"https:\/\/www.pressenza.com\/wp-content\/uploads\/2022\/10\/pressenza_logo_200x200.jpg\",\"width\":200,\"height\":200,\"caption\":\"Pressenza\"},\"image\":{\"@id\":\"https:\/\/www.pressenza.com\/de\/#\/schema\/logo\/image\/\"},\"sameAs\":[\"https:\/\/www.facebook.com\/PressenzaItalia\",\"https:\/\/x.com\/PressenzaIPA\"]},{\"@type\":\"Person\",\"@id\":\"https:\/\/www.pressenza.com\/de\/#\/schema\/person\/0069724cfb2cb9785368a167d0d900b7\",\"name\":\"Pressenza Muenchen\",\"description\":\"News from the Pressenza bureau in Munich, Germany\",\"sameAs\":[\"https:\/\/www.facebook.com\/Pressenza-Deutschland-sterreich-Schweiz-281675388658060\/timeline\/\",\"https:\/\/x.com\/pressenza_ger\"],\"url\":\"https:\/\/www.pressenza.com\/de\/author\/pressenza-muenchen\/\"}]}<\/script>\n<!-- \/ Yoast SEO plugin. -->","yoast_head_json":{"title":"Wo ist Santiago Maldonado?","description":"&nbsp; Von Darius Ossami, Nachrichtenpool Lateinamerika Seit dem 1. August ist der 28-j\u00e4hrige Santiago Maldonado nach einem Polizeieinsatz in Patagonien","robots":{"index":"index","follow":"follow","max-snippet":"max-snippet:-1","max-image-preview":"max-image-preview:large","max-video-preview":"max-video-preview:-1"},"canonical":"https:\/\/www.pressenza.com\/de\/2017\/08\/wo-ist-santiago-maldonado\/","og_locale":"de_DE","og_type":"article","og_title":"Wo ist Santiago Maldonado?","og_description":"&nbsp; Von Darius Ossami, Nachrichtenpool Lateinamerika Seit dem 1. August ist der 28-j\u00e4hrige Santiago Maldonado nach einem Polizeieinsatz in Patagonien","og_url":"https:\/\/www.pressenza.com\/de\/2017\/08\/wo-ist-santiago-maldonado\/","og_site_name":"Pressenza","article_publisher":"https:\/\/www.facebook.com\/PressenzaItalia","article_author":"https:\/\/www.facebook.com\/Pressenza-Deutschland-sterreich-Schweiz-281675388658060\/timeline\/","article_published_time":"2017-08-17T11:26:17+00:00","og_image":[{"width":949,"height":640,"url":"https:\/\/www.pressenza.com\/wp-content\/uploads\/2017\/08\/Maldonado.jpg","type":"image\/jpeg"}],"author":"Pressenza Muenchen","twitter_card":"summary_large_image","twitter_creator":"@pressenza_ger","twitter_site":"@PressenzaIPA","twitter_misc":{"Verfasst von":"Pressenza Muenchen","Gesch\u00e4tzte Lesezeit":"2\u00a0Minuten"},"schema":{"@context":"https:\/\/schema.org","@graph":[{"@type":"Article","@id":"https:\/\/www.pressenza.com\/de\/2017\/08\/wo-ist-santiago-maldonado\/#article","isPartOf":{"@id":"https:\/\/www.pressenza.com\/de\/2017\/08\/wo-ist-santiago-maldonado\/"},"author":{"name":"Pressenza Muenchen","@id":"https:\/\/www.pressenza.com\/de\/#\/schema\/person\/0069724cfb2cb9785368a167d0d900b7"},"headline":"Wo ist Santiago Maldonado?","datePublished":"2017-08-17T11:26:17+00:00","mainEntityOfPage":{"@id":"https:\/\/www.pressenza.com\/de\/2017\/08\/wo-ist-santiago-maldonado\/"},"wordCount":424,"publisher":{"@id":"https:\/\/www.pressenza.com\/de\/#organization"},"image":{"@id":"https:\/\/www.pressenza.com\/de\/2017\/08\/wo-ist-santiago-maldonado\/#primaryimage"},"thumbnailUrl":"https:\/\/www.pressenza.com\/wp-content\/uploads\/2017\/08\/Maldonado.jpg","keywords":["Argentinien","Benetton","Mapuche","Santiago Maldonado","Verschwundene"],"articleSection":["Menschenrechte","Pressemitteilungen","S\u00fcdamerika"],"inLanguage":"de"},{"@type":"WebPage","@id":"https:\/\/www.pressenza.com\/de\/2017\/08\/wo-ist-santiago-maldonado\/","url":"https:\/\/www.pressenza.com\/de\/2017\/08\/wo-ist-santiago-maldonado\/","name":"Wo ist Santiago Maldonado?","isPartOf":{"@id":"https:\/\/www.pressenza.com\/de\/#website"},"primaryImageOfPage":{"@id":"https:\/\/www.pressenza.com\/de\/2017\/08\/wo-ist-santiago-maldonado\/#primaryimage"},"image":{"@id":"https:\/\/www.pressenza.com\/de\/2017\/08\/wo-ist-santiago-maldonado\/#primaryimage"},"thumbnailUrl":"https:\/\/www.pressenza.com\/wp-content\/uploads\/2017\/08\/Maldonado.jpg","datePublished":"2017-08-17T11:26:17+00:00","description":"&nbsp; Von Darius Ossami, Nachrichtenpool Lateinamerika Seit dem 1. August ist der 28-j\u00e4hrige Santiago Maldonado nach einem Polizeieinsatz in Patagonien","breadcrumb":{"@id":"https:\/\/www.pressenza.com\/de\/2017\/08\/wo-ist-santiago-maldonado\/#breadcrumb"},"inLanguage":"de","potentialAction":[{"@type":"ReadAction","target":["https:\/\/www.pressenza.com\/de\/2017\/08\/wo-ist-santiago-maldonado\/"]}]},{"@type":"ImageObject","inLanguage":"de","@id":"https:\/\/www.pressenza.com\/de\/2017\/08\/wo-ist-santiago-maldonado\/#primaryimage","url":"https:\/\/www.pressenza.com\/wp-content\/uploads\/2017\/08\/Maldonado.jpg","contentUrl":"https:\/\/www.pressenza.com\/wp-content\/uploads\/2017\/08\/Maldonado.jpg","width":949,"height":640},{"@type":"BreadcrumbList","@id":"https:\/\/www.pressenza.com\/de\/2017\/08\/wo-ist-santiago-maldonado\/#breadcrumb","itemListElement":[{"@type":"ListItem","position":1,"name":"Accueil","item":"https:\/\/www.pressenza.com\/de\/"},{"@type":"ListItem","position":2,"name":"Wo ist Santiago Maldonado?"}]},{"@type":"WebSite","@id":"https:\/\/www.pressenza.com\/de\/#website","url":"https:\/\/www.pressenza.com\/de\/","name":"Pressenza","description":"International Press Agency","publisher":{"@id":"https:\/\/www.pressenza.com\/de\/#organization"},"potentialAction":[{"@type":"SearchAction","target":{"@type":"EntryPoint","urlTemplate":"https:\/\/www.pressenza.com\/de\/?s={search_term_string}"},"query-input":{"@type":"PropertyValueSpecification","valueRequired":true,"valueName":"search_term_string"}}],"inLanguage":"de"},{"@type":"Organization","@id":"https:\/\/www.pressenza.com\/de\/#organization","name":"Pressenza","url":"https:\/\/www.pressenza.com\/de\/","logo":{"@type":"ImageObject","inLanguage":"de","@id":"https:\/\/www.pressenza.com\/de\/#\/schema\/logo\/image\/","url":"https:\/\/www.pressenza.com\/wp-content\/uploads\/2022\/10\/pressenza_logo_200x200.jpg","contentUrl":"https:\/\/www.pressenza.com\/wp-content\/uploads\/2022\/10\/pressenza_logo_200x200.jpg","width":200,"height":200,"caption":"Pressenza"},"image":{"@id":"https:\/\/www.pressenza.com\/de\/#\/schema\/logo\/image\/"},"sameAs":["https:\/\/www.facebook.com\/PressenzaItalia","https:\/\/x.com\/PressenzaIPA"]},{"@type":"Person","@id":"https:\/\/www.pressenza.com\/de\/#\/schema\/person\/0069724cfb2cb9785368a167d0d900b7","name":"Pressenza Muenchen","description":"News from the Pressenza bureau in Munich, Germany","sameAs":["https:\/\/www.facebook.com\/Pressenza-Deutschland-sterreich-Schweiz-281675388658060\/timeline\/","https:\/\/x.com\/pressenza_ger"],"url":"https:\/\/www.pressenza.com\/de\/author\/pressenza-muenchen\/"}]}},"place":"","original_article_url":"https:\/\/www.npla.de\/poonal\/wo-ist-santiago-maldonado\/?#","_links":{"self":[{"href":"https:\/\/www.pressenza.com\/de\/wp-json\/wp\/v2\/posts\/504767","targetHints":{"allow":["GET"]}}],"collection":[{"href":"https:\/\/www.pressenza.com\/de\/wp-json\/wp\/v2\/posts"}],"about":[{"href":"https:\/\/www.pressenza.com\/de\/wp-json\/wp\/v2\/types\/post"}],"author":[{"embeddable":true,"href":"https:\/\/www.pressenza.com\/de\/wp-json\/wp\/v2\/users\/1097"}],"replies":[{"embeddable":true,"href":"https:\/\/www.pressenza.com\/de\/wp-json\/wp\/v2\/comments?post=504767"}],"version-history":[{"count":0,"href":"https:\/\/www.pressenza.com\/de\/wp-json\/wp\/v2\/posts\/504767\/revisions"}],"wp:featuredmedia":[{"embeddable":true,"href":"https:\/\/www.pressenza.com\/de\/wp-json\/wp\/v2\/media\/504780"}],"wp:attachment":[{"href":"https:\/\/www.pressenza.com\/de\/wp-json\/wp\/v2\/media?parent=504767"}],"wp:term":[{"taxonomy":"category","embeddable":true,"href":"https:\/\/www.pressenza.com\/de\/wp-json\/wp\/v2\/categories?post=504767"},{"taxonomy":"post_tag","embeddable":true,"href":"https:\/\/www.pressenza.com\/de\/wp-json\/wp\/v2\/tags?post=504767"}],"curies":[{"name":"wp","href":"https:\/\/api.w.org\/{rel}","templated":true}]}}