{"id":486151,"date":"2017-07-04T11:14:43","date_gmt":"2017-07-04T10:14:43","guid":{"rendered":"https:\/\/www.pressenza.com\/?p=486151\/"},"modified":"2017-07-04T14:08:53","modified_gmt":"2017-07-04T13:08:53","slug":"athen-20-festival-gegen-rassismus","status":"publish","type":"post","link":"https:\/\/www.pressenza.com\/de\/2017\/07\/athen-20-festival-gegen-rassismus\/","title":{"rendered":"Athen: 20. Festival gegen Rassismus"},"content":{"rendered":"<p><strong>\u201eUnser Land ist die ganze Erde\u201c<\/strong> lautete der Slogan des diesj\u00e4hrigen 20. Festivals gegen Diskriminierung und Rassismus, das an drei Tagen vom 30. Juni bis 2. Juli in Athen stattfand.<\/p>\n<p>Traditionell nehmen zahlreiche Organisationen und Bewegungen der Zivilgesellschaft an diesen Feierlichkeiten teil, die neben politischen und sozialen Diskussionsrunden, Events und musikalischen Auff\u00fchrungen auch St\u00e4nde beherbergen, an denen K\u00f6stlichkeiten von den verschiedenen Gemeinden der Migranten und Fl\u00fcchtlinge, die in Athen leben, aus ihren eigenen L\u00e4ndern angeboten werden. Dieses Jahr waren die Gespr\u00e4chsthemen: Hausbesetzungen durch Fl\u00fcchtlinge, Hotspots auf den Inseln und den Camps im Allgemeinen, die wirtschaftliche Krise, Arbeitslosigkeit, Gemeing\u00fcter usw..<\/p>\n<p>Pressenza nahm zum zweiten Mal mit einem eigenen Stand teil, an dem Brosch\u00fcren mit ausgew\u00e4hlten Interviews und Artikeln (Original- sowie von der griechischen Redaktion \u00fcbersetzt) verteilt wurden. Es war eine gute Gelegenheit, sich mit anderen sozialen Bewegungen zu vernetzen und Kontakte zu neuen unabh\u00e4ngigen Medien zu kn\u00fcpfen.<\/p>\n<p>Anbei einige Fotos von Evita Paraskevopoulou:<\/p>\n<p><img decoding=\"async\" src=\"https:\/\/www.pressenza.com\/wp-content\/uploads\/2017\/07\/fotografies-apo-to-20o-antiratsistiko-11-720x540.png\" \/><\/p>\n<p><img decoding=\"async\" src=\"https:\/\/www.pressenza.com\/wp-content\/uploads\/2017\/07\/fotografies-apo-to-20o-antiratsistiko-4-1-720x540.png\" \/><\/p>\n<p>&nbsp;<\/p>\n<p><img decoding=\"async\" src=\"https:\/\/www.pressenza.com\/wp-content\/uploads\/2017\/07\/fotografies-apo-to-20o-antiratsistiko-12-720x540.png\" \/><\/p>\n<p><img decoding=\"async\" src=\"https:\/\/www.pressenza.com\/wp-content\/uploads\/2017\/07\/fotografies-apo-to-20o-antiratsistiko-2-1-720x540.png\" \/><\/p>\n<p><img decoding=\"async\" src=\"https:\/\/www.pressenza.com\/wp-content\/uploads\/2017\/07\/fotografies-apo-to-20o-antiratsistiko-10-720x540.png\" \/><\/p>\n<p><img decoding=\"async\" src=\"https:\/\/www.pressenza.com\/wp-content\/uploads\/2017\/07\/fotografies-apo-to-20o-antiratsistiko-9-720x540.png\" \/><\/p>\n<p><img decoding=\"async\" src=\"https:\/\/www.pressenza.com\/wp-content\/uploads\/2017\/07\/fotografies-apo-to-20o-antiratsistiko-8-720x540.png\" \/><\/p>\n<p><img decoding=\"async\" src=\"https:\/\/www.pressenza.com\/wp-content\/uploads\/2017\/07\/fotografies-apo-to-20o-antiratsistiko-7-720x960.png\" \/><\/p>\n<p><img decoding=\"async\" src=\"https:\/\/www.pressenza.com\/wp-content\/uploads\/2017\/07\/fotografies-apo-to-20o-antiratsistiko-6-720x540.png\" \/><\/p>\n<p><img decoding=\"async\" src=\"https:\/\/www.pressenza.com\/wp-content\/uploads\/2017\/07\/fotografies-apo-to-20o-antiratsistiko-5-720x540.png\" \/><\/p>\n<p><img decoding=\"async\" src=\"https:\/\/www.pressenza.com\/wp-content\/uploads\/2017\/07\/fotografies-apo-to-20o-antiratsistiko-13-720x540.png\" \/><\/p>\n<p><img decoding=\"async\" src=\"https:\/\/www.pressenza.com\/wp-content\/uploads\/2017\/07\/fotografies-apo-to-20o-antiratsistiko-1-720x574.png\" \/><\/p>\n<p>&nbsp;<\/p>\n","protected":false},"excerpt":{"rendered":"<p>\u201eUnser Land ist die ganze Erde\u201c lautete der Slogan des diesj\u00e4hrigen 20. Festivals gegen Diskriminierung und Rassismus, das an drei Tagen vom 30. Juni bis 2. Juli in Athen stattfand. Traditionell nehmen zahlreiche Organisationen und Bewegungen der Zivilgesellschaft an diesen&hellip;<\/p>\n","protected":false},"author":1220,"featured_media":485943,"comment_status":"closed","ping_status":"closed","sticky":false,"template":"","format":"standard","meta":{"footnotes":""},"categories":[9150,9144,9156,11387],"tags":[38612,15040,564,9219,15221],"class_list":["post-486151","post","type-post","status-publish","format-standard","has-post-thumbnail","hentry","category-europa-de","category-fotoreportagen","category-kultur-und-medien","category-originalinhalt","tag-anti-rassismus","tag-athen","tag-festival","tag-fluchtlinge","tag-griechenland"],"yoast_head":"<!-- This site is optimized with the Yoast SEO plugin v27.1.1 - https:\/\/yoast.com\/product\/yoast-seo-wordpress\/ -->\n<title>Athen: 20. Festival gegen Rassismus<\/title>\n<meta name=\"description\" content=\"\u201eUnser Land ist die ganze Erde\u201c lautete der Slogan des diesj\u00e4hrigen 20. Festivals gegen Diskriminierung und Rassismus, das an drei Tagen vom 30. Juni bis\" \/>\n<meta name=\"robots\" content=\"index, follow, max-snippet:-1, max-image-preview:large, max-video-preview:-1\" \/>\n<link rel=\"canonical\" href=\"https:\/\/www.pressenza.com\/de\/2017\/07\/athen-20-festival-gegen-rassismus\/\" \/>\n<meta property=\"og:locale\" content=\"de_DE\" \/>\n<meta property=\"og:type\" content=\"article\" \/>\n<meta property=\"og:title\" content=\"Athen: 20. Festival gegen Rassismus\" \/>\n<meta property=\"og:description\" content=\"\u201eUnser Land ist die ganze Erde\u201c lautete der Slogan des diesj\u00e4hrigen 20. Festivals gegen Diskriminierung und Rassismus, das an drei Tagen vom 30. Juni bis\" \/>\n<meta property=\"og:url\" content=\"https:\/\/www.pressenza.com\/de\/2017\/07\/athen-20-festival-gegen-rassismus\/\" \/>\n<meta property=\"og:site_name\" content=\"Pressenza\" \/>\n<meta property=\"article:publisher\" content=\"https:\/\/www.facebook.com\/PressenzaItalia\" \/>\n<meta property=\"article:author\" content=\"https:\/\/www.facebook.com\/pressenzagr\/\" \/>\n<meta property=\"article:published_time\" content=\"2017-07-04T10:14:43+00:00\" \/>\n<meta property=\"article:modified_time\" content=\"2017-07-04T13:08:53+00:00\" \/>\n<meta property=\"og:image\" content=\"https:\/\/www.pressenza.com\/wp-content\/uploads\/2017\/07\/kinisi-apelaste-ton-ratsismo.jpg\" \/>\n\t<meta property=\"og:image:width\" content=\"750\" \/>\n\t<meta property=\"og:image:height\" content=\"563\" \/>\n\t<meta property=\"og:image:type\" content=\"image\/jpeg\" \/>\n<meta name=\"author\" content=\"Pressenza Athens\" \/>\n<meta name=\"twitter:card\" content=\"summary_large_image\" \/>\n<meta name=\"twitter:creator\" content=\"@Pressenza_ath\" \/>\n<meta name=\"twitter:site\" content=\"@PressenzaIPA\" \/>\n<meta name=\"twitter:label1\" content=\"Verfasst von\" \/>\n\t<meta name=\"twitter:data1\" content=\"Pressenza Athens\" \/>\n\t<meta name=\"twitter:label2\" content=\"Gesch\u00e4tzte Lesezeit\" \/>\n\t<meta name=\"twitter:data2\" content=\"1\u00a0Minute\" \/>\n<script type=\"application\/ld+json\" class=\"yoast-schema-graph\">{\"@context\":\"https:\/\/schema.org\",\"@graph\":[{\"@type\":\"Article\",\"@id\":\"https:\/\/www.pressenza.com\/de\/2017\/07\/athen-20-festival-gegen-rassismus\/#article\",\"isPartOf\":{\"@id\":\"https:\/\/www.pressenza.com\/de\/2017\/07\/athen-20-festival-gegen-rassismus\/\"},\"author\":{\"name\":\"Pressenza Athens\",\"@id\":\"https:\/\/www.pressenza.com\/de\/#\/schema\/person\/9eae8d7f0aad5ec6a7f6f21ec94480fb\"},\"headline\":\"Athen: 20. Festival gegen Rassismus\",\"datePublished\":\"2017-07-04T10:14:43+00:00\",\"dateModified\":\"2017-07-04T13:08:53+00:00\",\"mainEntityOfPage\":{\"@id\":\"https:\/\/www.pressenza.com\/de\/2017\/07\/athen-20-festival-gegen-rassismus\/\"},\"wordCount\":168,\"publisher\":{\"@id\":\"https:\/\/www.pressenza.com\/de\/#organization\"},\"image\":{\"@id\":\"https:\/\/www.pressenza.com\/de\/2017\/07\/athen-20-festival-gegen-rassismus\/#primaryimage\"},\"thumbnailUrl\":\"https:\/\/www.pressenza.com\/wp-content\/uploads\/2017\/07\/kinisi-apelaste-ton-ratsismo.jpg\",\"keywords\":[\"Anti-Rassismus\",\"Athen\",\"festival\",\"Fl\u00fcchtlinge\",\"Griechenland\"],\"articleSection\":[\"Europa\",\"Fotoreportagen\",\"Kultur und Medien\",\"Originalinhalt\"],\"inLanguage\":\"de\"},{\"@type\":\"WebPage\",\"@id\":\"https:\/\/www.pressenza.com\/de\/2017\/07\/athen-20-festival-gegen-rassismus\/\",\"url\":\"https:\/\/www.pressenza.com\/de\/2017\/07\/athen-20-festival-gegen-rassismus\/\",\"name\":\"Athen: 20. Festival gegen Rassismus\",\"isPartOf\":{\"@id\":\"https:\/\/www.pressenza.com\/de\/#website\"},\"primaryImageOfPage\":{\"@id\":\"https:\/\/www.pressenza.com\/de\/2017\/07\/athen-20-festival-gegen-rassismus\/#primaryimage\"},\"image\":{\"@id\":\"https:\/\/www.pressenza.com\/de\/2017\/07\/athen-20-festival-gegen-rassismus\/#primaryimage\"},\"thumbnailUrl\":\"https:\/\/www.pressenza.com\/wp-content\/uploads\/2017\/07\/kinisi-apelaste-ton-ratsismo.jpg\",\"datePublished\":\"2017-07-04T10:14:43+00:00\",\"dateModified\":\"2017-07-04T13:08:53+00:00\",\"description\":\"\u201eUnser Land ist die ganze Erde\u201c lautete der Slogan des diesj\u00e4hrigen 20. Festivals gegen Diskriminierung und Rassismus, das an drei Tagen vom 30. Juni bis\",\"breadcrumb\":{\"@id\":\"https:\/\/www.pressenza.com\/de\/2017\/07\/athen-20-festival-gegen-rassismus\/#breadcrumb\"},\"inLanguage\":\"de\",\"potentialAction\":[{\"@type\":\"ReadAction\",\"target\":[\"https:\/\/www.pressenza.com\/de\/2017\/07\/athen-20-festival-gegen-rassismus\/\"]}]},{\"@type\":\"ImageObject\",\"inLanguage\":\"de\",\"@id\":\"https:\/\/www.pressenza.com\/de\/2017\/07\/athen-20-festival-gegen-rassismus\/#primaryimage\",\"url\":\"https:\/\/www.pressenza.com\/wp-content\/uploads\/2017\/07\/kinisi-apelaste-ton-ratsismo.jpg\",\"contentUrl\":\"https:\/\/www.pressenza.com\/wp-content\/uploads\/2017\/07\/kinisi-apelaste-ton-ratsismo.jpg\",\"width\":750,\"height\":563},{\"@type\":\"BreadcrumbList\",\"@id\":\"https:\/\/www.pressenza.com\/de\/2017\/07\/athen-20-festival-gegen-rassismus\/#breadcrumb\",\"itemListElement\":[{\"@type\":\"ListItem\",\"position\":1,\"name\":\"Accueil\",\"item\":\"https:\/\/www.pressenza.com\/de\/\"},{\"@type\":\"ListItem\",\"position\":2,\"name\":\"Athen: 20. Festival gegen Rassismus\"}]},{\"@type\":\"WebSite\",\"@id\":\"https:\/\/www.pressenza.com\/de\/#website\",\"url\":\"https:\/\/www.pressenza.com\/de\/\",\"name\":\"Pressenza\",\"description\":\"International Press Agency\",\"publisher\":{\"@id\":\"https:\/\/www.pressenza.com\/de\/#organization\"},\"potentialAction\":[{\"@type\":\"SearchAction\",\"target\":{\"@type\":\"EntryPoint\",\"urlTemplate\":\"https:\/\/www.pressenza.com\/de\/?s={search_term_string}\"},\"query-input\":{\"@type\":\"PropertyValueSpecification\",\"valueRequired\":true,\"valueName\":\"search_term_string\"}}],\"inLanguage\":\"de\"},{\"@type\":\"Organization\",\"@id\":\"https:\/\/www.pressenza.com\/de\/#organization\",\"name\":\"Pressenza\",\"url\":\"https:\/\/www.pressenza.com\/de\/\",\"logo\":{\"@type\":\"ImageObject\",\"inLanguage\":\"de\",\"@id\":\"https:\/\/www.pressenza.com\/de\/#\/schema\/logo\/image\/\",\"url\":\"https:\/\/www.pressenza.com\/wp-content\/uploads\/2022\/10\/pressenza_logo_200x200.jpg\",\"contentUrl\":\"https:\/\/www.pressenza.com\/wp-content\/uploads\/2022\/10\/pressenza_logo_200x200.jpg\",\"width\":200,\"height\":200,\"caption\":\"Pressenza\"},\"image\":{\"@id\":\"https:\/\/www.pressenza.com\/de\/#\/schema\/logo\/image\/\"},\"sameAs\":[\"https:\/\/www.facebook.com\/PressenzaItalia\",\"https:\/\/x.com\/PressenzaIPA\"]},{\"@type\":\"Person\",\"@id\":\"https:\/\/www.pressenza.com\/de\/#\/schema\/person\/9eae8d7f0aad5ec6a7f6f21ec94480fb\",\"name\":\"Pressenza Athens\",\"description\":\"News from the Pressenza Bureau in Athens, Greece\",\"sameAs\":[\"https:\/\/www.facebook.com\/pressenzagr\/\",\"https:\/\/x.com\/Pressenza_ath\"],\"url\":\"https:\/\/www.pressenza.com\/de\/author\/pressenza-athens\/\"}]}<\/script>\n<!-- \/ Yoast SEO plugin. -->","yoast_head_json":{"title":"Athen: 20. Festival gegen Rassismus","description":"\u201eUnser Land ist die ganze Erde\u201c lautete der Slogan des diesj\u00e4hrigen 20. Festivals gegen Diskriminierung und Rassismus, das an drei Tagen vom 30. Juni bis","robots":{"index":"index","follow":"follow","max-snippet":"max-snippet:-1","max-image-preview":"max-image-preview:large","max-video-preview":"max-video-preview:-1"},"canonical":"https:\/\/www.pressenza.com\/de\/2017\/07\/athen-20-festival-gegen-rassismus\/","og_locale":"de_DE","og_type":"article","og_title":"Athen: 20. Festival gegen Rassismus","og_description":"\u201eUnser Land ist die ganze Erde\u201c lautete der Slogan des diesj\u00e4hrigen 20. Festivals gegen Diskriminierung und Rassismus, das an drei Tagen vom 30. Juni bis","og_url":"https:\/\/www.pressenza.com\/de\/2017\/07\/athen-20-festival-gegen-rassismus\/","og_site_name":"Pressenza","article_publisher":"https:\/\/www.facebook.com\/PressenzaItalia","article_author":"https:\/\/www.facebook.com\/pressenzagr\/","article_published_time":"2017-07-04T10:14:43+00:00","article_modified_time":"2017-07-04T13:08:53+00:00","og_image":[{"width":750,"height":563,"url":"https:\/\/www.pressenza.com\/wp-content\/uploads\/2017\/07\/kinisi-apelaste-ton-ratsismo.jpg","type":"image\/jpeg"}],"author":"Pressenza Athens","twitter_card":"summary_large_image","twitter_creator":"@Pressenza_ath","twitter_site":"@PressenzaIPA","twitter_misc":{"Verfasst von":"Pressenza Athens","Gesch\u00e4tzte Lesezeit":"1\u00a0Minute"},"schema":{"@context":"https:\/\/schema.org","@graph":[{"@type":"Article","@id":"https:\/\/www.pressenza.com\/de\/2017\/07\/athen-20-festival-gegen-rassismus\/#article","isPartOf":{"@id":"https:\/\/www.pressenza.com\/de\/2017\/07\/athen-20-festival-gegen-rassismus\/"},"author":{"name":"Pressenza Athens","@id":"https:\/\/www.pressenza.com\/de\/#\/schema\/person\/9eae8d7f0aad5ec6a7f6f21ec94480fb"},"headline":"Athen: 20. Festival gegen Rassismus","datePublished":"2017-07-04T10:14:43+00:00","dateModified":"2017-07-04T13:08:53+00:00","mainEntityOfPage":{"@id":"https:\/\/www.pressenza.com\/de\/2017\/07\/athen-20-festival-gegen-rassismus\/"},"wordCount":168,"publisher":{"@id":"https:\/\/www.pressenza.com\/de\/#organization"},"image":{"@id":"https:\/\/www.pressenza.com\/de\/2017\/07\/athen-20-festival-gegen-rassismus\/#primaryimage"},"thumbnailUrl":"https:\/\/www.pressenza.com\/wp-content\/uploads\/2017\/07\/kinisi-apelaste-ton-ratsismo.jpg","keywords":["Anti-Rassismus","Athen","festival","Fl\u00fcchtlinge","Griechenland"],"articleSection":["Europa","Fotoreportagen","Kultur und Medien","Originalinhalt"],"inLanguage":"de"},{"@type":"WebPage","@id":"https:\/\/www.pressenza.com\/de\/2017\/07\/athen-20-festival-gegen-rassismus\/","url":"https:\/\/www.pressenza.com\/de\/2017\/07\/athen-20-festival-gegen-rassismus\/","name":"Athen: 20. Festival gegen Rassismus","isPartOf":{"@id":"https:\/\/www.pressenza.com\/de\/#website"},"primaryImageOfPage":{"@id":"https:\/\/www.pressenza.com\/de\/2017\/07\/athen-20-festival-gegen-rassismus\/#primaryimage"},"image":{"@id":"https:\/\/www.pressenza.com\/de\/2017\/07\/athen-20-festival-gegen-rassismus\/#primaryimage"},"thumbnailUrl":"https:\/\/www.pressenza.com\/wp-content\/uploads\/2017\/07\/kinisi-apelaste-ton-ratsismo.jpg","datePublished":"2017-07-04T10:14:43+00:00","dateModified":"2017-07-04T13:08:53+00:00","description":"\u201eUnser Land ist die ganze Erde\u201c lautete der Slogan des diesj\u00e4hrigen 20. Festivals gegen Diskriminierung und Rassismus, das an drei Tagen vom 30. Juni bis","breadcrumb":{"@id":"https:\/\/www.pressenza.com\/de\/2017\/07\/athen-20-festival-gegen-rassismus\/#breadcrumb"},"inLanguage":"de","potentialAction":[{"@type":"ReadAction","target":["https:\/\/www.pressenza.com\/de\/2017\/07\/athen-20-festival-gegen-rassismus\/"]}]},{"@type":"ImageObject","inLanguage":"de","@id":"https:\/\/www.pressenza.com\/de\/2017\/07\/athen-20-festival-gegen-rassismus\/#primaryimage","url":"https:\/\/www.pressenza.com\/wp-content\/uploads\/2017\/07\/kinisi-apelaste-ton-ratsismo.jpg","contentUrl":"https:\/\/www.pressenza.com\/wp-content\/uploads\/2017\/07\/kinisi-apelaste-ton-ratsismo.jpg","width":750,"height":563},{"@type":"BreadcrumbList","@id":"https:\/\/www.pressenza.com\/de\/2017\/07\/athen-20-festival-gegen-rassismus\/#breadcrumb","itemListElement":[{"@type":"ListItem","position":1,"name":"Accueil","item":"https:\/\/www.pressenza.com\/de\/"},{"@type":"ListItem","position":2,"name":"Athen: 20. Festival gegen Rassismus"}]},{"@type":"WebSite","@id":"https:\/\/www.pressenza.com\/de\/#website","url":"https:\/\/www.pressenza.com\/de\/","name":"Pressenza","description":"International Press Agency","publisher":{"@id":"https:\/\/www.pressenza.com\/de\/#organization"},"potentialAction":[{"@type":"SearchAction","target":{"@type":"EntryPoint","urlTemplate":"https:\/\/www.pressenza.com\/de\/?s={search_term_string}"},"query-input":{"@type":"PropertyValueSpecification","valueRequired":true,"valueName":"search_term_string"}}],"inLanguage":"de"},{"@type":"Organization","@id":"https:\/\/www.pressenza.com\/de\/#organization","name":"Pressenza","url":"https:\/\/www.pressenza.com\/de\/","logo":{"@type":"ImageObject","inLanguage":"de","@id":"https:\/\/www.pressenza.com\/de\/#\/schema\/logo\/image\/","url":"https:\/\/www.pressenza.com\/wp-content\/uploads\/2022\/10\/pressenza_logo_200x200.jpg","contentUrl":"https:\/\/www.pressenza.com\/wp-content\/uploads\/2022\/10\/pressenza_logo_200x200.jpg","width":200,"height":200,"caption":"Pressenza"},"image":{"@id":"https:\/\/www.pressenza.com\/de\/#\/schema\/logo\/image\/"},"sameAs":["https:\/\/www.facebook.com\/PressenzaItalia","https:\/\/x.com\/PressenzaIPA"]},{"@type":"Person","@id":"https:\/\/www.pressenza.com\/de\/#\/schema\/person\/9eae8d7f0aad5ec6a7f6f21ec94480fb","name":"Pressenza Athens","description":"News from the Pressenza Bureau in Athens, Greece","sameAs":["https:\/\/www.facebook.com\/pressenzagr\/","https:\/\/x.com\/Pressenza_ath"],"url":"https:\/\/www.pressenza.com\/de\/author\/pressenza-athens\/"}]}},"place":"Athen, Griechenland","original_article_url":"","_links":{"self":[{"href":"https:\/\/www.pressenza.com\/de\/wp-json\/wp\/v2\/posts\/486151","targetHints":{"allow":["GET"]}}],"collection":[{"href":"https:\/\/www.pressenza.com\/de\/wp-json\/wp\/v2\/posts"}],"about":[{"href":"https:\/\/www.pressenza.com\/de\/wp-json\/wp\/v2\/types\/post"}],"author":[{"embeddable":true,"href":"https:\/\/www.pressenza.com\/de\/wp-json\/wp\/v2\/users\/1220"}],"replies":[{"embeddable":true,"href":"https:\/\/www.pressenza.com\/de\/wp-json\/wp\/v2\/comments?post=486151"}],"version-history":[{"count":0,"href":"https:\/\/www.pressenza.com\/de\/wp-json\/wp\/v2\/posts\/486151\/revisions"}],"wp:featuredmedia":[{"embeddable":true,"href":"https:\/\/www.pressenza.com\/de\/wp-json\/wp\/v2\/media\/485943"}],"wp:attachment":[{"href":"https:\/\/www.pressenza.com\/de\/wp-json\/wp\/v2\/media?parent=486151"}],"wp:term":[{"taxonomy":"category","embeddable":true,"href":"https:\/\/www.pressenza.com\/de\/wp-json\/wp\/v2\/categories?post=486151"},{"taxonomy":"post_tag","embeddable":true,"href":"https:\/\/www.pressenza.com\/de\/wp-json\/wp\/v2\/tags?post=486151"}],"curies":[{"name":"wp","href":"https:\/\/api.w.org\/{rel}","templated":true}]}}