{"id":456696,"date":"2017-04-22T17:45:20","date_gmt":"2017-04-22T16:45:20","guid":{"rendered":"https:\/\/www.pressenza.com\/?p=456696\/"},"modified":"2017-04-22T17:45:20","modified_gmt":"2017-04-22T16:45:20","slug":"erdogans-verfassungsreferendum-millionenfaches-nein-unter-ausnahmezustand-verdient-respekt","status":"publish","type":"post","link":"https:\/\/www.pressenza.com\/de\/2017\/04\/erdogans-verfassungsreferendum-millionenfaches-nein-unter-ausnahmezustand-verdient-respekt\/","title":{"rendered":"Erdogans Verfassungsreferendum: Millionenfaches Nein unter Ausnahmezustand verdient Respekt"},"content":{"rendered":"<p><strong>In einem Referendum stimmte am vergangenen Sonntag (16.4.) eine knappe Mehrheit der T\u00fcrken f\u00fcr eine \u00c4nderung der t\u00fcrkischen Verfassung. Damit wurden die Weichen f\u00fcr eine Alleinherrschaft von Pr\u00e4sident Erdogan gestellt.\u00a0Mit der Schlie\u00dfung von Redaktionen und der Verhaftung von Oppositionellen hat die Regierung eine offene Diskussion unterbunden und stattdessen f\u00fcr ein Angstregime gesorgt.\u00a0Es verdient unseren Respekt, dass sich trotz des massiven Drucks von Seiten der t\u00fcrkischen Regierung fast die H\u00e4lfte der Abstimmenden entschlossen hat, mit Nein zu stimmen, und sich damit gegen die pr\u00e4sidialen Allmachtsfantasien gestellt hat.<\/strong><\/p>\n<p>Die 18 vom Parlament beschlossenen und mit knapper Mehrheit best\u00e4tigten \u00c4nderungsantr\u00e4ge beziehen sich auf 72 Artikel der t\u00fcrkischen Verfassung und haben einen massiven Zuwachs der pr\u00e4sidialen Macht zur Folge. Die seit dem Ausnahmezustand aus dem Gleichgewicht gekommene Gewaltenteilung wird nun zementiert. Das knappe Ergebnis wirft die Frage auf, ob die Volksabstimmung unter fairen Bedingungen anders ausgegangen w\u00e4re.<\/p>\n<p>Die Wahlbeobachter\/innen des Europarats und der Organisation f\u00fcr Sicherheit und Zusammenarbeit in Europa (OSZE) kritisierten laut Zeit Online bereits zahlreiche M\u00e4ngel und ungleiche Bedingungen f\u00fcr die Gegner\/innen und Bef\u00fcrworter\/innen der geplanten Verfassungs\u00e4nderung. Die sp\u00e4te \u00c4nderung der Abstimmungsregeln habe &#8222;gegen das Gesetz&#8220; versto\u00dfen. Dadurch seien wichtige &#8222;Schutzvorkehrungen&#8220; gegen Wahlbetrug beseitigt worden. Die Wahlbeobachter\/innen beziehen sich damit auf die Entscheidung der t\u00fcrkischen Wahlbeh\u00f6rde, auch von ihr nicht gekennzeichnete Stimmzettel und Umschl\u00e4ge gelten zu lassen. \u00dcblicherweise werden diese von der Kommission gestempelt, um zu garantieren, dass keine Stimmzettel oder Umschl\u00e4ge verwendet werden, die nicht von ihr stammen.<\/p>\n<p>Diese Entscheidung hatte die Wahlbeh\u00f6rde noch w\u00e4hrend der laufenden Abstimmung am Sonntag getroffen. Dar\u00fcber hinaus seien die W\u00e4hler\/innen nicht mit unabh\u00e4ngigen Informationen \u00fcber zentrale Aspekte der Reform versorgt worden. Zudem seien wegen des Ausnahmezustands Grundfreiheiten eingeschr\u00e4nkt gewesen, &#8222;die f\u00fcr einen demokratischen Prozess wesentlich sind&#8220;. Abzuwarten ist zudem das offizielle Endergebnis.<\/p>\n<p>\u201eVolksabstimmungen sind in der Regel bildungspolitische Gro\u00dfveranstaltungen, bei denen wichtige Themen breit und intensiv diskutiert werden. Unter den Bedingungen eines Ausnahmezustandes allerdings verlieren demokratische Instrumente schnell ihren urspr\u00fcnglichen Sinn und Zweck\u201c, so Ralf-Uwe Beck, Bundesvorstandsprecher von Mehr Demokratie. Solange die t\u00fcrkische Gesellschaft auf so viele kritischen Kr\u00e4fte z\u00e4hlen kann, bliebe auch die Hoffnung bestehen, dass die T\u00fcrkei zur Demokratie zur\u00fcckkehrt.<\/p>\n<p>Das Referendum war notwendig geworden, weil der Antrag auf Verfassungs\u00e4nderung die notwendige Zweidrittelmehrheit\u00a0im t\u00fcrkischen Parlament knapp verfehlt hatte. Die t\u00fcrkische Verfassung sieht in einem solchen Fall zwingend eine Volksabstimmung vor. Es waren rund 58 Millionen registrierte W\u00e4hler\/innen aufgefordert, \u00fcber die Verfassungs\u00e4nderung abzustimmen, darunter fast drei Millionen im Ausland lebende T\u00fcrken, davon 1,4 Millionen in Deutschland. Mehr Demokratie hatte gemeinsam mit der T\u00fcrkischen Gemeinde in Deutschland (TGD) zu einer offenen Diskussion aufgerufen, rechtsstaatliche Bedingungen f\u00fcr die Volksabstimmung angemahnt und f\u00fcr einen Fortbestand der Demokratie in der T\u00fcrkei geworben. Mehr als 16.000 Menschen hatten unseren Aufruf unterzeichnet.<\/p>\n<p><a href=\"https:\/\/www.mehr-demokratie.de\/tuerkei-verfassungsaenderungen.html\" target=\"_blank\" rel=\"noopener noreferrer\">Ausf\u00fchrliche Infos zu den Verfassungs\u00e4nderungen gibt es hier auf den Seiten von Mehr Demokratie e.V.<\/a><\/p>\n","protected":false},"excerpt":{"rendered":"<p>In einem Referendum stimmte am vergangenen Sonntag (16.4.) eine knappe Mehrheit der T\u00fcrken f\u00fcr eine \u00c4nderung der t\u00fcrkischen Verfassung. Damit wurden die Weichen f\u00fcr eine Alleinherrschaft von Pr\u00e4sident Erdogan gestellt.\u00a0Mit der Schlie\u00dfung von Redaktionen und der Verhaftung von Oppositionellen hat&hellip;<\/p>\n","protected":false},"author":1097,"featured_media":456700,"comment_status":"closed","ping_status":"closed","sticky":false,"template":"","format":"standard","meta":{"footnotes":""},"categories":[9150,9168,9145,20605],"tags":[5199,31880,190,9720],"class_list":["post-456696","post","type-post","status-publish","format-standard","has-post-thumbnail","hentry","category-europa-de","category-politik","category-pressemitteilungen","category-unkategorisiert","tag-erdogan","tag-mehr-demokratie-e-v","tag-referendum","tag-turkei"],"yoast_head":"<!-- This site is optimized with the Yoast SEO plugin v27.1.1 - https:\/\/yoast.com\/product\/yoast-seo-wordpress\/ -->\n<title>Erdogans Verfassungsreferendum: Millionenfaches Nein unter Ausnahmezustand verdient Respekt<\/title>\n<meta name=\"description\" content=\"In einem Referendum stimmte am vergangenen Sonntag (16.4.) eine knappe Mehrheit der T\u00fcrken f\u00fcr eine \u00c4nderung der t\u00fcrkischen Verfassung. Damit wurden die\" \/>\n<meta name=\"robots\" content=\"index, follow, max-snippet:-1, max-image-preview:large, max-video-preview:-1\" \/>\n<link rel=\"canonical\" href=\"https:\/\/www.pressenza.com\/de\/2017\/04\/erdogans-verfassungsreferendum-millionenfaches-nein-unter-ausnahmezustand-verdient-respekt\/\" \/>\n<meta property=\"og:locale\" content=\"de_DE\" \/>\n<meta property=\"og:type\" content=\"article\" \/>\n<meta property=\"og:title\" content=\"Erdogans Verfassungsreferendum: Millionenfaches Nein unter Ausnahmezustand verdient Respekt\" \/>\n<meta property=\"og:description\" content=\"In einem Referendum stimmte am vergangenen Sonntag (16.4.) eine knappe Mehrheit der T\u00fcrken f\u00fcr eine \u00c4nderung der t\u00fcrkischen Verfassung. Damit wurden die\" \/>\n<meta property=\"og:url\" content=\"https:\/\/www.pressenza.com\/de\/2017\/04\/erdogans-verfassungsreferendum-millionenfaches-nein-unter-ausnahmezustand-verdient-respekt\/\" \/>\n<meta property=\"og:site_name\" content=\"Pressenza\" \/>\n<meta property=\"article:publisher\" content=\"https:\/\/www.facebook.com\/PressenzaItalia\" \/>\n<meta property=\"article:author\" content=\"https:\/\/www.facebook.com\/Pressenza-Deutschland-sterreich-Schweiz-281675388658060\/timeline\/\" \/>\n<meta property=\"article:published_time\" content=\"2017-04-22T16:45:20+00:00\" \/>\n<meta property=\"og:image\" content=\"https:\/\/www.pressenza.com\/wp-content\/uploads\/2017\/04\/Mehr_Demokratie-Titel.jpg\" \/>\n\t<meta property=\"og:image:width\" content=\"1000\" \/>\n\t<meta property=\"og:image:height\" content=\"666\" \/>\n\t<meta property=\"og:image:type\" content=\"image\/jpeg\" \/>\n<meta name=\"author\" content=\"Pressenza Muenchen\" \/>\n<meta name=\"twitter:card\" content=\"summary_large_image\" \/>\n<meta name=\"twitter:creator\" content=\"@pressenza_ger\" \/>\n<meta name=\"twitter:site\" content=\"@PressenzaIPA\" \/>\n<meta name=\"twitter:label1\" content=\"Verfasst von\" \/>\n\t<meta name=\"twitter:data1\" content=\"Pressenza Muenchen\" \/>\n\t<meta name=\"twitter:label2\" content=\"Gesch\u00e4tzte Lesezeit\" \/>\n\t<meta name=\"twitter:data2\" content=\"3\u00a0Minuten\" \/>\n<script type=\"application\/ld+json\" class=\"yoast-schema-graph\">{\"@context\":\"https:\/\/schema.org\",\"@graph\":[{\"@type\":\"Article\",\"@id\":\"https:\/\/www.pressenza.com\/de\/2017\/04\/erdogans-verfassungsreferendum-millionenfaches-nein-unter-ausnahmezustand-verdient-respekt\/#article\",\"isPartOf\":{\"@id\":\"https:\/\/www.pressenza.com\/de\/2017\/04\/erdogans-verfassungsreferendum-millionenfaches-nein-unter-ausnahmezustand-verdient-respekt\/\"},\"author\":{\"name\":\"Pressenza Muenchen\",\"@id\":\"https:\/\/www.pressenza.com\/de\/#\/schema\/person\/0069724cfb2cb9785368a167d0d900b7\"},\"headline\":\"Erdogans Verfassungsreferendum: Millionenfaches Nein unter Ausnahmezustand verdient Respekt\",\"datePublished\":\"2017-04-22T16:45:20+00:00\",\"mainEntityOfPage\":{\"@id\":\"https:\/\/www.pressenza.com\/de\/2017\/04\/erdogans-verfassungsreferendum-millionenfaches-nein-unter-ausnahmezustand-verdient-respekt\/\"},\"wordCount\":521,\"publisher\":{\"@id\":\"https:\/\/www.pressenza.com\/de\/#organization\"},\"image\":{\"@id\":\"https:\/\/www.pressenza.com\/de\/2017\/04\/erdogans-verfassungsreferendum-millionenfaches-nein-unter-ausnahmezustand-verdient-respekt\/#primaryimage\"},\"thumbnailUrl\":\"https:\/\/www.pressenza.com\/wp-content\/uploads\/2017\/04\/Mehr_Demokratie-Titel.jpg\",\"keywords\":[\"Erdogan\",\"Mehr Demokratie e.V.\",\"referendum\",\"T\u00fcrkei\"],\"articleSection\":[\"Europa\",\"Politik\",\"Pressemitteilungen\",\"Unkategorisiert\"],\"inLanguage\":\"de\"},{\"@type\":\"WebPage\",\"@id\":\"https:\/\/www.pressenza.com\/de\/2017\/04\/erdogans-verfassungsreferendum-millionenfaches-nein-unter-ausnahmezustand-verdient-respekt\/\",\"url\":\"https:\/\/www.pressenza.com\/de\/2017\/04\/erdogans-verfassungsreferendum-millionenfaches-nein-unter-ausnahmezustand-verdient-respekt\/\",\"name\":\"Erdogans Verfassungsreferendum: Millionenfaches Nein unter Ausnahmezustand verdient Respekt\",\"isPartOf\":{\"@id\":\"https:\/\/www.pressenza.com\/de\/#website\"},\"primaryImageOfPage\":{\"@id\":\"https:\/\/www.pressenza.com\/de\/2017\/04\/erdogans-verfassungsreferendum-millionenfaches-nein-unter-ausnahmezustand-verdient-respekt\/#primaryimage\"},\"image\":{\"@id\":\"https:\/\/www.pressenza.com\/de\/2017\/04\/erdogans-verfassungsreferendum-millionenfaches-nein-unter-ausnahmezustand-verdient-respekt\/#primaryimage\"},\"thumbnailUrl\":\"https:\/\/www.pressenza.com\/wp-content\/uploads\/2017\/04\/Mehr_Demokratie-Titel.jpg\",\"datePublished\":\"2017-04-22T16:45:20+00:00\",\"description\":\"In einem Referendum stimmte am vergangenen Sonntag (16.4.) eine knappe Mehrheit der T\u00fcrken f\u00fcr eine \u00c4nderung der t\u00fcrkischen Verfassung. Damit wurden die\",\"breadcrumb\":{\"@id\":\"https:\/\/www.pressenza.com\/de\/2017\/04\/erdogans-verfassungsreferendum-millionenfaches-nein-unter-ausnahmezustand-verdient-respekt\/#breadcrumb\"},\"inLanguage\":\"de\",\"potentialAction\":[{\"@type\":\"ReadAction\",\"target\":[\"https:\/\/www.pressenza.com\/de\/2017\/04\/erdogans-verfassungsreferendum-millionenfaches-nein-unter-ausnahmezustand-verdient-respekt\/\"]}]},{\"@type\":\"ImageObject\",\"inLanguage\":\"de\",\"@id\":\"https:\/\/www.pressenza.com\/de\/2017\/04\/erdogans-verfassungsreferendum-millionenfaches-nein-unter-ausnahmezustand-verdient-respekt\/#primaryimage\",\"url\":\"https:\/\/www.pressenza.com\/wp-content\/uploads\/2017\/04\/Mehr_Demokratie-Titel.jpg\",\"contentUrl\":\"https:\/\/www.pressenza.com\/wp-content\/uploads\/2017\/04\/Mehr_Demokratie-Titel.jpg\",\"width\":1000,\"height\":666},{\"@type\":\"BreadcrumbList\",\"@id\":\"https:\/\/www.pressenza.com\/de\/2017\/04\/erdogans-verfassungsreferendum-millionenfaches-nein-unter-ausnahmezustand-verdient-respekt\/#breadcrumb\",\"itemListElement\":[{\"@type\":\"ListItem\",\"position\":1,\"name\":\"Accueil\",\"item\":\"https:\/\/www.pressenza.com\/de\/\"},{\"@type\":\"ListItem\",\"position\":2,\"name\":\"Erdogans Verfassungsreferendum: Millionenfaches Nein unter Ausnahmezustand verdient Respekt\"}]},{\"@type\":\"WebSite\",\"@id\":\"https:\/\/www.pressenza.com\/de\/#website\",\"url\":\"https:\/\/www.pressenza.com\/de\/\",\"name\":\"Pressenza\",\"description\":\"International Press Agency\",\"publisher\":{\"@id\":\"https:\/\/www.pressenza.com\/de\/#organization\"},\"potentialAction\":[{\"@type\":\"SearchAction\",\"target\":{\"@type\":\"EntryPoint\",\"urlTemplate\":\"https:\/\/www.pressenza.com\/de\/?s={search_term_string}\"},\"query-input\":{\"@type\":\"PropertyValueSpecification\",\"valueRequired\":true,\"valueName\":\"search_term_string\"}}],\"inLanguage\":\"de\"},{\"@type\":\"Organization\",\"@id\":\"https:\/\/www.pressenza.com\/de\/#organization\",\"name\":\"Pressenza\",\"url\":\"https:\/\/www.pressenza.com\/de\/\",\"logo\":{\"@type\":\"ImageObject\",\"inLanguage\":\"de\",\"@id\":\"https:\/\/www.pressenza.com\/de\/#\/schema\/logo\/image\/\",\"url\":\"https:\/\/www.pressenza.com\/wp-content\/uploads\/2022\/10\/pressenza_logo_200x200.jpg\",\"contentUrl\":\"https:\/\/www.pressenza.com\/wp-content\/uploads\/2022\/10\/pressenza_logo_200x200.jpg\",\"width\":200,\"height\":200,\"caption\":\"Pressenza\"},\"image\":{\"@id\":\"https:\/\/www.pressenza.com\/de\/#\/schema\/logo\/image\/\"},\"sameAs\":[\"https:\/\/www.facebook.com\/PressenzaItalia\",\"https:\/\/x.com\/PressenzaIPA\"]},{\"@type\":\"Person\",\"@id\":\"https:\/\/www.pressenza.com\/de\/#\/schema\/person\/0069724cfb2cb9785368a167d0d900b7\",\"name\":\"Pressenza Muenchen\",\"description\":\"News from the Pressenza bureau in Munich, Germany\",\"sameAs\":[\"https:\/\/www.facebook.com\/Pressenza-Deutschland-sterreich-Schweiz-281675388658060\/timeline\/\",\"https:\/\/x.com\/pressenza_ger\"],\"url\":\"https:\/\/www.pressenza.com\/de\/author\/pressenza-muenchen\/\"}]}<\/script>\n<!-- \/ Yoast SEO plugin. -->","yoast_head_json":{"title":"Erdogans Verfassungsreferendum: Millionenfaches Nein unter Ausnahmezustand verdient Respekt","description":"In einem Referendum stimmte am vergangenen Sonntag (16.4.) eine knappe Mehrheit der T\u00fcrken f\u00fcr eine \u00c4nderung der t\u00fcrkischen Verfassung. Damit wurden die","robots":{"index":"index","follow":"follow","max-snippet":"max-snippet:-1","max-image-preview":"max-image-preview:large","max-video-preview":"max-video-preview:-1"},"canonical":"https:\/\/www.pressenza.com\/de\/2017\/04\/erdogans-verfassungsreferendum-millionenfaches-nein-unter-ausnahmezustand-verdient-respekt\/","og_locale":"de_DE","og_type":"article","og_title":"Erdogans Verfassungsreferendum: Millionenfaches Nein unter Ausnahmezustand verdient Respekt","og_description":"In einem Referendum stimmte am vergangenen Sonntag (16.4.) eine knappe Mehrheit der T\u00fcrken f\u00fcr eine \u00c4nderung der t\u00fcrkischen Verfassung. Damit wurden die","og_url":"https:\/\/www.pressenza.com\/de\/2017\/04\/erdogans-verfassungsreferendum-millionenfaches-nein-unter-ausnahmezustand-verdient-respekt\/","og_site_name":"Pressenza","article_publisher":"https:\/\/www.facebook.com\/PressenzaItalia","article_author":"https:\/\/www.facebook.com\/Pressenza-Deutschland-sterreich-Schweiz-281675388658060\/timeline\/","article_published_time":"2017-04-22T16:45:20+00:00","og_image":[{"width":1000,"height":666,"url":"https:\/\/www.pressenza.com\/wp-content\/uploads\/2017\/04\/Mehr_Demokratie-Titel.jpg","type":"image\/jpeg"}],"author":"Pressenza Muenchen","twitter_card":"summary_large_image","twitter_creator":"@pressenza_ger","twitter_site":"@PressenzaIPA","twitter_misc":{"Verfasst von":"Pressenza Muenchen","Gesch\u00e4tzte Lesezeit":"3\u00a0Minuten"},"schema":{"@context":"https:\/\/schema.org","@graph":[{"@type":"Article","@id":"https:\/\/www.pressenza.com\/de\/2017\/04\/erdogans-verfassungsreferendum-millionenfaches-nein-unter-ausnahmezustand-verdient-respekt\/#article","isPartOf":{"@id":"https:\/\/www.pressenza.com\/de\/2017\/04\/erdogans-verfassungsreferendum-millionenfaches-nein-unter-ausnahmezustand-verdient-respekt\/"},"author":{"name":"Pressenza Muenchen","@id":"https:\/\/www.pressenza.com\/de\/#\/schema\/person\/0069724cfb2cb9785368a167d0d900b7"},"headline":"Erdogans Verfassungsreferendum: Millionenfaches Nein unter Ausnahmezustand verdient Respekt","datePublished":"2017-04-22T16:45:20+00:00","mainEntityOfPage":{"@id":"https:\/\/www.pressenza.com\/de\/2017\/04\/erdogans-verfassungsreferendum-millionenfaches-nein-unter-ausnahmezustand-verdient-respekt\/"},"wordCount":521,"publisher":{"@id":"https:\/\/www.pressenza.com\/de\/#organization"},"image":{"@id":"https:\/\/www.pressenza.com\/de\/2017\/04\/erdogans-verfassungsreferendum-millionenfaches-nein-unter-ausnahmezustand-verdient-respekt\/#primaryimage"},"thumbnailUrl":"https:\/\/www.pressenza.com\/wp-content\/uploads\/2017\/04\/Mehr_Demokratie-Titel.jpg","keywords":["Erdogan","Mehr Demokratie e.V.","referendum","T\u00fcrkei"],"articleSection":["Europa","Politik","Pressemitteilungen","Unkategorisiert"],"inLanguage":"de"},{"@type":"WebPage","@id":"https:\/\/www.pressenza.com\/de\/2017\/04\/erdogans-verfassungsreferendum-millionenfaches-nein-unter-ausnahmezustand-verdient-respekt\/","url":"https:\/\/www.pressenza.com\/de\/2017\/04\/erdogans-verfassungsreferendum-millionenfaches-nein-unter-ausnahmezustand-verdient-respekt\/","name":"Erdogans Verfassungsreferendum: Millionenfaches Nein unter Ausnahmezustand verdient Respekt","isPartOf":{"@id":"https:\/\/www.pressenza.com\/de\/#website"},"primaryImageOfPage":{"@id":"https:\/\/www.pressenza.com\/de\/2017\/04\/erdogans-verfassungsreferendum-millionenfaches-nein-unter-ausnahmezustand-verdient-respekt\/#primaryimage"},"image":{"@id":"https:\/\/www.pressenza.com\/de\/2017\/04\/erdogans-verfassungsreferendum-millionenfaches-nein-unter-ausnahmezustand-verdient-respekt\/#primaryimage"},"thumbnailUrl":"https:\/\/www.pressenza.com\/wp-content\/uploads\/2017\/04\/Mehr_Demokratie-Titel.jpg","datePublished":"2017-04-22T16:45:20+00:00","description":"In einem Referendum stimmte am vergangenen Sonntag (16.4.) eine knappe Mehrheit der T\u00fcrken f\u00fcr eine \u00c4nderung der t\u00fcrkischen Verfassung. Damit wurden die","breadcrumb":{"@id":"https:\/\/www.pressenza.com\/de\/2017\/04\/erdogans-verfassungsreferendum-millionenfaches-nein-unter-ausnahmezustand-verdient-respekt\/#breadcrumb"},"inLanguage":"de","potentialAction":[{"@type":"ReadAction","target":["https:\/\/www.pressenza.com\/de\/2017\/04\/erdogans-verfassungsreferendum-millionenfaches-nein-unter-ausnahmezustand-verdient-respekt\/"]}]},{"@type":"ImageObject","inLanguage":"de","@id":"https:\/\/www.pressenza.com\/de\/2017\/04\/erdogans-verfassungsreferendum-millionenfaches-nein-unter-ausnahmezustand-verdient-respekt\/#primaryimage","url":"https:\/\/www.pressenza.com\/wp-content\/uploads\/2017\/04\/Mehr_Demokratie-Titel.jpg","contentUrl":"https:\/\/www.pressenza.com\/wp-content\/uploads\/2017\/04\/Mehr_Demokratie-Titel.jpg","width":1000,"height":666},{"@type":"BreadcrumbList","@id":"https:\/\/www.pressenza.com\/de\/2017\/04\/erdogans-verfassungsreferendum-millionenfaches-nein-unter-ausnahmezustand-verdient-respekt\/#breadcrumb","itemListElement":[{"@type":"ListItem","position":1,"name":"Accueil","item":"https:\/\/www.pressenza.com\/de\/"},{"@type":"ListItem","position":2,"name":"Erdogans Verfassungsreferendum: Millionenfaches Nein unter Ausnahmezustand verdient Respekt"}]},{"@type":"WebSite","@id":"https:\/\/www.pressenza.com\/de\/#website","url":"https:\/\/www.pressenza.com\/de\/","name":"Pressenza","description":"International Press Agency","publisher":{"@id":"https:\/\/www.pressenza.com\/de\/#organization"},"potentialAction":[{"@type":"SearchAction","target":{"@type":"EntryPoint","urlTemplate":"https:\/\/www.pressenza.com\/de\/?s={search_term_string}"},"query-input":{"@type":"PropertyValueSpecification","valueRequired":true,"valueName":"search_term_string"}}],"inLanguage":"de"},{"@type":"Organization","@id":"https:\/\/www.pressenza.com\/de\/#organization","name":"Pressenza","url":"https:\/\/www.pressenza.com\/de\/","logo":{"@type":"ImageObject","inLanguage":"de","@id":"https:\/\/www.pressenza.com\/de\/#\/schema\/logo\/image\/","url":"https:\/\/www.pressenza.com\/wp-content\/uploads\/2022\/10\/pressenza_logo_200x200.jpg","contentUrl":"https:\/\/www.pressenza.com\/wp-content\/uploads\/2022\/10\/pressenza_logo_200x200.jpg","width":200,"height":200,"caption":"Pressenza"},"image":{"@id":"https:\/\/www.pressenza.com\/de\/#\/schema\/logo\/image\/"},"sameAs":["https:\/\/www.facebook.com\/PressenzaItalia","https:\/\/x.com\/PressenzaIPA"]},{"@type":"Person","@id":"https:\/\/www.pressenza.com\/de\/#\/schema\/person\/0069724cfb2cb9785368a167d0d900b7","name":"Pressenza Muenchen","description":"News from the Pressenza bureau in Munich, Germany","sameAs":["https:\/\/www.facebook.com\/Pressenza-Deutschland-sterreich-Schweiz-281675388658060\/timeline\/","https:\/\/x.com\/pressenza_ger"],"url":"https:\/\/www.pressenza.com\/de\/author\/pressenza-muenchen\/"}]}},"place":"Mehr Demokratie e.V.","original_article_url":"https:\/\/www.mehr-demokratie.de\/referendum_tuerkei.html?#","_links":{"self":[{"href":"https:\/\/www.pressenza.com\/de\/wp-json\/wp\/v2\/posts\/456696","targetHints":{"allow":["GET"]}}],"collection":[{"href":"https:\/\/www.pressenza.com\/de\/wp-json\/wp\/v2\/posts"}],"about":[{"href":"https:\/\/www.pressenza.com\/de\/wp-json\/wp\/v2\/types\/post"}],"author":[{"embeddable":true,"href":"https:\/\/www.pressenza.com\/de\/wp-json\/wp\/v2\/users\/1097"}],"replies":[{"embeddable":true,"href":"https:\/\/www.pressenza.com\/de\/wp-json\/wp\/v2\/comments?post=456696"}],"version-history":[{"count":0,"href":"https:\/\/www.pressenza.com\/de\/wp-json\/wp\/v2\/posts\/456696\/revisions"}],"wp:featuredmedia":[{"embeddable":true,"href":"https:\/\/www.pressenza.com\/de\/wp-json\/wp\/v2\/media\/456700"}],"wp:attachment":[{"href":"https:\/\/www.pressenza.com\/de\/wp-json\/wp\/v2\/media?parent=456696"}],"wp:term":[{"taxonomy":"category","embeddable":true,"href":"https:\/\/www.pressenza.com\/de\/wp-json\/wp\/v2\/categories?post=456696"},{"taxonomy":"post_tag","embeddable":true,"href":"https:\/\/www.pressenza.com\/de\/wp-json\/wp\/v2\/tags?post=456696"}],"curies":[{"name":"wp","href":"https:\/\/api.w.org\/{rel}","templated":true}]}}