{"id":451497,"date":"2017-04-05T13:48:53","date_gmt":"2017-04-05T12:48:53","guid":{"rendered":"https:\/\/www.pressenza.com\/?p=451497\/"},"modified":"2017-04-05T13:55:35","modified_gmt":"2017-04-05T12:55:35","slug":"ein-europaeisches-europa-wann-wenn-nicht-jetzt","status":"publish","type":"post","link":"https:\/\/www.pressenza.com\/de\/2017\/04\/ein-europaeisches-europa-wann-wenn-nicht-jetzt\/","title":{"rendered":"Ein europ\u00e4isches Europa: Wann, wenn nicht jetzt?"},"content":{"rendered":"<p><strong>Die Welt befindet sich in Unordnung. Die Machtverh\u00e4ltnisse verschieben sich. Wohin soll sich Europa orientieren? Community-Autor Gregor Flock meint, eine Distanzierung Europas von den USA bei gleichzeitiger Ann\u00e4herung an Russland sei\u00a0ein gangbarer Weg.<span id=\"more-44480\"><\/span><\/strong><\/p>\n<p>Das bislang bestehende Europa ist vor allem ein transatlantisches, historisch gewachsen aus einer Unterteilung der Welt in einen USA-dominierten Westen und einen Russland- beziehungsweise UdSSR-dominierten Osten und einer massiven Ausdehnung der US-Einflusssph\u00e4re in den ehemaligen Ostblock nach dem Zusammenbruch der kommunistischen Herrschaftssysteme.<\/p>\n<p>Das Machtverh\u00e4ltnis innerhalb der US-europ\u00e4isch-transatlantischen Beziehungen ist dabei klar zu Ungunsten Europas: Die seit langem obsolete US-dominerte NATO besteht fast ausschlie\u00dflich aus europ\u00e4ischen Mitgliedsstaaten, hat jedoch zu jedem Zeitpunkt einen US-Oberbefehlshaber \u2013 eine Blamage sondergleichen f\u00fcr Europa.<\/p>\n<p>Der derzeitige Chef der <a href=\"https:\/\/de.wikipedia.org\/wiki\/Europ%C3%A4ische_Zentralbank#EZB-Pr.C3.A4sidenten\" target=\"_blank\">Europ\u00e4ischen Zentralbank<\/a> <a href=\"https:\/\/lobbypedia.de\/wiki\/Mario_Draghi\" target=\"_blank\">Mario Draghi<\/a> war Vizepr\u00e4sident bei der US-Investmentbank Goldman Sachs, die unter anderem f\u00fcr ihre Verbindungen zu Politikern rund um den Globus ber\u00fcchtigt ist.<\/p>\n<p>Und dass sich Europa <a href=\"http:\/\/www.huffingtonpost.de\/2014\/10\/06\/russland-sanktionen-usa-merkel_n_5938022.html\" target=\"_blank\">auf Gehei\u00df der USA<\/a> mit den Sanktionen gegen Russland im Zuge der <a href=\"http:\/\/www.zeit-fragen.ch\/de\/ausgaben\/2014\/nr-22-992014\/warum-der-westen-an-der-ukraine-krise-schuld-ist.html\" target=\"_blank\">vom Westen initiierten Ukrainekrise<\/a> einen Schuss ins eigene Knie verpasst hat, d\u00e4mmert sch\u00f6n langsam auch immer mehr Menschen.<\/p>\n<p>Aus machtpolitischer Sicht gibt es also so etwas wie ein US-Europa, im Gegenzug jedoch nicht wirklich so etwas wie eine Europ\u00e4ische USA. F\u00fcr eine echte Freundschaft oder Partnerschaft ist das \u00e4u\u00dferst ung\u00fcnstig, da diese in der Regel auf Augenh\u00f6he am besten funktionieren.<\/p>\n<p>Je ungleicher die Machtverh\u00e4ltnisse sind, umso gr\u00f6\u00dfer ist jedoch die Wahrscheinlichkeit, dass es sich bei der wirtschaftlichen, politischen und auch milit\u00e4rischen Beziehung, um nichts anderes als auferlegtes Vasallentum handelt im Rahmen derer die m\u00e4chtigere Seite die weniger m\u00e4chtige f\u00fcr die eigenen Zwecke und zu deren Nachteil benutzt.<\/p>\n<h4><strong>Vasallen des\u00a0Pax Americana<\/strong><\/h4>\n<p>Da die US-F\u00fchrung in der Regel nicht einmal einen Hehl aus ihren <a href=\"https:\/\/en.wikipedia.org\/wiki\/Exceptional:_Why_the_World_Needs_a_Powerful_America\" target=\"_blank\">Exceptionalism-Wahn<\/a> getriebenen <a href=\"https:\/\/de.wikipedia.org\/wiki\/Project_for_the_New_American_Century\" target=\"_blank\">Weltherrschaftsambitionen<\/a> macht, auch wenn daf\u00fcr mitunter verharmlosende Begriffe wie \u201e<a href=\"https:\/\/www.wsws.org\/de\/articles\/2015\/03\/17\/pivo-m17.html\" target=\"_blank\">pivot to Asia<\/a>\u201c verwendet werden, kann man eigentlich nur zu dem Schluss kommen, dass es aus US-Sicht weltweit nichts anderes als Vasallen gibt, die sich gef\u00e4lligst dem <a href=\"https:\/\/de.wikipedia.org\/wiki\/Washington_Consensus\" target=\"_blank\">Washington Consensus<\/a> beziehungsweise dem <a href=\"http:\/\/derstandard.at\/2000002039673\/Pax-Americana-ist-am-Ende\" target=\"_blank\">Pax Americana<\/a> zu unterwerfen haben, da ansonsten \u201a<a href=\"https:\/\/de.wikipedia.org\/wiki\/Schutzverantwortung\" target=\"_blank\">R2P<\/a>\u201a-bedingte \u201e<a href=\"http:\/\/www.vidc.org\/en\/spotlight-online-magazine\/news-172011\/helmut-krieger-der-humanitaere-regimewechsel-in-libyen\/\" target=\"_blank\">humanit\u00e4re Intervention<\/a>\u201e, CIA-Putsche, Wirtschaftskrieg oder dergleichen bl\u00fchen.<\/p>\n<p>Bekannte Beispiele daf\u00fcr ab der zweiten H\u00e4lfte des 20. Jahrhunderts, \u00fcber die von wohlinformierten US-Systemkritikern wie Noam Chomsky (u.a. <em>Culture of Terrorism<\/em> und\u00a0<em>Propaganda and the Public Mind<\/em>), Edward S. Herman (<em><span id=\"productTitle\" class=\"a-size-large\">The Real Terror Network: Terrorism in Fact and Propaganda<\/span><\/em>) oder William Blum (<em>Killing Hope<\/em>) wichtige B\u00fccher geschrieben worden sind, reichen vom \u201eregime change\u201c <a href=\"https:\/\/de.wikipedia.org\/wiki\/Operation_Ajax\" target=\"_blank\">im Iran (1953)<\/a> bis zu den Regimewechseln in <a href=\"http:\/\/www.thedailybeast.com\/articles\/2011\/08\/30\/america-s-secret-libya-war-u-s-spent-1-billion-on-covert-ops-helping-nato.html\" target=\"_blank\">Libyen (2011)<\/a>, <a href=\"https:\/\/www.theguardian.com\/commentisfree\/2014\/apr\/30\/russia-ukraine-war-kiev-conflict\" target=\"_blank\">Ukraine (2014)<\/a> oder zuletzt dem vor Kurzem aufgegebenen <a href=\"https:\/\/deutsch.rt.com\/newsticker\/48474-us-amerikanische-un-botschafterin-machtenthebung\/\" target=\"_blank\">Regimewechselversuch in Syrien<\/a>.<\/p>\n<h4><strong>Problemkind USA und Zukunftsperspektiven<\/strong><\/h4>\n<p>Wir befinden uns also in der interessanten Situation, in der nahezu die gesamte Welt mit den m\u00f6glichen Ausnahmen der Regierung Israels, der eine\u00a0UN-Gruppe in einem Bericht\u00a0<a href=\"http:\/\/www.reuters.com\/article\/us-israel-palestinians-report-idUSKBN16M2IN?il=0\" target=\"_blank\">Apartheidspraktiken<\/a>\u00a0vorwirft, oder des <a href=\"http:\/\/www.spiegel.de\/wirtschaft\/islamischer-staat-so-finanziert-sich-der-is-a-1063522.html\" target=\"_blank\">Terrorismus unterst\u00fctzenden<\/a> und eigentlichen \u201eSchurkenstaats\u201c (von engl. \u201e<a href=\"https:\/\/chomsky.info\/199804__\/\" target=\"_blank\">rogue state<\/a>\u201e) <a href=\"http:\/\/zugespitzt.at\/saudi-arabien-ein-schurkenstaat\/\" target=\"_blank\">Saudi-Arabien<\/a> die Nase von der US-F\u00fchrung gestrichen voll hat und die USA <a href=\"https:\/\/chomsky.info\/the-greatest-threat-to-world-peace\/\" target=\"_blank\">in einer weltweit durchgef\u00fchrten und Ende 2013 ver\u00f6ffentlichten Umfrage<\/a> mit sehr gro\u00dfem Abstand und v\u00f6llig zu Recht, als <a href=\"https:\/\/propagandaschau.wordpress.com\/2015\/09\/23\/noam-chomsky-usa-sind-groesste-bedrohung-fuer-den-frieden-in-der-welt\/\" target=\"_blank\">die gr\u00f6\u00dfte Bedrohung f\u00fcr den Weltfrieden<\/a> betrachtet wird. Russland lag im Vergleich dazu weit abgeschlagen auf Platz 12.<\/p>\n<p>Wir sind des Weiteren in einer Situation, in welcher Putin, der wiederholt von einem europ\u00e4isch-russischen \u201e<a href=\"https:\/\/themoscowtimes.com\/articles\/how-russia-and-eu-can-build-a-greater-europe-30111\" target=\"_blank\">gr\u00f6\u00dferen Europa<\/a>\u201c gesprochen hat, Europa im engeren Sinn voraussichtlich die Hand reichen w\u00fcrde, w\u00e4hrend es Trump nicht einmal geschafft hat, <a href=\"http:\/\/derstandard.at\/2000054392860\/Merkel-bei-Trump-Auf-der-Suche-nach-der-persoenlichen-Chemie\" target=\"_blank\">Angela Merkels offiziellen Staatsbesuch<\/a> in den USA mit dem \u00fcblich-formalen H\u00e4ndedruck abzuschlie\u00dfen \u2013 <a href=\"https:\/\/kurier.at\/leben\/nach-trumps-seltsamem-handshake-wie-geht-haendeschuetteln-wirklich\/246.578.767\" target=\"_blank\">H\u00e4ndchenhalten mit Shinzo Abe<\/a> wird von Trump da wohl bevorzugt.<\/p>\n<p>Dar\u00fcber hinaus sind wir auch in einer Situation, in welcher selbst ein <a href=\"http:\/\/www.tagesanzeiger.ch\/ausland\/asien-und-ozeanien\/Die-Philippinen-machen-mit-USA-Schluss\/story\/12702189\" target=\"_blank\">Rodrigo Duterte<\/a> bereits konkrete Anstalten macht, die ungeliebte Kolonialmacht USA aus seinem Land hinauszuwerfen und sich stattdessen mit Russland und China zu verb\u00fcnden. Wieso also sollte es Europa dann nicht ebenfalls schaffen, sich weg von einem US-Europa und hin zu einem <a href=\"http:\/\/www.charles-de-gaulle.de\/zwei-visionen-von-europa.html\" target=\"_blank\">de Gaulleschen<\/a>, also einem vor allem europ\u00e4ischen Europa zu entwickeln?<\/p>\n<h4><strong>Exceptionalitis, Militaritis und Neoliberalitis im Endstadium<\/strong><\/h4>\n<p>Die USA, die nach Trump\u2019s <a href=\"https:\/\/www.youtube.com\/watch?v=xPcglSIFGMo\" target=\"_blank\">Aufstockung des ohnehin schon absurd aufgebl\u00e4hten Milit\u00e4rbudgets<\/a> endg\u00fcltig in eine Art Nordkorea der Ersten Welt degenerieren d\u00fcrften, sind seit geraumer Zeit jedenfalls so etwas wie ein Patient mit einer gef\u00e4hrlichen und ansteckenden Mehrfacherkrankung (Exceptionalitis, Militaritis und Neoliberalitis im Endstadium), den man so gut als m\u00f6glich isolieren sollte \u2013 und zwar so lange, bis entweder die weitestgehende Heilung eingetreten oder der Patient an dieser Mehrfacherkrankung zugrunde gegangen ist und keine Gefahr mehr f\u00fcr seine Umgebung darstellt.<\/p>\n<p>In der Zwischenzeit sollte, auch im Sinne machiavellischer Machtpolitik im Rahmen derer es reinster Schwachsinn ist, ohne Not mit der Nr. 1 milit\u00e4risch gegen eine Nicht-Nr. 1 zu kooperieren, Europa in milit\u00e4rischer aber auch wirtschaftlicher oder sonstiger Hinsicht vielmehr verst\u00e4rkt mit Russland zusammenarbeiten.<\/p>\n<p>Dadurch w\u00fcrden die Schw\u00e4chen der einen Seite durch die St\u00e4rken der anderen Seite sehr gut ausgeglichen werden. Ferner w\u00e4re das auch wohl sehr viel eher eine Begegnung auf Augenh\u00f6he, aus der eine echte und f\u00fcr beide Seiten gleicherma\u00dfen n\u00fctzliche langfristige Partnerschaft und Freundschaft erwachsen k\u00f6nnte.<\/p>\n<p>\u00dcber den Autor:\u00a0<a href=\"http:\/\/univie.academia.edu\/GregorFlock\" target=\"_blank\">Gregor Flock<\/a> ist unabh\u00e4ngiger Philosoph sowie Gr\u00fcnder und Chefredakteur des <a href=\"http:\/\/www.gcsno.org\" target=\"_blank\">Global Civil Society Network<\/a>. Er kommentiert das Zeitgeschehen auch bei unserem Kooperationspartner \u201e<a href=\"https:\/\/www.unsere-zeitung.at\/2017\/03\/24\/ein-europaeisches-europa-wann-wenn-nicht-je\">Unser Zeitung \u2013 Die Demokratische<\/a>\u201e.<\/p>\n","protected":false},"excerpt":{"rendered":"<p>Die Welt befindet sich in Unordnung. Die Machtverh\u00e4ltnisse verschieben sich. Wohin soll sich Europa orientieren? Community-Autor Gregor Flock meint, eine Distanzierung Europas von den USA bei gleichzeitiger Ann\u00e4herung an Russland sei\u00a0ein gangbarer Weg. Das bislang bestehende Europa ist vor allem&hellip;<\/p>\n","protected":false},"author":1342,"featured_media":451498,"comment_status":"closed","ping_status":"closed","sticky":false,"template":"","format":"standard","meta":{"footnotes":""},"categories":[9150,7835,9143,9152,9168],"tags":[36325,36324,36326],"class_list":["post-451497","post","type-post","status-publish","format-standard","has-post-thumbnail","hentry","category-europa-de","category-international-de","category-meinungen","category-nordamerika","category-politik","tag-pax-americana","tag-us-europaeisch-transatlantischen-beziehungen","tag-vasallen-der-usa"],"yoast_head":"<!-- This site is optimized with the Yoast SEO plugin v27.1.1 - https:\/\/yoast.com\/product\/yoast-seo-wordpress\/ -->\n<title>Ein europ\u00e4isches Europa: Wann, wenn nicht jetzt?<\/title>\n<meta name=\"description\" content=\"Die Welt befindet sich in Unordnung. Die Machtverh\u00e4ltnisse verschieben sich. Wohin soll sich Europa orientieren? Community-Autor Gregor Flock meint, eine\" \/>\n<meta name=\"robots\" content=\"index, follow, max-snippet:-1, max-image-preview:large, max-video-preview:-1\" \/>\n<link rel=\"canonical\" href=\"https:\/\/www.pressenza.com\/de\/2017\/04\/ein-europaeisches-europa-wann-wenn-nicht-jetzt\/\" \/>\n<meta property=\"og:locale\" content=\"de_DE\" \/>\n<meta property=\"og:type\" content=\"article\" \/>\n<meta property=\"og:title\" content=\"Ein europ\u00e4isches Europa: Wann, wenn nicht jetzt?\" \/>\n<meta property=\"og:description\" content=\"Die Welt befindet sich in Unordnung. Die Machtverh\u00e4ltnisse verschieben sich. Wohin soll sich Europa orientieren? Community-Autor Gregor Flock meint, eine\" \/>\n<meta property=\"og:url\" content=\"https:\/\/www.pressenza.com\/de\/2017\/04\/ein-europaeisches-europa-wann-wenn-nicht-jetzt\/\" \/>\n<meta property=\"og:site_name\" content=\"Pressenza\" \/>\n<meta property=\"article:publisher\" content=\"https:\/\/www.facebook.com\/PressenzaItalia\" \/>\n<meta property=\"article:published_time\" content=\"2017-04-05T12:48:53+00:00\" \/>\n<meta property=\"article:modified_time\" content=\"2017-04-05T12:55:35+00:00\" \/>\n<meta property=\"og:image\" content=\"https:\/\/www.pressenza.com\/wp-content\/uploads\/2017\/04\/beitrag-neue-debatte-europa-orientierung-gastbeitrag-geralt-pixabay-cc0.jpg\" \/>\n\t<meta property=\"og:image:width\" content=\"1038\" \/>\n\t<meta property=\"og:image:height\" content=\"576\" \/>\n\t<meta property=\"og:image:type\" content=\"image\/jpeg\" \/>\n<meta name=\"author\" content=\"Neue Debatte\" \/>\n<meta name=\"twitter:card\" content=\"summary_large_image\" \/>\n<meta name=\"twitter:creator\" content=\"@PressenzaIPA\" \/>\n<meta name=\"twitter:site\" content=\"@PressenzaIPA\" \/>\n<meta name=\"twitter:label1\" content=\"Verfasst von\" \/>\n\t<meta name=\"twitter:data1\" content=\"Neue Debatte\" \/>\n\t<meta name=\"twitter:label2\" content=\"Gesch\u00e4tzte Lesezeit\" \/>\n\t<meta name=\"twitter:data2\" content=\"4\u00a0Minuten\" \/>\n<script type=\"application\/ld+json\" class=\"yoast-schema-graph\">{\"@context\":\"https:\/\/schema.org\",\"@graph\":[{\"@type\":\"Article\",\"@id\":\"https:\/\/www.pressenza.com\/de\/2017\/04\/ein-europaeisches-europa-wann-wenn-nicht-jetzt\/#article\",\"isPartOf\":{\"@id\":\"https:\/\/www.pressenza.com\/de\/2017\/04\/ein-europaeisches-europa-wann-wenn-nicht-jetzt\/\"},\"author\":{\"name\":\"Neue Debatte\",\"@id\":\"https:\/\/www.pressenza.com\/de\/#\/schema\/person\/b816344ee166a2736c48a20c4b9ad2a9\"},\"headline\":\"Ein europ\u00e4isches Europa: Wann, wenn nicht jetzt?\",\"datePublished\":\"2017-04-05T12:48:53+00:00\",\"dateModified\":\"2017-04-05T12:55:35+00:00\",\"mainEntityOfPage\":{\"@id\":\"https:\/\/www.pressenza.com\/de\/2017\/04\/ein-europaeisches-europa-wann-wenn-nicht-jetzt\/\"},\"wordCount\":903,\"publisher\":{\"@id\":\"https:\/\/www.pressenza.com\/de\/#organization\"},\"image\":{\"@id\":\"https:\/\/www.pressenza.com\/de\/2017\/04\/ein-europaeisches-europa-wann-wenn-nicht-jetzt\/#primaryimage\"},\"thumbnailUrl\":\"https:\/\/www.pressenza.com\/wp-content\/uploads\/2017\/04\/beitrag-neue-debatte-europa-orientierung-gastbeitrag-geralt-pixabay-cc0.jpg\",\"keywords\":[\"Pax Americana\",\"US-europ\u00e4isch-transatlantischen Beziehungen\",\"Vasallen der USA\"],\"articleSection\":[\"Europa\",\"International\",\"Meinungen\",\"Nordamerika\",\"Politik\"],\"inLanguage\":\"de\"},{\"@type\":\"WebPage\",\"@id\":\"https:\/\/www.pressenza.com\/de\/2017\/04\/ein-europaeisches-europa-wann-wenn-nicht-jetzt\/\",\"url\":\"https:\/\/www.pressenza.com\/de\/2017\/04\/ein-europaeisches-europa-wann-wenn-nicht-jetzt\/\",\"name\":\"Ein europ\u00e4isches Europa: Wann, wenn nicht jetzt?\",\"isPartOf\":{\"@id\":\"https:\/\/www.pressenza.com\/de\/#website\"},\"primaryImageOfPage\":{\"@id\":\"https:\/\/www.pressenza.com\/de\/2017\/04\/ein-europaeisches-europa-wann-wenn-nicht-jetzt\/#primaryimage\"},\"image\":{\"@id\":\"https:\/\/www.pressenza.com\/de\/2017\/04\/ein-europaeisches-europa-wann-wenn-nicht-jetzt\/#primaryimage\"},\"thumbnailUrl\":\"https:\/\/www.pressenza.com\/wp-content\/uploads\/2017\/04\/beitrag-neue-debatte-europa-orientierung-gastbeitrag-geralt-pixabay-cc0.jpg\",\"datePublished\":\"2017-04-05T12:48:53+00:00\",\"dateModified\":\"2017-04-05T12:55:35+00:00\",\"description\":\"Die Welt befindet sich in Unordnung. Die Machtverh\u00e4ltnisse verschieben sich. Wohin soll sich Europa orientieren? Community-Autor Gregor Flock meint, eine\",\"breadcrumb\":{\"@id\":\"https:\/\/www.pressenza.com\/de\/2017\/04\/ein-europaeisches-europa-wann-wenn-nicht-jetzt\/#breadcrumb\"},\"inLanguage\":\"de\",\"potentialAction\":[{\"@type\":\"ReadAction\",\"target\":[\"https:\/\/www.pressenza.com\/de\/2017\/04\/ein-europaeisches-europa-wann-wenn-nicht-jetzt\/\"]}]},{\"@type\":\"ImageObject\",\"inLanguage\":\"de\",\"@id\":\"https:\/\/www.pressenza.com\/de\/2017\/04\/ein-europaeisches-europa-wann-wenn-nicht-jetzt\/#primaryimage\",\"url\":\"https:\/\/www.pressenza.com\/wp-content\/uploads\/2017\/04\/beitrag-neue-debatte-europa-orientierung-gastbeitrag-geralt-pixabay-cc0.jpg\",\"contentUrl\":\"https:\/\/www.pressenza.com\/wp-content\/uploads\/2017\/04\/beitrag-neue-debatte-europa-orientierung-gastbeitrag-geralt-pixabay-cc0.jpg\",\"width\":1038,\"height\":576},{\"@type\":\"BreadcrumbList\",\"@id\":\"https:\/\/www.pressenza.com\/de\/2017\/04\/ein-europaeisches-europa-wann-wenn-nicht-jetzt\/#breadcrumb\",\"itemListElement\":[{\"@type\":\"ListItem\",\"position\":1,\"name\":\"Accueil\",\"item\":\"https:\/\/www.pressenza.com\/de\/\"},{\"@type\":\"ListItem\",\"position\":2,\"name\":\"Ein europ\u00e4isches Europa: Wann, wenn nicht jetzt?\"}]},{\"@type\":\"WebSite\",\"@id\":\"https:\/\/www.pressenza.com\/de\/#website\",\"url\":\"https:\/\/www.pressenza.com\/de\/\",\"name\":\"Pressenza\",\"description\":\"International Press Agency\",\"publisher\":{\"@id\":\"https:\/\/www.pressenza.com\/de\/#organization\"},\"potentialAction\":[{\"@type\":\"SearchAction\",\"target\":{\"@type\":\"EntryPoint\",\"urlTemplate\":\"https:\/\/www.pressenza.com\/de\/?s={search_term_string}\"},\"query-input\":{\"@type\":\"PropertyValueSpecification\",\"valueRequired\":true,\"valueName\":\"search_term_string\"}}],\"inLanguage\":\"de\"},{\"@type\":\"Organization\",\"@id\":\"https:\/\/www.pressenza.com\/de\/#organization\",\"name\":\"Pressenza\",\"url\":\"https:\/\/www.pressenza.com\/de\/\",\"logo\":{\"@type\":\"ImageObject\",\"inLanguage\":\"de\",\"@id\":\"https:\/\/www.pressenza.com\/de\/#\/schema\/logo\/image\/\",\"url\":\"https:\/\/www.pressenza.com\/wp-content\/uploads\/2022\/10\/pressenza_logo_200x200.jpg\",\"contentUrl\":\"https:\/\/www.pressenza.com\/wp-content\/uploads\/2022\/10\/pressenza_logo_200x200.jpg\",\"width\":200,\"height\":200,\"caption\":\"Pressenza\"},\"image\":{\"@id\":\"https:\/\/www.pressenza.com\/de\/#\/schema\/logo\/image\/\"},\"sameAs\":[\"https:\/\/www.facebook.com\/PressenzaItalia\",\"https:\/\/x.com\/PressenzaIPA\"]},{\"@type\":\"Person\",\"@id\":\"https:\/\/www.pressenza.com\/de\/#\/schema\/person\/b816344ee166a2736c48a20c4b9ad2a9\",\"name\":\"Neue Debatte\",\"description\":\"Magazin f\u00fcr Menschen, Kultur und Gesellschaft www.neue-debatte.de\",\"url\":\"https:\/\/www.pressenza.com\/de\/author\/neue-debatte\/\"}]}<\/script>\n<!-- \/ Yoast SEO plugin. -->","yoast_head_json":{"title":"Ein europ\u00e4isches Europa: Wann, wenn nicht jetzt?","description":"Die Welt befindet sich in Unordnung. Die Machtverh\u00e4ltnisse verschieben sich. Wohin soll sich Europa orientieren? Community-Autor Gregor Flock meint, eine","robots":{"index":"index","follow":"follow","max-snippet":"max-snippet:-1","max-image-preview":"max-image-preview:large","max-video-preview":"max-video-preview:-1"},"canonical":"https:\/\/www.pressenza.com\/de\/2017\/04\/ein-europaeisches-europa-wann-wenn-nicht-jetzt\/","og_locale":"de_DE","og_type":"article","og_title":"Ein europ\u00e4isches Europa: Wann, wenn nicht jetzt?","og_description":"Die Welt befindet sich in Unordnung. Die Machtverh\u00e4ltnisse verschieben sich. Wohin soll sich Europa orientieren? Community-Autor Gregor Flock meint, eine","og_url":"https:\/\/www.pressenza.com\/de\/2017\/04\/ein-europaeisches-europa-wann-wenn-nicht-jetzt\/","og_site_name":"Pressenza","article_publisher":"https:\/\/www.facebook.com\/PressenzaItalia","article_published_time":"2017-04-05T12:48:53+00:00","article_modified_time":"2017-04-05T12:55:35+00:00","og_image":[{"width":1038,"height":576,"url":"https:\/\/www.pressenza.com\/wp-content\/uploads\/2017\/04\/beitrag-neue-debatte-europa-orientierung-gastbeitrag-geralt-pixabay-cc0.jpg","type":"image\/jpeg"}],"author":"Neue Debatte","twitter_card":"summary_large_image","twitter_creator":"@PressenzaIPA","twitter_site":"@PressenzaIPA","twitter_misc":{"Verfasst von":"Neue Debatte","Gesch\u00e4tzte Lesezeit":"4\u00a0Minuten"},"schema":{"@context":"https:\/\/schema.org","@graph":[{"@type":"Article","@id":"https:\/\/www.pressenza.com\/de\/2017\/04\/ein-europaeisches-europa-wann-wenn-nicht-jetzt\/#article","isPartOf":{"@id":"https:\/\/www.pressenza.com\/de\/2017\/04\/ein-europaeisches-europa-wann-wenn-nicht-jetzt\/"},"author":{"name":"Neue Debatte","@id":"https:\/\/www.pressenza.com\/de\/#\/schema\/person\/b816344ee166a2736c48a20c4b9ad2a9"},"headline":"Ein europ\u00e4isches Europa: Wann, wenn nicht jetzt?","datePublished":"2017-04-05T12:48:53+00:00","dateModified":"2017-04-05T12:55:35+00:00","mainEntityOfPage":{"@id":"https:\/\/www.pressenza.com\/de\/2017\/04\/ein-europaeisches-europa-wann-wenn-nicht-jetzt\/"},"wordCount":903,"publisher":{"@id":"https:\/\/www.pressenza.com\/de\/#organization"},"image":{"@id":"https:\/\/www.pressenza.com\/de\/2017\/04\/ein-europaeisches-europa-wann-wenn-nicht-jetzt\/#primaryimage"},"thumbnailUrl":"https:\/\/www.pressenza.com\/wp-content\/uploads\/2017\/04\/beitrag-neue-debatte-europa-orientierung-gastbeitrag-geralt-pixabay-cc0.jpg","keywords":["Pax Americana","US-europ\u00e4isch-transatlantischen Beziehungen","Vasallen der USA"],"articleSection":["Europa","International","Meinungen","Nordamerika","Politik"],"inLanguage":"de"},{"@type":"WebPage","@id":"https:\/\/www.pressenza.com\/de\/2017\/04\/ein-europaeisches-europa-wann-wenn-nicht-jetzt\/","url":"https:\/\/www.pressenza.com\/de\/2017\/04\/ein-europaeisches-europa-wann-wenn-nicht-jetzt\/","name":"Ein europ\u00e4isches Europa: Wann, wenn nicht jetzt?","isPartOf":{"@id":"https:\/\/www.pressenza.com\/de\/#website"},"primaryImageOfPage":{"@id":"https:\/\/www.pressenza.com\/de\/2017\/04\/ein-europaeisches-europa-wann-wenn-nicht-jetzt\/#primaryimage"},"image":{"@id":"https:\/\/www.pressenza.com\/de\/2017\/04\/ein-europaeisches-europa-wann-wenn-nicht-jetzt\/#primaryimage"},"thumbnailUrl":"https:\/\/www.pressenza.com\/wp-content\/uploads\/2017\/04\/beitrag-neue-debatte-europa-orientierung-gastbeitrag-geralt-pixabay-cc0.jpg","datePublished":"2017-04-05T12:48:53+00:00","dateModified":"2017-04-05T12:55:35+00:00","description":"Die Welt befindet sich in Unordnung. Die Machtverh\u00e4ltnisse verschieben sich. Wohin soll sich Europa orientieren? Community-Autor Gregor Flock meint, eine","breadcrumb":{"@id":"https:\/\/www.pressenza.com\/de\/2017\/04\/ein-europaeisches-europa-wann-wenn-nicht-jetzt\/#breadcrumb"},"inLanguage":"de","potentialAction":[{"@type":"ReadAction","target":["https:\/\/www.pressenza.com\/de\/2017\/04\/ein-europaeisches-europa-wann-wenn-nicht-jetzt\/"]}]},{"@type":"ImageObject","inLanguage":"de","@id":"https:\/\/www.pressenza.com\/de\/2017\/04\/ein-europaeisches-europa-wann-wenn-nicht-jetzt\/#primaryimage","url":"https:\/\/www.pressenza.com\/wp-content\/uploads\/2017\/04\/beitrag-neue-debatte-europa-orientierung-gastbeitrag-geralt-pixabay-cc0.jpg","contentUrl":"https:\/\/www.pressenza.com\/wp-content\/uploads\/2017\/04\/beitrag-neue-debatte-europa-orientierung-gastbeitrag-geralt-pixabay-cc0.jpg","width":1038,"height":576},{"@type":"BreadcrumbList","@id":"https:\/\/www.pressenza.com\/de\/2017\/04\/ein-europaeisches-europa-wann-wenn-nicht-jetzt\/#breadcrumb","itemListElement":[{"@type":"ListItem","position":1,"name":"Accueil","item":"https:\/\/www.pressenza.com\/de\/"},{"@type":"ListItem","position":2,"name":"Ein europ\u00e4isches Europa: Wann, wenn nicht jetzt?"}]},{"@type":"WebSite","@id":"https:\/\/www.pressenza.com\/de\/#website","url":"https:\/\/www.pressenza.com\/de\/","name":"Pressenza","description":"International Press Agency","publisher":{"@id":"https:\/\/www.pressenza.com\/de\/#organization"},"potentialAction":[{"@type":"SearchAction","target":{"@type":"EntryPoint","urlTemplate":"https:\/\/www.pressenza.com\/de\/?s={search_term_string}"},"query-input":{"@type":"PropertyValueSpecification","valueRequired":true,"valueName":"search_term_string"}}],"inLanguage":"de"},{"@type":"Organization","@id":"https:\/\/www.pressenza.com\/de\/#organization","name":"Pressenza","url":"https:\/\/www.pressenza.com\/de\/","logo":{"@type":"ImageObject","inLanguage":"de","@id":"https:\/\/www.pressenza.com\/de\/#\/schema\/logo\/image\/","url":"https:\/\/www.pressenza.com\/wp-content\/uploads\/2022\/10\/pressenza_logo_200x200.jpg","contentUrl":"https:\/\/www.pressenza.com\/wp-content\/uploads\/2022\/10\/pressenza_logo_200x200.jpg","width":200,"height":200,"caption":"Pressenza"},"image":{"@id":"https:\/\/www.pressenza.com\/de\/#\/schema\/logo\/image\/"},"sameAs":["https:\/\/www.facebook.com\/PressenzaItalia","https:\/\/x.com\/PressenzaIPA"]},{"@type":"Person","@id":"https:\/\/www.pressenza.com\/de\/#\/schema\/person\/b816344ee166a2736c48a20c4b9ad2a9","name":"Neue Debatte","description":"Magazin f\u00fcr Menschen, Kultur und Gesellschaft www.neue-debatte.de","url":"https:\/\/www.pressenza.com\/de\/author\/neue-debatte\/"}]}},"place":"Gregor Flock","original_article_url":"https:\/\/neue-debatte.com\/2017\/04\/03\/ein-europaeisches-europa-wann-wenn-nicht-jetzt\/?#","_links":{"self":[{"href":"https:\/\/www.pressenza.com\/de\/wp-json\/wp\/v2\/posts\/451497","targetHints":{"allow":["GET"]}}],"collection":[{"href":"https:\/\/www.pressenza.com\/de\/wp-json\/wp\/v2\/posts"}],"about":[{"href":"https:\/\/www.pressenza.com\/de\/wp-json\/wp\/v2\/types\/post"}],"author":[{"embeddable":true,"href":"https:\/\/www.pressenza.com\/de\/wp-json\/wp\/v2\/users\/1342"}],"replies":[{"embeddable":true,"href":"https:\/\/www.pressenza.com\/de\/wp-json\/wp\/v2\/comments?post=451497"}],"version-history":[{"count":0,"href":"https:\/\/www.pressenza.com\/de\/wp-json\/wp\/v2\/posts\/451497\/revisions"}],"wp:featuredmedia":[{"embeddable":true,"href":"https:\/\/www.pressenza.com\/de\/wp-json\/wp\/v2\/media\/451498"}],"wp:attachment":[{"href":"https:\/\/www.pressenza.com\/de\/wp-json\/wp\/v2\/media?parent=451497"}],"wp:term":[{"taxonomy":"category","embeddable":true,"href":"https:\/\/www.pressenza.com\/de\/wp-json\/wp\/v2\/categories?post=451497"},{"taxonomy":"post_tag","embeddable":true,"href":"https:\/\/www.pressenza.com\/de\/wp-json\/wp\/v2\/tags?post=451497"}],"curies":[{"name":"wp","href":"https:\/\/api.w.org\/{rel}","templated":true}]}}