{"id":448323,"date":"2017-03-27T16:55:56","date_gmt":"2017-03-27T15:55:56","guid":{"rendered":"https:\/\/www.pressenza.com\/?p=448323\/"},"modified":"2017-03-27T16:55:56","modified_gmt":"2017-03-27T15:55:56","slug":"aktion-berlin-mit-pablo-iglesias-podemos-fuer-die-oeffentliche-gesundheit-spanien","status":"publish","type":"post","link":"https:\/\/www.pressenza.com\/de\/2017\/03\/aktion-berlin-mit-pablo-iglesias-podemos-fuer-die-oeffentliche-gesundheit-spanien\/","title":{"rendered":"Aktion in Berlin mit Pablo Iglesias (PODEMOS) f\u00fcr die \u00f6ffentliche Gesundheit in Spanien"},"content":{"rendered":"<p><strong>Am letzten Samstag fand am Berliner Brandenburger Tor eine Protestaktion statt, organisiert von Mitgliedern des Berliner Podemos-Kreises und unter Mitwirkung von Pablo Iglesias, Generalsekret\u00e4r und Irene Montero, Pressesprecherin von Podemos statt. <\/strong><\/p>\n<p>Protestiert wurde gegen die Entscheidung \u00a0\u00a0der Regierung Rajoy das allgemeine Recht auf Gesundheit in Spanien abzuschaffen. Die europ\u00e4ische Gesundheitskarte ist nicht mehr garantiert und wird durch eine vorl\u00e4ufige Bescheinigung mit dreimonatiger G\u00fcltigkeit ersetzt. Diese wird allerdings von vielen \u00c4rzten in Deutschland nicht akzeptiert.<\/p>\n<p>Infolgedessen haben viele spanische Migranten, die noch nicht ordnungsgem\u00e4\u00df im deutschen Sozial- und Gesundheitssystem registriert sind, Schwierigkeiten medizinische Hilfe zu bekommen oder m\u00fcssen bei der Registrierung in eine Krankenkasse durch den Arbeitgeber Geldstrafen bezahlen. Mehr als 350.000 Menschen sind seit 2012 aus Spanien ausgewandert, davon mehr als 45.000 nach Deutschland.<\/p>\n<p>Iglesias sprach sehr freundlich und offen mit der in Berlin lebenden spanischen Gemeinde \u00fcber ihre Probleme. Bei vielen Menschen konnte man das Gef\u00fchl der Hilflosigkeit sp\u00fcren. Danach gab er dem spanischen Fernsehen ein Interview, verlie\u00df den Platz aber leider ohne eine \u00f6ffentliche Rede zu halten.<\/p>\n<p>Gleichzeitig war der Platz vor dem Brandenburger Tor mit dem eintreffenden &#8222;March for Europe&#8220; \u00fcberf\u00fcllt, der zur Feier des 60. Jahrestages der R\u00f6mischen Vertrages, der Gr\u00fcndung der EWG, \u00a0gleichzeitig in vielen europ\u00e4ischen St\u00e4dten stattfand.<\/p>\n<div id=\"attachment_448377\" class=\"wp-caption aligncenter\"><img loading=\"lazy\" decoding=\"async\" aria-describedby=\"caption-attachment-448377\" class=\"wp-image-448377 size-large\" src=\"https:\/\/www.pressenza.com\/wp-content\/uploads\/2017\/03\/Podemos-720x950.jpg\" alt=\"\" width=\"720\" height=\"950\" srcset=\"https:\/\/www.pressenza.com\/wp-content\/uploads\/2017\/03\/Podemos-720x950.jpg 720w, https:\/\/www.pressenza.com\/wp-content\/uploads\/2017\/03\/Podemos-227x300.jpg 227w, https:\/\/www.pressenza.com\/wp-content\/uploads\/2017\/03\/Podemos-768x1014.jpg 768w, https:\/\/www.pressenza.com\/wp-content\/uploads\/2017\/03\/Podemos.jpg 1181w\" sizes=\"auto, (max-width: 720px) 100vw, 720px\" \/><p id=\"caption-attachment-448377\" class=\"wp-caption-text\">Bild: Diego Guardiani<\/p><\/div>\n","protected":false},"excerpt":{"rendered":"<p>Am letzten Samstag fand am Berliner Brandenburger Tor eine Protestaktion statt, organisiert von Mitgliedern des Berliner Podemos-Kreises und unter Mitwirkung von Pablo Iglesias, Generalsekret\u00e4r und Irene Montero, Pressesprecherin von Podemos statt. Protestiert wurde gegen die Entscheidung \u00a0\u00a0der Regierung Rajoy das&hellip;<\/p>\n","protected":false},"author":1095,"featured_media":448369,"comment_status":"closed","ping_status":"closed","sticky":false,"template":"","format":"standard","meta":{"footnotes":""},"categories":[9150,11387,9168],"tags":[35161,11399,11397,27737,36122],"class_list":["post-448323","post","type-post","status-publish","format-standard","has-post-thumbnail","hentry","category-europa-de","category-originalinhalt","category-politik","tag-irene-montero","tag-pablo-iglesias","tag-podemos-de","tag-podemos-kreis-berlin","tag-recht-auf-gesundheitsversorung"],"yoast_head":"<!-- This site is optimized with the Yoast SEO plugin v27.1.1 - https:\/\/yoast.com\/product\/yoast-seo-wordpress\/ -->\n<title>Aktion in Berlin mit Pablo Iglesias (PODEMOS) f\u00fcr die \u00f6ffentliche Gesundheit in Spanien<\/title>\n<meta name=\"description\" content=\"Am letzten Samstag fand am Berliner Brandenburger Tor eine Protestaktion statt, organisiert von Mitgliedern des Berliner Podemos-Kreises und unter\" \/>\n<meta name=\"robots\" content=\"index, follow, max-snippet:-1, max-image-preview:large, max-video-preview:-1\" \/>\n<link rel=\"canonical\" href=\"https:\/\/www.pressenza.com\/de\/2017\/03\/aktion-berlin-mit-pablo-iglesias-podemos-fuer-die-oeffentliche-gesundheit-spanien\/\" \/>\n<meta property=\"og:locale\" content=\"de_DE\" \/>\n<meta property=\"og:type\" content=\"article\" \/>\n<meta property=\"og:title\" content=\"Aktion in Berlin mit Pablo Iglesias (PODEMOS) f\u00fcr die \u00f6ffentliche Gesundheit in Spanien\" \/>\n<meta property=\"og:description\" content=\"Am letzten Samstag fand am Berliner Brandenburger Tor eine Protestaktion statt, organisiert von Mitgliedern des Berliner Podemos-Kreises und unter\" \/>\n<meta property=\"og:url\" content=\"https:\/\/www.pressenza.com\/de\/2017\/03\/aktion-berlin-mit-pablo-iglesias-podemos-fuer-die-oeffentliche-gesundheit-spanien\/\" \/>\n<meta property=\"og:site_name\" content=\"Pressenza\" \/>\n<meta property=\"article:publisher\" content=\"https:\/\/www.facebook.com\/PressenzaItalia\" \/>\n<meta property=\"article:author\" content=\"https:\/\/www.facebook.com\/Pressenza-Deutschland-sterreich-Schweiz-281675388658060\/timeline\/\" \/>\n<meta property=\"article:published_time\" content=\"2017-03-27T15:55:56+00:00\" \/>\n<meta property=\"og:image\" content=\"https:\/\/www.pressenza.com\/wp-content\/uploads\/2017\/03\/Iglesias-1.jpg\" \/>\n\t<meta property=\"og:image:width\" content=\"750\" \/>\n\t<meta property=\"og:image:height\" content=\"415\" \/>\n\t<meta property=\"og:image:type\" content=\"image\/jpeg\" \/>\n<meta name=\"author\" content=\"Pressenza Berlin\" \/>\n<meta name=\"twitter:card\" content=\"summary_large_image\" \/>\n<meta name=\"twitter:creator\" content=\"@pressenza_ger\" \/>\n<meta name=\"twitter:site\" content=\"@PressenzaIPA\" \/>\n<meta name=\"twitter:label1\" content=\"Verfasst von\" \/>\n\t<meta name=\"twitter:data1\" content=\"Pressenza Berlin\" \/>\n\t<meta name=\"twitter:label2\" content=\"Gesch\u00e4tzte Lesezeit\" \/>\n\t<meta name=\"twitter:data2\" content=\"1\u00a0Minute\" \/>\n<script type=\"application\/ld+json\" class=\"yoast-schema-graph\">{\"@context\":\"https:\/\/schema.org\",\"@graph\":[{\"@type\":\"Article\",\"@id\":\"https:\/\/www.pressenza.com\/de\/2017\/03\/aktion-berlin-mit-pablo-iglesias-podemos-fuer-die-oeffentliche-gesundheit-spanien\/#article\",\"isPartOf\":{\"@id\":\"https:\/\/www.pressenza.com\/de\/2017\/03\/aktion-berlin-mit-pablo-iglesias-podemos-fuer-die-oeffentliche-gesundheit-spanien\/\"},\"author\":{\"name\":\"Pressenza Berlin\",\"@id\":\"https:\/\/www.pressenza.com\/de\/#\/schema\/person\/57bb5480943a496a7722b0248e4b658a\"},\"headline\":\"Aktion in Berlin mit Pablo Iglesias (PODEMOS) f\u00fcr die \u00f6ffentliche Gesundheit in Spanien\",\"datePublished\":\"2017-03-27T15:55:56+00:00\",\"mainEntityOfPage\":{\"@id\":\"https:\/\/www.pressenza.com\/de\/2017\/03\/aktion-berlin-mit-pablo-iglesias-podemos-fuer-die-oeffentliche-gesundheit-spanien\/\"},\"wordCount\":235,\"publisher\":{\"@id\":\"https:\/\/www.pressenza.com\/de\/#organization\"},\"image\":{\"@id\":\"https:\/\/www.pressenza.com\/de\/2017\/03\/aktion-berlin-mit-pablo-iglesias-podemos-fuer-die-oeffentliche-gesundheit-spanien\/#primaryimage\"},\"thumbnailUrl\":\"https:\/\/www.pressenza.com\/wp-content\/uploads\/2017\/03\/Iglesias-1.jpg\",\"keywords\":[\"Irene Montero\",\"Pablo Iglesias\",\"podemos\",\"Podemos Kreis Berlin\",\"Recht auf Gesundheitsversorung\"],\"articleSection\":[\"Europa\",\"Originalinhalt\",\"Politik\"],\"inLanguage\":\"de\"},{\"@type\":\"WebPage\",\"@id\":\"https:\/\/www.pressenza.com\/de\/2017\/03\/aktion-berlin-mit-pablo-iglesias-podemos-fuer-die-oeffentliche-gesundheit-spanien\/\",\"url\":\"https:\/\/www.pressenza.com\/de\/2017\/03\/aktion-berlin-mit-pablo-iglesias-podemos-fuer-die-oeffentliche-gesundheit-spanien\/\",\"name\":\"Aktion in Berlin mit Pablo Iglesias (PODEMOS) f\u00fcr die \u00f6ffentliche Gesundheit in Spanien\",\"isPartOf\":{\"@id\":\"https:\/\/www.pressenza.com\/de\/#website\"},\"primaryImageOfPage\":{\"@id\":\"https:\/\/www.pressenza.com\/de\/2017\/03\/aktion-berlin-mit-pablo-iglesias-podemos-fuer-die-oeffentliche-gesundheit-spanien\/#primaryimage\"},\"image\":{\"@id\":\"https:\/\/www.pressenza.com\/de\/2017\/03\/aktion-berlin-mit-pablo-iglesias-podemos-fuer-die-oeffentliche-gesundheit-spanien\/#primaryimage\"},\"thumbnailUrl\":\"https:\/\/www.pressenza.com\/wp-content\/uploads\/2017\/03\/Iglesias-1.jpg\",\"datePublished\":\"2017-03-27T15:55:56+00:00\",\"description\":\"Am letzten Samstag fand am Berliner Brandenburger Tor eine Protestaktion statt, organisiert von Mitgliedern des Berliner Podemos-Kreises und unter\",\"breadcrumb\":{\"@id\":\"https:\/\/www.pressenza.com\/de\/2017\/03\/aktion-berlin-mit-pablo-iglesias-podemos-fuer-die-oeffentliche-gesundheit-spanien\/#breadcrumb\"},\"inLanguage\":\"de\",\"potentialAction\":[{\"@type\":\"ReadAction\",\"target\":[\"https:\/\/www.pressenza.com\/de\/2017\/03\/aktion-berlin-mit-pablo-iglesias-podemos-fuer-die-oeffentliche-gesundheit-spanien\/\"]}]},{\"@type\":\"ImageObject\",\"inLanguage\":\"de\",\"@id\":\"https:\/\/www.pressenza.com\/de\/2017\/03\/aktion-berlin-mit-pablo-iglesias-podemos-fuer-die-oeffentliche-gesundheit-spanien\/#primaryimage\",\"url\":\"https:\/\/www.pressenza.com\/wp-content\/uploads\/2017\/03\/Iglesias-1.jpg\",\"contentUrl\":\"https:\/\/www.pressenza.com\/wp-content\/uploads\/2017\/03\/Iglesias-1.jpg\",\"width\":750,\"height\":415},{\"@type\":\"BreadcrumbList\",\"@id\":\"https:\/\/www.pressenza.com\/de\/2017\/03\/aktion-berlin-mit-pablo-iglesias-podemos-fuer-die-oeffentliche-gesundheit-spanien\/#breadcrumb\",\"itemListElement\":[{\"@type\":\"ListItem\",\"position\":1,\"name\":\"Accueil\",\"item\":\"https:\/\/www.pressenza.com\/de\/\"},{\"@type\":\"ListItem\",\"position\":2,\"name\":\"Aktion in Berlin mit Pablo Iglesias (PODEMOS) f\u00fcr die \u00f6ffentliche Gesundheit in Spanien\"}]},{\"@type\":\"WebSite\",\"@id\":\"https:\/\/www.pressenza.com\/de\/#website\",\"url\":\"https:\/\/www.pressenza.com\/de\/\",\"name\":\"Pressenza\",\"description\":\"International Press Agency\",\"publisher\":{\"@id\":\"https:\/\/www.pressenza.com\/de\/#organization\"},\"potentialAction\":[{\"@type\":\"SearchAction\",\"target\":{\"@type\":\"EntryPoint\",\"urlTemplate\":\"https:\/\/www.pressenza.com\/de\/?s={search_term_string}\"},\"query-input\":{\"@type\":\"PropertyValueSpecification\",\"valueRequired\":true,\"valueName\":\"search_term_string\"}}],\"inLanguage\":\"de\"},{\"@type\":\"Organization\",\"@id\":\"https:\/\/www.pressenza.com\/de\/#organization\",\"name\":\"Pressenza\",\"url\":\"https:\/\/www.pressenza.com\/de\/\",\"logo\":{\"@type\":\"ImageObject\",\"inLanguage\":\"de\",\"@id\":\"https:\/\/www.pressenza.com\/de\/#\/schema\/logo\/image\/\",\"url\":\"https:\/\/www.pressenza.com\/wp-content\/uploads\/2022\/10\/pressenza_logo_200x200.jpg\",\"contentUrl\":\"https:\/\/www.pressenza.com\/wp-content\/uploads\/2022\/10\/pressenza_logo_200x200.jpg\",\"width\":200,\"height\":200,\"caption\":\"Pressenza\"},\"image\":{\"@id\":\"https:\/\/www.pressenza.com\/de\/#\/schema\/logo\/image\/\"},\"sameAs\":[\"https:\/\/www.facebook.com\/PressenzaItalia\",\"https:\/\/x.com\/PressenzaIPA\"]},{\"@type\":\"Person\",\"@id\":\"https:\/\/www.pressenza.com\/de\/#\/schema\/person\/57bb5480943a496a7722b0248e4b658a\",\"name\":\"Pressenza Berlin\",\"description\":\"News from the Pressenza Bureau in Berlin, Germany\",\"sameAs\":[\"https:\/\/www.facebook.com\/Pressenza-Deutschland-sterreich-Schweiz-281675388658060\/timeline\/\",\"https:\/\/x.com\/pressenza_ger\"],\"url\":\"https:\/\/www.pressenza.com\/de\/author\/pressenza-berlin\/\"}]}<\/script>\n<!-- \/ Yoast SEO plugin. -->","yoast_head_json":{"title":"Aktion in Berlin mit Pablo Iglesias (PODEMOS) f\u00fcr die \u00f6ffentliche Gesundheit in Spanien","description":"Am letzten Samstag fand am Berliner Brandenburger Tor eine Protestaktion statt, organisiert von Mitgliedern des Berliner Podemos-Kreises und unter","robots":{"index":"index","follow":"follow","max-snippet":"max-snippet:-1","max-image-preview":"max-image-preview:large","max-video-preview":"max-video-preview:-1"},"canonical":"https:\/\/www.pressenza.com\/de\/2017\/03\/aktion-berlin-mit-pablo-iglesias-podemos-fuer-die-oeffentliche-gesundheit-spanien\/","og_locale":"de_DE","og_type":"article","og_title":"Aktion in Berlin mit Pablo Iglesias (PODEMOS) f\u00fcr die \u00f6ffentliche Gesundheit in Spanien","og_description":"Am letzten Samstag fand am Berliner Brandenburger Tor eine Protestaktion statt, organisiert von Mitgliedern des Berliner Podemos-Kreises und unter","og_url":"https:\/\/www.pressenza.com\/de\/2017\/03\/aktion-berlin-mit-pablo-iglesias-podemos-fuer-die-oeffentliche-gesundheit-spanien\/","og_site_name":"Pressenza","article_publisher":"https:\/\/www.facebook.com\/PressenzaItalia","article_author":"https:\/\/www.facebook.com\/Pressenza-Deutschland-sterreich-Schweiz-281675388658060\/timeline\/","article_published_time":"2017-03-27T15:55:56+00:00","og_image":[{"width":750,"height":415,"url":"https:\/\/www.pressenza.com\/wp-content\/uploads\/2017\/03\/Iglesias-1.jpg","type":"image\/jpeg"}],"author":"Pressenza Berlin","twitter_card":"summary_large_image","twitter_creator":"@pressenza_ger","twitter_site":"@PressenzaIPA","twitter_misc":{"Verfasst von":"Pressenza Berlin","Gesch\u00e4tzte Lesezeit":"1\u00a0Minute"},"schema":{"@context":"https:\/\/schema.org","@graph":[{"@type":"Article","@id":"https:\/\/www.pressenza.com\/de\/2017\/03\/aktion-berlin-mit-pablo-iglesias-podemos-fuer-die-oeffentliche-gesundheit-spanien\/#article","isPartOf":{"@id":"https:\/\/www.pressenza.com\/de\/2017\/03\/aktion-berlin-mit-pablo-iglesias-podemos-fuer-die-oeffentliche-gesundheit-spanien\/"},"author":{"name":"Pressenza Berlin","@id":"https:\/\/www.pressenza.com\/de\/#\/schema\/person\/57bb5480943a496a7722b0248e4b658a"},"headline":"Aktion in Berlin mit Pablo Iglesias (PODEMOS) f\u00fcr die \u00f6ffentliche Gesundheit in Spanien","datePublished":"2017-03-27T15:55:56+00:00","mainEntityOfPage":{"@id":"https:\/\/www.pressenza.com\/de\/2017\/03\/aktion-berlin-mit-pablo-iglesias-podemos-fuer-die-oeffentliche-gesundheit-spanien\/"},"wordCount":235,"publisher":{"@id":"https:\/\/www.pressenza.com\/de\/#organization"},"image":{"@id":"https:\/\/www.pressenza.com\/de\/2017\/03\/aktion-berlin-mit-pablo-iglesias-podemos-fuer-die-oeffentliche-gesundheit-spanien\/#primaryimage"},"thumbnailUrl":"https:\/\/www.pressenza.com\/wp-content\/uploads\/2017\/03\/Iglesias-1.jpg","keywords":["Irene Montero","Pablo Iglesias","podemos","Podemos Kreis Berlin","Recht auf Gesundheitsversorung"],"articleSection":["Europa","Originalinhalt","Politik"],"inLanguage":"de"},{"@type":"WebPage","@id":"https:\/\/www.pressenza.com\/de\/2017\/03\/aktion-berlin-mit-pablo-iglesias-podemos-fuer-die-oeffentliche-gesundheit-spanien\/","url":"https:\/\/www.pressenza.com\/de\/2017\/03\/aktion-berlin-mit-pablo-iglesias-podemos-fuer-die-oeffentliche-gesundheit-spanien\/","name":"Aktion in Berlin mit Pablo Iglesias (PODEMOS) f\u00fcr die \u00f6ffentliche Gesundheit in Spanien","isPartOf":{"@id":"https:\/\/www.pressenza.com\/de\/#website"},"primaryImageOfPage":{"@id":"https:\/\/www.pressenza.com\/de\/2017\/03\/aktion-berlin-mit-pablo-iglesias-podemos-fuer-die-oeffentliche-gesundheit-spanien\/#primaryimage"},"image":{"@id":"https:\/\/www.pressenza.com\/de\/2017\/03\/aktion-berlin-mit-pablo-iglesias-podemos-fuer-die-oeffentliche-gesundheit-spanien\/#primaryimage"},"thumbnailUrl":"https:\/\/www.pressenza.com\/wp-content\/uploads\/2017\/03\/Iglesias-1.jpg","datePublished":"2017-03-27T15:55:56+00:00","description":"Am letzten Samstag fand am Berliner Brandenburger Tor eine Protestaktion statt, organisiert von Mitgliedern des Berliner Podemos-Kreises und unter","breadcrumb":{"@id":"https:\/\/www.pressenza.com\/de\/2017\/03\/aktion-berlin-mit-pablo-iglesias-podemos-fuer-die-oeffentliche-gesundheit-spanien\/#breadcrumb"},"inLanguage":"de","potentialAction":[{"@type":"ReadAction","target":["https:\/\/www.pressenza.com\/de\/2017\/03\/aktion-berlin-mit-pablo-iglesias-podemos-fuer-die-oeffentliche-gesundheit-spanien\/"]}]},{"@type":"ImageObject","inLanguage":"de","@id":"https:\/\/www.pressenza.com\/de\/2017\/03\/aktion-berlin-mit-pablo-iglesias-podemos-fuer-die-oeffentliche-gesundheit-spanien\/#primaryimage","url":"https:\/\/www.pressenza.com\/wp-content\/uploads\/2017\/03\/Iglesias-1.jpg","contentUrl":"https:\/\/www.pressenza.com\/wp-content\/uploads\/2017\/03\/Iglesias-1.jpg","width":750,"height":415},{"@type":"BreadcrumbList","@id":"https:\/\/www.pressenza.com\/de\/2017\/03\/aktion-berlin-mit-pablo-iglesias-podemos-fuer-die-oeffentliche-gesundheit-spanien\/#breadcrumb","itemListElement":[{"@type":"ListItem","position":1,"name":"Accueil","item":"https:\/\/www.pressenza.com\/de\/"},{"@type":"ListItem","position":2,"name":"Aktion in Berlin mit Pablo Iglesias (PODEMOS) f\u00fcr die \u00f6ffentliche Gesundheit in Spanien"}]},{"@type":"WebSite","@id":"https:\/\/www.pressenza.com\/de\/#website","url":"https:\/\/www.pressenza.com\/de\/","name":"Pressenza","description":"International Press Agency","publisher":{"@id":"https:\/\/www.pressenza.com\/de\/#organization"},"potentialAction":[{"@type":"SearchAction","target":{"@type":"EntryPoint","urlTemplate":"https:\/\/www.pressenza.com\/de\/?s={search_term_string}"},"query-input":{"@type":"PropertyValueSpecification","valueRequired":true,"valueName":"search_term_string"}}],"inLanguage":"de"},{"@type":"Organization","@id":"https:\/\/www.pressenza.com\/de\/#organization","name":"Pressenza","url":"https:\/\/www.pressenza.com\/de\/","logo":{"@type":"ImageObject","inLanguage":"de","@id":"https:\/\/www.pressenza.com\/de\/#\/schema\/logo\/image\/","url":"https:\/\/www.pressenza.com\/wp-content\/uploads\/2022\/10\/pressenza_logo_200x200.jpg","contentUrl":"https:\/\/www.pressenza.com\/wp-content\/uploads\/2022\/10\/pressenza_logo_200x200.jpg","width":200,"height":200,"caption":"Pressenza"},"image":{"@id":"https:\/\/www.pressenza.com\/de\/#\/schema\/logo\/image\/"},"sameAs":["https:\/\/www.facebook.com\/PressenzaItalia","https:\/\/x.com\/PressenzaIPA"]},{"@type":"Person","@id":"https:\/\/www.pressenza.com\/de\/#\/schema\/person\/57bb5480943a496a7722b0248e4b658a","name":"Pressenza Berlin","description":"News from the Pressenza Bureau in Berlin, Germany","sameAs":["https:\/\/www.facebook.com\/Pressenza-Deutschland-sterreich-Schweiz-281675388658060\/timeline\/","https:\/\/x.com\/pressenza_ger"],"url":"https:\/\/www.pressenza.com\/de\/author\/pressenza-berlin\/"}]}},"place":"Diego Guardiani","original_article_url":"","_links":{"self":[{"href":"https:\/\/www.pressenza.com\/de\/wp-json\/wp\/v2\/posts\/448323","targetHints":{"allow":["GET"]}}],"collection":[{"href":"https:\/\/www.pressenza.com\/de\/wp-json\/wp\/v2\/posts"}],"about":[{"href":"https:\/\/www.pressenza.com\/de\/wp-json\/wp\/v2\/types\/post"}],"author":[{"embeddable":true,"href":"https:\/\/www.pressenza.com\/de\/wp-json\/wp\/v2\/users\/1095"}],"replies":[{"embeddable":true,"href":"https:\/\/www.pressenza.com\/de\/wp-json\/wp\/v2\/comments?post=448323"}],"version-history":[{"count":0,"href":"https:\/\/www.pressenza.com\/de\/wp-json\/wp\/v2\/posts\/448323\/revisions"}],"wp:featuredmedia":[{"embeddable":true,"href":"https:\/\/www.pressenza.com\/de\/wp-json\/wp\/v2\/media\/448369"}],"wp:attachment":[{"href":"https:\/\/www.pressenza.com\/de\/wp-json\/wp\/v2\/media?parent=448323"}],"wp:term":[{"taxonomy":"category","embeddable":true,"href":"https:\/\/www.pressenza.com\/de\/wp-json\/wp\/v2\/categories?post=448323"},{"taxonomy":"post_tag","embeddable":true,"href":"https:\/\/www.pressenza.com\/de\/wp-json\/wp\/v2\/tags?post=448323"}],"curies":[{"name":"wp","href":"https:\/\/api.w.org\/{rel}","templated":true}]}}