{"id":438859,"date":"2017-03-05T16:02:08","date_gmt":"2017-03-05T16:02:08","guid":{"rendered":"https:\/\/www.pressenza.com\/?p=438859\/"},"modified":"2017-03-05T16:02:08","modified_gmt":"2017-03-05T16:02:08","slug":"bundesregierung-will-atomwaffen-verhandlungen-boykottieren","status":"publish","type":"post","link":"https:\/\/www.pressenza.com\/de\/2017\/03\/bundesregierung-will-atomwaffen-verhandlungen-boykottieren\/","title":{"rendered":"Bundesregierung will Atomwaffen-Verhandlungen boykottieren"},"content":{"rendered":"<p><em>Pressemitteilung vom 17. Februar 2017<\/em><\/p>\n<p><strong>Kritik aus der Friedensbewegung<\/strong><\/p>\n<p>Die Bundesregierung wird den internationalen Verhandlungen \u00fcber ein Atomwaffenverbot fernbleiben. Das erkl\u00e4rt das Au\u00dfenministerium in einem Schreiben an mehrere Friedensorganisationen, darunter die deutschen Sektionen der Internationalen Kampagne zur Abschaffung von Atomwaffen (ICAN) und der \u00c4rzte f\u00fcr die Verh\u00fctung des Atomkrieges (IPPNW). Ab dem 27. M\u00e4rz werden gesch\u00e4tzte 130 Staaten in New York \u00fcber einen Vertrag diskutieren, der die \u00c4chtung und Abschaffung dieser Massenvernichtungswaffen zum Ziel hat.<\/p>\n<p>Sascha Hach von ICAN Deutschland kommentiert die Haltung der Bundesregierung: \u201eMit ihrem Boykott schadet die Bundesregierung der abr\u00fcstungspolitischen Glaubw\u00fcrdigkeit Deutschlands. Eine atomwaffenfreie Welt, wie sie die Regierung offiziell zum Ziel hat, ist ohne eine \u00c4chtung von Atomwaffen nicht erreichbar. Indem sie sich aus einer f\u00fcr die Weiterentwicklung des V\u00f6lkerrechts zentralen multilateralen Debatte ausklinkt, gibt sie wichtige und von der Bev\u00f6lkerung getragene friedenspolitische Werte preis.\u201c<\/p>\n<p>Die Entscheidung gegen die Teilnahme an den Verhandlungen wurde noch vom ehemaligen Au\u00dfenminister Frank-Walter Steinmeier getroffen. Begr\u00fcndet wird die Haltung unter anderem damit, dass ein Vertrag wirkungslos bleibe, sofern die Atomwaffenstaaten nicht eingebunden sind. Die Bef\u00fcrworter halten die \u00c4chtung der Atomwaffen f\u00fcr ein unabdingbarer Schritt, die Abr\u00fcstung hin zu einer atomwaffenfreien Welt voranzubringen \u2013 auch, wenn nicht alle Staaten diesen Schritt von Anfang an mitgehen wie bei den Verboten von Bio- und Chemiewaffen.<\/p>\n<p>Welche Dynamik die Atomwaffen-Verhandlungen bereits ausl\u00f6sen, zeigt ein <a href=\"http:\/\/www.icanw.org\/wp-content\/uploads\/2016\/10\/NATO_OCT2016.pdf\" target=\"_blank\">internes NATO-Papier<\/a> vom Oktober 2016, in dem die USA ihre Verb\u00fcndeten eindringlich auffordern, in den Vereinten Nationen gegen einen Verbotsvertrag zu stimmen und sich nicht an den Verhandlungen zu beteiligen. Die US-Regierung bef\u00fcrchtet, dass die nukleare Abschreckung nicht mehr aufrecht erhalten werden k\u00f6nne.<\/p>\n<p>Xanthe Hall, IPPNW-Abr\u00fcstungsexpertin erkl\u00e4rt: \u201eWenn die Bundesregierung die Sicherheitsbed\u00fcrfnisse aller Staaten ernst nimmt, muss sie sich konstruktiv an den UN-Verhandlungen f\u00fcr ein Atomwaffenverbot beteiligen, auch als NATO-Mitglied. Atomwaffenfreie Staaten f\u00fchlen sich durch die Atomwaffen weit mehr bedroht als besch\u00fctzt. Wenn es zu einem Atomkrieg kommen sollte, h\u00e4tte das weltweit katastrophale Auswirkungen auf das Klima und w\u00fcrde Milliarden von Menschen mit Hungersn\u00f6ten bedrohen. Man kann sich nicht aus dieser Verantwortung stehlen, in dem man einfach sagt, wir sind Mitglied in einer nuklearen Allianz.\u201c<\/p>\n<p>F\u00fcr ICAN, die IPPNW und die Friedensbewegung ist es ein gro\u00dfer Erfolg, dass Verbotsverhandlungen beginnen. Auch in der deutschen Bev\u00f6lkerung d\u00fcrften die Verhandlungen gro\u00dfe Unterst\u00fctzung finden. Laut einer von der IPPNW in Auftrag gegebenen Forsa-Umfrage aus dem vergangenen Jahr sind 93 Prozent der Bundesb\u00fcrger f\u00fcr ein Atomwaffenverbot.<\/p>\n<p>Das Schreiben des Au\u00dfenministeriums (pdf): <a href=\"http:\/\/www.icanw.de\/wp-content\/uploads\/2017\/02\/de-absage-banconf.pdf\" target=\"_blank\">www.icanw.de\/wp-content\/uploads\/2017\/02\/de-absage-banconf.pdf<\/a><\/p>\n<p>ICAN-Bewertung der deutschen Absage (pdf): <a href=\"http:\/\/www.icanw.de\/wp-content\/uploads\/2017\/02\/DE-Atomwaffenverbot1.pdf\" target=\"_blank\">www.icanw.de\/wp-content\/uploads\/2017\/02\/DE-Atomwaffenverbot1.pdf<\/a><\/p>\n<p>Antworten auf die wichtigsten Fragen zu den Verhandlungen: <a href=\"http:\/\/www.icanw.de\/action\/atomwaffenverbot-habt-ihr-fragen\/\" target=\"_blank\">www.icanw.de\/action\/atomwaffenverbot-habt-ihr-fragen<\/a><\/p>\n<p>Artikel auf Spiegel-online: <a href=\"http:\/\/www.spiegel.de\/politik\/ausland\/deutschland-will-nicht-ueber-atomwaffenverbot-verhandeln-a-1135014.html\" target=\"_blank\">www.spiegel.de\/politik\/ausland\/deutschland-will-nicht-ueber-atomwaffenverbot-verhandeln-a-1135014.html<\/a><\/p>\n<p>&nbsp;<\/p>\n","protected":false},"excerpt":{"rendered":"<p>Pressemitteilung vom 17. Februar 2017 Kritik aus der Friedensbewegung Die Bundesregierung wird den internationalen Verhandlungen \u00fcber ein Atomwaffenverbot fernbleiben. Das erkl\u00e4rt das Au\u00dfenministerium in einem Schreiben an mehrere Friedensorganisationen, darunter die deutschen Sektionen der Internationalen Kampagne zur Abschaffung von Atomwaffen&hellip;<\/p>\n","protected":false},"author":1000,"featured_media":438884,"comment_status":"closed","ping_status":"closed","sticky":false,"template":"","format":"standard","meta":{"footnotes":""},"categories":[9150,9167,9166,9164,9168,9145,20605],"tags":[12506,35436,12132,9358,14669,3407],"class_list":["post-438859","post","type-post","status-publish","format-standard","has-post-thumbnail","hentry","category-europa-de","category-frieden-und-abruestung","category-gewaltfreiheit","category-internationale-angelegenheiten","category-politik","category-pressemitteilungen","category-unkategorisiert","tag-atomwaffen","tag-atomwaffen-verhandlungen","tag-bundesregierung","tag-friedensbewegung","tag-ican-de","tag-ican"],"yoast_head":"<!-- This site is optimized with the Yoast SEO plugin v27.1.1 - https:\/\/yoast.com\/product\/yoast-seo-wordpress\/ -->\n<title>Bundesregierung will Atomwaffen-Verhandlungen boykottieren<\/title>\n<meta name=\"description\" content=\"Pressemitteilung vom 17. Februar 2017 Kritik aus der Friedensbewegung Die Bundesregierung wird den internationalen Verhandlungen \u00fcber ein Atomwaffenverbot\" \/>\n<meta name=\"robots\" content=\"index, follow, max-snippet:-1, max-image-preview:large, max-video-preview:-1\" \/>\n<link rel=\"canonical\" href=\"https:\/\/www.pressenza.com\/de\/2017\/03\/bundesregierung-will-atomwaffen-verhandlungen-boykottieren\/\" \/>\n<meta property=\"og:locale\" content=\"de_DE\" \/>\n<meta property=\"og:type\" content=\"article\" \/>\n<meta property=\"og:title\" content=\"Bundesregierung will Atomwaffen-Verhandlungen boykottieren\" \/>\n<meta property=\"og:description\" content=\"Pressemitteilung vom 17. Februar 2017 Kritik aus der Friedensbewegung Die Bundesregierung wird den internationalen Verhandlungen \u00fcber ein Atomwaffenverbot\" \/>\n<meta property=\"og:url\" content=\"https:\/\/www.pressenza.com\/de\/2017\/03\/bundesregierung-will-atomwaffen-verhandlungen-boykottieren\/\" \/>\n<meta property=\"og:site_name\" content=\"Pressenza\" \/>\n<meta property=\"article:publisher\" content=\"https:\/\/www.facebook.com\/PressenzaItalia\" \/>\n<meta property=\"article:author\" content=\"https:\/\/www.facebook.com\/icanw.org\" \/>\n<meta property=\"article:published_time\" content=\"2017-03-05T16:02:08+00:00\" \/>\n<meta property=\"og:image\" content=\"https:\/\/www.pressenza.com\/wp-content\/uploads\/2017\/03\/ICAN_Ban2017.png\" \/>\n\t<meta property=\"og:image:width\" content=\"620\" \/>\n\t<meta property=\"og:image:height\" content=\"350\" \/>\n\t<meta property=\"og:image:type\" content=\"image\/png\" \/>\n<meta name=\"author\" content=\"International Campaign to Abolish Nuclear Weapons\" \/>\n<meta name=\"twitter:card\" content=\"summary_large_image\" \/>\n<meta name=\"twitter:creator\" content=\"@nuclearban\" \/>\n<meta name=\"twitter:site\" content=\"@PressenzaIPA\" \/>\n<meta name=\"twitter:label1\" content=\"Verfasst von\" \/>\n\t<meta name=\"twitter:data1\" content=\"International Campaign to Abolish Nuclear Weapons\" \/>\n\t<meta name=\"twitter:label2\" content=\"Gesch\u00e4tzte Lesezeit\" \/>\n\t<meta name=\"twitter:data2\" content=\"2\u00a0Minuten\" \/>\n<script type=\"application\/ld+json\" class=\"yoast-schema-graph\">{\"@context\":\"https:\/\/schema.org\",\"@graph\":[{\"@type\":\"Article\",\"@id\":\"https:\/\/www.pressenza.com\/de\/2017\/03\/bundesregierung-will-atomwaffen-verhandlungen-boykottieren\/#article\",\"isPartOf\":{\"@id\":\"https:\/\/www.pressenza.com\/de\/2017\/03\/bundesregierung-will-atomwaffen-verhandlungen-boykottieren\/\"},\"author\":{\"name\":\"International Campaign to Abolish Nuclear Weapons\",\"@id\":\"https:\/\/www.pressenza.com\/de\/#\/schema\/person\/aa7c55b36390ee5908d729832f09fc22\"},\"headline\":\"Bundesregierung will Atomwaffen-Verhandlungen boykottieren\",\"datePublished\":\"2017-03-05T16:02:08+00:00\",\"mainEntityOfPage\":{\"@id\":\"https:\/\/www.pressenza.com\/de\/2017\/03\/bundesregierung-will-atomwaffen-verhandlungen-boykottieren\/\"},\"wordCount\":475,\"publisher\":{\"@id\":\"https:\/\/www.pressenza.com\/de\/#organization\"},\"image\":{\"@id\":\"https:\/\/www.pressenza.com\/de\/2017\/03\/bundesregierung-will-atomwaffen-verhandlungen-boykottieren\/#primaryimage\"},\"thumbnailUrl\":\"https:\/\/www.pressenza.com\/wp-content\/uploads\/2017\/03\/ICAN_Ban2017.png\",\"keywords\":[\"Atomwaffen\",\"Atomwaffen-Verhandlungen\",\"Bundesregierung\",\"Friedensbewegung\",\"ICAN\",\"ICAN\"],\"articleSection\":[\"Europa\",\"Frieden und Abr\u00fcstung\",\"Gewaltfreiheit\",\"Internationale Angelegenheiten\",\"Politik\",\"Pressemitteilungen\",\"Unkategorisiert\"],\"inLanguage\":\"de\"},{\"@type\":\"WebPage\",\"@id\":\"https:\/\/www.pressenza.com\/de\/2017\/03\/bundesregierung-will-atomwaffen-verhandlungen-boykottieren\/\",\"url\":\"https:\/\/www.pressenza.com\/de\/2017\/03\/bundesregierung-will-atomwaffen-verhandlungen-boykottieren\/\",\"name\":\"Bundesregierung will Atomwaffen-Verhandlungen boykottieren\",\"isPartOf\":{\"@id\":\"https:\/\/www.pressenza.com\/de\/#website\"},\"primaryImageOfPage\":{\"@id\":\"https:\/\/www.pressenza.com\/de\/2017\/03\/bundesregierung-will-atomwaffen-verhandlungen-boykottieren\/#primaryimage\"},\"image\":{\"@id\":\"https:\/\/www.pressenza.com\/de\/2017\/03\/bundesregierung-will-atomwaffen-verhandlungen-boykottieren\/#primaryimage\"},\"thumbnailUrl\":\"https:\/\/www.pressenza.com\/wp-content\/uploads\/2017\/03\/ICAN_Ban2017.png\",\"datePublished\":\"2017-03-05T16:02:08+00:00\",\"description\":\"Pressemitteilung vom 17. Februar 2017 Kritik aus der Friedensbewegung Die Bundesregierung wird den internationalen Verhandlungen \u00fcber ein Atomwaffenverbot\",\"breadcrumb\":{\"@id\":\"https:\/\/www.pressenza.com\/de\/2017\/03\/bundesregierung-will-atomwaffen-verhandlungen-boykottieren\/#breadcrumb\"},\"inLanguage\":\"de\",\"potentialAction\":[{\"@type\":\"ReadAction\",\"target\":[\"https:\/\/www.pressenza.com\/de\/2017\/03\/bundesregierung-will-atomwaffen-verhandlungen-boykottieren\/\"]}]},{\"@type\":\"ImageObject\",\"inLanguage\":\"de\",\"@id\":\"https:\/\/www.pressenza.com\/de\/2017\/03\/bundesregierung-will-atomwaffen-verhandlungen-boykottieren\/#primaryimage\",\"url\":\"https:\/\/www.pressenza.com\/wp-content\/uploads\/2017\/03\/ICAN_Ban2017.png\",\"contentUrl\":\"https:\/\/www.pressenza.com\/wp-content\/uploads\/2017\/03\/ICAN_Ban2017.png\",\"width\":620,\"height\":350},{\"@type\":\"BreadcrumbList\",\"@id\":\"https:\/\/www.pressenza.com\/de\/2017\/03\/bundesregierung-will-atomwaffen-verhandlungen-boykottieren\/#breadcrumb\",\"itemListElement\":[{\"@type\":\"ListItem\",\"position\":1,\"name\":\"Accueil\",\"item\":\"https:\/\/www.pressenza.com\/de\/\"},{\"@type\":\"ListItem\",\"position\":2,\"name\":\"Bundesregierung will Atomwaffen-Verhandlungen boykottieren\"}]},{\"@type\":\"WebSite\",\"@id\":\"https:\/\/www.pressenza.com\/de\/#website\",\"url\":\"https:\/\/www.pressenza.com\/de\/\",\"name\":\"Pressenza\",\"description\":\"International Press Agency\",\"publisher\":{\"@id\":\"https:\/\/www.pressenza.com\/de\/#organization\"},\"potentialAction\":[{\"@type\":\"SearchAction\",\"target\":{\"@type\":\"EntryPoint\",\"urlTemplate\":\"https:\/\/www.pressenza.com\/de\/?s={search_term_string}\"},\"query-input\":{\"@type\":\"PropertyValueSpecification\",\"valueRequired\":true,\"valueName\":\"search_term_string\"}}],\"inLanguage\":\"de\"},{\"@type\":\"Organization\",\"@id\":\"https:\/\/www.pressenza.com\/de\/#organization\",\"name\":\"Pressenza\",\"url\":\"https:\/\/www.pressenza.com\/de\/\",\"logo\":{\"@type\":\"ImageObject\",\"inLanguage\":\"de\",\"@id\":\"https:\/\/www.pressenza.com\/de\/#\/schema\/logo\/image\/\",\"url\":\"https:\/\/www.pressenza.com\/wp-content\/uploads\/2022\/10\/pressenza_logo_200x200.jpg\",\"contentUrl\":\"https:\/\/www.pressenza.com\/wp-content\/uploads\/2022\/10\/pressenza_logo_200x200.jpg\",\"width\":200,\"height\":200,\"caption\":\"Pressenza\"},\"image\":{\"@id\":\"https:\/\/www.pressenza.com\/de\/#\/schema\/logo\/image\/\"},\"sameAs\":[\"https:\/\/www.facebook.com\/PressenzaItalia\",\"https:\/\/x.com\/PressenzaIPA\"]},{\"@type\":\"Person\",\"@id\":\"https:\/\/www.pressenza.com\/de\/#\/schema\/person\/aa7c55b36390ee5908d729832f09fc22\",\"name\":\"International Campaign to Abolish Nuclear Weapons\",\"description\":\"The International Campaign to Abolish Nuclear Weapons (ICAN) is a global campaign coalition working to mobilize people in all countries to inspire, persuade and pressure their governments to initiate negotiations for a treaty banning nuclear weapons. It has 500 partner organizations in 103 countries, and was launched in 2007. www.icanw.org\",\"sameAs\":[\"http:\/\/www.icanw.org\",\"https:\/\/www.facebook.com\/icanw.org\",\"https:\/\/x.com\/nuclearban\"],\"url\":\"https:\/\/www.pressenza.com\/de\/author\/international-campaign-to-abolish-nuclear-weapons\/\"}]}<\/script>\n<!-- \/ Yoast SEO plugin. -->","yoast_head_json":{"title":"Bundesregierung will Atomwaffen-Verhandlungen boykottieren","description":"Pressemitteilung vom 17. Februar 2017 Kritik aus der Friedensbewegung Die Bundesregierung wird den internationalen Verhandlungen \u00fcber ein Atomwaffenverbot","robots":{"index":"index","follow":"follow","max-snippet":"max-snippet:-1","max-image-preview":"max-image-preview:large","max-video-preview":"max-video-preview:-1"},"canonical":"https:\/\/www.pressenza.com\/de\/2017\/03\/bundesregierung-will-atomwaffen-verhandlungen-boykottieren\/","og_locale":"de_DE","og_type":"article","og_title":"Bundesregierung will Atomwaffen-Verhandlungen boykottieren","og_description":"Pressemitteilung vom 17. Februar 2017 Kritik aus der Friedensbewegung Die Bundesregierung wird den internationalen Verhandlungen \u00fcber ein Atomwaffenverbot","og_url":"https:\/\/www.pressenza.com\/de\/2017\/03\/bundesregierung-will-atomwaffen-verhandlungen-boykottieren\/","og_site_name":"Pressenza","article_publisher":"https:\/\/www.facebook.com\/PressenzaItalia","article_author":"https:\/\/www.facebook.com\/icanw.org","article_published_time":"2017-03-05T16:02:08+00:00","og_image":[{"width":620,"height":350,"url":"https:\/\/www.pressenza.com\/wp-content\/uploads\/2017\/03\/ICAN_Ban2017.png","type":"image\/png"}],"author":"International Campaign to Abolish Nuclear Weapons","twitter_card":"summary_large_image","twitter_creator":"@nuclearban","twitter_site":"@PressenzaIPA","twitter_misc":{"Verfasst von":"International Campaign to Abolish Nuclear Weapons","Gesch\u00e4tzte Lesezeit":"2\u00a0Minuten"},"schema":{"@context":"https:\/\/schema.org","@graph":[{"@type":"Article","@id":"https:\/\/www.pressenza.com\/de\/2017\/03\/bundesregierung-will-atomwaffen-verhandlungen-boykottieren\/#article","isPartOf":{"@id":"https:\/\/www.pressenza.com\/de\/2017\/03\/bundesregierung-will-atomwaffen-verhandlungen-boykottieren\/"},"author":{"name":"International Campaign to Abolish Nuclear Weapons","@id":"https:\/\/www.pressenza.com\/de\/#\/schema\/person\/aa7c55b36390ee5908d729832f09fc22"},"headline":"Bundesregierung will Atomwaffen-Verhandlungen boykottieren","datePublished":"2017-03-05T16:02:08+00:00","mainEntityOfPage":{"@id":"https:\/\/www.pressenza.com\/de\/2017\/03\/bundesregierung-will-atomwaffen-verhandlungen-boykottieren\/"},"wordCount":475,"publisher":{"@id":"https:\/\/www.pressenza.com\/de\/#organization"},"image":{"@id":"https:\/\/www.pressenza.com\/de\/2017\/03\/bundesregierung-will-atomwaffen-verhandlungen-boykottieren\/#primaryimage"},"thumbnailUrl":"https:\/\/www.pressenza.com\/wp-content\/uploads\/2017\/03\/ICAN_Ban2017.png","keywords":["Atomwaffen","Atomwaffen-Verhandlungen","Bundesregierung","Friedensbewegung","ICAN","ICAN"],"articleSection":["Europa","Frieden und Abr\u00fcstung","Gewaltfreiheit","Internationale Angelegenheiten","Politik","Pressemitteilungen","Unkategorisiert"],"inLanguage":"de"},{"@type":"WebPage","@id":"https:\/\/www.pressenza.com\/de\/2017\/03\/bundesregierung-will-atomwaffen-verhandlungen-boykottieren\/","url":"https:\/\/www.pressenza.com\/de\/2017\/03\/bundesregierung-will-atomwaffen-verhandlungen-boykottieren\/","name":"Bundesregierung will Atomwaffen-Verhandlungen boykottieren","isPartOf":{"@id":"https:\/\/www.pressenza.com\/de\/#website"},"primaryImageOfPage":{"@id":"https:\/\/www.pressenza.com\/de\/2017\/03\/bundesregierung-will-atomwaffen-verhandlungen-boykottieren\/#primaryimage"},"image":{"@id":"https:\/\/www.pressenza.com\/de\/2017\/03\/bundesregierung-will-atomwaffen-verhandlungen-boykottieren\/#primaryimage"},"thumbnailUrl":"https:\/\/www.pressenza.com\/wp-content\/uploads\/2017\/03\/ICAN_Ban2017.png","datePublished":"2017-03-05T16:02:08+00:00","description":"Pressemitteilung vom 17. Februar 2017 Kritik aus der Friedensbewegung Die Bundesregierung wird den internationalen Verhandlungen \u00fcber ein Atomwaffenverbot","breadcrumb":{"@id":"https:\/\/www.pressenza.com\/de\/2017\/03\/bundesregierung-will-atomwaffen-verhandlungen-boykottieren\/#breadcrumb"},"inLanguage":"de","potentialAction":[{"@type":"ReadAction","target":["https:\/\/www.pressenza.com\/de\/2017\/03\/bundesregierung-will-atomwaffen-verhandlungen-boykottieren\/"]}]},{"@type":"ImageObject","inLanguage":"de","@id":"https:\/\/www.pressenza.com\/de\/2017\/03\/bundesregierung-will-atomwaffen-verhandlungen-boykottieren\/#primaryimage","url":"https:\/\/www.pressenza.com\/wp-content\/uploads\/2017\/03\/ICAN_Ban2017.png","contentUrl":"https:\/\/www.pressenza.com\/wp-content\/uploads\/2017\/03\/ICAN_Ban2017.png","width":620,"height":350},{"@type":"BreadcrumbList","@id":"https:\/\/www.pressenza.com\/de\/2017\/03\/bundesregierung-will-atomwaffen-verhandlungen-boykottieren\/#breadcrumb","itemListElement":[{"@type":"ListItem","position":1,"name":"Accueil","item":"https:\/\/www.pressenza.com\/de\/"},{"@type":"ListItem","position":2,"name":"Bundesregierung will Atomwaffen-Verhandlungen boykottieren"}]},{"@type":"WebSite","@id":"https:\/\/www.pressenza.com\/de\/#website","url":"https:\/\/www.pressenza.com\/de\/","name":"Pressenza","description":"International Press Agency","publisher":{"@id":"https:\/\/www.pressenza.com\/de\/#organization"},"potentialAction":[{"@type":"SearchAction","target":{"@type":"EntryPoint","urlTemplate":"https:\/\/www.pressenza.com\/de\/?s={search_term_string}"},"query-input":{"@type":"PropertyValueSpecification","valueRequired":true,"valueName":"search_term_string"}}],"inLanguage":"de"},{"@type":"Organization","@id":"https:\/\/www.pressenza.com\/de\/#organization","name":"Pressenza","url":"https:\/\/www.pressenza.com\/de\/","logo":{"@type":"ImageObject","inLanguage":"de","@id":"https:\/\/www.pressenza.com\/de\/#\/schema\/logo\/image\/","url":"https:\/\/www.pressenza.com\/wp-content\/uploads\/2022\/10\/pressenza_logo_200x200.jpg","contentUrl":"https:\/\/www.pressenza.com\/wp-content\/uploads\/2022\/10\/pressenza_logo_200x200.jpg","width":200,"height":200,"caption":"Pressenza"},"image":{"@id":"https:\/\/www.pressenza.com\/de\/#\/schema\/logo\/image\/"},"sameAs":["https:\/\/www.facebook.com\/PressenzaItalia","https:\/\/x.com\/PressenzaIPA"]},{"@type":"Person","@id":"https:\/\/www.pressenza.com\/de\/#\/schema\/person\/aa7c55b36390ee5908d729832f09fc22","name":"International Campaign to Abolish Nuclear Weapons","description":"The International Campaign to Abolish Nuclear Weapons (ICAN) is a global campaign coalition working to mobilize people in all countries to inspire, persuade and pressure their governments to initiate negotiations for a treaty banning nuclear weapons. It has 500 partner organizations in 103 countries, and was launched in 2007. www.icanw.org","sameAs":["http:\/\/www.icanw.org","https:\/\/www.facebook.com\/icanw.org","https:\/\/x.com\/nuclearban"],"url":"https:\/\/www.pressenza.com\/de\/author\/international-campaign-to-abolish-nuclear-weapons\/"}]}},"place":"","original_article_url":"http:\/\/www.icanw.de\/action\/bundesregierung-will-atomwaffen-verhandlungen-boykottieren\/?#","_links":{"self":[{"href":"https:\/\/www.pressenza.com\/de\/wp-json\/wp\/v2\/posts\/438859","targetHints":{"allow":["GET"]}}],"collection":[{"href":"https:\/\/www.pressenza.com\/de\/wp-json\/wp\/v2\/posts"}],"about":[{"href":"https:\/\/www.pressenza.com\/de\/wp-json\/wp\/v2\/types\/post"}],"author":[{"embeddable":true,"href":"https:\/\/www.pressenza.com\/de\/wp-json\/wp\/v2\/users\/1000"}],"replies":[{"embeddable":true,"href":"https:\/\/www.pressenza.com\/de\/wp-json\/wp\/v2\/comments?post=438859"}],"version-history":[{"count":0,"href":"https:\/\/www.pressenza.com\/de\/wp-json\/wp\/v2\/posts\/438859\/revisions"}],"wp:featuredmedia":[{"embeddable":true,"href":"https:\/\/www.pressenza.com\/de\/wp-json\/wp\/v2\/media\/438884"}],"wp:attachment":[{"href":"https:\/\/www.pressenza.com\/de\/wp-json\/wp\/v2\/media?parent=438859"}],"wp:term":[{"taxonomy":"category","embeddable":true,"href":"https:\/\/www.pressenza.com\/de\/wp-json\/wp\/v2\/categories?post=438859"},{"taxonomy":"post_tag","embeddable":true,"href":"https:\/\/www.pressenza.com\/de\/wp-json\/wp\/v2\/tags?post=438859"}],"curies":[{"name":"wp","href":"https:\/\/api.w.org\/{rel}","templated":true}]}}