{"id":419110,"date":"2017-01-31T17:27:28","date_gmt":"2017-01-31T17:27:28","guid":{"rendered":"http:\/\/www.pressenza.com\/?p=419110\/"},"modified":"2017-02-02T06:27:19","modified_gmt":"2017-02-02T06:27:19","slug":"landkauf-durch-reiche-laender-entzieht-senegalesischen-bauern-die-lebensgrundlage","status":"publish","type":"post","link":"https:\/\/www.pressenza.com\/de\/2017\/01\/landkauf-durch-reiche-laender-entzieht-senegalesischen-bauern-die-lebensgrundlage\/","title":{"rendered":"Landkauf durch reiche L\u00e4nder entzieht senegalesischen Bauern die Lebensgrundlage"},"content":{"rendered":"<p><em>\u201eSie haben uns genommen, was unter der Erde war, sie haben uns genommen, was auf der Erde war, jetzt nehmen sie uns die Erde.\u201c<\/em><\/p>\n<p><strong>El Hadji Faye aus Senegal bereiste im Dezember 2016 Deutschland auf der Suche nach Unterst\u00fctzern im Kampf gegen den immer zerst\u00f6rerischen Landraub in seiner Heimat. Er ist Soziologe und engagiert sich bei <\/strong><strong><em>Enda\/ProNat, <\/em><\/strong><strong>einem Projekt zur Umstellung der Bodenbebauung auf \u00f6kologische Landwirtschaft. Nach Deutschland wurde er vom <em>Weltfriedensdienst<\/em> eingeladen. In einem Berliner Caf\u00e9, in dem wir ihn zum Interview treffen, erkl\u00e4rt er uns, was in seinem Land passiert und was die Politik der G8 damit zu tun hat.<\/strong><\/p>\n<p>Besonders dramatisch sei die Situation seit der Finanzkrise 2008 geworden, sagt El Hadji Faye. Multinationale und private Investoren aus Australien, den Vereinigten Arabischen Emiraten, China und Europa seien auf die Suche nach neuen Investitionen gegangen: \u201eSie wollten nicht mehr in den Immobilienbereich investieren, sondern in das, was immer rentabel ist: den Boden.\u201c Vor allem China und die Arabischen Emirate h\u00e4tten dabei in erster Linie an die Gew\u00e4hrleistung der Ern\u00e4hrungssicherheit f\u00fcr ihre eigene Bev\u00f6lkerung gedacht, w\u00e4hrend Europa Alternativen zum Erd\u00f6l in Form von Bioenergie, also Pflanzen, suche. F\u00fcr alle sei Land aber grunds\u00e4tzlich als Geldanlage interessant geworden. \u201eAfrika hat die gr\u00f6\u00dften Landreserven und geriet damit in den Fokus der Investoren.\u201c<\/p>\n<p><strong>Das Bodenrecht wird im Sinne der Investoren ver\u00e4ndert<\/strong><\/p>\n<p>Das eigentliche Problem aber sei, dass die Regierungen im Norden den afrikanischen L\u00e4ndern ein bestimmtes Modell von Landwirtschaft aufzw\u00e4ngen, das nur ihnen zugute k\u00e4me und nicht den L\u00e4ndern im S\u00fcden. Im Jahr 2009 starteten die G8 auf Betreiben der US Regierung NASAN (Neue Allianz f\u00fcr Ern\u00e4hrungssicherheit und Nahrung). Angeblich ein Programm zur Verbesserung der Ern\u00e4hrungssituation in Afrika, wird NASAN von vielen Organisationen als eine neue Form von Kolonialismus kritisiert, denn es sei in erster Linie dazu da, Land- und Steuerrecht sowie Exportkontrollen im Sinne der ausl\u00e4ndischen Investoren ver\u00e4ndern zu k\u00f6nnen. Afrikanische Bauern und die Zivilbev\u00f6lkerung h\u00e4tten keine Stimme dabei.<\/p>\n<p>El Hadji Faye erkl\u00e4rt uns beispielhaft: \u201eIm Senegal gibt es eine Besonderheit im Landrecht: Neben staatseigenem Land und Privateigentum gibt es eine dritte Kategorie, die sogar 95% der Fl\u00e4che Senegals umfasst: sogenannte nationale Dom\u00e4nen.\u201c Diese seien weder im Besitz des Staates, noch in Privatbesitz. Es sei ein Gut, das dem ganzen Volk geh\u00f6re. \u201eMan kann es nicht verkaufen, verpachten oder an Ausl\u00e4nder abgeben. Diese Fl\u00e4chen werden Personen zeitlich begrenzt zur Nutzung \u00fcberlassen.\u201c Aus NASAN, so El Hadji Faye, entspr\u00e4nge nun die Initiative, das Bodenrecht so zu \u00e4ndern, dass Privatleute diese nationalen Dom\u00e4nen kaufen k\u00f6nnen. Es ginge darum, das Recht so zu ver\u00e4ndern, dass dieses Land von der Hand des Volkes in die Hand des Staates \u00fcbergeht und dieser dann damit verfahren k\u00f6nne, wie es ihm beliebe, zum Beispiel es verkaufen.<\/p>\n<p><strong>Wir reden nicht nur von der heutigen Generation, sondern auch von den zuk\u00fcnftigen Generationen, die darauf warten, das Land nutzen zu k\u00f6nnen. <\/strong><\/p>\n<p>Seit 2007 ist <em>Enda\/ProNat<\/em> im Senegal mit der Zunahme des Landkaufes durch Investoren konfrontiert, aufgrund dessen viele Bauern, mit denen sie arbeiten, ihr Land verlassen m\u00fcssen. <em>Enda\/ProNat<\/em> ist seit 1982 aktiv. Damals suchte die Organisation nach Alternativen zu dem exzessiven Gebrauch von Pestiziden, der die Landarbeiter krank machte. Im Berliner <em>Weltfriedensdienst<\/em> fanden sie einen Partner, der sie personell und finanziell unterst\u00fctzte. Gemeinsam entwickelten sie nachhaltige Konzepte f\u00fcr die Landwirtschaft und besch\u00e4ftigten sich auch bald mit dem Erhalt des Saatgutes, dem Bodenrecht und vielen anderen Themen. Bis in dieses Jahrtausend waren sie zunehmend erfolgreicher, mit den Bauern eine Form der Landwirtschaft zu entwickeln, die den Familien Ern\u00e4hrung und Einkommen sicherten. \u201eAls wir die Entwicklung des Landkaufes erkannten\u201c, so El Hadji Faye, \u201ehaben wir gesagt: Das ist der Kampf, den wir f\u00fchren m\u00fcssen. Wir m\u00fcssen den Bauern die Erde erhalten, mit der sie produzieren. Wir reden nicht nur von der heutigen Generation, sondern auch von den zuk\u00fcnftigen Generationen, die darauf warten, das Land nutzen zu k\u00f6nnen.\u201c<\/p>\n<p><strong>Wie kann ein Staat so etwas seiner Bev\u00f6lkerung antun?<\/strong><\/p>\n<p>Eine von <em>Enda\/ProNat<\/em> durchgef\u00fchrte landesweite Studie hatte das Ergebnis, dass bis 2009 bereits 850 000 Hektar in den Besitz des Staates oder anderer Parteien \u00fcbergegangen seien. Der Landverkauf werde auch von religi\u00f6sen F\u00fchrern und lokalen Verwaltern betrieben. \u201eDer schwerste Kampf aber ist der gegen die Multinationalen\u201c, so El Hadji Faye, \u201eda diese gro\u00dfe Fl\u00e4chen kaufen, enorme finanzielle Ressourcen f\u00fcr Anw\u00e4lte haben und sich die Rechte auf das Land durch Titel absichern, denen man nicht mehr widersprechen kann.\u201c<\/p>\n<p>Zusammen mit anderen Organisationen wurde diese Studie in der Hauptstadt Dakar vorgestellt, wo sie daraufhin <em>CRAFS<\/em> (Rahmen f\u00fcr die Reflexion und Aktion auf dem Land in Senegal), eine Art Volksfront zur Erhaltung des Landrechtes, gr\u00fcndeten. \u201eWir gehen in die D\u00f6rfer, um den Bauern ein Bewusstsein dar\u00fcber zu vermitteln, was passiert. Es gibt Kurse \u00fcber Landrecht und wir fordern die Landbev\u00f6lkerung dazu auf, lokale Kommissionen zu gr\u00fcnden.\u201c Sobald jemand auftauche, der Land kaufen m\u00f6chte, w\u00fcrden sie von den Bauern informiert und vor Ort organisierten die Leute Protestm\u00e4rsche. Ausserdem tragen sie die Meinungen der Landbev\u00f6lkerung zu dem Thema zusammen und haben diese in einer Art Beschwerdebuch der Regierung \u00fcberbracht. \u201eWir arbeiten mit der Bev\u00f6lkerung, aber haben auch Gespr\u00e4chsrunden mit der Regierung.\u201c<\/p>\n<p>Und was macht die Regierung? \u201eWir haben uns lange gefragt, wie kann ein Staat so etwas seiner Bev\u00f6lkerung antun? Darauf haben wir keine befriedigende Antwort, aber wir haben den Eindruck, dass unsere Regierung unter extremem Druck der Regierungen des Nordens steht.\u201c 2011 habe es einen Fall von Landraub gegeben, der einen nationalen Proteststurm hervorgerufen habe. Es sollten einige tausend Hektar Land an eine italienische Firma f\u00fcr die Gewinnung von Biokraftstoff verkauft werden. Bei den Demonstrationen habe es Zusammenst\u00f6\u00dfe mit Toten und Verletzten gegeben und die Regierung habe das Projekt aufgehoben. Der aktuelle Pr\u00e4sident Macky Sall, der damals in der Opposition war, habe sich auf die Seite des Protestes gestellt. Jetzt habe er dasselbe Projekt in einer anderen Region mit dem Verkauf von 20 000 Hektar Weideland gebilligt. Keine Erkl\u00e4rung habe er zu seiner Meinungs\u00e4nderung abgegeben. \u201eDie einzige Erkl\u00e4rung, die wir haben, ist, dass der Staat Verpflichtungen gegen\u00fcber den Staaten des Nordens hat, die nicht \u00f6ffentlich bekannt sind.\u201c<\/p>\n<p><strong>Landraub ist Ursache f\u00fcr Migration und Terrorismus<\/strong><\/p>\n<p>Was erhofft sich El Hadji Faye in Deutschland? Sie tr\u00e4fen sich hier mit Nichtregierungsorganisationen und Politikern, z.B. Abgeordnete der Gr\u00fcnen, und erkl\u00e4rten, welchen Umfang das Problem habe und welche desastr\u00f6sen Folgen die verschiedenen Freihandelabkommen h\u00e4tten. \u201eWir hoffen, dass auch in Deutschland die Zivilgesellschaft Druck auf ihre Regierung aus\u00fcbt. Wir arbeiten daran, eine Einheitlichkeit im Kampf der Menschen im Norden und im S\u00fcden zu erreichen. Wir m\u00f6chten, dass die deutsche \u00d6ffentlichkeit und die Politik begreift, dass die Folgen dieser Entwicklung sind, dass die Menschen vom Land in die St\u00e4dte migrieren und sich schliesslich in Piroggen setzen, um nach Europa zu kommen. Dass dies der N\u00e4hrboden f\u00fcr Terrorismus ist, denn junge Menschen, die ihr Land bebauen sollten, sitzen stattdessen arbeitslos auf der Strasse und wenden sich dem Extremismus zu.\u201c Das sei ein Problem von ganz Afrika: \u201eGanz Afrika hatte eigentlich nie eine Chance. Wir konnten nie profitieren von unseren Ressourcen. Sie haben uns genommen, was unter der Erde war, sie haben uns genommen was auf der Erde war, jetzt nehmen sie uns die Erde.\u201c<\/p>\n<p>Seit 2012 l\u00e4uft im Senegal eine Bodenrechtsreform, f\u00fcr die die Regierung eine Kommission gegr\u00fcndet hat, die Vorschl\u00e4ge erarbeiten soll. Ein gro\u00dfer Erfolg sei gewesen, dass in das Rahmendokument der Erhalt der nationalen Dom\u00e4nen f\u00fcr das Volk geschrieben wurde. Allerdings hat dieses Papier nur empfehlenden Charakter, der Pr\u00e4sident wird die finalen Entscheidungen treffen. \u201eDas Dokument liegt jetzt in seiner Hand und er muss entscheiden. Wir sind bereit.\u201c sagt El Hadji Faye zum Schluss k\u00e4mpferisch.<\/p>\n<div id=\"attachment_426373\" class=\"wp-caption alignleft\"><a href=\"http:\/\/www.pressenza.com\/de\/2017\/01\/landkauf-durch-reiche-laender-entzieht-senegalesischen-bauern-die-lebensgrundlage\/100_2650\/\" rel=\"attachment wp-att-426373\"><img loading=\"lazy\" decoding=\"async\" aria-describedby=\"caption-attachment-426373\" class=\"wp-image-426373 size-large\" src=\"https:\/\/www.pressenza.com\/wp-content\/uploads\/2017\/01\/100_2650-720x451.jpg\" alt=\"\u201eH\u00e4nde weg von unserer Erde\u201c - der Widerstand gegen Landraub, hier im senegalischen Dakar, wird vor allem von Frauen getragen. Bild: Weltfriedensdienst\" width=\"720\" height=\"451\" srcset=\"https:\/\/www.pressenza.com\/wp-content\/uploads\/2017\/01\/100_2650-720x451.jpg 720w, https:\/\/www.pressenza.com\/wp-content\/uploads\/2017\/01\/100_2650-300x188.jpg 300w, https:\/\/www.pressenza.com\/wp-content\/uploads\/2017\/01\/100_2650-768x481.jpg 768w, https:\/\/www.pressenza.com\/wp-content\/uploads\/2017\/01\/100_2650.jpg 1042w\" sizes=\"auto, (max-width: 720px) 100vw, 720px\" \/><\/a><p id=\"caption-attachment-426373\" class=\"wp-caption-text\">\u201eH\u00e4nde weg von unserer Erde\u201c &#8211; der Widerstand gegen Landraub, hier im senegalischen Dakar, wird vor allem von Frauen getragen. Bild: Weltfriedensdienst<\/p><\/div>\n","protected":false},"excerpt":{"rendered":"<p>\u201eSie haben uns genommen, was unter der Erde war, sie haben uns genommen, was auf der Erde war, jetzt nehmen sie uns die Erde.\u201c El Hadji Faye aus Senegal bereiste im Dezember 2016 Deutschland auf der Suche nach Unterst\u00fctzern im&hellip;<\/p>\n","protected":false},"author":1091,"featured_media":426366,"comment_status":"closed","ping_status":"closed","sticky":false,"template":"","format":"standard","meta":{"footnotes":""},"categories":[9147,9161,9157,11387,9168],"tags":[34683,31595,34684,1074],"class_list":["post-419110","post","type-post","status-publish","format-standard","has-post-thumbnail","hentry","category-afrika-de","category-menschenrechte","category-oekologie-und-umwelt","category-originalinhalt","category-politik","tag-landgrabbing","tag-landraub","tag-nasan","tag-senegal"],"yoast_head":"<!-- This site is optimized with the Yoast SEO plugin v27.1.1 - https:\/\/yoast.com\/product\/yoast-seo-wordpress\/ -->\n<title>Landkauf durch reiche L\u00e4nder entzieht senegalesischen Bauern die Lebensgrundlage<\/title>\n<meta name=\"description\" content=\"\u201eSie haben uns genommen, was unter der Erde war, sie haben uns genommen, was auf der Erde war, jetzt nehmen sie uns die Erde.\u201c El Hadji Faye aus Senegal\" \/>\n<meta name=\"robots\" content=\"index, follow, max-snippet:-1, max-image-preview:large, max-video-preview:-1\" \/>\n<link rel=\"canonical\" href=\"https:\/\/www.pressenza.com\/de\/2017\/01\/landkauf-durch-reiche-laender-entzieht-senegalesischen-bauern-die-lebensgrundlage\/\" \/>\n<meta property=\"og:locale\" content=\"de_DE\" \/>\n<meta property=\"og:type\" content=\"article\" \/>\n<meta property=\"og:title\" content=\"Landkauf durch reiche L\u00e4nder entzieht senegalesischen Bauern die Lebensgrundlage\" \/>\n<meta property=\"og:description\" content=\"\u201eSie haben uns genommen, was unter der Erde war, sie haben uns genommen, was auf der Erde war, jetzt nehmen sie uns die Erde.\u201c El Hadji Faye aus Senegal\" \/>\n<meta property=\"og:url\" content=\"https:\/\/www.pressenza.com\/de\/2017\/01\/landkauf-durch-reiche-laender-entzieht-senegalesischen-bauern-die-lebensgrundlage\/\" \/>\n<meta property=\"og:site_name\" content=\"Pressenza\" \/>\n<meta property=\"article:publisher\" content=\"https:\/\/www.facebook.com\/PressenzaItalia\" \/>\n<meta property=\"article:published_time\" content=\"2017-01-31T17:27:28+00:00\" \/>\n<meta property=\"article:modified_time\" content=\"2017-02-02T06:27:19+00:00\" \/>\n<meta property=\"og:image\" content=\"https:\/\/www.pressenza.com\/wp-content\/uploads\/2017\/01\/LG-Sen-Landschaft-Bagger.jpg\" \/>\n\t<meta property=\"og:image:width\" content=\"1500\" \/>\n\t<meta property=\"og:image:height\" content=\"945\" \/>\n\t<meta property=\"og:image:type\" content=\"image\/jpeg\" \/>\n<meta name=\"author\" content=\"Johanna Heuveling\" \/>\n<meta name=\"twitter:card\" content=\"summary_large_image\" \/>\n<meta name=\"twitter:creator\" content=\"@PressenzaIPA\" \/>\n<meta name=\"twitter:site\" content=\"@PressenzaIPA\" \/>\n<meta name=\"twitter:label1\" content=\"Verfasst von\" \/>\n\t<meta name=\"twitter:data1\" content=\"Johanna Heuveling\" \/>\n\t<meta name=\"twitter:label2\" content=\"Gesch\u00e4tzte Lesezeit\" \/>\n\t<meta name=\"twitter:data2\" content=\"7\u00a0Minuten\" \/>\n<script type=\"application\/ld+json\" class=\"yoast-schema-graph\">{\"@context\":\"https:\/\/schema.org\",\"@graph\":[{\"@type\":\"Article\",\"@id\":\"https:\/\/www.pressenza.com\/de\/2017\/01\/landkauf-durch-reiche-laender-entzieht-senegalesischen-bauern-die-lebensgrundlage\/#article\",\"isPartOf\":{\"@id\":\"https:\/\/www.pressenza.com\/de\/2017\/01\/landkauf-durch-reiche-laender-entzieht-senegalesischen-bauern-die-lebensgrundlage\/\"},\"author\":{\"name\":\"Johanna Heuveling\",\"@id\":\"https:\/\/www.pressenza.com\/de\/#\/schema\/person\/dc5d249e1ad384095a92ed36392872fc\"},\"headline\":\"Landkauf durch reiche L\u00e4nder entzieht senegalesischen Bauern die Lebensgrundlage\",\"datePublished\":\"2017-01-31T17:27:28+00:00\",\"dateModified\":\"2017-02-02T06:27:19+00:00\",\"mainEntityOfPage\":{\"@id\":\"https:\/\/www.pressenza.com\/de\/2017\/01\/landkauf-durch-reiche-laender-entzieht-senegalesischen-bauern-die-lebensgrundlage\/\"},\"wordCount\":1379,\"publisher\":{\"@id\":\"https:\/\/www.pressenza.com\/de\/#organization\"},\"image\":{\"@id\":\"https:\/\/www.pressenza.com\/de\/2017\/01\/landkauf-durch-reiche-laender-entzieht-senegalesischen-bauern-die-lebensgrundlage\/#primaryimage\"},\"thumbnailUrl\":\"https:\/\/www.pressenza.com\/wp-content\/uploads\/2017\/01\/LG-Sen-Landschaft-Bagger.jpg\",\"keywords\":[\"Landgrabbing\",\"Landraub\",\"NASAN\",\"S\u00e9n\u00e9gal\"],\"articleSection\":[\"Afrika\",\"Menschenrechte\",\"\u00d6kologie und Umwelt\",\"Originalinhalt\",\"Politik\"],\"inLanguage\":\"de\"},{\"@type\":\"WebPage\",\"@id\":\"https:\/\/www.pressenza.com\/de\/2017\/01\/landkauf-durch-reiche-laender-entzieht-senegalesischen-bauern-die-lebensgrundlage\/\",\"url\":\"https:\/\/www.pressenza.com\/de\/2017\/01\/landkauf-durch-reiche-laender-entzieht-senegalesischen-bauern-die-lebensgrundlage\/\",\"name\":\"Landkauf durch reiche L\u00e4nder entzieht senegalesischen Bauern die Lebensgrundlage\",\"isPartOf\":{\"@id\":\"https:\/\/www.pressenza.com\/de\/#website\"},\"primaryImageOfPage\":{\"@id\":\"https:\/\/www.pressenza.com\/de\/2017\/01\/landkauf-durch-reiche-laender-entzieht-senegalesischen-bauern-die-lebensgrundlage\/#primaryimage\"},\"image\":{\"@id\":\"https:\/\/www.pressenza.com\/de\/2017\/01\/landkauf-durch-reiche-laender-entzieht-senegalesischen-bauern-die-lebensgrundlage\/#primaryimage\"},\"thumbnailUrl\":\"https:\/\/www.pressenza.com\/wp-content\/uploads\/2017\/01\/LG-Sen-Landschaft-Bagger.jpg\",\"datePublished\":\"2017-01-31T17:27:28+00:00\",\"dateModified\":\"2017-02-02T06:27:19+00:00\",\"description\":\"\u201eSie haben uns genommen, was unter der Erde war, sie haben uns genommen, was auf der Erde war, jetzt nehmen sie uns die Erde.\u201c El Hadji Faye aus Senegal\",\"breadcrumb\":{\"@id\":\"https:\/\/www.pressenza.com\/de\/2017\/01\/landkauf-durch-reiche-laender-entzieht-senegalesischen-bauern-die-lebensgrundlage\/#breadcrumb\"},\"inLanguage\":\"de\",\"potentialAction\":[{\"@type\":\"ReadAction\",\"target\":[\"https:\/\/www.pressenza.com\/de\/2017\/01\/landkauf-durch-reiche-laender-entzieht-senegalesischen-bauern-die-lebensgrundlage\/\"]}]},{\"@type\":\"ImageObject\",\"inLanguage\":\"de\",\"@id\":\"https:\/\/www.pressenza.com\/de\/2017\/01\/landkauf-durch-reiche-laender-entzieht-senegalesischen-bauern-die-lebensgrundlage\/#primaryimage\",\"url\":\"https:\/\/www.pressenza.com\/wp-content\/uploads\/2017\/01\/LG-Sen-Landschaft-Bagger.jpg\",\"contentUrl\":\"https:\/\/www.pressenza.com\/wp-content\/uploads\/2017\/01\/LG-Sen-Landschaft-Bagger.jpg\",\"width\":1500,\"height\":945},{\"@type\":\"BreadcrumbList\",\"@id\":\"https:\/\/www.pressenza.com\/de\/2017\/01\/landkauf-durch-reiche-laender-entzieht-senegalesischen-bauern-die-lebensgrundlage\/#breadcrumb\",\"itemListElement\":[{\"@type\":\"ListItem\",\"position\":1,\"name\":\"Accueil\",\"item\":\"https:\/\/www.pressenza.com\/de\/\"},{\"@type\":\"ListItem\",\"position\":2,\"name\":\"Landkauf durch reiche L\u00e4nder entzieht senegalesischen Bauern die Lebensgrundlage\"}]},{\"@type\":\"WebSite\",\"@id\":\"https:\/\/www.pressenza.com\/de\/#website\",\"url\":\"https:\/\/www.pressenza.com\/de\/\",\"name\":\"Pressenza\",\"description\":\"International Press Agency\",\"publisher\":{\"@id\":\"https:\/\/www.pressenza.com\/de\/#organization\"},\"potentialAction\":[{\"@type\":\"SearchAction\",\"target\":{\"@type\":\"EntryPoint\",\"urlTemplate\":\"https:\/\/www.pressenza.com\/de\/?s={search_term_string}\"},\"query-input\":{\"@type\":\"PropertyValueSpecification\",\"valueRequired\":true,\"valueName\":\"search_term_string\"}}],\"inLanguage\":\"de\"},{\"@type\":\"Organization\",\"@id\":\"https:\/\/www.pressenza.com\/de\/#organization\",\"name\":\"Pressenza\",\"url\":\"https:\/\/www.pressenza.com\/de\/\",\"logo\":{\"@type\":\"ImageObject\",\"inLanguage\":\"de\",\"@id\":\"https:\/\/www.pressenza.com\/de\/#\/schema\/logo\/image\/\",\"url\":\"https:\/\/www.pressenza.com\/wp-content\/uploads\/2022\/10\/pressenza_logo_200x200.jpg\",\"contentUrl\":\"https:\/\/www.pressenza.com\/wp-content\/uploads\/2022\/10\/pressenza_logo_200x200.jpg\",\"width\":200,\"height\":200,\"caption\":\"Pressenza\"},\"image\":{\"@id\":\"https:\/\/www.pressenza.com\/de\/#\/schema\/logo\/image\/\"},\"sameAs\":[\"https:\/\/www.facebook.com\/PressenzaItalia\",\"https:\/\/x.com\/PressenzaIPA\"]},{\"@type\":\"Person\",\"@id\":\"https:\/\/www.pressenza.com\/de\/#\/schema\/person\/dc5d249e1ad384095a92ed36392872fc\",\"name\":\"Johanna Heuveling\",\"description\":\"lives in Berlin and works as a scientist and science communicator. She is also active in \\\"World without Wars and Violence\\\" and Pressenza. As a journalist she is most interested in refugee politics, weapon trade, Africa, Arts and News from Sciences.\",\"url\":\"https:\/\/www.pressenza.com\/de\/author\/johanna-heuveling\/\"}]}<\/script>\n<!-- \/ Yoast SEO plugin. -->","yoast_head_json":{"title":"Landkauf durch reiche L\u00e4nder entzieht senegalesischen Bauern die Lebensgrundlage","description":"\u201eSie haben uns genommen, was unter der Erde war, sie haben uns genommen, was auf der Erde war, jetzt nehmen sie uns die Erde.\u201c El Hadji Faye aus Senegal","robots":{"index":"index","follow":"follow","max-snippet":"max-snippet:-1","max-image-preview":"max-image-preview:large","max-video-preview":"max-video-preview:-1"},"canonical":"https:\/\/www.pressenza.com\/de\/2017\/01\/landkauf-durch-reiche-laender-entzieht-senegalesischen-bauern-die-lebensgrundlage\/","og_locale":"de_DE","og_type":"article","og_title":"Landkauf durch reiche L\u00e4nder entzieht senegalesischen Bauern die Lebensgrundlage","og_description":"\u201eSie haben uns genommen, was unter der Erde war, sie haben uns genommen, was auf der Erde war, jetzt nehmen sie uns die Erde.\u201c El Hadji Faye aus Senegal","og_url":"https:\/\/www.pressenza.com\/de\/2017\/01\/landkauf-durch-reiche-laender-entzieht-senegalesischen-bauern-die-lebensgrundlage\/","og_site_name":"Pressenza","article_publisher":"https:\/\/www.facebook.com\/PressenzaItalia","article_published_time":"2017-01-31T17:27:28+00:00","article_modified_time":"2017-02-02T06:27:19+00:00","og_image":[{"width":1500,"height":945,"url":"https:\/\/www.pressenza.com\/wp-content\/uploads\/2017\/01\/LG-Sen-Landschaft-Bagger.jpg","type":"image\/jpeg"}],"author":"Johanna Heuveling","twitter_card":"summary_large_image","twitter_creator":"@PressenzaIPA","twitter_site":"@PressenzaIPA","twitter_misc":{"Verfasst von":"Johanna Heuveling","Gesch\u00e4tzte Lesezeit":"7\u00a0Minuten"},"schema":{"@context":"https:\/\/schema.org","@graph":[{"@type":"Article","@id":"https:\/\/www.pressenza.com\/de\/2017\/01\/landkauf-durch-reiche-laender-entzieht-senegalesischen-bauern-die-lebensgrundlage\/#article","isPartOf":{"@id":"https:\/\/www.pressenza.com\/de\/2017\/01\/landkauf-durch-reiche-laender-entzieht-senegalesischen-bauern-die-lebensgrundlage\/"},"author":{"name":"Johanna Heuveling","@id":"https:\/\/www.pressenza.com\/de\/#\/schema\/person\/dc5d249e1ad384095a92ed36392872fc"},"headline":"Landkauf durch reiche L\u00e4nder entzieht senegalesischen Bauern die Lebensgrundlage","datePublished":"2017-01-31T17:27:28+00:00","dateModified":"2017-02-02T06:27:19+00:00","mainEntityOfPage":{"@id":"https:\/\/www.pressenza.com\/de\/2017\/01\/landkauf-durch-reiche-laender-entzieht-senegalesischen-bauern-die-lebensgrundlage\/"},"wordCount":1379,"publisher":{"@id":"https:\/\/www.pressenza.com\/de\/#organization"},"image":{"@id":"https:\/\/www.pressenza.com\/de\/2017\/01\/landkauf-durch-reiche-laender-entzieht-senegalesischen-bauern-die-lebensgrundlage\/#primaryimage"},"thumbnailUrl":"https:\/\/www.pressenza.com\/wp-content\/uploads\/2017\/01\/LG-Sen-Landschaft-Bagger.jpg","keywords":["Landgrabbing","Landraub","NASAN","S\u00e9n\u00e9gal"],"articleSection":["Afrika","Menschenrechte","\u00d6kologie und Umwelt","Originalinhalt","Politik"],"inLanguage":"de"},{"@type":"WebPage","@id":"https:\/\/www.pressenza.com\/de\/2017\/01\/landkauf-durch-reiche-laender-entzieht-senegalesischen-bauern-die-lebensgrundlage\/","url":"https:\/\/www.pressenza.com\/de\/2017\/01\/landkauf-durch-reiche-laender-entzieht-senegalesischen-bauern-die-lebensgrundlage\/","name":"Landkauf durch reiche L\u00e4nder entzieht senegalesischen Bauern die Lebensgrundlage","isPartOf":{"@id":"https:\/\/www.pressenza.com\/de\/#website"},"primaryImageOfPage":{"@id":"https:\/\/www.pressenza.com\/de\/2017\/01\/landkauf-durch-reiche-laender-entzieht-senegalesischen-bauern-die-lebensgrundlage\/#primaryimage"},"image":{"@id":"https:\/\/www.pressenza.com\/de\/2017\/01\/landkauf-durch-reiche-laender-entzieht-senegalesischen-bauern-die-lebensgrundlage\/#primaryimage"},"thumbnailUrl":"https:\/\/www.pressenza.com\/wp-content\/uploads\/2017\/01\/LG-Sen-Landschaft-Bagger.jpg","datePublished":"2017-01-31T17:27:28+00:00","dateModified":"2017-02-02T06:27:19+00:00","description":"\u201eSie haben uns genommen, was unter der Erde war, sie haben uns genommen, was auf der Erde war, jetzt nehmen sie uns die Erde.\u201c El Hadji Faye aus Senegal","breadcrumb":{"@id":"https:\/\/www.pressenza.com\/de\/2017\/01\/landkauf-durch-reiche-laender-entzieht-senegalesischen-bauern-die-lebensgrundlage\/#breadcrumb"},"inLanguage":"de","potentialAction":[{"@type":"ReadAction","target":["https:\/\/www.pressenza.com\/de\/2017\/01\/landkauf-durch-reiche-laender-entzieht-senegalesischen-bauern-die-lebensgrundlage\/"]}]},{"@type":"ImageObject","inLanguage":"de","@id":"https:\/\/www.pressenza.com\/de\/2017\/01\/landkauf-durch-reiche-laender-entzieht-senegalesischen-bauern-die-lebensgrundlage\/#primaryimage","url":"https:\/\/www.pressenza.com\/wp-content\/uploads\/2017\/01\/LG-Sen-Landschaft-Bagger.jpg","contentUrl":"https:\/\/www.pressenza.com\/wp-content\/uploads\/2017\/01\/LG-Sen-Landschaft-Bagger.jpg","width":1500,"height":945},{"@type":"BreadcrumbList","@id":"https:\/\/www.pressenza.com\/de\/2017\/01\/landkauf-durch-reiche-laender-entzieht-senegalesischen-bauern-die-lebensgrundlage\/#breadcrumb","itemListElement":[{"@type":"ListItem","position":1,"name":"Accueil","item":"https:\/\/www.pressenza.com\/de\/"},{"@type":"ListItem","position":2,"name":"Landkauf durch reiche L\u00e4nder entzieht senegalesischen Bauern die Lebensgrundlage"}]},{"@type":"WebSite","@id":"https:\/\/www.pressenza.com\/de\/#website","url":"https:\/\/www.pressenza.com\/de\/","name":"Pressenza","description":"International Press Agency","publisher":{"@id":"https:\/\/www.pressenza.com\/de\/#organization"},"potentialAction":[{"@type":"SearchAction","target":{"@type":"EntryPoint","urlTemplate":"https:\/\/www.pressenza.com\/de\/?s={search_term_string}"},"query-input":{"@type":"PropertyValueSpecification","valueRequired":true,"valueName":"search_term_string"}}],"inLanguage":"de"},{"@type":"Organization","@id":"https:\/\/www.pressenza.com\/de\/#organization","name":"Pressenza","url":"https:\/\/www.pressenza.com\/de\/","logo":{"@type":"ImageObject","inLanguage":"de","@id":"https:\/\/www.pressenza.com\/de\/#\/schema\/logo\/image\/","url":"https:\/\/www.pressenza.com\/wp-content\/uploads\/2022\/10\/pressenza_logo_200x200.jpg","contentUrl":"https:\/\/www.pressenza.com\/wp-content\/uploads\/2022\/10\/pressenza_logo_200x200.jpg","width":200,"height":200,"caption":"Pressenza"},"image":{"@id":"https:\/\/www.pressenza.com\/de\/#\/schema\/logo\/image\/"},"sameAs":["https:\/\/www.facebook.com\/PressenzaItalia","https:\/\/x.com\/PressenzaIPA"]},{"@type":"Person","@id":"https:\/\/www.pressenza.com\/de\/#\/schema\/person\/dc5d249e1ad384095a92ed36392872fc","name":"Johanna Heuveling","description":"lives in Berlin and works as a scientist and science communicator. She is also active in \"World without Wars and Violence\" and Pressenza. As a journalist she is most interested in refugee politics, weapon trade, Africa, Arts and News from Sciences.","url":"https:\/\/www.pressenza.com\/de\/author\/johanna-heuveling\/"}]}},"place":"","original_article_url":"","_links":{"self":[{"href":"https:\/\/www.pressenza.com\/de\/wp-json\/wp\/v2\/posts\/419110","targetHints":{"allow":["GET"]}}],"collection":[{"href":"https:\/\/www.pressenza.com\/de\/wp-json\/wp\/v2\/posts"}],"about":[{"href":"https:\/\/www.pressenza.com\/de\/wp-json\/wp\/v2\/types\/post"}],"author":[{"embeddable":true,"href":"https:\/\/www.pressenza.com\/de\/wp-json\/wp\/v2\/users\/1091"}],"replies":[{"embeddable":true,"href":"https:\/\/www.pressenza.com\/de\/wp-json\/wp\/v2\/comments?post=419110"}],"version-history":[{"count":0,"href":"https:\/\/www.pressenza.com\/de\/wp-json\/wp\/v2\/posts\/419110\/revisions"}],"wp:featuredmedia":[{"embeddable":true,"href":"https:\/\/www.pressenza.com\/de\/wp-json\/wp\/v2\/media\/426366"}],"wp:attachment":[{"href":"https:\/\/www.pressenza.com\/de\/wp-json\/wp\/v2\/media?parent=419110"}],"wp:term":[{"taxonomy":"category","embeddable":true,"href":"https:\/\/www.pressenza.com\/de\/wp-json\/wp\/v2\/categories?post=419110"},{"taxonomy":"post_tag","embeddable":true,"href":"https:\/\/www.pressenza.com\/de\/wp-json\/wp\/v2\/tags?post=419110"}],"curies":[{"name":"wp","href":"https:\/\/api.w.org\/{rel}","templated":true}]}}