{"id":415452,"date":"2017-01-04T12:56:38","date_gmt":"2017-01-04T12:56:38","guid":{"rendered":"http:\/\/www.pressenza.com\/de\/?p=415452"},"modified":"2017-01-08T18:13:53","modified_gmt":"2017-01-08T18:13:53","slug":"gaza-mozart-und-fairuz-gegen-kriegstraumata","status":"publish","type":"post","link":"https:\/\/www.pressenza.com\/de\/2017\/01\/gaza-mozart-und-fairuz-gegen-kriegstraumata\/","title":{"rendered":"Gaza: Mozart und Fairuz gegen Kriegstraumata"},"content":{"rendered":"<p><strong>Direkt au\u00dferhalb eines Geb\u00e4udes im Stadtteil Tal al-Hawa in Gaza versammelt sich eine Gruppe junger Leute unter einem Fenster, um die sch\u00f6ne klassische Musik zu h\u00f6ren, die aus einem Fenster ein paar Meter \u00fcber ihnen kommt.<\/strong><\/p>\n<p>Das Fenster geh\u00f6rt zu einer kleinen Wohnung, die als bescheidene Musikschule genutzt wird und infolge der stundenlangen Stromsperren in Gaza ohne richtige Beleuchtung gef\u00fchrt wird. Die Musik spielt Raslan Ashour, 16, der gerade Mozarts Exsultate, Jubilate auf der Trompete \u00fcbt.<\/p>\n<p>Als er eine andere Melodie zu spielen beginnt, beobachtet seine Lehrerin, Natasha Radawn ihn aus der N\u00e4he und l\u00e4chelt. \u201eSeine Leistung ist trotz kleiner Fehler viel besser als vorher\u201c, meint sie.<\/p>\n<p><img loading=\"lazy\" decoding=\"async\" class=\"\" src=\"http:\/\/tlaxcala-int.org\/upload\/gal_15035.jpg\" alt=\"\" width=\"711\" height=\"473\" \/><\/p>\n<p>Ashours Leidenschaft, orientalische und westliche, klassische Musik zu lernen, wurde von seiner Mutter nicht so gern gesehen, die meinte, ihr Sohn solle etwas Sinnvolleres lernen, wie z.B Management, um wie sein Vater im Modegesch\u00e4ft zu arbeiten.<\/p>\n<p>\u201eMein Vater ist derjenige, der mir die Trompete kaufte. Ich habe einen Traum, dass ich einmal einen Taktstock vor einem Orchester schwinge. Warum nicht? Ich w\u00fcrde gern so eine Person sein\u201c, teilte Ashour Mondoweiss mit.<\/p>\n<p><img loading=\"lazy\" decoding=\"async\" class=\"\" src=\"http:\/\/tlaxcala-int.org\/upload\/gal_15036.jpg\" alt=\"\" width=\"732\" height=\"487\" \/><\/p>\n<p>Die Gaza-Musikschule entstand 2008 als Teil des Edward Said nationalen Musikkonservatoriums und wurde noch am Ende desselben Jahrs vom Krieg besch\u00e4digt. Said errichtete die Hauptstelle des Musik-Instituts in Jerusalem unter dem Slogan: heute ein Orchester, morgen ein Staat. \u201eDer Staat besteht nicht aus Steinstra\u00dfen und Geb\u00e4uden oder Wirtschaft. Der Staat ist Kultur\u201c, sagte Suhail Khoury, Direktorin des Konservatoriums, in einer Erkl\u00e4rung von 2014.<\/p>\n<p>Musikerziehung ist im Gazastreifen nicht \u00fcblich, aber jetzt versammeln sich fast 190 eifrige Studenten und Studentinnen in dem R\u00e4umen dieser Schule. Viele hoffen, dass ihre Instrumente ihnen helfen werden, von dieser turbulenten Situation des belagerten Gazastreifens in eine v\u00f6llig andere Welt zu gelangen.<\/p>\n<p>In einem der R\u00e4ume h\u00e4lt Kuzam Hejjo, 11, ihr Cello, w\u00e4hrend sie versucht, Tschaikowskys \u201eNussknacker\u201c von einem alten Notenblatt zu lesen, das von ihrer Lehrerin aus Russland nach Gaza nach ihrer Eheschlie\u00dfung mitgebracht wurde. \u201eIch stelle mich vor, ich sei eine echt kleine Person, die durch die Musik gehen kann und auf ihre Saiten rumzuspringen anf\u00e4ngt, wie Barbie Mariposa im Zeichentrickfilm\u201c, sagte sie Mondoweiss.<\/p>\n<p>Hejjos Eltern glauben, es sei an der Zeit, dass sie ihren Studien mehr Aufmerksamkeit schenkt oder sich einem Sport-Club anschlie\u00dft. \u00dcber die H\u00e4lfte der Sch\u00fcler verlassen die Schule vorzeitig und schlagen andere Wege ein. Viele denken auch, dass es bei dieser politischen Situation im Gazastreifen nicht die richtige Zeit f\u00fcr Musik ist.<\/p>\n<div class=\"wp-caption alignnone\"><img loading=\"lazy\" decoding=\"async\" class=\"\" src=\"http:\/\/tlaxcala-int.org\/upload\/gal_15038.jpg\" width=\"737\" height=\"490\" \/><p class=\"wp-caption-text\"><em>Bilder von ber\u00fchmten westlichen und arabischen Komponisten und Musikern h\u00e4ngen in der Schule.<\/em><\/p><\/div>\n<p>\u201eDiese Instrumente und die Kunst der Musik im allgemeinen sind ein Teil des Krieges in Pal\u00e4stina, und sie spielen eine gro\u00dfe Rolle, die nicht geringer als die der K47-Kugeln ist\u201c, erz\u00e4hlt Yelina Lidawi, 28, eine Musiklehrerin aus Nordossetien. \u201e Die Musik ist ein Teil des historischen Volkserbes und des historischen Kampfes\u201c, f\u00fcgt Lidawi hinzu.<\/p>\n<p>Aber Samy Rabah, 15, geh\u00f6rte zu denjenigen, die die Schule verlie\u00dfen, nachdem er von den Freunden geh\u00e4nselt wurde, als er auf Facebook ein Foto teilte, auf dem er Gitarre spielte. \u201eIch wurde mit dieser H\u00e4nselei einfach nicht fertig. Das Ganze erschien mir doof, und so dachte ich, dass ich mich wegen dieser Gitarre sch\u00e4men musste\u201c, meinte er.<\/p>\n<p>Nachdem er die Musikschule verlie\u00df, schloss sich Rabah einem Jugendtrainingscamp an, das von der Hamas organisiert wurde. Er geh\u00f6rte zu den 30.000 Jugendlichen, die sich diesen Camps anschlossen, um einige Wochen im Sommer hart zu trainieren. Rabahs Vater, der einen kleinen Lebensmittelladen f\u00fchrt, meinte: \u201eDie Befreiung Pal\u00e4stinas braucht keine Musik und keine Trommeln. Denn Israel ist immer gut darin, die Kriegstrommeln ert\u00f6nen zu lassen und uns jederzeit anzugreifen.\u201c<\/p>\n<p>Die turbulente Atmosph\u00e4re des Krieges und des Elends hat Narben bei den Kindern von Gaza hinterlassen. Sameer Zaqout, ein Psychologe des Gaza Community Mental Health Programme, berichtet, dass 73 Prozent der Kinder in Gaza an Verhaltens- und psychischen St\u00f6rungen leiden, w\u00e4hrend 600.000 Menschen verschiedene psychologische Dienste in Anspruch nahmen.<\/p>\n<p>Zaqout f\u00fcgte hin, dass diese Art von Atmosph\u00e4re, die Jugend mit der Unterst\u00fctzung der Eltern dazu f\u00fchrt, sich den Trainingscamps anzuschlie\u00dfen, als handle es sich dabei um eine Art von Rache, um dem Eindruck von Niederlage zu entgehen und die Gef\u00fchle von anhaltendem Verlust zu \u00fcberwinden.<\/p>\n<p>Dagegen verh\u00e4lt sich Haiyfa Abu Shamlah, 13, unter diesen Umst\u00e4nden anders und geht weiter zur Musikschule. Mit ihrer Geige spielt sie ein ber\u00fchmtes Lied \u00fcber Pal\u00e4stina der legend\u00e4ren libanesischen S\u00e4ngerin Fairuz mit dem Titel \u201eIch werde Pal\u00e4stina nie vergessen\u201c.<\/p>\n<p>Ihre Eltern ermutigen sie, wann immer es f\u00fcr sie m\u00f6glich ist, Musik zu machen, auch anl\u00e4sslich der Familienfeste. \u201eMusik bedeutet, andere froh zu stimmen. Ja, ich denke, dass sogar diejenigen, die anderen Leid zuf\u00fcgen und die t\u00f6ten und zerst\u00f6ren, nichts dagegen h\u00e4tten, mit Musik Momente der Freude und des Gl\u00fccks zu erleben\u201c, meint Abu Shamlah.<\/p>\n<p>Die Art des Gl\u00fccklichseins, die sie w\u00fcnscht, ist wegen der begrenzten finanziellen und technischen M\u00f6glichkeiten er Musikschule nicht leicht zu erreichen. Der Mangel an ausreichenden Musikausbildungsprogrammen an den Universit\u00e4ten in Gaza fordert die Zukunft der Musikerziehung schwer heraus und gef\u00e4hrdet die Ausweitung und das Heranwachsen einer Generation von Musikliebhabern in Gaza.<\/p>\n<p><em>Von\u00a0Ahmed al-kabariti, \u00fcbersetzt von <b><a href=\"http:\/\/www.tlaxcala-int.org\/biographie.asp?ref_aut=72&amp;lg_pp=de\">Ellen Rohlfs<\/a> und <a href=\"http:\/\/www.tlaxcala-int.org\/biographie.asp?ref_aut=4157&amp;lg_pp=de\">Milena Rampoldi<\/a><\/b><\/em><br \/>\n<em> Alle Bilder von Mohammed Asad<\/em><\/p>\n<p><img loading=\"lazy\" decoding=\"async\" class=\"\" src=\"http:\/\/www.tlaxcala-int.org\/upload\/gal_15040.jpg\" alt=\"\" width=\"774\" height=\"515\" \/><\/p>\n<p><img loading=\"lazy\" decoding=\"async\" class=\"\" src=\"http:\/\/tlaxcala-int.org\/upload\/gal_15041.jpg\" alt=\"\" width=\"782\" height=\"520\" \/><\/p>\n","protected":false},"excerpt":{"rendered":"<p>Direkt au\u00dferhalb eines Geb\u00e4udes im Stadtteil Tal al-Hawa in Gaza versammelt sich eine Gruppe junger Leute unter einem Fenster, um die sch\u00f6ne klassische Musik zu h\u00f6ren, die aus einem Fenster ein paar Meter \u00fcber ihnen kommt. Das Fenster geh\u00f6rt zu&hellip;<\/p>\n","protected":false},"author":1229,"featured_media":415453,"comment_status":"closed","ping_status":"closed","sticky":false,"template":"","format":"standard","meta":{"footnotes":""},"categories":[9167,9166,7835,9161,9151],"tags":[11640,21221,33967,11641,11458],"class_list":["post-415452","post","type-post","status-publish","format-standard","has-post-thumbnail","hentry","category-frieden-und-abruestung","category-gewaltfreiheit","category-international-de","category-menschenrechte","category-mittlerer-osten","tag-gaza-de","tag-kriegstraumata","tag-musik","tag-nahostkonflikt","tag-palastina"],"yoast_head":"<!-- This site is optimized with the Yoast SEO plugin v27.1.1 - https:\/\/yoast.com\/product\/yoast-seo-wordpress\/ -->\n<title>Gaza: Mozart und Fairuz gegen Kriegstraumata<\/title>\n<meta name=\"description\" content=\"Direkt au\u00dferhalb eines Geb\u00e4udes im Stadtteil Tal al-Hawa in Gaza versammelt sich eine Gruppe junger Leute unter einem Fenster, um die sch\u00f6ne klassische\" \/>\n<meta name=\"robots\" content=\"index, follow, max-snippet:-1, max-image-preview:large, max-video-preview:-1\" \/>\n<link rel=\"canonical\" href=\"https:\/\/www.pressenza.com\/de\/2017\/01\/gaza-mozart-und-fairuz-gegen-kriegstraumata\/\" \/>\n<meta property=\"og:locale\" content=\"de_DE\" \/>\n<meta property=\"og:type\" content=\"article\" \/>\n<meta property=\"og:title\" content=\"Gaza: Mozart und Fairuz gegen Kriegstraumata\" \/>\n<meta property=\"og:description\" content=\"Direkt au\u00dferhalb eines Geb\u00e4udes im Stadtteil Tal al-Hawa in Gaza versammelt sich eine Gruppe junger Leute unter einem Fenster, um die sch\u00f6ne klassische\" \/>\n<meta property=\"og:url\" content=\"https:\/\/www.pressenza.com\/de\/2017\/01\/gaza-mozart-und-fairuz-gegen-kriegstraumata\/\" \/>\n<meta property=\"og:site_name\" content=\"Pressenza\" \/>\n<meta property=\"article:publisher\" content=\"https:\/\/www.facebook.com\/PressenzaItalia\" \/>\n<meta property=\"article:author\" content=\"https:\/\/www.facebook.com\/ProMosaik\" \/>\n<meta property=\"article:published_time\" content=\"2017-01-04T12:56:38+00:00\" \/>\n<meta property=\"article:modified_time\" content=\"2017-01-08T18:13:53+00:00\" \/>\n<meta property=\"og:image\" content=\"https:\/\/www.pressenza.com\/wp-content\/uploads\/2017\/01\/gal_15037.jpg\" \/>\n\t<meta property=\"og:image:width\" content=\"700\" \/>\n\t<meta property=\"og:image:height\" content=\"466\" \/>\n\t<meta property=\"og:image:type\" content=\"image\/jpeg\" \/>\n<meta name=\"author\" content=\"ProMosaik\" \/>\n<meta name=\"twitter:card\" content=\"summary_large_image\" \/>\n<meta name=\"twitter:creator\" content=\"@promosaik_\" \/>\n<meta name=\"twitter:site\" content=\"@PressenzaIPA\" \/>\n<meta name=\"twitter:label1\" content=\"Verfasst von\" \/>\n\t<meta name=\"twitter:data1\" content=\"ProMosaik\" \/>\n\t<meta name=\"twitter:label2\" content=\"Gesch\u00e4tzte Lesezeit\" \/>\n\t<meta name=\"twitter:data2\" content=\"5\u00a0Minuten\" \/>\n<script type=\"application\/ld+json\" class=\"yoast-schema-graph\">{\"@context\":\"https:\/\/schema.org\",\"@graph\":[{\"@type\":\"Article\",\"@id\":\"https:\/\/www.pressenza.com\/de\/2017\/01\/gaza-mozart-und-fairuz-gegen-kriegstraumata\/#article\",\"isPartOf\":{\"@id\":\"https:\/\/www.pressenza.com\/de\/2017\/01\/gaza-mozart-und-fairuz-gegen-kriegstraumata\/\"},\"author\":{\"name\":\"ProMosaik\",\"@id\":\"https:\/\/www.pressenza.com\/de\/#\/schema\/person\/4ce279723360689dde50c46e67d5ab64\"},\"headline\":\"Gaza: Mozart und Fairuz gegen Kriegstraumata\",\"datePublished\":\"2017-01-04T12:56:38+00:00\",\"dateModified\":\"2017-01-08T18:13:53+00:00\",\"mainEntityOfPage\":{\"@id\":\"https:\/\/www.pressenza.com\/de\/2017\/01\/gaza-mozart-und-fairuz-gegen-kriegstraumata\/\"},\"wordCount\":918,\"publisher\":{\"@id\":\"https:\/\/www.pressenza.com\/de\/#organization\"},\"image\":{\"@id\":\"https:\/\/www.pressenza.com\/de\/2017\/01\/gaza-mozart-und-fairuz-gegen-kriegstraumata\/#primaryimage\"},\"thumbnailUrl\":\"https:\/\/www.pressenza.com\/wp-content\/uploads\/2017\/01\/gal_15037.jpg\",\"keywords\":[\"Gaza\",\"Kriegstraumata\",\"Musik\",\"Nahostkonflikt\",\"Pal\u00e4stina\"],\"articleSection\":[\"Frieden und Abr\u00fcstung\",\"Gewaltfreiheit\",\"International\",\"Menschenrechte\",\"Mittlerer Osten\"],\"inLanguage\":\"de\"},{\"@type\":\"WebPage\",\"@id\":\"https:\/\/www.pressenza.com\/de\/2017\/01\/gaza-mozart-und-fairuz-gegen-kriegstraumata\/\",\"url\":\"https:\/\/www.pressenza.com\/de\/2017\/01\/gaza-mozart-und-fairuz-gegen-kriegstraumata\/\",\"name\":\"Gaza: Mozart und Fairuz gegen Kriegstraumata\",\"isPartOf\":{\"@id\":\"https:\/\/www.pressenza.com\/de\/#website\"},\"primaryImageOfPage\":{\"@id\":\"https:\/\/www.pressenza.com\/de\/2017\/01\/gaza-mozart-und-fairuz-gegen-kriegstraumata\/#primaryimage\"},\"image\":{\"@id\":\"https:\/\/www.pressenza.com\/de\/2017\/01\/gaza-mozart-und-fairuz-gegen-kriegstraumata\/#primaryimage\"},\"thumbnailUrl\":\"https:\/\/www.pressenza.com\/wp-content\/uploads\/2017\/01\/gal_15037.jpg\",\"datePublished\":\"2017-01-04T12:56:38+00:00\",\"dateModified\":\"2017-01-08T18:13:53+00:00\",\"description\":\"Direkt au\u00dferhalb eines Geb\u00e4udes im Stadtteil Tal al-Hawa in Gaza versammelt sich eine Gruppe junger Leute unter einem Fenster, um die sch\u00f6ne klassische\",\"breadcrumb\":{\"@id\":\"https:\/\/www.pressenza.com\/de\/2017\/01\/gaza-mozart-und-fairuz-gegen-kriegstraumata\/#breadcrumb\"},\"inLanguage\":\"de\",\"potentialAction\":[{\"@type\":\"ReadAction\",\"target\":[\"https:\/\/www.pressenza.com\/de\/2017\/01\/gaza-mozart-und-fairuz-gegen-kriegstraumata\/\"]}]},{\"@type\":\"ImageObject\",\"inLanguage\":\"de\",\"@id\":\"https:\/\/www.pressenza.com\/de\/2017\/01\/gaza-mozart-und-fairuz-gegen-kriegstraumata\/#primaryimage\",\"url\":\"https:\/\/www.pressenza.com\/wp-content\/uploads\/2017\/01\/gal_15037.jpg\",\"contentUrl\":\"https:\/\/www.pressenza.com\/wp-content\/uploads\/2017\/01\/gal_15037.jpg\",\"width\":700,\"height\":466},{\"@type\":\"BreadcrumbList\",\"@id\":\"https:\/\/www.pressenza.com\/de\/2017\/01\/gaza-mozart-und-fairuz-gegen-kriegstraumata\/#breadcrumb\",\"itemListElement\":[{\"@type\":\"ListItem\",\"position\":1,\"name\":\"Accueil\",\"item\":\"https:\/\/www.pressenza.com\/de\/\"},{\"@type\":\"ListItem\",\"position\":2,\"name\":\"Gaza: Mozart und Fairuz gegen Kriegstraumata\"}]},{\"@type\":\"WebSite\",\"@id\":\"https:\/\/www.pressenza.com\/de\/#website\",\"url\":\"https:\/\/www.pressenza.com\/de\/\",\"name\":\"Pressenza\",\"description\":\"International Press Agency\",\"publisher\":{\"@id\":\"https:\/\/www.pressenza.com\/de\/#organization\"},\"potentialAction\":[{\"@type\":\"SearchAction\",\"target\":{\"@type\":\"EntryPoint\",\"urlTemplate\":\"https:\/\/www.pressenza.com\/de\/?s={search_term_string}\"},\"query-input\":{\"@type\":\"PropertyValueSpecification\",\"valueRequired\":true,\"valueName\":\"search_term_string\"}}],\"inLanguage\":\"de\"},{\"@type\":\"Organization\",\"@id\":\"https:\/\/www.pressenza.com\/de\/#organization\",\"name\":\"Pressenza\",\"url\":\"https:\/\/www.pressenza.com\/de\/\",\"logo\":{\"@type\":\"ImageObject\",\"inLanguage\":\"de\",\"@id\":\"https:\/\/www.pressenza.com\/de\/#\/schema\/logo\/image\/\",\"url\":\"https:\/\/www.pressenza.com\/wp-content\/uploads\/2022\/10\/pressenza_logo_200x200.jpg\",\"contentUrl\":\"https:\/\/www.pressenza.com\/wp-content\/uploads\/2022\/10\/pressenza_logo_200x200.jpg\",\"width\":200,\"height\":200,\"caption\":\"Pressenza\"},\"image\":{\"@id\":\"https:\/\/www.pressenza.com\/de\/#\/schema\/logo\/image\/\"},\"sameAs\":[\"https:\/\/www.facebook.com\/PressenzaItalia\",\"https:\/\/x.com\/PressenzaIPA\"]},{\"@type\":\"Person\",\"@id\":\"https:\/\/www.pressenza.com\/de\/#\/schema\/person\/4ce279723360689dde50c46e67d5ab64\",\"name\":\"ProMosaik\",\"sameAs\":[\"https:\/\/www.facebook.com\/ProMosaik\",\"https:\/\/x.com\/promosaik_\"],\"url\":\"https:\/\/www.pressenza.com\/de\/author\/promosaik\/\"}]}<\/script>\n<!-- \/ Yoast SEO plugin. -->","yoast_head_json":{"title":"Gaza: Mozart und Fairuz gegen Kriegstraumata","description":"Direkt au\u00dferhalb eines Geb\u00e4udes im Stadtteil Tal al-Hawa in Gaza versammelt sich eine Gruppe junger Leute unter einem Fenster, um die sch\u00f6ne klassische","robots":{"index":"index","follow":"follow","max-snippet":"max-snippet:-1","max-image-preview":"max-image-preview:large","max-video-preview":"max-video-preview:-1"},"canonical":"https:\/\/www.pressenza.com\/de\/2017\/01\/gaza-mozart-und-fairuz-gegen-kriegstraumata\/","og_locale":"de_DE","og_type":"article","og_title":"Gaza: Mozart und Fairuz gegen Kriegstraumata","og_description":"Direkt au\u00dferhalb eines Geb\u00e4udes im Stadtteil Tal al-Hawa in Gaza versammelt sich eine Gruppe junger Leute unter einem Fenster, um die sch\u00f6ne klassische","og_url":"https:\/\/www.pressenza.com\/de\/2017\/01\/gaza-mozart-und-fairuz-gegen-kriegstraumata\/","og_site_name":"Pressenza","article_publisher":"https:\/\/www.facebook.com\/PressenzaItalia","article_author":"https:\/\/www.facebook.com\/ProMosaik","article_published_time":"2017-01-04T12:56:38+00:00","article_modified_time":"2017-01-08T18:13:53+00:00","og_image":[{"width":700,"height":466,"url":"https:\/\/www.pressenza.com\/wp-content\/uploads\/2017\/01\/gal_15037.jpg","type":"image\/jpeg"}],"author":"ProMosaik","twitter_card":"summary_large_image","twitter_creator":"@promosaik_","twitter_site":"@PressenzaIPA","twitter_misc":{"Verfasst von":"ProMosaik","Gesch\u00e4tzte Lesezeit":"5\u00a0Minuten"},"schema":{"@context":"https:\/\/schema.org","@graph":[{"@type":"Article","@id":"https:\/\/www.pressenza.com\/de\/2017\/01\/gaza-mozart-und-fairuz-gegen-kriegstraumata\/#article","isPartOf":{"@id":"https:\/\/www.pressenza.com\/de\/2017\/01\/gaza-mozart-und-fairuz-gegen-kriegstraumata\/"},"author":{"name":"ProMosaik","@id":"https:\/\/www.pressenza.com\/de\/#\/schema\/person\/4ce279723360689dde50c46e67d5ab64"},"headline":"Gaza: Mozart und Fairuz gegen Kriegstraumata","datePublished":"2017-01-04T12:56:38+00:00","dateModified":"2017-01-08T18:13:53+00:00","mainEntityOfPage":{"@id":"https:\/\/www.pressenza.com\/de\/2017\/01\/gaza-mozart-und-fairuz-gegen-kriegstraumata\/"},"wordCount":918,"publisher":{"@id":"https:\/\/www.pressenza.com\/de\/#organization"},"image":{"@id":"https:\/\/www.pressenza.com\/de\/2017\/01\/gaza-mozart-und-fairuz-gegen-kriegstraumata\/#primaryimage"},"thumbnailUrl":"https:\/\/www.pressenza.com\/wp-content\/uploads\/2017\/01\/gal_15037.jpg","keywords":["Gaza","Kriegstraumata","Musik","Nahostkonflikt","Pal\u00e4stina"],"articleSection":["Frieden und Abr\u00fcstung","Gewaltfreiheit","International","Menschenrechte","Mittlerer Osten"],"inLanguage":"de"},{"@type":"WebPage","@id":"https:\/\/www.pressenza.com\/de\/2017\/01\/gaza-mozart-und-fairuz-gegen-kriegstraumata\/","url":"https:\/\/www.pressenza.com\/de\/2017\/01\/gaza-mozart-und-fairuz-gegen-kriegstraumata\/","name":"Gaza: Mozart und Fairuz gegen Kriegstraumata","isPartOf":{"@id":"https:\/\/www.pressenza.com\/de\/#website"},"primaryImageOfPage":{"@id":"https:\/\/www.pressenza.com\/de\/2017\/01\/gaza-mozart-und-fairuz-gegen-kriegstraumata\/#primaryimage"},"image":{"@id":"https:\/\/www.pressenza.com\/de\/2017\/01\/gaza-mozart-und-fairuz-gegen-kriegstraumata\/#primaryimage"},"thumbnailUrl":"https:\/\/www.pressenza.com\/wp-content\/uploads\/2017\/01\/gal_15037.jpg","datePublished":"2017-01-04T12:56:38+00:00","dateModified":"2017-01-08T18:13:53+00:00","description":"Direkt au\u00dferhalb eines Geb\u00e4udes im Stadtteil Tal al-Hawa in Gaza versammelt sich eine Gruppe junger Leute unter einem Fenster, um die sch\u00f6ne klassische","breadcrumb":{"@id":"https:\/\/www.pressenza.com\/de\/2017\/01\/gaza-mozart-und-fairuz-gegen-kriegstraumata\/#breadcrumb"},"inLanguage":"de","potentialAction":[{"@type":"ReadAction","target":["https:\/\/www.pressenza.com\/de\/2017\/01\/gaza-mozart-und-fairuz-gegen-kriegstraumata\/"]}]},{"@type":"ImageObject","inLanguage":"de","@id":"https:\/\/www.pressenza.com\/de\/2017\/01\/gaza-mozart-und-fairuz-gegen-kriegstraumata\/#primaryimage","url":"https:\/\/www.pressenza.com\/wp-content\/uploads\/2017\/01\/gal_15037.jpg","contentUrl":"https:\/\/www.pressenza.com\/wp-content\/uploads\/2017\/01\/gal_15037.jpg","width":700,"height":466},{"@type":"BreadcrumbList","@id":"https:\/\/www.pressenza.com\/de\/2017\/01\/gaza-mozart-und-fairuz-gegen-kriegstraumata\/#breadcrumb","itemListElement":[{"@type":"ListItem","position":1,"name":"Accueil","item":"https:\/\/www.pressenza.com\/de\/"},{"@type":"ListItem","position":2,"name":"Gaza: Mozart und Fairuz gegen Kriegstraumata"}]},{"@type":"WebSite","@id":"https:\/\/www.pressenza.com\/de\/#website","url":"https:\/\/www.pressenza.com\/de\/","name":"Pressenza","description":"International Press Agency","publisher":{"@id":"https:\/\/www.pressenza.com\/de\/#organization"},"potentialAction":[{"@type":"SearchAction","target":{"@type":"EntryPoint","urlTemplate":"https:\/\/www.pressenza.com\/de\/?s={search_term_string}"},"query-input":{"@type":"PropertyValueSpecification","valueRequired":true,"valueName":"search_term_string"}}],"inLanguage":"de"},{"@type":"Organization","@id":"https:\/\/www.pressenza.com\/de\/#organization","name":"Pressenza","url":"https:\/\/www.pressenza.com\/de\/","logo":{"@type":"ImageObject","inLanguage":"de","@id":"https:\/\/www.pressenza.com\/de\/#\/schema\/logo\/image\/","url":"https:\/\/www.pressenza.com\/wp-content\/uploads\/2022\/10\/pressenza_logo_200x200.jpg","contentUrl":"https:\/\/www.pressenza.com\/wp-content\/uploads\/2022\/10\/pressenza_logo_200x200.jpg","width":200,"height":200,"caption":"Pressenza"},"image":{"@id":"https:\/\/www.pressenza.com\/de\/#\/schema\/logo\/image\/"},"sameAs":["https:\/\/www.facebook.com\/PressenzaItalia","https:\/\/x.com\/PressenzaIPA"]},{"@type":"Person","@id":"https:\/\/www.pressenza.com\/de\/#\/schema\/person\/4ce279723360689dde50c46e67d5ab64","name":"ProMosaik","sameAs":["https:\/\/www.facebook.com\/ProMosaik","https:\/\/x.com\/promosaik_"],"url":"https:\/\/www.pressenza.com\/de\/author\/promosaik\/"}]}},"place":"","original_article_url":"https:\/\/promosaik.blogspot.de\/2017\/01\/eine-musikschule-in-gaza-nutzt-mozart.html?#","_links":{"self":[{"href":"https:\/\/www.pressenza.com\/de\/wp-json\/wp\/v2\/posts\/415452","targetHints":{"allow":["GET"]}}],"collection":[{"href":"https:\/\/www.pressenza.com\/de\/wp-json\/wp\/v2\/posts"}],"about":[{"href":"https:\/\/www.pressenza.com\/de\/wp-json\/wp\/v2\/types\/post"}],"author":[{"embeddable":true,"href":"https:\/\/www.pressenza.com\/de\/wp-json\/wp\/v2\/users\/1229"}],"replies":[{"embeddable":true,"href":"https:\/\/www.pressenza.com\/de\/wp-json\/wp\/v2\/comments?post=415452"}],"version-history":[{"count":0,"href":"https:\/\/www.pressenza.com\/de\/wp-json\/wp\/v2\/posts\/415452\/revisions"}],"wp:featuredmedia":[{"embeddable":true,"href":"https:\/\/www.pressenza.com\/de\/wp-json\/wp\/v2\/media\/415453"}],"wp:attachment":[{"href":"https:\/\/www.pressenza.com\/de\/wp-json\/wp\/v2\/media?parent=415452"}],"wp:term":[{"taxonomy":"category","embeddable":true,"href":"https:\/\/www.pressenza.com\/de\/wp-json\/wp\/v2\/categories?post=415452"},{"taxonomy":"post_tag","embeddable":true,"href":"https:\/\/www.pressenza.com\/de\/wp-json\/wp\/v2\/tags?post=415452"}],"curies":[{"name":"wp","href":"https:\/\/api.w.org\/{rel}","templated":true}]}}