{"id":405366,"date":"2016-12-04T09:27:21","date_gmt":"2016-12-04T09:27:21","guid":{"rendered":"http:\/\/www.pressenza.com\/de\/?p=405366"},"modified":"2016-12-05T14:11:13","modified_gmt":"2016-12-05T14:11:13","slug":"wenn-frauen-ihre-geschichten-teilen-verstehen-sie-dass-sie-nicht-allein-sind","status":"publish","type":"post","link":"https:\/\/www.pressenza.com\/de\/2016\/12\/wenn-frauen-ihre-geschichten-teilen-verstehen-sie-dass-sie-nicht-allein-sind\/","title":{"rendered":"Wenn Frauen ihre Geschichten teilen, verstehen sie, dass sie nicht allein sind"},"content":{"rendered":"<h4><b><i><span lang=\"DE\">Pro Mosaik spricht mit Simone Leid von\u00a0<\/span><\/i><\/b><span lang=\"DE\"><a href=\"http:\/\/womenspeak.tumblr.com\/\"><b><i>WomenSpeak<\/i><\/b><\/a><\/span><b><i><span lang=\"DE\">, eine Initiative, die Frauen in Trinidad und Tobago und in der Karibik ermutigt, von ihren eigenen Erfahrungen \u00fcber die Diskriminierung zu Hause, auf der Arbeit und in der \u00d6ffentlichkeit zu erz\u00e4hlen, um sich selbst und anderen Frauen zu helfen. Wenn\u00a0 Frauen ihre Probleme in Ausdruck bringen, werden sie merken, dass sie nicht die einzigen sind, die unter einer Diskriminierung leiden. Es ist wichtig, dieses Problem mit anderen zu teilen, um die Gleichstellung der Geschlechter zu f\u00f6rdern. Es ist grundlegend f\u00fcr den feministischen Diskurs. In diesem Kontext ist Poesie ein wichtiges Ausdrucksmittel.<\/span><\/i><\/b><\/h4>\n<p><strong><em>Was ist das Hauptziel des Women Speak \u2013 Projektes?<\/em><\/strong><\/p>\n<p>Das WomenSpeak-Projekt strebt an, die F\u00e4higkeit von Individuen und Organisationen aufzubauen, um sich f\u00fcr die Frage der Diskriminierung gegen Frauen einzusetzen. Dies geschieht durch die F\u00f6rderung des Austausches von Frauen \u00fcber ihre eigenen Erfahrungen und Perspektiven in den Bereichen wie sexueller Missbrauch und h\u00e4usliche Gewalt, Feminisierung von HIV und Menschenhandel. Wir betonen auch die Arbeit von Aktivisten in der gesamten Karibik und f\u00f6rdern den Austausch von Wissen und Lehren aus Strategien und Chancen, die Sache voranzutreiben und das politische Umfeld zu beeinflussen.<\/p>\n<p><strong><em>F\u00fcr ProMosaik ist \u00f6ffentliches Reden der erste Schritt, um gegen Gewalt und Diskriminierung von Frauen zu k\u00e4mpfen. Was denken Sie dar\u00fcber?<\/em><\/strong><\/p>\n<p>WomenSpeak wurde mit eben diesem Ziel im Auge gegr\u00fcndet.<\/p>\n<p>Wir glauben daran, dass es wichtig ist, dass Frauen \u00fcber die Ungerechtigkeiten, denen sie im t\u00e4glichen Leben begegnen, sprechen, um anderen die Realit\u00e4t und den Ausma\u00df der Diskriminierung, der die Frauen jeden Tag begegnen, zu zeigen. \u00dcber das steigende Selbstbewusstsein hinaus hilft der Selbstausdruck den Frauen auch, einen Sinn der Empathie f\u00fcr andere Frauen zu bekommen und ein Gemeinschaftsgef\u00fchl aufzubauen, besonders wenn viele der Traumen, die Frauen begegnen, entweder unerkannt geblieben oder normalisiert sind. Auf dem WomenSpeak-Blog ermutigen wir Frauen nicht nur dazu, ihre Geschichten zu erz\u00e4hlen, sondern auch zu betonen, wie diese Ereignisse sie und ihre Wahlen beeinflusst haben.<\/p>\n<p><strong><em>Welches sind die wichtigsten Probleme der Frauen in der karibischen Region?<\/em><\/strong><\/p>\n<p>Die karibische Region hat einen \u00e4u\u00dferst hohen Anteil an h\u00e4uslicher Gewalt und sexuellem Missbrauch. Au\u00dferdem sehen wir eine beunruhigende Anzahl an Totschl\u00e4gen von Frauen, die auf Partnergewalt beruhen. Unsere Gesetze f\u00f6rdern nicht ausreichenden Schutz f\u00fcr Frauen die misshandelt werden, es gibt nicht genug institutionelle Unterst\u00fctzung und Mittel zur Bew\u00e4ltigung dieses Problems. Die Anzahl von Zufluchth\u00e4usern f\u00fcr Frauen ist schmerzhaft unzureichend und einige sind nicht in der Lage, Kinder oder m\u00e4nnliche Kinder \u00fcber ein bestimmtes Alter aufzunehmen. Da unsere L\u00e4nder klein sind, ist es einfach f\u00fcr einen Missbraucher, einen Partner zu finden, der seine Beziehung aufgegeben hat. Es gibt nicht genug Schutz f\u00fcr Frauen, die sich daf\u00fcr entschieden haben, ihren Partner zu verlassen, daher kehren sie oft zu ihrem Missbraucher zur\u00fcck. Es gibt auch sehr wenige M\u00f6glichkeiten f\u00fcr Missbraucher, sich beraten zu lassen. Nicht staatliche Organisationen tun das Beste, was sie k\u00f6nnen, jedoch sind sie ohne ausreichende Unterst\u00fctzung der staatlichen Institutionen oder dem privaten Sektor nicht dazu f\u00e4hig, so ein komplexes Problem zu bew\u00e4ltigen.<\/p>\n<p><strong><em>Wie k\u00f6nnen wir das Bewusstsein \u00fcber Genderfragen \u00a0f\u00f6rdern?<\/em><\/strong><\/p>\n<p>Wir brauchen in allem, was wir tun, die Genderfrage durchg\u00e4ngig einbeziehen. Jede Schule, Kirche und alle Arbeitspl\u00e4tze sollten Programme und Richtlinien \u00a0beinhalten, die die geschlechtsspezifischen Probleme und Diskriminierung ansprechen. Wir brauchen Menschen und Organisationen, die bereit daf\u00fcr sind, bei der Umsetzung einer Genderperspektive die F\u00fchrung zu \u00fcbernehmen, jedoch ist dies schwierig. Menschen setzen sich oft f\u00fcr die Beibehaltung des Status quo ein. Sie profitieren von der Tatsache, dass Frauen und M\u00e4nnern einen ungleichen Zugang zur Macht haben, auch in Bereichen wie die Rolle der M\u00e4nner und Frauen in Beziehungen.<\/p>\n<p><strong><em>Wie k\u00f6nnen wir M\u00e4nner \u00fcber die Frauenrechte belehren?<\/em><\/strong><\/p>\n<p>Wir m\u00fcssen in die R\u00e4ume, in denen M\u00e4nner zusammen kommen, eindringen. Au\u00dferdem brauchen wir M\u00e4nner, die daran beteiligt sind, Botschaften zu teilen, die die Wertsch\u00e4tzung der Frauen, der Weiblichkeit und der Frauenrechte f\u00f6rdern. \u00a0Sofern M\u00e4nner in ihren gleichrangigen Gruppen weiterhin belohnt werden, wenn sie Ausdr\u00fccke benutzen oder Geschichten erz\u00e4hlen, die Frauen verunglimpfen, werden diese Gedanken fortbestehen. Wir m\u00fcssen ebenfalls die Frauen belehren. Wenn Frauen mit M\u00e4nnern interagieren, m\u00fcssen sie sich ihrer Rechte bewusst sein, um f\u00fcr sich selbst stehen zu k\u00f6nnen. Es ist schwierig. M\u00e4nner und Frauen sind sozialisiert, um ihre Rollen in verschiedenen sozialen Angelegenheiten zu verstehen. Wir m\u00fcssen diese Gender-Skripte zur Seite legen und M\u00e4nnern und Frauen bewusst machen, dass Frauen die Macht \u00fcber ihren eigenen K\u00f6rper, ihrer Gedanken und W\u00fcnsche haben.<\/p>\n<p><strong><em>Wie wichtig ist Ihnen die Dichtung? Wie k\u00f6nnen wir die Dichtung als Werkzeug, um f\u00fcr die Frauenrechte zu k\u00e4mpfen, nutzen?<\/em><\/strong><\/p>\n<p>Die Dichtung ist ein Instrument zum Erwecken der Empathie. Gedichte tauchen tief in den Menschen ein und helfen uns, uns selbst zu sehen. Sei es durch Bilder, Abstraktion oder Geschichten, Gedichte schaffen einen Schnappschuss der Zeit, eines Ortes, einer Emotion, eines einzigartigen Erlebnisses. Ein Gedicht ist eine Meditation, etwas, das sich dauernd in unseren K\u00f6pfen dreht. Dies ist der Grund daf\u00fcr, dass die Dichtung solch ein effektives Mittel in dem Kampf f\u00fcr die Frauenrechte ist. Es ist m\u00f6glich, den Schleier auf die Erfahrung des Seins einer Frau zu heben, und die Probleme in einer weniger theoretischen, eher pers\u00f6nlichen und multidimensionalen Art und Weise zu beleuchten.<\/p>\n<p>&nbsp;<\/p>\n","protected":false},"excerpt":{"rendered":"<p>Pro Mosaik spricht mit Simone Leid von\u00a0WomenSpeak, eine Initiative, die Frauen in Trinidad und Tobago und in der Karibik ermutigt, von ihren eigenen Erfahrungen \u00fcber die Diskriminierung zu Hause, auf der Arbeit und in der \u00d6ffentlichkeit zu erz\u00e4hlen, um sich&hellip;<\/p>\n","protected":false},"author":1229,"featured_media":405367,"comment_status":"closed","ping_status":"closed","sticky":false,"template":"","format":"standard","meta":{"footnotes":""},"categories":[9166,9142,9161,9149,9165],"tags":[33241,16099],"class_list":["post-405366","post","type-post","status-publish","format-standard","has-post-thumbnail","hentry","category-gewaltfreiheit","category-interviews-de","category-menschenrechte","category-mittelamerika","category-vielfalt","tag-frauen-emanzipation","tag-feminismus"],"yoast_head":"<!-- This site is optimized with the Yoast SEO plugin v27.1.1 - https:\/\/yoast.com\/product\/yoast-seo-wordpress\/ -->\n<title>Wenn Frauen ihre Geschichten teilen, verstehen sie, dass sie nicht allein sind<\/title>\n<meta name=\"description\" content=\"Pro Mosaik spricht mit Simone Leid von\u00a0WomenSpeak, eine Initiative, die Frauen in Trinidad und Tobago und in der Karibik ermutigt, von ihren eigenen\" \/>\n<meta name=\"robots\" content=\"index, follow, max-snippet:-1, max-image-preview:large, max-video-preview:-1\" \/>\n<link rel=\"canonical\" href=\"https:\/\/www.pressenza.com\/de\/2016\/12\/wenn-frauen-ihre-geschichten-teilen-verstehen-sie-dass-sie-nicht-allein-sind\/\" \/>\n<meta property=\"og:locale\" content=\"de_DE\" \/>\n<meta property=\"og:type\" content=\"article\" \/>\n<meta property=\"og:title\" content=\"Wenn Frauen ihre Geschichten teilen, verstehen sie, dass sie nicht allein sind\" \/>\n<meta property=\"og:description\" content=\"Pro Mosaik spricht mit Simone Leid von\u00a0WomenSpeak, eine Initiative, die Frauen in Trinidad und Tobago und in der Karibik ermutigt, von ihren eigenen\" \/>\n<meta property=\"og:url\" content=\"https:\/\/www.pressenza.com\/de\/2016\/12\/wenn-frauen-ihre-geschichten-teilen-verstehen-sie-dass-sie-nicht-allein-sind\/\" \/>\n<meta property=\"og:site_name\" content=\"Pressenza\" \/>\n<meta property=\"article:publisher\" content=\"https:\/\/www.facebook.com\/PressenzaItalia\" \/>\n<meta property=\"article:author\" content=\"https:\/\/www.facebook.com\/ProMosaik\" \/>\n<meta property=\"article:published_time\" content=\"2016-12-04T09:27:21+00:00\" \/>\n<meta property=\"article:modified_time\" content=\"2016-12-05T14:11:13+00:00\" \/>\n<meta property=\"og:image\" content=\"https:\/\/www.pressenza.com\/wp-content\/uploads\/2016\/12\/simone-leid-promosaik.jpg\" \/>\n\t<meta property=\"og:image:width\" content=\"500\" \/>\n\t<meta property=\"og:image:height\" content=\"375\" \/>\n\t<meta property=\"og:image:type\" content=\"image\/jpeg\" \/>\n<meta name=\"author\" content=\"ProMosaik\" \/>\n<meta name=\"twitter:card\" content=\"summary_large_image\" \/>\n<meta name=\"twitter:creator\" content=\"@promosaik_\" \/>\n<meta name=\"twitter:site\" content=\"@PressenzaIPA\" \/>\n<meta name=\"twitter:label1\" content=\"Verfasst von\" \/>\n\t<meta name=\"twitter:data1\" content=\"ProMosaik\" \/>\n\t<meta name=\"twitter:label2\" content=\"Gesch\u00e4tzte Lesezeit\" \/>\n\t<meta name=\"twitter:data2\" content=\"5\u00a0Minuten\" \/>\n<script type=\"application\/ld+json\" class=\"yoast-schema-graph\">{\"@context\":\"https:\/\/schema.org\",\"@graph\":[{\"@type\":\"Article\",\"@id\":\"https:\/\/www.pressenza.com\/de\/2016\/12\/wenn-frauen-ihre-geschichten-teilen-verstehen-sie-dass-sie-nicht-allein-sind\/#article\",\"isPartOf\":{\"@id\":\"https:\/\/www.pressenza.com\/de\/2016\/12\/wenn-frauen-ihre-geschichten-teilen-verstehen-sie-dass-sie-nicht-allein-sind\/\"},\"author\":{\"name\":\"ProMosaik\",\"@id\":\"https:\/\/www.pressenza.com\/de\/#\/schema\/person\/4ce279723360689dde50c46e67d5ab64\"},\"headline\":\"Wenn Frauen ihre Geschichten teilen, verstehen sie, dass sie nicht allein sind\",\"datePublished\":\"2016-12-04T09:27:21+00:00\",\"dateModified\":\"2016-12-05T14:11:13+00:00\",\"mainEntityOfPage\":{\"@id\":\"https:\/\/www.pressenza.com\/de\/2016\/12\/wenn-frauen-ihre-geschichten-teilen-verstehen-sie-dass-sie-nicht-allein-sind\/\"},\"wordCount\":938,\"publisher\":{\"@id\":\"https:\/\/www.pressenza.com\/de\/#organization\"},\"image\":{\"@id\":\"https:\/\/www.pressenza.com\/de\/2016\/12\/wenn-frauen-ihre-geschichten-teilen-verstehen-sie-dass-sie-nicht-allein-sind\/#primaryimage\"},\"thumbnailUrl\":\"https:\/\/www.pressenza.com\/wp-content\/uploads\/2016\/12\/simone-leid-promosaik.jpg\",\"keywords\":[\"#Frauen #Emanzipation #\",\"Feminismus\"],\"articleSection\":[\"Gewaltfreiheit\",\"Interviews\",\"Menschenrechte\",\"Mittelamerika\",\"Vielfalt\"],\"inLanguage\":\"de\"},{\"@type\":\"WebPage\",\"@id\":\"https:\/\/www.pressenza.com\/de\/2016\/12\/wenn-frauen-ihre-geschichten-teilen-verstehen-sie-dass-sie-nicht-allein-sind\/\",\"url\":\"https:\/\/www.pressenza.com\/de\/2016\/12\/wenn-frauen-ihre-geschichten-teilen-verstehen-sie-dass-sie-nicht-allein-sind\/\",\"name\":\"Wenn Frauen ihre Geschichten teilen, verstehen sie, dass sie nicht allein sind\",\"isPartOf\":{\"@id\":\"https:\/\/www.pressenza.com\/de\/#website\"},\"primaryImageOfPage\":{\"@id\":\"https:\/\/www.pressenza.com\/de\/2016\/12\/wenn-frauen-ihre-geschichten-teilen-verstehen-sie-dass-sie-nicht-allein-sind\/#primaryimage\"},\"image\":{\"@id\":\"https:\/\/www.pressenza.com\/de\/2016\/12\/wenn-frauen-ihre-geschichten-teilen-verstehen-sie-dass-sie-nicht-allein-sind\/#primaryimage\"},\"thumbnailUrl\":\"https:\/\/www.pressenza.com\/wp-content\/uploads\/2016\/12\/simone-leid-promosaik.jpg\",\"datePublished\":\"2016-12-04T09:27:21+00:00\",\"dateModified\":\"2016-12-05T14:11:13+00:00\",\"description\":\"Pro Mosaik spricht mit Simone Leid von\u00a0WomenSpeak, eine Initiative, die Frauen in Trinidad und Tobago und in der Karibik ermutigt, von ihren eigenen\",\"breadcrumb\":{\"@id\":\"https:\/\/www.pressenza.com\/de\/2016\/12\/wenn-frauen-ihre-geschichten-teilen-verstehen-sie-dass-sie-nicht-allein-sind\/#breadcrumb\"},\"inLanguage\":\"de\",\"potentialAction\":[{\"@type\":\"ReadAction\",\"target\":[\"https:\/\/www.pressenza.com\/de\/2016\/12\/wenn-frauen-ihre-geschichten-teilen-verstehen-sie-dass-sie-nicht-allein-sind\/\"]}]},{\"@type\":\"ImageObject\",\"inLanguage\":\"de\",\"@id\":\"https:\/\/www.pressenza.com\/de\/2016\/12\/wenn-frauen-ihre-geschichten-teilen-verstehen-sie-dass-sie-nicht-allein-sind\/#primaryimage\",\"url\":\"https:\/\/www.pressenza.com\/wp-content\/uploads\/2016\/12\/simone-leid-promosaik.jpg\",\"contentUrl\":\"https:\/\/www.pressenza.com\/wp-content\/uploads\/2016\/12\/simone-leid-promosaik.jpg\",\"width\":500,\"height\":375,\"caption\":\"Simone Leid \\\"WomenSpeak\\\"\"},{\"@type\":\"BreadcrumbList\",\"@id\":\"https:\/\/www.pressenza.com\/de\/2016\/12\/wenn-frauen-ihre-geschichten-teilen-verstehen-sie-dass-sie-nicht-allein-sind\/#breadcrumb\",\"itemListElement\":[{\"@type\":\"ListItem\",\"position\":1,\"name\":\"Accueil\",\"item\":\"https:\/\/www.pressenza.com\/de\/\"},{\"@type\":\"ListItem\",\"position\":2,\"name\":\"Wenn Frauen ihre Geschichten teilen, verstehen sie, dass sie nicht allein sind\"}]},{\"@type\":\"WebSite\",\"@id\":\"https:\/\/www.pressenza.com\/de\/#website\",\"url\":\"https:\/\/www.pressenza.com\/de\/\",\"name\":\"Pressenza\",\"description\":\"International Press Agency\",\"publisher\":{\"@id\":\"https:\/\/www.pressenza.com\/de\/#organization\"},\"potentialAction\":[{\"@type\":\"SearchAction\",\"target\":{\"@type\":\"EntryPoint\",\"urlTemplate\":\"https:\/\/www.pressenza.com\/de\/?s={search_term_string}\"},\"query-input\":{\"@type\":\"PropertyValueSpecification\",\"valueRequired\":true,\"valueName\":\"search_term_string\"}}],\"inLanguage\":\"de\"},{\"@type\":\"Organization\",\"@id\":\"https:\/\/www.pressenza.com\/de\/#organization\",\"name\":\"Pressenza\",\"url\":\"https:\/\/www.pressenza.com\/de\/\",\"logo\":{\"@type\":\"ImageObject\",\"inLanguage\":\"de\",\"@id\":\"https:\/\/www.pressenza.com\/de\/#\/schema\/logo\/image\/\",\"url\":\"https:\/\/www.pressenza.com\/wp-content\/uploads\/2022\/10\/pressenza_logo_200x200.jpg\",\"contentUrl\":\"https:\/\/www.pressenza.com\/wp-content\/uploads\/2022\/10\/pressenza_logo_200x200.jpg\",\"width\":200,\"height\":200,\"caption\":\"Pressenza\"},\"image\":{\"@id\":\"https:\/\/www.pressenza.com\/de\/#\/schema\/logo\/image\/\"},\"sameAs\":[\"https:\/\/www.facebook.com\/PressenzaItalia\",\"https:\/\/x.com\/PressenzaIPA\"]},{\"@type\":\"Person\",\"@id\":\"https:\/\/www.pressenza.com\/de\/#\/schema\/person\/4ce279723360689dde50c46e67d5ab64\",\"name\":\"ProMosaik\",\"sameAs\":[\"https:\/\/www.facebook.com\/ProMosaik\",\"https:\/\/x.com\/promosaik_\"],\"url\":\"https:\/\/www.pressenza.com\/de\/author\/promosaik\/\"}]}<\/script>\n<!-- \/ Yoast SEO plugin. -->","yoast_head_json":{"title":"Wenn Frauen ihre Geschichten teilen, verstehen sie, dass sie nicht allein sind","description":"Pro Mosaik spricht mit Simone Leid von\u00a0WomenSpeak, eine Initiative, die Frauen in Trinidad und Tobago und in der Karibik ermutigt, von ihren eigenen","robots":{"index":"index","follow":"follow","max-snippet":"max-snippet:-1","max-image-preview":"max-image-preview:large","max-video-preview":"max-video-preview:-1"},"canonical":"https:\/\/www.pressenza.com\/de\/2016\/12\/wenn-frauen-ihre-geschichten-teilen-verstehen-sie-dass-sie-nicht-allein-sind\/","og_locale":"de_DE","og_type":"article","og_title":"Wenn Frauen ihre Geschichten teilen, verstehen sie, dass sie nicht allein sind","og_description":"Pro Mosaik spricht mit Simone Leid von\u00a0WomenSpeak, eine Initiative, die Frauen in Trinidad und Tobago und in der Karibik ermutigt, von ihren eigenen","og_url":"https:\/\/www.pressenza.com\/de\/2016\/12\/wenn-frauen-ihre-geschichten-teilen-verstehen-sie-dass-sie-nicht-allein-sind\/","og_site_name":"Pressenza","article_publisher":"https:\/\/www.facebook.com\/PressenzaItalia","article_author":"https:\/\/www.facebook.com\/ProMosaik","article_published_time":"2016-12-04T09:27:21+00:00","article_modified_time":"2016-12-05T14:11:13+00:00","og_image":[{"width":500,"height":375,"url":"https:\/\/www.pressenza.com\/wp-content\/uploads\/2016\/12\/simone-leid-promosaik.jpg","type":"image\/jpeg"}],"author":"ProMosaik","twitter_card":"summary_large_image","twitter_creator":"@promosaik_","twitter_site":"@PressenzaIPA","twitter_misc":{"Verfasst von":"ProMosaik","Gesch\u00e4tzte Lesezeit":"5\u00a0Minuten"},"schema":{"@context":"https:\/\/schema.org","@graph":[{"@type":"Article","@id":"https:\/\/www.pressenza.com\/de\/2016\/12\/wenn-frauen-ihre-geschichten-teilen-verstehen-sie-dass-sie-nicht-allein-sind\/#article","isPartOf":{"@id":"https:\/\/www.pressenza.com\/de\/2016\/12\/wenn-frauen-ihre-geschichten-teilen-verstehen-sie-dass-sie-nicht-allein-sind\/"},"author":{"name":"ProMosaik","@id":"https:\/\/www.pressenza.com\/de\/#\/schema\/person\/4ce279723360689dde50c46e67d5ab64"},"headline":"Wenn Frauen ihre Geschichten teilen, verstehen sie, dass sie nicht allein sind","datePublished":"2016-12-04T09:27:21+00:00","dateModified":"2016-12-05T14:11:13+00:00","mainEntityOfPage":{"@id":"https:\/\/www.pressenza.com\/de\/2016\/12\/wenn-frauen-ihre-geschichten-teilen-verstehen-sie-dass-sie-nicht-allein-sind\/"},"wordCount":938,"publisher":{"@id":"https:\/\/www.pressenza.com\/de\/#organization"},"image":{"@id":"https:\/\/www.pressenza.com\/de\/2016\/12\/wenn-frauen-ihre-geschichten-teilen-verstehen-sie-dass-sie-nicht-allein-sind\/#primaryimage"},"thumbnailUrl":"https:\/\/www.pressenza.com\/wp-content\/uploads\/2016\/12\/simone-leid-promosaik.jpg","keywords":["#Frauen #Emanzipation #","Feminismus"],"articleSection":["Gewaltfreiheit","Interviews","Menschenrechte","Mittelamerika","Vielfalt"],"inLanguage":"de"},{"@type":"WebPage","@id":"https:\/\/www.pressenza.com\/de\/2016\/12\/wenn-frauen-ihre-geschichten-teilen-verstehen-sie-dass-sie-nicht-allein-sind\/","url":"https:\/\/www.pressenza.com\/de\/2016\/12\/wenn-frauen-ihre-geschichten-teilen-verstehen-sie-dass-sie-nicht-allein-sind\/","name":"Wenn Frauen ihre Geschichten teilen, verstehen sie, dass sie nicht allein sind","isPartOf":{"@id":"https:\/\/www.pressenza.com\/de\/#website"},"primaryImageOfPage":{"@id":"https:\/\/www.pressenza.com\/de\/2016\/12\/wenn-frauen-ihre-geschichten-teilen-verstehen-sie-dass-sie-nicht-allein-sind\/#primaryimage"},"image":{"@id":"https:\/\/www.pressenza.com\/de\/2016\/12\/wenn-frauen-ihre-geschichten-teilen-verstehen-sie-dass-sie-nicht-allein-sind\/#primaryimage"},"thumbnailUrl":"https:\/\/www.pressenza.com\/wp-content\/uploads\/2016\/12\/simone-leid-promosaik.jpg","datePublished":"2016-12-04T09:27:21+00:00","dateModified":"2016-12-05T14:11:13+00:00","description":"Pro Mosaik spricht mit Simone Leid von\u00a0WomenSpeak, eine Initiative, die Frauen in Trinidad und Tobago und in der Karibik ermutigt, von ihren eigenen","breadcrumb":{"@id":"https:\/\/www.pressenza.com\/de\/2016\/12\/wenn-frauen-ihre-geschichten-teilen-verstehen-sie-dass-sie-nicht-allein-sind\/#breadcrumb"},"inLanguage":"de","potentialAction":[{"@type":"ReadAction","target":["https:\/\/www.pressenza.com\/de\/2016\/12\/wenn-frauen-ihre-geschichten-teilen-verstehen-sie-dass-sie-nicht-allein-sind\/"]}]},{"@type":"ImageObject","inLanguage":"de","@id":"https:\/\/www.pressenza.com\/de\/2016\/12\/wenn-frauen-ihre-geschichten-teilen-verstehen-sie-dass-sie-nicht-allein-sind\/#primaryimage","url":"https:\/\/www.pressenza.com\/wp-content\/uploads\/2016\/12\/simone-leid-promosaik.jpg","contentUrl":"https:\/\/www.pressenza.com\/wp-content\/uploads\/2016\/12\/simone-leid-promosaik.jpg","width":500,"height":375,"caption":"Simone Leid \"WomenSpeak\""},{"@type":"BreadcrumbList","@id":"https:\/\/www.pressenza.com\/de\/2016\/12\/wenn-frauen-ihre-geschichten-teilen-verstehen-sie-dass-sie-nicht-allein-sind\/#breadcrumb","itemListElement":[{"@type":"ListItem","position":1,"name":"Accueil","item":"https:\/\/www.pressenza.com\/de\/"},{"@type":"ListItem","position":2,"name":"Wenn Frauen ihre Geschichten teilen, verstehen sie, dass sie nicht allein sind"}]},{"@type":"WebSite","@id":"https:\/\/www.pressenza.com\/de\/#website","url":"https:\/\/www.pressenza.com\/de\/","name":"Pressenza","description":"International Press Agency","publisher":{"@id":"https:\/\/www.pressenza.com\/de\/#organization"},"potentialAction":[{"@type":"SearchAction","target":{"@type":"EntryPoint","urlTemplate":"https:\/\/www.pressenza.com\/de\/?s={search_term_string}"},"query-input":{"@type":"PropertyValueSpecification","valueRequired":true,"valueName":"search_term_string"}}],"inLanguage":"de"},{"@type":"Organization","@id":"https:\/\/www.pressenza.com\/de\/#organization","name":"Pressenza","url":"https:\/\/www.pressenza.com\/de\/","logo":{"@type":"ImageObject","inLanguage":"de","@id":"https:\/\/www.pressenza.com\/de\/#\/schema\/logo\/image\/","url":"https:\/\/www.pressenza.com\/wp-content\/uploads\/2022\/10\/pressenza_logo_200x200.jpg","contentUrl":"https:\/\/www.pressenza.com\/wp-content\/uploads\/2022\/10\/pressenza_logo_200x200.jpg","width":200,"height":200,"caption":"Pressenza"},"image":{"@id":"https:\/\/www.pressenza.com\/de\/#\/schema\/logo\/image\/"},"sameAs":["https:\/\/www.facebook.com\/PressenzaItalia","https:\/\/x.com\/PressenzaIPA"]},{"@type":"Person","@id":"https:\/\/www.pressenza.com\/de\/#\/schema\/person\/4ce279723360689dde50c46e67d5ab64","name":"ProMosaik","sameAs":["https:\/\/www.facebook.com\/ProMosaik","https:\/\/x.com\/promosaik_"],"url":"https:\/\/www.pressenza.com\/de\/author\/promosaik\/"}]}},"place":"","original_article_url":"https:\/\/promosaik.blogspot.de\/2016\/11\/simone-leid-vom-women-speak-projekt.html?#","_links":{"self":[{"href":"https:\/\/www.pressenza.com\/de\/wp-json\/wp\/v2\/posts\/405366","targetHints":{"allow":["GET"]}}],"collection":[{"href":"https:\/\/www.pressenza.com\/de\/wp-json\/wp\/v2\/posts"}],"about":[{"href":"https:\/\/www.pressenza.com\/de\/wp-json\/wp\/v2\/types\/post"}],"author":[{"embeddable":true,"href":"https:\/\/www.pressenza.com\/de\/wp-json\/wp\/v2\/users\/1229"}],"replies":[{"embeddable":true,"href":"https:\/\/www.pressenza.com\/de\/wp-json\/wp\/v2\/comments?post=405366"}],"version-history":[{"count":0,"href":"https:\/\/www.pressenza.com\/de\/wp-json\/wp\/v2\/posts\/405366\/revisions"}],"wp:featuredmedia":[{"embeddable":true,"href":"https:\/\/www.pressenza.com\/de\/wp-json\/wp\/v2\/media\/405367"}],"wp:attachment":[{"href":"https:\/\/www.pressenza.com\/de\/wp-json\/wp\/v2\/media?parent=405366"}],"wp:term":[{"taxonomy":"category","embeddable":true,"href":"https:\/\/www.pressenza.com\/de\/wp-json\/wp\/v2\/categories?post=405366"},{"taxonomy":"post_tag","embeddable":true,"href":"https:\/\/www.pressenza.com\/de\/wp-json\/wp\/v2\/tags?post=405366"}],"curies":[{"name":"wp","href":"https:\/\/api.w.org\/{rel}","templated":true}]}}