{"id":399425,"date":"2016-11-19T11:50:15","date_gmt":"2016-11-19T11:50:15","guid":{"rendered":"http:\/\/www.pressenza.com\/de\/?p=399425"},"modified":"2016-11-19T11:50:15","modified_gmt":"2016-11-19T11:50:15","slug":"trudeau-fordert-erklaerung-zu-milagro-sala-von-macri","status":"publish","type":"post","link":"https:\/\/www.pressenza.com\/de\/2016\/11\/trudeau-fordert-erklaerung-zu-milagro-sala-von-macri\/","title":{"rendered":"Trudeau fordert Erkl\u00e4rung zu Milagro Sala von Macri"},"content":{"rendered":"<p>Justin Trudeau, der junge Premierminister Kanadas, forderte bei seinem Besuch in Argentinien von Mauricio Macri mit klaren Worten eine Erkl\u00e4rung zur sich in die L\u00e4nge ziehenden Inhaftierung von Milagro Sala, Leiterin der sozialen B\u00fcrgerbewegung Tupac Amaru und Abgeordnete des Parlasur, die seit Januar diesen Jahres ohne fundierte Hintergr\u00fcnde im Gef\u00e4ngnis sitzt.<\/p>\n<p>Nach dem Versuch, den wiederholten Forderungen der internationalen Gemeinschaft zum Fall Milagro Sala in Jujuy auszuweichen, musste Argentiniens Pr\u00e4sident in einer Pressekonferenz zugeben, dass der Fall Teil des privaten Gespr\u00e4chs mit Pr\u00e4sident Trudeau war. Dieser hatte ihn an die k\u00fcrzlich verabschiedete Resolution der Arbeitsgruppe f\u00fcr willk\u00fcrliche Verhaftungen der Vereinten Nationen erinnert, sowie einen Brief von Amnesty International \u00fcbergeben, der die Freilassung der Abgeordneten fordert.<\/p>\n<p>Macri sagte, er h\u00e4tte den Vereinten Nationen antworten wollen, und dass er die Arbeitsgruppe nach Jujuy einladen wolle, um die Situation von Menschenrechten in dieser Provinz zu pr\u00fcfen. Die verschiedenen Organisationen, die den Brief zusammen mit Amnesty International verfasst hatten, entgegneten umgehend, dass die Arbeitsgruppe gar keine Antwort erwarte, sondern vielmehr konkrete Taten fordere, wie die sofortige Freilassung von Milagro Sala und das Zugest\u00e4ndnis an sie, sich als freie Person gegen die Anschuldigungen verteidigen zu k\u00f6nnen, die ihr vorgeworfen werden. Dies solle unter juristisch akzeptablen Bedingungen erfolgen, ohne Einflussnahme auf die Justiz seitens der Politik (mit Bezug auf die Tatsache, dass der vor kurzem ins Amt berufene Gouverneur von Jujuy, Gerardo Morales, verschiedene Richter in den Gerichtshof berufen hat, die ehemalige Parlamentarier seiner Partei sind).<\/p>\n","protected":false},"excerpt":{"rendered":"<p>Justin Trudeau, der junge Premierminister Kanadas, forderte bei seinem Besuch in Argentinien von Mauricio Macri mit klaren Worten eine Erkl\u00e4rung zur sich in die L\u00e4nge ziehenden Inhaftierung von Milagro Sala, Leiterin der sozialen B\u00fcrgerbewegung Tupac Amaru und Abgeordnete des Parlasur,&hellip;<\/p>\n","protected":false},"author":594,"featured_media":399149,"comment_status":"closed","ping_status":"closed","sticky":false,"template":"","format":"standard","meta":{"footnotes":""},"categories":[9161,11387,9154],"tags":[9608,19264,24602,11848,4862,22228,27498,1096,11539],"class_list":["post-399425","post","type-post","status-publish","format-standard","has-post-thumbnail","hentry","category-menschenrechte","category-originalinhalt","category-suedamerika","tag-amnesty-international-de","tag-gerardo-morales","tag-justin-trudeau","tag-kanada","tag-mauricio-macri","tag-menschenrechte","tag-milagro-sala-de","tag-tupac-amaru","tag-vereinte-nationen"],"yoast_head":"<!-- This site is optimized with the Yoast SEO plugin v27.1.1 - https:\/\/yoast.com\/product\/yoast-seo-wordpress\/ -->\n<title>Trudeau fordert Erkl\u00e4rung zu Milagro Sala von Macri<\/title>\n<meta name=\"description\" content=\"Justin Trudeau, der junge Premierminister Kanadas, forderte bei seinem Besuch in Argentinien von Mauricio Macri mit klaren Worten eine Erkl\u00e4rung zur sich\" \/>\n<meta name=\"robots\" content=\"index, follow, max-snippet:-1, max-image-preview:large, max-video-preview:-1\" \/>\n<link rel=\"canonical\" href=\"https:\/\/www.pressenza.com\/de\/2016\/11\/trudeau-fordert-erklaerung-zu-milagro-sala-von-macri\/\" \/>\n<meta property=\"og:locale\" content=\"de_DE\" \/>\n<meta property=\"og:type\" content=\"article\" \/>\n<meta property=\"og:title\" content=\"Trudeau fordert Erkl\u00e4rung zu Milagro Sala von Macri\" \/>\n<meta property=\"og:description\" content=\"Justin Trudeau, der junge Premierminister Kanadas, forderte bei seinem Besuch in Argentinien von Mauricio Macri mit klaren Worten eine Erkl\u00e4rung zur sich\" \/>\n<meta property=\"og:url\" content=\"https:\/\/www.pressenza.com\/de\/2016\/11\/trudeau-fordert-erklaerung-zu-milagro-sala-von-macri\/\" \/>\n<meta property=\"og:site_name\" content=\"Pressenza\" \/>\n<meta property=\"article:publisher\" content=\"https:\/\/www.facebook.com\/PressenzaItalia\" \/>\n<meta property=\"article:author\" content=\"https:\/\/www.facebook.com\/PressenzaItalia\" \/>\n<meta property=\"article:published_time\" content=\"2016-11-19T11:50:15+00:00\" \/>\n<meta property=\"og:image\" content=\"https:\/\/www.pressenza.com\/wp-content\/uploads\/2016\/11\/trudeau.jpg\" \/>\n\t<meta property=\"og:image:width\" content=\"670\" \/>\n\t<meta property=\"og:image:height\" content=\"379\" \/>\n\t<meta property=\"og:image:type\" content=\"image\/jpeg\" \/>\n<meta name=\"author\" content=\"Redazione Italia\" \/>\n<meta name=\"twitter:card\" content=\"summary_large_image\" \/>\n<meta name=\"twitter:creator\" content=\"@pressenza_it\" \/>\n<meta name=\"twitter:site\" content=\"@PressenzaIPA\" \/>\n<meta name=\"twitter:label1\" content=\"Verfasst von\" \/>\n\t<meta name=\"twitter:data1\" content=\"Redazione Italia\" \/>\n\t<meta name=\"twitter:label2\" content=\"Gesch\u00e4tzte Lesezeit\" \/>\n\t<meta name=\"twitter:data2\" content=\"1\u00a0Minute\" \/>\n<script type=\"application\/ld+json\" class=\"yoast-schema-graph\">{\"@context\":\"https:\/\/schema.org\",\"@graph\":[{\"@type\":\"Article\",\"@id\":\"https:\/\/www.pressenza.com\/de\/2016\/11\/trudeau-fordert-erklaerung-zu-milagro-sala-von-macri\/#article\",\"isPartOf\":{\"@id\":\"https:\/\/www.pressenza.com\/de\/2016\/11\/trudeau-fordert-erklaerung-zu-milagro-sala-von-macri\/\"},\"author\":{\"name\":\"Redazione Italia\",\"@id\":\"https:\/\/www.pressenza.com\/de\/#\/schema\/person\/d983e81827ae24f2c7b1a2123d197f8d\"},\"headline\":\"Trudeau fordert Erkl\u00e4rung zu Milagro Sala von Macri\",\"datePublished\":\"2016-11-19T11:50:15+00:00\",\"mainEntityOfPage\":{\"@id\":\"https:\/\/www.pressenza.com\/de\/2016\/11\/trudeau-fordert-erklaerung-zu-milagro-sala-von-macri\/\"},\"wordCount\":264,\"publisher\":{\"@id\":\"https:\/\/www.pressenza.com\/de\/#organization\"},\"image\":{\"@id\":\"https:\/\/www.pressenza.com\/de\/2016\/11\/trudeau-fordert-erklaerung-zu-milagro-sala-von-macri\/#primaryimage\"},\"thumbnailUrl\":\"https:\/\/www.pressenza.com\/wp-content\/uploads\/2016\/11\/trudeau.jpg\",\"keywords\":[\"Amnesty International\",\"Gerardo Morales\",\"Justin Trudeau\",\"Kanada\",\"Mauricio Macri\",\"Menschenrechte\",\"Milagro Sala\",\"Tupac Amaru\",\"Vereinte Nationen\"],\"articleSection\":[\"Menschenrechte\",\"Originalinhalt\",\"S\u00fcdamerika\"],\"inLanguage\":\"de\"},{\"@type\":\"WebPage\",\"@id\":\"https:\/\/www.pressenza.com\/de\/2016\/11\/trudeau-fordert-erklaerung-zu-milagro-sala-von-macri\/\",\"url\":\"https:\/\/www.pressenza.com\/de\/2016\/11\/trudeau-fordert-erklaerung-zu-milagro-sala-von-macri\/\",\"name\":\"Trudeau fordert Erkl\u00e4rung zu Milagro Sala von Macri\",\"isPartOf\":{\"@id\":\"https:\/\/www.pressenza.com\/de\/#website\"},\"primaryImageOfPage\":{\"@id\":\"https:\/\/www.pressenza.com\/de\/2016\/11\/trudeau-fordert-erklaerung-zu-milagro-sala-von-macri\/#primaryimage\"},\"image\":{\"@id\":\"https:\/\/www.pressenza.com\/de\/2016\/11\/trudeau-fordert-erklaerung-zu-milagro-sala-von-macri\/#primaryimage\"},\"thumbnailUrl\":\"https:\/\/www.pressenza.com\/wp-content\/uploads\/2016\/11\/trudeau.jpg\",\"datePublished\":\"2016-11-19T11:50:15+00:00\",\"description\":\"Justin Trudeau, der junge Premierminister Kanadas, forderte bei seinem Besuch in Argentinien von Mauricio Macri mit klaren Worten eine Erkl\u00e4rung zur sich\",\"breadcrumb\":{\"@id\":\"https:\/\/www.pressenza.com\/de\/2016\/11\/trudeau-fordert-erklaerung-zu-milagro-sala-von-macri\/#breadcrumb\"},\"inLanguage\":\"de\",\"potentialAction\":[{\"@type\":\"ReadAction\",\"target\":[\"https:\/\/www.pressenza.com\/de\/2016\/11\/trudeau-fordert-erklaerung-zu-milagro-sala-von-macri\/\"]}]},{\"@type\":\"ImageObject\",\"inLanguage\":\"de\",\"@id\":\"https:\/\/www.pressenza.com\/de\/2016\/11\/trudeau-fordert-erklaerung-zu-milagro-sala-von-macri\/#primaryimage\",\"url\":\"https:\/\/www.pressenza.com\/wp-content\/uploads\/2016\/11\/trudeau.jpg\",\"contentUrl\":\"https:\/\/www.pressenza.com\/wp-content\/uploads\/2016\/11\/trudeau.jpg\",\"width\":670,\"height\":379},{\"@type\":\"BreadcrumbList\",\"@id\":\"https:\/\/www.pressenza.com\/de\/2016\/11\/trudeau-fordert-erklaerung-zu-milagro-sala-von-macri\/#breadcrumb\",\"itemListElement\":[{\"@type\":\"ListItem\",\"position\":1,\"name\":\"Accueil\",\"item\":\"https:\/\/www.pressenza.com\/de\/\"},{\"@type\":\"ListItem\",\"position\":2,\"name\":\"Trudeau fordert Erkl\u00e4rung zu Milagro Sala von Macri\"}]},{\"@type\":\"WebSite\",\"@id\":\"https:\/\/www.pressenza.com\/de\/#website\",\"url\":\"https:\/\/www.pressenza.com\/de\/\",\"name\":\"Pressenza\",\"description\":\"International Press Agency\",\"publisher\":{\"@id\":\"https:\/\/www.pressenza.com\/de\/#organization\"},\"potentialAction\":[{\"@type\":\"SearchAction\",\"target\":{\"@type\":\"EntryPoint\",\"urlTemplate\":\"https:\/\/www.pressenza.com\/de\/?s={search_term_string}\"},\"query-input\":{\"@type\":\"PropertyValueSpecification\",\"valueRequired\":true,\"valueName\":\"search_term_string\"}}],\"inLanguage\":\"de\"},{\"@type\":\"Organization\",\"@id\":\"https:\/\/www.pressenza.com\/de\/#organization\",\"name\":\"Pressenza\",\"url\":\"https:\/\/www.pressenza.com\/de\/\",\"logo\":{\"@type\":\"ImageObject\",\"inLanguage\":\"de\",\"@id\":\"https:\/\/www.pressenza.com\/de\/#\/schema\/logo\/image\/\",\"url\":\"https:\/\/www.pressenza.com\/wp-content\/uploads\/2022\/10\/pressenza_logo_200x200.jpg\",\"contentUrl\":\"https:\/\/www.pressenza.com\/wp-content\/uploads\/2022\/10\/pressenza_logo_200x200.jpg\",\"width\":200,\"height\":200,\"caption\":\"Pressenza\"},\"image\":{\"@id\":\"https:\/\/www.pressenza.com\/de\/#\/schema\/logo\/image\/\"},\"sameAs\":[\"https:\/\/www.facebook.com\/PressenzaItalia\",\"https:\/\/x.com\/PressenzaIPA\"]},{\"@type\":\"Person\",\"@id\":\"https:\/\/www.pressenza.com\/de\/#\/schema\/person\/d983e81827ae24f2c7b1a2123d197f8d\",\"name\":\"Redazione Italia\",\"description\":\"News from the Pressenza Bureau in Italy\",\"sameAs\":[\"https:\/\/www.pressenza.com\/it\/author\/redazione-italia\/\",\"https:\/\/www.facebook.com\/PressenzaItalia\",\"https:\/\/www.instagram.com\/pressenza_italia\/\",\"https:\/\/x.com\/pressenza_it\",\"https:\/\/www.youtube.com\/channel\/UCSalEIWjE1RSxkwjfftFuqg\"],\"url\":\"https:\/\/www.pressenza.com\/de\/author\/redazione-italia\/\"}]}<\/script>\n<!-- \/ Yoast SEO plugin. -->","yoast_head_json":{"title":"Trudeau fordert Erkl\u00e4rung zu Milagro Sala von Macri","description":"Justin Trudeau, der junge Premierminister Kanadas, forderte bei seinem Besuch in Argentinien von Mauricio Macri mit klaren Worten eine Erkl\u00e4rung zur sich","robots":{"index":"index","follow":"follow","max-snippet":"max-snippet:-1","max-image-preview":"max-image-preview:large","max-video-preview":"max-video-preview:-1"},"canonical":"https:\/\/www.pressenza.com\/de\/2016\/11\/trudeau-fordert-erklaerung-zu-milagro-sala-von-macri\/","og_locale":"de_DE","og_type":"article","og_title":"Trudeau fordert Erkl\u00e4rung zu Milagro Sala von Macri","og_description":"Justin Trudeau, der junge Premierminister Kanadas, forderte bei seinem Besuch in Argentinien von Mauricio Macri mit klaren Worten eine Erkl\u00e4rung zur sich","og_url":"https:\/\/www.pressenza.com\/de\/2016\/11\/trudeau-fordert-erklaerung-zu-milagro-sala-von-macri\/","og_site_name":"Pressenza","article_publisher":"https:\/\/www.facebook.com\/PressenzaItalia","article_author":"https:\/\/www.facebook.com\/PressenzaItalia","article_published_time":"2016-11-19T11:50:15+00:00","og_image":[{"width":670,"height":379,"url":"https:\/\/www.pressenza.com\/wp-content\/uploads\/2016\/11\/trudeau.jpg","type":"image\/jpeg"}],"author":"Redazione Italia","twitter_card":"summary_large_image","twitter_creator":"@pressenza_it","twitter_site":"@PressenzaIPA","twitter_misc":{"Verfasst von":"Redazione Italia","Gesch\u00e4tzte Lesezeit":"1\u00a0Minute"},"schema":{"@context":"https:\/\/schema.org","@graph":[{"@type":"Article","@id":"https:\/\/www.pressenza.com\/de\/2016\/11\/trudeau-fordert-erklaerung-zu-milagro-sala-von-macri\/#article","isPartOf":{"@id":"https:\/\/www.pressenza.com\/de\/2016\/11\/trudeau-fordert-erklaerung-zu-milagro-sala-von-macri\/"},"author":{"name":"Redazione Italia","@id":"https:\/\/www.pressenza.com\/de\/#\/schema\/person\/d983e81827ae24f2c7b1a2123d197f8d"},"headline":"Trudeau fordert Erkl\u00e4rung zu Milagro Sala von Macri","datePublished":"2016-11-19T11:50:15+00:00","mainEntityOfPage":{"@id":"https:\/\/www.pressenza.com\/de\/2016\/11\/trudeau-fordert-erklaerung-zu-milagro-sala-von-macri\/"},"wordCount":264,"publisher":{"@id":"https:\/\/www.pressenza.com\/de\/#organization"},"image":{"@id":"https:\/\/www.pressenza.com\/de\/2016\/11\/trudeau-fordert-erklaerung-zu-milagro-sala-von-macri\/#primaryimage"},"thumbnailUrl":"https:\/\/www.pressenza.com\/wp-content\/uploads\/2016\/11\/trudeau.jpg","keywords":["Amnesty International","Gerardo Morales","Justin Trudeau","Kanada","Mauricio Macri","Menschenrechte","Milagro Sala","Tupac Amaru","Vereinte Nationen"],"articleSection":["Menschenrechte","Originalinhalt","S\u00fcdamerika"],"inLanguage":"de"},{"@type":"WebPage","@id":"https:\/\/www.pressenza.com\/de\/2016\/11\/trudeau-fordert-erklaerung-zu-milagro-sala-von-macri\/","url":"https:\/\/www.pressenza.com\/de\/2016\/11\/trudeau-fordert-erklaerung-zu-milagro-sala-von-macri\/","name":"Trudeau fordert Erkl\u00e4rung zu Milagro Sala von Macri","isPartOf":{"@id":"https:\/\/www.pressenza.com\/de\/#website"},"primaryImageOfPage":{"@id":"https:\/\/www.pressenza.com\/de\/2016\/11\/trudeau-fordert-erklaerung-zu-milagro-sala-von-macri\/#primaryimage"},"image":{"@id":"https:\/\/www.pressenza.com\/de\/2016\/11\/trudeau-fordert-erklaerung-zu-milagro-sala-von-macri\/#primaryimage"},"thumbnailUrl":"https:\/\/www.pressenza.com\/wp-content\/uploads\/2016\/11\/trudeau.jpg","datePublished":"2016-11-19T11:50:15+00:00","description":"Justin Trudeau, der junge Premierminister Kanadas, forderte bei seinem Besuch in Argentinien von Mauricio Macri mit klaren Worten eine Erkl\u00e4rung zur sich","breadcrumb":{"@id":"https:\/\/www.pressenza.com\/de\/2016\/11\/trudeau-fordert-erklaerung-zu-milagro-sala-von-macri\/#breadcrumb"},"inLanguage":"de","potentialAction":[{"@type":"ReadAction","target":["https:\/\/www.pressenza.com\/de\/2016\/11\/trudeau-fordert-erklaerung-zu-milagro-sala-von-macri\/"]}]},{"@type":"ImageObject","inLanguage":"de","@id":"https:\/\/www.pressenza.com\/de\/2016\/11\/trudeau-fordert-erklaerung-zu-milagro-sala-von-macri\/#primaryimage","url":"https:\/\/www.pressenza.com\/wp-content\/uploads\/2016\/11\/trudeau.jpg","contentUrl":"https:\/\/www.pressenza.com\/wp-content\/uploads\/2016\/11\/trudeau.jpg","width":670,"height":379},{"@type":"BreadcrumbList","@id":"https:\/\/www.pressenza.com\/de\/2016\/11\/trudeau-fordert-erklaerung-zu-milagro-sala-von-macri\/#breadcrumb","itemListElement":[{"@type":"ListItem","position":1,"name":"Accueil","item":"https:\/\/www.pressenza.com\/de\/"},{"@type":"ListItem","position":2,"name":"Trudeau fordert Erkl\u00e4rung zu Milagro Sala von Macri"}]},{"@type":"WebSite","@id":"https:\/\/www.pressenza.com\/de\/#website","url":"https:\/\/www.pressenza.com\/de\/","name":"Pressenza","description":"International Press Agency","publisher":{"@id":"https:\/\/www.pressenza.com\/de\/#organization"},"potentialAction":[{"@type":"SearchAction","target":{"@type":"EntryPoint","urlTemplate":"https:\/\/www.pressenza.com\/de\/?s={search_term_string}"},"query-input":{"@type":"PropertyValueSpecification","valueRequired":true,"valueName":"search_term_string"}}],"inLanguage":"de"},{"@type":"Organization","@id":"https:\/\/www.pressenza.com\/de\/#organization","name":"Pressenza","url":"https:\/\/www.pressenza.com\/de\/","logo":{"@type":"ImageObject","inLanguage":"de","@id":"https:\/\/www.pressenza.com\/de\/#\/schema\/logo\/image\/","url":"https:\/\/www.pressenza.com\/wp-content\/uploads\/2022\/10\/pressenza_logo_200x200.jpg","contentUrl":"https:\/\/www.pressenza.com\/wp-content\/uploads\/2022\/10\/pressenza_logo_200x200.jpg","width":200,"height":200,"caption":"Pressenza"},"image":{"@id":"https:\/\/www.pressenza.com\/de\/#\/schema\/logo\/image\/"},"sameAs":["https:\/\/www.facebook.com\/PressenzaItalia","https:\/\/x.com\/PressenzaIPA"]},{"@type":"Person","@id":"https:\/\/www.pressenza.com\/de\/#\/schema\/person\/d983e81827ae24f2c7b1a2123d197f8d","name":"Redazione Italia","description":"News from the Pressenza Bureau in Italy","sameAs":["https:\/\/www.pressenza.com\/it\/author\/redazione-italia\/","https:\/\/www.facebook.com\/PressenzaItalia","https:\/\/www.instagram.com\/pressenza_italia\/","https:\/\/x.com\/pressenza_it","https:\/\/www.youtube.com\/channel\/UCSalEIWjE1RSxkwjfftFuqg"],"url":"https:\/\/www.pressenza.com\/de\/author\/redazione-italia\/"}]}},"place":"","original_article_url":"","_links":{"self":[{"href":"https:\/\/www.pressenza.com\/de\/wp-json\/wp\/v2\/posts\/399425","targetHints":{"allow":["GET"]}}],"collection":[{"href":"https:\/\/www.pressenza.com\/de\/wp-json\/wp\/v2\/posts"}],"about":[{"href":"https:\/\/www.pressenza.com\/de\/wp-json\/wp\/v2\/types\/post"}],"author":[{"embeddable":true,"href":"https:\/\/www.pressenza.com\/de\/wp-json\/wp\/v2\/users\/594"}],"replies":[{"embeddable":true,"href":"https:\/\/www.pressenza.com\/de\/wp-json\/wp\/v2\/comments?post=399425"}],"version-history":[{"count":0,"href":"https:\/\/www.pressenza.com\/de\/wp-json\/wp\/v2\/posts\/399425\/revisions"}],"wp:featuredmedia":[{"embeddable":true,"href":"https:\/\/www.pressenza.com\/de\/wp-json\/wp\/v2\/media\/399149"}],"wp:attachment":[{"href":"https:\/\/www.pressenza.com\/de\/wp-json\/wp\/v2\/media?parent=399425"}],"wp:term":[{"taxonomy":"category","embeddable":true,"href":"https:\/\/www.pressenza.com\/de\/wp-json\/wp\/v2\/categories?post=399425"},{"taxonomy":"post_tag","embeddable":true,"href":"https:\/\/www.pressenza.com\/de\/wp-json\/wp\/v2\/tags?post=399425"}],"curies":[{"name":"wp","href":"https:\/\/api.w.org\/{rel}","templated":true}]}}