{"id":395690,"date":"2016-11-12T20:27:03","date_gmt":"2016-11-12T20:27:03","guid":{"rendered":"http:\/\/www.pressenza.com\/de\/?p=395690"},"modified":"2025-04-25T15:12:38","modified_gmt":"2025-04-25T14:12:38","slug":"warum-wir-diese-presseagentur-betreiben","status":"publish","type":"post","link":"https:\/\/www.pressenza.com\/de\/2016\/11\/warum-wir-diese-presseagentur-betreiben\/","title":{"rendered":"Warum wir diese Presseagentur betreiben"},"content":{"rendered":"<p>Es gibt Momente verschiedenster Art (bei \u00f6ffentlichen Treffen, in Momenten der Uneinigkeit, wegen impertinenten Lesern usw.), in denen wir uns fragen, warum wir diese internationale Presseagentur betreiben.<\/p>\n<p>Warum machen wir Pressenza. Tja, das ist nicht schwer, es steht unter diesem Link geschrieben, es reicht, <a href=\"http:\/\/www.pressenza.com\/de\/uber-uns\/\" target=\"_blank\" rel=\"noopener\">http:\/\/www.pressenza.com\/de\/uber-uns\/<\/a> einzugeben, dort findet man die Antwort, sogar in sieben Sprachen.<\/p>\n<p>Pressenza ist eine internationale Presseagentur zu den Themen Frieden, Gewaltfreiheit, Menschenrechte, Nichtdiskriminierung, Humanismus und \u00c4hnliches. Es ist eine Agentur, die ausschlie\u00dflich von Ehrenamtlichen betrieben wird, sie finanziert sich selber und hat es sich zur Aufgabe gemacht, unabh\u00e4ngige Nachrichten auf direktem Wege oder durch ein Netz von Medien zu liefern, die &#8211; ob gro\u00df oder klein &#8211; Partner in diesem gigantischen Unterfangen sind: die Welt aus einem anderen Blickwinkel heraus zu erz\u00e4hlen.<\/p>\n<p>Diese Antwort ist zwar soweit zufriedenstellend, aber ich bin auf der Suche nach noch etwas Tieferem.<\/p>\n<p>Warum eine Agentur zu Frieden, Gewaltfreiheit, Menschenrechte, Nichtdiskriminierung und Spiritualit\u00e4t in dieser so unbegreiflichen Welt voller Gewalt, Materialismus und Unsensibilit\u00e4t?<\/p>\n<p>Was ist dieses Unterfangen naiver Idealisten, wenn doch alle korrumpierbar sind, alle einen Preis haben, alle sich der schlimmsten Missetaten schuldig machen, vielleicht sogar versteckt unter dem Deckmantel der guten Absichten?<\/p>\n<p>Warum sich also engagieren und f\u00fcr wen, wenn es keiner wert ist, wenn alle gleich sind?<\/p>\n<p>An diesem Punkt angelangt, den ich gut kenne, macht nichts mehr Sinn. \u201eIch befand mich in einem finsteren Wald, die ebene Stra\u00dfe war verschwunden&#8230;\u201c<\/p>\n<p>Und es ist genau von hier aus, dass ich die tieferliegende Antwort auf diese Frage finden kann.<\/p>\n<p>Und die Antwort lautet heute: \u201eJa, darum!!\u201c<\/p>\n<p>Weil ich es bin, der &#8211; in einem freien Akt \u2013 die absolute Rebellion gegen das augenscheinliche Schicksal bekr\u00e4ftigen kann und sagen kann: \u201eEs gibt noch eine Zukunft und sie h\u00e4ngt davon ab, wie ich handeln werde!!\u201c.<\/p>\n<p>Es gibt eine innere Kraft, die jedem menschlichen Wesen innewohnt und die ihn in Richtung Zukunft f\u00fchrt: in eine Zukunft, die gewollt ist, eine Zukunft, wie er oder sie sich sie vorstellt, eine Zukunft, die des menschlichen Wesens w\u00fcrdig ist.<\/p>\n<p>Ich glaube nicht an die unheilvolle Prophezeiung der Selbstzerst\u00f6rung, ich glaube nicht an die Katastrophe: jenseits all der Fehler, die der Mensch begangen hat, bin ich sicher, dass es die Menschheit schaffen wird, diesen gro\u00dfen Moment der Krise zu \u00fcberwinden, einer Krise, die wie alle Krisen eine des Wachstums ist.<\/p>\n<p>Und es ist die Zukunft, die meine Aktionen leitet.<\/p>\n<p>Von diesem Gedanken ausgehend, meine ich, dass Pressenza eine Aktivit\u00e4t ist, die sehr gut meiner Notwendigkeit entspricht, in dieser Welt zu agieren, die vielen Mosaiksteinchen der Neuen Welt, die bereits existieren, sichtbar zu machen, einen Ort zu haben, an dem Menschen nachdenken und Meinungen austauschen k\u00f6nnen, an dem viele verschiedene Standpunkte miteinander in Dialog treten k\u00f6nnen, eine Chronik der kritischen Stimmen und der Demaskierung dieses gewaltsamen Systems, ein Umfeld des Experimentierens von wahrhaftiger Arbeit im Team, umfassend, partizipatorisch und liebevoll.<\/p>\n<p>In diesen wenigen Jahren des Bestehens von Pressenza war und ist sie eine im Wachstum begriffene Realit\u00e4t, ein kleines Licht, dass die Zeiten ank\u00fcndigt, die noch folgen werden. Ein notwendiges Licht, aufm\u00fcpfig, fr\u00f6hlich, ein David angesichts eines riesigen Goliath. Dank an alle, die sie erbaut haben und somit einmal mehr bewiesen haben, dass niemand eine Hypothek auf die Zukunft hat, noch sie kaufen kann.<\/p>\n<p><em>\u00dcbersetzung aus dem Italienischen von Evelyn Rottengatter<\/em><\/p>\n","protected":false},"excerpt":{"rendered":"<p>Es gibt Momente verschiedenster Art (bei \u00f6ffentlichen Treffen, in Momenten der Uneinigkeit, wegen impertinenten Lesern usw.), in denen wir uns fragen, warum wir diese internationale Presseagentur betreiben. Warum machen wir Pressenza. Tja, das ist nicht schwer, es steht unter diesem&hellip;<\/p>\n","protected":false},"author":10,"featured_media":355953,"comment_status":"closed","ping_status":"closed","sticky":false,"template":"","format":"standard","meta":{"footnotes":""},"categories":[9162,9143,11387],"tags":[9425,9962,16322,27079,32517,9181,32518,32519],"class_list":["post-395690","post","type-post","status-publish","format-standard","has-post-thumbnail","hentry","category-humanismus-und-spiritualitaet","category-meinungen","category-originalinhalt","tag-humanismus","tag-humanistische-bewegung","tag-journalismus","tag-mensch","tag-presseagentur","tag-pressenza-de","tag-warum","tag-zukunft"],"yoast_head":"<!-- This site is optimized with the Yoast SEO plugin v27.1.1 - https:\/\/yoast.com\/product\/yoast-seo-wordpress\/ -->\n<title>Warum wir diese Presseagentur betreiben<\/title>\n<meta name=\"description\" content=\"Es gibt Momente verschiedenster Art (bei \u00f6ffentlichen Treffen, in Momenten der Uneinigkeit, wegen impertinenten Lesern usw.), in denen wir uns fragen,\" \/>\n<meta name=\"robots\" content=\"index, follow, max-snippet:-1, max-image-preview:large, max-video-preview:-1\" \/>\n<link rel=\"canonical\" href=\"https:\/\/www.pressenza.com\/de\/2016\/11\/warum-wir-diese-presseagentur-betreiben\/\" \/>\n<meta property=\"og:locale\" content=\"de_DE\" \/>\n<meta property=\"og:type\" content=\"article\" \/>\n<meta property=\"og:title\" content=\"Warum wir diese Presseagentur betreiben\" \/>\n<meta property=\"og:description\" content=\"Es gibt Momente verschiedenster Art (bei \u00f6ffentlichen Treffen, in Momenten der Uneinigkeit, wegen impertinenten Lesern usw.), in denen wir uns fragen,\" \/>\n<meta property=\"og:url\" content=\"https:\/\/www.pressenza.com\/de\/2016\/11\/warum-wir-diese-presseagentur-betreiben\/\" \/>\n<meta property=\"og:site_name\" content=\"Pressenza\" \/>\n<meta property=\"article:publisher\" content=\"https:\/\/www.facebook.com\/PressenzaItalia\" \/>\n<meta property=\"article:published_time\" content=\"2016-11-12T20:27:03+00:00\" \/>\n<meta property=\"article:modified_time\" content=\"2025-04-25T14:12:38+00:00\" \/>\n<meta property=\"og:image\" content=\"https:\/\/www.pressenza.com\/wp-content\/uploads\/2016\/08\/Pressenza-en-Quito19.jpg\" \/>\n\t<meta property=\"og:image:width\" content=\"4288\" \/>\n\t<meta property=\"og:image:height\" content=\"2848\" \/>\n\t<meta property=\"og:image:type\" content=\"image\/jpeg\" \/>\n<meta name=\"author\" content=\"Olivier Turquet\" \/>\n<meta name=\"twitter:card\" content=\"summary_large_image\" \/>\n<meta name=\"twitter:creator\" content=\"@PressenzaIPA\" \/>\n<meta name=\"twitter:site\" content=\"@PressenzaIPA\" \/>\n<meta name=\"twitter:label1\" content=\"Verfasst von\" \/>\n\t<meta name=\"twitter:data1\" content=\"Olivier Turquet\" \/>\n\t<meta name=\"twitter:label2\" content=\"Gesch\u00e4tzte Lesezeit\" \/>\n\t<meta name=\"twitter:data2\" content=\"3\u00a0Minuten\" \/>\n<script type=\"application\/ld+json\" class=\"yoast-schema-graph\">{\"@context\":\"https:\/\/schema.org\",\"@graph\":[{\"@type\":\"Article\",\"@id\":\"https:\/\/www.pressenza.com\/de\/2016\/11\/warum-wir-diese-presseagentur-betreiben\/#article\",\"isPartOf\":{\"@id\":\"https:\/\/www.pressenza.com\/de\/2016\/11\/warum-wir-diese-presseagentur-betreiben\/\"},\"author\":{\"name\":\"Olivier Turquet\",\"@id\":\"https:\/\/www.pressenza.com\/de\/#\/schema\/person\/636f8feb51f63f34e7378d5fcdd1de53\"},\"headline\":\"Warum wir diese Presseagentur betreiben\",\"datePublished\":\"2016-11-12T20:27:03+00:00\",\"dateModified\":\"2025-04-25T14:12:38+00:00\",\"mainEntityOfPage\":{\"@id\":\"https:\/\/www.pressenza.com\/de\/2016\/11\/warum-wir-diese-presseagentur-betreiben\/\"},\"wordCount\":573,\"publisher\":{\"@id\":\"https:\/\/www.pressenza.com\/de\/#organization\"},\"image\":{\"@id\":\"https:\/\/www.pressenza.com\/de\/2016\/11\/warum-wir-diese-presseagentur-betreiben\/#primaryimage\"},\"thumbnailUrl\":\"https:\/\/www.pressenza.com\/wp-content\/uploads\/2016\/08\/Pressenza-en-Quito19.jpg\",\"keywords\":[\"Humanismus\",\"Humanistische Bewegung\",\"Journalismus\",\"mensch\",\"Presseagentur\",\"Pressenza\",\"Warum\",\"Zukunft\"],\"articleSection\":[\"Humanismus und Spiritualit\u00e4t\",\"Meinungen\",\"Originalinhalt\"],\"inLanguage\":\"de\"},{\"@type\":\"WebPage\",\"@id\":\"https:\/\/www.pressenza.com\/de\/2016\/11\/warum-wir-diese-presseagentur-betreiben\/\",\"url\":\"https:\/\/www.pressenza.com\/de\/2016\/11\/warum-wir-diese-presseagentur-betreiben\/\",\"name\":\"Warum wir diese Presseagentur betreiben\",\"isPartOf\":{\"@id\":\"https:\/\/www.pressenza.com\/de\/#website\"},\"primaryImageOfPage\":{\"@id\":\"https:\/\/www.pressenza.com\/de\/2016\/11\/warum-wir-diese-presseagentur-betreiben\/#primaryimage\"},\"image\":{\"@id\":\"https:\/\/www.pressenza.com\/de\/2016\/11\/warum-wir-diese-presseagentur-betreiben\/#primaryimage\"},\"thumbnailUrl\":\"https:\/\/www.pressenza.com\/wp-content\/uploads\/2016\/08\/Pressenza-en-Quito19.jpg\",\"datePublished\":\"2016-11-12T20:27:03+00:00\",\"dateModified\":\"2025-04-25T14:12:38+00:00\",\"description\":\"Es gibt Momente verschiedenster Art (bei \u00f6ffentlichen Treffen, in Momenten der Uneinigkeit, wegen impertinenten Lesern usw.), in denen wir uns fragen,\",\"breadcrumb\":{\"@id\":\"https:\/\/www.pressenza.com\/de\/2016\/11\/warum-wir-diese-presseagentur-betreiben\/#breadcrumb\"},\"inLanguage\":\"de\",\"potentialAction\":[{\"@type\":\"ReadAction\",\"target\":[\"https:\/\/www.pressenza.com\/de\/2016\/11\/warum-wir-diese-presseagentur-betreiben\/\"]}]},{\"@type\":\"ImageObject\",\"inLanguage\":\"de\",\"@id\":\"https:\/\/www.pressenza.com\/de\/2016\/11\/warum-wir-diese-presseagentur-betreiben\/#primaryimage\",\"url\":\"https:\/\/www.pressenza.com\/wp-content\/uploads\/2016\/08\/Pressenza-en-Quito19.jpg\",\"contentUrl\":\"https:\/\/www.pressenza.com\/wp-content\/uploads\/2016\/08\/Pressenza-en-Quito19.jpg\",\"width\":4288,\"height\":2848},{\"@type\":\"BreadcrumbList\",\"@id\":\"https:\/\/www.pressenza.com\/de\/2016\/11\/warum-wir-diese-presseagentur-betreiben\/#breadcrumb\",\"itemListElement\":[{\"@type\":\"ListItem\",\"position\":1,\"name\":\"Accueil\",\"item\":\"https:\/\/www.pressenza.com\/de\/\"},{\"@type\":\"ListItem\",\"position\":2,\"name\":\"Warum wir diese Presseagentur betreiben\"}]},{\"@type\":\"WebSite\",\"@id\":\"https:\/\/www.pressenza.com\/de\/#website\",\"url\":\"https:\/\/www.pressenza.com\/de\/\",\"name\":\"Pressenza\",\"description\":\"International Press Agency\",\"publisher\":{\"@id\":\"https:\/\/www.pressenza.com\/de\/#organization\"},\"potentialAction\":[{\"@type\":\"SearchAction\",\"target\":{\"@type\":\"EntryPoint\",\"urlTemplate\":\"https:\/\/www.pressenza.com\/de\/?s={search_term_string}\"},\"query-input\":{\"@type\":\"PropertyValueSpecification\",\"valueRequired\":true,\"valueName\":\"search_term_string\"}}],\"inLanguage\":\"de\"},{\"@type\":\"Organization\",\"@id\":\"https:\/\/www.pressenza.com\/de\/#organization\",\"name\":\"Pressenza\",\"url\":\"https:\/\/www.pressenza.com\/de\/\",\"logo\":{\"@type\":\"ImageObject\",\"inLanguage\":\"de\",\"@id\":\"https:\/\/www.pressenza.com\/de\/#\/schema\/logo\/image\/\",\"url\":\"https:\/\/www.pressenza.com\/wp-content\/uploads\/2022\/10\/pressenza_logo_200x200.jpg\",\"contentUrl\":\"https:\/\/www.pressenza.com\/wp-content\/uploads\/2022\/10\/pressenza_logo_200x200.jpg\",\"width\":200,\"height\":200,\"caption\":\"Pressenza\"},\"image\":{\"@id\":\"https:\/\/www.pressenza.com\/de\/#\/schema\/logo\/image\/\"},\"sameAs\":[\"https:\/\/www.facebook.com\/PressenzaItalia\",\"https:\/\/x.com\/PressenzaIPA\"]},{\"@type\":\"Person\",\"@id\":\"https:\/\/www.pressenza.com\/de\/#\/schema\/person\/636f8feb51f63f34e7378d5fcdd1de53\",\"name\":\"Olivier Turquet\",\"description\":\"Takes care of writing to tell the reality for about 40 years. He has worked with paper publications, radio and electronic He founded the electronic news agency humanist Good News. He was press secretary to various events such as: the International Humanist, Florence Play, the World March for Peace and Nonviolence. Currently coordinates the Italian team of Pressenza. olivierturquet.wordpress.com\",\"sameAs\":[\"http:\/\/olivierturquet.wordpress.com\"],\"url\":\"https:\/\/www.pressenza.com\/de\/author\/olivier-turquet\/\"}]}<\/script>\n<!-- \/ Yoast SEO plugin. -->","yoast_head_json":{"title":"Warum wir diese Presseagentur betreiben","description":"Es gibt Momente verschiedenster Art (bei \u00f6ffentlichen Treffen, in Momenten der Uneinigkeit, wegen impertinenten Lesern usw.), in denen wir uns fragen,","robots":{"index":"index","follow":"follow","max-snippet":"max-snippet:-1","max-image-preview":"max-image-preview:large","max-video-preview":"max-video-preview:-1"},"canonical":"https:\/\/www.pressenza.com\/de\/2016\/11\/warum-wir-diese-presseagentur-betreiben\/","og_locale":"de_DE","og_type":"article","og_title":"Warum wir diese Presseagentur betreiben","og_description":"Es gibt Momente verschiedenster Art (bei \u00f6ffentlichen Treffen, in Momenten der Uneinigkeit, wegen impertinenten Lesern usw.), in denen wir uns fragen,","og_url":"https:\/\/www.pressenza.com\/de\/2016\/11\/warum-wir-diese-presseagentur-betreiben\/","og_site_name":"Pressenza","article_publisher":"https:\/\/www.facebook.com\/PressenzaItalia","article_published_time":"2016-11-12T20:27:03+00:00","article_modified_time":"2025-04-25T14:12:38+00:00","og_image":[{"width":4288,"height":2848,"url":"https:\/\/www.pressenza.com\/wp-content\/uploads\/2016\/08\/Pressenza-en-Quito19.jpg","type":"image\/jpeg"}],"author":"Olivier Turquet","twitter_card":"summary_large_image","twitter_creator":"@PressenzaIPA","twitter_site":"@PressenzaIPA","twitter_misc":{"Verfasst von":"Olivier Turquet","Gesch\u00e4tzte Lesezeit":"3\u00a0Minuten"},"schema":{"@context":"https:\/\/schema.org","@graph":[{"@type":"Article","@id":"https:\/\/www.pressenza.com\/de\/2016\/11\/warum-wir-diese-presseagentur-betreiben\/#article","isPartOf":{"@id":"https:\/\/www.pressenza.com\/de\/2016\/11\/warum-wir-diese-presseagentur-betreiben\/"},"author":{"name":"Olivier Turquet","@id":"https:\/\/www.pressenza.com\/de\/#\/schema\/person\/636f8feb51f63f34e7378d5fcdd1de53"},"headline":"Warum wir diese Presseagentur betreiben","datePublished":"2016-11-12T20:27:03+00:00","dateModified":"2025-04-25T14:12:38+00:00","mainEntityOfPage":{"@id":"https:\/\/www.pressenza.com\/de\/2016\/11\/warum-wir-diese-presseagentur-betreiben\/"},"wordCount":573,"publisher":{"@id":"https:\/\/www.pressenza.com\/de\/#organization"},"image":{"@id":"https:\/\/www.pressenza.com\/de\/2016\/11\/warum-wir-diese-presseagentur-betreiben\/#primaryimage"},"thumbnailUrl":"https:\/\/www.pressenza.com\/wp-content\/uploads\/2016\/08\/Pressenza-en-Quito19.jpg","keywords":["Humanismus","Humanistische Bewegung","Journalismus","mensch","Presseagentur","Pressenza","Warum","Zukunft"],"articleSection":["Humanismus und Spiritualit\u00e4t","Meinungen","Originalinhalt"],"inLanguage":"de"},{"@type":"WebPage","@id":"https:\/\/www.pressenza.com\/de\/2016\/11\/warum-wir-diese-presseagentur-betreiben\/","url":"https:\/\/www.pressenza.com\/de\/2016\/11\/warum-wir-diese-presseagentur-betreiben\/","name":"Warum wir diese Presseagentur betreiben","isPartOf":{"@id":"https:\/\/www.pressenza.com\/de\/#website"},"primaryImageOfPage":{"@id":"https:\/\/www.pressenza.com\/de\/2016\/11\/warum-wir-diese-presseagentur-betreiben\/#primaryimage"},"image":{"@id":"https:\/\/www.pressenza.com\/de\/2016\/11\/warum-wir-diese-presseagentur-betreiben\/#primaryimage"},"thumbnailUrl":"https:\/\/www.pressenza.com\/wp-content\/uploads\/2016\/08\/Pressenza-en-Quito19.jpg","datePublished":"2016-11-12T20:27:03+00:00","dateModified":"2025-04-25T14:12:38+00:00","description":"Es gibt Momente verschiedenster Art (bei \u00f6ffentlichen Treffen, in Momenten der Uneinigkeit, wegen impertinenten Lesern usw.), in denen wir uns fragen,","breadcrumb":{"@id":"https:\/\/www.pressenza.com\/de\/2016\/11\/warum-wir-diese-presseagentur-betreiben\/#breadcrumb"},"inLanguage":"de","potentialAction":[{"@type":"ReadAction","target":["https:\/\/www.pressenza.com\/de\/2016\/11\/warum-wir-diese-presseagentur-betreiben\/"]}]},{"@type":"ImageObject","inLanguage":"de","@id":"https:\/\/www.pressenza.com\/de\/2016\/11\/warum-wir-diese-presseagentur-betreiben\/#primaryimage","url":"https:\/\/www.pressenza.com\/wp-content\/uploads\/2016\/08\/Pressenza-en-Quito19.jpg","contentUrl":"https:\/\/www.pressenza.com\/wp-content\/uploads\/2016\/08\/Pressenza-en-Quito19.jpg","width":4288,"height":2848},{"@type":"BreadcrumbList","@id":"https:\/\/www.pressenza.com\/de\/2016\/11\/warum-wir-diese-presseagentur-betreiben\/#breadcrumb","itemListElement":[{"@type":"ListItem","position":1,"name":"Accueil","item":"https:\/\/www.pressenza.com\/de\/"},{"@type":"ListItem","position":2,"name":"Warum wir diese Presseagentur betreiben"}]},{"@type":"WebSite","@id":"https:\/\/www.pressenza.com\/de\/#website","url":"https:\/\/www.pressenza.com\/de\/","name":"Pressenza","description":"International Press Agency","publisher":{"@id":"https:\/\/www.pressenza.com\/de\/#organization"},"potentialAction":[{"@type":"SearchAction","target":{"@type":"EntryPoint","urlTemplate":"https:\/\/www.pressenza.com\/de\/?s={search_term_string}"},"query-input":{"@type":"PropertyValueSpecification","valueRequired":true,"valueName":"search_term_string"}}],"inLanguage":"de"},{"@type":"Organization","@id":"https:\/\/www.pressenza.com\/de\/#organization","name":"Pressenza","url":"https:\/\/www.pressenza.com\/de\/","logo":{"@type":"ImageObject","inLanguage":"de","@id":"https:\/\/www.pressenza.com\/de\/#\/schema\/logo\/image\/","url":"https:\/\/www.pressenza.com\/wp-content\/uploads\/2022\/10\/pressenza_logo_200x200.jpg","contentUrl":"https:\/\/www.pressenza.com\/wp-content\/uploads\/2022\/10\/pressenza_logo_200x200.jpg","width":200,"height":200,"caption":"Pressenza"},"image":{"@id":"https:\/\/www.pressenza.com\/de\/#\/schema\/logo\/image\/"},"sameAs":["https:\/\/www.facebook.com\/PressenzaItalia","https:\/\/x.com\/PressenzaIPA"]},{"@type":"Person","@id":"https:\/\/www.pressenza.com\/de\/#\/schema\/person\/636f8feb51f63f34e7378d5fcdd1de53","name":"Olivier Turquet","description":"Takes care of writing to tell the reality for about 40 years. He has worked with paper publications, radio and electronic He founded the electronic news agency humanist Good News. He was press secretary to various events such as: the International Humanist, Florence Play, the World March for Peace and Nonviolence. Currently coordinates the Italian team of Pressenza. olivierturquet.wordpress.com","sameAs":["http:\/\/olivierturquet.wordpress.com"],"url":"https:\/\/www.pressenza.com\/de\/author\/olivier-turquet\/"}]}},"place":"","original_article_url":"","_links":{"self":[{"href":"https:\/\/www.pressenza.com\/de\/wp-json\/wp\/v2\/posts\/395690","targetHints":{"allow":["GET"]}}],"collection":[{"href":"https:\/\/www.pressenza.com\/de\/wp-json\/wp\/v2\/posts"}],"about":[{"href":"https:\/\/www.pressenza.com\/de\/wp-json\/wp\/v2\/types\/post"}],"author":[{"embeddable":true,"href":"https:\/\/www.pressenza.com\/de\/wp-json\/wp\/v2\/users\/10"}],"replies":[{"embeddable":true,"href":"https:\/\/www.pressenza.com\/de\/wp-json\/wp\/v2\/comments?post=395690"}],"version-history":[{"count":0,"href":"https:\/\/www.pressenza.com\/de\/wp-json\/wp\/v2\/posts\/395690\/revisions"}],"wp:featuredmedia":[{"embeddable":true,"href":"https:\/\/www.pressenza.com\/de\/wp-json\/wp\/v2\/media\/355953"}],"wp:attachment":[{"href":"https:\/\/www.pressenza.com\/de\/wp-json\/wp\/v2\/media?parent=395690"}],"wp:term":[{"taxonomy":"category","embeddable":true,"href":"https:\/\/www.pressenza.com\/de\/wp-json\/wp\/v2\/categories?post=395690"},{"taxonomy":"post_tag","embeddable":true,"href":"https:\/\/www.pressenza.com\/de\/wp-json\/wp\/v2\/tags?post=395690"}],"curies":[{"name":"wp","href":"https:\/\/api.w.org\/{rel}","templated":true}]}}