{"id":395326,"date":"2016-11-11T17:10:07","date_gmt":"2016-11-11T17:10:07","guid":{"rendered":"http:\/\/www.pressenza.com\/de\/?p=395326"},"modified":"2016-11-11T17:14:40","modified_gmt":"2016-11-11T17:14:40","slug":"julian-assange-politischer-gefangener","status":"publish","type":"post","link":"https:\/\/www.pressenza.com\/de\/2016\/11\/julian-assange-politischer-gefangener\/","title":{"rendered":"Julian Assange, politischer Gefangener"},"content":{"rendered":"<p>Seit nunmehr fast sechs Jahren ist Julian Assange <a href=\"https:\/\/justice4assange.com\/donate.html\" target=\"_blank\">politischer Gefangener<\/a> dreier L\u00e4nder (Schweden, UK und USA), deren Gesetze politische Inhaftierung verbieten und deren Mainstream-Medien vorgeben, freie L\u00e4nder zu sein zu sein.<\/p>\n<p>Julian Assange, australischer Staatsb\u00fcrger, ist der Gr\u00fcnder von WikiLeaks, das Millionen von geheimen Dokumenten publiziert hat, die der Welt die Missetaten von Regierungen enth\u00fcllten. Die US Regierung ist dabei viel involvierter als der Rest, aus dem einfachen Grund, dass die USA die Welt dominieren.<\/p>\n<p>Die US Regierung sieht Assange als Staatsfeind Nr. 1 an. Wenn er von den USA gefasst werden sollte, droht ihm die Todesstrafe wegen Enth\u00fcllung geheimer Dokumente. Aber das wahre Risiko ist, dass er durch einen simulierten Unfall oder durch die Bewaffnung eines \u201everr\u00fcckten Einzelt\u00e4ters\u201c wie Lee Oswald, Jack Ruby oder anderen M\u00f6rdern, die seit Abraham Lincoln in der US Geschichte pr\u00e4sent sind, umgebracht wird, um zu vermeiden, dass er zu noch einem gr\u00f6\u00dferen M\u00e4rtyrer wird, als er es jetzt schon ist.<\/p>\n<p>Um Assange zu fassen, haben die USA in Schweden einen Fall von sexueller Bel\u00e4stigung gegen ihn konstruiert. Die Frau, die in die Anklage involviert ist, erkl\u00e4rte, die Angelegenheit sei von der Polizei gestellt. Er ist nie formal angeklagt worden und schlie\u00dflich erkannte der Staatsanwalt an, dass er nicht verurteilt werden sollte. Die Regierungen von Schweden und dem Vereinigten K\u00f6nigreich, die von den USA gelenkt werden, verfolgen ihn weiterhin illegal.<\/p>\n<p>Ecuador gew\u00e4hrte ihm nach Untersuchung des Falles und der daraus resultierenden Erkenntnis, dass er ein politischer Gefangener ist, Asyl in seiner Londoner Botschaft, wo er nun seit fast sechs Jahren festsitzt.<\/p>\n<p>Die Arbeitsgruppe f\u00fcr willk\u00fcrliche Verhaftungen der Vereinten Nationen (UN-WGAD) hat eine <a href=\"http:\/\/www.ohchr.org\/EN\/NewsEvents\/Pages\/DisplayNews.aspx?NewsID=17012\" target=\"_blank\">Resolution<\/a> erlassen, die besagt, dass die Verfolgung von Assange nicht nur laut geltender internationaler Vertr\u00e4ge, sondern auch nach den Gesetzen von Schweden, UK und den USA illegal ist. Die drei Staaten sind dazu verpflichtet, die Resolution der UN-Arbeitsgruppe umzusetzen und von allen feindlichen Aktionen gegen ihn abzusehen, aber sie tun es nicht.<\/p>\n<p>Die britische Regierung besteht auf ihrem Befehl an die Polizei, die Botschaft von Ecuador zu bewachen und weigert sich, Assange zu garantieren, ihn nicht an die USA oder Schweden auszuliefern, sollte er die Botschaft verlassen.<\/p>\n<p>Die schwedische Regierung weigert sich, zu versichern, ihn nicht an die USA auszuliefern.<\/p>\n<p>Er ist also\u00a0<a href=\"https:\/\/justice4assange.com\/donate.html\" target=\"_blank\">politischer Gefangener<\/a> von drei L\u00e4ndern, deren Rechtssysteme politische Inhaftierung verbieten und deren Mainstream-Medien vorgeben, L\u00e4nder der Freiheit zu sein.<\/p>\n<p>WikiLeaks hat vor kurzem \u00fcber 30.000 Emails ver\u00f6ffentlicht, die die kriegstreiberische Natur von Hillary Clinton enth\u00fcllten, was zu Verlusten in ihren Umfragewerten vor den Wahlen f\u00fchrte.<\/p>\n<p>Die ecuadorianische Botschaft hatte Assanges Internetverbindung limitiert, um zu vermeiden, der Einmischung in die US Wahlkampagne beschuldigt zu werden, aber WikiLeaks publiziert weiterhin unabh\u00e4ngig von vielen europ\u00e4ischen L\u00e4ndern.<\/p>\n<p>Die Entourage von Hillary Clinton beschuldigte Russland, kompromittierende Dokumente an WikiLeaks weitergeleitet zu haben, was WikiLeaks wiederum offiziell zur\u00fcckwies.<\/p>\n<p><em>\u00dcbersetzung von Evelyn Rottengatter<\/em><\/p>\n","protected":false},"excerpt":{"rendered":"<p>Seit nunmehr fast sechs Jahren ist Julian Assange politischer Gefangener dreier L\u00e4nder (Schweden, UK und USA), deren Gesetze politische Inhaftierung verbieten und deren Mainstream-Medien vorgeben, freie L\u00e4nder zu sein zu sein. Julian Assange, australischer Staatsb\u00fcrger, ist der Gr\u00fcnder von WikiLeaks,&hellip;<\/p>\n","protected":false},"author":1196,"featured_media":393734,"comment_status":"closed","ping_status":"closed","sticky":false,"template":"","format":"standard","meta":{"footnotes":""},"categories":[9164,9161,11387],"tags":[11836,22229,11998,22228,18284,19767,9767,11997],"class_list":["post-395326","post","type-post","status-publish","format-standard","has-post-thumbnail","hentry","category-internationale-angelegenheiten","category-menschenrechte","category-originalinhalt","tag-botschaft-ecuador","tag-gewaltfreiheit","tag-julian-assange-de","tag-menschenrechte","tag-schweden","tag-uk","tag-usa-de","tag-wikileaks-de"],"yoast_head":"<!-- This site is optimized with the Yoast SEO plugin v27.1.1 - https:\/\/yoast.com\/product\/yoast-seo-wordpress\/ -->\n<title>Julian Assange, politischer Gefangener<\/title>\n<meta name=\"description\" content=\"Seit nunmehr fast sechs Jahren ist Julian Assange politischer Gefangener dreier L\u00e4nder (Schweden, UK und USA), deren Gesetze politische Inhaftierung\" \/>\n<meta name=\"robots\" content=\"index, follow, max-snippet:-1, max-image-preview:large, max-video-preview:-1\" \/>\n<link rel=\"canonical\" href=\"https:\/\/www.pressenza.com\/de\/2016\/11\/julian-assange-politischer-gefangener\/\" \/>\n<meta property=\"og:locale\" content=\"de_DE\" \/>\n<meta property=\"og:type\" content=\"article\" \/>\n<meta property=\"og:title\" content=\"Julian Assange, politischer Gefangener\" \/>\n<meta property=\"og:description\" content=\"Seit nunmehr fast sechs Jahren ist Julian Assange politischer Gefangener dreier L\u00e4nder (Schweden, UK und USA), deren Gesetze politische Inhaftierung\" \/>\n<meta property=\"og:url\" content=\"https:\/\/www.pressenza.com\/de\/2016\/11\/julian-assange-politischer-gefangener\/\" \/>\n<meta property=\"og:site_name\" content=\"Pressenza\" \/>\n<meta property=\"article:publisher\" content=\"https:\/\/www.facebook.com\/PressenzaItalia\" \/>\n<meta property=\"article:author\" content=\"https:\/\/www.facebook.com\/DoctorChui\/\" \/>\n<meta property=\"article:published_time\" content=\"2016-11-11T17:10:07+00:00\" \/>\n<meta property=\"article:modified_time\" content=\"2016-11-11T17:14:40+00:00\" \/>\n<meta property=\"og:image\" content=\"https:\/\/www.pressenza.com\/wp-content\/uploads\/2016\/11\/Julian_Assange_1.jpg\" \/>\n\t<meta property=\"og:image:width\" content=\"2800\" \/>\n\t<meta property=\"og:image:height\" content=\"1867\" \/>\n\t<meta property=\"og:image:type\" content=\"image\/jpeg\" \/>\n<meta name=\"author\" content=\"Leopoldo Salmaso\" \/>\n<meta name=\"twitter:card\" content=\"summary_large_image\" \/>\n<meta name=\"twitter:creator\" content=\"@LeopoldoSalmaso\" \/>\n<meta name=\"twitter:site\" content=\"@PressenzaIPA\" \/>\n<meta name=\"twitter:label1\" content=\"Verfasst von\" \/>\n\t<meta name=\"twitter:data1\" content=\"Leopoldo Salmaso\" \/>\n\t<meta name=\"twitter:label2\" content=\"Gesch\u00e4tzte Lesezeit\" \/>\n\t<meta name=\"twitter:data2\" content=\"2\u00a0Minuten\" \/>\n<script type=\"application\/ld+json\" class=\"yoast-schema-graph\">{\"@context\":\"https:\/\/schema.org\",\"@graph\":[{\"@type\":\"Article\",\"@id\":\"https:\/\/www.pressenza.com\/de\/2016\/11\/julian-assange-politischer-gefangener\/#article\",\"isPartOf\":{\"@id\":\"https:\/\/www.pressenza.com\/de\/2016\/11\/julian-assange-politischer-gefangener\/\"},\"author\":{\"name\":\"Leopoldo Salmaso\",\"@id\":\"https:\/\/www.pressenza.com\/de\/#\/schema\/person\/df9baf7062dacf809b4661e0cf8f7bce\"},\"headline\":\"Julian Assange, politischer Gefangener\",\"datePublished\":\"2016-11-11T17:10:07+00:00\",\"dateModified\":\"2016-11-11T17:14:40+00:00\",\"mainEntityOfPage\":{\"@id\":\"https:\/\/www.pressenza.com\/de\/2016\/11\/julian-assange-politischer-gefangener\/\"},\"wordCount\":497,\"publisher\":{\"@id\":\"https:\/\/www.pressenza.com\/de\/#organization\"},\"image\":{\"@id\":\"https:\/\/www.pressenza.com\/de\/2016\/11\/julian-assange-politischer-gefangener\/#primaryimage\"},\"thumbnailUrl\":\"https:\/\/www.pressenza.com\/wp-content\/uploads\/2016\/11\/Julian_Assange_1.jpg\",\"keywords\":[\"Botschaft Ecuador\",\"Gewaltfreiheit\",\"Julian Assange\",\"Menschenrechte\",\"Schweden\",\"UK\",\"USA\",\"Wikileaks\"],\"articleSection\":[\"Internationale Angelegenheiten\",\"Menschenrechte\",\"Originalinhalt\"],\"inLanguage\":\"de\"},{\"@type\":\"WebPage\",\"@id\":\"https:\/\/www.pressenza.com\/de\/2016\/11\/julian-assange-politischer-gefangener\/\",\"url\":\"https:\/\/www.pressenza.com\/de\/2016\/11\/julian-assange-politischer-gefangener\/\",\"name\":\"Julian Assange, politischer Gefangener\",\"isPartOf\":{\"@id\":\"https:\/\/www.pressenza.com\/de\/#website\"},\"primaryImageOfPage\":{\"@id\":\"https:\/\/www.pressenza.com\/de\/2016\/11\/julian-assange-politischer-gefangener\/#primaryimage\"},\"image\":{\"@id\":\"https:\/\/www.pressenza.com\/de\/2016\/11\/julian-assange-politischer-gefangener\/#primaryimage\"},\"thumbnailUrl\":\"https:\/\/www.pressenza.com\/wp-content\/uploads\/2016\/11\/Julian_Assange_1.jpg\",\"datePublished\":\"2016-11-11T17:10:07+00:00\",\"dateModified\":\"2016-11-11T17:14:40+00:00\",\"description\":\"Seit nunmehr fast sechs Jahren ist Julian Assange politischer Gefangener dreier L\u00e4nder (Schweden, UK und USA), deren Gesetze politische Inhaftierung\",\"breadcrumb\":{\"@id\":\"https:\/\/www.pressenza.com\/de\/2016\/11\/julian-assange-politischer-gefangener\/#breadcrumb\"},\"inLanguage\":\"de\",\"potentialAction\":[{\"@type\":\"ReadAction\",\"target\":[\"https:\/\/www.pressenza.com\/de\/2016\/11\/julian-assange-politischer-gefangener\/\"]}]},{\"@type\":\"ImageObject\",\"inLanguage\":\"de\",\"@id\":\"https:\/\/www.pressenza.com\/de\/2016\/11\/julian-assange-politischer-gefangener\/#primaryimage\",\"url\":\"https:\/\/www.pressenza.com\/wp-content\/uploads\/2016\/11\/Julian_Assange_1.jpg\",\"contentUrl\":\"https:\/\/www.pressenza.com\/wp-content\/uploads\/2016\/11\/Julian_Assange_1.jpg\",\"width\":2800,\"height\":1867},{\"@type\":\"BreadcrumbList\",\"@id\":\"https:\/\/www.pressenza.com\/de\/2016\/11\/julian-assange-politischer-gefangener\/#breadcrumb\",\"itemListElement\":[{\"@type\":\"ListItem\",\"position\":1,\"name\":\"Accueil\",\"item\":\"https:\/\/www.pressenza.com\/de\/\"},{\"@type\":\"ListItem\",\"position\":2,\"name\":\"Julian Assange, politischer Gefangener\"}]},{\"@type\":\"WebSite\",\"@id\":\"https:\/\/www.pressenza.com\/de\/#website\",\"url\":\"https:\/\/www.pressenza.com\/de\/\",\"name\":\"Pressenza\",\"description\":\"International Press Agency\",\"publisher\":{\"@id\":\"https:\/\/www.pressenza.com\/de\/#organization\"},\"potentialAction\":[{\"@type\":\"SearchAction\",\"target\":{\"@type\":\"EntryPoint\",\"urlTemplate\":\"https:\/\/www.pressenza.com\/de\/?s={search_term_string}\"},\"query-input\":{\"@type\":\"PropertyValueSpecification\",\"valueRequired\":true,\"valueName\":\"search_term_string\"}}],\"inLanguage\":\"de\"},{\"@type\":\"Organization\",\"@id\":\"https:\/\/www.pressenza.com\/de\/#organization\",\"name\":\"Pressenza\",\"url\":\"https:\/\/www.pressenza.com\/de\/\",\"logo\":{\"@type\":\"ImageObject\",\"inLanguage\":\"de\",\"@id\":\"https:\/\/www.pressenza.com\/de\/#\/schema\/logo\/image\/\",\"url\":\"https:\/\/www.pressenza.com\/wp-content\/uploads\/2022\/10\/pressenza_logo_200x200.jpg\",\"contentUrl\":\"https:\/\/www.pressenza.com\/wp-content\/uploads\/2022\/10\/pressenza_logo_200x200.jpg\",\"width\":200,\"height\":200,\"caption\":\"Pressenza\"},\"image\":{\"@id\":\"https:\/\/www.pressenza.com\/de\/#\/schema\/logo\/image\/\"},\"sameAs\":[\"https:\/\/www.facebook.com\/PressenzaItalia\",\"https:\/\/x.com\/PressenzaIPA\"]},{\"@type\":\"Person\",\"@id\":\"https:\/\/www.pressenza.com\/de\/#\/schema\/person\/df9baf7062dacf809b4661e0cf8f7bce\",\"name\":\"Leopoldo Salmaso\",\"description\":\"Physician, husband, father and grandfather. Scholar of economic, financial and monetary relations between North and South. He is working with rural people of Tanzania for over thirty years. Author of \\\"AIDS: Sindrome da Indifference Acquisita?\\\" and \\\"The Latin Coup: Europe saved from the crisis by mistake\\\" also available in Italian and Spanish on Lulu.com. Host of the radio program \\\"Debt and Democracy\\\". Co-editor of the manifesto \\\"Money is Common Good\\\", available in several languages on www.monetabenecomune.it and on www.monetaproprieta.it\",\"sameAs\":[\"http:\/\/www.eoleo.org%20;%20www.monetabenecomune.it\",\"https:\/\/www.facebook.com\/DoctorChui\/\",\"https:\/\/x.com\/LeopoldoSalmaso\"],\"url\":\"https:\/\/www.pressenza.com\/de\/author\/leopoldo-salmaso\/\"}]}<\/script>\n<!-- \/ Yoast SEO plugin. -->","yoast_head_json":{"title":"Julian Assange, politischer Gefangener","description":"Seit nunmehr fast sechs Jahren ist Julian Assange politischer Gefangener dreier L\u00e4nder (Schweden, UK und USA), deren Gesetze politische Inhaftierung","robots":{"index":"index","follow":"follow","max-snippet":"max-snippet:-1","max-image-preview":"max-image-preview:large","max-video-preview":"max-video-preview:-1"},"canonical":"https:\/\/www.pressenza.com\/de\/2016\/11\/julian-assange-politischer-gefangener\/","og_locale":"de_DE","og_type":"article","og_title":"Julian Assange, politischer Gefangener","og_description":"Seit nunmehr fast sechs Jahren ist Julian Assange politischer Gefangener dreier L\u00e4nder (Schweden, UK und USA), deren Gesetze politische Inhaftierung","og_url":"https:\/\/www.pressenza.com\/de\/2016\/11\/julian-assange-politischer-gefangener\/","og_site_name":"Pressenza","article_publisher":"https:\/\/www.facebook.com\/PressenzaItalia","article_author":"https:\/\/www.facebook.com\/DoctorChui\/","article_published_time":"2016-11-11T17:10:07+00:00","article_modified_time":"2016-11-11T17:14:40+00:00","og_image":[{"width":2800,"height":1867,"url":"https:\/\/www.pressenza.com\/wp-content\/uploads\/2016\/11\/Julian_Assange_1.jpg","type":"image\/jpeg"}],"author":"Leopoldo Salmaso","twitter_card":"summary_large_image","twitter_creator":"@LeopoldoSalmaso","twitter_site":"@PressenzaIPA","twitter_misc":{"Verfasst von":"Leopoldo Salmaso","Gesch\u00e4tzte Lesezeit":"2\u00a0Minuten"},"schema":{"@context":"https:\/\/schema.org","@graph":[{"@type":"Article","@id":"https:\/\/www.pressenza.com\/de\/2016\/11\/julian-assange-politischer-gefangener\/#article","isPartOf":{"@id":"https:\/\/www.pressenza.com\/de\/2016\/11\/julian-assange-politischer-gefangener\/"},"author":{"name":"Leopoldo Salmaso","@id":"https:\/\/www.pressenza.com\/de\/#\/schema\/person\/df9baf7062dacf809b4661e0cf8f7bce"},"headline":"Julian Assange, politischer Gefangener","datePublished":"2016-11-11T17:10:07+00:00","dateModified":"2016-11-11T17:14:40+00:00","mainEntityOfPage":{"@id":"https:\/\/www.pressenza.com\/de\/2016\/11\/julian-assange-politischer-gefangener\/"},"wordCount":497,"publisher":{"@id":"https:\/\/www.pressenza.com\/de\/#organization"},"image":{"@id":"https:\/\/www.pressenza.com\/de\/2016\/11\/julian-assange-politischer-gefangener\/#primaryimage"},"thumbnailUrl":"https:\/\/www.pressenza.com\/wp-content\/uploads\/2016\/11\/Julian_Assange_1.jpg","keywords":["Botschaft Ecuador","Gewaltfreiheit","Julian Assange","Menschenrechte","Schweden","UK","USA","Wikileaks"],"articleSection":["Internationale Angelegenheiten","Menschenrechte","Originalinhalt"],"inLanguage":"de"},{"@type":"WebPage","@id":"https:\/\/www.pressenza.com\/de\/2016\/11\/julian-assange-politischer-gefangener\/","url":"https:\/\/www.pressenza.com\/de\/2016\/11\/julian-assange-politischer-gefangener\/","name":"Julian Assange, politischer Gefangener","isPartOf":{"@id":"https:\/\/www.pressenza.com\/de\/#website"},"primaryImageOfPage":{"@id":"https:\/\/www.pressenza.com\/de\/2016\/11\/julian-assange-politischer-gefangener\/#primaryimage"},"image":{"@id":"https:\/\/www.pressenza.com\/de\/2016\/11\/julian-assange-politischer-gefangener\/#primaryimage"},"thumbnailUrl":"https:\/\/www.pressenza.com\/wp-content\/uploads\/2016\/11\/Julian_Assange_1.jpg","datePublished":"2016-11-11T17:10:07+00:00","dateModified":"2016-11-11T17:14:40+00:00","description":"Seit nunmehr fast sechs Jahren ist Julian Assange politischer Gefangener dreier L\u00e4nder (Schweden, UK und USA), deren Gesetze politische Inhaftierung","breadcrumb":{"@id":"https:\/\/www.pressenza.com\/de\/2016\/11\/julian-assange-politischer-gefangener\/#breadcrumb"},"inLanguage":"de","potentialAction":[{"@type":"ReadAction","target":["https:\/\/www.pressenza.com\/de\/2016\/11\/julian-assange-politischer-gefangener\/"]}]},{"@type":"ImageObject","inLanguage":"de","@id":"https:\/\/www.pressenza.com\/de\/2016\/11\/julian-assange-politischer-gefangener\/#primaryimage","url":"https:\/\/www.pressenza.com\/wp-content\/uploads\/2016\/11\/Julian_Assange_1.jpg","contentUrl":"https:\/\/www.pressenza.com\/wp-content\/uploads\/2016\/11\/Julian_Assange_1.jpg","width":2800,"height":1867},{"@type":"BreadcrumbList","@id":"https:\/\/www.pressenza.com\/de\/2016\/11\/julian-assange-politischer-gefangener\/#breadcrumb","itemListElement":[{"@type":"ListItem","position":1,"name":"Accueil","item":"https:\/\/www.pressenza.com\/de\/"},{"@type":"ListItem","position":2,"name":"Julian Assange, politischer Gefangener"}]},{"@type":"WebSite","@id":"https:\/\/www.pressenza.com\/de\/#website","url":"https:\/\/www.pressenza.com\/de\/","name":"Pressenza","description":"International Press Agency","publisher":{"@id":"https:\/\/www.pressenza.com\/de\/#organization"},"potentialAction":[{"@type":"SearchAction","target":{"@type":"EntryPoint","urlTemplate":"https:\/\/www.pressenza.com\/de\/?s={search_term_string}"},"query-input":{"@type":"PropertyValueSpecification","valueRequired":true,"valueName":"search_term_string"}}],"inLanguage":"de"},{"@type":"Organization","@id":"https:\/\/www.pressenza.com\/de\/#organization","name":"Pressenza","url":"https:\/\/www.pressenza.com\/de\/","logo":{"@type":"ImageObject","inLanguage":"de","@id":"https:\/\/www.pressenza.com\/de\/#\/schema\/logo\/image\/","url":"https:\/\/www.pressenza.com\/wp-content\/uploads\/2022\/10\/pressenza_logo_200x200.jpg","contentUrl":"https:\/\/www.pressenza.com\/wp-content\/uploads\/2022\/10\/pressenza_logo_200x200.jpg","width":200,"height":200,"caption":"Pressenza"},"image":{"@id":"https:\/\/www.pressenza.com\/de\/#\/schema\/logo\/image\/"},"sameAs":["https:\/\/www.facebook.com\/PressenzaItalia","https:\/\/x.com\/PressenzaIPA"]},{"@type":"Person","@id":"https:\/\/www.pressenza.com\/de\/#\/schema\/person\/df9baf7062dacf809b4661e0cf8f7bce","name":"Leopoldo Salmaso","description":"Physician, husband, father and grandfather. Scholar of economic, financial and monetary relations between North and South. He is working with rural people of Tanzania for over thirty years. Author of \"AIDS: Sindrome da Indifference Acquisita?\" and \"The Latin Coup: Europe saved from the crisis by mistake\" also available in Italian and Spanish on Lulu.com. Host of the radio program \"Debt and Democracy\". Co-editor of the manifesto \"Money is Common Good\", available in several languages on www.monetabenecomune.it and on www.monetaproprieta.it","sameAs":["http:\/\/www.eoleo.org%20;%20www.monetabenecomune.it","https:\/\/www.facebook.com\/DoctorChui\/","https:\/\/x.com\/LeopoldoSalmaso"],"url":"https:\/\/www.pressenza.com\/de\/author\/leopoldo-salmaso\/"}]}},"place":"","original_article_url":"","_links":{"self":[{"href":"https:\/\/www.pressenza.com\/de\/wp-json\/wp\/v2\/posts\/395326","targetHints":{"allow":["GET"]}}],"collection":[{"href":"https:\/\/www.pressenza.com\/de\/wp-json\/wp\/v2\/posts"}],"about":[{"href":"https:\/\/www.pressenza.com\/de\/wp-json\/wp\/v2\/types\/post"}],"author":[{"embeddable":true,"href":"https:\/\/www.pressenza.com\/de\/wp-json\/wp\/v2\/users\/1196"}],"replies":[{"embeddable":true,"href":"https:\/\/www.pressenza.com\/de\/wp-json\/wp\/v2\/comments?post=395326"}],"version-history":[{"count":0,"href":"https:\/\/www.pressenza.com\/de\/wp-json\/wp\/v2\/posts\/395326\/revisions"}],"wp:featuredmedia":[{"embeddable":true,"href":"https:\/\/www.pressenza.com\/de\/wp-json\/wp\/v2\/media\/393734"}],"wp:attachment":[{"href":"https:\/\/www.pressenza.com\/de\/wp-json\/wp\/v2\/media?parent=395326"}],"wp:term":[{"taxonomy":"category","embeddable":true,"href":"https:\/\/www.pressenza.com\/de\/wp-json\/wp\/v2\/categories?post=395326"},{"taxonomy":"post_tag","embeddable":true,"href":"https:\/\/www.pressenza.com\/de\/wp-json\/wp\/v2\/tags?post=395326"}],"curies":[{"name":"wp","href":"https:\/\/api.w.org\/{rel}","templated":true}]}}