{"id":387317,"date":"2016-10-22T08:56:48","date_gmt":"2016-10-22T07:56:48","guid":{"rendered":"http:\/\/www.pressenza.com\/de\/?p=387317"},"modified":"2016-10-22T08:56:48","modified_gmt":"2016-10-22T07:56:48","slug":"steve-amsel-der-friede-ist-ein-muss-und-wird-realitaet-werden","status":"publish","type":"post","link":"https:\/\/www.pressenza.com\/de\/2016\/10\/steve-amsel-der-friede-ist-ein-muss-und-wird-realitaet-werden\/","title":{"rendered":"Steve Amsel: Der Friede ist ein MUSS und wird Realit\u00e4t werden"},"content":{"rendered":"<p><b>Interview mit Steve Amsel des Portals <em>Desert Peace<\/em>. <\/b><\/p>\n<p><b>Steve ist Jude und setzt sich f\u00fcr den Frieden ein, indem er sich dem israelischen Militarismus und Kolonialismus widersetzt. Wie f\u00fcr uns von <em>ProMosaik<\/em> bedeutet die antizionistische Haltung auch f\u00fcr Steve auf keinen Fall eine antisemitische Anschauung. Antizionismus hei\u00dft, sich einer kolonialistischen Mentalit\u00e4t zu widersetzen, nach der Juden ein Vorrecht genie\u00dfen. F\u00fcr Steve ist der Friede ein Muss, denn es gibt keine andere M\u00f6glichkeit als einen langfristigen Frieden f\u00fcr die gesamte Nahostregion. \u00a0<\/b><\/p>\n<p><strong>Steve, du sagst, dass der Friede in Pal\u00e4stina m\u00f6glich ist. Welche sind die Haupthindernisse und welche die Chancen?<\/strong><\/p>\n<p>Steve Amsel: Die Hindernisse sind offensichtlich, vor allem die Besatzung von Pal\u00e4stina und die stetige Ausdehnung der illegalen Siedlungen auf gestohlenem Land. Dies f\u00fchrt zu Terror auf beiden Seiten, was wiederum jegliche Chance auf einen wahren und gerechten Frieden in der nahen Zukunft unm\u00f6glich macht. Der Terror muss eingestellt werden, damit der Frieden wahr werden kann.<\/p>\n<p><strong>Was ist die Grundidee von D<em>esert Peace<\/em>?<\/strong><\/p>\n<p>Steve Amsel: Ich habe den Blog <em>DesertPeace<\/em> vor 11 Jahren gestartet. Die Grundidee bestand darin, der Welt zu zeigen, dass Frieden m\u00f6glich ist. In meiner Einf\u00fchrung zum Blog hei\u00dft es: Wie man auch anhand der Partner dieses Blogs feststellen kann, verfolge ich die Absicht, Stimmen von Pal\u00e4stinensern und anderen Menschen, die sich f\u00fcr diese ehrenvolle Bem\u00fchung f\u00fcr die Gerechtigkeit einsetzen, eine Plattform zu bieten. Seit es den Blog gibt, hatte er schon mehr als 10 Millionen Besucher. Dies bedeutet, dass diese Botschaft rumkommt.<\/p>\n<p><strong>Was bedeuten Zionismus und Antizionismus f\u00fcr dich? <\/strong><\/p>\n<p>Steve Amsel: Der Zionismus kommt jeglicher Form von Nationalismus gleich. Er ist Ausdruck von \u00dcberlegenheit und ist schlussendlich nur ein Weg, um das j\u00fcdische Volk vom Rest der Menschheit abzutrennen. Der Antizionismus darf nie als Antisemitismus gesehen werden&#8230; denn er ist NICHT antisemitisch. Er ist einfach nur Ausdruck dessen, dass die Juden nicht besser sind als jegliche andere!<\/p>\n<p><strong>Ich bin der \u00dcberzeugung, dass der Konflikt zwischen Pal\u00e4stinensern und Israelis nichts mit Religion und ethnischen Aspekten zu tun hat, sondern ein kolonialistischer Krieg Israels f\u00fcr das Land ist. Was denkst du dar\u00fcber?<\/strong><\/p>\n<p>Steve Amsel: Was die Religion angeht, sind Pal\u00e4stinenser und Israelis \u00fcber ihre gemeinsamen Urv\u00e4ter miteinander verbunden. Wir sind eine Familie im wahren Sinne des Wortes. Wie du sagst, geht es bei diesem Konflikt um einen kolonialistischen Kampf ums Land.<\/p>\n<p><strong>Wie k\u00f6nnen wir die israelische Gesellschaft von Innen und Au\u00dfen ver\u00e4ndern? <\/strong><\/p>\n<p>Steve Amsel: Auf beiden Seiten ist es wichtig, die BDS-Bewegung zu unterst\u00fctzen. Wenn wir Israel isolieren und dessen Wirtschaft treffen, wird es uns am Ende auch gelingen, Israel zu zwingen, seine Politik zu \u00e4ndern.<\/p>\n<p><strong>Wie w\u00fcrdest du den derzeitigen zionistischen Staat Israel definieren und beschreiben? <\/strong><\/p>\n<p>Steve Amsel: Israel ist ein Staat, der durch das B\u00f6se errichtet wurde und von ein und demselben B\u00f6sen finanziert wird. Diese Unterst\u00fctzung, im Besonderen durch die USA, muss ein Ende nehmen. Sobald dies geschieht, wird auch der Zionismus selbst langsam zu Ende gehen.<\/p>\n<p><strong>Wie haben sich deine Gedanken \u00fcber das israelische Regime im Laufe der Zeit entwickelt? <\/strong><\/p>\n<p>Steve Amsel: Als ich in den USA lebte, war ich jahrelang in die Friedens- und B\u00fcrgerrechtsbewegungen involviert. Meine \u00dcberlegungen \u00fcber das israelische Regime waren die nat\u00fcrliche Entwicklung meiner Ideen gegen Unrecht und Krieg. Der Friede ist m\u00f6glich und WIRD auch Realit\u00e4t werden. Denn es gibt keine Alternative zum Frieden!<\/p>\n","protected":false},"excerpt":{"rendered":"<p>Interview mit Steve Amsel des Portals Desert Peace. Steve ist Jude und setzt sich f\u00fcr den Frieden ein, indem er sich dem israelischen Militarismus und Kolonialismus widersetzt. Wie f\u00fcr uns von ProMosaik bedeutet die antizionistische Haltung auch f\u00fcr Steve auf&hellip;<\/p>\n","protected":false},"author":1149,"featured_media":387096,"comment_status":"closed","ping_status":"closed","sticky":false,"template":"","format":"standard","meta":{"footnotes":""},"categories":[9167,9164,9142,9151],"tags":[31840,9262,9799,11458,31839,17725],"class_list":["post-387317","post","type-post","status-publish","format-standard","has-post-thumbnail","hentry","category-frieden-und-abruestung","category-internationale-angelegenheiten","category-interviews-de","category-mittlerer-osten","tag-desert-peace","tag-frieden","tag-israel-de","tag-palastina","tag-steve-amsel","tag-zionismus"],"yoast_head":"<!-- This site is optimized with the Yoast SEO plugin v27.1.1 - https:\/\/yoast.com\/product\/yoast-seo-wordpress\/ -->\n<title>Steve Amsel: Der Friede ist ein MUSS und wird Realit\u00e4t werden<\/title>\n<meta name=\"description\" content=\"Interview mit Steve Amsel des Portals Desert Peace. Steve ist Jude und setzt sich f\u00fcr den Frieden ein, indem er sich dem israelischen Militarismus und\" \/>\n<meta name=\"robots\" content=\"index, follow, max-snippet:-1, max-image-preview:large, max-video-preview:-1\" \/>\n<link rel=\"canonical\" href=\"https:\/\/www.pressenza.com\/de\/2016\/10\/steve-amsel-der-friede-ist-ein-muss-und-wird-realitaet-werden\/\" \/>\n<meta property=\"og:locale\" content=\"de_DE\" \/>\n<meta property=\"og:type\" content=\"article\" \/>\n<meta property=\"og:title\" content=\"Steve Amsel: Der Friede ist ein MUSS und wird Realit\u00e4t werden\" \/>\n<meta property=\"og:description\" content=\"Interview mit Steve Amsel des Portals Desert Peace. Steve ist Jude und setzt sich f\u00fcr den Frieden ein, indem er sich dem israelischen Militarismus und\" \/>\n<meta property=\"og:url\" content=\"https:\/\/www.pressenza.com\/de\/2016\/10\/steve-amsel-der-friede-ist-ein-muss-und-wird-realitaet-werden\/\" \/>\n<meta property=\"og:site_name\" content=\"Pressenza\" \/>\n<meta property=\"article:publisher\" content=\"https:\/\/www.facebook.com\/PressenzaItalia\" \/>\n<meta property=\"article:published_time\" content=\"2016-10-22T07:56:48+00:00\" \/>\n<meta property=\"og:image\" content=\"https:\/\/www.pressenza.com\/wp-content\/uploads\/2016\/10\/jror.jpg\" \/>\n\t<meta property=\"og:image:width\" content=\"750\" \/>\n\t<meta property=\"og:image:height\" content=\"415\" \/>\n\t<meta property=\"og:image:type\" content=\"image\/jpeg\" \/>\n<meta name=\"author\" content=\"Milena Rampoldi\" \/>\n<meta name=\"twitter:card\" content=\"summary_large_image\" \/>\n<meta name=\"twitter:creator\" content=\"@PressenzaIPA\" \/>\n<meta name=\"twitter:site\" content=\"@PressenzaIPA\" \/>\n<meta name=\"twitter:label1\" content=\"Verfasst von\" \/>\n\t<meta name=\"twitter:data1\" content=\"Milena Rampoldi\" \/>\n\t<meta name=\"twitter:label2\" content=\"Gesch\u00e4tzte Lesezeit\" \/>\n\t<meta name=\"twitter:data2\" content=\"3\u00a0Minuten\" \/>\n<script type=\"application\/ld+json\" class=\"yoast-schema-graph\">{\"@context\":\"https:\/\/schema.org\",\"@graph\":[{\"@type\":\"Article\",\"@id\":\"https:\/\/www.pressenza.com\/de\/2016\/10\/steve-amsel-der-friede-ist-ein-muss-und-wird-realitaet-werden\/#article\",\"isPartOf\":{\"@id\":\"https:\/\/www.pressenza.com\/de\/2016\/10\/steve-amsel-der-friede-ist-ein-muss-und-wird-realitaet-werden\/\"},\"author\":{\"name\":\"Milena Rampoldi\",\"@id\":\"https:\/\/www.pressenza.com\/de\/#\/schema\/person\/1f3113f1dbef2a8376909f563854e5e5\"},\"headline\":\"Steve Amsel: Der Friede ist ein MUSS und wird Realit\u00e4t werden\",\"datePublished\":\"2016-10-22T07:56:48+00:00\",\"mainEntityOfPage\":{\"@id\":\"https:\/\/www.pressenza.com\/de\/2016\/10\/steve-amsel-der-friede-ist-ein-muss-und-wird-realitaet-werden\/\"},\"wordCount\":593,\"publisher\":{\"@id\":\"https:\/\/www.pressenza.com\/de\/#organization\"},\"image\":{\"@id\":\"https:\/\/www.pressenza.com\/de\/2016\/10\/steve-amsel-der-friede-ist-ein-muss-und-wird-realitaet-werden\/#primaryimage\"},\"thumbnailUrl\":\"https:\/\/www.pressenza.com\/wp-content\/uploads\/2016\/10\/jror.jpg\",\"keywords\":[\"Desert Peace\",\"Frieden\",\"Israel\",\"Pal\u00e4stina\",\"Steve Amsel\",\"Zionismus\"],\"articleSection\":[\"Frieden und Abr\u00fcstung\",\"Internationale Angelegenheiten\",\"Interviews\",\"Mittlerer Osten\"],\"inLanguage\":\"de\"},{\"@type\":\"WebPage\",\"@id\":\"https:\/\/www.pressenza.com\/de\/2016\/10\/steve-amsel-der-friede-ist-ein-muss-und-wird-realitaet-werden\/\",\"url\":\"https:\/\/www.pressenza.com\/de\/2016\/10\/steve-amsel-der-friede-ist-ein-muss-und-wird-realitaet-werden\/\",\"name\":\"Steve Amsel: Der Friede ist ein MUSS und wird Realit\u00e4t werden\",\"isPartOf\":{\"@id\":\"https:\/\/www.pressenza.com\/de\/#website\"},\"primaryImageOfPage\":{\"@id\":\"https:\/\/www.pressenza.com\/de\/2016\/10\/steve-amsel-der-friede-ist-ein-muss-und-wird-realitaet-werden\/#primaryimage\"},\"image\":{\"@id\":\"https:\/\/www.pressenza.com\/de\/2016\/10\/steve-amsel-der-friede-ist-ein-muss-und-wird-realitaet-werden\/#primaryimage\"},\"thumbnailUrl\":\"https:\/\/www.pressenza.com\/wp-content\/uploads\/2016\/10\/jror.jpg\",\"datePublished\":\"2016-10-22T07:56:48+00:00\",\"description\":\"Interview mit Steve Amsel des Portals Desert Peace. Steve ist Jude und setzt sich f\u00fcr den Frieden ein, indem er sich dem israelischen Militarismus und\",\"breadcrumb\":{\"@id\":\"https:\/\/www.pressenza.com\/de\/2016\/10\/steve-amsel-der-friede-ist-ein-muss-und-wird-realitaet-werden\/#breadcrumb\"},\"inLanguage\":\"de\",\"potentialAction\":[{\"@type\":\"ReadAction\",\"target\":[\"https:\/\/www.pressenza.com\/de\/2016\/10\/steve-amsel-der-friede-ist-ein-muss-und-wird-realitaet-werden\/\"]}]},{\"@type\":\"ImageObject\",\"inLanguage\":\"de\",\"@id\":\"https:\/\/www.pressenza.com\/de\/2016\/10\/steve-amsel-der-friede-ist-ein-muss-und-wird-realitaet-werden\/#primaryimage\",\"url\":\"https:\/\/www.pressenza.com\/wp-content\/uploads\/2016\/10\/jror.jpg\",\"contentUrl\":\"https:\/\/www.pressenza.com\/wp-content\/uploads\/2016\/10\/jror.jpg\",\"width\":750,\"height\":415},{\"@type\":\"BreadcrumbList\",\"@id\":\"https:\/\/www.pressenza.com\/de\/2016\/10\/steve-amsel-der-friede-ist-ein-muss-und-wird-realitaet-werden\/#breadcrumb\",\"itemListElement\":[{\"@type\":\"ListItem\",\"position\":1,\"name\":\"Accueil\",\"item\":\"https:\/\/www.pressenza.com\/de\/\"},{\"@type\":\"ListItem\",\"position\":2,\"name\":\"Steve Amsel: Der Friede ist ein MUSS und wird Realit\u00e4t werden\"}]},{\"@type\":\"WebSite\",\"@id\":\"https:\/\/www.pressenza.com\/de\/#website\",\"url\":\"https:\/\/www.pressenza.com\/de\/\",\"name\":\"Pressenza\",\"description\":\"International Press Agency\",\"publisher\":{\"@id\":\"https:\/\/www.pressenza.com\/de\/#organization\"},\"potentialAction\":[{\"@type\":\"SearchAction\",\"target\":{\"@type\":\"EntryPoint\",\"urlTemplate\":\"https:\/\/www.pressenza.com\/de\/?s={search_term_string}\"},\"query-input\":{\"@type\":\"PropertyValueSpecification\",\"valueRequired\":true,\"valueName\":\"search_term_string\"}}],\"inLanguage\":\"de\"},{\"@type\":\"Organization\",\"@id\":\"https:\/\/www.pressenza.com\/de\/#organization\",\"name\":\"Pressenza\",\"url\":\"https:\/\/www.pressenza.com\/de\/\",\"logo\":{\"@type\":\"ImageObject\",\"inLanguage\":\"de\",\"@id\":\"https:\/\/www.pressenza.com\/de\/#\/schema\/logo\/image\/\",\"url\":\"https:\/\/www.pressenza.com\/wp-content\/uploads\/2022\/10\/pressenza_logo_200x200.jpg\",\"contentUrl\":\"https:\/\/www.pressenza.com\/wp-content\/uploads\/2022\/10\/pressenza_logo_200x200.jpg\",\"width\":200,\"height\":200,\"caption\":\"Pressenza\"},\"image\":{\"@id\":\"https:\/\/www.pressenza.com\/de\/#\/schema\/logo\/image\/\"},\"sameAs\":[\"https:\/\/www.facebook.com\/PressenzaItalia\",\"https:\/\/x.com\/PressenzaIPA\"]},{\"@type\":\"Person\",\"@id\":\"https:\/\/www.pressenza.com\/de\/#\/schema\/person\/1f3113f1dbef2a8376909f563854e5e5\",\"name\":\"Milena Rampoldi\",\"description\":\"Milena Rampoldi \u00e8 nata a Bolzano nel 1973 e dopo i suoi studi teologici, pedagogici, filosofici e orientali in Italia ha proseguito con il dottorato di arabistica sul tema della didattica arabofona del Corano a Vienna. Insegnante di lingue e traduttrice, da anni si occupa di storia e religione islamica, di questioni politiche ed umanitarie, di femminismo e diritti umani e di storia medio-orientale ed africana. Tra le varie pubblicazioni, soprattutto in lingua tedesca, figurano i testi italiani sui Corsari del Mediterraneo e sul filosofo Ren\u00e9 Gu\u00e9non. E' promotrice dell'Associazione per il dialogo interculturale e interreligioso Promosaik www.promosaik.com\",\"url\":\"https:\/\/www.pressenza.com\/de\/author\/milena-rampoldi\/\"}]}<\/script>\n<!-- \/ Yoast SEO plugin. -->","yoast_head_json":{"title":"Steve Amsel: Der Friede ist ein MUSS und wird Realit\u00e4t werden","description":"Interview mit Steve Amsel des Portals Desert Peace. Steve ist Jude und setzt sich f\u00fcr den Frieden ein, indem er sich dem israelischen Militarismus und","robots":{"index":"index","follow":"follow","max-snippet":"max-snippet:-1","max-image-preview":"max-image-preview:large","max-video-preview":"max-video-preview:-1"},"canonical":"https:\/\/www.pressenza.com\/de\/2016\/10\/steve-amsel-der-friede-ist-ein-muss-und-wird-realitaet-werden\/","og_locale":"de_DE","og_type":"article","og_title":"Steve Amsel: Der Friede ist ein MUSS und wird Realit\u00e4t werden","og_description":"Interview mit Steve Amsel des Portals Desert Peace. Steve ist Jude und setzt sich f\u00fcr den Frieden ein, indem er sich dem israelischen Militarismus und","og_url":"https:\/\/www.pressenza.com\/de\/2016\/10\/steve-amsel-der-friede-ist-ein-muss-und-wird-realitaet-werden\/","og_site_name":"Pressenza","article_publisher":"https:\/\/www.facebook.com\/PressenzaItalia","article_published_time":"2016-10-22T07:56:48+00:00","og_image":[{"width":750,"height":415,"url":"https:\/\/www.pressenza.com\/wp-content\/uploads\/2016\/10\/jror.jpg","type":"image\/jpeg"}],"author":"Milena Rampoldi","twitter_card":"summary_large_image","twitter_creator":"@PressenzaIPA","twitter_site":"@PressenzaIPA","twitter_misc":{"Verfasst von":"Milena Rampoldi","Gesch\u00e4tzte Lesezeit":"3\u00a0Minuten"},"schema":{"@context":"https:\/\/schema.org","@graph":[{"@type":"Article","@id":"https:\/\/www.pressenza.com\/de\/2016\/10\/steve-amsel-der-friede-ist-ein-muss-und-wird-realitaet-werden\/#article","isPartOf":{"@id":"https:\/\/www.pressenza.com\/de\/2016\/10\/steve-amsel-der-friede-ist-ein-muss-und-wird-realitaet-werden\/"},"author":{"name":"Milena Rampoldi","@id":"https:\/\/www.pressenza.com\/de\/#\/schema\/person\/1f3113f1dbef2a8376909f563854e5e5"},"headline":"Steve Amsel: Der Friede ist ein MUSS und wird Realit\u00e4t werden","datePublished":"2016-10-22T07:56:48+00:00","mainEntityOfPage":{"@id":"https:\/\/www.pressenza.com\/de\/2016\/10\/steve-amsel-der-friede-ist-ein-muss-und-wird-realitaet-werden\/"},"wordCount":593,"publisher":{"@id":"https:\/\/www.pressenza.com\/de\/#organization"},"image":{"@id":"https:\/\/www.pressenza.com\/de\/2016\/10\/steve-amsel-der-friede-ist-ein-muss-und-wird-realitaet-werden\/#primaryimage"},"thumbnailUrl":"https:\/\/www.pressenza.com\/wp-content\/uploads\/2016\/10\/jror.jpg","keywords":["Desert Peace","Frieden","Israel","Pal\u00e4stina","Steve Amsel","Zionismus"],"articleSection":["Frieden und Abr\u00fcstung","Internationale Angelegenheiten","Interviews","Mittlerer Osten"],"inLanguage":"de"},{"@type":"WebPage","@id":"https:\/\/www.pressenza.com\/de\/2016\/10\/steve-amsel-der-friede-ist-ein-muss-und-wird-realitaet-werden\/","url":"https:\/\/www.pressenza.com\/de\/2016\/10\/steve-amsel-der-friede-ist-ein-muss-und-wird-realitaet-werden\/","name":"Steve Amsel: Der Friede ist ein MUSS und wird Realit\u00e4t werden","isPartOf":{"@id":"https:\/\/www.pressenza.com\/de\/#website"},"primaryImageOfPage":{"@id":"https:\/\/www.pressenza.com\/de\/2016\/10\/steve-amsel-der-friede-ist-ein-muss-und-wird-realitaet-werden\/#primaryimage"},"image":{"@id":"https:\/\/www.pressenza.com\/de\/2016\/10\/steve-amsel-der-friede-ist-ein-muss-und-wird-realitaet-werden\/#primaryimage"},"thumbnailUrl":"https:\/\/www.pressenza.com\/wp-content\/uploads\/2016\/10\/jror.jpg","datePublished":"2016-10-22T07:56:48+00:00","description":"Interview mit Steve Amsel des Portals Desert Peace. Steve ist Jude und setzt sich f\u00fcr den Frieden ein, indem er sich dem israelischen Militarismus und","breadcrumb":{"@id":"https:\/\/www.pressenza.com\/de\/2016\/10\/steve-amsel-der-friede-ist-ein-muss-und-wird-realitaet-werden\/#breadcrumb"},"inLanguage":"de","potentialAction":[{"@type":"ReadAction","target":["https:\/\/www.pressenza.com\/de\/2016\/10\/steve-amsel-der-friede-ist-ein-muss-und-wird-realitaet-werden\/"]}]},{"@type":"ImageObject","inLanguage":"de","@id":"https:\/\/www.pressenza.com\/de\/2016\/10\/steve-amsel-der-friede-ist-ein-muss-und-wird-realitaet-werden\/#primaryimage","url":"https:\/\/www.pressenza.com\/wp-content\/uploads\/2016\/10\/jror.jpg","contentUrl":"https:\/\/www.pressenza.com\/wp-content\/uploads\/2016\/10\/jror.jpg","width":750,"height":415},{"@type":"BreadcrumbList","@id":"https:\/\/www.pressenza.com\/de\/2016\/10\/steve-amsel-der-friede-ist-ein-muss-und-wird-realitaet-werden\/#breadcrumb","itemListElement":[{"@type":"ListItem","position":1,"name":"Accueil","item":"https:\/\/www.pressenza.com\/de\/"},{"@type":"ListItem","position":2,"name":"Steve Amsel: Der Friede ist ein MUSS und wird Realit\u00e4t werden"}]},{"@type":"WebSite","@id":"https:\/\/www.pressenza.com\/de\/#website","url":"https:\/\/www.pressenza.com\/de\/","name":"Pressenza","description":"International Press Agency","publisher":{"@id":"https:\/\/www.pressenza.com\/de\/#organization"},"potentialAction":[{"@type":"SearchAction","target":{"@type":"EntryPoint","urlTemplate":"https:\/\/www.pressenza.com\/de\/?s={search_term_string}"},"query-input":{"@type":"PropertyValueSpecification","valueRequired":true,"valueName":"search_term_string"}}],"inLanguage":"de"},{"@type":"Organization","@id":"https:\/\/www.pressenza.com\/de\/#organization","name":"Pressenza","url":"https:\/\/www.pressenza.com\/de\/","logo":{"@type":"ImageObject","inLanguage":"de","@id":"https:\/\/www.pressenza.com\/de\/#\/schema\/logo\/image\/","url":"https:\/\/www.pressenza.com\/wp-content\/uploads\/2022\/10\/pressenza_logo_200x200.jpg","contentUrl":"https:\/\/www.pressenza.com\/wp-content\/uploads\/2022\/10\/pressenza_logo_200x200.jpg","width":200,"height":200,"caption":"Pressenza"},"image":{"@id":"https:\/\/www.pressenza.com\/de\/#\/schema\/logo\/image\/"},"sameAs":["https:\/\/www.facebook.com\/PressenzaItalia","https:\/\/x.com\/PressenzaIPA"]},{"@type":"Person","@id":"https:\/\/www.pressenza.com\/de\/#\/schema\/person\/1f3113f1dbef2a8376909f563854e5e5","name":"Milena Rampoldi","description":"Milena Rampoldi \u00e8 nata a Bolzano nel 1973 e dopo i suoi studi teologici, pedagogici, filosofici e orientali in Italia ha proseguito con il dottorato di arabistica sul tema della didattica arabofona del Corano a Vienna. Insegnante di lingue e traduttrice, da anni si occupa di storia e religione islamica, di questioni politiche ed umanitarie, di femminismo e diritti umani e di storia medio-orientale ed africana. Tra le varie pubblicazioni, soprattutto in lingua tedesca, figurano i testi italiani sui Corsari del Mediterraneo e sul filosofo Ren\u00e9 Gu\u00e9non. E' promotrice dell'Associazione per il dialogo interculturale e interreligioso Promosaik www.promosaik.com","url":"https:\/\/www.pressenza.com\/de\/author\/milena-rampoldi\/"}]}},"place":"","original_article_url":"https:\/\/promosaik.blogspot.de\/2016\/10\/steve-amsel-von-desert-peace-der-friede.html","_links":{"self":[{"href":"https:\/\/www.pressenza.com\/de\/wp-json\/wp\/v2\/posts\/387317","targetHints":{"allow":["GET"]}}],"collection":[{"href":"https:\/\/www.pressenza.com\/de\/wp-json\/wp\/v2\/posts"}],"about":[{"href":"https:\/\/www.pressenza.com\/de\/wp-json\/wp\/v2\/types\/post"}],"author":[{"embeddable":true,"href":"https:\/\/www.pressenza.com\/de\/wp-json\/wp\/v2\/users\/1149"}],"replies":[{"embeddable":true,"href":"https:\/\/www.pressenza.com\/de\/wp-json\/wp\/v2\/comments?post=387317"}],"version-history":[{"count":0,"href":"https:\/\/www.pressenza.com\/de\/wp-json\/wp\/v2\/posts\/387317\/revisions"}],"wp:featuredmedia":[{"embeddable":true,"href":"https:\/\/www.pressenza.com\/de\/wp-json\/wp\/v2\/media\/387096"}],"wp:attachment":[{"href":"https:\/\/www.pressenza.com\/de\/wp-json\/wp\/v2\/media?parent=387317"}],"wp:term":[{"taxonomy":"category","embeddable":true,"href":"https:\/\/www.pressenza.com\/de\/wp-json\/wp\/v2\/categories?post=387317"},{"taxonomy":"post_tag","embeddable":true,"href":"https:\/\/www.pressenza.com\/de\/wp-json\/wp\/v2\/tags?post=387317"}],"curies":[{"name":"wp","href":"https:\/\/api.w.org\/{rel}","templated":true}]}}