{"id":384093,"date":"2016-10-16T13:26:22","date_gmt":"2016-10-16T12:26:22","guid":{"rendered":"http:\/\/www.pressenza.com\/de\/?p=384093"},"modified":"2016-10-16T13:26:22","modified_gmt":"2016-10-16T12:26:22","slug":"sezano-italien-die-kraft-der-utopie","status":"publish","type":"post","link":"https:\/\/www.pressenza.com\/de\/2016\/10\/sezano-italien-die-kraft-der-utopie\/","title":{"rendered":"Sezano, Italien: Die Kraft der Utopie"},"content":{"rendered":"<p>Im Laufe des Samstags, 15. Oktober, wurde im <a href=\"http:\/\/monasterodelbenecomune.blogspot.de\/\" target=\"_blank\">Monastero del Bene Comune<\/a> (Kloster des Allgemeinwohls) in Sezano bei Verona die <strong>\u201eBegegnung mit weltweiten Mut \u2013 Utopie neu denken\u201c<\/strong> ins Leben gerufen, bei der drei Workshops gleichzeitig stattfanden. Die Begegnung war Teil des zweit\u00e4gigen Events \u201eInternationaler Gipfel f\u00fcr weltweiten Mut\u201c mit dem Titel \u201eUtopie neu denken\u201c, 500 Jahre nach der Publikation des gleichnamigen Werkes von Thomas Morus.<\/p>\n<p>Der erste Workshop hatte zum Ziel, eine Liste aller \u201eDisutopien\u201c (negativer Utopien) des aktuellen Systems zu erstellen, also solcher Utopien, die dieses als nicht realisierbar ansieht: jeglicher Versuch, Menschenrechte zu verteidigen, wird vom System in Disutopie umgewandelt, indem es die Bedeutung von W\u00f6rtern wie Solidarit\u00e4t, Demokratie, Entwicklung verzerrt und mystifiziert, sie als nicht realisierbar darstellt.<\/p>\n<p>Beim zweiten Workshop tauschten die Teilnehmer praktische Erfahrungen aus, die sich bereits in Aktionen, Bewegungen und Vereinigungen materialisiert haben und die man als Utopien bezeichnen kann, die bereits im Gange sind und die es zu f\u00f6rdern, zu unterst\u00fctzen und zu st\u00e4rken gilt. Die Liste ist lang, und reicht von auf dem Prinzip der Nachhaltigkeit basierenden Gemeinden, den \u201ecomuni virtuosi\u201c und \u201etransition towns\u201c \u00fcber Bewegungen zur Verteidigung von \u00f6ffentlichen Dienstleitungen und G\u00fctern, von Gesetzen zum Allgemeinwohl und der Verfassung, \u00fcber alternative Medien und \u00d6konomien bis zu Bewegungen und Organisationen, die Minderheiten, Einwanderer, Behinderte und sozial Benachteiligte aufnehmen, sch\u00fctzen und verteidigen.<\/p>\n<p>Der dritte Workshop definierte Initiativen, die es im Bereich der Erziehung, Schulen und Universit\u00e4ten, der Medien und sozialen Bewegungen umzusetzen gilt, mit dem Ziel, eine \u201eStrategie f\u00fcr die Utopie\u201c zu f\u00f6rdern: Schulen sind ein Bereich, in dem es sehr wichtig ist, sich zu engagieren, um das Heranwachsen von neuen B\u00fcrgern zu erm\u00f6glichen, B\u00fcrger die selber frei entscheiden k\u00f6nnen, zu welcher Art Mensch sie werden wollen.<\/p>\n<p>Ziel der gemeinsamen Arbeit im Rahmen dieser Workshops ist es, eine <strong>Charta des Lebens<\/strong> zu verfassen, ein weiterer Schritt nach der <a href=\"https:\/\/de.wikipedia.org\/wiki\/Allgemeine_Erkl%C3%A4rung_der_Menschenrechte\" target=\"_blank\">Menschenrechtscharta<\/a> der Vereinten Nationen (1948) und der <a href=\"https:\/\/de.wikipedia.org\/wiki\/Erd-Charta\" target=\"_blank\">Erd-Charta<\/a> (1990).<\/p>\n<p>Der Nachmittag war der Verleihung der Doktortitel Honoris Causa der Utopie 2016 gewidmet: dieses Jahr ging die Auszeichnung an <a href=\"http:\/\/www.coop-newhope.it\/\" target=\"_blank\">New Hope<\/a>, einer sozialen Kooperative italienischer Frauen und Frauen, die als Migrantinnen ehemalige Opfer von Menschenhandel waren, und die zusammen in Caserta eine ethnische Arbeitsgemeinschaft gegr\u00fcndet haben, \u201e f\u00fcr den Mut und die F\u00e4higkeit, Erfahrungen aus sozialer Arbeit und Wirtschaft in ein konkretes Zeichen der Hoffnung zu wandeln\u201c, an den deutschen Friedensaktivisten <a href=\"https:\/\/de.wikipedia.org\/wiki\/J%C3%BCrgen_Gr%C3%A4sslin\" target=\"_blank\">J\u00fcrgen Gr\u00e4sslin<\/a> \u201ef\u00fcr das jahrelange und mutige Engagement, den Skandal des Waffenhandels offenzulegen\u201c, sowie an den belgischen Meisterglaser, Schriftsteller, Dichter und Regisseur <a href=\"https:\/\/fr.wikipedia.org\/wiki\/Bernard_Tirtiaux\" target=\"_blank\">Bernard Tirtiaux<\/a> \u201ef\u00fcr die au\u00dfergew\u00f6hnliche Vielfalt seiner k\u00fcnstlerischen Kreativit\u00e4t&#8230; f\u00fcr die sch\u00f6pferische Kraft, die seinen Werken innewohnt&#8230; und f\u00fcr den gro\u00dfen Respekt und die Liebe f\u00fcr das Leben.\u201c<\/p>\n<p>Die Anwesenden zollten den Ausgezeichneten leidenschaftlichen und herzlichen Applaus und das gesamte Treffen verlief in einem liebevollen, fr\u00f6hlichen und offenen Klima, bei dem die positive Energie von allen geteilt wurde.<\/p>\n<p>Das folgende kurze Video m\u00f6chte eine Art Zusammenfassung der im Kloster verbrachten zwei Tage zur Kraft der Utopie in Bildern und Eindr\u00fccken wiedergeben. Darin kommt auch <a href=\"https:\/\/de.wikipedia.org\/wiki\/Riccardo_Petrella\" target=\"_blank\">Riccardo Petrella<\/a> zu Wort, Politologe, Soziologe und Menschenrechtsaktivist, Autor zahlreicher B\u00fccher und Mitinitiator des Gipfels \u201eUtopie neu denken\u201c sowie der Campagne \u201e<a href=\"http:\/\/www.banningpoverty.org\/\" target=\"_blank\">Banning Poverty 2018<\/a>\u201c. Sein aktuelles Buch \u201eLa forza dell&#8217;Utopia\u201c (\u201eDie Kraft der Utopie\u201c) wird im italienischen Original beim Verlag <a href=\"http:\/\/www.multimage.org\" target=\"_blank\">Multimage<\/a>, Florenz, erscheinen.<\/p>\n<p><iframe loading=\"lazy\" src=\"https:\/\/www.youtube.com\/embed\/eFKj_JstO38\" width=\"560\" height=\"315\" frameborder=\"0\" allowfullscreen=\"allowfullscreen\"><\/iframe><\/p>\n<p>Transkript:<br \/>\n\u201eIch nehme die Idee mit nach Hause, nach Br\u00fcssel, dass die B\u00fcrger sich gegen das aktuelle System wehren m\u00fcssen, nicht nur, weil es ungerecht ist, sondern auch weil es ein System der Gewalt ist, es schafft Ungleichheit, es predigt den Krieg, die Teilung, die Selektion. Aber ich nehme nicht nur Wut oder die Revolte gegen das System mit, ich nehme auch den gro\u00dfen Willen und die Bereitschaft mit, konstituierend zu sein, und heute haben wir festgestellt dass die \u201eUtopisten\u201c tats\u00e4chlich auch \u201eKonstituenten\u201c sind, weil sie dort T\u00fcren \u00f6ffnen, wo das System sie verschlie\u00dft, weil sie neue Horizonte er\u00f6ffnen, wo das System sagt, es g\u00e4be keine andere Alternativen. Und im Bezug auf die Revolte gegen das System nehme ich mir auch das Konzept der Utopie mit, der Humanit\u00e4t, der Einheit und der Gleichheit, die in Wahrheit die gro\u00dfe Kraft der Utopie sind. Eine Welt zu wollen, die gerechter und gleicher f\u00fcr alle ist, also ein Richtungswechsel, eine Wende, die oft verboten wird, wir hingegen haben sie legitimiert, das Prinzip der Wende im Gegensatz zum dominierenden System. Das ist sehr interessant, denn von hier nehmen wir uns auch das Bewusstsein mit, eine andere Zukunft gestalten zu k\u00f6nnen.\u201c<\/p>\n<p><em>Video von Dario Lo Scalzo<\/em><\/p>\n<p><em>\u00dcbersetzung aus dem Italienischen von Evelyn Rottengatter<\/em><\/p>\n","protected":false},"excerpt":{"rendered":"<p>Im Laufe des Samstags, 15. Oktober, wurde im Monastero del Bene Comune (Kloster des Allgemeinwohls) in Sezano bei Verona die \u201eBegegnung mit weltweiten Mut \u2013 Utopie neu denken\u201c ins Leben gerufen, bei der drei Workshops gleichzeitig stattfanden. Die Begegnung war&hellip;<\/p>\n","protected":false},"author":594,"featured_media":383847,"comment_status":"closed","ping_status":"closed","sticky":false,"template":"","format":"standard","meta":{"footnotes":""},"categories":[9150,9167,9156,11387,27991],"tags":[31619,31632,24474,17914,31618,17916,3432],"class_list":["post-384093","post","type-post","status-publish","format-standard","has-post-thumbnail","hentry","category-europa-de","category-frieden-und-abruestung","category-kultur-und-medien","category-originalinhalt","category-video-de","tag-bernard-tirtiaux","tag-die-kraft-der-utopie","tag-juergen-graesslin","tag-monastero-del-bene-comune","tag-new-hope","tag-riccardo-petrella","tag-utopie"],"yoast_head":"<!-- This site is optimized with the Yoast SEO plugin v27.1.1 - https:\/\/yoast.com\/product\/yoast-seo-wordpress\/ -->\n<title>Sezano, Italien: Die Kraft der Utopie<\/title>\n<meta name=\"description\" content=\"Im Laufe des Samstags, 15. Oktober, wurde im Monastero del Bene Comune (Kloster des Allgemeinwohls) in Sezano bei Verona die \u201eBegegnung mit weltweiten Mut\" \/>\n<meta name=\"robots\" content=\"index, follow, max-snippet:-1, max-image-preview:large, max-video-preview:-1\" \/>\n<link rel=\"canonical\" href=\"https:\/\/www.pressenza.com\/de\/2016\/10\/sezano-italien-die-kraft-der-utopie\/\" \/>\n<meta property=\"og:locale\" content=\"de_DE\" \/>\n<meta property=\"og:type\" content=\"article\" \/>\n<meta property=\"og:title\" content=\"Sezano, Italien: Die Kraft der Utopie\" \/>\n<meta property=\"og:description\" content=\"Im Laufe des Samstags, 15. Oktober, wurde im Monastero del Bene Comune (Kloster des Allgemeinwohls) in Sezano bei Verona die \u201eBegegnung mit weltweiten Mut\" \/>\n<meta property=\"og:url\" content=\"https:\/\/www.pressenza.com\/de\/2016\/10\/sezano-italien-die-kraft-der-utopie\/\" \/>\n<meta property=\"og:site_name\" content=\"Pressenza\" \/>\n<meta property=\"article:publisher\" content=\"https:\/\/www.facebook.com\/PressenzaItalia\" \/>\n<meta property=\"article:author\" content=\"https:\/\/www.facebook.com\/PressenzaItalia\" \/>\n<meta property=\"article:published_time\" content=\"2016-10-16T12:26:22+00:00\" \/>\n<meta property=\"og:image\" content=\"https:\/\/www.pressenza.com\/wp-content\/uploads\/2016\/10\/DSC00778-720x405.jpg\" \/>\n\t<meta property=\"og:image:width\" content=\"720\" \/>\n\t<meta property=\"og:image:height\" content=\"405\" \/>\n\t<meta property=\"og:image:type\" content=\"image\/jpeg\" \/>\n<meta name=\"author\" content=\"Redazione Italia\" \/>\n<meta name=\"twitter:card\" content=\"summary_large_image\" \/>\n<meta name=\"twitter:creator\" content=\"@pressenza_it\" \/>\n<meta name=\"twitter:site\" content=\"@PressenzaIPA\" \/>\n<meta name=\"twitter:label1\" content=\"Verfasst von\" \/>\n\t<meta name=\"twitter:data1\" content=\"Redazione Italia\" \/>\n\t<meta name=\"twitter:label2\" content=\"Gesch\u00e4tzte Lesezeit\" \/>\n\t<meta name=\"twitter:data2\" content=\"4\u00a0Minuten\" \/>\n<script type=\"application\/ld+json\" class=\"yoast-schema-graph\">{\"@context\":\"https:\/\/schema.org\",\"@graph\":[{\"@type\":\"Article\",\"@id\":\"https:\/\/www.pressenza.com\/de\/2016\/10\/sezano-italien-die-kraft-der-utopie\/#article\",\"isPartOf\":{\"@id\":\"https:\/\/www.pressenza.com\/de\/2016\/10\/sezano-italien-die-kraft-der-utopie\/\"},\"author\":{\"name\":\"Redazione Italia\",\"@id\":\"https:\/\/www.pressenza.com\/de\/#\/schema\/person\/d983e81827ae24f2c7b1a2123d197f8d\"},\"headline\":\"Sezano, Italien: Die Kraft der Utopie\",\"datePublished\":\"2016-10-16T12:26:22+00:00\",\"mainEntityOfPage\":{\"@id\":\"https:\/\/www.pressenza.com\/de\/2016\/10\/sezano-italien-die-kraft-der-utopie\/\"},\"wordCount\":791,\"publisher\":{\"@id\":\"https:\/\/www.pressenza.com\/de\/#organization\"},\"image\":{\"@id\":\"https:\/\/www.pressenza.com\/de\/2016\/10\/sezano-italien-die-kraft-der-utopie\/#primaryimage\"},\"thumbnailUrl\":\"https:\/\/www.pressenza.com\/wp-content\/uploads\/2016\/10\/DSC00778.jpg\",\"keywords\":[\"Bernard Tirtiaux\",\"Die Kraft der Utopie\",\"J\u00fcrgen Gr\u00e4sslin\",\"Monastero del Bene Comune\",\"New Hope\",\"Riccardo Petrella\",\"utopie\"],\"articleSection\":[\"Europa\",\"Frieden und Abr\u00fcstung\",\"Kultur und Medien\",\"Originalinhalt\",\"Video\"],\"inLanguage\":\"de\"},{\"@type\":\"WebPage\",\"@id\":\"https:\/\/www.pressenza.com\/de\/2016\/10\/sezano-italien-die-kraft-der-utopie\/\",\"url\":\"https:\/\/www.pressenza.com\/de\/2016\/10\/sezano-italien-die-kraft-der-utopie\/\",\"name\":\"Sezano, Italien: Die Kraft der Utopie\",\"isPartOf\":{\"@id\":\"https:\/\/www.pressenza.com\/de\/#website\"},\"primaryImageOfPage\":{\"@id\":\"https:\/\/www.pressenza.com\/de\/2016\/10\/sezano-italien-die-kraft-der-utopie\/#primaryimage\"},\"image\":{\"@id\":\"https:\/\/www.pressenza.com\/de\/2016\/10\/sezano-italien-die-kraft-der-utopie\/#primaryimage\"},\"thumbnailUrl\":\"https:\/\/www.pressenza.com\/wp-content\/uploads\/2016\/10\/DSC00778.jpg\",\"datePublished\":\"2016-10-16T12:26:22+00:00\",\"description\":\"Im Laufe des Samstags, 15. Oktober, wurde im Monastero del Bene Comune (Kloster des Allgemeinwohls) in Sezano bei Verona die \u201eBegegnung mit weltweiten Mut\",\"breadcrumb\":{\"@id\":\"https:\/\/www.pressenza.com\/de\/2016\/10\/sezano-italien-die-kraft-der-utopie\/#breadcrumb\"},\"inLanguage\":\"de\",\"potentialAction\":[{\"@type\":\"ReadAction\",\"target\":[\"https:\/\/www.pressenza.com\/de\/2016\/10\/sezano-italien-die-kraft-der-utopie\/\"]}]},{\"@type\":\"ImageObject\",\"inLanguage\":\"de\",\"@id\":\"https:\/\/www.pressenza.com\/de\/2016\/10\/sezano-italien-die-kraft-der-utopie\/#primaryimage\",\"url\":\"https:\/\/www.pressenza.com\/wp-content\/uploads\/2016\/10\/DSC00778.jpg\",\"contentUrl\":\"https:\/\/www.pressenza.com\/wp-content\/uploads\/2016\/10\/DSC00778.jpg\",\"width\":3984,\"height\":2240},{\"@type\":\"BreadcrumbList\",\"@id\":\"https:\/\/www.pressenza.com\/de\/2016\/10\/sezano-italien-die-kraft-der-utopie\/#breadcrumb\",\"itemListElement\":[{\"@type\":\"ListItem\",\"position\":1,\"name\":\"Accueil\",\"item\":\"https:\/\/www.pressenza.com\/de\/\"},{\"@type\":\"ListItem\",\"position\":2,\"name\":\"Sezano, Italien: Die Kraft der Utopie\"}]},{\"@type\":\"WebSite\",\"@id\":\"https:\/\/www.pressenza.com\/de\/#website\",\"url\":\"https:\/\/www.pressenza.com\/de\/\",\"name\":\"Pressenza\",\"description\":\"International Press Agency\",\"publisher\":{\"@id\":\"https:\/\/www.pressenza.com\/de\/#organization\"},\"potentialAction\":[{\"@type\":\"SearchAction\",\"target\":{\"@type\":\"EntryPoint\",\"urlTemplate\":\"https:\/\/www.pressenza.com\/de\/?s={search_term_string}\"},\"query-input\":{\"@type\":\"PropertyValueSpecification\",\"valueRequired\":true,\"valueName\":\"search_term_string\"}}],\"inLanguage\":\"de\"},{\"@type\":\"Organization\",\"@id\":\"https:\/\/www.pressenza.com\/de\/#organization\",\"name\":\"Pressenza\",\"url\":\"https:\/\/www.pressenza.com\/de\/\",\"logo\":{\"@type\":\"ImageObject\",\"inLanguage\":\"de\",\"@id\":\"https:\/\/www.pressenza.com\/de\/#\/schema\/logo\/image\/\",\"url\":\"https:\/\/www.pressenza.com\/wp-content\/uploads\/2022\/10\/pressenza_logo_200x200.jpg\",\"contentUrl\":\"https:\/\/www.pressenza.com\/wp-content\/uploads\/2022\/10\/pressenza_logo_200x200.jpg\",\"width\":200,\"height\":200,\"caption\":\"Pressenza\"},\"image\":{\"@id\":\"https:\/\/www.pressenza.com\/de\/#\/schema\/logo\/image\/\"},\"sameAs\":[\"https:\/\/www.facebook.com\/PressenzaItalia\",\"https:\/\/x.com\/PressenzaIPA\"]},{\"@type\":\"Person\",\"@id\":\"https:\/\/www.pressenza.com\/de\/#\/schema\/person\/d983e81827ae24f2c7b1a2123d197f8d\",\"name\":\"Redazione Italia\",\"description\":\"News from the Pressenza Bureau in Italy\",\"sameAs\":[\"https:\/\/www.pressenza.com\/it\/author\/redazione-italia\/\",\"https:\/\/www.facebook.com\/PressenzaItalia\",\"https:\/\/www.instagram.com\/pressenza_italia\/\",\"https:\/\/x.com\/pressenza_it\",\"https:\/\/www.youtube.com\/channel\/UCSalEIWjE1RSxkwjfftFuqg\"],\"url\":\"https:\/\/www.pressenza.com\/de\/author\/redazione-italia\/\"}]}<\/script>\n<!-- \/ Yoast SEO plugin. -->","yoast_head_json":{"title":"Sezano, Italien: Die Kraft der Utopie","description":"Im Laufe des Samstags, 15. Oktober, wurde im Monastero del Bene Comune (Kloster des Allgemeinwohls) in Sezano bei Verona die \u201eBegegnung mit weltweiten Mut","robots":{"index":"index","follow":"follow","max-snippet":"max-snippet:-1","max-image-preview":"max-image-preview:large","max-video-preview":"max-video-preview:-1"},"canonical":"https:\/\/www.pressenza.com\/de\/2016\/10\/sezano-italien-die-kraft-der-utopie\/","og_locale":"de_DE","og_type":"article","og_title":"Sezano, Italien: Die Kraft der Utopie","og_description":"Im Laufe des Samstags, 15. Oktober, wurde im Monastero del Bene Comune (Kloster des Allgemeinwohls) in Sezano bei Verona die \u201eBegegnung mit weltweiten Mut","og_url":"https:\/\/www.pressenza.com\/de\/2016\/10\/sezano-italien-die-kraft-der-utopie\/","og_site_name":"Pressenza","article_publisher":"https:\/\/www.facebook.com\/PressenzaItalia","article_author":"https:\/\/www.facebook.com\/PressenzaItalia","article_published_time":"2016-10-16T12:26:22+00:00","og_image":[{"width":720,"height":405,"url":"https:\/\/www.pressenza.com\/wp-content\/uploads\/2016\/10\/DSC00778-720x405.jpg","type":"image\/jpeg"}],"author":"Redazione Italia","twitter_card":"summary_large_image","twitter_creator":"@pressenza_it","twitter_site":"@PressenzaIPA","twitter_misc":{"Verfasst von":"Redazione Italia","Gesch\u00e4tzte Lesezeit":"4\u00a0Minuten"},"schema":{"@context":"https:\/\/schema.org","@graph":[{"@type":"Article","@id":"https:\/\/www.pressenza.com\/de\/2016\/10\/sezano-italien-die-kraft-der-utopie\/#article","isPartOf":{"@id":"https:\/\/www.pressenza.com\/de\/2016\/10\/sezano-italien-die-kraft-der-utopie\/"},"author":{"name":"Redazione Italia","@id":"https:\/\/www.pressenza.com\/de\/#\/schema\/person\/d983e81827ae24f2c7b1a2123d197f8d"},"headline":"Sezano, Italien: Die Kraft der Utopie","datePublished":"2016-10-16T12:26:22+00:00","mainEntityOfPage":{"@id":"https:\/\/www.pressenza.com\/de\/2016\/10\/sezano-italien-die-kraft-der-utopie\/"},"wordCount":791,"publisher":{"@id":"https:\/\/www.pressenza.com\/de\/#organization"},"image":{"@id":"https:\/\/www.pressenza.com\/de\/2016\/10\/sezano-italien-die-kraft-der-utopie\/#primaryimage"},"thumbnailUrl":"https:\/\/www.pressenza.com\/wp-content\/uploads\/2016\/10\/DSC00778.jpg","keywords":["Bernard Tirtiaux","Die Kraft der Utopie","J\u00fcrgen Gr\u00e4sslin","Monastero del Bene Comune","New Hope","Riccardo Petrella","utopie"],"articleSection":["Europa","Frieden und Abr\u00fcstung","Kultur und Medien","Originalinhalt","Video"],"inLanguage":"de"},{"@type":"WebPage","@id":"https:\/\/www.pressenza.com\/de\/2016\/10\/sezano-italien-die-kraft-der-utopie\/","url":"https:\/\/www.pressenza.com\/de\/2016\/10\/sezano-italien-die-kraft-der-utopie\/","name":"Sezano, Italien: Die Kraft der Utopie","isPartOf":{"@id":"https:\/\/www.pressenza.com\/de\/#website"},"primaryImageOfPage":{"@id":"https:\/\/www.pressenza.com\/de\/2016\/10\/sezano-italien-die-kraft-der-utopie\/#primaryimage"},"image":{"@id":"https:\/\/www.pressenza.com\/de\/2016\/10\/sezano-italien-die-kraft-der-utopie\/#primaryimage"},"thumbnailUrl":"https:\/\/www.pressenza.com\/wp-content\/uploads\/2016\/10\/DSC00778.jpg","datePublished":"2016-10-16T12:26:22+00:00","description":"Im Laufe des Samstags, 15. Oktober, wurde im Monastero del Bene Comune (Kloster des Allgemeinwohls) in Sezano bei Verona die \u201eBegegnung mit weltweiten Mut","breadcrumb":{"@id":"https:\/\/www.pressenza.com\/de\/2016\/10\/sezano-italien-die-kraft-der-utopie\/#breadcrumb"},"inLanguage":"de","potentialAction":[{"@type":"ReadAction","target":["https:\/\/www.pressenza.com\/de\/2016\/10\/sezano-italien-die-kraft-der-utopie\/"]}]},{"@type":"ImageObject","inLanguage":"de","@id":"https:\/\/www.pressenza.com\/de\/2016\/10\/sezano-italien-die-kraft-der-utopie\/#primaryimage","url":"https:\/\/www.pressenza.com\/wp-content\/uploads\/2016\/10\/DSC00778.jpg","contentUrl":"https:\/\/www.pressenza.com\/wp-content\/uploads\/2016\/10\/DSC00778.jpg","width":3984,"height":2240},{"@type":"BreadcrumbList","@id":"https:\/\/www.pressenza.com\/de\/2016\/10\/sezano-italien-die-kraft-der-utopie\/#breadcrumb","itemListElement":[{"@type":"ListItem","position":1,"name":"Accueil","item":"https:\/\/www.pressenza.com\/de\/"},{"@type":"ListItem","position":2,"name":"Sezano, Italien: Die Kraft der Utopie"}]},{"@type":"WebSite","@id":"https:\/\/www.pressenza.com\/de\/#website","url":"https:\/\/www.pressenza.com\/de\/","name":"Pressenza","description":"International Press Agency","publisher":{"@id":"https:\/\/www.pressenza.com\/de\/#organization"},"potentialAction":[{"@type":"SearchAction","target":{"@type":"EntryPoint","urlTemplate":"https:\/\/www.pressenza.com\/de\/?s={search_term_string}"},"query-input":{"@type":"PropertyValueSpecification","valueRequired":true,"valueName":"search_term_string"}}],"inLanguage":"de"},{"@type":"Organization","@id":"https:\/\/www.pressenza.com\/de\/#organization","name":"Pressenza","url":"https:\/\/www.pressenza.com\/de\/","logo":{"@type":"ImageObject","inLanguage":"de","@id":"https:\/\/www.pressenza.com\/de\/#\/schema\/logo\/image\/","url":"https:\/\/www.pressenza.com\/wp-content\/uploads\/2022\/10\/pressenza_logo_200x200.jpg","contentUrl":"https:\/\/www.pressenza.com\/wp-content\/uploads\/2022\/10\/pressenza_logo_200x200.jpg","width":200,"height":200,"caption":"Pressenza"},"image":{"@id":"https:\/\/www.pressenza.com\/de\/#\/schema\/logo\/image\/"},"sameAs":["https:\/\/www.facebook.com\/PressenzaItalia","https:\/\/x.com\/PressenzaIPA"]},{"@type":"Person","@id":"https:\/\/www.pressenza.com\/de\/#\/schema\/person\/d983e81827ae24f2c7b1a2123d197f8d","name":"Redazione Italia","description":"News from the Pressenza Bureau in Italy","sameAs":["https:\/\/www.pressenza.com\/it\/author\/redazione-italia\/","https:\/\/www.facebook.com\/PressenzaItalia","https:\/\/www.instagram.com\/pressenza_italia\/","https:\/\/x.com\/pressenza_it","https:\/\/www.youtube.com\/channel\/UCSalEIWjE1RSxkwjfftFuqg"],"url":"https:\/\/www.pressenza.com\/de\/author\/redazione-italia\/"}]}},"place":"","original_article_url":"","_links":{"self":[{"href":"https:\/\/www.pressenza.com\/de\/wp-json\/wp\/v2\/posts\/384093","targetHints":{"allow":["GET"]}}],"collection":[{"href":"https:\/\/www.pressenza.com\/de\/wp-json\/wp\/v2\/posts"}],"about":[{"href":"https:\/\/www.pressenza.com\/de\/wp-json\/wp\/v2\/types\/post"}],"author":[{"embeddable":true,"href":"https:\/\/www.pressenza.com\/de\/wp-json\/wp\/v2\/users\/594"}],"replies":[{"embeddable":true,"href":"https:\/\/www.pressenza.com\/de\/wp-json\/wp\/v2\/comments?post=384093"}],"version-history":[{"count":0,"href":"https:\/\/www.pressenza.com\/de\/wp-json\/wp\/v2\/posts\/384093\/revisions"}],"wp:featuredmedia":[{"embeddable":true,"href":"https:\/\/www.pressenza.com\/de\/wp-json\/wp\/v2\/media\/383847"}],"wp:attachment":[{"href":"https:\/\/www.pressenza.com\/de\/wp-json\/wp\/v2\/media?parent=384093"}],"wp:term":[{"taxonomy":"category","embeddable":true,"href":"https:\/\/www.pressenza.com\/de\/wp-json\/wp\/v2\/categories?post=384093"},{"taxonomy":"post_tag","embeddable":true,"href":"https:\/\/www.pressenza.com\/de\/wp-json\/wp\/v2\/tags?post=384093"}],"curies":[{"name":"wp","href":"https:\/\/api.w.org\/{rel}","templated":true}]}}