{"id":383786,"date":"2016-10-15T17:16:49","date_gmt":"2016-10-15T16:16:49","guid":{"rendered":"http:\/\/www.pressenza.com\/de\/?p=383786"},"modified":"2016-10-15T17:18:48","modified_gmt":"2016-10-15T16:18:48","slug":"reden-wir-ueber-hartz-iv-sanktionen","status":"publish","type":"post","link":"https:\/\/www.pressenza.com\/de\/2016\/10\/reden-wir-ueber-hartz-iv-sanktionen\/","title":{"rendered":"Reden wir \u00fcber Hartz-IV-Sanktionen \u2026"},"content":{"rendered":"<p><strong><a href=\"https:\/\/neue-debatte.com\/2016\/08\/18\/demokratische-sozialisten-eine-neue-partei-fuer-oesterreich\/\" target=\"_blank\">Gunther Sosna<\/a> sprach mit Inge Hannemann von <a href=\"https:\/\/sanktionsfrei.de\" target=\"_blank\">Sanktionsfrei.de<\/a> \u00fcber die Sinnlosigkeit von Strafen, den\u00a0Erpressungsmechanismus der Regierung\u00a0und \u00fcber Politiker, denen\u00a0das Schicksal von Hartz-IV-Empf\u00e4ngern egal ist.<\/strong><span id=\"more-10675\"><\/span><\/p>\n<p><strong><em>Gunther Sosna: Frau Hannemann, mit dem gemeinn\u00fctzigen Verein Sanktionsfrei setzen Sie sich f\u00fcr die Abschaffung der Sanktionen von Hartz-IV-Beziehern ein und unterst\u00fctzen diese auch durch rechtliche Beratung bei Auseinandersetzungen mit dem Jobcenter. Wie viele Menschen haben sich bisher an Sanktionsfrei gewendet?<\/em><\/strong><\/p>\n<p>Inge Hannemann: Uns erreichen t\u00e4glich sehr viele Mails und Nachrichten \u00fcber die Sozialen Netzwerke mit Anfragen zu <a href=\"https:\/\/de.wikipedia.org\/wiki\/Hartz_IV\" target=\"_blank\">Hartz-IV<\/a>, Nebenkostenabrechnungen, Widerspr\u00fcche, Mietkosten oder pers\u00f6nlichen \u00c4rger mit dem Jobcenter. Ich selbst erhalte weiterhin sehr viele Mails \u00fcber meine E-Mailaccounts. Es ist schwer die genaue Zahl zu benennen, da wir im Team diese Mails versuchen so schnell als m\u00f6glich zu beantworten. Aber ich w\u00fcrde sagen, dass es im Schnitt zwischen 50 bis 80 Anfragen t\u00e4glich sind.<\/p>\n<figure id=\"attachment_10853\" class=\"wp-caption aligncenter\" data-shortcode=\"caption\">\n<div id=\"attachment_10853\" class=\"wp-caption aligncenter\"><img loading=\"lazy\" decoding=\"async\" aria-describedby=\"caption-attachment-10853\" class=\"wp-image-10853 size-full\" src=\"https:\/\/neuedebatte.files.wordpress.com\/2016\/09\/beitrag-neue-debatte-interview-inge-hannemann-screenshot-sanktionsfrei-de.jpg?w=720\" alt=\"beitrag-neue-debatte-interview-inge-hannemann-screenshot-sanktionsfrei-de\" width=\"653\" height=\"427\" \/><p id=\"caption-attachment-10853\" class=\"wp-caption-text\">Inge Hannemann setzt sich mit Sanktionsfrei.de f\u00fcr eine Abschaffung der Hartz-IV-Sanktionen ein. (Foto: Screenshot\/Sanktionsfrei.de)<\/p><\/div>\n<\/figure>\n<p><strong><em>Seit dem 1. August gelten einige Gesetzes\u00e4nderungen, die auch Bezieher und Bezieherinnen von Hartz-IV-Leistungen betreffen. Zum Beispiel werden k\u00fcnftig Arbeitslosengeld II und Sozialgeld f\u00fcr zw\u00f6lf Monate bewilligt. Au\u00dferdem k\u00f6nnen im Rahmen der Grundsicherung mehr Wohnungen als angemessen bewertet werden. Das klingt nach einer Verbesserung. Wie bewerten Sie die neuen Regelungen?<\/em><\/strong><\/p>\n<p>Bereits in der Vergangenheit wurden rund 50 Prozent der Bewilligungen f\u00fcr 12 Monate ausgesprochen. Das hei\u00dft, es ist nicht wirklich eine Neuerung. Das wurde auch durch die Personalr\u00e4te Jobcenter Region Hannover in einer Stellungnahme an Frau Nahles <em>(Anm.: <a href=\"https:\/\/de.wikipedia.org\/wiki\/Andrea_Nahles\" target=\"_blank\">Andrea Nahles<\/a> (SPD) ist Bundesministerin f\u00fcr Arbeit und Soziales)<\/em> Ende August best\u00e4tigt und kritisiert.<\/p>\n<blockquote><p><strong>Die Reduzierung der Bescheide verringert sich um maximal einen Bescheid pro Bedarfsgemeinschaft j\u00e4hrlich.<\/strong><\/p><\/blockquote>\n<p>Weiterhin bleiben jedoch die sechs Monate dann bestehen, wenn die Leistung nur vorl\u00e4ufig bewilligt wurde beziehungsweise wird. Das gilt besonders f\u00fcr Selbstst\u00e4ndige oder f\u00fcr Bezieherinnen und Bezieher von Arbeitslosengeld II mit schwankenden Einkommen. Ob es tats\u00e4chlich zu einer Erleichterung in den Jobcentern kommt, bleibt somit abzuwarten. Und man muss bedenken: Die Reduzierung der Bescheide verringert sich um maximal einen Bescheid pro Bedarfsgemeinschaft j\u00e4hrlich.<\/p>\n<p>Inwiefern mehr Wohnungen als angemessen bewertet werden sollen, stelle ich in Frage, wenn ich die in der Regel oftmals viel zu niedrig angesetzten Mieten ansehe. Mit den \u00c4nderungen wurden ja leider nicht parallel die ben\u00f6tigten Mieten neu berechnet und entsprechend angepasst. Vielmehr sehe ich hier eine Verletzung des bestehenden Bundessozialgerichtsurteils, die die <a href=\"http:\/\/juris.bundessozialgericht.de\/cgi-bin\/rechtsprechung\/document.py?Gericht=bsg&amp;Art=en&amp;nr=11181\" target=\"_blank\">Pauschalierungen von Heizkosten<\/a> ablehnen. Und genau das passiert bei einer eventuellen Umsetzung einer Gesamtbruttowarmmiete. Das ist klar abzulehnen.<\/p>\n<p><em><strong>Sind die sogenannten Rechtsvereinfachungen tats\u00e4chlich Vereinfachungen oder eine Mogelpackung, die die Situation f\u00fcr Bezieher von Hartz-IV versch\u00e4rft?<\/strong><\/em><\/p>\n<p>In den meisten \u00c4nderungen sehe ich weitere Versch\u00e4rfungen, Entrechtungen indem Bundessozialgerichtsurteile ausgehebelt werden und restriktivere Einschr\u00e4nkungen f\u00fcr die Arbeitslosengeld-II-Leistungsberechtigten. Insbesondere die Versch\u00e4rfungen der M\u00f6glichkeit durch die Jobcenter Leistungen zur\u00fcckzufordern, wenn scheinbar \u201e<a href=\"http:\/\/www.spiegel.de\/wirtschaft\/soziales\/jobcenter-sollen-haerter-gegen-hartz-iv-empfaenger-vorgehen-a-1110565.html\" target=\"_blank\">sozialwidriges Verhalten<\/a>\u201c\u00a0vorliegt.<\/p>\n<blockquote><p><strong>Fassen Sie mal einem nackten Mann in die Tasche. Da ist einfach nichts.<\/strong><\/p><\/blockquote>\n<p>Diese neue Gesetzgebung ist von vorne bis hinten schwammig, nicht klar definiert und beruft sich auf Objektivit\u00e4t der Mitarbeiter in den Jobcentern. Ganz zu schweigen von der dadurch m\u00f6glichen entstehenden Unterschreitung eines Existenzminimums \u00fcber Jahre hinweg. Von einer Vereinfachung sind wir meilenweit entfernt. Positiver ist der Bereich der Unterst\u00fctzung junger Menschen in eine Ausbildung zu bewerten. Ansonsten ist es eine Mogelpackung.<\/p>\n<p><strong><em>Wenn man den Statistiken glauben darf, beziehen in Deutschland zurzeit etwa 4,3 Millionen Menschen Hartz-IV-Leistungen. Allerdings werden jeden Monat auch Tausende von Sanktionen verh\u00e4ngt. K\u00f6nnen Sie typische Gr\u00fcnde nennen, mit denen Sanktionen gerechtfertigt werden?<\/em><\/strong><\/p>\n<p>Aus der Sicht der <a href=\"https:\/\/www.arbeitsagentur.de\/\" target=\"_blank\">Bundesagentur f\u00fcr Arbeit<\/a>\u00a0(BA), arbeiten die Jobcentermitarbeiter im Sinne der Steuerzahler. Es ist ein h\u00e4ufig wiederholtes Mantra in den Mitarbeiterbriefen, in der Mitarbeiterzeitschrift Dialog oder in Interviews mit den Vorst\u00e4nden der BA.<\/p>\n<p>Weiterhin gilt, dass das \u201eFordern\u201c, und dazu z\u00e4hlen auch die Sanktionen, einen Erziehungscharakter aufweisen soll. So zumindest titelt es die Bundesagentur f\u00fcr Arbeit in ihren Arbeitshilfen \u201eSanktionen\u201c f\u00fcr die Mitarbeiter.<\/p>\n<p><strong><em>Was bedeuten die teilweise drastischen K\u00fcrzungen f\u00fcr das t\u00e4gliche Leben der Betroffenen?<\/em><\/strong><\/p>\n<p>Grunds\u00e4tzlich ist es immer eine K\u00fcrzung des Existenzminimums. Fassen Sie mal einem nackten Mann in die Tasche. Da ist einfach nichts.<\/p>\n<figure id=\"attachment_10848\" class=\"wp-caption aligncenter\" data-shortcode=\"caption\">\n<div id=\"attachment_10848\" class=\"wp-caption aligncenter\"><img loading=\"lazy\" decoding=\"async\" aria-describedby=\"caption-attachment-10848\" class=\"wp-image-10848 size-full\" src=\"https:\/\/neuedebatte.files.wordpress.com\/2016\/09\/beitrag-neue-debatte-interview-inge-hannemann-hartz-iv-david-mark-pixabay-com-cc0-public-domain.jpg?w=720\" alt=\"beitrag-neue-debatte-interview-inge-hannemann-hartz-iv-david-mark-pixabay-com-cc0-public-domain\" width=\"640\" height=\"408\" \/><p id=\"caption-attachment-10848\" class=\"wp-caption-text\">Die Folgen von Hartz-IV-Sanktionen k\u00f6nnen Obdachlosigkeit, Hunger oder komplette Ausgrenzung sein. (Symbolfoto: Lager eines Obdachlosen.)<\/p><\/div>\n<\/figure>\n<p>Und nicht anders geht es den Betroffenen. F\u00fcr sie hei\u00dft es, dass noch mehr auf irgendeiner Seite eingespart werden muss. Und das wiederum bedeutet, dass man dort einspart, wo bereits extrem gespart wird: Kulturelle Teilhabe, Benutzung der \u00f6ffentlichen Verkehrsmittel, Medikamente, Essen oder die Rechnungen bleiben liegen. Die Folgen k\u00f6nnen Obdachlosigkeit, Hunger oder komplette Ausgrenzung sein.<\/p>\n<p><em><strong>Bewirken diese Sanktionen \u00fcberhaupt etwas Positives oder wird von den Jobcentern lediglich Geld eingespart?<\/strong><\/em><\/p>\n<p>Bestrafung ist nie etwas Positives. Und das sind Sanktionen: Es sind Bestrafungen von m\u00fcndigen B\u00fcrgern oder zum Teil auch bei jungen Menschen ab 15 Jahren. Die Jobcenter sparen nat\u00fcrlich Geld. So sparten die Jobcenter im letzten Jahr 170 Millionen Euro, in den Jahren zuvor waren es in 2014 rund 182 Millionen Euro und in 2013 sogar 190 Millionen Euro. Das ergab eine Anfrage der Linken im Bundestag. Und diese Einsparungen sollten mit dem Blick in den Bundesfinanztopf und der schwarzen Sch\u00e4uble-Null durchaus Beachtung finden.<\/p>\n<p><em><strong>Wenn man die Begr\u00fcndungen f\u00fcr Sanktionen h\u00f6rt, also, dass Termine nicht eingehalten oder angebotene Jobs abgelehnt wurden, k\u00f6nnte man den Eindruck gewinnen, Bezieher von Hartz-IV seien besonders unzuverl\u00e4ssig und h\u00e4tten keine Lust zu arbeiten. Ist dieser Eindruck in irgendeiner Art und Weise gerechtfertigt?<\/strong><\/em><\/p>\n<p>Es ist immer die Frage, worauf lege ich den Fokus. Leider neigen gerade die Medien dazu, ihre Sicht nur auf die Arbeitslosengeld-II-Leistungsberechtigten zu legen und diesen Punkt besonders hervorzuheben.<\/p>\n<blockquote><p><strong>Der Staat muss dringend gegensteuern, damit der soziale Frieden nicht weiterhin gef\u00e4hrdet ist.<\/strong><\/p><\/blockquote>\n<p>Daraus folgt unweigerlich das Stigma des \u201efaulen Hartzers\u201c und der darauffolgenden Stigmatisierung. Den Betroffenen wird damit die Chance verwirkt, sich so dazustellen wie sie mehrheitlich sind: N\u00e4mlich auf der Suche nach einer T\u00e4tigkeit, ihrem ehrenamtlichen Engagement, die Pflege von Angeh\u00f6rigen oder eben auch Erziehungsarbeit leisten.<\/p>\n<p>Statt der laufenden Stigmatisierung ist es zwingend notwendig, dass diese Menschen in unserer Gesellschaft eine faire Teilhabe erhalten, um ihnen eine Chance zu geben. Der Staat muss dringend gegensteuern, damit der soziale Frieden nicht weiterhin gef\u00e4hrdet ist.<\/p>\n<p><em><strong>Jetzt gibt es auch noch weit <a href=\"https:\/\/www.die-linke.de\/politik\/positionen\/arbeitsmarkt-und-mindestlohn\/tatsaechliche-arbeitslosigkeit\/\" target=\"_blank\">\u00fcber 2,6 Millionen Arbeitslose<\/a> in Deutschland. Da scheint es mehr als unm\u00f6glich, auch allen Hartz-IV-Beziehern einen geeigneten Job zu vermitteln. Was f\u00fcr T\u00e4tigkeiten werden typischerweise angeboten?<\/strong><\/em><\/p>\n<p>Sehr h\u00e4ufig werden T\u00e4tigkeiten \u00fcber Zeitarbeit angeboten. Das sind oftmals Helferstellen, wobei auch hier Fachkr\u00e4fte dazu gezwungen werden, sich zu bewerben. Damit werden Fachkr\u00e4fte, wie zum Beispiel\u00a0Ingenieure zu Helfern degradiert und bleiben intern als Helfer oder Helferin gespeichert.<\/p>\n<blockquote><p><strong>Sanktionen sind aus ethischer und moralischer Sicht nie vertretbar.<\/strong><\/p><\/blockquote>\n<p>Das ist dem internen Matching in den Jobcentern oder auch in den Arbeitsagenturen geschuldet, welches sich oftmals auf die zuletzt ausge\u00fcbte T\u00e4tigkeit bezieht. Somit ist es ein Programmierfehler auf Kosten der Erwerbslosen und deren eigentlicher beruflichen Biographie. Das ist nicht hinnehmbar. Beliebt sind auch Vermittlungen in Callcenter, als Lagerhelfer, in der Produktion oder in das Gastgewerbe.<\/p>\n<p><strong><em>Laut einer <a href=\"http:\/\/doku.iab.de\/forschungsbericht\/2013\/fb1213.pdf\" target=\"_blank\">Studie des Instituts f\u00fcr Arbeitsmarkt- und Berufsforschung<\/a> (IAB) sowie der Universit\u00e4t Halle-Wittenberg leidet \u00fcber ein Drittel der Hartz-IV-Empf\u00e4nger unter psychischen Erkrankungen. Ist unter diesem Aspekt eine Sanktionierung aus Ihrer Sicht ethisch und moralisch \u00fcberhaupt noch vertretbar?<\/em><\/strong><\/p>\n<p>Wie ich bereits gesagt habe: Sanktionen sind nie etwas Positives. Ich pers\u00f6nlich vertrete die Meinung, dass Sanktionen aus ethischer und moralischer Sicht nie vertretbar sind. Das Arbeitslosengeld II ist das Existenzminimum. Und wie kann aus einem Minimum ein weiteres Minimum werden?<\/p>\n<p><em><strong>Wie reagieren Politiker auf Ihre Forderungen? Denen d\u00fcrften diese Zahlen ja auch bekannt sein. Oder h\u00f6ren die Ihnen nicht zu?<\/strong><\/em><\/p>\n<p>Wenn wir oder ich von Politikern reden, kann ich leider keine Partei, au\u00dfer die Linken und die Piraten, rausnehmen und stelle fest: Sie h\u00f6ren durchaus zu, aber es ist ihnen egal. Das klingt hart. Aber wenn das Bundesarbeitsministerium unter der SPD und mit Zustimmung der anderen Parteien ein Versch\u00e4rfungsrecht durchsetzt, die M\u00f6glichkeit der R\u00fcckforderung von Leistungen als ein zweites Sanktionsregime einf\u00fchrt und die Hartz-IV-Erh\u00f6hungen nicht mal eine Lachnummer abgeben, kann ich nur noch von Ignoranz sprechen.<\/p>\n<p><em><strong>Die Arbeit von Sanktionsfrei wird zu einem gro\u00dfen Teil durch <a href=\"http:\/\/www.crowdfunding.de\/plattformen\/\" target=\"_blank\">Crowdfunding<\/a> und aus Spenden finanziert. Sehr viele Menschen haben Ihr Vorhaben finanziell unterst\u00fctzt. Aber Sie k\u00e4mpfen gegen ein System an, dass Milliarden von Euro in der Kasse hat und sogar durch Gesetze legitimiert wird. Kann man unter diesen Voraussetzungen \u00fcberhaupt gewinnen?<\/strong><\/em><\/p>\n<p>Uns von Sanktionsfrei geht es nicht darum, wer die Verlierer oder Gewinner sind, sondern darum, den Menschen eine Hilfe anzubieten und den Jobcentern einen Spiegel vorzuhalten. Wenn wir in Gewinner und Verlierer denken w\u00fcrden, w\u00e4re das wohl sehr frustrierend und damit kommen wir in ein Konkurrenzdenken, was fehl am Platz w\u00e4re.<\/p>\n<p><strong><em>Eine letzte Frage. W\u00fcrden die Sanktionen entfallen, h\u00e4tten wir praktisch \u00fcber Nacht ein bedingungsloses Grundeinkommen (BGE) eingef\u00fchrt. Kann es sein, dass die Sanktionen nur deshalb mit aller Macht erhalten werden, um ein BGE zu verhindern?<\/em><\/strong><\/p>\n<p>Zun\u00e4chst h\u00e4tten wir eben leider dann doch kein bedingungsloses Grundeinkommen. Ich m\u00f6chte kurz erkl\u00e4ren warum. Bedingungslos w\u00e4re es dann, wenn sich die Menschen nicht weiterhin \u201enackt\u201c machen m\u00fcssten. Man m\u00fcsste trotzdem weiterhin alles offenlegen, wie das Einkommen, das Verm\u00f6gen im Haushalt \u2013 auch das der Kinder, der eigenen Eltern, sofern sie mit im Haushalt leben. Das f\u00fchrt wiederum dazu, dass die Kinder zum Beispiel\u00a0mit ihrem Ausbildungsgeld, den Hartz-IV-Satz ihrer Eltern verringern m\u00fcssen.<\/p>\n<blockquote><p><strong>Die Sanktionen haben ihre Berechtigung innerhalb der Jobcenter und der Regierung in ihrem Erpressungsmechanismus.<\/strong><\/p><\/blockquote>\n<p>Bedingungslos w\u00e4re es dann, wenn den Menschen, und zwar allen, tats\u00e4chlich ein Existenzminimum ohne Bedingungen ausbezahlt werden w\u00fcrde. Und somit dieses bestehen bleibt. Aus diesem Grund spreche ich von einem Grundeinkommen \u2013 aber eben nicht bedingungslos.<\/p>\n<p>Zu den Sanktionen kann ich nur sagen, die Sanktionen haben ihre Berechtigung innerhalb der Jobcenter und der Regierung in ihrem Erpressungsmechanismus, so dass die Menschen jede T\u00e4tigkeit oder Sinnlosma\u00dfnahmen annehmen m\u00fcssen. Auch wenn es absolut nicht passt oder die T\u00e4tigkeit aus k\u00f6rperlichen Gr\u00fcnden gar nicht ausge\u00fcbt werden kann. Auch kann ich mit den Sanktionen den derzeitigen Niedriglohnsektor aufrechterhalten.<\/p>\n<p>Sanktionen \u00fcben Druck aus. Und Druck \u00fcbt Angst aus. Und Menschen mit Angst wehren sich kaum, sondern reagieren nur noch. All dieses ist ein Armutszeugnis unserer Regierung und leider gewollt.<\/p>\n<p><em><strong>\u00dcber Inge\u00a0Hannemann:\u00a0<\/strong><a href=\"https:\/\/de.wikipedia.org\/wiki\/Inge_Hannemann\" target=\"_blank\">Hannemann<\/a> war die erste Mitarbeiterin eines deutschen Jobcenters, die sich in der \u00d6ffentlichkeit kritisch\u00a0\u00fcber\u00a0die Arbeitsmarktpolitik der Agenda 2010 \u00e4u\u00dferte. In dem Buch <strong>\u201eDie Hartz IV Diktatur. Eine Arbeitsvermittlerin klagt an\u201c<\/strong> f\u00fchrte Inge Hannemann beispielhaft F\u00e4lle\u00a0aus ihrer Zeit als Fallbearbeiterin bei der ARGE an und schilderte die pers\u00f6nlichen Folgen, welche die Hartz-IV-Sanktionen bei Betroffenen ausl\u00f6sen.<\/em><\/p>\n<p><em>Sie ist Mitinitiatorin\u00a0von\u00a0Sanktionsfrei e.V.\u00a0<\/em><em>\u00dcber die\u00a0Online-Plattform <span class=\"skimlinks-unlinked\">Sanktionsfrei.de<\/span>, die durch Spenden und Crowdfunding finanziert wurde, will man Hartz-IV-Empf\u00e4nger dabei unterst\u00fctzen, sich gegen die B\u00fcrokratie der Jobcenter zur Wehr zu setzen und tritt zudem\u00a0f\u00fcr\u00a0die Abschaffung der Sanktionen gegen Hartz-IV-Bezieher ein.\u00a0<\/em><em>Hannemann wurde\u00a0Februar 2015 auf der Liste der Partei <strong>Die Linke<\/strong> in die <a href=\"http:\/\/www.linksfraktion-hamburg.de\/fraktion\/inge-hannemann\/\" target=\"_blank\">Hamburgische B\u00fcrgerschaft <\/a>gew\u00e4hlt. Sie lebt in Hamburg.<\/em><\/p>\n<p><iframe loading=\"lazy\" src=\"https:\/\/www.youtube.com\/embed\/goh1tNmKh6A\" width=\"560\" height=\"315\" frameborder=\"0\" allowfullscreen=\"allowfullscreen\"><\/iframe><\/p>\n","protected":false},"excerpt":{"rendered":"<p>Gunther Sosna sprach mit Inge Hannemann von Sanktionsfrei.de \u00fcber die Sinnlosigkeit von Strafen, den\u00a0Erpressungsmechanismus der Regierung\u00a0und \u00fcber Politiker, denen\u00a0das Schicksal von Hartz-IV-Empf\u00e4ngern egal ist. Gunther Sosna: Frau Hannemann, mit dem gemeinn\u00fctzigen Verein Sanktionsfrei setzen Sie sich f\u00fcr die Abschaffung der&hellip;<\/p>\n","protected":false},"author":1342,"featured_media":383788,"comment_status":"closed","ping_status":"closed","sticky":false,"template":"","format":"standard","meta":{"footnotes":""},"categories":[9150,9142,9161,9168,9165],"tags":[31610,31611,28822,31612],"class_list":["post-383786","post","type-post","status-publish","format-standard","has-post-thumbnail","hentry","category-europa-de","category-interviews-de","category-menschenrechte","category-politik","category-vielfalt","tag-hartz-iv","tag-inge-hannemann","tag-sanktionen","tag-sanktionsfrei-de"],"yoast_head":"<!-- This site is optimized with the Yoast SEO plugin v27.1.1 - https:\/\/yoast.com\/product\/yoast-seo-wordpress\/ -->\n<title>Reden wir \u00fcber Hartz-IV-Sanktionen \u2026<\/title>\n<meta name=\"description\" content=\"Gunther Sosna sprach mit Inge Hannemann von Sanktionsfrei.de \u00fcber die Sinnlosigkeit von Strafen, den\u00a0Erpressungsmechanismus der Regierung\u00a0und \u00fcber\" \/>\n<meta name=\"robots\" content=\"index, follow, max-snippet:-1, max-image-preview:large, max-video-preview:-1\" \/>\n<link rel=\"canonical\" href=\"https:\/\/www.pressenza.com\/de\/2016\/10\/reden-wir-ueber-hartz-iv-sanktionen\/\" \/>\n<meta property=\"og:locale\" content=\"de_DE\" \/>\n<meta property=\"og:type\" content=\"article\" \/>\n<meta property=\"og:title\" content=\"Reden wir \u00fcber Hartz-IV-Sanktionen \u2026\" \/>\n<meta property=\"og:description\" content=\"Gunther Sosna sprach mit Inge Hannemann von Sanktionsfrei.de \u00fcber die Sinnlosigkeit von Strafen, den\u00a0Erpressungsmechanismus der Regierung\u00a0und \u00fcber\" \/>\n<meta property=\"og:url\" content=\"https:\/\/www.pressenza.com\/de\/2016\/10\/reden-wir-ueber-hartz-iv-sanktionen\/\" \/>\n<meta property=\"og:site_name\" content=\"Pressenza\" \/>\n<meta property=\"article:publisher\" content=\"https:\/\/www.facebook.com\/PressenzaItalia\" \/>\n<meta property=\"article:published_time\" content=\"2016-10-15T16:16:49+00:00\" \/>\n<meta property=\"article:modified_time\" content=\"2016-10-15T16:18:48+00:00\" \/>\n<meta property=\"og:image\" content=\"https:\/\/www.pressenza.com\/wp-content\/uploads\/2016\/10\/beitrag-neue-debatte-interview-inge-hannemann-hartz-iv-unsplash-pixabay-com-cc0-public-domain.jpg\" \/>\n\t<meta property=\"og:image:width\" content=\"1920\" \/>\n\t<meta property=\"og:image:height\" content=\"768\" \/>\n\t<meta property=\"og:image:type\" content=\"image\/jpeg\" \/>\n<meta name=\"author\" content=\"Neue Debatte\" \/>\n<meta name=\"twitter:card\" content=\"summary_large_image\" \/>\n<meta name=\"twitter:creator\" content=\"@PressenzaIPA\" \/>\n<meta name=\"twitter:site\" content=\"@PressenzaIPA\" \/>\n<meta name=\"twitter:label1\" content=\"Verfasst von\" \/>\n\t<meta name=\"twitter:data1\" content=\"Neue Debatte\" \/>\n\t<meta name=\"twitter:label2\" content=\"Gesch\u00e4tzte Lesezeit\" \/>\n\t<meta name=\"twitter:data2\" content=\"10\u00a0Minuten\" \/>\n<script type=\"application\/ld+json\" class=\"yoast-schema-graph\">{\"@context\":\"https:\/\/schema.org\",\"@graph\":[{\"@type\":\"Article\",\"@id\":\"https:\/\/www.pressenza.com\/de\/2016\/10\/reden-wir-ueber-hartz-iv-sanktionen\/#article\",\"isPartOf\":{\"@id\":\"https:\/\/www.pressenza.com\/de\/2016\/10\/reden-wir-ueber-hartz-iv-sanktionen\/\"},\"author\":{\"name\":\"Neue Debatte\",\"@id\":\"https:\/\/www.pressenza.com\/de\/#\/schema\/person\/b816344ee166a2736c48a20c4b9ad2a9\"},\"headline\":\"Reden wir \u00fcber Hartz-IV-Sanktionen \u2026\",\"datePublished\":\"2016-10-15T16:16:49+00:00\",\"dateModified\":\"2016-10-15T16:18:48+00:00\",\"mainEntityOfPage\":{\"@id\":\"https:\/\/www.pressenza.com\/de\/2016\/10\/reden-wir-ueber-hartz-iv-sanktionen\/\"},\"wordCount\":1922,\"publisher\":{\"@id\":\"https:\/\/www.pressenza.com\/de\/#organization\"},\"image\":{\"@id\":\"https:\/\/www.pressenza.com\/de\/2016\/10\/reden-wir-ueber-hartz-iv-sanktionen\/#primaryimage\"},\"thumbnailUrl\":\"https:\/\/www.pressenza.com\/wp-content\/uploads\/2016\/10\/beitrag-neue-debatte-interview-inge-hannemann-hartz-iv-unsplash-pixabay-com-cc0-public-domain.jpg\",\"keywords\":[\"Hartz IV\",\"Inge Hannemann\",\"Sanktionen\",\"Sanktionsfrei.de\"],\"articleSection\":[\"Europa\",\"Interviews\",\"Menschenrechte\",\"Politik\",\"Vielfalt\"],\"inLanguage\":\"de\"},{\"@type\":\"WebPage\",\"@id\":\"https:\/\/www.pressenza.com\/de\/2016\/10\/reden-wir-ueber-hartz-iv-sanktionen\/\",\"url\":\"https:\/\/www.pressenza.com\/de\/2016\/10\/reden-wir-ueber-hartz-iv-sanktionen\/\",\"name\":\"Reden wir \u00fcber Hartz-IV-Sanktionen \u2026\",\"isPartOf\":{\"@id\":\"https:\/\/www.pressenza.com\/de\/#website\"},\"primaryImageOfPage\":{\"@id\":\"https:\/\/www.pressenza.com\/de\/2016\/10\/reden-wir-ueber-hartz-iv-sanktionen\/#primaryimage\"},\"image\":{\"@id\":\"https:\/\/www.pressenza.com\/de\/2016\/10\/reden-wir-ueber-hartz-iv-sanktionen\/#primaryimage\"},\"thumbnailUrl\":\"https:\/\/www.pressenza.com\/wp-content\/uploads\/2016\/10\/beitrag-neue-debatte-interview-inge-hannemann-hartz-iv-unsplash-pixabay-com-cc0-public-domain.jpg\",\"datePublished\":\"2016-10-15T16:16:49+00:00\",\"dateModified\":\"2016-10-15T16:18:48+00:00\",\"description\":\"Gunther Sosna sprach mit Inge Hannemann von Sanktionsfrei.de \u00fcber die Sinnlosigkeit von Strafen, den\u00a0Erpressungsmechanismus der Regierung\u00a0und \u00fcber\",\"breadcrumb\":{\"@id\":\"https:\/\/www.pressenza.com\/de\/2016\/10\/reden-wir-ueber-hartz-iv-sanktionen\/#breadcrumb\"},\"inLanguage\":\"de\",\"potentialAction\":[{\"@type\":\"ReadAction\",\"target\":[\"https:\/\/www.pressenza.com\/de\/2016\/10\/reden-wir-ueber-hartz-iv-sanktionen\/\"]}]},{\"@type\":\"ImageObject\",\"inLanguage\":\"de\",\"@id\":\"https:\/\/www.pressenza.com\/de\/2016\/10\/reden-wir-ueber-hartz-iv-sanktionen\/#primaryimage\",\"url\":\"https:\/\/www.pressenza.com\/wp-content\/uploads\/2016\/10\/beitrag-neue-debatte-interview-inge-hannemann-hartz-iv-unsplash-pixabay-com-cc0-public-domain.jpg\",\"contentUrl\":\"https:\/\/www.pressenza.com\/wp-content\/uploads\/2016\/10\/beitrag-neue-debatte-interview-inge-hannemann-hartz-iv-unsplash-pixabay-com-cc0-public-domain.jpg\",\"width\":1920,\"height\":768},{\"@type\":\"BreadcrumbList\",\"@id\":\"https:\/\/www.pressenza.com\/de\/2016\/10\/reden-wir-ueber-hartz-iv-sanktionen\/#breadcrumb\",\"itemListElement\":[{\"@type\":\"ListItem\",\"position\":1,\"name\":\"Accueil\",\"item\":\"https:\/\/www.pressenza.com\/de\/\"},{\"@type\":\"ListItem\",\"position\":2,\"name\":\"Reden wir \u00fcber Hartz-IV-Sanktionen \u2026\"}]},{\"@type\":\"WebSite\",\"@id\":\"https:\/\/www.pressenza.com\/de\/#website\",\"url\":\"https:\/\/www.pressenza.com\/de\/\",\"name\":\"Pressenza\",\"description\":\"International Press Agency\",\"publisher\":{\"@id\":\"https:\/\/www.pressenza.com\/de\/#organization\"},\"potentialAction\":[{\"@type\":\"SearchAction\",\"target\":{\"@type\":\"EntryPoint\",\"urlTemplate\":\"https:\/\/www.pressenza.com\/de\/?s={search_term_string}\"},\"query-input\":{\"@type\":\"PropertyValueSpecification\",\"valueRequired\":true,\"valueName\":\"search_term_string\"}}],\"inLanguage\":\"de\"},{\"@type\":\"Organization\",\"@id\":\"https:\/\/www.pressenza.com\/de\/#organization\",\"name\":\"Pressenza\",\"url\":\"https:\/\/www.pressenza.com\/de\/\",\"logo\":{\"@type\":\"ImageObject\",\"inLanguage\":\"de\",\"@id\":\"https:\/\/www.pressenza.com\/de\/#\/schema\/logo\/image\/\",\"url\":\"https:\/\/www.pressenza.com\/wp-content\/uploads\/2022\/10\/pressenza_logo_200x200.jpg\",\"contentUrl\":\"https:\/\/www.pressenza.com\/wp-content\/uploads\/2022\/10\/pressenza_logo_200x200.jpg\",\"width\":200,\"height\":200,\"caption\":\"Pressenza\"},\"image\":{\"@id\":\"https:\/\/www.pressenza.com\/de\/#\/schema\/logo\/image\/\"},\"sameAs\":[\"https:\/\/www.facebook.com\/PressenzaItalia\",\"https:\/\/x.com\/PressenzaIPA\"]},{\"@type\":\"Person\",\"@id\":\"https:\/\/www.pressenza.com\/de\/#\/schema\/person\/b816344ee166a2736c48a20c4b9ad2a9\",\"name\":\"Neue Debatte\",\"description\":\"Magazin f\u00fcr Menschen, Kultur und Gesellschaft www.neue-debatte.de\",\"url\":\"https:\/\/www.pressenza.com\/de\/author\/neue-debatte\/\"}]}<\/script>\n<!-- \/ Yoast SEO plugin. -->","yoast_head_json":{"title":"Reden wir \u00fcber Hartz-IV-Sanktionen \u2026","description":"Gunther Sosna sprach mit Inge Hannemann von Sanktionsfrei.de \u00fcber die Sinnlosigkeit von Strafen, den\u00a0Erpressungsmechanismus der Regierung\u00a0und \u00fcber","robots":{"index":"index","follow":"follow","max-snippet":"max-snippet:-1","max-image-preview":"max-image-preview:large","max-video-preview":"max-video-preview:-1"},"canonical":"https:\/\/www.pressenza.com\/de\/2016\/10\/reden-wir-ueber-hartz-iv-sanktionen\/","og_locale":"de_DE","og_type":"article","og_title":"Reden wir \u00fcber Hartz-IV-Sanktionen \u2026","og_description":"Gunther Sosna sprach mit Inge Hannemann von Sanktionsfrei.de \u00fcber die Sinnlosigkeit von Strafen, den\u00a0Erpressungsmechanismus der Regierung\u00a0und \u00fcber","og_url":"https:\/\/www.pressenza.com\/de\/2016\/10\/reden-wir-ueber-hartz-iv-sanktionen\/","og_site_name":"Pressenza","article_publisher":"https:\/\/www.facebook.com\/PressenzaItalia","article_published_time":"2016-10-15T16:16:49+00:00","article_modified_time":"2016-10-15T16:18:48+00:00","og_image":[{"width":1920,"height":768,"url":"https:\/\/www.pressenza.com\/wp-content\/uploads\/2016\/10\/beitrag-neue-debatte-interview-inge-hannemann-hartz-iv-unsplash-pixabay-com-cc0-public-domain.jpg","type":"image\/jpeg"}],"author":"Neue Debatte","twitter_card":"summary_large_image","twitter_creator":"@PressenzaIPA","twitter_site":"@PressenzaIPA","twitter_misc":{"Verfasst von":"Neue Debatte","Gesch\u00e4tzte Lesezeit":"10\u00a0Minuten"},"schema":{"@context":"https:\/\/schema.org","@graph":[{"@type":"Article","@id":"https:\/\/www.pressenza.com\/de\/2016\/10\/reden-wir-ueber-hartz-iv-sanktionen\/#article","isPartOf":{"@id":"https:\/\/www.pressenza.com\/de\/2016\/10\/reden-wir-ueber-hartz-iv-sanktionen\/"},"author":{"name":"Neue Debatte","@id":"https:\/\/www.pressenza.com\/de\/#\/schema\/person\/b816344ee166a2736c48a20c4b9ad2a9"},"headline":"Reden wir \u00fcber Hartz-IV-Sanktionen \u2026","datePublished":"2016-10-15T16:16:49+00:00","dateModified":"2016-10-15T16:18:48+00:00","mainEntityOfPage":{"@id":"https:\/\/www.pressenza.com\/de\/2016\/10\/reden-wir-ueber-hartz-iv-sanktionen\/"},"wordCount":1922,"publisher":{"@id":"https:\/\/www.pressenza.com\/de\/#organization"},"image":{"@id":"https:\/\/www.pressenza.com\/de\/2016\/10\/reden-wir-ueber-hartz-iv-sanktionen\/#primaryimage"},"thumbnailUrl":"https:\/\/www.pressenza.com\/wp-content\/uploads\/2016\/10\/beitrag-neue-debatte-interview-inge-hannemann-hartz-iv-unsplash-pixabay-com-cc0-public-domain.jpg","keywords":["Hartz IV","Inge Hannemann","Sanktionen","Sanktionsfrei.de"],"articleSection":["Europa","Interviews","Menschenrechte","Politik","Vielfalt"],"inLanguage":"de"},{"@type":"WebPage","@id":"https:\/\/www.pressenza.com\/de\/2016\/10\/reden-wir-ueber-hartz-iv-sanktionen\/","url":"https:\/\/www.pressenza.com\/de\/2016\/10\/reden-wir-ueber-hartz-iv-sanktionen\/","name":"Reden wir \u00fcber Hartz-IV-Sanktionen \u2026","isPartOf":{"@id":"https:\/\/www.pressenza.com\/de\/#website"},"primaryImageOfPage":{"@id":"https:\/\/www.pressenza.com\/de\/2016\/10\/reden-wir-ueber-hartz-iv-sanktionen\/#primaryimage"},"image":{"@id":"https:\/\/www.pressenza.com\/de\/2016\/10\/reden-wir-ueber-hartz-iv-sanktionen\/#primaryimage"},"thumbnailUrl":"https:\/\/www.pressenza.com\/wp-content\/uploads\/2016\/10\/beitrag-neue-debatte-interview-inge-hannemann-hartz-iv-unsplash-pixabay-com-cc0-public-domain.jpg","datePublished":"2016-10-15T16:16:49+00:00","dateModified":"2016-10-15T16:18:48+00:00","description":"Gunther Sosna sprach mit Inge Hannemann von Sanktionsfrei.de \u00fcber die Sinnlosigkeit von Strafen, den\u00a0Erpressungsmechanismus der Regierung\u00a0und \u00fcber","breadcrumb":{"@id":"https:\/\/www.pressenza.com\/de\/2016\/10\/reden-wir-ueber-hartz-iv-sanktionen\/#breadcrumb"},"inLanguage":"de","potentialAction":[{"@type":"ReadAction","target":["https:\/\/www.pressenza.com\/de\/2016\/10\/reden-wir-ueber-hartz-iv-sanktionen\/"]}]},{"@type":"ImageObject","inLanguage":"de","@id":"https:\/\/www.pressenza.com\/de\/2016\/10\/reden-wir-ueber-hartz-iv-sanktionen\/#primaryimage","url":"https:\/\/www.pressenza.com\/wp-content\/uploads\/2016\/10\/beitrag-neue-debatte-interview-inge-hannemann-hartz-iv-unsplash-pixabay-com-cc0-public-domain.jpg","contentUrl":"https:\/\/www.pressenza.com\/wp-content\/uploads\/2016\/10\/beitrag-neue-debatte-interview-inge-hannemann-hartz-iv-unsplash-pixabay-com-cc0-public-domain.jpg","width":1920,"height":768},{"@type":"BreadcrumbList","@id":"https:\/\/www.pressenza.com\/de\/2016\/10\/reden-wir-ueber-hartz-iv-sanktionen\/#breadcrumb","itemListElement":[{"@type":"ListItem","position":1,"name":"Accueil","item":"https:\/\/www.pressenza.com\/de\/"},{"@type":"ListItem","position":2,"name":"Reden wir \u00fcber Hartz-IV-Sanktionen \u2026"}]},{"@type":"WebSite","@id":"https:\/\/www.pressenza.com\/de\/#website","url":"https:\/\/www.pressenza.com\/de\/","name":"Pressenza","description":"International Press Agency","publisher":{"@id":"https:\/\/www.pressenza.com\/de\/#organization"},"potentialAction":[{"@type":"SearchAction","target":{"@type":"EntryPoint","urlTemplate":"https:\/\/www.pressenza.com\/de\/?s={search_term_string}"},"query-input":{"@type":"PropertyValueSpecification","valueRequired":true,"valueName":"search_term_string"}}],"inLanguage":"de"},{"@type":"Organization","@id":"https:\/\/www.pressenza.com\/de\/#organization","name":"Pressenza","url":"https:\/\/www.pressenza.com\/de\/","logo":{"@type":"ImageObject","inLanguage":"de","@id":"https:\/\/www.pressenza.com\/de\/#\/schema\/logo\/image\/","url":"https:\/\/www.pressenza.com\/wp-content\/uploads\/2022\/10\/pressenza_logo_200x200.jpg","contentUrl":"https:\/\/www.pressenza.com\/wp-content\/uploads\/2022\/10\/pressenza_logo_200x200.jpg","width":200,"height":200,"caption":"Pressenza"},"image":{"@id":"https:\/\/www.pressenza.com\/de\/#\/schema\/logo\/image\/"},"sameAs":["https:\/\/www.facebook.com\/PressenzaItalia","https:\/\/x.com\/PressenzaIPA"]},{"@type":"Person","@id":"https:\/\/www.pressenza.com\/de\/#\/schema\/person\/b816344ee166a2736c48a20c4b9ad2a9","name":"Neue Debatte","description":"Magazin f\u00fcr Menschen, Kultur und Gesellschaft www.neue-debatte.de","url":"https:\/\/www.pressenza.com\/de\/author\/neue-debatte\/"}]}},"place":"","original_article_url":"https:\/\/neue-debatte.com\/2016\/09\/09\/reden-wir-ueber-hartz-iv-sanktionen\/","_links":{"self":[{"href":"https:\/\/www.pressenza.com\/de\/wp-json\/wp\/v2\/posts\/383786","targetHints":{"allow":["GET"]}}],"collection":[{"href":"https:\/\/www.pressenza.com\/de\/wp-json\/wp\/v2\/posts"}],"about":[{"href":"https:\/\/www.pressenza.com\/de\/wp-json\/wp\/v2\/types\/post"}],"author":[{"embeddable":true,"href":"https:\/\/www.pressenza.com\/de\/wp-json\/wp\/v2\/users\/1342"}],"replies":[{"embeddable":true,"href":"https:\/\/www.pressenza.com\/de\/wp-json\/wp\/v2\/comments?post=383786"}],"version-history":[{"count":0,"href":"https:\/\/www.pressenza.com\/de\/wp-json\/wp\/v2\/posts\/383786\/revisions"}],"wp:featuredmedia":[{"embeddable":true,"href":"https:\/\/www.pressenza.com\/de\/wp-json\/wp\/v2\/media\/383788"}],"wp:attachment":[{"href":"https:\/\/www.pressenza.com\/de\/wp-json\/wp\/v2\/media?parent=383786"}],"wp:term":[{"taxonomy":"category","embeddable":true,"href":"https:\/\/www.pressenza.com\/de\/wp-json\/wp\/v2\/categories?post=383786"},{"taxonomy":"post_tag","embeddable":true,"href":"https:\/\/www.pressenza.com\/de\/wp-json\/wp\/v2\/tags?post=383786"}],"curies":[{"name":"wp","href":"https:\/\/api.w.org\/{rel}","templated":true}]}}