{"id":382669,"date":"2016-10-12T19:08:43","date_gmt":"2016-10-12T18:08:43","guid":{"rendered":"http:\/\/www.pressenza.com\/de\/?p=382669"},"modified":"2016-10-12T19:08:58","modified_gmt":"2016-10-12T18:08:58","slug":"interview-mit-diana-aman-und-ralph-boes-vertreter-eines-bedingungslosen-grundeinkommens","status":"publish","type":"post","link":"https:\/\/www.pressenza.com\/de\/2016\/10\/interview-mit-diana-aman-und-ralph-boes-vertreter-eines-bedingungslosen-grundeinkommens\/","title":{"rendered":"Interview mit Diana Aman und Ralph Boes, Vertreter eines bedingungslosen Grundeinkommens"},"content":{"rendered":"<p>Interview mit Diana Aman und Ralph Boes von der B\u00fcrgerinitiative Bedingungsloses Grundeinkommen. Beiden traten als Sprecher im Workshop \u00fcber das Grundeinkommen auf, der im Rahmen des Friedens- und Abr\u00fcstungskongresses in Berlin stattfand und von der Gruppe \u201aHumanistas por la Renta B\u00e1sica Universal\u2018 (Humanisten f\u00fcr ein bedingungsloses Grundeinkommen) organisiert wurde.<\/p>\n<p><em>Video: \u00c1lvaro Orus \/ Interview: Marita Sim\u00f3n<\/em><\/p>\n<p><iframe loading=\"lazy\" src=\"https:\/\/www.youtube.com\/embed\/ey5Q_va-m3c\" width=\"560\" height=\"315\" frameborder=\"0\" allowfullscreen=\"allowfullscreen\"><\/iframe><\/p>\n","protected":false},"excerpt":{"rendered":"<p>Interview mit Diana Aman und Ralph Boes von der B\u00fcrgerinitiative Bedingungsloses Grundeinkommen. Beiden traten als Sprecher im Workshop \u00fcber das Grundeinkommen auf, der im Rahmen des Friedens- und Abr\u00fcstungskongresses in Berlin stattfand und von der Gruppe \u201aHumanistas por la Renta&hellip;<\/p>\n","protected":false},"author":188,"featured_media":382797,"comment_status":"closed","ping_status":"closed","sticky":false,"template":"","format":"standard","meta":{"footnotes":""},"categories":[9142,11387,27991,9158],"tags":[10574,31481,31482,30865,21493,26321,31483],"class_list":["post-382669","post","type-post","status-publish","format-standard","has-post-thumbnail","hentry","category-interviews-de","category-originalinhalt","category-video-de","category-wirtschaft","tag-berlin-de","tag-buergerinitiative-bedingungsloses-grundeinkommen","tag-diana-aman","tag-friedenskongress","tag-humanistas-por-la-renta-basica-universal","tag-ipb","tag-ralph-boes"],"yoast_head":"<!-- This site is optimized with the Yoast SEO plugin v27.1.1 - https:\/\/yoast.com\/product\/yoast-seo-wordpress\/ -->\n<title>Interview mit Diana Aman und Ralph Boes, Vertreter eines bedingungslosen Grundeinkommens<\/title>\n<meta name=\"description\" content=\"Interview mit Diana Aman und Ralph Boes von der B\u00fcrgerinitiative Bedingungsloses Grundeinkommen. Beiden traten als Sprecher im Workshop \u00fcber das\" \/>\n<meta name=\"robots\" content=\"index, follow, max-snippet:-1, max-image-preview:large, max-video-preview:-1\" \/>\n<link rel=\"canonical\" href=\"https:\/\/www.pressenza.com\/de\/2016\/10\/interview-mit-diana-aman-und-ralph-boes-vertreter-eines-bedingungslosen-grundeinkommens\/\" \/>\n<meta property=\"og:locale\" content=\"de_DE\" \/>\n<meta property=\"og:type\" content=\"article\" \/>\n<meta property=\"og:title\" content=\"Interview mit Diana Aman und Ralph Boes, Vertreter eines bedingungslosen Grundeinkommens\" \/>\n<meta property=\"og:description\" content=\"Interview mit Diana Aman und Ralph Boes von der B\u00fcrgerinitiative Bedingungsloses Grundeinkommen. Beiden traten als Sprecher im Workshop \u00fcber das\" \/>\n<meta property=\"og:url\" content=\"https:\/\/www.pressenza.com\/de\/2016\/10\/interview-mit-diana-aman-und-ralph-boes-vertreter-eines-bedingungslosen-grundeinkommens\/\" \/>\n<meta property=\"og:site_name\" content=\"Pressenza\" \/>\n<meta property=\"article:publisher\" content=\"https:\/\/www.facebook.com\/PressenzaItalia\" \/>\n<meta property=\"article:published_time\" content=\"2016-10-12T18:08:43+00:00\" \/>\n<meta property=\"article:modified_time\" content=\"2016-10-12T18:08:58+00:00\" \/>\n<meta property=\"og:image\" content=\"https:\/\/www.pressenza.com\/wp-content\/uploads\/2016\/10\/Ralph-y-Diana.jpg\" \/>\n\t<meta property=\"og:image:width\" content=\"1280\" \/>\n\t<meta property=\"og:image:height\" content=\"720\" \/>\n\t<meta property=\"og:image:type\" content=\"image\/jpeg\" \/>\n<meta name=\"author\" content=\"Gabriela Amaya\" \/>\n<meta name=\"twitter:card\" content=\"summary_large_image\" \/>\n<meta name=\"twitter:creator\" content=\"@PressenzaIPA\" \/>\n<meta name=\"twitter:site\" content=\"@PressenzaIPA\" \/>\n<meta name=\"twitter:label1\" content=\"Verfasst von\" \/>\n\t<meta name=\"twitter:data1\" content=\"Gabriela Amaya\" \/>\n<script type=\"application\/ld+json\" class=\"yoast-schema-graph\">{\"@context\":\"https:\/\/schema.org\",\"@graph\":[{\"@type\":\"Article\",\"@id\":\"https:\/\/www.pressenza.com\/de\/2016\/10\/interview-mit-diana-aman-und-ralph-boes-vertreter-eines-bedingungslosen-grundeinkommens\/#article\",\"isPartOf\":{\"@id\":\"https:\/\/www.pressenza.com\/de\/2016\/10\/interview-mit-diana-aman-und-ralph-boes-vertreter-eines-bedingungslosen-grundeinkommens\/\"},\"author\":{\"name\":\"Gabriela Amaya\",\"@id\":\"https:\/\/www.pressenza.com\/de\/#\/schema\/person\/725d47ccbea4c7854f7dd4011b6670b9\"},\"headline\":\"Interview mit Diana Aman und Ralph Boes, Vertreter eines bedingungslosen Grundeinkommens\",\"datePublished\":\"2016-10-12T18:08:43+00:00\",\"dateModified\":\"2016-10-12T18:08:58+00:00\",\"mainEntityOfPage\":{\"@id\":\"https:\/\/www.pressenza.com\/de\/2016\/10\/interview-mit-diana-aman-und-ralph-boes-vertreter-eines-bedingungslosen-grundeinkommens\/\"},\"wordCount\":71,\"publisher\":{\"@id\":\"https:\/\/www.pressenza.com\/de\/#organization\"},\"image\":{\"@id\":\"https:\/\/www.pressenza.com\/de\/2016\/10\/interview-mit-diana-aman-und-ralph-boes-vertreter-eines-bedingungslosen-grundeinkommens\/#primaryimage\"},\"thumbnailUrl\":\"https:\/\/www.pressenza.com\/wp-content\/uploads\/2016\/10\/Ralph-y-Diana.jpg\",\"keywords\":[\"Berlin\",\"B\u00fcrgerinitiative Bedingungsloses Grundeinkommen\",\"Diana Aman\",\"Friedenskongress\",\"Humanistas por la Renta B\u00e1sica Universal\",\"IPB\",\"Ralph Boes\"],\"articleSection\":[\"Interviews\",\"Originalinhalt\",\"Video\",\"Wirtschaft\"],\"inLanguage\":\"de\"},{\"@type\":\"WebPage\",\"@id\":\"https:\/\/www.pressenza.com\/de\/2016\/10\/interview-mit-diana-aman-und-ralph-boes-vertreter-eines-bedingungslosen-grundeinkommens\/\",\"url\":\"https:\/\/www.pressenza.com\/de\/2016\/10\/interview-mit-diana-aman-und-ralph-boes-vertreter-eines-bedingungslosen-grundeinkommens\/\",\"name\":\"Interview mit Diana Aman und Ralph Boes, Vertreter eines bedingungslosen Grundeinkommens\",\"isPartOf\":{\"@id\":\"https:\/\/www.pressenza.com\/de\/#website\"},\"primaryImageOfPage\":{\"@id\":\"https:\/\/www.pressenza.com\/de\/2016\/10\/interview-mit-diana-aman-und-ralph-boes-vertreter-eines-bedingungslosen-grundeinkommens\/#primaryimage\"},\"image\":{\"@id\":\"https:\/\/www.pressenza.com\/de\/2016\/10\/interview-mit-diana-aman-und-ralph-boes-vertreter-eines-bedingungslosen-grundeinkommens\/#primaryimage\"},\"thumbnailUrl\":\"https:\/\/www.pressenza.com\/wp-content\/uploads\/2016\/10\/Ralph-y-Diana.jpg\",\"datePublished\":\"2016-10-12T18:08:43+00:00\",\"dateModified\":\"2016-10-12T18:08:58+00:00\",\"description\":\"Interview mit Diana Aman und Ralph Boes von der B\u00fcrgerinitiative Bedingungsloses Grundeinkommen. Beiden traten als Sprecher im Workshop \u00fcber das\",\"breadcrumb\":{\"@id\":\"https:\/\/www.pressenza.com\/de\/2016\/10\/interview-mit-diana-aman-und-ralph-boes-vertreter-eines-bedingungslosen-grundeinkommens\/#breadcrumb\"},\"inLanguage\":\"de\",\"potentialAction\":[{\"@type\":\"ReadAction\",\"target\":[\"https:\/\/www.pressenza.com\/de\/2016\/10\/interview-mit-diana-aman-und-ralph-boes-vertreter-eines-bedingungslosen-grundeinkommens\/\"]}]},{\"@type\":\"ImageObject\",\"inLanguage\":\"de\",\"@id\":\"https:\/\/www.pressenza.com\/de\/2016\/10\/interview-mit-diana-aman-und-ralph-boes-vertreter-eines-bedingungslosen-grundeinkommens\/#primaryimage\",\"url\":\"https:\/\/www.pressenza.com\/wp-content\/uploads\/2016\/10\/Ralph-y-Diana.jpg\",\"contentUrl\":\"https:\/\/www.pressenza.com\/wp-content\/uploads\/2016\/10\/Ralph-y-Diana.jpg\",\"width\":1280,\"height\":720},{\"@type\":\"BreadcrumbList\",\"@id\":\"https:\/\/www.pressenza.com\/de\/2016\/10\/interview-mit-diana-aman-und-ralph-boes-vertreter-eines-bedingungslosen-grundeinkommens\/#breadcrumb\",\"itemListElement\":[{\"@type\":\"ListItem\",\"position\":1,\"name\":\"Accueil\",\"item\":\"https:\/\/www.pressenza.com\/de\/\"},{\"@type\":\"ListItem\",\"position\":2,\"name\":\"Interview mit Diana Aman und Ralph Boes, Vertreter eines bedingungslosen Grundeinkommens\"}]},{\"@type\":\"WebSite\",\"@id\":\"https:\/\/www.pressenza.com\/de\/#website\",\"url\":\"https:\/\/www.pressenza.com\/de\/\",\"name\":\"Pressenza\",\"description\":\"International Press Agency\",\"publisher\":{\"@id\":\"https:\/\/www.pressenza.com\/de\/#organization\"},\"potentialAction\":[{\"@type\":\"SearchAction\",\"target\":{\"@type\":\"EntryPoint\",\"urlTemplate\":\"https:\/\/www.pressenza.com\/de\/?s={search_term_string}\"},\"query-input\":{\"@type\":\"PropertyValueSpecification\",\"valueRequired\":true,\"valueName\":\"search_term_string\"}}],\"inLanguage\":\"de\"},{\"@type\":\"Organization\",\"@id\":\"https:\/\/www.pressenza.com\/de\/#organization\",\"name\":\"Pressenza\",\"url\":\"https:\/\/www.pressenza.com\/de\/\",\"logo\":{\"@type\":\"ImageObject\",\"inLanguage\":\"de\",\"@id\":\"https:\/\/www.pressenza.com\/de\/#\/schema\/logo\/image\/\",\"url\":\"https:\/\/www.pressenza.com\/wp-content\/uploads\/2022\/10\/pressenza_logo_200x200.jpg\",\"contentUrl\":\"https:\/\/www.pressenza.com\/wp-content\/uploads\/2022\/10\/pressenza_logo_200x200.jpg\",\"width\":200,\"height\":200,\"caption\":\"Pressenza\"},\"image\":{\"@id\":\"https:\/\/www.pressenza.com\/de\/#\/schema\/logo\/image\/\"},\"sameAs\":[\"https:\/\/www.facebook.com\/PressenzaItalia\",\"https:\/\/x.com\/PressenzaIPA\"]},{\"@type\":\"Person\",\"@id\":\"https:\/\/www.pressenza.com\/de\/#\/schema\/person\/725d47ccbea4c7854f7dd4011b6670b9\",\"name\":\"Gabriela Amaya\",\"description\":\"Editor in Spanish, Gabriel Amaya has worked in radio and written press and years ago decided to develop her journalistic work as a professional volunteer at the service of peace and nonviolence. She is also involved with different collectives and platforms which she supports with her journalism.\",\"url\":\"https:\/\/www.pressenza.com\/de\/author\/gabriela-amaya\/\"}]}<\/script>\n<!-- \/ Yoast SEO plugin. -->","yoast_head_json":{"title":"Interview mit Diana Aman und Ralph Boes, Vertreter eines bedingungslosen Grundeinkommens","description":"Interview mit Diana Aman und Ralph Boes von der B\u00fcrgerinitiative Bedingungsloses Grundeinkommen. Beiden traten als Sprecher im Workshop \u00fcber das","robots":{"index":"index","follow":"follow","max-snippet":"max-snippet:-1","max-image-preview":"max-image-preview:large","max-video-preview":"max-video-preview:-1"},"canonical":"https:\/\/www.pressenza.com\/de\/2016\/10\/interview-mit-diana-aman-und-ralph-boes-vertreter-eines-bedingungslosen-grundeinkommens\/","og_locale":"de_DE","og_type":"article","og_title":"Interview mit Diana Aman und Ralph Boes, Vertreter eines bedingungslosen Grundeinkommens","og_description":"Interview mit Diana Aman und Ralph Boes von der B\u00fcrgerinitiative Bedingungsloses Grundeinkommen. Beiden traten als Sprecher im Workshop \u00fcber das","og_url":"https:\/\/www.pressenza.com\/de\/2016\/10\/interview-mit-diana-aman-und-ralph-boes-vertreter-eines-bedingungslosen-grundeinkommens\/","og_site_name":"Pressenza","article_publisher":"https:\/\/www.facebook.com\/PressenzaItalia","article_published_time":"2016-10-12T18:08:43+00:00","article_modified_time":"2016-10-12T18:08:58+00:00","og_image":[{"width":1280,"height":720,"url":"https:\/\/www.pressenza.com\/wp-content\/uploads\/2016\/10\/Ralph-y-Diana.jpg","type":"image\/jpeg"}],"author":"Gabriela Amaya","twitter_card":"summary_large_image","twitter_creator":"@PressenzaIPA","twitter_site":"@PressenzaIPA","twitter_misc":{"Verfasst von":"Gabriela Amaya"},"schema":{"@context":"https:\/\/schema.org","@graph":[{"@type":"Article","@id":"https:\/\/www.pressenza.com\/de\/2016\/10\/interview-mit-diana-aman-und-ralph-boes-vertreter-eines-bedingungslosen-grundeinkommens\/#article","isPartOf":{"@id":"https:\/\/www.pressenza.com\/de\/2016\/10\/interview-mit-diana-aman-und-ralph-boes-vertreter-eines-bedingungslosen-grundeinkommens\/"},"author":{"name":"Gabriela Amaya","@id":"https:\/\/www.pressenza.com\/de\/#\/schema\/person\/725d47ccbea4c7854f7dd4011b6670b9"},"headline":"Interview mit Diana Aman und Ralph Boes, Vertreter eines bedingungslosen Grundeinkommens","datePublished":"2016-10-12T18:08:43+00:00","dateModified":"2016-10-12T18:08:58+00:00","mainEntityOfPage":{"@id":"https:\/\/www.pressenza.com\/de\/2016\/10\/interview-mit-diana-aman-und-ralph-boes-vertreter-eines-bedingungslosen-grundeinkommens\/"},"wordCount":71,"publisher":{"@id":"https:\/\/www.pressenza.com\/de\/#organization"},"image":{"@id":"https:\/\/www.pressenza.com\/de\/2016\/10\/interview-mit-diana-aman-und-ralph-boes-vertreter-eines-bedingungslosen-grundeinkommens\/#primaryimage"},"thumbnailUrl":"https:\/\/www.pressenza.com\/wp-content\/uploads\/2016\/10\/Ralph-y-Diana.jpg","keywords":["Berlin","B\u00fcrgerinitiative Bedingungsloses Grundeinkommen","Diana Aman","Friedenskongress","Humanistas por la Renta B\u00e1sica Universal","IPB","Ralph Boes"],"articleSection":["Interviews","Originalinhalt","Video","Wirtschaft"],"inLanguage":"de"},{"@type":"WebPage","@id":"https:\/\/www.pressenza.com\/de\/2016\/10\/interview-mit-diana-aman-und-ralph-boes-vertreter-eines-bedingungslosen-grundeinkommens\/","url":"https:\/\/www.pressenza.com\/de\/2016\/10\/interview-mit-diana-aman-und-ralph-boes-vertreter-eines-bedingungslosen-grundeinkommens\/","name":"Interview mit Diana Aman und Ralph Boes, Vertreter eines bedingungslosen Grundeinkommens","isPartOf":{"@id":"https:\/\/www.pressenza.com\/de\/#website"},"primaryImageOfPage":{"@id":"https:\/\/www.pressenza.com\/de\/2016\/10\/interview-mit-diana-aman-und-ralph-boes-vertreter-eines-bedingungslosen-grundeinkommens\/#primaryimage"},"image":{"@id":"https:\/\/www.pressenza.com\/de\/2016\/10\/interview-mit-diana-aman-und-ralph-boes-vertreter-eines-bedingungslosen-grundeinkommens\/#primaryimage"},"thumbnailUrl":"https:\/\/www.pressenza.com\/wp-content\/uploads\/2016\/10\/Ralph-y-Diana.jpg","datePublished":"2016-10-12T18:08:43+00:00","dateModified":"2016-10-12T18:08:58+00:00","description":"Interview mit Diana Aman und Ralph Boes von der B\u00fcrgerinitiative Bedingungsloses Grundeinkommen. Beiden traten als Sprecher im Workshop \u00fcber das","breadcrumb":{"@id":"https:\/\/www.pressenza.com\/de\/2016\/10\/interview-mit-diana-aman-und-ralph-boes-vertreter-eines-bedingungslosen-grundeinkommens\/#breadcrumb"},"inLanguage":"de","potentialAction":[{"@type":"ReadAction","target":["https:\/\/www.pressenza.com\/de\/2016\/10\/interview-mit-diana-aman-und-ralph-boes-vertreter-eines-bedingungslosen-grundeinkommens\/"]}]},{"@type":"ImageObject","inLanguage":"de","@id":"https:\/\/www.pressenza.com\/de\/2016\/10\/interview-mit-diana-aman-und-ralph-boes-vertreter-eines-bedingungslosen-grundeinkommens\/#primaryimage","url":"https:\/\/www.pressenza.com\/wp-content\/uploads\/2016\/10\/Ralph-y-Diana.jpg","contentUrl":"https:\/\/www.pressenza.com\/wp-content\/uploads\/2016\/10\/Ralph-y-Diana.jpg","width":1280,"height":720},{"@type":"BreadcrumbList","@id":"https:\/\/www.pressenza.com\/de\/2016\/10\/interview-mit-diana-aman-und-ralph-boes-vertreter-eines-bedingungslosen-grundeinkommens\/#breadcrumb","itemListElement":[{"@type":"ListItem","position":1,"name":"Accueil","item":"https:\/\/www.pressenza.com\/de\/"},{"@type":"ListItem","position":2,"name":"Interview mit Diana Aman und Ralph Boes, Vertreter eines bedingungslosen Grundeinkommens"}]},{"@type":"WebSite","@id":"https:\/\/www.pressenza.com\/de\/#website","url":"https:\/\/www.pressenza.com\/de\/","name":"Pressenza","description":"International Press Agency","publisher":{"@id":"https:\/\/www.pressenza.com\/de\/#organization"},"potentialAction":[{"@type":"SearchAction","target":{"@type":"EntryPoint","urlTemplate":"https:\/\/www.pressenza.com\/de\/?s={search_term_string}"},"query-input":{"@type":"PropertyValueSpecification","valueRequired":true,"valueName":"search_term_string"}}],"inLanguage":"de"},{"@type":"Organization","@id":"https:\/\/www.pressenza.com\/de\/#organization","name":"Pressenza","url":"https:\/\/www.pressenza.com\/de\/","logo":{"@type":"ImageObject","inLanguage":"de","@id":"https:\/\/www.pressenza.com\/de\/#\/schema\/logo\/image\/","url":"https:\/\/www.pressenza.com\/wp-content\/uploads\/2022\/10\/pressenza_logo_200x200.jpg","contentUrl":"https:\/\/www.pressenza.com\/wp-content\/uploads\/2022\/10\/pressenza_logo_200x200.jpg","width":200,"height":200,"caption":"Pressenza"},"image":{"@id":"https:\/\/www.pressenza.com\/de\/#\/schema\/logo\/image\/"},"sameAs":["https:\/\/www.facebook.com\/PressenzaItalia","https:\/\/x.com\/PressenzaIPA"]},{"@type":"Person","@id":"https:\/\/www.pressenza.com\/de\/#\/schema\/person\/725d47ccbea4c7854f7dd4011b6670b9","name":"Gabriela Amaya","description":"Editor in Spanish, Gabriel Amaya has worked in radio and written press and years ago decided to develop her journalistic work as a professional volunteer at the service of peace and nonviolence. She is also involved with different collectives and platforms which she supports with her journalism.","url":"https:\/\/www.pressenza.com\/de\/author\/gabriela-amaya\/"}]}},"place":"Berlin","original_article_url":"","_links":{"self":[{"href":"https:\/\/www.pressenza.com\/de\/wp-json\/wp\/v2\/posts\/382669","targetHints":{"allow":["GET"]}}],"collection":[{"href":"https:\/\/www.pressenza.com\/de\/wp-json\/wp\/v2\/posts"}],"about":[{"href":"https:\/\/www.pressenza.com\/de\/wp-json\/wp\/v2\/types\/post"}],"author":[{"embeddable":true,"href":"https:\/\/www.pressenza.com\/de\/wp-json\/wp\/v2\/users\/188"}],"replies":[{"embeddable":true,"href":"https:\/\/www.pressenza.com\/de\/wp-json\/wp\/v2\/comments?post=382669"}],"version-history":[{"count":0,"href":"https:\/\/www.pressenza.com\/de\/wp-json\/wp\/v2\/posts\/382669\/revisions"}],"wp:featuredmedia":[{"embeddable":true,"href":"https:\/\/www.pressenza.com\/de\/wp-json\/wp\/v2\/media\/382797"}],"wp:attachment":[{"href":"https:\/\/www.pressenza.com\/de\/wp-json\/wp\/v2\/media?parent=382669"}],"wp:term":[{"taxonomy":"category","embeddable":true,"href":"https:\/\/www.pressenza.com\/de\/wp-json\/wp\/v2\/categories?post=382669"},{"taxonomy":"post_tag","embeddable":true,"href":"https:\/\/www.pressenza.com\/de\/wp-json\/wp\/v2\/tags?post=382669"}],"curies":[{"name":"wp","href":"https:\/\/api.w.org\/{rel}","templated":true}]}}