{"id":377164,"date":"2016-10-04T16:18:30","date_gmt":"2016-10-04T15:18:30","guid":{"rendered":"http:\/\/www.pressenza.com\/de\/?p=377164"},"modified":"2019-04-17T10:54:06","modified_gmt":"2019-04-17T09:54:06","slug":"welttierschutztag-staatsziel-tierschutz-bisher-reine-symbolpolitik","status":"publish","type":"post","link":"https:\/\/www.pressenza.com\/de\/2016\/10\/welttierschutztag-staatsziel-tierschutz-bisher-reine-symbolpolitik\/","title":{"rendered":"Welttierschutztag: Staatsziel Tierschutz bisher reine Symbolpolitik"},"content":{"rendered":"<p><strong>Angesichts der Tatsache, dass <a href=\"http:\/\/www.sueddeutsche.de\/wirtschaft\/fleischproduktion-in-deutschland-was-sie-ueber-massentierhaltung-wissen-sollten-1.1899021\" target=\"_blank\" rel=\"noopener noreferrer\">Massentierhaltung<\/a> massiv zu Umweltverschmutzung und Klimawandel sowie laut WHO auch zu einem \u201epost-antibiotischen Zeitalter\u201c beitr\u00e4gt, wird die aktuelle Pressemitteilung der gemeinn\u00fctzigen Organisation <a href=\"https:\/\/www.tierrechte.de\/\" target=\"_blank\" rel=\"noopener noreferrer\">Menschen f\u00fcr Tierrechte \u2013 Bundesverband der Tierversuchsgegner e.V.<\/a> umso relevanter. Tierschutz ist auch Verbraucherschutz, Umweltschutz, Schutz von Gesundheit und somit Schutz von Menschenrechten. Wir publizieren deshalb aus aktuellen Anlass den Inhalt:<\/strong><\/p>\n<p>Anl\u00e4sslich des Welttierschutztages am 4. Oktober kritisiert der Bundesverband Menschen f\u00fcr Tierrechte, dass sich die Lebenssituation der Tiere trotz der Verankerung des Tierschutzes im Grundgesetz im Jahr 2002 nicht verbessert hat. Das geltende Tierschutzrecht m\u00fcsse \u00fcberarbeitet und konsequent angewendet werden. Dazu m\u00fcssten die Veterin\u00e4r\u00e4mter personell aufgestockt, Schwerpunktstaatsanwaltschaften f\u00fcr Tierschutz eingerichtet und die Tierschutz-Verbandsklage auf Bundesebene eingef\u00fchrt werden. Gutachten und wissenschaftliche Ver\u00f6ffentlichungen belegten die Notwendigkeit dieser Ma\u00dfnahmen.<\/p>\n<p>&#8222;Die Bilanz nach 14 Jahren Staatsziel Tierschutz ist desastr\u00f6s. Die rechtliche Aufwertung des Tierschutzes hat bis jetzt nur symbolischen Charakter, von dem die Tiere nichts haben. Das belegen die gerade ver\u00f6ffentlichten Undercover-Aufnahmen aus Mast- und Zuchtanlagen f\u00fchrender Landwirtschaftsfunktion\u00e4re. Und diese sind nur die Spitze des Eisbergs! Illegale Tierversuche an renommierten Forschungseinrichtungen, massive Verst\u00f6\u00dfe gegen die EU-Tierversuchsrichtlinie, Schlachtung bei vollem Bewusstsein, Schreddern gesunder K\u00fcken \u2013 die Liste der t\u00e4glichen Tierqu\u00e4lereien l\u00e4sst sich endlos verl\u00e4ngern&#8220;, klagt Christina Ledermann, stellvertretende Vorsitzende des Bundesverbandes Menschen f\u00fcr Tierrechte.<\/p>\n<p>Diese Missst\u00e4nde w\u00fcrden nicht nur von Tierrechts- und Tierschutzverb\u00e4nden aufgezeigt, sondern zunehmend auch von anerkannten Institutionen wie dem wissenschaftlichen Beirat f\u00fcr Agrarpolitik, dem Th\u00fcnen-Institut f\u00fcr Betriebswirtschaft und dem Bayerischen Rechnungshof. Auch eine juristische Dissertation zur Auswirkung des Staatsziels Tierschutz komme zu dem Ergebnis, dass geltendes Tierschutzrecht nicht durchgesetzt werde.<\/p>\n<p>&#8222;Wir brauchen zum einen dringend eine \u00dcberarbeitung des Tierschutzgesetzes im Sinne der Tiere. Zum anderen m\u00fcssen endlich Ma\u00dfnahmen ergriffen werden, damit geltendes Tierschutzrecht auch tats\u00e4chlich in der Praxis angewendet wird. Dazu brauchen wir die Tierschutz-Verbandsklage auf Bundesebene und Schwerpunktstaatsanwaltschaften f\u00fcr Tierschutz. Au\u00dferdem m\u00fcssen die Veterin\u00e4r\u00e4mter dringend personell aufgestockt werden&#8220;, fordert Ledermann.<\/p>\n<p>Nach Ansicht des Verbandes geht es aber nicht nur um die Einhaltung geltenden Tierschutzrechtes, sondern auch um seine Weiterentwicklung. Die \u00dcberarbeitung des Tierschutzgesetzes sei nur der Anfang. &#8222;Wir brauchen einen grunds\u00e4tzlichen Paradigmenwechsel weg von der industriellen Tierhaltung und vom Tierversuch. Die Zukunft liegt in neuen Ern\u00e4hrungs- und Landbaukonzepten, die ohne die Ausbeutung von Tier und Umwelt auskommen \u2013 und in einer humanspezifischen tierversuchsfreien Forschung&#8220;, schlie\u00dft Ledermann.<\/p>\n<p>Gutachten des Wissenschaftlichen Beirats f\u00fcr Agrarpolitik beim Bundesministerium f\u00fcr Ern\u00e4hrung und Landwirtschaft (M\u00e4rz 2015): <a href=\"http:\/\/www.bmel.de\/SharedDocs\/Downloads\/Ministerium\/Beiraete\/Agrarpolitik\/GutachtenNutztierhaltung.pdf?__blob=publicationFile\" target=\"_blank\" rel=\"noopener noreferrer\">Wege zu einer gesellschaftlich akzeptierten Nutztierhaltung<\/a><\/p>\n<p>Th\u00fcnen Working Paper 41 (Juli 2015): <a href=\"http:\/\/literatur.thuenen.de\/digbib_extern\/dn055459.pdf\" target=\"_blank\" rel=\"noopener noreferrer\">Eine explorative Analyse der Zusammenarbeit zwischen Veterin\u00e4r\u00e4mtern und Staatsanwaltschaften bei Verst\u00f6\u00dfen gegen das Tierschutzgesetz<\/a><\/p>\n<p>Bayerischer Oberster Rechnungshof (Februar 2016): <a href=\"https:\/\/www.stmuv.bayern.de\/themen\/lebensmittel\/sondergutachten\/doc\/orh_gutachten.pdf\" target=\"_blank\" rel=\"noopener noreferrer\">Gutachten zur Struktur und Organisation des amtlichen Veterin\u00e4rwesens der Lebensmittel\u00fcberwachung<\/a><\/p>\n<p>Carmen L\u00f6\u00f6ck (2016): <a href=\"http:\/\/www.verlagdrkovac.de\/978-3-8300-8904-9.htm\" target=\"_blank\" rel=\"noopener noreferrer\">Das Tierschutzstrafrecht nach Einf\u00fcgung der Staatszielbstimmung, Tierschutz\u2018 in das Grundgesetz (Artikel 20aGG)<\/a><\/p>\n<p>Hier lesen Sie ein Interview mit Carmen L\u00f6\u00f6ck zum Thema Staatsziel Tierschutz: <a href=\"https:\/\/www.tierrechte.de\/themen\/politik\/interview-staatsziel-tierschutz-hohlkoerper-ohne-beisskraft\" target=\"_blank\" rel=\"noopener noreferrer\">www.tierrechte<\/a><\/p>\n","protected":false},"excerpt":{"rendered":"<p>Angesichts der Tatsache, dass Massentierhaltung massiv zu Umweltverschmutzung und Klimawandel sowie laut WHO auch zu einem \u201epost-antibiotischen Zeitalter\u201c beitr\u00e4gt, wird die aktuelle Pressemitteilung der gemeinn\u00fctzigen Organisation Menschen f\u00fcr Tierrechte \u2013 Bundesverband der Tierversuchsgegner e.V. umso relevanter. Tierschutz ist auch Verbraucherschutz,&hellip;<\/p>\n","protected":false},"author":1097,"featured_media":377213,"comment_status":"closed","ping_status":"closed","sticky":false,"template":"","format":"standard","meta":{"footnotes":""},"categories":[9157,9168,9145],"tags":[19348,30463,31206,36384,31205],"class_list":["post-377164","post","type-post","status-publish","format-standard","has-post-thumbnail","hentry","category-oekologie-und-umwelt","category-politik","category-pressemitteilungen","tag-massentierhaltung","tag-tiere","tag-tierrechte","tag-tierversuche","tag-welttierschutztag"],"yoast_head":"<!-- This site is optimized with the Yoast SEO plugin v27.1.1 - https:\/\/yoast.com\/product\/yoast-seo-wordpress\/ -->\n<title>Welttierschutztag: Staatsziel Tierschutz bisher reine Symbolpolitik<\/title>\n<meta name=\"description\" content=\"Angesichts der Tatsache, dass Massentierhaltung massiv zu Umweltverschmutzung und Klimawandel sowie laut WHO auch zu einem \u201epost-antibiotischen Zeitalter\u201c\" \/>\n<meta name=\"robots\" content=\"index, follow, max-snippet:-1, max-image-preview:large, max-video-preview:-1\" \/>\n<link rel=\"canonical\" href=\"https:\/\/www.pressenza.com\/de\/2016\/10\/welttierschutztag-staatsziel-tierschutz-bisher-reine-symbolpolitik\/\" \/>\n<meta property=\"og:locale\" content=\"de_DE\" \/>\n<meta property=\"og:type\" content=\"article\" \/>\n<meta property=\"og:title\" content=\"Welttierschutztag: Staatsziel Tierschutz bisher reine Symbolpolitik\" \/>\n<meta property=\"og:description\" content=\"Angesichts der Tatsache, dass Massentierhaltung massiv zu Umweltverschmutzung und Klimawandel sowie laut WHO auch zu einem \u201epost-antibiotischen Zeitalter\u201c\" \/>\n<meta property=\"og:url\" content=\"https:\/\/www.pressenza.com\/de\/2016\/10\/welttierschutztag-staatsziel-tierschutz-bisher-reine-symbolpolitik\/\" \/>\n<meta property=\"og:site_name\" content=\"Pressenza\" \/>\n<meta property=\"article:publisher\" content=\"https:\/\/www.facebook.com\/PressenzaItalia\" \/>\n<meta property=\"article:author\" content=\"https:\/\/www.facebook.com\/Pressenza-Deutschland-sterreich-Schweiz-281675388658060\/timeline\/\" \/>\n<meta property=\"article:published_time\" content=\"2016-10-04T15:18:30+00:00\" \/>\n<meta property=\"article:modified_time\" content=\"2019-04-17T09:54:06+00:00\" \/>\n<meta property=\"og:image\" content=\"https:\/\/www.pressenza.com\/wp-content\/uploads\/2016\/10\/918567682_fd996d5831_b.jpg\" \/>\n\t<meta property=\"og:image:width\" content=\"1024\" \/>\n\t<meta property=\"og:image:height\" content=\"778\" \/>\n\t<meta property=\"og:image:type\" content=\"image\/jpeg\" \/>\n<meta name=\"author\" content=\"Pressenza Muenchen\" \/>\n<meta name=\"twitter:card\" content=\"summary_large_image\" \/>\n<meta name=\"twitter:creator\" content=\"@pressenza_ger\" \/>\n<meta name=\"twitter:site\" content=\"@PressenzaIPA\" \/>\n<meta name=\"twitter:label1\" content=\"Verfasst von\" \/>\n\t<meta name=\"twitter:data1\" content=\"Pressenza Muenchen\" \/>\n\t<meta name=\"twitter:label2\" content=\"Gesch\u00e4tzte Lesezeit\" \/>\n\t<meta name=\"twitter:data2\" content=\"3\u00a0Minuten\" \/>\n<script type=\"application\/ld+json\" class=\"yoast-schema-graph\">{\"@context\":\"https:\/\/schema.org\",\"@graph\":[{\"@type\":\"Article\",\"@id\":\"https:\/\/www.pressenza.com\/de\/2016\/10\/welttierschutztag-staatsziel-tierschutz-bisher-reine-symbolpolitik\/#article\",\"isPartOf\":{\"@id\":\"https:\/\/www.pressenza.com\/de\/2016\/10\/welttierschutztag-staatsziel-tierschutz-bisher-reine-symbolpolitik\/\"},\"author\":{\"name\":\"Pressenza Muenchen\",\"@id\":\"https:\/\/www.pressenza.com\/de\/#\/schema\/person\/0069724cfb2cb9785368a167d0d900b7\"},\"headline\":\"Welttierschutztag: Staatsziel Tierschutz bisher reine Symbolpolitik\",\"datePublished\":\"2016-10-04T15:18:30+00:00\",\"dateModified\":\"2019-04-17T09:54:06+00:00\",\"mainEntityOfPage\":{\"@id\":\"https:\/\/www.pressenza.com\/de\/2016\/10\/welttierschutztag-staatsziel-tierschutz-bisher-reine-symbolpolitik\/\"},\"wordCount\":506,\"publisher\":{\"@id\":\"https:\/\/www.pressenza.com\/de\/#organization\"},\"image\":{\"@id\":\"https:\/\/www.pressenza.com\/de\/2016\/10\/welttierschutztag-staatsziel-tierschutz-bisher-reine-symbolpolitik\/#primaryimage\"},\"thumbnailUrl\":\"https:\/\/www.pressenza.com\/wp-content\/uploads\/2016\/10\/918567682_fd996d5831_b.jpg\",\"keywords\":[\"Massentierhaltung\",\"Tiere\",\"Tierrechte\",\"Tierversuche\",\"Welttierschutztag\"],\"articleSection\":[\"\u00d6kologie und Umwelt\",\"Politik\",\"Pressemitteilungen\"],\"inLanguage\":\"de\"},{\"@type\":\"WebPage\",\"@id\":\"https:\/\/www.pressenza.com\/de\/2016\/10\/welttierschutztag-staatsziel-tierschutz-bisher-reine-symbolpolitik\/\",\"url\":\"https:\/\/www.pressenza.com\/de\/2016\/10\/welttierschutztag-staatsziel-tierschutz-bisher-reine-symbolpolitik\/\",\"name\":\"Welttierschutztag: Staatsziel Tierschutz bisher reine Symbolpolitik\",\"isPartOf\":{\"@id\":\"https:\/\/www.pressenza.com\/de\/#website\"},\"primaryImageOfPage\":{\"@id\":\"https:\/\/www.pressenza.com\/de\/2016\/10\/welttierschutztag-staatsziel-tierschutz-bisher-reine-symbolpolitik\/#primaryimage\"},\"image\":{\"@id\":\"https:\/\/www.pressenza.com\/de\/2016\/10\/welttierschutztag-staatsziel-tierschutz-bisher-reine-symbolpolitik\/#primaryimage\"},\"thumbnailUrl\":\"https:\/\/www.pressenza.com\/wp-content\/uploads\/2016\/10\/918567682_fd996d5831_b.jpg\",\"datePublished\":\"2016-10-04T15:18:30+00:00\",\"dateModified\":\"2019-04-17T09:54:06+00:00\",\"description\":\"Angesichts der Tatsache, dass Massentierhaltung massiv zu Umweltverschmutzung und Klimawandel sowie laut WHO auch zu einem \u201epost-antibiotischen Zeitalter\u201c\",\"breadcrumb\":{\"@id\":\"https:\/\/www.pressenza.com\/de\/2016\/10\/welttierschutztag-staatsziel-tierschutz-bisher-reine-symbolpolitik\/#breadcrumb\"},\"inLanguage\":\"de\",\"potentialAction\":[{\"@type\":\"ReadAction\",\"target\":[\"https:\/\/www.pressenza.com\/de\/2016\/10\/welttierschutztag-staatsziel-tierschutz-bisher-reine-symbolpolitik\/\"]}]},{\"@type\":\"ImageObject\",\"inLanguage\":\"de\",\"@id\":\"https:\/\/www.pressenza.com\/de\/2016\/10\/welttierschutztag-staatsziel-tierschutz-bisher-reine-symbolpolitik\/#primaryimage\",\"url\":\"https:\/\/www.pressenza.com\/wp-content\/uploads\/2016\/10\/918567682_fd996d5831_b.jpg\",\"contentUrl\":\"https:\/\/www.pressenza.com\/wp-content\/uploads\/2016\/10\/918567682_fd996d5831_b.jpg\",\"width\":1024,\"height\":778},{\"@type\":\"BreadcrumbList\",\"@id\":\"https:\/\/www.pressenza.com\/de\/2016\/10\/welttierschutztag-staatsziel-tierschutz-bisher-reine-symbolpolitik\/#breadcrumb\",\"itemListElement\":[{\"@type\":\"ListItem\",\"position\":1,\"name\":\"Accueil\",\"item\":\"https:\/\/www.pressenza.com\/de\/\"},{\"@type\":\"ListItem\",\"position\":2,\"name\":\"Welttierschutztag: Staatsziel Tierschutz bisher reine Symbolpolitik\"}]},{\"@type\":\"WebSite\",\"@id\":\"https:\/\/www.pressenza.com\/de\/#website\",\"url\":\"https:\/\/www.pressenza.com\/de\/\",\"name\":\"Pressenza\",\"description\":\"International Press Agency\",\"publisher\":{\"@id\":\"https:\/\/www.pressenza.com\/de\/#organization\"},\"potentialAction\":[{\"@type\":\"SearchAction\",\"target\":{\"@type\":\"EntryPoint\",\"urlTemplate\":\"https:\/\/www.pressenza.com\/de\/?s={search_term_string}\"},\"query-input\":{\"@type\":\"PropertyValueSpecification\",\"valueRequired\":true,\"valueName\":\"search_term_string\"}}],\"inLanguage\":\"de\"},{\"@type\":\"Organization\",\"@id\":\"https:\/\/www.pressenza.com\/de\/#organization\",\"name\":\"Pressenza\",\"url\":\"https:\/\/www.pressenza.com\/de\/\",\"logo\":{\"@type\":\"ImageObject\",\"inLanguage\":\"de\",\"@id\":\"https:\/\/www.pressenza.com\/de\/#\/schema\/logo\/image\/\",\"url\":\"https:\/\/www.pressenza.com\/wp-content\/uploads\/2022\/10\/pressenza_logo_200x200.jpg\",\"contentUrl\":\"https:\/\/www.pressenza.com\/wp-content\/uploads\/2022\/10\/pressenza_logo_200x200.jpg\",\"width\":200,\"height\":200,\"caption\":\"Pressenza\"},\"image\":{\"@id\":\"https:\/\/www.pressenza.com\/de\/#\/schema\/logo\/image\/\"},\"sameAs\":[\"https:\/\/www.facebook.com\/PressenzaItalia\",\"https:\/\/x.com\/PressenzaIPA\"]},{\"@type\":\"Person\",\"@id\":\"https:\/\/www.pressenza.com\/de\/#\/schema\/person\/0069724cfb2cb9785368a167d0d900b7\",\"name\":\"Pressenza Muenchen\",\"description\":\"News from the Pressenza bureau in Munich, Germany\",\"sameAs\":[\"https:\/\/www.facebook.com\/Pressenza-Deutschland-sterreich-Schweiz-281675388658060\/timeline\/\",\"https:\/\/x.com\/pressenza_ger\"],\"url\":\"https:\/\/www.pressenza.com\/de\/author\/pressenza-muenchen\/\"}]}<\/script>\n<!-- \/ Yoast SEO plugin. -->","yoast_head_json":{"title":"Welttierschutztag: Staatsziel Tierschutz bisher reine Symbolpolitik","description":"Angesichts der Tatsache, dass Massentierhaltung massiv zu Umweltverschmutzung und Klimawandel sowie laut WHO auch zu einem \u201epost-antibiotischen Zeitalter\u201c","robots":{"index":"index","follow":"follow","max-snippet":"max-snippet:-1","max-image-preview":"max-image-preview:large","max-video-preview":"max-video-preview:-1"},"canonical":"https:\/\/www.pressenza.com\/de\/2016\/10\/welttierschutztag-staatsziel-tierschutz-bisher-reine-symbolpolitik\/","og_locale":"de_DE","og_type":"article","og_title":"Welttierschutztag: Staatsziel Tierschutz bisher reine Symbolpolitik","og_description":"Angesichts der Tatsache, dass Massentierhaltung massiv zu Umweltverschmutzung und Klimawandel sowie laut WHO auch zu einem \u201epost-antibiotischen Zeitalter\u201c","og_url":"https:\/\/www.pressenza.com\/de\/2016\/10\/welttierschutztag-staatsziel-tierschutz-bisher-reine-symbolpolitik\/","og_site_name":"Pressenza","article_publisher":"https:\/\/www.facebook.com\/PressenzaItalia","article_author":"https:\/\/www.facebook.com\/Pressenza-Deutschland-sterreich-Schweiz-281675388658060\/timeline\/","article_published_time":"2016-10-04T15:18:30+00:00","article_modified_time":"2019-04-17T09:54:06+00:00","og_image":[{"width":1024,"height":778,"url":"https:\/\/www.pressenza.com\/wp-content\/uploads\/2016\/10\/918567682_fd996d5831_b.jpg","type":"image\/jpeg"}],"author":"Pressenza Muenchen","twitter_card":"summary_large_image","twitter_creator":"@pressenza_ger","twitter_site":"@PressenzaIPA","twitter_misc":{"Verfasst von":"Pressenza Muenchen","Gesch\u00e4tzte Lesezeit":"3\u00a0Minuten"},"schema":{"@context":"https:\/\/schema.org","@graph":[{"@type":"Article","@id":"https:\/\/www.pressenza.com\/de\/2016\/10\/welttierschutztag-staatsziel-tierschutz-bisher-reine-symbolpolitik\/#article","isPartOf":{"@id":"https:\/\/www.pressenza.com\/de\/2016\/10\/welttierschutztag-staatsziel-tierschutz-bisher-reine-symbolpolitik\/"},"author":{"name":"Pressenza Muenchen","@id":"https:\/\/www.pressenza.com\/de\/#\/schema\/person\/0069724cfb2cb9785368a167d0d900b7"},"headline":"Welttierschutztag: Staatsziel Tierschutz bisher reine Symbolpolitik","datePublished":"2016-10-04T15:18:30+00:00","dateModified":"2019-04-17T09:54:06+00:00","mainEntityOfPage":{"@id":"https:\/\/www.pressenza.com\/de\/2016\/10\/welttierschutztag-staatsziel-tierschutz-bisher-reine-symbolpolitik\/"},"wordCount":506,"publisher":{"@id":"https:\/\/www.pressenza.com\/de\/#organization"},"image":{"@id":"https:\/\/www.pressenza.com\/de\/2016\/10\/welttierschutztag-staatsziel-tierschutz-bisher-reine-symbolpolitik\/#primaryimage"},"thumbnailUrl":"https:\/\/www.pressenza.com\/wp-content\/uploads\/2016\/10\/918567682_fd996d5831_b.jpg","keywords":["Massentierhaltung","Tiere","Tierrechte","Tierversuche","Welttierschutztag"],"articleSection":["\u00d6kologie und Umwelt","Politik","Pressemitteilungen"],"inLanguage":"de"},{"@type":"WebPage","@id":"https:\/\/www.pressenza.com\/de\/2016\/10\/welttierschutztag-staatsziel-tierschutz-bisher-reine-symbolpolitik\/","url":"https:\/\/www.pressenza.com\/de\/2016\/10\/welttierschutztag-staatsziel-tierschutz-bisher-reine-symbolpolitik\/","name":"Welttierschutztag: Staatsziel Tierschutz bisher reine Symbolpolitik","isPartOf":{"@id":"https:\/\/www.pressenza.com\/de\/#website"},"primaryImageOfPage":{"@id":"https:\/\/www.pressenza.com\/de\/2016\/10\/welttierschutztag-staatsziel-tierschutz-bisher-reine-symbolpolitik\/#primaryimage"},"image":{"@id":"https:\/\/www.pressenza.com\/de\/2016\/10\/welttierschutztag-staatsziel-tierschutz-bisher-reine-symbolpolitik\/#primaryimage"},"thumbnailUrl":"https:\/\/www.pressenza.com\/wp-content\/uploads\/2016\/10\/918567682_fd996d5831_b.jpg","datePublished":"2016-10-04T15:18:30+00:00","dateModified":"2019-04-17T09:54:06+00:00","description":"Angesichts der Tatsache, dass Massentierhaltung massiv zu Umweltverschmutzung und Klimawandel sowie laut WHO auch zu einem \u201epost-antibiotischen Zeitalter\u201c","breadcrumb":{"@id":"https:\/\/www.pressenza.com\/de\/2016\/10\/welttierschutztag-staatsziel-tierschutz-bisher-reine-symbolpolitik\/#breadcrumb"},"inLanguage":"de","potentialAction":[{"@type":"ReadAction","target":["https:\/\/www.pressenza.com\/de\/2016\/10\/welttierschutztag-staatsziel-tierschutz-bisher-reine-symbolpolitik\/"]}]},{"@type":"ImageObject","inLanguage":"de","@id":"https:\/\/www.pressenza.com\/de\/2016\/10\/welttierschutztag-staatsziel-tierschutz-bisher-reine-symbolpolitik\/#primaryimage","url":"https:\/\/www.pressenza.com\/wp-content\/uploads\/2016\/10\/918567682_fd996d5831_b.jpg","contentUrl":"https:\/\/www.pressenza.com\/wp-content\/uploads\/2016\/10\/918567682_fd996d5831_b.jpg","width":1024,"height":778},{"@type":"BreadcrumbList","@id":"https:\/\/www.pressenza.com\/de\/2016\/10\/welttierschutztag-staatsziel-tierschutz-bisher-reine-symbolpolitik\/#breadcrumb","itemListElement":[{"@type":"ListItem","position":1,"name":"Accueil","item":"https:\/\/www.pressenza.com\/de\/"},{"@type":"ListItem","position":2,"name":"Welttierschutztag: Staatsziel Tierschutz bisher reine Symbolpolitik"}]},{"@type":"WebSite","@id":"https:\/\/www.pressenza.com\/de\/#website","url":"https:\/\/www.pressenza.com\/de\/","name":"Pressenza","description":"International Press Agency","publisher":{"@id":"https:\/\/www.pressenza.com\/de\/#organization"},"potentialAction":[{"@type":"SearchAction","target":{"@type":"EntryPoint","urlTemplate":"https:\/\/www.pressenza.com\/de\/?s={search_term_string}"},"query-input":{"@type":"PropertyValueSpecification","valueRequired":true,"valueName":"search_term_string"}}],"inLanguage":"de"},{"@type":"Organization","@id":"https:\/\/www.pressenza.com\/de\/#organization","name":"Pressenza","url":"https:\/\/www.pressenza.com\/de\/","logo":{"@type":"ImageObject","inLanguage":"de","@id":"https:\/\/www.pressenza.com\/de\/#\/schema\/logo\/image\/","url":"https:\/\/www.pressenza.com\/wp-content\/uploads\/2022\/10\/pressenza_logo_200x200.jpg","contentUrl":"https:\/\/www.pressenza.com\/wp-content\/uploads\/2022\/10\/pressenza_logo_200x200.jpg","width":200,"height":200,"caption":"Pressenza"},"image":{"@id":"https:\/\/www.pressenza.com\/de\/#\/schema\/logo\/image\/"},"sameAs":["https:\/\/www.facebook.com\/PressenzaItalia","https:\/\/x.com\/PressenzaIPA"]},{"@type":"Person","@id":"https:\/\/www.pressenza.com\/de\/#\/schema\/person\/0069724cfb2cb9785368a167d0d900b7","name":"Pressenza Muenchen","description":"News from the Pressenza bureau in Munich, Germany","sameAs":["https:\/\/www.facebook.com\/Pressenza-Deutschland-sterreich-Schweiz-281675388658060\/timeline\/","https:\/\/x.com\/pressenza_ger"],"url":"https:\/\/www.pressenza.com\/de\/author\/pressenza-muenchen\/"}]}},"place":"","original_article_url":"https:\/\/www.tierrechte.de\/presse-a-magazin\/pressemitteilungen\/29-september-2016-zum-welttierschutztag-staatsziel-tierschutz-bisher-reine-symbolpolitik","_links":{"self":[{"href":"https:\/\/www.pressenza.com\/de\/wp-json\/wp\/v2\/posts\/377164","targetHints":{"allow":["GET"]}}],"collection":[{"href":"https:\/\/www.pressenza.com\/de\/wp-json\/wp\/v2\/posts"}],"about":[{"href":"https:\/\/www.pressenza.com\/de\/wp-json\/wp\/v2\/types\/post"}],"author":[{"embeddable":true,"href":"https:\/\/www.pressenza.com\/de\/wp-json\/wp\/v2\/users\/1097"}],"replies":[{"embeddable":true,"href":"https:\/\/www.pressenza.com\/de\/wp-json\/wp\/v2\/comments?post=377164"}],"version-history":[{"count":0,"href":"https:\/\/www.pressenza.com\/de\/wp-json\/wp\/v2\/posts\/377164\/revisions"}],"wp:featuredmedia":[{"embeddable":true,"href":"https:\/\/www.pressenza.com\/de\/wp-json\/wp\/v2\/media\/377213"}],"wp:attachment":[{"href":"https:\/\/www.pressenza.com\/de\/wp-json\/wp\/v2\/media?parent=377164"}],"wp:term":[{"taxonomy":"category","embeddable":true,"href":"https:\/\/www.pressenza.com\/de\/wp-json\/wp\/v2\/categories?post=377164"},{"taxonomy":"post_tag","embeddable":true,"href":"https:\/\/www.pressenza.com\/de\/wp-json\/wp\/v2\/tags?post=377164"}],"curies":[{"name":"wp","href":"https:\/\/api.w.org\/{rel}","templated":true}]}}