{"id":377113,"date":"2016-10-04T12:31:44","date_gmt":"2016-10-04T11:31:44","guid":{"rendered":"http:\/\/www.pressenza.com\/de\/?p=377113"},"modified":"2016-10-04T12:31:44","modified_gmt":"2016-10-04T11:31:44","slug":"ipb-2016-die-stimmen-der-humanisten","status":"publish","type":"post","link":"https:\/\/www.pressenza.com\/de\/2016\/10\/ipb-2016-die-stimmen-der-humanisten\/","title":{"rendered":"IPB 2016: Die Stimmen der Humanisten"},"content":{"rendered":"<p>Kurz nach Ende des IPB Word Congress in Berlin haben wir die Impressionen einiger Humanisten aufgefangen, die bei dem Event teilnahmen und mitgeholfen haben, neue Hoffnung zu geben, eine neue Sensibilit\u00e4t f\u00fcr Frieden und Gewaltfreiheit zu wecken, sowie konkrete Aktionen f\u00fcr eine bessere Welt vorzuschlagen und umzusetzen.<\/p>\n<p>Im Folgenden ein kurzes Video mit ihren Stimmen:<\/p>\n<p>&nbsp;<\/p>\n<p><iframe loading=\"lazy\" src=\"https:\/\/www.youtube.com\/embed\/Ynsie_q4ibY\" width=\"560\" height=\"315\" frameborder=\"0\" allowfullscreen=\"allowfullscreen\"><\/iframe><\/p>\n","protected":false},"excerpt":{"rendered":"<p>Kurz nach Ende des IPB Word Congress in Berlin haben wir die Impressionen einiger Humanisten aufgefangen, die bei dem Event teilnahmen und mitgeholfen haben, neue Hoffnung zu geben, eine neue Sensibilit\u00e4t f\u00fcr Frieden und Gewaltfreiheit zu wecken, sowie konkrete Aktionen&hellip;<\/p>\n","protected":false},"author":680,"featured_media":377088,"comment_status":"closed","ping_status":"closed","sticky":false,"template":"","format":"standard","meta":{"footnotes":""},"categories":[9150,9167,9166,7835,9142,11387,27991],"tags":[10574,9262,22229,9425,9962,31170,9181,12921],"class_list":["post-377113","post","type-post","status-publish","format-standard","has-post-thumbnail","hentry","category-europa-de","category-frieden-und-abruestung","category-gewaltfreiheit","category-international-de","category-interviews-de","category-originalinhalt","category-video-de","tag-berlin-de","tag-frieden","tag-gewaltfreiheit","tag-humanismus","tag-humanistische-bewegung","tag-ipb-2016","tag-pressenza-de","tag-tu-berlin"],"yoast_head":"<!-- This site is optimized with the Yoast SEO plugin v27.1.1 - https:\/\/yoast.com\/product\/yoast-seo-wordpress\/ -->\n<title>IPB 2016: Die Stimmen der Humanisten<\/title>\n<meta name=\"description\" content=\"Kurz nach Ende des IPB Word Congress in Berlin haben wir die Impressionen einiger Humanisten aufgefangen, die bei dem Event teilnahmen und mitgeholfen\" \/>\n<meta name=\"robots\" content=\"index, follow, max-snippet:-1, max-image-preview:large, max-video-preview:-1\" \/>\n<link rel=\"canonical\" href=\"https:\/\/www.pressenza.com\/de\/2016\/10\/ipb-2016-die-stimmen-der-humanisten\/\" \/>\n<meta property=\"og:locale\" content=\"de_DE\" \/>\n<meta property=\"og:type\" content=\"article\" \/>\n<meta property=\"og:title\" content=\"IPB 2016: Die Stimmen der Humanisten\" \/>\n<meta property=\"og:description\" content=\"Kurz nach Ende des IPB Word Congress in Berlin haben wir die Impressionen einiger Humanisten aufgefangen, die bei dem Event teilnahmen und mitgeholfen\" \/>\n<meta property=\"og:url\" content=\"https:\/\/www.pressenza.com\/de\/2016\/10\/ipb-2016-die-stimmen-der-humanisten\/\" \/>\n<meta property=\"og:site_name\" content=\"Pressenza\" \/>\n<meta property=\"article:publisher\" content=\"https:\/\/www.facebook.com\/PressenzaItalia\" \/>\n<meta property=\"article:author\" content=\"https:\/\/www.facebook.com\/dariosolare\" \/>\n<meta property=\"article:published_time\" content=\"2016-10-04T11:31:44+00:00\" \/>\n<meta property=\"og:image\" content=\"https:\/\/www.pressenza.com\/wp-content\/uploads\/2016\/10\/IMG_0715.jpg\" \/>\n\t<meta property=\"og:image:width\" content=\"3264\" \/>\n\t<meta property=\"og:image:height\" content=\"2448\" \/>\n\t<meta property=\"og:image:type\" content=\"image\/jpeg\" \/>\n<meta name=\"author\" content=\"Dario Lo Scalzo\" \/>\n<meta name=\"twitter:card\" content=\"summary_large_image\" \/>\n<meta name=\"twitter:creator\" content=\"@dario-lo-scalzo\" \/>\n<meta name=\"twitter:site\" content=\"@PressenzaIPA\" \/>\n<meta name=\"twitter:label1\" content=\"Verfasst von\" \/>\n\t<meta name=\"twitter:data1\" content=\"Dario Lo Scalzo\" \/>\n<script type=\"application\/ld+json\" class=\"yoast-schema-graph\">{\"@context\":\"https:\/\/schema.org\",\"@graph\":[{\"@type\":\"Article\",\"@id\":\"https:\/\/www.pressenza.com\/de\/2016\/10\/ipb-2016-die-stimmen-der-humanisten\/#article\",\"isPartOf\":{\"@id\":\"https:\/\/www.pressenza.com\/de\/2016\/10\/ipb-2016-die-stimmen-der-humanisten\/\"},\"author\":{\"name\":\"Dario Lo Scalzo\",\"@id\":\"https:\/\/www.pressenza.com\/de\/#\/schema\/person\/4734d5a58e73e1588c6b58e2610d4390\"},\"headline\":\"IPB 2016: Die Stimmen der Humanisten\",\"datePublished\":\"2016-10-04T11:31:44+00:00\",\"mainEntityOfPage\":{\"@id\":\"https:\/\/www.pressenza.com\/de\/2016\/10\/ipb-2016-die-stimmen-der-humanisten\/\"},\"wordCount\":64,\"publisher\":{\"@id\":\"https:\/\/www.pressenza.com\/de\/#organization\"},\"image\":{\"@id\":\"https:\/\/www.pressenza.com\/de\/2016\/10\/ipb-2016-die-stimmen-der-humanisten\/#primaryimage\"},\"thumbnailUrl\":\"https:\/\/www.pressenza.com\/wp-content\/uploads\/2016\/10\/IMG_0715.jpg\",\"keywords\":[\"Berlin\",\"Frieden\",\"Gewaltfreiheit\",\"Humanismus\",\"Humanistische Bewegung\",\"IPB 2016\",\"Pressenza\",\"TU Berlin\"],\"articleSection\":[\"Europa\",\"Frieden und Abr\u00fcstung\",\"Gewaltfreiheit\",\"International\",\"Interviews\",\"Originalinhalt\",\"Video\"],\"inLanguage\":\"de\"},{\"@type\":\"WebPage\",\"@id\":\"https:\/\/www.pressenza.com\/de\/2016\/10\/ipb-2016-die-stimmen-der-humanisten\/\",\"url\":\"https:\/\/www.pressenza.com\/de\/2016\/10\/ipb-2016-die-stimmen-der-humanisten\/\",\"name\":\"IPB 2016: Die Stimmen der Humanisten\",\"isPartOf\":{\"@id\":\"https:\/\/www.pressenza.com\/de\/#website\"},\"primaryImageOfPage\":{\"@id\":\"https:\/\/www.pressenza.com\/de\/2016\/10\/ipb-2016-die-stimmen-der-humanisten\/#primaryimage\"},\"image\":{\"@id\":\"https:\/\/www.pressenza.com\/de\/2016\/10\/ipb-2016-die-stimmen-der-humanisten\/#primaryimage\"},\"thumbnailUrl\":\"https:\/\/www.pressenza.com\/wp-content\/uploads\/2016\/10\/IMG_0715.jpg\",\"datePublished\":\"2016-10-04T11:31:44+00:00\",\"description\":\"Kurz nach Ende des IPB Word Congress in Berlin haben wir die Impressionen einiger Humanisten aufgefangen, die bei dem Event teilnahmen und mitgeholfen\",\"breadcrumb\":{\"@id\":\"https:\/\/www.pressenza.com\/de\/2016\/10\/ipb-2016-die-stimmen-der-humanisten\/#breadcrumb\"},\"inLanguage\":\"de\",\"potentialAction\":[{\"@type\":\"ReadAction\",\"target\":[\"https:\/\/www.pressenza.com\/de\/2016\/10\/ipb-2016-die-stimmen-der-humanisten\/\"]}]},{\"@type\":\"ImageObject\",\"inLanguage\":\"de\",\"@id\":\"https:\/\/www.pressenza.com\/de\/2016\/10\/ipb-2016-die-stimmen-der-humanisten\/#primaryimage\",\"url\":\"https:\/\/www.pressenza.com\/wp-content\/uploads\/2016\/10\/IMG_0715.jpg\",\"contentUrl\":\"https:\/\/www.pressenza.com\/wp-content\/uploads\/2016\/10\/IMG_0715.jpg\",\"width\":3264,\"height\":2448},{\"@type\":\"BreadcrumbList\",\"@id\":\"https:\/\/www.pressenza.com\/de\/2016\/10\/ipb-2016-die-stimmen-der-humanisten\/#breadcrumb\",\"itemListElement\":[{\"@type\":\"ListItem\",\"position\":1,\"name\":\"Accueil\",\"item\":\"https:\/\/www.pressenza.com\/de\/\"},{\"@type\":\"ListItem\",\"position\":2,\"name\":\"IPB 2016: Die Stimmen der Humanisten\"}]},{\"@type\":\"WebSite\",\"@id\":\"https:\/\/www.pressenza.com\/de\/#website\",\"url\":\"https:\/\/www.pressenza.com\/de\/\",\"name\":\"Pressenza\",\"description\":\"International Press Agency\",\"publisher\":{\"@id\":\"https:\/\/www.pressenza.com\/de\/#organization\"},\"potentialAction\":[{\"@type\":\"SearchAction\",\"target\":{\"@type\":\"EntryPoint\",\"urlTemplate\":\"https:\/\/www.pressenza.com\/de\/?s={search_term_string}\"},\"query-input\":{\"@type\":\"PropertyValueSpecification\",\"valueRequired\":true,\"valueName\":\"search_term_string\"}}],\"inLanguage\":\"de\"},{\"@type\":\"Organization\",\"@id\":\"https:\/\/www.pressenza.com\/de\/#organization\",\"name\":\"Pressenza\",\"url\":\"https:\/\/www.pressenza.com\/de\/\",\"logo\":{\"@type\":\"ImageObject\",\"inLanguage\":\"de\",\"@id\":\"https:\/\/www.pressenza.com\/de\/#\/schema\/logo\/image\/\",\"url\":\"https:\/\/www.pressenza.com\/wp-content\/uploads\/2022\/10\/pressenza_logo_200x200.jpg\",\"contentUrl\":\"https:\/\/www.pressenza.com\/wp-content\/uploads\/2022\/10\/pressenza_logo_200x200.jpg\",\"width\":200,\"height\":200,\"caption\":\"Pressenza\"},\"image\":{\"@id\":\"https:\/\/www.pressenza.com\/de\/#\/schema\/logo\/image\/\"},\"sameAs\":[\"https:\/\/www.facebook.com\/PressenzaItalia\",\"https:\/\/x.com\/PressenzaIPA\"]},{\"@type\":\"Person\",\"@id\":\"https:\/\/www.pressenza.com\/de\/#\/schema\/person\/4734d5a58e73e1588c6b58e2610d4390\",\"name\":\"Dario Lo Scalzo\",\"description\":\"Dario Lo Scalzo: Journalist, writer and videomaker Dario has a professional background in banking, microcredit, lean thinking and change management. For years, he has been involved in Human Rights and Nonviolence issues. As a journalist, he wrote for Terranauta and Il Cambiamento (as a columnist and creator of the \\\"Invisible Stories\\\" section). He also cooperated with other online and print newpapers (Girodivite, Left Avvenimenti, Il Clandestino con permesso di soggiorno). In 2020, he created and launched the Video Team of the online green magazine \\\"GreenMe\\\". Currently, Dario is part of the Italian editorial staff of Pressenza International Press Agency and he is a freelance video-journalist at Radiotelevisione svizzera (RSI)\",\"sameAs\":[\"https:\/\/www.facebook.com\/dariosolare\",\"https:\/\/x.com\/dario-lo-scalzo\"],\"url\":\"https:\/\/www.pressenza.com\/de\/author\/dario-lo-scalzo\/\"}]}<\/script>\n<!-- \/ Yoast SEO plugin. -->","yoast_head_json":{"title":"IPB 2016: Die Stimmen der Humanisten","description":"Kurz nach Ende des IPB Word Congress in Berlin haben wir die Impressionen einiger Humanisten aufgefangen, die bei dem Event teilnahmen und mitgeholfen","robots":{"index":"index","follow":"follow","max-snippet":"max-snippet:-1","max-image-preview":"max-image-preview:large","max-video-preview":"max-video-preview:-1"},"canonical":"https:\/\/www.pressenza.com\/de\/2016\/10\/ipb-2016-die-stimmen-der-humanisten\/","og_locale":"de_DE","og_type":"article","og_title":"IPB 2016: Die Stimmen der Humanisten","og_description":"Kurz nach Ende des IPB Word Congress in Berlin haben wir die Impressionen einiger Humanisten aufgefangen, die bei dem Event teilnahmen und mitgeholfen","og_url":"https:\/\/www.pressenza.com\/de\/2016\/10\/ipb-2016-die-stimmen-der-humanisten\/","og_site_name":"Pressenza","article_publisher":"https:\/\/www.facebook.com\/PressenzaItalia","article_author":"https:\/\/www.facebook.com\/dariosolare","article_published_time":"2016-10-04T11:31:44+00:00","og_image":[{"width":3264,"height":2448,"url":"https:\/\/www.pressenza.com\/wp-content\/uploads\/2016\/10\/IMG_0715.jpg","type":"image\/jpeg"}],"author":"Dario Lo Scalzo","twitter_card":"summary_large_image","twitter_creator":"@dario-lo-scalzo","twitter_site":"@PressenzaIPA","twitter_misc":{"Verfasst von":"Dario Lo Scalzo"},"schema":{"@context":"https:\/\/schema.org","@graph":[{"@type":"Article","@id":"https:\/\/www.pressenza.com\/de\/2016\/10\/ipb-2016-die-stimmen-der-humanisten\/#article","isPartOf":{"@id":"https:\/\/www.pressenza.com\/de\/2016\/10\/ipb-2016-die-stimmen-der-humanisten\/"},"author":{"name":"Dario Lo Scalzo","@id":"https:\/\/www.pressenza.com\/de\/#\/schema\/person\/4734d5a58e73e1588c6b58e2610d4390"},"headline":"IPB 2016: Die Stimmen der Humanisten","datePublished":"2016-10-04T11:31:44+00:00","mainEntityOfPage":{"@id":"https:\/\/www.pressenza.com\/de\/2016\/10\/ipb-2016-die-stimmen-der-humanisten\/"},"wordCount":64,"publisher":{"@id":"https:\/\/www.pressenza.com\/de\/#organization"},"image":{"@id":"https:\/\/www.pressenza.com\/de\/2016\/10\/ipb-2016-die-stimmen-der-humanisten\/#primaryimage"},"thumbnailUrl":"https:\/\/www.pressenza.com\/wp-content\/uploads\/2016\/10\/IMG_0715.jpg","keywords":["Berlin","Frieden","Gewaltfreiheit","Humanismus","Humanistische Bewegung","IPB 2016","Pressenza","TU Berlin"],"articleSection":["Europa","Frieden und Abr\u00fcstung","Gewaltfreiheit","International","Interviews","Originalinhalt","Video"],"inLanguage":"de"},{"@type":"WebPage","@id":"https:\/\/www.pressenza.com\/de\/2016\/10\/ipb-2016-die-stimmen-der-humanisten\/","url":"https:\/\/www.pressenza.com\/de\/2016\/10\/ipb-2016-die-stimmen-der-humanisten\/","name":"IPB 2016: Die Stimmen der Humanisten","isPartOf":{"@id":"https:\/\/www.pressenza.com\/de\/#website"},"primaryImageOfPage":{"@id":"https:\/\/www.pressenza.com\/de\/2016\/10\/ipb-2016-die-stimmen-der-humanisten\/#primaryimage"},"image":{"@id":"https:\/\/www.pressenza.com\/de\/2016\/10\/ipb-2016-die-stimmen-der-humanisten\/#primaryimage"},"thumbnailUrl":"https:\/\/www.pressenza.com\/wp-content\/uploads\/2016\/10\/IMG_0715.jpg","datePublished":"2016-10-04T11:31:44+00:00","description":"Kurz nach Ende des IPB Word Congress in Berlin haben wir die Impressionen einiger Humanisten aufgefangen, die bei dem Event teilnahmen und mitgeholfen","breadcrumb":{"@id":"https:\/\/www.pressenza.com\/de\/2016\/10\/ipb-2016-die-stimmen-der-humanisten\/#breadcrumb"},"inLanguage":"de","potentialAction":[{"@type":"ReadAction","target":["https:\/\/www.pressenza.com\/de\/2016\/10\/ipb-2016-die-stimmen-der-humanisten\/"]}]},{"@type":"ImageObject","inLanguage":"de","@id":"https:\/\/www.pressenza.com\/de\/2016\/10\/ipb-2016-die-stimmen-der-humanisten\/#primaryimage","url":"https:\/\/www.pressenza.com\/wp-content\/uploads\/2016\/10\/IMG_0715.jpg","contentUrl":"https:\/\/www.pressenza.com\/wp-content\/uploads\/2016\/10\/IMG_0715.jpg","width":3264,"height":2448},{"@type":"BreadcrumbList","@id":"https:\/\/www.pressenza.com\/de\/2016\/10\/ipb-2016-die-stimmen-der-humanisten\/#breadcrumb","itemListElement":[{"@type":"ListItem","position":1,"name":"Accueil","item":"https:\/\/www.pressenza.com\/de\/"},{"@type":"ListItem","position":2,"name":"IPB 2016: Die Stimmen der Humanisten"}]},{"@type":"WebSite","@id":"https:\/\/www.pressenza.com\/de\/#website","url":"https:\/\/www.pressenza.com\/de\/","name":"Pressenza","description":"International Press Agency","publisher":{"@id":"https:\/\/www.pressenza.com\/de\/#organization"},"potentialAction":[{"@type":"SearchAction","target":{"@type":"EntryPoint","urlTemplate":"https:\/\/www.pressenza.com\/de\/?s={search_term_string}"},"query-input":{"@type":"PropertyValueSpecification","valueRequired":true,"valueName":"search_term_string"}}],"inLanguage":"de"},{"@type":"Organization","@id":"https:\/\/www.pressenza.com\/de\/#organization","name":"Pressenza","url":"https:\/\/www.pressenza.com\/de\/","logo":{"@type":"ImageObject","inLanguage":"de","@id":"https:\/\/www.pressenza.com\/de\/#\/schema\/logo\/image\/","url":"https:\/\/www.pressenza.com\/wp-content\/uploads\/2022\/10\/pressenza_logo_200x200.jpg","contentUrl":"https:\/\/www.pressenza.com\/wp-content\/uploads\/2022\/10\/pressenza_logo_200x200.jpg","width":200,"height":200,"caption":"Pressenza"},"image":{"@id":"https:\/\/www.pressenza.com\/de\/#\/schema\/logo\/image\/"},"sameAs":["https:\/\/www.facebook.com\/PressenzaItalia","https:\/\/x.com\/PressenzaIPA"]},{"@type":"Person","@id":"https:\/\/www.pressenza.com\/de\/#\/schema\/person\/4734d5a58e73e1588c6b58e2610d4390","name":"Dario Lo Scalzo","description":"Dario Lo Scalzo: Journalist, writer and videomaker Dario has a professional background in banking, microcredit, lean thinking and change management. For years, he has been involved in Human Rights and Nonviolence issues. As a journalist, he wrote for Terranauta and Il Cambiamento (as a columnist and creator of the \"Invisible Stories\" section). He also cooperated with other online and print newpapers (Girodivite, Left Avvenimenti, Il Clandestino con permesso di soggiorno). In 2020, he created and launched the Video Team of the online green magazine \"GreenMe\". Currently, Dario is part of the Italian editorial staff of Pressenza International Press Agency and he is a freelance video-journalist at Radiotelevisione svizzera (RSI)","sameAs":["https:\/\/www.facebook.com\/dariosolare","https:\/\/x.com\/dario-lo-scalzo"],"url":"https:\/\/www.pressenza.com\/de\/author\/dario-lo-scalzo\/"}]}},"place":"Berlin","original_article_url":"","_links":{"self":[{"href":"https:\/\/www.pressenza.com\/de\/wp-json\/wp\/v2\/posts\/377113","targetHints":{"allow":["GET"]}}],"collection":[{"href":"https:\/\/www.pressenza.com\/de\/wp-json\/wp\/v2\/posts"}],"about":[{"href":"https:\/\/www.pressenza.com\/de\/wp-json\/wp\/v2\/types\/post"}],"author":[{"embeddable":true,"href":"https:\/\/www.pressenza.com\/de\/wp-json\/wp\/v2\/users\/680"}],"replies":[{"embeddable":true,"href":"https:\/\/www.pressenza.com\/de\/wp-json\/wp\/v2\/comments?post=377113"}],"version-history":[{"count":0,"href":"https:\/\/www.pressenza.com\/de\/wp-json\/wp\/v2\/posts\/377113\/revisions"}],"wp:featuredmedia":[{"embeddable":true,"href":"https:\/\/www.pressenza.com\/de\/wp-json\/wp\/v2\/media\/377088"}],"wp:attachment":[{"href":"https:\/\/www.pressenza.com\/de\/wp-json\/wp\/v2\/media?parent=377113"}],"wp:term":[{"taxonomy":"category","embeddable":true,"href":"https:\/\/www.pressenza.com\/de\/wp-json\/wp\/v2\/categories?post=377113"},{"taxonomy":"post_tag","embeddable":true,"href":"https:\/\/www.pressenza.com\/de\/wp-json\/wp\/v2\/tags?post=377113"}],"curies":[{"name":"wp","href":"https:\/\/api.w.org\/{rel}","templated":true}]}}