{"id":371730,"date":"2016-09-20T18:36:56","date_gmt":"2016-09-20T17:36:56","guid":{"rendered":"http:\/\/www.pressenza.com\/de\/?p=371730"},"modified":"2016-09-20T18:38:41","modified_gmt":"2016-09-20T17:38:41","slug":"vorfahrt-fuer-die-zivile-konfliktbearbeitung","status":"publish","type":"post","link":"https:\/\/www.pressenza.com\/de\/2016\/09\/vorfahrt-fuer-die-zivile-konfliktbearbeitung\/","title":{"rendered":"Vorfahrt f\u00fcr die zivile Konfliktbearbeitung!"},"content":{"rendered":"<div id=\"content-wrapper\">\n<div id=\"content\">\n<div id=\"content-inner\">\n<div id=\"content-content\">\n<div id=\"node-13574\" class=\"node odd full-node node-type-news\">\n<div class=\"content\">\n<p><strong>Anl\u00e4sslich des UN-Weltfriedenstags am 21. September fordert EIRENE Internationaler Christlicher Friedensdienst mehr \u00f6ffentliche Mittel f\u00fcr die zivile Konfliktbearbeitung statt einer Aufstockung des Verteidigungshaushaltes. Der \u201eVorrang f\u00fcr Zivil\u201c muss wieder das Primat in der Politik werden!<\/strong><\/p>\n<p>\u201eWas mich emp\u00f6rt, ist dass die Bundesregierung plant, den riesigen Milit\u00e4rhaushalt so stark zu erh\u00f6hen, wie seit 20 Jahren nicht mehr. Gleichzeitig sollen die wenigen Mittel f\u00fcr den Zivilen Friedensdienst nicht angehoben werden,\u201c so Dr. Anthea Bethge, Gesch\u00e4ftsf\u00fchrerin von EIRENE. Der milit\u00e4rische Kampf kann keinen nachhaltigen Frieden bringen. Im Gegenteil, er destabilisiert ganze Regionen und erzeugt neue Konflikte. \u201eEs gibt keine Alternative zur zivilen Konfliktbearbeitung und zum Friedensdienst. Es braucht Ann\u00e4herung, Begegnung und Verst\u00e4ndigung, damit Kriege und Unterdr\u00fcckung enden und Friedensprozesse beginnen k\u00f6nnen,\u201c betont Bethge. Deswegen unterst\u00fctzt EIRENE gemeinsam mit Partnerorganisationen, Fachkr\u00e4ften und Freiwilligen in insgesamt 19 L\u00e4ndern das Engagement f\u00fcr Gerechtigkeit, Frieden und die Bewahrung der Sch\u00f6pfung.<\/p>\n<p>Wie jedes Jahr am Weltfriedenstag werden EIRENE-Fachkr\u00e4fte und Freiwillige in El Alto\/Bolivien zusammen mit ihren Partnerorganisationen ein gro\u00dfes Friedensfest feiern. Auf einem zentralen Platz informieren sie die Bev\u00f6lkerung \u00fcber ihr Engagement in den Bereichen zivile Konfliktbearbeitung und Friedensp\u00e4dagogik.<\/p>\n<\/div>\n<\/div>\n<\/div>\n<\/div>\n<\/div>\n<\/div>\n","protected":false},"excerpt":{"rendered":"<p>Anl\u00e4sslich des UN-Weltfriedenstags am 21. September fordert EIRENE Internationaler Christlicher Friedensdienst mehr \u00f6ffentliche Mittel f\u00fcr die zivile Konfliktbearbeitung statt einer Aufstockung des Verteidigungshaushaltes. Der \u201eVorrang f\u00fcr Zivil\u201c muss wieder das Primat in der Politik werden! \u201eWas mich emp\u00f6rt, ist dass&hellip;<\/p>\n","protected":false},"author":1095,"featured_media":371762,"comment_status":"closed","ping_status":"closed","sticky":false,"template":"","format":"standard","meta":{"footnotes":""},"categories":[9167,9166,7835,9145],"tags":[30812,30813,17411,30811],"class_list":["post-371730","post","type-post","status-publish","format-standard","has-post-thumbnail","hentry","category-frieden-und-abruestung","category-gewaltfreiheit","category-international-de","category-pressemitteilungen","tag-eirene","tag-friedensdienst","tag-un","tag-weltfriedenstag"],"yoast_head":"<!-- This site is optimized with the Yoast SEO plugin v27.1.1 - https:\/\/yoast.com\/product\/yoast-seo-wordpress\/ -->\n<title>Vorfahrt f\u00fcr die zivile Konfliktbearbeitung!<\/title>\n<meta name=\"description\" content=\"Anl\u00e4sslich des UN-Weltfriedenstags am 21. September fordert EIRENE Internationaler Christlicher Friedensdienst mehr \u00f6ffentliche Mittel f\u00fcr die zivile\" \/>\n<meta name=\"robots\" content=\"index, follow, max-snippet:-1, max-image-preview:large, max-video-preview:-1\" \/>\n<link rel=\"canonical\" href=\"https:\/\/www.pressenza.com\/de\/2016\/09\/vorfahrt-fuer-die-zivile-konfliktbearbeitung\/\" \/>\n<meta property=\"og:locale\" content=\"de_DE\" \/>\n<meta property=\"og:type\" content=\"article\" \/>\n<meta property=\"og:title\" content=\"Vorfahrt f\u00fcr die zivile Konfliktbearbeitung!\" \/>\n<meta property=\"og:description\" content=\"Anl\u00e4sslich des UN-Weltfriedenstags am 21. September fordert EIRENE Internationaler Christlicher Friedensdienst mehr \u00f6ffentliche Mittel f\u00fcr die zivile\" \/>\n<meta property=\"og:url\" content=\"https:\/\/www.pressenza.com\/de\/2016\/09\/vorfahrt-fuer-die-zivile-konfliktbearbeitung\/\" \/>\n<meta property=\"og:site_name\" content=\"Pressenza\" \/>\n<meta property=\"article:publisher\" content=\"https:\/\/www.facebook.com\/PressenzaItalia\" \/>\n<meta property=\"article:author\" content=\"https:\/\/www.facebook.com\/Pressenza-Deutschland-sterreich-Schweiz-281675388658060\/timeline\/\" \/>\n<meta property=\"article:published_time\" content=\"2016-09-20T17:36:56+00:00\" \/>\n<meta property=\"article:modified_time\" content=\"2016-09-20T17:38:41+00:00\" \/>\n<meta property=\"og:image\" content=\"https:\/\/www.pressenza.com\/wp-content\/uploads\/2016\/09\/header_weltfriedenstag_2014-1.jpg\" \/>\n\t<meta property=\"og:image:width\" content=\"1260\" \/>\n\t<meta property=\"og:image:height\" content=\"450\" \/>\n\t<meta property=\"og:image:type\" content=\"image\/jpeg\" \/>\n<meta name=\"author\" content=\"Pressenza Berlin\" \/>\n<meta name=\"twitter:card\" content=\"summary_large_image\" \/>\n<meta name=\"twitter:creator\" content=\"@pressenza_ger\" \/>\n<meta name=\"twitter:site\" content=\"@PressenzaIPA\" \/>\n<meta name=\"twitter:label1\" content=\"Verfasst von\" \/>\n\t<meta name=\"twitter:data1\" content=\"Pressenza Berlin\" \/>\n\t<meta name=\"twitter:label2\" content=\"Gesch\u00e4tzte Lesezeit\" \/>\n\t<meta name=\"twitter:data2\" content=\"1\u00a0Minute\" \/>\n<script type=\"application\/ld+json\" class=\"yoast-schema-graph\">{\"@context\":\"https:\/\/schema.org\",\"@graph\":[{\"@type\":\"Article\",\"@id\":\"https:\/\/www.pressenza.com\/de\/2016\/09\/vorfahrt-fuer-die-zivile-konfliktbearbeitung\/#article\",\"isPartOf\":{\"@id\":\"https:\/\/www.pressenza.com\/de\/2016\/09\/vorfahrt-fuer-die-zivile-konfliktbearbeitung\/\"},\"author\":{\"name\":\"Pressenza Berlin\",\"@id\":\"https:\/\/www.pressenza.com\/de\/#\/schema\/person\/57bb5480943a496a7722b0248e4b658a\"},\"headline\":\"Vorfahrt f\u00fcr die zivile Konfliktbearbeitung!\",\"datePublished\":\"2016-09-20T17:36:56+00:00\",\"dateModified\":\"2016-09-20T17:38:41+00:00\",\"mainEntityOfPage\":{\"@id\":\"https:\/\/www.pressenza.com\/de\/2016\/09\/vorfahrt-fuer-die-zivile-konfliktbearbeitung\/\"},\"wordCount\":208,\"publisher\":{\"@id\":\"https:\/\/www.pressenza.com\/de\/#organization\"},\"image\":{\"@id\":\"https:\/\/www.pressenza.com\/de\/2016\/09\/vorfahrt-fuer-die-zivile-konfliktbearbeitung\/#primaryimage\"},\"thumbnailUrl\":\"https:\/\/www.pressenza.com\/wp-content\/uploads\/2016\/09\/header_weltfriedenstag_2014-1.jpg\",\"keywords\":[\"EIRENE\",\"Friedensdienst\",\"UN\",\"Weltfriedenstag\"],\"articleSection\":[\"Frieden und Abr\u00fcstung\",\"Gewaltfreiheit\",\"International\",\"Pressemitteilungen\"],\"inLanguage\":\"de\"},{\"@type\":\"WebPage\",\"@id\":\"https:\/\/www.pressenza.com\/de\/2016\/09\/vorfahrt-fuer-die-zivile-konfliktbearbeitung\/\",\"url\":\"https:\/\/www.pressenza.com\/de\/2016\/09\/vorfahrt-fuer-die-zivile-konfliktbearbeitung\/\",\"name\":\"Vorfahrt f\u00fcr die zivile Konfliktbearbeitung!\",\"isPartOf\":{\"@id\":\"https:\/\/www.pressenza.com\/de\/#website\"},\"primaryImageOfPage\":{\"@id\":\"https:\/\/www.pressenza.com\/de\/2016\/09\/vorfahrt-fuer-die-zivile-konfliktbearbeitung\/#primaryimage\"},\"image\":{\"@id\":\"https:\/\/www.pressenza.com\/de\/2016\/09\/vorfahrt-fuer-die-zivile-konfliktbearbeitung\/#primaryimage\"},\"thumbnailUrl\":\"https:\/\/www.pressenza.com\/wp-content\/uploads\/2016\/09\/header_weltfriedenstag_2014-1.jpg\",\"datePublished\":\"2016-09-20T17:36:56+00:00\",\"dateModified\":\"2016-09-20T17:38:41+00:00\",\"description\":\"Anl\u00e4sslich des UN-Weltfriedenstags am 21. September fordert EIRENE Internationaler Christlicher Friedensdienst mehr \u00f6ffentliche Mittel f\u00fcr die zivile\",\"breadcrumb\":{\"@id\":\"https:\/\/www.pressenza.com\/de\/2016\/09\/vorfahrt-fuer-die-zivile-konfliktbearbeitung\/#breadcrumb\"},\"inLanguage\":\"de\",\"potentialAction\":[{\"@type\":\"ReadAction\",\"target\":[\"https:\/\/www.pressenza.com\/de\/2016\/09\/vorfahrt-fuer-die-zivile-konfliktbearbeitung\/\"]}]},{\"@type\":\"ImageObject\",\"inLanguage\":\"de\",\"@id\":\"https:\/\/www.pressenza.com\/de\/2016\/09\/vorfahrt-fuer-die-zivile-konfliktbearbeitung\/#primaryimage\",\"url\":\"https:\/\/www.pressenza.com\/wp-content\/uploads\/2016\/09\/header_weltfriedenstag_2014-1.jpg\",\"contentUrl\":\"https:\/\/www.pressenza.com\/wp-content\/uploads\/2016\/09\/header_weltfriedenstag_2014-1.jpg\",\"width\":1260,\"height\":450},{\"@type\":\"BreadcrumbList\",\"@id\":\"https:\/\/www.pressenza.com\/de\/2016\/09\/vorfahrt-fuer-die-zivile-konfliktbearbeitung\/#breadcrumb\",\"itemListElement\":[{\"@type\":\"ListItem\",\"position\":1,\"name\":\"Accueil\",\"item\":\"https:\/\/www.pressenza.com\/de\/\"},{\"@type\":\"ListItem\",\"position\":2,\"name\":\"Vorfahrt f\u00fcr die zivile Konfliktbearbeitung!\"}]},{\"@type\":\"WebSite\",\"@id\":\"https:\/\/www.pressenza.com\/de\/#website\",\"url\":\"https:\/\/www.pressenza.com\/de\/\",\"name\":\"Pressenza\",\"description\":\"International Press Agency\",\"publisher\":{\"@id\":\"https:\/\/www.pressenza.com\/de\/#organization\"},\"potentialAction\":[{\"@type\":\"SearchAction\",\"target\":{\"@type\":\"EntryPoint\",\"urlTemplate\":\"https:\/\/www.pressenza.com\/de\/?s={search_term_string}\"},\"query-input\":{\"@type\":\"PropertyValueSpecification\",\"valueRequired\":true,\"valueName\":\"search_term_string\"}}],\"inLanguage\":\"de\"},{\"@type\":\"Organization\",\"@id\":\"https:\/\/www.pressenza.com\/de\/#organization\",\"name\":\"Pressenza\",\"url\":\"https:\/\/www.pressenza.com\/de\/\",\"logo\":{\"@type\":\"ImageObject\",\"inLanguage\":\"de\",\"@id\":\"https:\/\/www.pressenza.com\/de\/#\/schema\/logo\/image\/\",\"url\":\"https:\/\/www.pressenza.com\/wp-content\/uploads\/2022\/10\/pressenza_logo_200x200.jpg\",\"contentUrl\":\"https:\/\/www.pressenza.com\/wp-content\/uploads\/2022\/10\/pressenza_logo_200x200.jpg\",\"width\":200,\"height\":200,\"caption\":\"Pressenza\"},\"image\":{\"@id\":\"https:\/\/www.pressenza.com\/de\/#\/schema\/logo\/image\/\"},\"sameAs\":[\"https:\/\/www.facebook.com\/PressenzaItalia\",\"https:\/\/x.com\/PressenzaIPA\"]},{\"@type\":\"Person\",\"@id\":\"https:\/\/www.pressenza.com\/de\/#\/schema\/person\/57bb5480943a496a7722b0248e4b658a\",\"name\":\"Pressenza Berlin\",\"description\":\"News from the Pressenza Bureau in Berlin, Germany\",\"sameAs\":[\"https:\/\/www.facebook.com\/Pressenza-Deutschland-sterreich-Schweiz-281675388658060\/timeline\/\",\"https:\/\/x.com\/pressenza_ger\"],\"url\":\"https:\/\/www.pressenza.com\/de\/author\/pressenza-berlin\/\"}]}<\/script>\n<!-- \/ Yoast SEO plugin. -->","yoast_head_json":{"title":"Vorfahrt f\u00fcr die zivile Konfliktbearbeitung!","description":"Anl\u00e4sslich des UN-Weltfriedenstags am 21. September fordert EIRENE Internationaler Christlicher Friedensdienst mehr \u00f6ffentliche Mittel f\u00fcr die zivile","robots":{"index":"index","follow":"follow","max-snippet":"max-snippet:-1","max-image-preview":"max-image-preview:large","max-video-preview":"max-video-preview:-1"},"canonical":"https:\/\/www.pressenza.com\/de\/2016\/09\/vorfahrt-fuer-die-zivile-konfliktbearbeitung\/","og_locale":"de_DE","og_type":"article","og_title":"Vorfahrt f\u00fcr die zivile Konfliktbearbeitung!","og_description":"Anl\u00e4sslich des UN-Weltfriedenstags am 21. September fordert EIRENE Internationaler Christlicher Friedensdienst mehr \u00f6ffentliche Mittel f\u00fcr die zivile","og_url":"https:\/\/www.pressenza.com\/de\/2016\/09\/vorfahrt-fuer-die-zivile-konfliktbearbeitung\/","og_site_name":"Pressenza","article_publisher":"https:\/\/www.facebook.com\/PressenzaItalia","article_author":"https:\/\/www.facebook.com\/Pressenza-Deutschland-sterreich-Schweiz-281675388658060\/timeline\/","article_published_time":"2016-09-20T17:36:56+00:00","article_modified_time":"2016-09-20T17:38:41+00:00","og_image":[{"width":1260,"height":450,"url":"https:\/\/www.pressenza.com\/wp-content\/uploads\/2016\/09\/header_weltfriedenstag_2014-1.jpg","type":"image\/jpeg"}],"author":"Pressenza Berlin","twitter_card":"summary_large_image","twitter_creator":"@pressenza_ger","twitter_site":"@PressenzaIPA","twitter_misc":{"Verfasst von":"Pressenza Berlin","Gesch\u00e4tzte Lesezeit":"1\u00a0Minute"},"schema":{"@context":"https:\/\/schema.org","@graph":[{"@type":"Article","@id":"https:\/\/www.pressenza.com\/de\/2016\/09\/vorfahrt-fuer-die-zivile-konfliktbearbeitung\/#article","isPartOf":{"@id":"https:\/\/www.pressenza.com\/de\/2016\/09\/vorfahrt-fuer-die-zivile-konfliktbearbeitung\/"},"author":{"name":"Pressenza Berlin","@id":"https:\/\/www.pressenza.com\/de\/#\/schema\/person\/57bb5480943a496a7722b0248e4b658a"},"headline":"Vorfahrt f\u00fcr die zivile Konfliktbearbeitung!","datePublished":"2016-09-20T17:36:56+00:00","dateModified":"2016-09-20T17:38:41+00:00","mainEntityOfPage":{"@id":"https:\/\/www.pressenza.com\/de\/2016\/09\/vorfahrt-fuer-die-zivile-konfliktbearbeitung\/"},"wordCount":208,"publisher":{"@id":"https:\/\/www.pressenza.com\/de\/#organization"},"image":{"@id":"https:\/\/www.pressenza.com\/de\/2016\/09\/vorfahrt-fuer-die-zivile-konfliktbearbeitung\/#primaryimage"},"thumbnailUrl":"https:\/\/www.pressenza.com\/wp-content\/uploads\/2016\/09\/header_weltfriedenstag_2014-1.jpg","keywords":["EIRENE","Friedensdienst","UN","Weltfriedenstag"],"articleSection":["Frieden und Abr\u00fcstung","Gewaltfreiheit","International","Pressemitteilungen"],"inLanguage":"de"},{"@type":"WebPage","@id":"https:\/\/www.pressenza.com\/de\/2016\/09\/vorfahrt-fuer-die-zivile-konfliktbearbeitung\/","url":"https:\/\/www.pressenza.com\/de\/2016\/09\/vorfahrt-fuer-die-zivile-konfliktbearbeitung\/","name":"Vorfahrt f\u00fcr die zivile Konfliktbearbeitung!","isPartOf":{"@id":"https:\/\/www.pressenza.com\/de\/#website"},"primaryImageOfPage":{"@id":"https:\/\/www.pressenza.com\/de\/2016\/09\/vorfahrt-fuer-die-zivile-konfliktbearbeitung\/#primaryimage"},"image":{"@id":"https:\/\/www.pressenza.com\/de\/2016\/09\/vorfahrt-fuer-die-zivile-konfliktbearbeitung\/#primaryimage"},"thumbnailUrl":"https:\/\/www.pressenza.com\/wp-content\/uploads\/2016\/09\/header_weltfriedenstag_2014-1.jpg","datePublished":"2016-09-20T17:36:56+00:00","dateModified":"2016-09-20T17:38:41+00:00","description":"Anl\u00e4sslich des UN-Weltfriedenstags am 21. September fordert EIRENE Internationaler Christlicher Friedensdienst mehr \u00f6ffentliche Mittel f\u00fcr die zivile","breadcrumb":{"@id":"https:\/\/www.pressenza.com\/de\/2016\/09\/vorfahrt-fuer-die-zivile-konfliktbearbeitung\/#breadcrumb"},"inLanguage":"de","potentialAction":[{"@type":"ReadAction","target":["https:\/\/www.pressenza.com\/de\/2016\/09\/vorfahrt-fuer-die-zivile-konfliktbearbeitung\/"]}]},{"@type":"ImageObject","inLanguage":"de","@id":"https:\/\/www.pressenza.com\/de\/2016\/09\/vorfahrt-fuer-die-zivile-konfliktbearbeitung\/#primaryimage","url":"https:\/\/www.pressenza.com\/wp-content\/uploads\/2016\/09\/header_weltfriedenstag_2014-1.jpg","contentUrl":"https:\/\/www.pressenza.com\/wp-content\/uploads\/2016\/09\/header_weltfriedenstag_2014-1.jpg","width":1260,"height":450},{"@type":"BreadcrumbList","@id":"https:\/\/www.pressenza.com\/de\/2016\/09\/vorfahrt-fuer-die-zivile-konfliktbearbeitung\/#breadcrumb","itemListElement":[{"@type":"ListItem","position":1,"name":"Accueil","item":"https:\/\/www.pressenza.com\/de\/"},{"@type":"ListItem","position":2,"name":"Vorfahrt f\u00fcr die zivile Konfliktbearbeitung!"}]},{"@type":"WebSite","@id":"https:\/\/www.pressenza.com\/de\/#website","url":"https:\/\/www.pressenza.com\/de\/","name":"Pressenza","description":"International Press Agency","publisher":{"@id":"https:\/\/www.pressenza.com\/de\/#organization"},"potentialAction":[{"@type":"SearchAction","target":{"@type":"EntryPoint","urlTemplate":"https:\/\/www.pressenza.com\/de\/?s={search_term_string}"},"query-input":{"@type":"PropertyValueSpecification","valueRequired":true,"valueName":"search_term_string"}}],"inLanguage":"de"},{"@type":"Organization","@id":"https:\/\/www.pressenza.com\/de\/#organization","name":"Pressenza","url":"https:\/\/www.pressenza.com\/de\/","logo":{"@type":"ImageObject","inLanguage":"de","@id":"https:\/\/www.pressenza.com\/de\/#\/schema\/logo\/image\/","url":"https:\/\/www.pressenza.com\/wp-content\/uploads\/2022\/10\/pressenza_logo_200x200.jpg","contentUrl":"https:\/\/www.pressenza.com\/wp-content\/uploads\/2022\/10\/pressenza_logo_200x200.jpg","width":200,"height":200,"caption":"Pressenza"},"image":{"@id":"https:\/\/www.pressenza.com\/de\/#\/schema\/logo\/image\/"},"sameAs":["https:\/\/www.facebook.com\/PressenzaItalia","https:\/\/x.com\/PressenzaIPA"]},{"@type":"Person","@id":"https:\/\/www.pressenza.com\/de\/#\/schema\/person\/57bb5480943a496a7722b0248e4b658a","name":"Pressenza Berlin","description":"News from the Pressenza Bureau in Berlin, Germany","sameAs":["https:\/\/www.facebook.com\/Pressenza-Deutschland-sterreich-Schweiz-281675388658060\/timeline\/","https:\/\/x.com\/pressenza_ger"],"url":"https:\/\/www.pressenza.com\/de\/author\/pressenza-berlin\/"}]}},"place":"","original_article_url":"https:\/\/www.eirene.org\/meldungen\/vorfahrt-zivile-konfliktbearbeitung","_links":{"self":[{"href":"https:\/\/www.pressenza.com\/de\/wp-json\/wp\/v2\/posts\/371730","targetHints":{"allow":["GET"]}}],"collection":[{"href":"https:\/\/www.pressenza.com\/de\/wp-json\/wp\/v2\/posts"}],"about":[{"href":"https:\/\/www.pressenza.com\/de\/wp-json\/wp\/v2\/types\/post"}],"author":[{"embeddable":true,"href":"https:\/\/www.pressenza.com\/de\/wp-json\/wp\/v2\/users\/1095"}],"replies":[{"embeddable":true,"href":"https:\/\/www.pressenza.com\/de\/wp-json\/wp\/v2\/comments?post=371730"}],"version-history":[{"count":0,"href":"https:\/\/www.pressenza.com\/de\/wp-json\/wp\/v2\/posts\/371730\/revisions"}],"wp:featuredmedia":[{"embeddable":true,"href":"https:\/\/www.pressenza.com\/de\/wp-json\/wp\/v2\/media\/371762"}],"wp:attachment":[{"href":"https:\/\/www.pressenza.com\/de\/wp-json\/wp\/v2\/media?parent=371730"}],"wp:term":[{"taxonomy":"category","embeddable":true,"href":"https:\/\/www.pressenza.com\/de\/wp-json\/wp\/v2\/categories?post=371730"},{"taxonomy":"post_tag","embeddable":true,"href":"https:\/\/www.pressenza.com\/de\/wp-json\/wp\/v2\/tags?post=371730"}],"curies":[{"name":"wp","href":"https:\/\/api.w.org\/{rel}","templated":true}]}}