{"id":366722,"date":"2016-09-08T16:19:12","date_gmt":"2016-09-08T15:19:12","guid":{"rendered":"http:\/\/www.pressenza.com\/de\/?p=366722"},"modified":"2016-09-08T16:20:28","modified_gmt":"2016-09-08T15:20:28","slug":"die-pressefreiheit-der-tuerkei-ist-tot","status":"publish","type":"post","link":"https:\/\/www.pressenza.com\/de\/2016\/09\/die-pressefreiheit-der-tuerkei-ist-tot\/","title":{"rendered":"&#8222;Die Pressefreiheit in der T\u00fcrkei ist tot&#8220;"},"content":{"rendered":"<p><strong>Die Konfiszierung von DW-Aufnahmen durch das t\u00fcrkische Sportministerium schl\u00e4gt hohe Wellen. Deutsche Medien bef\u00fcrchten eine Zensur durch die T\u00fcrkei auch im Ausland.<\/strong><\/p>\n<p>Das spiegeln die Pressestimmen. Die &#8222;Berliner Zeitung&#8220; ist der Meinung: &#8222;Die Pressefreiheit in der T\u00fcrkei ist tot.&#8220; Journalisten seien nur noch danach zu unterscheiden, &#8222;ob einer nicht mehr oder noch nicht in einer Gef\u00e4ngniszelle hockt&#8220;. F\u00fcr wen beides nicht gelte, sei kein Journalist, sondern eine &#8222;Kreatur des Autokraten Erdogan&#8220;. Wenn es in einem Land gef\u00e4hrlich sei, die falschen Antworten zu geben, sei es um die Meinungsfreiheit schlecht bestellt. &#8222;Aber wenn die falschen Fragen gen\u00fcgen, sich den Zorn der Staatsmacht zuzuziehen, &#8230; <em><a href=\"http:\/\/www.dw.com\/de\/die-pressefreiheit-in-der-t%C3%BCrkei-ist-tot\/a-19534522?maca=de-GK-TXT-Pressenza-DE-13404-xml-mrss\" target=\"_blank\">weiter lesen<\/a><\/em><\/p>\n","protected":false},"excerpt":{"rendered":"<p>Die Konfiszierung von DW-Aufnahmen durch das t\u00fcrkische Sportministerium schl\u00e4gt hohe Wellen. Deutsche Medien bef\u00fcrchten eine Zensur durch die T\u00fcrkei auch im Ausland. Das spiegeln die Pressestimmen. Die &#8222;Berliner Zeitung&#8220; ist der Meinung: &#8222;Die Pressefreiheit in der T\u00fcrkei ist tot.&#8220; Journalisten&hellip;<\/p>\n","protected":false},"author":993,"featured_media":366724,"comment_status":"closed","ping_status":"closed","sticky":false,"template":"","format":"standard","meta":{"footnotes":""},"categories":[9150,7835,9164,9156,9168],"tags":[10951,10332,30493,9720,24812],"class_list":["post-366722","post","type-post","status-publish","format-standard","has-post-thumbnail","hentry","category-europa-de","category-international-de","category-internationale-angelegenheiten","category-kultur-und-medien","category-politik","tag-interview","tag-pressefreiheit","tag-presseschau","tag-turkei","tag-zensur"],"yoast_head":"<!-- This site is optimized with the Yoast SEO plugin v27.1.1 - https:\/\/yoast.com\/product\/yoast-seo-wordpress\/ -->\n<title>&quot;Die Pressefreiheit in der T\u00fcrkei ist tot&quot;<\/title>\n<meta name=\"description\" content=\"Die Konfiszierung von DW-Aufnahmen durch das t\u00fcrkische Sportministerium schl\u00e4gt hohe Wellen. Deutsche Medien bef\u00fcrchten eine Zensur durch die T\u00fcrkei auch\" \/>\n<meta name=\"robots\" content=\"index, follow, max-snippet:-1, max-image-preview:large, max-video-preview:-1\" \/>\n<link rel=\"canonical\" href=\"https:\/\/www.pressenza.com\/de\/2016\/09\/die-pressefreiheit-der-tuerkei-ist-tot\/\" \/>\n<meta property=\"og:locale\" content=\"de_DE\" \/>\n<meta property=\"og:type\" content=\"article\" \/>\n<meta property=\"og:title\" content=\"&quot;Die Pressefreiheit in der T\u00fcrkei ist tot&quot;\" \/>\n<meta property=\"og:description\" content=\"Die Konfiszierung von DW-Aufnahmen durch das t\u00fcrkische Sportministerium schl\u00e4gt hohe Wellen. Deutsche Medien bef\u00fcrchten eine Zensur durch die T\u00fcrkei auch\" \/>\n<meta property=\"og:url\" content=\"https:\/\/www.pressenza.com\/de\/2016\/09\/die-pressefreiheit-der-tuerkei-ist-tot\/\" \/>\n<meta property=\"og:site_name\" content=\"Pressenza\" \/>\n<meta property=\"article:publisher\" content=\"https:\/\/www.facebook.com\/PressenzaItalia\" \/>\n<meta property=\"article:published_time\" content=\"2016-09-08T15:19:12+00:00\" \/>\n<meta property=\"article:modified_time\" content=\"2016-09-08T15:20:28+00:00\" \/>\n<meta property=\"og:image\" content=\"https:\/\/www.pressenza.com\/wp-content\/uploads\/2016\/09\/015705973_30300.jpg\" \/>\n\t<meta property=\"og:image:width\" content=\"700\" \/>\n\t<meta property=\"og:image:height\" content=\"394\" \/>\n\t<meta property=\"og:image:type\" content=\"image\/jpeg\" \/>\n<meta name=\"author\" content=\"Deutsche Welle\" \/>\n<meta name=\"twitter:card\" content=\"summary_large_image\" \/>\n<meta name=\"twitter:creator\" content=\"@PressenzaIPA\" \/>\n<meta name=\"twitter:site\" content=\"@PressenzaIPA\" \/>\n<meta name=\"twitter:label1\" content=\"Verfasst von\" \/>\n\t<meta name=\"twitter:data1\" content=\"Deutsche Welle\" \/>\n\t<meta name=\"twitter:label2\" content=\"Gesch\u00e4tzte Lesezeit\" \/>\n\t<meta name=\"twitter:data2\" content=\"1\u00a0Minute\" \/>\n<script type=\"application\/ld+json\" class=\"yoast-schema-graph\">{\"@context\":\"https:\/\/schema.org\",\"@graph\":[{\"@type\":\"Article\",\"@id\":\"https:\/\/www.pressenza.com\/de\/2016\/09\/die-pressefreiheit-der-tuerkei-ist-tot\/#article\",\"isPartOf\":{\"@id\":\"https:\/\/www.pressenza.com\/de\/2016\/09\/die-pressefreiheit-der-tuerkei-ist-tot\/\"},\"author\":{\"name\":\"Deutsche Welle\",\"@id\":\"https:\/\/www.pressenza.com\/de\/#\/schema\/person\/b7c775911f2c9a1b8c7225b94e2e9f37\"},\"headline\":\"&#8222;Die Pressefreiheit in der T\u00fcrkei ist tot&#8220;\",\"datePublished\":\"2016-09-08T15:19:12+00:00\",\"dateModified\":\"2016-09-08T15:20:28+00:00\",\"mainEntityOfPage\":{\"@id\":\"https:\/\/www.pressenza.com\/de\/2016\/09\/die-pressefreiheit-der-tuerkei-ist-tot\/\"},\"wordCount\":121,\"publisher\":{\"@id\":\"https:\/\/www.pressenza.com\/de\/#organization\"},\"image\":{\"@id\":\"https:\/\/www.pressenza.com\/de\/2016\/09\/die-pressefreiheit-der-tuerkei-ist-tot\/#primaryimage\"},\"thumbnailUrl\":\"https:\/\/www.pressenza.com\/wp-content\/uploads\/2016\/09\/015705973_30300.jpg\",\"keywords\":[\"interview\",\"Pressefreiheit\",\"Presseschau\",\"T\u00fcrkei\",\"Zensur\"],\"articleSection\":[\"Europa\",\"International\",\"Internationale Angelegenheiten\",\"Kultur und Medien\",\"Politik\"],\"inLanguage\":\"de\"},{\"@type\":\"WebPage\",\"@id\":\"https:\/\/www.pressenza.com\/de\/2016\/09\/die-pressefreiheit-der-tuerkei-ist-tot\/\",\"url\":\"https:\/\/www.pressenza.com\/de\/2016\/09\/die-pressefreiheit-der-tuerkei-ist-tot\/\",\"name\":\"\\\"Die Pressefreiheit in der T\u00fcrkei ist tot\\\"\",\"isPartOf\":{\"@id\":\"https:\/\/www.pressenza.com\/de\/#website\"},\"primaryImageOfPage\":{\"@id\":\"https:\/\/www.pressenza.com\/de\/2016\/09\/die-pressefreiheit-der-tuerkei-ist-tot\/#primaryimage\"},\"image\":{\"@id\":\"https:\/\/www.pressenza.com\/de\/2016\/09\/die-pressefreiheit-der-tuerkei-ist-tot\/#primaryimage\"},\"thumbnailUrl\":\"https:\/\/www.pressenza.com\/wp-content\/uploads\/2016\/09\/015705973_30300.jpg\",\"datePublished\":\"2016-09-08T15:19:12+00:00\",\"dateModified\":\"2016-09-08T15:20:28+00:00\",\"description\":\"Die Konfiszierung von DW-Aufnahmen durch das t\u00fcrkische Sportministerium schl\u00e4gt hohe Wellen. Deutsche Medien bef\u00fcrchten eine Zensur durch die T\u00fcrkei auch\",\"breadcrumb\":{\"@id\":\"https:\/\/www.pressenza.com\/de\/2016\/09\/die-pressefreiheit-der-tuerkei-ist-tot\/#breadcrumb\"},\"inLanguage\":\"de\",\"potentialAction\":[{\"@type\":\"ReadAction\",\"target\":[\"https:\/\/www.pressenza.com\/de\/2016\/09\/die-pressefreiheit-der-tuerkei-ist-tot\/\"]}]},{\"@type\":\"ImageObject\",\"inLanguage\":\"de\",\"@id\":\"https:\/\/www.pressenza.com\/de\/2016\/09\/die-pressefreiheit-der-tuerkei-ist-tot\/#primaryimage\",\"url\":\"https:\/\/www.pressenza.com\/wp-content\/uploads\/2016\/09\/015705973_30300.jpg\",\"contentUrl\":\"https:\/\/www.pressenza.com\/wp-content\/uploads\/2016\/09\/015705973_30300.jpg\",\"width\":700,\"height\":394},{\"@type\":\"BreadcrumbList\",\"@id\":\"https:\/\/www.pressenza.com\/de\/2016\/09\/die-pressefreiheit-der-tuerkei-ist-tot\/#breadcrumb\",\"itemListElement\":[{\"@type\":\"ListItem\",\"position\":1,\"name\":\"Accueil\",\"item\":\"https:\/\/www.pressenza.com\/de\/\"},{\"@type\":\"ListItem\",\"position\":2,\"name\":\"&#8222;Die Pressefreiheit in der T\u00fcrkei ist tot&#8220;\"}]},{\"@type\":\"WebSite\",\"@id\":\"https:\/\/www.pressenza.com\/de\/#website\",\"url\":\"https:\/\/www.pressenza.com\/de\/\",\"name\":\"Pressenza\",\"description\":\"International Press Agency\",\"publisher\":{\"@id\":\"https:\/\/www.pressenza.com\/de\/#organization\"},\"potentialAction\":[{\"@type\":\"SearchAction\",\"target\":{\"@type\":\"EntryPoint\",\"urlTemplate\":\"https:\/\/www.pressenza.com\/de\/?s={search_term_string}\"},\"query-input\":{\"@type\":\"PropertyValueSpecification\",\"valueRequired\":true,\"valueName\":\"search_term_string\"}}],\"inLanguage\":\"de\"},{\"@type\":\"Organization\",\"@id\":\"https:\/\/www.pressenza.com\/de\/#organization\",\"name\":\"Pressenza\",\"url\":\"https:\/\/www.pressenza.com\/de\/\",\"logo\":{\"@type\":\"ImageObject\",\"inLanguage\":\"de\",\"@id\":\"https:\/\/www.pressenza.com\/de\/#\/schema\/logo\/image\/\",\"url\":\"https:\/\/www.pressenza.com\/wp-content\/uploads\/2022\/10\/pressenza_logo_200x200.jpg\",\"contentUrl\":\"https:\/\/www.pressenza.com\/wp-content\/uploads\/2022\/10\/pressenza_logo_200x200.jpg\",\"width\":200,\"height\":200,\"caption\":\"Pressenza\"},\"image\":{\"@id\":\"https:\/\/www.pressenza.com\/de\/#\/schema\/logo\/image\/\"},\"sameAs\":[\"https:\/\/www.facebook.com\/PressenzaItalia\",\"https:\/\/x.com\/PressenzaIPA\"]},{\"@type\":\"Person\",\"@id\":\"https:\/\/www.pressenza.com\/de\/#\/schema\/person\/b7c775911f2c9a1b8c7225b94e2e9f37\",\"name\":\"Deutsche Welle\",\"description\":\"Articles and photographs by Deutsche Welle on Pressenza do not fall under the Creative Commons licence and are not reproducible in any way. www.dw.com\",\"sameAs\":[\"http:\/\/www.dw.com\"],\"url\":\"https:\/\/www.pressenza.com\/de\/author\/deutsche-welle\/\"}]}<\/script>\n<!-- \/ Yoast SEO plugin. -->","yoast_head_json":{"title":"\"Die Pressefreiheit in der T\u00fcrkei ist tot\"","description":"Die Konfiszierung von DW-Aufnahmen durch das t\u00fcrkische Sportministerium schl\u00e4gt hohe Wellen. Deutsche Medien bef\u00fcrchten eine Zensur durch die T\u00fcrkei auch","robots":{"index":"index","follow":"follow","max-snippet":"max-snippet:-1","max-image-preview":"max-image-preview:large","max-video-preview":"max-video-preview:-1"},"canonical":"https:\/\/www.pressenza.com\/de\/2016\/09\/die-pressefreiheit-der-tuerkei-ist-tot\/","og_locale":"de_DE","og_type":"article","og_title":"\"Die Pressefreiheit in der T\u00fcrkei ist tot\"","og_description":"Die Konfiszierung von DW-Aufnahmen durch das t\u00fcrkische Sportministerium schl\u00e4gt hohe Wellen. Deutsche Medien bef\u00fcrchten eine Zensur durch die T\u00fcrkei auch","og_url":"https:\/\/www.pressenza.com\/de\/2016\/09\/die-pressefreiheit-der-tuerkei-ist-tot\/","og_site_name":"Pressenza","article_publisher":"https:\/\/www.facebook.com\/PressenzaItalia","article_published_time":"2016-09-08T15:19:12+00:00","article_modified_time":"2016-09-08T15:20:28+00:00","og_image":[{"width":700,"height":394,"url":"https:\/\/www.pressenza.com\/wp-content\/uploads\/2016\/09\/015705973_30300.jpg","type":"image\/jpeg"}],"author":"Deutsche Welle","twitter_card":"summary_large_image","twitter_creator":"@PressenzaIPA","twitter_site":"@PressenzaIPA","twitter_misc":{"Verfasst von":"Deutsche Welle","Gesch\u00e4tzte Lesezeit":"1\u00a0Minute"},"schema":{"@context":"https:\/\/schema.org","@graph":[{"@type":"Article","@id":"https:\/\/www.pressenza.com\/de\/2016\/09\/die-pressefreiheit-der-tuerkei-ist-tot\/#article","isPartOf":{"@id":"https:\/\/www.pressenza.com\/de\/2016\/09\/die-pressefreiheit-der-tuerkei-ist-tot\/"},"author":{"name":"Deutsche Welle","@id":"https:\/\/www.pressenza.com\/de\/#\/schema\/person\/b7c775911f2c9a1b8c7225b94e2e9f37"},"headline":"&#8222;Die Pressefreiheit in der T\u00fcrkei ist tot&#8220;","datePublished":"2016-09-08T15:19:12+00:00","dateModified":"2016-09-08T15:20:28+00:00","mainEntityOfPage":{"@id":"https:\/\/www.pressenza.com\/de\/2016\/09\/die-pressefreiheit-der-tuerkei-ist-tot\/"},"wordCount":121,"publisher":{"@id":"https:\/\/www.pressenza.com\/de\/#organization"},"image":{"@id":"https:\/\/www.pressenza.com\/de\/2016\/09\/die-pressefreiheit-der-tuerkei-ist-tot\/#primaryimage"},"thumbnailUrl":"https:\/\/www.pressenza.com\/wp-content\/uploads\/2016\/09\/015705973_30300.jpg","keywords":["interview","Pressefreiheit","Presseschau","T\u00fcrkei","Zensur"],"articleSection":["Europa","International","Internationale Angelegenheiten","Kultur und Medien","Politik"],"inLanguage":"de"},{"@type":"WebPage","@id":"https:\/\/www.pressenza.com\/de\/2016\/09\/die-pressefreiheit-der-tuerkei-ist-tot\/","url":"https:\/\/www.pressenza.com\/de\/2016\/09\/die-pressefreiheit-der-tuerkei-ist-tot\/","name":"\"Die Pressefreiheit in der T\u00fcrkei ist tot\"","isPartOf":{"@id":"https:\/\/www.pressenza.com\/de\/#website"},"primaryImageOfPage":{"@id":"https:\/\/www.pressenza.com\/de\/2016\/09\/die-pressefreiheit-der-tuerkei-ist-tot\/#primaryimage"},"image":{"@id":"https:\/\/www.pressenza.com\/de\/2016\/09\/die-pressefreiheit-der-tuerkei-ist-tot\/#primaryimage"},"thumbnailUrl":"https:\/\/www.pressenza.com\/wp-content\/uploads\/2016\/09\/015705973_30300.jpg","datePublished":"2016-09-08T15:19:12+00:00","dateModified":"2016-09-08T15:20:28+00:00","description":"Die Konfiszierung von DW-Aufnahmen durch das t\u00fcrkische Sportministerium schl\u00e4gt hohe Wellen. Deutsche Medien bef\u00fcrchten eine Zensur durch die T\u00fcrkei auch","breadcrumb":{"@id":"https:\/\/www.pressenza.com\/de\/2016\/09\/die-pressefreiheit-der-tuerkei-ist-tot\/#breadcrumb"},"inLanguage":"de","potentialAction":[{"@type":"ReadAction","target":["https:\/\/www.pressenza.com\/de\/2016\/09\/die-pressefreiheit-der-tuerkei-ist-tot\/"]}]},{"@type":"ImageObject","inLanguage":"de","@id":"https:\/\/www.pressenza.com\/de\/2016\/09\/die-pressefreiheit-der-tuerkei-ist-tot\/#primaryimage","url":"https:\/\/www.pressenza.com\/wp-content\/uploads\/2016\/09\/015705973_30300.jpg","contentUrl":"https:\/\/www.pressenza.com\/wp-content\/uploads\/2016\/09\/015705973_30300.jpg","width":700,"height":394},{"@type":"BreadcrumbList","@id":"https:\/\/www.pressenza.com\/de\/2016\/09\/die-pressefreiheit-der-tuerkei-ist-tot\/#breadcrumb","itemListElement":[{"@type":"ListItem","position":1,"name":"Accueil","item":"https:\/\/www.pressenza.com\/de\/"},{"@type":"ListItem","position":2,"name":"&#8222;Die Pressefreiheit in der T\u00fcrkei ist tot&#8220;"}]},{"@type":"WebSite","@id":"https:\/\/www.pressenza.com\/de\/#website","url":"https:\/\/www.pressenza.com\/de\/","name":"Pressenza","description":"International Press Agency","publisher":{"@id":"https:\/\/www.pressenza.com\/de\/#organization"},"potentialAction":[{"@type":"SearchAction","target":{"@type":"EntryPoint","urlTemplate":"https:\/\/www.pressenza.com\/de\/?s={search_term_string}"},"query-input":{"@type":"PropertyValueSpecification","valueRequired":true,"valueName":"search_term_string"}}],"inLanguage":"de"},{"@type":"Organization","@id":"https:\/\/www.pressenza.com\/de\/#organization","name":"Pressenza","url":"https:\/\/www.pressenza.com\/de\/","logo":{"@type":"ImageObject","inLanguage":"de","@id":"https:\/\/www.pressenza.com\/de\/#\/schema\/logo\/image\/","url":"https:\/\/www.pressenza.com\/wp-content\/uploads\/2022\/10\/pressenza_logo_200x200.jpg","contentUrl":"https:\/\/www.pressenza.com\/wp-content\/uploads\/2022\/10\/pressenza_logo_200x200.jpg","width":200,"height":200,"caption":"Pressenza"},"image":{"@id":"https:\/\/www.pressenza.com\/de\/#\/schema\/logo\/image\/"},"sameAs":["https:\/\/www.facebook.com\/PressenzaItalia","https:\/\/x.com\/PressenzaIPA"]},{"@type":"Person","@id":"https:\/\/www.pressenza.com\/de\/#\/schema\/person\/b7c775911f2c9a1b8c7225b94e2e9f37","name":"Deutsche Welle","description":"Articles and photographs by Deutsche Welle on Pressenza do not fall under the Creative Commons licence and are not reproducible in any way. www.dw.com","sameAs":["http:\/\/www.dw.com"],"url":"https:\/\/www.pressenza.com\/de\/author\/deutsche-welle\/"}]}},"place":"","original_article_url":"http:\/\/www.dw.com\/de\/die-pressefreiheit-in-der-t%C3%BCrkei-ist-tot\/a-19534522?maca=de-GK-TXT-Pressenza-DE-13404-xml-mrss","_links":{"self":[{"href":"https:\/\/www.pressenza.com\/de\/wp-json\/wp\/v2\/posts\/366722","targetHints":{"allow":["GET"]}}],"collection":[{"href":"https:\/\/www.pressenza.com\/de\/wp-json\/wp\/v2\/posts"}],"about":[{"href":"https:\/\/www.pressenza.com\/de\/wp-json\/wp\/v2\/types\/post"}],"author":[{"embeddable":true,"href":"https:\/\/www.pressenza.com\/de\/wp-json\/wp\/v2\/users\/993"}],"replies":[{"embeddable":true,"href":"https:\/\/www.pressenza.com\/de\/wp-json\/wp\/v2\/comments?post=366722"}],"version-history":[{"count":0,"href":"https:\/\/www.pressenza.com\/de\/wp-json\/wp\/v2\/posts\/366722\/revisions"}],"wp:featuredmedia":[{"embeddable":true,"href":"https:\/\/www.pressenza.com\/de\/wp-json\/wp\/v2\/media\/366724"}],"wp:attachment":[{"href":"https:\/\/www.pressenza.com\/de\/wp-json\/wp\/v2\/media?parent=366722"}],"wp:term":[{"taxonomy":"category","embeddable":true,"href":"https:\/\/www.pressenza.com\/de\/wp-json\/wp\/v2\/categories?post=366722"},{"taxonomy":"post_tag","embeddable":true,"href":"https:\/\/www.pressenza.com\/de\/wp-json\/wp\/v2\/tags?post=366722"}],"curies":[{"name":"wp","href":"https:\/\/api.w.org\/{rel}","templated":true}]}}