{"id":358602,"date":"2016-08-30T12:54:28","date_gmt":"2016-08-30T11:54:28","guid":{"rendered":"http:\/\/www.pressenza.com\/de\/?p=358602"},"modified":"2016-08-30T12:58:34","modified_gmt":"2016-08-30T11:58:34","slug":"klimacamp-ein-festival-fuer-den-wandel","status":"publish","type":"post","link":"https:\/\/www.pressenza.com\/de\/2016\/08\/klimacamp-ein-festival-fuer-den-wandel\/","title":{"rendered":"Klimacamp: Ein Festival f\u00fcr den Wandel"},"content":{"rendered":"<p><strong>Im rheinischen Braunkohlerevier trafen sich Klimaaktivisten aus ganz Europa, um gegen den Kohleabbau zu demonstrieren und Alternativen zu leben. K\u00f6nnen die Aktivisten das dringend n\u00f6tige Zeichen f\u00fcr den Wandel setzen?<\/strong><\/p>\n<p>Ein gro\u00dfes, buntes Zirkuszelt erhebt sich aus der Zeltlandschaft. Menschen f\u00fcllen einen gro\u00dfen Platz mit Leben. Eine lange Schlange bildet sich vor dem K\u00fcchenzelt, Essensgeruch liegt in der Luft. W\u00e4ren da nicht die gro\u00dfe rote Banner mit der Aufschrift &#8222;Stop Coal&#8220;, &#8222;System Change not Climate Change&#8220; oder &#8222;Wandel in Bewegung&#8220;, w\u00fcrde man sich fast schon auf einem kleinen Hippie-Musik-Festival w\u00e4hnen. Doch es geht den etwa 1000 Besuchern des Klimacamps im Rheinland um mehr als nur &#8230; <a href=\"http:\/\/www.dw.com\/de\/klimacamp-ein-festival-f%C3%BCr-den-wandel\/a-19511251?maca=de-GK-TXT-Pressenza-DE-13404-xml-mrss\" target=\"_blank\">weiter lesen<\/a><\/p>\n","protected":false},"excerpt":{"rendered":"<p>Im rheinischen Braunkohlerevier trafen sich Klimaaktivisten aus ganz Europa, um gegen den Kohleabbau zu demonstrieren und Alternativen zu leben. K\u00f6nnen die Aktivisten das dringend n\u00f6tige Zeichen f\u00fcr den Wandel setzen? Ein gro\u00dfes, buntes Zirkuszelt erhebt sich aus der Zeltlandschaft. Menschen&hellip;<\/p>\n","protected":false},"author":993,"featured_media":358604,"comment_status":"closed","ping_status":"closed","sticky":false,"template":"","format":"standard","meta":{"footnotes":""},"categories":[9150,7835,9157],"tags":[30248,15197,9935,30249,30245,30246,12395,29574,30247,30244,18287],"class_list":["post-358602","post","type-post","status-publish","format-standard","has-post-thumbnail","hentry","category-europa-de","category-international-de","category-oekologie-und-umwelt","tag-braunkohle","tag-fossile-brennstoffe","tag-good-news","tag-klimaaktivisten","tag-klimacamp","tag-klimaschutz","tag-klimawandel","tag-nachhaltigkeit","tag-rheinisches-braunkohlerevier","tag-umwelt","tag-umweltschutz"],"yoast_head":"<!-- This site is optimized with the Yoast SEO plugin v27.1.1 - https:\/\/yoast.com\/product\/yoast-seo-wordpress\/ -->\n<title>Klimacamp: Ein Festival f\u00fcr den Wandel<\/title>\n<meta name=\"description\" content=\"Im rheinischen Braunkohlerevier trafen sich Klimaaktivisten aus ganz Europa, um gegen den Kohleabbau zu demonstrieren und Alternativen zu leben. K\u00f6nnen\" \/>\n<meta name=\"robots\" content=\"index, follow, max-snippet:-1, max-image-preview:large, max-video-preview:-1\" \/>\n<link rel=\"canonical\" href=\"https:\/\/www.pressenza.com\/de\/2016\/08\/klimacamp-ein-festival-fuer-den-wandel\/\" \/>\n<meta property=\"og:locale\" content=\"de_DE\" \/>\n<meta property=\"og:type\" content=\"article\" \/>\n<meta property=\"og:title\" content=\"Klimacamp: Ein Festival f\u00fcr den Wandel\" \/>\n<meta property=\"og:description\" content=\"Im rheinischen Braunkohlerevier trafen sich Klimaaktivisten aus ganz Europa, um gegen den Kohleabbau zu demonstrieren und Alternativen zu leben. K\u00f6nnen\" \/>\n<meta property=\"og:url\" content=\"https:\/\/www.pressenza.com\/de\/2016\/08\/klimacamp-ein-festival-fuer-den-wandel\/\" \/>\n<meta property=\"og:site_name\" content=\"Pressenza\" \/>\n<meta property=\"article:publisher\" content=\"https:\/\/www.facebook.com\/PressenzaItalia\" \/>\n<meta property=\"article:published_time\" content=\"2016-08-30T11:54:28+00:00\" \/>\n<meta property=\"article:modified_time\" content=\"2016-08-30T11:58:34+00:00\" \/>\n<meta property=\"og:image\" content=\"https:\/\/www.pressenza.com\/wp-content\/uploads\/2016\/08\/019511107_30300.jpg\" \/>\n\t<meta property=\"og:image:width\" content=\"700\" \/>\n\t<meta property=\"og:image:height\" content=\"394\" \/>\n\t<meta property=\"og:image:type\" content=\"image\/jpeg\" \/>\n<meta name=\"author\" content=\"Deutsche Welle\" \/>\n<meta name=\"twitter:card\" content=\"summary_large_image\" \/>\n<meta name=\"twitter:creator\" content=\"@PressenzaIPA\" \/>\n<meta name=\"twitter:site\" content=\"@PressenzaIPA\" \/>\n<meta name=\"twitter:label1\" content=\"Verfasst von\" \/>\n\t<meta name=\"twitter:data1\" content=\"Deutsche Welle\" \/>\n\t<meta name=\"twitter:label2\" content=\"Gesch\u00e4tzte Lesezeit\" \/>\n\t<meta name=\"twitter:data2\" content=\"1\u00a0Minute\" \/>\n<script type=\"application\/ld+json\" class=\"yoast-schema-graph\">{\"@context\":\"https:\/\/schema.org\",\"@graph\":[{\"@type\":\"Article\",\"@id\":\"https:\/\/www.pressenza.com\/de\/2016\/08\/klimacamp-ein-festival-fuer-den-wandel\/#article\",\"isPartOf\":{\"@id\":\"https:\/\/www.pressenza.com\/de\/2016\/08\/klimacamp-ein-festival-fuer-den-wandel\/\"},\"author\":{\"name\":\"Deutsche Welle\",\"@id\":\"https:\/\/www.pressenza.com\/de\/#\/schema\/person\/b7c775911f2c9a1b8c7225b94e2e9f37\"},\"headline\":\"Klimacamp: Ein Festival f\u00fcr den Wandel\",\"datePublished\":\"2016-08-30T11:54:28+00:00\",\"dateModified\":\"2016-08-30T11:58:34+00:00\",\"mainEntityOfPage\":{\"@id\":\"https:\/\/www.pressenza.com\/de\/2016\/08\/klimacamp-ein-festival-fuer-den-wandel\/\"},\"wordCount\":124,\"publisher\":{\"@id\":\"https:\/\/www.pressenza.com\/de\/#organization\"},\"image\":{\"@id\":\"https:\/\/www.pressenza.com\/de\/2016\/08\/klimacamp-ein-festival-fuer-den-wandel\/#primaryimage\"},\"thumbnailUrl\":\"https:\/\/www.pressenza.com\/wp-content\/uploads\/2016\/08\/019511107_30300.jpg\",\"keywords\":[\"Braunkohle\",\"fossile Brennstoffe\",\"Good News\",\"Klimaaktivisten\",\"Klimacamp\",\"Klimaschutz\",\"Klimawandel\",\"Nachhaltigkeit\",\"Rheinisches Braunkohlerevier\",\"Umwelt\",\"Umweltschutz\"],\"articleSection\":[\"Europa\",\"International\",\"\u00d6kologie und Umwelt\"],\"inLanguage\":\"de\"},{\"@type\":\"WebPage\",\"@id\":\"https:\/\/www.pressenza.com\/de\/2016\/08\/klimacamp-ein-festival-fuer-den-wandel\/\",\"url\":\"https:\/\/www.pressenza.com\/de\/2016\/08\/klimacamp-ein-festival-fuer-den-wandel\/\",\"name\":\"Klimacamp: Ein Festival f\u00fcr den Wandel\",\"isPartOf\":{\"@id\":\"https:\/\/www.pressenza.com\/de\/#website\"},\"primaryImageOfPage\":{\"@id\":\"https:\/\/www.pressenza.com\/de\/2016\/08\/klimacamp-ein-festival-fuer-den-wandel\/#primaryimage\"},\"image\":{\"@id\":\"https:\/\/www.pressenza.com\/de\/2016\/08\/klimacamp-ein-festival-fuer-den-wandel\/#primaryimage\"},\"thumbnailUrl\":\"https:\/\/www.pressenza.com\/wp-content\/uploads\/2016\/08\/019511107_30300.jpg\",\"datePublished\":\"2016-08-30T11:54:28+00:00\",\"dateModified\":\"2016-08-30T11:58:34+00:00\",\"description\":\"Im rheinischen Braunkohlerevier trafen sich Klimaaktivisten aus ganz Europa, um gegen den Kohleabbau zu demonstrieren und Alternativen zu leben. K\u00f6nnen\",\"breadcrumb\":{\"@id\":\"https:\/\/www.pressenza.com\/de\/2016\/08\/klimacamp-ein-festival-fuer-den-wandel\/#breadcrumb\"},\"inLanguage\":\"de\",\"potentialAction\":[{\"@type\":\"ReadAction\",\"target\":[\"https:\/\/www.pressenza.com\/de\/2016\/08\/klimacamp-ein-festival-fuer-den-wandel\/\"]}]},{\"@type\":\"ImageObject\",\"inLanguage\":\"de\",\"@id\":\"https:\/\/www.pressenza.com\/de\/2016\/08\/klimacamp-ein-festival-fuer-den-wandel\/#primaryimage\",\"url\":\"https:\/\/www.pressenza.com\/wp-content\/uploads\/2016\/08\/019511107_30300.jpg\",\"contentUrl\":\"https:\/\/www.pressenza.com\/wp-content\/uploads\/2016\/08\/019511107_30300.jpg\",\"width\":700,\"height\":394},{\"@type\":\"BreadcrumbList\",\"@id\":\"https:\/\/www.pressenza.com\/de\/2016\/08\/klimacamp-ein-festival-fuer-den-wandel\/#breadcrumb\",\"itemListElement\":[{\"@type\":\"ListItem\",\"position\":1,\"name\":\"Accueil\",\"item\":\"https:\/\/www.pressenza.com\/de\/\"},{\"@type\":\"ListItem\",\"position\":2,\"name\":\"Klimacamp: Ein Festival f\u00fcr den Wandel\"}]},{\"@type\":\"WebSite\",\"@id\":\"https:\/\/www.pressenza.com\/de\/#website\",\"url\":\"https:\/\/www.pressenza.com\/de\/\",\"name\":\"Pressenza\",\"description\":\"International Press Agency\",\"publisher\":{\"@id\":\"https:\/\/www.pressenza.com\/de\/#organization\"},\"potentialAction\":[{\"@type\":\"SearchAction\",\"target\":{\"@type\":\"EntryPoint\",\"urlTemplate\":\"https:\/\/www.pressenza.com\/de\/?s={search_term_string}\"},\"query-input\":{\"@type\":\"PropertyValueSpecification\",\"valueRequired\":true,\"valueName\":\"search_term_string\"}}],\"inLanguage\":\"de\"},{\"@type\":\"Organization\",\"@id\":\"https:\/\/www.pressenza.com\/de\/#organization\",\"name\":\"Pressenza\",\"url\":\"https:\/\/www.pressenza.com\/de\/\",\"logo\":{\"@type\":\"ImageObject\",\"inLanguage\":\"de\",\"@id\":\"https:\/\/www.pressenza.com\/de\/#\/schema\/logo\/image\/\",\"url\":\"https:\/\/www.pressenza.com\/wp-content\/uploads\/2022\/10\/pressenza_logo_200x200.jpg\",\"contentUrl\":\"https:\/\/www.pressenza.com\/wp-content\/uploads\/2022\/10\/pressenza_logo_200x200.jpg\",\"width\":200,\"height\":200,\"caption\":\"Pressenza\"},\"image\":{\"@id\":\"https:\/\/www.pressenza.com\/de\/#\/schema\/logo\/image\/\"},\"sameAs\":[\"https:\/\/www.facebook.com\/PressenzaItalia\",\"https:\/\/x.com\/PressenzaIPA\"]},{\"@type\":\"Person\",\"@id\":\"https:\/\/www.pressenza.com\/de\/#\/schema\/person\/b7c775911f2c9a1b8c7225b94e2e9f37\",\"name\":\"Deutsche Welle\",\"description\":\"Articles and photographs by Deutsche Welle on Pressenza do not fall under the Creative Commons licence and are not reproducible in any way. www.dw.com\",\"sameAs\":[\"http:\/\/www.dw.com\"],\"url\":\"https:\/\/www.pressenza.com\/de\/author\/deutsche-welle\/\"}]}<\/script>\n<!-- \/ Yoast SEO plugin. -->","yoast_head_json":{"title":"Klimacamp: Ein Festival f\u00fcr den Wandel","description":"Im rheinischen Braunkohlerevier trafen sich Klimaaktivisten aus ganz Europa, um gegen den Kohleabbau zu demonstrieren und Alternativen zu leben. K\u00f6nnen","robots":{"index":"index","follow":"follow","max-snippet":"max-snippet:-1","max-image-preview":"max-image-preview:large","max-video-preview":"max-video-preview:-1"},"canonical":"https:\/\/www.pressenza.com\/de\/2016\/08\/klimacamp-ein-festival-fuer-den-wandel\/","og_locale":"de_DE","og_type":"article","og_title":"Klimacamp: Ein Festival f\u00fcr den Wandel","og_description":"Im rheinischen Braunkohlerevier trafen sich Klimaaktivisten aus ganz Europa, um gegen den Kohleabbau zu demonstrieren und Alternativen zu leben. K\u00f6nnen","og_url":"https:\/\/www.pressenza.com\/de\/2016\/08\/klimacamp-ein-festival-fuer-den-wandel\/","og_site_name":"Pressenza","article_publisher":"https:\/\/www.facebook.com\/PressenzaItalia","article_published_time":"2016-08-30T11:54:28+00:00","article_modified_time":"2016-08-30T11:58:34+00:00","og_image":[{"width":700,"height":394,"url":"https:\/\/www.pressenza.com\/wp-content\/uploads\/2016\/08\/019511107_30300.jpg","type":"image\/jpeg"}],"author":"Deutsche Welle","twitter_card":"summary_large_image","twitter_creator":"@PressenzaIPA","twitter_site":"@PressenzaIPA","twitter_misc":{"Verfasst von":"Deutsche Welle","Gesch\u00e4tzte Lesezeit":"1\u00a0Minute"},"schema":{"@context":"https:\/\/schema.org","@graph":[{"@type":"Article","@id":"https:\/\/www.pressenza.com\/de\/2016\/08\/klimacamp-ein-festival-fuer-den-wandel\/#article","isPartOf":{"@id":"https:\/\/www.pressenza.com\/de\/2016\/08\/klimacamp-ein-festival-fuer-den-wandel\/"},"author":{"name":"Deutsche Welle","@id":"https:\/\/www.pressenza.com\/de\/#\/schema\/person\/b7c775911f2c9a1b8c7225b94e2e9f37"},"headline":"Klimacamp: Ein Festival f\u00fcr den Wandel","datePublished":"2016-08-30T11:54:28+00:00","dateModified":"2016-08-30T11:58:34+00:00","mainEntityOfPage":{"@id":"https:\/\/www.pressenza.com\/de\/2016\/08\/klimacamp-ein-festival-fuer-den-wandel\/"},"wordCount":124,"publisher":{"@id":"https:\/\/www.pressenza.com\/de\/#organization"},"image":{"@id":"https:\/\/www.pressenza.com\/de\/2016\/08\/klimacamp-ein-festival-fuer-den-wandel\/#primaryimage"},"thumbnailUrl":"https:\/\/www.pressenza.com\/wp-content\/uploads\/2016\/08\/019511107_30300.jpg","keywords":["Braunkohle","fossile Brennstoffe","Good News","Klimaaktivisten","Klimacamp","Klimaschutz","Klimawandel","Nachhaltigkeit","Rheinisches Braunkohlerevier","Umwelt","Umweltschutz"],"articleSection":["Europa","International","\u00d6kologie und Umwelt"],"inLanguage":"de"},{"@type":"WebPage","@id":"https:\/\/www.pressenza.com\/de\/2016\/08\/klimacamp-ein-festival-fuer-den-wandel\/","url":"https:\/\/www.pressenza.com\/de\/2016\/08\/klimacamp-ein-festival-fuer-den-wandel\/","name":"Klimacamp: Ein Festival f\u00fcr den Wandel","isPartOf":{"@id":"https:\/\/www.pressenza.com\/de\/#website"},"primaryImageOfPage":{"@id":"https:\/\/www.pressenza.com\/de\/2016\/08\/klimacamp-ein-festival-fuer-den-wandel\/#primaryimage"},"image":{"@id":"https:\/\/www.pressenza.com\/de\/2016\/08\/klimacamp-ein-festival-fuer-den-wandel\/#primaryimage"},"thumbnailUrl":"https:\/\/www.pressenza.com\/wp-content\/uploads\/2016\/08\/019511107_30300.jpg","datePublished":"2016-08-30T11:54:28+00:00","dateModified":"2016-08-30T11:58:34+00:00","description":"Im rheinischen Braunkohlerevier trafen sich Klimaaktivisten aus ganz Europa, um gegen den Kohleabbau zu demonstrieren und Alternativen zu leben. K\u00f6nnen","breadcrumb":{"@id":"https:\/\/www.pressenza.com\/de\/2016\/08\/klimacamp-ein-festival-fuer-den-wandel\/#breadcrumb"},"inLanguage":"de","potentialAction":[{"@type":"ReadAction","target":["https:\/\/www.pressenza.com\/de\/2016\/08\/klimacamp-ein-festival-fuer-den-wandel\/"]}]},{"@type":"ImageObject","inLanguage":"de","@id":"https:\/\/www.pressenza.com\/de\/2016\/08\/klimacamp-ein-festival-fuer-den-wandel\/#primaryimage","url":"https:\/\/www.pressenza.com\/wp-content\/uploads\/2016\/08\/019511107_30300.jpg","contentUrl":"https:\/\/www.pressenza.com\/wp-content\/uploads\/2016\/08\/019511107_30300.jpg","width":700,"height":394},{"@type":"BreadcrumbList","@id":"https:\/\/www.pressenza.com\/de\/2016\/08\/klimacamp-ein-festival-fuer-den-wandel\/#breadcrumb","itemListElement":[{"@type":"ListItem","position":1,"name":"Accueil","item":"https:\/\/www.pressenza.com\/de\/"},{"@type":"ListItem","position":2,"name":"Klimacamp: Ein Festival f\u00fcr den Wandel"}]},{"@type":"WebSite","@id":"https:\/\/www.pressenza.com\/de\/#website","url":"https:\/\/www.pressenza.com\/de\/","name":"Pressenza","description":"International Press Agency","publisher":{"@id":"https:\/\/www.pressenza.com\/de\/#organization"},"potentialAction":[{"@type":"SearchAction","target":{"@type":"EntryPoint","urlTemplate":"https:\/\/www.pressenza.com\/de\/?s={search_term_string}"},"query-input":{"@type":"PropertyValueSpecification","valueRequired":true,"valueName":"search_term_string"}}],"inLanguage":"de"},{"@type":"Organization","@id":"https:\/\/www.pressenza.com\/de\/#organization","name":"Pressenza","url":"https:\/\/www.pressenza.com\/de\/","logo":{"@type":"ImageObject","inLanguage":"de","@id":"https:\/\/www.pressenza.com\/de\/#\/schema\/logo\/image\/","url":"https:\/\/www.pressenza.com\/wp-content\/uploads\/2022\/10\/pressenza_logo_200x200.jpg","contentUrl":"https:\/\/www.pressenza.com\/wp-content\/uploads\/2022\/10\/pressenza_logo_200x200.jpg","width":200,"height":200,"caption":"Pressenza"},"image":{"@id":"https:\/\/www.pressenza.com\/de\/#\/schema\/logo\/image\/"},"sameAs":["https:\/\/www.facebook.com\/PressenzaItalia","https:\/\/x.com\/PressenzaIPA"]},{"@type":"Person","@id":"https:\/\/www.pressenza.com\/de\/#\/schema\/person\/b7c775911f2c9a1b8c7225b94e2e9f37","name":"Deutsche Welle","description":"Articles and photographs by Deutsche Welle on Pressenza do not fall under the Creative Commons licence and are not reproducible in any way. www.dw.com","sameAs":["http:\/\/www.dw.com"],"url":"https:\/\/www.pressenza.com\/de\/author\/deutsche-welle\/"}]}},"place":"","original_article_url":"http:\/\/www.dw.com\/de\/klimacamp-ein-festival-f%C3%BCr-den-wandel\/a-19511251?maca=de-GK-TXT-Pressenza-DE-13404-xml-mrss","_links":{"self":[{"href":"https:\/\/www.pressenza.com\/de\/wp-json\/wp\/v2\/posts\/358602","targetHints":{"allow":["GET"]}}],"collection":[{"href":"https:\/\/www.pressenza.com\/de\/wp-json\/wp\/v2\/posts"}],"about":[{"href":"https:\/\/www.pressenza.com\/de\/wp-json\/wp\/v2\/types\/post"}],"author":[{"embeddable":true,"href":"https:\/\/www.pressenza.com\/de\/wp-json\/wp\/v2\/users\/993"}],"replies":[{"embeddable":true,"href":"https:\/\/www.pressenza.com\/de\/wp-json\/wp\/v2\/comments?post=358602"}],"version-history":[{"count":0,"href":"https:\/\/www.pressenza.com\/de\/wp-json\/wp\/v2\/posts\/358602\/revisions"}],"wp:featuredmedia":[{"embeddable":true,"href":"https:\/\/www.pressenza.com\/de\/wp-json\/wp\/v2\/media\/358604"}],"wp:attachment":[{"href":"https:\/\/www.pressenza.com\/de\/wp-json\/wp\/v2\/media?parent=358602"}],"wp:term":[{"taxonomy":"category","embeddable":true,"href":"https:\/\/www.pressenza.com\/de\/wp-json\/wp\/v2\/categories?post=358602"},{"taxonomy":"post_tag","embeddable":true,"href":"https:\/\/www.pressenza.com\/de\/wp-json\/wp\/v2\/tags?post=358602"}],"curies":[{"name":"wp","href":"https:\/\/api.w.org\/{rel}","templated":true}]}}