{"id":354713,"date":"2016-08-19T11:21:16","date_gmt":"2016-08-19T10:21:16","guid":{"rendered":"http:\/\/www.pressenza.com\/de\/?p=354713"},"modified":"2016-08-19T11:36:13","modified_gmt":"2016-08-19T10:36:13","slug":"luis-mariano-fernandez-der-seelenwanderer","status":"publish","type":"post","link":"https:\/\/www.pressenza.com\/de\/2016\/08\/luis-mariano-fernandez-der-seelenwanderer\/","title":{"rendered":"Luis Mariano Fern\u00e1ndez \u2013 Der Seelenwanderer"},"content":{"rendered":"<p><strong>Der spanische Journalist, Buchautor und Produzent nimmt uns in\u00a0seinem aktuellen\u00a0Videoprojekt mit auf eine Reise zu uns selbst.<\/strong><\/p>\n<p><span id=\"more-6657\"><\/span><br \/>\n<iframe loading=\"lazy\" src=\"https:\/\/www.youtube.com\/embed\/tz8bkyBgdWM\" width=\"560\" height=\"315\" frameborder=\"0\" allowfullscreen=\"allowfullscreen\"><\/iframe><\/p>\n<p><strong>Der Seelenwanderer<\/strong><\/p>\n<p lang=\"es-ES\" align=\"JUSTIFY\"><em>Sonnenuntergang am Strand. Ohne Zweifel ist es die magische Stunde. Es ist die Stunde am Tag, zwischen Licht und Dunkelheit, die mich immer dazu veranlasst mich zu fragen, wer ich bin, woher ich komme und wohin ich gehe. Zu dieser Tageszeit, in der die Sonne sich hinter dem Horizont verbirgt, gehe ich gerne am Meer entlang spazieren und nachzudenken, zu reflektieren. Es gef\u00e4llt mir mich mit meiner wahren Essenz zu verbinden \u2026<\/em><\/p>\n<p lang=\"es-ES\" align=\"JUSTIFY\"><em>Von Kindheit an war ich ein Tr\u00e4umer. Nie h\u00f6rte ich auf zu tr\u00e4umen, mir Dinge vorzustellen, Szenarien, Situationen, Begegnungen, Reisen zu verborgenen Orten um verlorene Sch\u00e4tze und St\u00e4dte zu entdecken. Zum Teil habe ich das, was ich bin und was ich erlebt habe, jenen Tr\u00e4umen zu verdanken, die eines Tages in meinem Geist und meinem Herzen geschmiedet wurden. Ich m\u00f6chte mit Euch einige dieser Tr\u00e4ume teilen, die eine oder andere Gewissheit, viele Zweifel und Fragen, meine tiefsten Reflexionen \u00fcber das Leben \u2026 und vor allem, Euch mein Herz \u00f6ffnen, damit Ihr Euch durch meine Erfahrungen und meine Worte, mit Euren eigenen Emotionen verbinden k\u00f6nnt.<\/em><\/p>\n<p lang=\"es-ES\" align=\"JUSTIFY\"><em>Wer von Euch ist nicht schon einmal mittels den Fl\u00fcgeln seiner Vorstellungskraft geflogen? Wer hat sich nicht schon mal gew\u00fcnscht ein Vogel zu sein, um zu fliegen und sich vollkommen frei zu f\u00fchlen? Ich bin der Seelenwanderer. Begleitest Du mich auf dieser Reise?<\/em><\/p>\n<p lang=\"es-ES\" align=\"JUSTIFY\"><em>Ich bin ein Seelenwanderer, Du bist es auch. Wir sind es alle. Wir wandern alle durch diese und andere Welten, die wir nicht mit unseren eigenen Augen sehen k\u00f6nnen. Ich bin fest davon \u00fcberzeugt, dass wir spirituelle Wesen mit menschlicher Erfahrung sind.<\/em><\/p>\n<p lang=\"es-ES\" align=\"JUSTIFY\"><em>Es handelt sich um ein Gef\u00fchl, etwas Starkes, was Dich denken l\u00e4sst, mehr zu sein als das, was wir sehen. Ich kann es nicht begr\u00fcnden, ich k\u00f6nnte es noch nicht einmal erkl\u00e4ren, es fehlen mir die Worte. Es ist, als ob man versuchte Gott zu verstehen oder zu erkl\u00e4ren. Ein gro\u00dfes, unerkl\u00e4rbares Mysterium. Dieses Gef\u00fchl und die Verbindung mit dem Transzendentem und Spirituellem entstand w\u00e4hrend meiner Kindheit. Ich sp\u00fcrte schon immer, dass da noch etwas war. Von diesem Moment an begann ich mit einer verr\u00fcckten und doch wunderbaren Suche.<\/em><\/p>\n<p lang=\"es-ES\" align=\"JUSTIFY\"><em>Ein Weg voller \u00fcberraschender Erfahrungen, die mich zur wichtigsten Arbeit in meinem Leben gef\u00fchrt haben: mich selbst kennenzulernen. Obwohl ich mich jung f\u00fchle, habe ich viel gelebt, sehr intensiv und oft schnell, manchmal auch langsam, jeden Moment am Limit, als ob es der letzte Augenblick w\u00e4re, st\u00e4ndig aus den Erfahrungen lernend, die uns diese Reise namens Leben bietet. Wenn ich aber mit mir ehrlich bin, noch habe ich nicht entdeckt, wer ich bin. Ich fahre mit der Aufgabe fort. Mich mehr und besser kennenzulernen.<\/em><\/p>\n<p lang=\"es-ES\" align=\"JUSTIFY\"><em>Manchmal, aber auch nur manchmal, gelingt es mir einen Lichtblitz meines wahren Seins zu liebkosen. Dann f\u00fchle ich jenes Alter meiner Seele, dann f\u00fchle ich, dass es vielleicht wahr ist, dass wir aus vergangenen Leben stammen, aus jenem unbekanntem Raum zwischen den K\u00f6rpern, zwischen allen Existenzen \u2026<\/em><\/p>\n<p lang=\"es-ES\" align=\"JUSTIFY\"><em>Ohne Zweifel ist die edelste Eigenschaft des Menschen, die F\u00e4higkeit zu tr\u00e4umen. Die F\u00e4higkeit zu tr\u00e4umen und die Neugier, beides d\u00fcrfen wir nie verlieren. Und die Liebe, die Liebe in all ihren Formen, als Lebenswandel, als Lebensphilosophie. Tr\u00e4ume zu haben, Neugier zu empfinden, Liebe in sich zu haben und zu empfinden, ich glaube, das sind gro\u00dfe Antriebe des Lebens. Nur wenn wir die wahre liebe empfinden, jene aus dem Herzen, sind wir in der Lage \u00c4ngste, Schwierigkeiten und schlechte Gef\u00fchle zu bek\u00e4mpfen, jene, die uns manches Mal \u00fcberfallen und in Wesen verwandeln, die wir nicht sein wollen. Wesen, die Handlungen entgegen ihrer eigentlichen Natur ausf\u00fchren.<\/em><\/p>\n<p lang=\"es-ES\" align=\"JUSTIFY\"><em>Ja, ich glaube immer noch an den Menschen, trotz allem, trotz des Weges, den diese Menschheit t\u00e4glich beschreitet. Grausam in vielen F\u00e4llen, dennoch glaube ich an ihn. Ich glaube weiterhin an seine nat\u00fcrliche G\u00fcte. Wir sind wohl widerspr\u00fcchliche Wesen, aber unsere Natur macht uns au\u00dfergew\u00f6hnlich, vielleicht auch einzigartig. Wir m\u00fcssten diesen kurzen Abschnitt, den wir auf dieser Welt verbringen dazu nutzen uns st\u00e4ndig zu verbessern, um besser zu werden, als wir sind, um unserem N\u00e4chsten unser Bestes zu bieten, um uns gegenseitig zu helfen.<\/em><\/p>\n<p lang=\"es-ES\" align=\"JUSTIFY\"><em>Was? Erscheint es Euch utopisch in der gegenw\u00e4rtigen Zeit? Vielleicht ist es das auch. Aber deswegen sollten wir nicht damit aufh\u00f6ren, danach zu streben. Vereinen, nicht entzweien. Erbauen, nicht zerst\u00f6ren, uns n\u00e4hern nicht uns voneinander entfernen. Ich glaube, dass wir nur dann gl\u00fccklich sind, wenn wir auch gro\u00dfz\u00fcgig sind. Und darum geht es, einen Teil dieses Gl\u00fccks zu finden. Kein vollst\u00e4ndiges und ewig w\u00e4hrendes Gl\u00fcck, das existiert nicht, aber doch ein Stadium innerer Freude und Ruhe. Der Mensch ist ebenso dazu verpflichtet, seine Freiheit zu suchen, auch wenn ich glaube, dass es die totale Freiheit ebenfalls nicht gibt. Mag sein, dass dies nur ein alter, sch\u00f6ner Traum des Menschen ist, wir m\u00fcssen aber danach streben. Denn nur mit dieser Freiheit k\u00f6nnen wir unsere Tr\u00e4ume wahr machen \u2026<\/em><\/p>\n<p><em>Dies ist die erste Reise gewesen. Ich hoffe, dass Du sie genie\u00dfen konntest. Mit ihr habe ich versucht, Dich ein wenig meiner Vision nahe zu bringen, die man das Leben nennt, mit Dir einige Worte und Gedanken zu teilen, von denen ich Dir versichern kann, dass sie meinem Innersten entspringen.<\/em><\/p>\n<p><em>Ich erwarte Dich bei meiner n\u00e4chsten Reise. Ich bin \u2026 der Seelenwanderer.<\/em><\/p>\n<p><strong>\u00dcber den Autor:<\/strong>\u00a0<span class=\"_5yl5\"><a href=\"https:\/\/es.wikipedia.org\/wiki\/Luis_Mariano_Fern%C3%A1ndez_Pimentel\" target=\"_blank\">Luis Mariano Fern\u00e1ndez Pimentel<\/a> ist investigativer Journalist, Buchautor und <a href=\"https:\/\/www.youtube.com\/user\/101LMFP\" target=\"_blank\">YouTube-Blogger<\/a>. Er ist Mitglied der <a href=\"https:\/\/de.wikipedia.org\/wiki\/Internationale_Journalisten-F%C3%B6deration\" target=\"_blank\">Internationalen Journalisten-F\u00f6deration<\/a> (IJF). Wir danken Luis Mariano Fern\u00e1ndez Pimentel f\u00fcr die Erlaubnis der Nutzung und Verbreitung.<\/span><\/p>\n<p>\u00dcbersetzung aus dem Spanischen von <a href=\"https:\/\/neue-debatte.com\/2016\/05\/25\/moderner-kolonialismus-ein-kritischer-blick-auf-europas-aussenpolitik\/\" target=\"_blank\">Jairo Gomez<\/a><\/p>\n","protected":false},"excerpt":{"rendered":"<p>Der spanische Journalist, Buchautor und Produzent nimmt uns in\u00a0seinem aktuellen\u00a0Videoprojekt mit auf eine Reise zu uns selbst. Der Seelenwanderer Sonnenuntergang am Strand. Ohne Zweifel ist es die magische Stunde. Es ist die Stunde am Tag, zwischen Licht und Dunkelheit, die&hellip;<\/p>\n","protected":false},"author":1342,"featured_media":354714,"comment_status":"closed","ping_status":"closed","sticky":false,"template":"","format":"standard","meta":{"footnotes":""},"categories":[9162,9156],"tags":[29837,29838,29839,9437,29840],"class_list":["post-354713","post","type-post","status-publish","format-standard","has-post-thumbnail","hentry","category-humanismus-und-spiritualitaet","category-kultur-und-medien","tag-der-seelenwanderer","tag-luis-mariano-fernandez","tag-menschlichkeit","tag-philosophie","tag-sinnhaftigkeit"],"yoast_head":"<!-- This site is optimized with the Yoast SEO plugin v27.1.1 - https:\/\/yoast.com\/product\/yoast-seo-wordpress\/ -->\n<title>Luis Mariano Fern\u00e1ndez \u2013 Der Seelenwanderer<\/title>\n<meta name=\"description\" content=\"Der spanische Journalist, Buchautor und Produzent nimmt uns in\u00a0seinem aktuellen\u00a0Videoprojekt mit auf eine Reise zu uns selbst. Der Seelenwanderer\" \/>\n<meta name=\"robots\" content=\"index, follow, max-snippet:-1, max-image-preview:large, max-video-preview:-1\" \/>\n<link rel=\"canonical\" href=\"https:\/\/www.pressenza.com\/de\/2016\/08\/luis-mariano-fernandez-der-seelenwanderer\/\" \/>\n<meta property=\"og:locale\" content=\"de_DE\" \/>\n<meta property=\"og:type\" content=\"article\" \/>\n<meta property=\"og:title\" content=\"Luis Mariano Fern\u00e1ndez \u2013 Der Seelenwanderer\" \/>\n<meta property=\"og:description\" content=\"Der spanische Journalist, Buchautor und Produzent nimmt uns in\u00a0seinem aktuellen\u00a0Videoprojekt mit auf eine Reise zu uns selbst. Der Seelenwanderer\" \/>\n<meta property=\"og:url\" content=\"https:\/\/www.pressenza.com\/de\/2016\/08\/luis-mariano-fernandez-der-seelenwanderer\/\" \/>\n<meta property=\"og:site_name\" content=\"Pressenza\" \/>\n<meta property=\"article:publisher\" content=\"https:\/\/www.facebook.com\/PressenzaItalia\" \/>\n<meta property=\"article:published_time\" content=\"2016-08-19T10:21:16+00:00\" \/>\n<meta property=\"article:modified_time\" content=\"2016-08-19T10:36:13+00:00\" \/>\n<meta property=\"og:image\" content=\"https:\/\/www.pressenza.com\/wp-content\/uploads\/2016\/08\/beitragsbild-neue-debatte-18082016-der-seelenwanderer-luis-mariano-fernandez.jpg\" \/>\n\t<meta property=\"og:image:width\" content=\"846\" \/>\n\t<meta property=\"og:image:height\" content=\"469\" \/>\n\t<meta property=\"og:image:type\" content=\"image\/jpeg\" \/>\n<meta name=\"author\" content=\"Neue Debatte\" \/>\n<meta name=\"twitter:card\" content=\"summary_large_image\" \/>\n<meta name=\"twitter:creator\" content=\"@PressenzaIPA\" \/>\n<meta name=\"twitter:site\" content=\"@PressenzaIPA\" \/>\n<meta name=\"twitter:label1\" content=\"Verfasst von\" \/>\n\t<meta name=\"twitter:data1\" content=\"Neue Debatte\" \/>\n\t<meta name=\"twitter:label2\" content=\"Gesch\u00e4tzte Lesezeit\" \/>\n\t<meta name=\"twitter:data2\" content=\"5\u00a0Minuten\" \/>\n<script type=\"application\/ld+json\" class=\"yoast-schema-graph\">{\"@context\":\"https:\/\/schema.org\",\"@graph\":[{\"@type\":\"Article\",\"@id\":\"https:\/\/www.pressenza.com\/de\/2016\/08\/luis-mariano-fernandez-der-seelenwanderer\/#article\",\"isPartOf\":{\"@id\":\"https:\/\/www.pressenza.com\/de\/2016\/08\/luis-mariano-fernandez-der-seelenwanderer\/\"},\"author\":{\"name\":\"Neue Debatte\",\"@id\":\"https:\/\/www.pressenza.com\/de\/#\/schema\/person\/b816344ee166a2736c48a20c4b9ad2a9\"},\"headline\":\"Luis Mariano Fern\u00e1ndez \u2013 Der Seelenwanderer\",\"datePublished\":\"2016-08-19T10:21:16+00:00\",\"dateModified\":\"2016-08-19T10:36:13+00:00\",\"mainEntityOfPage\":{\"@id\":\"https:\/\/www.pressenza.com\/de\/2016\/08\/luis-mariano-fernandez-der-seelenwanderer\/\"},\"wordCount\":995,\"publisher\":{\"@id\":\"https:\/\/www.pressenza.com\/de\/#organization\"},\"image\":{\"@id\":\"https:\/\/www.pressenza.com\/de\/2016\/08\/luis-mariano-fernandez-der-seelenwanderer\/#primaryimage\"},\"thumbnailUrl\":\"https:\/\/www.pressenza.com\/wp-content\/uploads\/2016\/08\/beitragsbild-neue-debatte-18082016-der-seelenwanderer-luis-mariano-fernandez.jpg\",\"keywords\":[\"Der Seelenwanderer\",\"Luis Mariano Fern\u00e1ndez\",\"Menschlichkeit\",\"philosophie\",\"Sinnhaftigkeit\"],\"articleSection\":[\"Humanismus und Spiritualit\u00e4t\",\"Kultur und Medien\"],\"inLanguage\":\"de\"},{\"@type\":\"WebPage\",\"@id\":\"https:\/\/www.pressenza.com\/de\/2016\/08\/luis-mariano-fernandez-der-seelenwanderer\/\",\"url\":\"https:\/\/www.pressenza.com\/de\/2016\/08\/luis-mariano-fernandez-der-seelenwanderer\/\",\"name\":\"Luis Mariano Fern\u00e1ndez \u2013 Der Seelenwanderer\",\"isPartOf\":{\"@id\":\"https:\/\/www.pressenza.com\/de\/#website\"},\"primaryImageOfPage\":{\"@id\":\"https:\/\/www.pressenza.com\/de\/2016\/08\/luis-mariano-fernandez-der-seelenwanderer\/#primaryimage\"},\"image\":{\"@id\":\"https:\/\/www.pressenza.com\/de\/2016\/08\/luis-mariano-fernandez-der-seelenwanderer\/#primaryimage\"},\"thumbnailUrl\":\"https:\/\/www.pressenza.com\/wp-content\/uploads\/2016\/08\/beitragsbild-neue-debatte-18082016-der-seelenwanderer-luis-mariano-fernandez.jpg\",\"datePublished\":\"2016-08-19T10:21:16+00:00\",\"dateModified\":\"2016-08-19T10:36:13+00:00\",\"description\":\"Der spanische Journalist, Buchautor und Produzent nimmt uns in\u00a0seinem aktuellen\u00a0Videoprojekt mit auf eine Reise zu uns selbst. Der Seelenwanderer\",\"breadcrumb\":{\"@id\":\"https:\/\/www.pressenza.com\/de\/2016\/08\/luis-mariano-fernandez-der-seelenwanderer\/#breadcrumb\"},\"inLanguage\":\"de\",\"potentialAction\":[{\"@type\":\"ReadAction\",\"target\":[\"https:\/\/www.pressenza.com\/de\/2016\/08\/luis-mariano-fernandez-der-seelenwanderer\/\"]}]},{\"@type\":\"ImageObject\",\"inLanguage\":\"de\",\"@id\":\"https:\/\/www.pressenza.com\/de\/2016\/08\/luis-mariano-fernandez-der-seelenwanderer\/#primaryimage\",\"url\":\"https:\/\/www.pressenza.com\/wp-content\/uploads\/2016\/08\/beitragsbild-neue-debatte-18082016-der-seelenwanderer-luis-mariano-fernandez.jpg\",\"contentUrl\":\"https:\/\/www.pressenza.com\/wp-content\/uploads\/2016\/08\/beitragsbild-neue-debatte-18082016-der-seelenwanderer-luis-mariano-fernandez.jpg\",\"width\":846,\"height\":469},{\"@type\":\"BreadcrumbList\",\"@id\":\"https:\/\/www.pressenza.com\/de\/2016\/08\/luis-mariano-fernandez-der-seelenwanderer\/#breadcrumb\",\"itemListElement\":[{\"@type\":\"ListItem\",\"position\":1,\"name\":\"Accueil\",\"item\":\"https:\/\/www.pressenza.com\/de\/\"},{\"@type\":\"ListItem\",\"position\":2,\"name\":\"Luis Mariano Fern\u00e1ndez \u2013 Der Seelenwanderer\"}]},{\"@type\":\"WebSite\",\"@id\":\"https:\/\/www.pressenza.com\/de\/#website\",\"url\":\"https:\/\/www.pressenza.com\/de\/\",\"name\":\"Pressenza\",\"description\":\"International Press Agency\",\"publisher\":{\"@id\":\"https:\/\/www.pressenza.com\/de\/#organization\"},\"potentialAction\":[{\"@type\":\"SearchAction\",\"target\":{\"@type\":\"EntryPoint\",\"urlTemplate\":\"https:\/\/www.pressenza.com\/de\/?s={search_term_string}\"},\"query-input\":{\"@type\":\"PropertyValueSpecification\",\"valueRequired\":true,\"valueName\":\"search_term_string\"}}],\"inLanguage\":\"de\"},{\"@type\":\"Organization\",\"@id\":\"https:\/\/www.pressenza.com\/de\/#organization\",\"name\":\"Pressenza\",\"url\":\"https:\/\/www.pressenza.com\/de\/\",\"logo\":{\"@type\":\"ImageObject\",\"inLanguage\":\"de\",\"@id\":\"https:\/\/www.pressenza.com\/de\/#\/schema\/logo\/image\/\",\"url\":\"https:\/\/www.pressenza.com\/wp-content\/uploads\/2022\/10\/pressenza_logo_200x200.jpg\",\"contentUrl\":\"https:\/\/www.pressenza.com\/wp-content\/uploads\/2022\/10\/pressenza_logo_200x200.jpg\",\"width\":200,\"height\":200,\"caption\":\"Pressenza\"},\"image\":{\"@id\":\"https:\/\/www.pressenza.com\/de\/#\/schema\/logo\/image\/\"},\"sameAs\":[\"https:\/\/www.facebook.com\/PressenzaItalia\",\"https:\/\/x.com\/PressenzaIPA\"]},{\"@type\":\"Person\",\"@id\":\"https:\/\/www.pressenza.com\/de\/#\/schema\/person\/b816344ee166a2736c48a20c4b9ad2a9\",\"name\":\"Neue Debatte\",\"description\":\"Magazin f\u00fcr Menschen, Kultur und Gesellschaft www.neue-debatte.de\",\"url\":\"https:\/\/www.pressenza.com\/de\/author\/neue-debatte\/\"}]}<\/script>\n<!-- \/ Yoast SEO plugin. -->","yoast_head_json":{"title":"Luis Mariano Fern\u00e1ndez \u2013 Der Seelenwanderer","description":"Der spanische Journalist, Buchautor und Produzent nimmt uns in\u00a0seinem aktuellen\u00a0Videoprojekt mit auf eine Reise zu uns selbst. Der Seelenwanderer","robots":{"index":"index","follow":"follow","max-snippet":"max-snippet:-1","max-image-preview":"max-image-preview:large","max-video-preview":"max-video-preview:-1"},"canonical":"https:\/\/www.pressenza.com\/de\/2016\/08\/luis-mariano-fernandez-der-seelenwanderer\/","og_locale":"de_DE","og_type":"article","og_title":"Luis Mariano Fern\u00e1ndez \u2013 Der Seelenwanderer","og_description":"Der spanische Journalist, Buchautor und Produzent nimmt uns in\u00a0seinem aktuellen\u00a0Videoprojekt mit auf eine Reise zu uns selbst. Der Seelenwanderer","og_url":"https:\/\/www.pressenza.com\/de\/2016\/08\/luis-mariano-fernandez-der-seelenwanderer\/","og_site_name":"Pressenza","article_publisher":"https:\/\/www.facebook.com\/PressenzaItalia","article_published_time":"2016-08-19T10:21:16+00:00","article_modified_time":"2016-08-19T10:36:13+00:00","og_image":[{"width":846,"height":469,"url":"https:\/\/www.pressenza.com\/wp-content\/uploads\/2016\/08\/beitragsbild-neue-debatte-18082016-der-seelenwanderer-luis-mariano-fernandez.jpg","type":"image\/jpeg"}],"author":"Neue Debatte","twitter_card":"summary_large_image","twitter_creator":"@PressenzaIPA","twitter_site":"@PressenzaIPA","twitter_misc":{"Verfasst von":"Neue Debatte","Gesch\u00e4tzte Lesezeit":"5\u00a0Minuten"},"schema":{"@context":"https:\/\/schema.org","@graph":[{"@type":"Article","@id":"https:\/\/www.pressenza.com\/de\/2016\/08\/luis-mariano-fernandez-der-seelenwanderer\/#article","isPartOf":{"@id":"https:\/\/www.pressenza.com\/de\/2016\/08\/luis-mariano-fernandez-der-seelenwanderer\/"},"author":{"name":"Neue Debatte","@id":"https:\/\/www.pressenza.com\/de\/#\/schema\/person\/b816344ee166a2736c48a20c4b9ad2a9"},"headline":"Luis Mariano Fern\u00e1ndez \u2013 Der Seelenwanderer","datePublished":"2016-08-19T10:21:16+00:00","dateModified":"2016-08-19T10:36:13+00:00","mainEntityOfPage":{"@id":"https:\/\/www.pressenza.com\/de\/2016\/08\/luis-mariano-fernandez-der-seelenwanderer\/"},"wordCount":995,"publisher":{"@id":"https:\/\/www.pressenza.com\/de\/#organization"},"image":{"@id":"https:\/\/www.pressenza.com\/de\/2016\/08\/luis-mariano-fernandez-der-seelenwanderer\/#primaryimage"},"thumbnailUrl":"https:\/\/www.pressenza.com\/wp-content\/uploads\/2016\/08\/beitragsbild-neue-debatte-18082016-der-seelenwanderer-luis-mariano-fernandez.jpg","keywords":["Der Seelenwanderer","Luis Mariano Fern\u00e1ndez","Menschlichkeit","philosophie","Sinnhaftigkeit"],"articleSection":["Humanismus und Spiritualit\u00e4t","Kultur und Medien"],"inLanguage":"de"},{"@type":"WebPage","@id":"https:\/\/www.pressenza.com\/de\/2016\/08\/luis-mariano-fernandez-der-seelenwanderer\/","url":"https:\/\/www.pressenza.com\/de\/2016\/08\/luis-mariano-fernandez-der-seelenwanderer\/","name":"Luis Mariano Fern\u00e1ndez \u2013 Der Seelenwanderer","isPartOf":{"@id":"https:\/\/www.pressenza.com\/de\/#website"},"primaryImageOfPage":{"@id":"https:\/\/www.pressenza.com\/de\/2016\/08\/luis-mariano-fernandez-der-seelenwanderer\/#primaryimage"},"image":{"@id":"https:\/\/www.pressenza.com\/de\/2016\/08\/luis-mariano-fernandez-der-seelenwanderer\/#primaryimage"},"thumbnailUrl":"https:\/\/www.pressenza.com\/wp-content\/uploads\/2016\/08\/beitragsbild-neue-debatte-18082016-der-seelenwanderer-luis-mariano-fernandez.jpg","datePublished":"2016-08-19T10:21:16+00:00","dateModified":"2016-08-19T10:36:13+00:00","description":"Der spanische Journalist, Buchautor und Produzent nimmt uns in\u00a0seinem aktuellen\u00a0Videoprojekt mit auf eine Reise zu uns selbst. Der Seelenwanderer","breadcrumb":{"@id":"https:\/\/www.pressenza.com\/de\/2016\/08\/luis-mariano-fernandez-der-seelenwanderer\/#breadcrumb"},"inLanguage":"de","potentialAction":[{"@type":"ReadAction","target":["https:\/\/www.pressenza.com\/de\/2016\/08\/luis-mariano-fernandez-der-seelenwanderer\/"]}]},{"@type":"ImageObject","inLanguage":"de","@id":"https:\/\/www.pressenza.com\/de\/2016\/08\/luis-mariano-fernandez-der-seelenwanderer\/#primaryimage","url":"https:\/\/www.pressenza.com\/wp-content\/uploads\/2016\/08\/beitragsbild-neue-debatte-18082016-der-seelenwanderer-luis-mariano-fernandez.jpg","contentUrl":"https:\/\/www.pressenza.com\/wp-content\/uploads\/2016\/08\/beitragsbild-neue-debatte-18082016-der-seelenwanderer-luis-mariano-fernandez.jpg","width":846,"height":469},{"@type":"BreadcrumbList","@id":"https:\/\/www.pressenza.com\/de\/2016\/08\/luis-mariano-fernandez-der-seelenwanderer\/#breadcrumb","itemListElement":[{"@type":"ListItem","position":1,"name":"Accueil","item":"https:\/\/www.pressenza.com\/de\/"},{"@type":"ListItem","position":2,"name":"Luis Mariano Fern\u00e1ndez \u2013 Der Seelenwanderer"}]},{"@type":"WebSite","@id":"https:\/\/www.pressenza.com\/de\/#website","url":"https:\/\/www.pressenza.com\/de\/","name":"Pressenza","description":"International Press Agency","publisher":{"@id":"https:\/\/www.pressenza.com\/de\/#organization"},"potentialAction":[{"@type":"SearchAction","target":{"@type":"EntryPoint","urlTemplate":"https:\/\/www.pressenza.com\/de\/?s={search_term_string}"},"query-input":{"@type":"PropertyValueSpecification","valueRequired":true,"valueName":"search_term_string"}}],"inLanguage":"de"},{"@type":"Organization","@id":"https:\/\/www.pressenza.com\/de\/#organization","name":"Pressenza","url":"https:\/\/www.pressenza.com\/de\/","logo":{"@type":"ImageObject","inLanguage":"de","@id":"https:\/\/www.pressenza.com\/de\/#\/schema\/logo\/image\/","url":"https:\/\/www.pressenza.com\/wp-content\/uploads\/2022\/10\/pressenza_logo_200x200.jpg","contentUrl":"https:\/\/www.pressenza.com\/wp-content\/uploads\/2022\/10\/pressenza_logo_200x200.jpg","width":200,"height":200,"caption":"Pressenza"},"image":{"@id":"https:\/\/www.pressenza.com\/de\/#\/schema\/logo\/image\/"},"sameAs":["https:\/\/www.facebook.com\/PressenzaItalia","https:\/\/x.com\/PressenzaIPA"]},{"@type":"Person","@id":"https:\/\/www.pressenza.com\/de\/#\/schema\/person\/b816344ee166a2736c48a20c4b9ad2a9","name":"Neue Debatte","description":"Magazin f\u00fcr Menschen, Kultur und Gesellschaft www.neue-debatte.de","url":"https:\/\/www.pressenza.com\/de\/author\/neue-debatte\/"}]}},"place":"","original_article_url":"https:\/\/neue-debatte.com\/2016\/08\/18\/luis-mariano-fernandez-der-seelenwanderer\/","_links":{"self":[{"href":"https:\/\/www.pressenza.com\/de\/wp-json\/wp\/v2\/posts\/354713","targetHints":{"allow":["GET"]}}],"collection":[{"href":"https:\/\/www.pressenza.com\/de\/wp-json\/wp\/v2\/posts"}],"about":[{"href":"https:\/\/www.pressenza.com\/de\/wp-json\/wp\/v2\/types\/post"}],"author":[{"embeddable":true,"href":"https:\/\/www.pressenza.com\/de\/wp-json\/wp\/v2\/users\/1342"}],"replies":[{"embeddable":true,"href":"https:\/\/www.pressenza.com\/de\/wp-json\/wp\/v2\/comments?post=354713"}],"version-history":[{"count":0,"href":"https:\/\/www.pressenza.com\/de\/wp-json\/wp\/v2\/posts\/354713\/revisions"}],"wp:featuredmedia":[{"embeddable":true,"href":"https:\/\/www.pressenza.com\/de\/wp-json\/wp\/v2\/media\/354714"}],"wp:attachment":[{"href":"https:\/\/www.pressenza.com\/de\/wp-json\/wp\/v2\/media?parent=354713"}],"wp:term":[{"taxonomy":"category","embeddable":true,"href":"https:\/\/www.pressenza.com\/de\/wp-json\/wp\/v2\/categories?post=354713"},{"taxonomy":"post_tag","embeddable":true,"href":"https:\/\/www.pressenza.com\/de\/wp-json\/wp\/v2\/tags?post=354713"}],"curies":[{"name":"wp","href":"https:\/\/api.w.org\/{rel}","templated":true}]}}