{"id":348948,"date":"2016-08-06T17:08:07","date_gmt":"2016-08-06T16:08:07","guid":{"rendered":"http:\/\/www.pressenza.com\/de\/?p=348948"},"modified":"2016-08-08T15:45:07","modified_gmt":"2016-08-08T14:45:07","slug":"erdogan-hat-und-europa-nicht","status":"publish","type":"post","link":"https:\/\/www.pressenza.com\/de\/2016\/08\/erdogan-hat-und-europa-nicht\/","title":{"rendered":"Was Erdogan hat \u2013 und Europa nicht"},"content":{"rendered":"<p><strong>Eine Nation bezeichnet eine gro\u00dfe, kollektive Gruppe denen eine gemeinsame Sprache, Sitte, Tradition und Geschichte zugeschrieben wird.<\/strong><\/p>\n<p>Das hei\u00dft, sie hat ihre sozialen Charakteristiken als kulturelle Eigenschaften verinnerlicht sodass eine Vielzahl an Individuen prinzipiell homogen erscheint. Das hat nicht unbedingt mit Einkommen, das hei\u00dft Schichten, Milieus oder Klassen zu tun, sondern vielmehr mit spezifischen Verhaltensweisen die sich im Alltag angeglichen haben. Die sprachlichen Anreden, das Lieblingsgericht, H\u00e4ndesch\u00fctteln, etc. Eine Nation ist somit ein Konstrukt, dass sich aus den individuellen Verhaltensweisen speist, dass durch seine dynamische Wechselwirkung unter den Individuen untereinander zu einer Struktur wurde. Durch die Nachvollziehbarkeit jener Struktur werden diese Verhaltensweisen materialisiert, insofern sie von Dritten beobachtet, nachvollzogen und internalisiert werden k\u00f6nnen. Kurz, reproduziert.<\/p>\n<p>Ein Staat ist davon zu unterscheiden. So ist dieser vielmehr aus nationalen Strukturen heraus geboren. Er ist vielmehr ein \u00f6ffentlicher Organisationszusammenhang, der in seiner heutigen Verk\u00f6rperung erst mit dem franz\u00f6sischen Theoretiker Montesqieu in Erscheinung trat. Unabh\u00e4ngig der hierin stattfindenden wissenschaftlichen Debatten, propagierte er als erstes die klassische Gewaltenteilung Exekutive, Legislative und Judikative und damit ein, wie es der Internetphilosoph Luciano Floridi ausdr\u00fcckt, \u201eexplizit kodifiziertes Gleichgewicht zwischen den verschiedenen Akteuren empfahl\u201c.<\/p>\n<p>Durch die Etablierung des Staates wurde politische Macht eigentlich von einer herrschenden Person entkoppelt. Die in Europa vorherrschenden Staatsmodelle sind repr\u00e4sentative Demokratien. Mit einigen symbolischen Monarchien, die nach wie vor einen offiziellen Charakter vertreten, der jedoch eher einer nationalen Orientierung zuzuschreiben ist. Aufgrund solcher Differenzierungen variieren die jeweiligen Definitionen von Staat je nach Betrachtungsweise, je nach Projektion.<\/p>\n<p><strong>Soziologen, Politologen, \u00d6konomen haben unterschiedliche Definitionen<\/strong><\/p>\n<p>So haben sich seit Ende des Kalten Krieges die Staatsmodelle territorial gesehen zwar nicht wesentlich weiterentwickelt, wohl aber institutionell gesehen. So haben sie in jener beginnenden \u00c4ra der Globalisierung ihre Befugnisse und Interessen ausgebaut.<\/p>\n<p>Staaten werden sodann unternehmerisch gef\u00fchrt. Sie investieren und produzieren, verkaufen und kaufen, bieten Dienstleistungen wie Agenturen an, kassieren Steuern, und sch\u00fctzen daf\u00fcr die einen Ausweis besitzenden Mitglieder des Staates. Es ist eine rein formelle Angelegenheit, worin die eigendynamische Wechselwirkung eher einem pragmatisch-organisatorischen Zweck folgt, anstatt eines identifikatorischen.<\/p>\n<p>Hierin ist es wichtig zu unterscheiden, ein Staat ist keine Nation. Einige reaktion\u00e4re Kr\u00e4fte in Europa haben diese Unterscheidung nicht begriffen. Sie wollen diese divergierenden Begriffe in ein kongruentes Verh\u00e4ltnis zw\u00e4ngen. Nicht nur das, auch Staatsbedienstete glauben, sie m\u00fcssten eine Nation weiterhin bedienen, indem sie national kulturelle Symbolik propagieren. Dar\u00fcber hinaus folgt diese Logik der schlicht hingenommenen Tatsache, der Staat w\u00fcrde nur f\u00fcr eine homogene Gesellschaftsstruktur existieren. Nat\u00fcrlich ist es viel komplexer, so f\u00fchrt der Staat eigenlogische Handlungen wie die oben beschriebenen aus, w\u00e4hrend die Staatsbediensteten die nationale Symbolik wahren m\u00fcssen, um nicht arbeitslos zu werden. Das f\u00fchrt in eine absurde Spirale, worin Kommunikation der nationalen Symbolik gerecht zu werden sucht, und das eigentliche Staatsmodell, mit dem Soziologen Niklas Luhmann gesprochen, zu einer rein semantischen Einrichtung wird, worin der Staat als solcher kein politisches System sei, sondern die Organisation eines politischen Systems zur Selbstbeschreibung dieses politischen Systems.<\/p>\n<p><strong>Unterschied zwischen Nation und Staat ger\u00e4t in Vergessenheit<\/strong><\/p>\n<p>Diese Selbstbeschreibung infolge einer nationalen Identit\u00e4t ist die Logik, die vor allem den t\u00fcrkischen Pr\u00e4sidenten Erdogan so m\u00e4chtig macht. In der T\u00fcrkei \u00fcberlagern sich derzeit Nation und Staat, und diese \u00dcberlagerung kann Demokratie, System, Staat, Nation oder wei\u00df der Geier hei\u00dfen, die t\u00fcrkischen B\u00fcrger verstehen darunter alles, n\u00e4mlich das, was sich innerhalb ihrer allt\u00e4glich Sozialit\u00e4t darunter herausbildet, also H\u00e4ndesch\u00fctteln, Lieblingsgerichte, etc.<\/p>\n<p>Alles Politische wird darin zur euphorischen Symbolik und vereint sowohl Nation als auch Staat. Und das geschieht zu einem Zeitpunkt, wo europ\u00e4ische Nationen den Staat zunehmend als solchen wahrnehmen, der er in Wirklichkeit ist. Ein institutionalisiertes Organisationsgebilde mit zahlreichen Funktionen, Dienstleistungen und sich ausbalancierenden Schlichtungsinstanzen. Der in seiner heutigen Form eben so weit ist, dass er einzelnen Machtbestrebungen von homogenen Gruppen widerstehen und seine Leistungen fortf\u00fchren kann. Die gef\u00e4hrlichste aller eigendynamischen Eigenlogiken ist nun, dass bei all dieser politischen Komplexit\u00e4t und medialen Berichterstattung jener Unterschied zwischen Nation und Staat in Vergessenheit ger\u00e4t. Das gilt f\u00fcr B\u00fcrger, erst recht aber f\u00fcr deren Vertreter.<\/p>\n","protected":false},"excerpt":{"rendered":"<p>Eine Nation bezeichnet eine gro\u00dfe, kollektive Gruppe denen eine gemeinsame Sprache, Sitte, Tradition und Geschichte zugeschrieben wird. Das hei\u00dft, sie hat ihre sozialen Charakteristiken als kulturelle Eigenschaften verinnerlicht sodass eine Vielzahl an Individuen prinzipiell homogen erscheint. Das hat nicht unbedingt&hellip;<\/p>\n","protected":false},"author":1341,"featured_media":348949,"comment_status":"closed","ping_status":"closed","sticky":false,"template":"","format":"standard","meta":{"footnotes":""},"categories":[9150,9162,7835,9143,11387,9168],"tags":[18900,19357,29502,29501,9720],"class_list":["post-348948","post","type-post","status-publish","format-standard","has-post-thumbnail","hentry","category-europa-de","category-humanismus-und-spiritualitaet","category-international-de","category-meinungen","category-originalinhalt","category-politik","tag-nation","tag-recep-tayyip-erdogan","tag-soziologie","tag-staat","tag-turkei"],"yoast_head":"<!-- This site is optimized with the Yoast SEO plugin v27.1.1 - https:\/\/yoast.com\/product\/yoast-seo-wordpress\/ -->\n<title>Was Erdogan hat \u2013 und Europa nicht<\/title>\n<meta name=\"description\" content=\"Eine Nation bezeichnet eine gro\u00dfe, kollektive Gruppe denen eine gemeinsame Sprache, Sitte, Tradition und Geschichte zugeschrieben wird. Das hei\u00dft, sie hat\" \/>\n<meta name=\"robots\" content=\"index, follow, max-snippet:-1, max-image-preview:large, max-video-preview:-1\" \/>\n<link rel=\"canonical\" href=\"https:\/\/www.pressenza.com\/de\/2016\/08\/erdogan-hat-und-europa-nicht\/\" \/>\n<meta property=\"og:locale\" content=\"de_DE\" \/>\n<meta property=\"og:type\" content=\"article\" \/>\n<meta property=\"og:title\" content=\"Was Erdogan hat \u2013 und Europa nicht\" \/>\n<meta property=\"og:description\" content=\"Eine Nation bezeichnet eine gro\u00dfe, kollektive Gruppe denen eine gemeinsame Sprache, Sitte, Tradition und Geschichte zugeschrieben wird. Das hei\u00dft, sie hat\" \/>\n<meta property=\"og:url\" content=\"https:\/\/www.pressenza.com\/de\/2016\/08\/erdogan-hat-und-europa-nicht\/\" \/>\n<meta property=\"og:site_name\" content=\"Pressenza\" \/>\n<meta property=\"article:publisher\" content=\"https:\/\/www.facebook.com\/PressenzaItalia\" \/>\n<meta property=\"article:published_time\" content=\"2016-08-06T16:08:07+00:00\" \/>\n<meta property=\"article:modified_time\" content=\"2016-08-08T14:45:07+00:00\" \/>\n<meta property=\"og:image\" content=\"https:\/\/www.pressenza.com\/wp-content\/uploads\/2016\/08\/28573531592_28625e988b_k.jpg\" \/>\n\t<meta property=\"og:image:width\" content=\"2048\" \/>\n\t<meta property=\"og:image:height\" content=\"1365\" \/>\n\t<meta property=\"og:image:type\" content=\"image\/jpeg\" \/>\n<meta name=\"author\" content=\"Dominik Schlett\" \/>\n<meta name=\"twitter:card\" content=\"summary_large_image\" \/>\n<meta name=\"twitter:creator\" content=\"@PressenzaIPA\" \/>\n<meta name=\"twitter:site\" content=\"@PressenzaIPA\" \/>\n<meta name=\"twitter:label1\" content=\"Verfasst von\" \/>\n\t<meta name=\"twitter:data1\" content=\"Dominik Schlett\" \/>\n\t<meta name=\"twitter:label2\" content=\"Gesch\u00e4tzte Lesezeit\" \/>\n\t<meta name=\"twitter:data2\" content=\"3\u00a0Minuten\" \/>\n<script type=\"application\/ld+json\" class=\"yoast-schema-graph\">{\"@context\":\"https:\/\/schema.org\",\"@graph\":[{\"@type\":\"Article\",\"@id\":\"https:\/\/www.pressenza.com\/de\/2016\/08\/erdogan-hat-und-europa-nicht\/#article\",\"isPartOf\":{\"@id\":\"https:\/\/www.pressenza.com\/de\/2016\/08\/erdogan-hat-und-europa-nicht\/\"},\"author\":{\"name\":\"Dominik Schlett\",\"@id\":\"https:\/\/www.pressenza.com\/de\/#\/schema\/person\/4c75b4c5c95f9beb0812228931b8573b\"},\"headline\":\"Was Erdogan hat \u2013 und Europa nicht\",\"datePublished\":\"2016-08-06T16:08:07+00:00\",\"dateModified\":\"2016-08-08T14:45:07+00:00\",\"mainEntityOfPage\":{\"@id\":\"https:\/\/www.pressenza.com\/de\/2016\/08\/erdogan-hat-und-europa-nicht\/\"},\"wordCount\":702,\"publisher\":{\"@id\":\"https:\/\/www.pressenza.com\/de\/#organization\"},\"image\":{\"@id\":\"https:\/\/www.pressenza.com\/de\/2016\/08\/erdogan-hat-und-europa-nicht\/#primaryimage\"},\"thumbnailUrl\":\"https:\/\/www.pressenza.com\/wp-content\/uploads\/2016\/08\/28573531592_28625e988b_k.jpg\",\"keywords\":[\"nation\",\"Recep Tayyip Erdogan\",\"Soziologie\",\"Staat\",\"T\u00fcrkei\"],\"articleSection\":[\"Europa\",\"Humanismus und Spiritualit\u00e4t\",\"International\",\"Meinungen\",\"Originalinhalt\",\"Politik\"],\"inLanguage\":\"de\"},{\"@type\":\"WebPage\",\"@id\":\"https:\/\/www.pressenza.com\/de\/2016\/08\/erdogan-hat-und-europa-nicht\/\",\"url\":\"https:\/\/www.pressenza.com\/de\/2016\/08\/erdogan-hat-und-europa-nicht\/\",\"name\":\"Was Erdogan hat \u2013 und Europa nicht\",\"isPartOf\":{\"@id\":\"https:\/\/www.pressenza.com\/de\/#website\"},\"primaryImageOfPage\":{\"@id\":\"https:\/\/www.pressenza.com\/de\/2016\/08\/erdogan-hat-und-europa-nicht\/#primaryimage\"},\"image\":{\"@id\":\"https:\/\/www.pressenza.com\/de\/2016\/08\/erdogan-hat-und-europa-nicht\/#primaryimage\"},\"thumbnailUrl\":\"https:\/\/www.pressenza.com\/wp-content\/uploads\/2016\/08\/28573531592_28625e988b_k.jpg\",\"datePublished\":\"2016-08-06T16:08:07+00:00\",\"dateModified\":\"2016-08-08T14:45:07+00:00\",\"description\":\"Eine Nation bezeichnet eine gro\u00dfe, kollektive Gruppe denen eine gemeinsame Sprache, Sitte, Tradition und Geschichte zugeschrieben wird. Das hei\u00dft, sie hat\",\"breadcrumb\":{\"@id\":\"https:\/\/www.pressenza.com\/de\/2016\/08\/erdogan-hat-und-europa-nicht\/#breadcrumb\"},\"inLanguage\":\"de\",\"potentialAction\":[{\"@type\":\"ReadAction\",\"target\":[\"https:\/\/www.pressenza.com\/de\/2016\/08\/erdogan-hat-und-europa-nicht\/\"]}]},{\"@type\":\"ImageObject\",\"inLanguage\":\"de\",\"@id\":\"https:\/\/www.pressenza.com\/de\/2016\/08\/erdogan-hat-und-europa-nicht\/#primaryimage\",\"url\":\"https:\/\/www.pressenza.com\/wp-content\/uploads\/2016\/08\/28573531592_28625e988b_k.jpg\",\"contentUrl\":\"https:\/\/www.pressenza.com\/wp-content\/uploads\/2016\/08\/28573531592_28625e988b_k.jpg\",\"width\":2048,\"height\":1365},{\"@type\":\"BreadcrumbList\",\"@id\":\"https:\/\/www.pressenza.com\/de\/2016\/08\/erdogan-hat-und-europa-nicht\/#breadcrumb\",\"itemListElement\":[{\"@type\":\"ListItem\",\"position\":1,\"name\":\"Accueil\",\"item\":\"https:\/\/www.pressenza.com\/de\/\"},{\"@type\":\"ListItem\",\"position\":2,\"name\":\"Was Erdogan hat \u2013 und Europa nicht\"}]},{\"@type\":\"WebSite\",\"@id\":\"https:\/\/www.pressenza.com\/de\/#website\",\"url\":\"https:\/\/www.pressenza.com\/de\/\",\"name\":\"Pressenza\",\"description\":\"International Press Agency\",\"publisher\":{\"@id\":\"https:\/\/www.pressenza.com\/de\/#organization\"},\"potentialAction\":[{\"@type\":\"SearchAction\",\"target\":{\"@type\":\"EntryPoint\",\"urlTemplate\":\"https:\/\/www.pressenza.com\/de\/?s={search_term_string}\"},\"query-input\":{\"@type\":\"PropertyValueSpecification\",\"valueRequired\":true,\"valueName\":\"search_term_string\"}}],\"inLanguage\":\"de\"},{\"@type\":\"Organization\",\"@id\":\"https:\/\/www.pressenza.com\/de\/#organization\",\"name\":\"Pressenza\",\"url\":\"https:\/\/www.pressenza.com\/de\/\",\"logo\":{\"@type\":\"ImageObject\",\"inLanguage\":\"de\",\"@id\":\"https:\/\/www.pressenza.com\/de\/#\/schema\/logo\/image\/\",\"url\":\"https:\/\/www.pressenza.com\/wp-content\/uploads\/2022\/10\/pressenza_logo_200x200.jpg\",\"contentUrl\":\"https:\/\/www.pressenza.com\/wp-content\/uploads\/2022\/10\/pressenza_logo_200x200.jpg\",\"width\":200,\"height\":200,\"caption\":\"Pressenza\"},\"image\":{\"@id\":\"https:\/\/www.pressenza.com\/de\/#\/schema\/logo\/image\/\"},\"sameAs\":[\"https:\/\/www.facebook.com\/PressenzaItalia\",\"https:\/\/x.com\/PressenzaIPA\"]},{\"@type\":\"Person\",\"@id\":\"https:\/\/www.pressenza.com\/de\/#\/schema\/person\/4c75b4c5c95f9beb0812228931b8573b\",\"name\":\"Dominik Schlett\",\"description\":\"Lebt im europ\u00e4ischen Berlin. Als Sozialwissenschaftler interessieren ihn vor allem die Transition in das digitale Zeitalter und die damit verbundenen gesellschaftlichen Herausforderung. Politisch engagiert er sich f\u00fcr die europ\u00e4ische Zivilbewegung DiEM25.\",\"url\":\"https:\/\/www.pressenza.com\/de\/author\/dominik-schlett\/\"}]}<\/script>\n<!-- \/ Yoast SEO plugin. -->","yoast_head_json":{"title":"Was Erdogan hat \u2013 und Europa nicht","description":"Eine Nation bezeichnet eine gro\u00dfe, kollektive Gruppe denen eine gemeinsame Sprache, Sitte, Tradition und Geschichte zugeschrieben wird. Das hei\u00dft, sie hat","robots":{"index":"index","follow":"follow","max-snippet":"max-snippet:-1","max-image-preview":"max-image-preview:large","max-video-preview":"max-video-preview:-1"},"canonical":"https:\/\/www.pressenza.com\/de\/2016\/08\/erdogan-hat-und-europa-nicht\/","og_locale":"de_DE","og_type":"article","og_title":"Was Erdogan hat \u2013 und Europa nicht","og_description":"Eine Nation bezeichnet eine gro\u00dfe, kollektive Gruppe denen eine gemeinsame Sprache, Sitte, Tradition und Geschichte zugeschrieben wird. Das hei\u00dft, sie hat","og_url":"https:\/\/www.pressenza.com\/de\/2016\/08\/erdogan-hat-und-europa-nicht\/","og_site_name":"Pressenza","article_publisher":"https:\/\/www.facebook.com\/PressenzaItalia","article_published_time":"2016-08-06T16:08:07+00:00","article_modified_time":"2016-08-08T14:45:07+00:00","og_image":[{"width":2048,"height":1365,"url":"https:\/\/www.pressenza.com\/wp-content\/uploads\/2016\/08\/28573531592_28625e988b_k.jpg","type":"image\/jpeg"}],"author":"Dominik Schlett","twitter_card":"summary_large_image","twitter_creator":"@PressenzaIPA","twitter_site":"@PressenzaIPA","twitter_misc":{"Verfasst von":"Dominik Schlett","Gesch\u00e4tzte Lesezeit":"3\u00a0Minuten"},"schema":{"@context":"https:\/\/schema.org","@graph":[{"@type":"Article","@id":"https:\/\/www.pressenza.com\/de\/2016\/08\/erdogan-hat-und-europa-nicht\/#article","isPartOf":{"@id":"https:\/\/www.pressenza.com\/de\/2016\/08\/erdogan-hat-und-europa-nicht\/"},"author":{"name":"Dominik Schlett","@id":"https:\/\/www.pressenza.com\/de\/#\/schema\/person\/4c75b4c5c95f9beb0812228931b8573b"},"headline":"Was Erdogan hat \u2013 und Europa nicht","datePublished":"2016-08-06T16:08:07+00:00","dateModified":"2016-08-08T14:45:07+00:00","mainEntityOfPage":{"@id":"https:\/\/www.pressenza.com\/de\/2016\/08\/erdogan-hat-und-europa-nicht\/"},"wordCount":702,"publisher":{"@id":"https:\/\/www.pressenza.com\/de\/#organization"},"image":{"@id":"https:\/\/www.pressenza.com\/de\/2016\/08\/erdogan-hat-und-europa-nicht\/#primaryimage"},"thumbnailUrl":"https:\/\/www.pressenza.com\/wp-content\/uploads\/2016\/08\/28573531592_28625e988b_k.jpg","keywords":["nation","Recep Tayyip Erdogan","Soziologie","Staat","T\u00fcrkei"],"articleSection":["Europa","Humanismus und Spiritualit\u00e4t","International","Meinungen","Originalinhalt","Politik"],"inLanguage":"de"},{"@type":"WebPage","@id":"https:\/\/www.pressenza.com\/de\/2016\/08\/erdogan-hat-und-europa-nicht\/","url":"https:\/\/www.pressenza.com\/de\/2016\/08\/erdogan-hat-und-europa-nicht\/","name":"Was Erdogan hat \u2013 und Europa nicht","isPartOf":{"@id":"https:\/\/www.pressenza.com\/de\/#website"},"primaryImageOfPage":{"@id":"https:\/\/www.pressenza.com\/de\/2016\/08\/erdogan-hat-und-europa-nicht\/#primaryimage"},"image":{"@id":"https:\/\/www.pressenza.com\/de\/2016\/08\/erdogan-hat-und-europa-nicht\/#primaryimage"},"thumbnailUrl":"https:\/\/www.pressenza.com\/wp-content\/uploads\/2016\/08\/28573531592_28625e988b_k.jpg","datePublished":"2016-08-06T16:08:07+00:00","dateModified":"2016-08-08T14:45:07+00:00","description":"Eine Nation bezeichnet eine gro\u00dfe, kollektive Gruppe denen eine gemeinsame Sprache, Sitte, Tradition und Geschichte zugeschrieben wird. Das hei\u00dft, sie hat","breadcrumb":{"@id":"https:\/\/www.pressenza.com\/de\/2016\/08\/erdogan-hat-und-europa-nicht\/#breadcrumb"},"inLanguage":"de","potentialAction":[{"@type":"ReadAction","target":["https:\/\/www.pressenza.com\/de\/2016\/08\/erdogan-hat-und-europa-nicht\/"]}]},{"@type":"ImageObject","inLanguage":"de","@id":"https:\/\/www.pressenza.com\/de\/2016\/08\/erdogan-hat-und-europa-nicht\/#primaryimage","url":"https:\/\/www.pressenza.com\/wp-content\/uploads\/2016\/08\/28573531592_28625e988b_k.jpg","contentUrl":"https:\/\/www.pressenza.com\/wp-content\/uploads\/2016\/08\/28573531592_28625e988b_k.jpg","width":2048,"height":1365},{"@type":"BreadcrumbList","@id":"https:\/\/www.pressenza.com\/de\/2016\/08\/erdogan-hat-und-europa-nicht\/#breadcrumb","itemListElement":[{"@type":"ListItem","position":1,"name":"Accueil","item":"https:\/\/www.pressenza.com\/de\/"},{"@type":"ListItem","position":2,"name":"Was Erdogan hat \u2013 und Europa nicht"}]},{"@type":"WebSite","@id":"https:\/\/www.pressenza.com\/de\/#website","url":"https:\/\/www.pressenza.com\/de\/","name":"Pressenza","description":"International Press Agency","publisher":{"@id":"https:\/\/www.pressenza.com\/de\/#organization"},"potentialAction":[{"@type":"SearchAction","target":{"@type":"EntryPoint","urlTemplate":"https:\/\/www.pressenza.com\/de\/?s={search_term_string}"},"query-input":{"@type":"PropertyValueSpecification","valueRequired":true,"valueName":"search_term_string"}}],"inLanguage":"de"},{"@type":"Organization","@id":"https:\/\/www.pressenza.com\/de\/#organization","name":"Pressenza","url":"https:\/\/www.pressenza.com\/de\/","logo":{"@type":"ImageObject","inLanguage":"de","@id":"https:\/\/www.pressenza.com\/de\/#\/schema\/logo\/image\/","url":"https:\/\/www.pressenza.com\/wp-content\/uploads\/2022\/10\/pressenza_logo_200x200.jpg","contentUrl":"https:\/\/www.pressenza.com\/wp-content\/uploads\/2022\/10\/pressenza_logo_200x200.jpg","width":200,"height":200,"caption":"Pressenza"},"image":{"@id":"https:\/\/www.pressenza.com\/de\/#\/schema\/logo\/image\/"},"sameAs":["https:\/\/www.facebook.com\/PressenzaItalia","https:\/\/x.com\/PressenzaIPA"]},{"@type":"Person","@id":"https:\/\/www.pressenza.com\/de\/#\/schema\/person\/4c75b4c5c95f9beb0812228931b8573b","name":"Dominik Schlett","description":"Lebt im europ\u00e4ischen Berlin. Als Sozialwissenschaftler interessieren ihn vor allem die Transition in das digitale Zeitalter und die damit verbundenen gesellschaftlichen Herausforderung. Politisch engagiert er sich f\u00fcr die europ\u00e4ische Zivilbewegung DiEM25.","url":"https:\/\/www.pressenza.com\/de\/author\/dominik-schlett\/"}]}},"place":"Santiago de Chile","original_article_url":"","_links":{"self":[{"href":"https:\/\/www.pressenza.com\/de\/wp-json\/wp\/v2\/posts\/348948","targetHints":{"allow":["GET"]}}],"collection":[{"href":"https:\/\/www.pressenza.com\/de\/wp-json\/wp\/v2\/posts"}],"about":[{"href":"https:\/\/www.pressenza.com\/de\/wp-json\/wp\/v2\/types\/post"}],"author":[{"embeddable":true,"href":"https:\/\/www.pressenza.com\/de\/wp-json\/wp\/v2\/users\/1341"}],"replies":[{"embeddable":true,"href":"https:\/\/www.pressenza.com\/de\/wp-json\/wp\/v2\/comments?post=348948"}],"version-history":[{"count":0,"href":"https:\/\/www.pressenza.com\/de\/wp-json\/wp\/v2\/posts\/348948\/revisions"}],"wp:featuredmedia":[{"embeddable":true,"href":"https:\/\/www.pressenza.com\/de\/wp-json\/wp\/v2\/media\/348949"}],"wp:attachment":[{"href":"https:\/\/www.pressenza.com\/de\/wp-json\/wp\/v2\/media?parent=348948"}],"wp:term":[{"taxonomy":"category","embeddable":true,"href":"https:\/\/www.pressenza.com\/de\/wp-json\/wp\/v2\/categories?post=348948"},{"taxonomy":"post_tag","embeddable":true,"href":"https:\/\/www.pressenza.com\/de\/wp-json\/wp\/v2\/tags?post=348948"}],"curies":[{"name":"wp","href":"https:\/\/api.w.org\/{rel}","templated":true}]}}