{"id":348681,"date":"2016-08-01T15:30:28","date_gmt":"2016-08-01T14:30:28","guid":{"rendered":"http:\/\/www.pressenza.com\/de\/?p=348681"},"modified":"2016-08-08T15:43:16","modified_gmt":"2016-08-08T14:43:16","slug":"der-geheime-mensch-der-gesellschaft","status":"publish","type":"post","link":"https:\/\/www.pressenza.com\/de\/2016\/08\/der-geheime-mensch-der-gesellschaft\/","title":{"rendered":"Der geheime Mensch in der Gesellschaft"},"content":{"rendered":"<p><strong><em>Die Eindr\u00fccke seines Aufenthaltes in Santiago de Chile fasst Dominik Schlett in einem Foto von Domingo Fernandez K. zusammen und interpretiert es in folgendem Text.<\/em><\/strong><\/p>\n<p><strong>Der geheime Mensch in der Gesellschaft<\/strong><\/p>\n<p>Auf den ersten Blick sieht der Betrachter einen alten Mann mit gro\u00dfen Ohren und gro\u00dfer Nase. Er putzt Schuhe an einem \u00f6ffentlichen, st\u00e4dtischen Ort, der jedoch unscharf im Hintergrund verbleibt.<\/p>\n<p>Der Schuhputzer nimmt den Raum ein, zieht das Licht vollst\u00e4ndig auf sich. Sein Oberk\u00f6rper ist aufrecht und der R\u00fccken gerade. Sein Kopf ist nach vorne geneigt und deutet damit auf den zu putzenden Schuh seines Kunden.<\/p>\n<p>Die Schuhe des Kunden gl\u00e4nzen bereits, sodass der zu sehende Vorgang den abschlie\u00dfenden Akt eines Handwerks zeigt. Er wird mit einem speziellen Fasertuch vollzogen, das leicht und schwungvoll durch die Finger des Schuhputzers gleitet. Um das linke Handgelenk tr\u00e4gt er eine Uhr mit schwarzem Lederband.<\/p>\n<p>Seine Arbeitskleidung sticht hervor durch ein sattes Rot. Der Kragen des dicken Fleecepullovers ist umgeschlagen, die \u00c4rmel sind hochgekrempelt. Er sitzt auf einem etwas abgetragenen Stuhl und tr\u00e4gt eine Sch\u00fcrze, die Oberk\u00f6rper und Beine bedeckt. Die hellen Farben seiner Arbeitskleidung und die in sich gekehrte Mimik bilden sodann einen starken Kontrast zum \u00fcbrigen, dargestellten Geschehen. Sein Gesicht ist pr\u00e4sent und bannt f\u00f6rmlich den Blick des Betrachters.<\/p>\n<p>Im Ganzen wirkt der Kopf wie ein zusammengeh\u00f6riger Gebirgszug, geformt und gestaltet \u00fcber Jahrzehnte hinweg, verzerrt von tektonischen Kr\u00e4ften. Er deutet die zahlreichen Erfahrungen an, die Geschichten, die ihn gestaltet und zu seiner einzigartigen Erscheinung gef\u00fchrt haben.<\/p>\n<p><strong>Macht und Vorurteil<\/strong><\/p>\n<p>Schuhputzer finden sich in allen Stra\u00dfen, auf allen Pl\u00e4tzen und M\u00e4rkten S\u00fcdamerikas. In Chile, das reichste Land S\u00fcdamerikas, verschwinden sie zunehmend aus dem \u00f6ffentlichen Raum.<\/p>\n<p>In Bolivien hingegen, das \u00e4rmste Land, sind Schuhputzer allgegenw\u00e4rtig. Dort sind es zumeist Kinder, die diesem Handwerk nachgehen, um ihre Familien finanziell unterst\u00fctzen zu k\u00f6nnen.<\/p>\n<p>Aufgrund der fehlenden sozialen Anerkennung und aus Angst vor gesellschaftlichen Schm\u00e4hungen in Schulen oder anderen Einrichtungen tragen Schuhputzer in Bolivien deshalb h\u00e4ufig Sturmmasken. Sie verbergen Gesicht und Identit\u00e4t.<\/p>\n<p>Der Schuhputzer auf dem Bild hingegen tritt ungeniert in den \u00f6ffentlichen Raum. Seine Stirn gleicht gebirgsfaltenartigen Hochplateaus, w\u00e4hrend die sp\u00e4rlichen, wei\u00dfen Haare an seinem Hinterkopf einen w\u00fcrdevollen, schneebedeckten Gipfel pr\u00e4sentieren. Seine Uhr verdeutlicht die Struktur und Arbeitszeit, nach der er sich t\u00e4glich richtet.<\/p>\n<p>In Europa finden man Schuhputzer so gut wie gar nicht. Ab und an auf Jahrm\u00e4rkten als nostalgische und ironische Attraktion. Schon gar nicht wird Schuhputzen dort als Beruf gesehen. Eine niedere, anspruchslose Besch\u00e4ftigung, die einzig symbolisch zu deuten ist.<\/p>\n<p>Im Sinne von Unterw\u00fcrfigkeit, zu F\u00fc\u00dfen der Gesellschaft, ist Schuhe putzen als w\u00fcrdelos in Erinnerung geblieben.<\/p>\n<p>Die Arbeit verschwindet hinter der Symbolik. Ebenso mussten Gefangene in deutschen Arbeitslagern w\u00e4hrend des Nationalsozialismus als Zeichen ihrer Minderwertigkeit ihren Peinigern die Schuhe putzen.<\/p>\n<p>Die knieende und gebeugte Haltung sollte das hierarchische Verh\u00e4ltnis verdeutlichen. Es ging nicht l\u00e4nger um Schuhpflege, stattdessen einzig und allein um die Darstellung von Macht in zwischenmenschlichen Interaktionen.<\/p>\n<p><strong>R\u00fcckkehr der W\u00fcrde<\/strong><\/p>\n<p>Nicht so im Bild des chilenischen Fotografen Domingo Fern\u00e1ndez K. In seiner Fotografie interessieren ihn vor allem die richtigen Momente. Daf\u00fcr verschmilzt er mit seiner Umwelt und wartet auf den empathischen Moment. Den einen Moment, worin er den Charakter seines Motivs nachvollziehen und selbst sp\u00fcren kann. So auch hier. Er sp\u00fcrte den Stolz und die Erhabenheit des Schaffenden. Einem Menschen, der lediglich seinem eigenen, selbst erlernten Handwerk nachgeht.<\/p>\n<p>Professionell ausger\u00fcstet und ganz auf die Qualit\u00e4t seiner Arbeit fixiert, thront die gewaltige Reife des Gesichts \u00fcber dem Schaffensakt.<\/p>\n<p>Urbanes Umfeld sowie Kunde erblassen angesichts dieser Pr\u00e4senz und damit auch die zwischenmenschliche Symbolik sowie Hierarchien.<\/p>\n<p>Der Schuhputzer muss keine gesellschaftliche Rolle verk\u00f6rpern. Er ist keine H\u00fclle f\u00fcr eine soziale Funktion, muss nicht Herhalten f\u00fcr Gesellschaftskritik. Seine Leistung steht au\u00dfer Frage.<\/p>\n<p>Wie die gro\u00dfen Ohren und die gro\u00dfe Nase Buddhas Weisheit symbolisieren, symbolisiert diese Aufnahme allein die W\u00fcrde und Erfahrung eines Mannes. Unabh\u00e4ngig von sozialer Stellung und Arbeit h\u00e4lt Fern\u00e1ndez Respekt gegen\u00fcber dem menschlichen Sein fest. M\u00e4chtig und nur f\u00fcr sich selbst stehend wacht der Mann gleich einem Berg \u00fcber sein Tal.<\/p>\n<p>Dadurch nimmt er die Umgebung vollst\u00e4ndig ein und herrscht \u00fcber seinen Ort, an dem nur er selbst physisch so pr\u00e4sent sein kann.<\/p>\n<p>Sein Antlitz allein ist die Ultima Ratio der Existenz und bezeugt Menschlichkeit losgel\u00f6st von sozialem Leid, erh\u00f6ht in der W\u00fcrde des blo\u00dfen Daseins. Fern\u00e1ndez schafft damit ein Idealportr\u00e4t, das allein das Wesen des Schuhputzers in den Vordergrund stellt.<\/p>\n<p><em>Foto von Domingo Fernandez K. <a href=\"http:\/\/www.domingofernandez.cl\" target=\"_blank\">www.domingofernandez.cl<\/a>, wir danken f\u00fcr die Zuverf\u00fcgungsstellung des Fotos.<br \/>\nBildinterpretation von Dominik Schlett<br \/>\n<\/em><\/p>\n","protected":false},"excerpt":{"rendered":"<p>Die Eindr\u00fccke seines Aufenthaltes in Santiago de Chile fasst Dominik Schlett in einem Foto von Domingo Fernandez K. zusammen und interpretiert es in folgendem Text. Der geheime Mensch in der Gesellschaft Auf den ersten Blick sieht der Betrachter einen alten&hellip;<\/p>\n","protected":false},"author":1341,"featured_media":348682,"comment_status":"closed","ping_status":"closed","sticky":false,"template":"","format":"standard","meta":{"footnotes":""},"categories":[9156,9143,11387,9154,20605],"tags":[29365,27079,6659,29364,29363],"class_list":["post-348681","post","type-post","status-publish","format-standard","has-post-thumbnail","hentry","category-kultur-und-medien","category-meinungen","category-originalinhalt","category-suedamerika","category-unkategorisiert","tag-bildinterpretation","tag-mensch","tag-santiago-de-chile","tag-schuhputzer","tag-wuerde"],"yoast_head":"<!-- This site is optimized with the Yoast SEO plugin v27.1.1 - https:\/\/yoast.com\/product\/yoast-seo-wordpress\/ -->\n<title>Der geheime Mensch in der Gesellschaft<\/title>\n<meta name=\"description\" content=\"Die Eindr\u00fccke seines Aufenthaltes in Santiago de Chile fasst Dominik Schlett in einem Foto von Domingo Fernandez K. zusammen und interpretiert es in\" \/>\n<meta name=\"robots\" content=\"index, follow, max-snippet:-1, max-image-preview:large, max-video-preview:-1\" \/>\n<link rel=\"canonical\" href=\"https:\/\/www.pressenza.com\/de\/2016\/08\/der-geheime-mensch-der-gesellschaft\/\" \/>\n<meta property=\"og:locale\" content=\"de_DE\" \/>\n<meta property=\"og:type\" content=\"article\" \/>\n<meta property=\"og:title\" content=\"Der geheime Mensch in der Gesellschaft\" \/>\n<meta property=\"og:description\" content=\"Die Eindr\u00fccke seines Aufenthaltes in Santiago de Chile fasst Dominik Schlett in einem Foto von Domingo Fernandez K. zusammen und interpretiert es in\" \/>\n<meta property=\"og:url\" content=\"https:\/\/www.pressenza.com\/de\/2016\/08\/der-geheime-mensch-der-gesellschaft\/\" \/>\n<meta property=\"og:site_name\" content=\"Pressenza\" \/>\n<meta property=\"article:publisher\" content=\"https:\/\/www.facebook.com\/PressenzaItalia\" \/>\n<meta property=\"article:published_time\" content=\"2016-08-01T14:30:28+00:00\" \/>\n<meta property=\"article:modified_time\" content=\"2016-08-08T14:43:16+00:00\" \/>\n<meta property=\"og:image\" content=\"https:\/\/www.pressenza.com\/wp-content\/uploads\/2016\/08\/F1000020.jpg\" \/>\n\t<meta property=\"og:image:width\" content=\"1840\" \/>\n\t<meta property=\"og:image:height\" content=\"1232\" \/>\n\t<meta property=\"og:image:type\" content=\"image\/jpeg\" \/>\n<meta name=\"author\" content=\"Dominik Schlett\" \/>\n<meta name=\"twitter:card\" content=\"summary_large_image\" \/>\n<meta name=\"twitter:creator\" content=\"@PressenzaIPA\" \/>\n<meta name=\"twitter:site\" content=\"@PressenzaIPA\" \/>\n<meta name=\"twitter:label1\" content=\"Verfasst von\" \/>\n\t<meta name=\"twitter:data1\" content=\"Dominik Schlett\" \/>\n\t<meta name=\"twitter:label2\" content=\"Gesch\u00e4tzte Lesezeit\" \/>\n\t<meta name=\"twitter:data2\" content=\"4\u00a0Minuten\" \/>\n<script type=\"application\/ld+json\" class=\"yoast-schema-graph\">{\"@context\":\"https:\/\/schema.org\",\"@graph\":[{\"@type\":\"Article\",\"@id\":\"https:\/\/www.pressenza.com\/de\/2016\/08\/der-geheime-mensch-der-gesellschaft\/#article\",\"isPartOf\":{\"@id\":\"https:\/\/www.pressenza.com\/de\/2016\/08\/der-geheime-mensch-der-gesellschaft\/\"},\"author\":{\"name\":\"Dominik Schlett\",\"@id\":\"https:\/\/www.pressenza.com\/de\/#\/schema\/person\/4c75b4c5c95f9beb0812228931b8573b\"},\"headline\":\"Der geheime Mensch in der Gesellschaft\",\"datePublished\":\"2016-08-01T14:30:28+00:00\",\"dateModified\":\"2016-08-08T14:43:16+00:00\",\"mainEntityOfPage\":{\"@id\":\"https:\/\/www.pressenza.com\/de\/2016\/08\/der-geheime-mensch-der-gesellschaft\/\"},\"wordCount\":819,\"publisher\":{\"@id\":\"https:\/\/www.pressenza.com\/de\/#organization\"},\"image\":{\"@id\":\"https:\/\/www.pressenza.com\/de\/2016\/08\/der-geheime-mensch-der-gesellschaft\/#primaryimage\"},\"thumbnailUrl\":\"https:\/\/www.pressenza.com\/wp-content\/uploads\/2016\/08\/F1000020.jpg\",\"keywords\":[\"Bildinterpretation\",\"mensch\",\"Santiago de Chile\",\"Schuhputzer\",\"W\u00fcrde\"],\"articleSection\":[\"Kultur und Medien\",\"Meinungen\",\"Originalinhalt\",\"S\u00fcdamerika\",\"Unkategorisiert\"],\"inLanguage\":\"de\"},{\"@type\":\"WebPage\",\"@id\":\"https:\/\/www.pressenza.com\/de\/2016\/08\/der-geheime-mensch-der-gesellschaft\/\",\"url\":\"https:\/\/www.pressenza.com\/de\/2016\/08\/der-geheime-mensch-der-gesellschaft\/\",\"name\":\"Der geheime Mensch in der Gesellschaft\",\"isPartOf\":{\"@id\":\"https:\/\/www.pressenza.com\/de\/#website\"},\"primaryImageOfPage\":{\"@id\":\"https:\/\/www.pressenza.com\/de\/2016\/08\/der-geheime-mensch-der-gesellschaft\/#primaryimage\"},\"image\":{\"@id\":\"https:\/\/www.pressenza.com\/de\/2016\/08\/der-geheime-mensch-der-gesellschaft\/#primaryimage\"},\"thumbnailUrl\":\"https:\/\/www.pressenza.com\/wp-content\/uploads\/2016\/08\/F1000020.jpg\",\"datePublished\":\"2016-08-01T14:30:28+00:00\",\"dateModified\":\"2016-08-08T14:43:16+00:00\",\"description\":\"Die Eindr\u00fccke seines Aufenthaltes in Santiago de Chile fasst Dominik Schlett in einem Foto von Domingo Fernandez K. zusammen und interpretiert es in\",\"breadcrumb\":{\"@id\":\"https:\/\/www.pressenza.com\/de\/2016\/08\/der-geheime-mensch-der-gesellschaft\/#breadcrumb\"},\"inLanguage\":\"de\",\"potentialAction\":[{\"@type\":\"ReadAction\",\"target\":[\"https:\/\/www.pressenza.com\/de\/2016\/08\/der-geheime-mensch-der-gesellschaft\/\"]}]},{\"@type\":\"ImageObject\",\"inLanguage\":\"de\",\"@id\":\"https:\/\/www.pressenza.com\/de\/2016\/08\/der-geheime-mensch-der-gesellschaft\/#primaryimage\",\"url\":\"https:\/\/www.pressenza.com\/wp-content\/uploads\/2016\/08\/F1000020.jpg\",\"contentUrl\":\"https:\/\/www.pressenza.com\/wp-content\/uploads\/2016\/08\/F1000020.jpg\",\"width\":1840,\"height\":1232},{\"@type\":\"BreadcrumbList\",\"@id\":\"https:\/\/www.pressenza.com\/de\/2016\/08\/der-geheime-mensch-der-gesellschaft\/#breadcrumb\",\"itemListElement\":[{\"@type\":\"ListItem\",\"position\":1,\"name\":\"Accueil\",\"item\":\"https:\/\/www.pressenza.com\/de\/\"},{\"@type\":\"ListItem\",\"position\":2,\"name\":\"Der geheime Mensch in der Gesellschaft\"}]},{\"@type\":\"WebSite\",\"@id\":\"https:\/\/www.pressenza.com\/de\/#website\",\"url\":\"https:\/\/www.pressenza.com\/de\/\",\"name\":\"Pressenza\",\"description\":\"International Press Agency\",\"publisher\":{\"@id\":\"https:\/\/www.pressenza.com\/de\/#organization\"},\"potentialAction\":[{\"@type\":\"SearchAction\",\"target\":{\"@type\":\"EntryPoint\",\"urlTemplate\":\"https:\/\/www.pressenza.com\/de\/?s={search_term_string}\"},\"query-input\":{\"@type\":\"PropertyValueSpecification\",\"valueRequired\":true,\"valueName\":\"search_term_string\"}}],\"inLanguage\":\"de\"},{\"@type\":\"Organization\",\"@id\":\"https:\/\/www.pressenza.com\/de\/#organization\",\"name\":\"Pressenza\",\"url\":\"https:\/\/www.pressenza.com\/de\/\",\"logo\":{\"@type\":\"ImageObject\",\"inLanguage\":\"de\",\"@id\":\"https:\/\/www.pressenza.com\/de\/#\/schema\/logo\/image\/\",\"url\":\"https:\/\/www.pressenza.com\/wp-content\/uploads\/2022\/10\/pressenza_logo_200x200.jpg\",\"contentUrl\":\"https:\/\/www.pressenza.com\/wp-content\/uploads\/2022\/10\/pressenza_logo_200x200.jpg\",\"width\":200,\"height\":200,\"caption\":\"Pressenza\"},\"image\":{\"@id\":\"https:\/\/www.pressenza.com\/de\/#\/schema\/logo\/image\/\"},\"sameAs\":[\"https:\/\/www.facebook.com\/PressenzaItalia\",\"https:\/\/x.com\/PressenzaIPA\"]},{\"@type\":\"Person\",\"@id\":\"https:\/\/www.pressenza.com\/de\/#\/schema\/person\/4c75b4c5c95f9beb0812228931b8573b\",\"name\":\"Dominik Schlett\",\"description\":\"Lebt im europ\u00e4ischen Berlin. Als Sozialwissenschaftler interessieren ihn vor allem die Transition in das digitale Zeitalter und die damit verbundenen gesellschaftlichen Herausforderung. Politisch engagiert er sich f\u00fcr die europ\u00e4ische Zivilbewegung DiEM25.\",\"url\":\"https:\/\/www.pressenza.com\/de\/author\/dominik-schlett\/\"}]}<\/script>\n<!-- \/ Yoast SEO plugin. -->","yoast_head_json":{"title":"Der geheime Mensch in der Gesellschaft","description":"Die Eindr\u00fccke seines Aufenthaltes in Santiago de Chile fasst Dominik Schlett in einem Foto von Domingo Fernandez K. zusammen und interpretiert es in","robots":{"index":"index","follow":"follow","max-snippet":"max-snippet:-1","max-image-preview":"max-image-preview:large","max-video-preview":"max-video-preview:-1"},"canonical":"https:\/\/www.pressenza.com\/de\/2016\/08\/der-geheime-mensch-der-gesellschaft\/","og_locale":"de_DE","og_type":"article","og_title":"Der geheime Mensch in der Gesellschaft","og_description":"Die Eindr\u00fccke seines Aufenthaltes in Santiago de Chile fasst Dominik Schlett in einem Foto von Domingo Fernandez K. zusammen und interpretiert es in","og_url":"https:\/\/www.pressenza.com\/de\/2016\/08\/der-geheime-mensch-der-gesellschaft\/","og_site_name":"Pressenza","article_publisher":"https:\/\/www.facebook.com\/PressenzaItalia","article_published_time":"2016-08-01T14:30:28+00:00","article_modified_time":"2016-08-08T14:43:16+00:00","og_image":[{"width":1840,"height":1232,"url":"https:\/\/www.pressenza.com\/wp-content\/uploads\/2016\/08\/F1000020.jpg","type":"image\/jpeg"}],"author":"Dominik Schlett","twitter_card":"summary_large_image","twitter_creator":"@PressenzaIPA","twitter_site":"@PressenzaIPA","twitter_misc":{"Verfasst von":"Dominik Schlett","Gesch\u00e4tzte Lesezeit":"4\u00a0Minuten"},"schema":{"@context":"https:\/\/schema.org","@graph":[{"@type":"Article","@id":"https:\/\/www.pressenza.com\/de\/2016\/08\/der-geheime-mensch-der-gesellschaft\/#article","isPartOf":{"@id":"https:\/\/www.pressenza.com\/de\/2016\/08\/der-geheime-mensch-der-gesellschaft\/"},"author":{"name":"Dominik Schlett","@id":"https:\/\/www.pressenza.com\/de\/#\/schema\/person\/4c75b4c5c95f9beb0812228931b8573b"},"headline":"Der geheime Mensch in der Gesellschaft","datePublished":"2016-08-01T14:30:28+00:00","dateModified":"2016-08-08T14:43:16+00:00","mainEntityOfPage":{"@id":"https:\/\/www.pressenza.com\/de\/2016\/08\/der-geheime-mensch-der-gesellschaft\/"},"wordCount":819,"publisher":{"@id":"https:\/\/www.pressenza.com\/de\/#organization"},"image":{"@id":"https:\/\/www.pressenza.com\/de\/2016\/08\/der-geheime-mensch-der-gesellschaft\/#primaryimage"},"thumbnailUrl":"https:\/\/www.pressenza.com\/wp-content\/uploads\/2016\/08\/F1000020.jpg","keywords":["Bildinterpretation","mensch","Santiago de Chile","Schuhputzer","W\u00fcrde"],"articleSection":["Kultur und Medien","Meinungen","Originalinhalt","S\u00fcdamerika","Unkategorisiert"],"inLanguage":"de"},{"@type":"WebPage","@id":"https:\/\/www.pressenza.com\/de\/2016\/08\/der-geheime-mensch-der-gesellschaft\/","url":"https:\/\/www.pressenza.com\/de\/2016\/08\/der-geheime-mensch-der-gesellschaft\/","name":"Der geheime Mensch in der Gesellschaft","isPartOf":{"@id":"https:\/\/www.pressenza.com\/de\/#website"},"primaryImageOfPage":{"@id":"https:\/\/www.pressenza.com\/de\/2016\/08\/der-geheime-mensch-der-gesellschaft\/#primaryimage"},"image":{"@id":"https:\/\/www.pressenza.com\/de\/2016\/08\/der-geheime-mensch-der-gesellschaft\/#primaryimage"},"thumbnailUrl":"https:\/\/www.pressenza.com\/wp-content\/uploads\/2016\/08\/F1000020.jpg","datePublished":"2016-08-01T14:30:28+00:00","dateModified":"2016-08-08T14:43:16+00:00","description":"Die Eindr\u00fccke seines Aufenthaltes in Santiago de Chile fasst Dominik Schlett in einem Foto von Domingo Fernandez K. zusammen und interpretiert es in","breadcrumb":{"@id":"https:\/\/www.pressenza.com\/de\/2016\/08\/der-geheime-mensch-der-gesellschaft\/#breadcrumb"},"inLanguage":"de","potentialAction":[{"@type":"ReadAction","target":["https:\/\/www.pressenza.com\/de\/2016\/08\/der-geheime-mensch-der-gesellschaft\/"]}]},{"@type":"ImageObject","inLanguage":"de","@id":"https:\/\/www.pressenza.com\/de\/2016\/08\/der-geheime-mensch-der-gesellschaft\/#primaryimage","url":"https:\/\/www.pressenza.com\/wp-content\/uploads\/2016\/08\/F1000020.jpg","contentUrl":"https:\/\/www.pressenza.com\/wp-content\/uploads\/2016\/08\/F1000020.jpg","width":1840,"height":1232},{"@type":"BreadcrumbList","@id":"https:\/\/www.pressenza.com\/de\/2016\/08\/der-geheime-mensch-der-gesellschaft\/#breadcrumb","itemListElement":[{"@type":"ListItem","position":1,"name":"Accueil","item":"https:\/\/www.pressenza.com\/de\/"},{"@type":"ListItem","position":2,"name":"Der geheime Mensch in der Gesellschaft"}]},{"@type":"WebSite","@id":"https:\/\/www.pressenza.com\/de\/#website","url":"https:\/\/www.pressenza.com\/de\/","name":"Pressenza","description":"International Press Agency","publisher":{"@id":"https:\/\/www.pressenza.com\/de\/#organization"},"potentialAction":[{"@type":"SearchAction","target":{"@type":"EntryPoint","urlTemplate":"https:\/\/www.pressenza.com\/de\/?s={search_term_string}"},"query-input":{"@type":"PropertyValueSpecification","valueRequired":true,"valueName":"search_term_string"}}],"inLanguage":"de"},{"@type":"Organization","@id":"https:\/\/www.pressenza.com\/de\/#organization","name":"Pressenza","url":"https:\/\/www.pressenza.com\/de\/","logo":{"@type":"ImageObject","inLanguage":"de","@id":"https:\/\/www.pressenza.com\/de\/#\/schema\/logo\/image\/","url":"https:\/\/www.pressenza.com\/wp-content\/uploads\/2022\/10\/pressenza_logo_200x200.jpg","contentUrl":"https:\/\/www.pressenza.com\/wp-content\/uploads\/2022\/10\/pressenza_logo_200x200.jpg","width":200,"height":200,"caption":"Pressenza"},"image":{"@id":"https:\/\/www.pressenza.com\/de\/#\/schema\/logo\/image\/"},"sameAs":["https:\/\/www.facebook.com\/PressenzaItalia","https:\/\/x.com\/PressenzaIPA"]},{"@type":"Person","@id":"https:\/\/www.pressenza.com\/de\/#\/schema\/person\/4c75b4c5c95f9beb0812228931b8573b","name":"Dominik Schlett","description":"Lebt im europ\u00e4ischen Berlin. Als Sozialwissenschaftler interessieren ihn vor allem die Transition in das digitale Zeitalter und die damit verbundenen gesellschaftlichen Herausforderung. Politisch engagiert er sich f\u00fcr die europ\u00e4ische Zivilbewegung DiEM25.","url":"https:\/\/www.pressenza.com\/de\/author\/dominik-schlett\/"}]}},"place":"Santiago de Chile","original_article_url":"","_links":{"self":[{"href":"https:\/\/www.pressenza.com\/de\/wp-json\/wp\/v2\/posts\/348681","targetHints":{"allow":["GET"]}}],"collection":[{"href":"https:\/\/www.pressenza.com\/de\/wp-json\/wp\/v2\/posts"}],"about":[{"href":"https:\/\/www.pressenza.com\/de\/wp-json\/wp\/v2\/types\/post"}],"author":[{"embeddable":true,"href":"https:\/\/www.pressenza.com\/de\/wp-json\/wp\/v2\/users\/1341"}],"replies":[{"embeddable":true,"href":"https:\/\/www.pressenza.com\/de\/wp-json\/wp\/v2\/comments?post=348681"}],"version-history":[{"count":0,"href":"https:\/\/www.pressenza.com\/de\/wp-json\/wp\/v2\/posts\/348681\/revisions"}],"wp:featuredmedia":[{"embeddable":true,"href":"https:\/\/www.pressenza.com\/de\/wp-json\/wp\/v2\/media\/348682"}],"wp:attachment":[{"href":"https:\/\/www.pressenza.com\/de\/wp-json\/wp\/v2\/media?parent=348681"}],"wp:term":[{"taxonomy":"category","embeddable":true,"href":"https:\/\/www.pressenza.com\/de\/wp-json\/wp\/v2\/categories?post=348681"},{"taxonomy":"post_tag","embeddable":true,"href":"https:\/\/www.pressenza.com\/de\/wp-json\/wp\/v2\/tags?post=348681"}],"curies":[{"name":"wp","href":"https:\/\/api.w.org\/{rel}","templated":true}]}}