{"id":347011,"date":"2016-07-28T11:12:33","date_gmt":"2016-07-28T10:12:33","guid":{"rendered":"http:\/\/www.pressenza.com\/de\/?p=347011"},"modified":"2016-07-28T11:15:16","modified_gmt":"2016-07-28T10:15:16","slug":"friedensfahrradtour-2016-auf-achse-fuer-frieden-abruestung-und-ein-ziviles-europa","status":"publish","type":"post","link":"https:\/\/www.pressenza.com\/de\/2016\/07\/friedensfahrradtour-2016-auf-achse-fuer-frieden-abruestung-und-ein-ziviles-europa\/","title":{"rendered":"Friedensfahrradtour 2016 &#8211; Auf Achse f\u00fcr Frieden, Abr\u00fcstung und ein ziviles Europa!"},"content":{"rendered":"<p><em>Pressemitteilung der DFG-VK Bayern:<\/em><\/p>\n<h3>Auf Achse f\u00fcr Frieden, Abr\u00fcstung und ein ziviles Europa!<\/h3>\n<p>Unter diesem Motto veranstaltet die DFG-VK Bayern allj\u00e4hrlich eine Friedens-Fahrrad-Tour zu Standorten von Milit\u00e4r und R\u00fcstungsindustrie.<\/p>\n<p>Die Tour startet in diesem Jahr am 30.7. in Ingolstadt und besucht verschiedene Standorte der R\u00fcstungsindustrie und der Bundeswehr. Sie f\u00fchrt \u00fcber Manching, Donauw\u00f6rth, N\u00f6rdlingen, Aalen, Heilbronn, Heidelberg, Mannheim und Bad D\u00fcrkheim nach Kaiserslautern. Am 6.8. findet sie ihren Abschlu\u00df an der US-amerikanischen Air-Base Ramstein. (<a href=\"http:\/\/www.dfg-vk-bayern.de\/FFT-2016-OrgInfo-01.html\">genaue Termine und Route hier<\/a>).<\/p>\n<p>An dieser Air-Base will die DFG-VK gegen den Krieg mit Kampfdrohnen protestieren, f\u00fcr den Ramstein eine unerl\u00e4ssliche Relaisstation darstellt. Die TeilnehmerInnen fordern die Schlie\u00dfung der Air-Base, denn Deutschland soll den Drohnenkrieg der USA nicht unterst\u00fctzen, der als v\u00f6lkerrechts- und menschenrechtswidrig zu betrachten ist.<\/p>\n<p>Am 71. Jahrestag der Abw\u00fcrfe der Atombomben auf Hiroshima und Nagasaki fordern die TeilnehmerInnen der Tour den Abzug aller Atomwaffen aus Deutschland.<\/p>\n<p>Der andauernde Krieg gegen den Terrorismus, an welchem jetzt auch Deutschland beteiligt ist, und der Konfrontationskurs der NATO gegen Russland erweckt bei vielen Menschen die Angst vor einem Krieg in Europa.<\/p>\n<p>Die DFG-VK wirbt demgegen\u00fcber f\u00fcr die R\u00fcckkehr zur Politik der gemeinsamen Sicherheit und f\u00fcr die Idee der allgemeinen und vollst\u00e4ndigen Abr\u00fcstung, das beinhaltet letztlich auch die Abschaffung der Bundeswehr.<\/p>\n<div id=\"attachment_347012\" class=\"wp-caption aligncenter\"><a href=\"http:\/\/www.dfg-vk-bayern.de\/FFT-2016-OrgInfo-01.html\"><img loading=\"lazy\" decoding=\"async\" aria-describedby=\"caption-attachment-347012\" class=\"wp-image-347012 size-full\" src=\"http:\/\/www.pressenza.com\/wp-content\/uploads\/2016\/07\/Karte-FFT-2016-06klein_s.jpg\" alt=\"Route der Friedensfahrradtour 2016\" width=\"1024\" height=\"341\" srcset=\"https:\/\/www.pressenza.com\/wp-content\/uploads\/2016\/07\/Karte-FFT-2016-06klein_s.jpg 1024w, https:\/\/www.pressenza.com\/wp-content\/uploads\/2016\/07\/Karte-FFT-2016-06klein_s-300x100.jpg 300w, https:\/\/www.pressenza.com\/wp-content\/uploads\/2016\/07\/Karte-FFT-2016-06klein_s-768x256.jpg 768w, https:\/\/www.pressenza.com\/wp-content\/uploads\/2016\/07\/Karte-FFT-2016-06klein_s-720x240.jpg 720w\" sizes=\"auto, (max-width: 1024px) 100vw, 1024px\" \/><\/a><p id=\"caption-attachment-347012\" class=\"wp-caption-text\">Bild von: DFG-VK Bayern<\/p><\/div>\n<p>An den aufgef\u00fchrten Stationen werden die Friedensradler Mahnwachen abhalten, Infost\u00e4nde errichten, Flugbl\u00e4tter verteilen, Diskussionen f\u00fchren, Mayors for Peace treffen (B\u00fcrgermeister f\u00fcr den Frieden) und in den Innenst\u00e4dten die Anti-Kriegsperformance <strong>\u201eKein Krieg ist heilig\u201c<\/strong> auff\u00fchren.<\/p>\n<p>Wir w\u00fcrden uns freuen wenn Sie \u00fcber die Friedens-Fahrrad- Tour \u201eAuf Achse f\u00fcr Frieden, Abr\u00fcstung und ein ziviles Europa\u201c berichten. Sie sind herzlich dazu eingeladen, vorab oder vor Ort Interviews mit uns zu f\u00fchren und uns bei unseren Aktionen (Anti-Kriegsperformance) in den St\u00e4dten zu besuchen.<\/p>\n<p><strong><a href=\"http:\/\/www.dfg-vk-bayern.de\/FFT-2016-OrgInfo-01.html\">Weitere Infos, genaue Termine und Orte finden sich hier.<\/a><\/strong><\/p>\n<p>Thomas R\u00f6dl<br \/>\nSprecher DFG-VK Bayern<\/p>\n<p>Deutsche Friedensgesellschaft- Vereinigte KriegsdienstgegnerInnen, Landesverband Bayern, Schwanthalerstr.133, 80339 M\u00fcnchen, Tel. 089- 89 62 34 46; Fax: 089 &#8211; 834 15 18;<\/p>\n<p>E-Mail: <a href=\"mailto:bayern@dfg-vk.de\">bayern@dfg-vk.de<\/a> Web: <a href=\"http:\/\/www.dfg-vk-bayern.de\">www.dfg-vk-bayern.de<\/a><\/p>\n<p>&nbsp;<\/p>\n","protected":false},"excerpt":{"rendered":"<p>Pressemitteilung der DFG-VK Bayern: Auf Achse f\u00fcr Frieden, Abr\u00fcstung und ein ziviles Europa! Unter diesem Motto veranstaltet die DFG-VK Bayern allj\u00e4hrlich eine Friedens-Fahrrad-Tour zu Standorten von Milit\u00e4r und R\u00fcstungsindustrie. Die Tour startet in diesem Jahr am 30.7. in Ingolstadt und&hellip;<\/p>\n","protected":false},"author":1097,"featured_media":347019,"comment_status":"closed","ping_status":"closed","sticky":false,"template":"","format":"standard","meta":{"footnotes":""},"categories":[9150,9167,9166,9145],"tags":[9221,11223,9580,18892,29246,3163,18891],"class_list":["post-347011","post","type-post","status-publish","format-standard","has-post-thumbnail","hentry","category-europa-de","category-frieden-und-abruestung","category-gewaltfreiheit","category-pressemitteilungen","tag-abrustung","tag-bundeswehr","tag-dfg-vk","tag-drohnenkrieg","tag-friedensfahrradtour","tag-mayors-for-peace","tag-ramstein"],"yoast_head":"<!-- This site is optimized with the Yoast SEO plugin v27.1.1 - https:\/\/yoast.com\/product\/yoast-seo-wordpress\/ -->\n<title>Friedensfahrradtour 2016 - Auf Achse f\u00fcr Frieden, Abr\u00fcstung und ein ziviles Europa!<\/title>\n<meta name=\"description\" content=\"Pressemitteilung der DFG-VK Bayern: Auf Achse f\u00fcr Frieden, Abr\u00fcstung und ein ziviles Europa! Unter diesem Motto veranstaltet die DFG-VK Bayern allj\u00e4hrlich\" \/>\n<meta name=\"robots\" content=\"index, follow, max-snippet:-1, max-image-preview:large, max-video-preview:-1\" \/>\n<link rel=\"canonical\" href=\"https:\/\/www.pressenza.com\/de\/2016\/07\/friedensfahrradtour-2016-auf-achse-fuer-frieden-abruestung-und-ein-ziviles-europa\/\" \/>\n<meta property=\"og:locale\" content=\"de_DE\" \/>\n<meta property=\"og:type\" content=\"article\" \/>\n<meta property=\"og:title\" content=\"Friedensfahrradtour 2016 - Auf Achse f\u00fcr Frieden, Abr\u00fcstung und ein ziviles Europa!\" \/>\n<meta property=\"og:description\" content=\"Pressemitteilung der DFG-VK Bayern: Auf Achse f\u00fcr Frieden, Abr\u00fcstung und ein ziviles Europa! Unter diesem Motto veranstaltet die DFG-VK Bayern allj\u00e4hrlich\" \/>\n<meta property=\"og:url\" content=\"https:\/\/www.pressenza.com\/de\/2016\/07\/friedensfahrradtour-2016-auf-achse-fuer-frieden-abruestung-und-ein-ziviles-europa\/\" \/>\n<meta property=\"og:site_name\" content=\"Pressenza\" \/>\n<meta property=\"article:publisher\" content=\"https:\/\/www.facebook.com\/PressenzaItalia\" \/>\n<meta property=\"article:author\" content=\"https:\/\/www.facebook.com\/Pressenza-Deutschland-sterreich-Schweiz-281675388658060\/timeline\/\" \/>\n<meta property=\"article:published_time\" content=\"2016-07-28T10:12:33+00:00\" \/>\n<meta property=\"article:modified_time\" content=\"2016-07-28T10:15:16+00:00\" \/>\n<meta property=\"og:image\" content=\"https:\/\/www.pressenza.com\/wp-content\/uploads\/2016\/07\/2016-FFT-Tourflyer-Logo.jpg\" \/>\n\t<meta property=\"og:image:width\" content=\"761\" \/>\n\t<meta property=\"og:image:height\" content=\"397\" \/>\n\t<meta property=\"og:image:type\" content=\"image\/jpeg\" \/>\n<meta name=\"author\" content=\"Pressenza Muenchen\" \/>\n<meta name=\"twitter:card\" content=\"summary_large_image\" \/>\n<meta name=\"twitter:creator\" content=\"@pressenza_ger\" \/>\n<meta name=\"twitter:site\" content=\"@PressenzaIPA\" \/>\n<meta name=\"twitter:label1\" content=\"Verfasst von\" \/>\n\t<meta name=\"twitter:data1\" content=\"Pressenza Muenchen\" \/>\n\t<meta name=\"twitter:label2\" content=\"Gesch\u00e4tzte Lesezeit\" \/>\n\t<meta name=\"twitter:data2\" content=\"2\u00a0Minuten\" \/>\n<script type=\"application\/ld+json\" class=\"yoast-schema-graph\">{\"@context\":\"https:\/\/schema.org\",\"@graph\":[{\"@type\":\"Article\",\"@id\":\"https:\/\/www.pressenza.com\/de\/2016\/07\/friedensfahrradtour-2016-auf-achse-fuer-frieden-abruestung-und-ein-ziviles-europa\/#article\",\"isPartOf\":{\"@id\":\"https:\/\/www.pressenza.com\/de\/2016\/07\/friedensfahrradtour-2016-auf-achse-fuer-frieden-abruestung-und-ein-ziviles-europa\/\"},\"author\":{\"name\":\"Pressenza Muenchen\",\"@id\":\"https:\/\/www.pressenza.com\/de\/#\/schema\/person\/0069724cfb2cb9785368a167d0d900b7\"},\"headline\":\"Friedensfahrradtour 2016 &#8211; Auf Achse f\u00fcr Frieden, Abr\u00fcstung und ein ziviles Europa!\",\"datePublished\":\"2016-07-28T10:12:33+00:00\",\"dateModified\":\"2016-07-28T10:15:16+00:00\",\"mainEntityOfPage\":{\"@id\":\"https:\/\/www.pressenza.com\/de\/2016\/07\/friedensfahrradtour-2016-auf-achse-fuer-frieden-abruestung-und-ein-ziviles-europa\/\"},\"wordCount\":376,\"publisher\":{\"@id\":\"https:\/\/www.pressenza.com\/de\/#organization\"},\"image\":{\"@id\":\"https:\/\/www.pressenza.com\/de\/2016\/07\/friedensfahrradtour-2016-auf-achse-fuer-frieden-abruestung-und-ein-ziviles-europa\/#primaryimage\"},\"thumbnailUrl\":\"https:\/\/www.pressenza.com\/wp-content\/uploads\/2016\/07\/2016-FFT-Tourflyer-Logo.jpg\",\"keywords\":[\"Abr\u00fcstung\",\"Bundeswehr\",\"DFG-VK\",\"Drohnenkrieg\",\"Friedensfahrradtour\",\"Mayors for Peace\",\"Ramstein\"],\"articleSection\":[\"Europa\",\"Frieden und Abr\u00fcstung\",\"Gewaltfreiheit\",\"Pressemitteilungen\"],\"inLanguage\":\"de\"},{\"@type\":\"WebPage\",\"@id\":\"https:\/\/www.pressenza.com\/de\/2016\/07\/friedensfahrradtour-2016-auf-achse-fuer-frieden-abruestung-und-ein-ziviles-europa\/\",\"url\":\"https:\/\/www.pressenza.com\/de\/2016\/07\/friedensfahrradtour-2016-auf-achse-fuer-frieden-abruestung-und-ein-ziviles-europa\/\",\"name\":\"Friedensfahrradtour 2016 - Auf Achse f\u00fcr Frieden, Abr\u00fcstung und ein ziviles Europa!\",\"isPartOf\":{\"@id\":\"https:\/\/www.pressenza.com\/de\/#website\"},\"primaryImageOfPage\":{\"@id\":\"https:\/\/www.pressenza.com\/de\/2016\/07\/friedensfahrradtour-2016-auf-achse-fuer-frieden-abruestung-und-ein-ziviles-europa\/#primaryimage\"},\"image\":{\"@id\":\"https:\/\/www.pressenza.com\/de\/2016\/07\/friedensfahrradtour-2016-auf-achse-fuer-frieden-abruestung-und-ein-ziviles-europa\/#primaryimage\"},\"thumbnailUrl\":\"https:\/\/www.pressenza.com\/wp-content\/uploads\/2016\/07\/2016-FFT-Tourflyer-Logo.jpg\",\"datePublished\":\"2016-07-28T10:12:33+00:00\",\"dateModified\":\"2016-07-28T10:15:16+00:00\",\"description\":\"Pressemitteilung der DFG-VK Bayern: Auf Achse f\u00fcr Frieden, Abr\u00fcstung und ein ziviles Europa! Unter diesem Motto veranstaltet die DFG-VK Bayern allj\u00e4hrlich\",\"breadcrumb\":{\"@id\":\"https:\/\/www.pressenza.com\/de\/2016\/07\/friedensfahrradtour-2016-auf-achse-fuer-frieden-abruestung-und-ein-ziviles-europa\/#breadcrumb\"},\"inLanguage\":\"de\",\"potentialAction\":[{\"@type\":\"ReadAction\",\"target\":[\"https:\/\/www.pressenza.com\/de\/2016\/07\/friedensfahrradtour-2016-auf-achse-fuer-frieden-abruestung-und-ein-ziviles-europa\/\"]}]},{\"@type\":\"ImageObject\",\"inLanguage\":\"de\",\"@id\":\"https:\/\/www.pressenza.com\/de\/2016\/07\/friedensfahrradtour-2016-auf-achse-fuer-frieden-abruestung-und-ein-ziviles-europa\/#primaryimage\",\"url\":\"https:\/\/www.pressenza.com\/wp-content\/uploads\/2016\/07\/2016-FFT-Tourflyer-Logo.jpg\",\"contentUrl\":\"https:\/\/www.pressenza.com\/wp-content\/uploads\/2016\/07\/2016-FFT-Tourflyer-Logo.jpg\",\"width\":761,\"height\":397},{\"@type\":\"BreadcrumbList\",\"@id\":\"https:\/\/www.pressenza.com\/de\/2016\/07\/friedensfahrradtour-2016-auf-achse-fuer-frieden-abruestung-und-ein-ziviles-europa\/#breadcrumb\",\"itemListElement\":[{\"@type\":\"ListItem\",\"position\":1,\"name\":\"Accueil\",\"item\":\"https:\/\/www.pressenza.com\/de\/\"},{\"@type\":\"ListItem\",\"position\":2,\"name\":\"Friedensfahrradtour 2016 &#8211; Auf Achse f\u00fcr Frieden, Abr\u00fcstung und ein ziviles Europa!\"}]},{\"@type\":\"WebSite\",\"@id\":\"https:\/\/www.pressenza.com\/de\/#website\",\"url\":\"https:\/\/www.pressenza.com\/de\/\",\"name\":\"Pressenza\",\"description\":\"International Press Agency\",\"publisher\":{\"@id\":\"https:\/\/www.pressenza.com\/de\/#organization\"},\"potentialAction\":[{\"@type\":\"SearchAction\",\"target\":{\"@type\":\"EntryPoint\",\"urlTemplate\":\"https:\/\/www.pressenza.com\/de\/?s={search_term_string}\"},\"query-input\":{\"@type\":\"PropertyValueSpecification\",\"valueRequired\":true,\"valueName\":\"search_term_string\"}}],\"inLanguage\":\"de\"},{\"@type\":\"Organization\",\"@id\":\"https:\/\/www.pressenza.com\/de\/#organization\",\"name\":\"Pressenza\",\"url\":\"https:\/\/www.pressenza.com\/de\/\",\"logo\":{\"@type\":\"ImageObject\",\"inLanguage\":\"de\",\"@id\":\"https:\/\/www.pressenza.com\/de\/#\/schema\/logo\/image\/\",\"url\":\"https:\/\/www.pressenza.com\/wp-content\/uploads\/2022\/10\/pressenza_logo_200x200.jpg\",\"contentUrl\":\"https:\/\/www.pressenza.com\/wp-content\/uploads\/2022\/10\/pressenza_logo_200x200.jpg\",\"width\":200,\"height\":200,\"caption\":\"Pressenza\"},\"image\":{\"@id\":\"https:\/\/www.pressenza.com\/de\/#\/schema\/logo\/image\/\"},\"sameAs\":[\"https:\/\/www.facebook.com\/PressenzaItalia\",\"https:\/\/x.com\/PressenzaIPA\"]},{\"@type\":\"Person\",\"@id\":\"https:\/\/www.pressenza.com\/de\/#\/schema\/person\/0069724cfb2cb9785368a167d0d900b7\",\"name\":\"Pressenza Muenchen\",\"description\":\"News from the Pressenza bureau in Munich, Germany\",\"sameAs\":[\"https:\/\/www.facebook.com\/Pressenza-Deutschland-sterreich-Schweiz-281675388658060\/timeline\/\",\"https:\/\/x.com\/pressenza_ger\"],\"url\":\"https:\/\/www.pressenza.com\/de\/author\/pressenza-muenchen\/\"}]}<\/script>\n<!-- \/ Yoast SEO plugin. -->","yoast_head_json":{"title":"Friedensfahrradtour 2016 - Auf Achse f\u00fcr Frieden, Abr\u00fcstung und ein ziviles Europa!","description":"Pressemitteilung der DFG-VK Bayern: Auf Achse f\u00fcr Frieden, Abr\u00fcstung und ein ziviles Europa! Unter diesem Motto veranstaltet die DFG-VK Bayern allj\u00e4hrlich","robots":{"index":"index","follow":"follow","max-snippet":"max-snippet:-1","max-image-preview":"max-image-preview:large","max-video-preview":"max-video-preview:-1"},"canonical":"https:\/\/www.pressenza.com\/de\/2016\/07\/friedensfahrradtour-2016-auf-achse-fuer-frieden-abruestung-und-ein-ziviles-europa\/","og_locale":"de_DE","og_type":"article","og_title":"Friedensfahrradtour 2016 - Auf Achse f\u00fcr Frieden, Abr\u00fcstung und ein ziviles Europa!","og_description":"Pressemitteilung der DFG-VK Bayern: Auf Achse f\u00fcr Frieden, Abr\u00fcstung und ein ziviles Europa! Unter diesem Motto veranstaltet die DFG-VK Bayern allj\u00e4hrlich","og_url":"https:\/\/www.pressenza.com\/de\/2016\/07\/friedensfahrradtour-2016-auf-achse-fuer-frieden-abruestung-und-ein-ziviles-europa\/","og_site_name":"Pressenza","article_publisher":"https:\/\/www.facebook.com\/PressenzaItalia","article_author":"https:\/\/www.facebook.com\/Pressenza-Deutschland-sterreich-Schweiz-281675388658060\/timeline\/","article_published_time":"2016-07-28T10:12:33+00:00","article_modified_time":"2016-07-28T10:15:16+00:00","og_image":[{"width":761,"height":397,"url":"https:\/\/www.pressenza.com\/wp-content\/uploads\/2016\/07\/2016-FFT-Tourflyer-Logo.jpg","type":"image\/jpeg"}],"author":"Pressenza Muenchen","twitter_card":"summary_large_image","twitter_creator":"@pressenza_ger","twitter_site":"@PressenzaIPA","twitter_misc":{"Verfasst von":"Pressenza Muenchen","Gesch\u00e4tzte Lesezeit":"2\u00a0Minuten"},"schema":{"@context":"https:\/\/schema.org","@graph":[{"@type":"Article","@id":"https:\/\/www.pressenza.com\/de\/2016\/07\/friedensfahrradtour-2016-auf-achse-fuer-frieden-abruestung-und-ein-ziviles-europa\/#article","isPartOf":{"@id":"https:\/\/www.pressenza.com\/de\/2016\/07\/friedensfahrradtour-2016-auf-achse-fuer-frieden-abruestung-und-ein-ziviles-europa\/"},"author":{"name":"Pressenza Muenchen","@id":"https:\/\/www.pressenza.com\/de\/#\/schema\/person\/0069724cfb2cb9785368a167d0d900b7"},"headline":"Friedensfahrradtour 2016 &#8211; Auf Achse f\u00fcr Frieden, Abr\u00fcstung und ein ziviles Europa!","datePublished":"2016-07-28T10:12:33+00:00","dateModified":"2016-07-28T10:15:16+00:00","mainEntityOfPage":{"@id":"https:\/\/www.pressenza.com\/de\/2016\/07\/friedensfahrradtour-2016-auf-achse-fuer-frieden-abruestung-und-ein-ziviles-europa\/"},"wordCount":376,"publisher":{"@id":"https:\/\/www.pressenza.com\/de\/#organization"},"image":{"@id":"https:\/\/www.pressenza.com\/de\/2016\/07\/friedensfahrradtour-2016-auf-achse-fuer-frieden-abruestung-und-ein-ziviles-europa\/#primaryimage"},"thumbnailUrl":"https:\/\/www.pressenza.com\/wp-content\/uploads\/2016\/07\/2016-FFT-Tourflyer-Logo.jpg","keywords":["Abr\u00fcstung","Bundeswehr","DFG-VK","Drohnenkrieg","Friedensfahrradtour","Mayors for Peace","Ramstein"],"articleSection":["Europa","Frieden und Abr\u00fcstung","Gewaltfreiheit","Pressemitteilungen"],"inLanguage":"de"},{"@type":"WebPage","@id":"https:\/\/www.pressenza.com\/de\/2016\/07\/friedensfahrradtour-2016-auf-achse-fuer-frieden-abruestung-und-ein-ziviles-europa\/","url":"https:\/\/www.pressenza.com\/de\/2016\/07\/friedensfahrradtour-2016-auf-achse-fuer-frieden-abruestung-und-ein-ziviles-europa\/","name":"Friedensfahrradtour 2016 - Auf Achse f\u00fcr Frieden, Abr\u00fcstung und ein ziviles Europa!","isPartOf":{"@id":"https:\/\/www.pressenza.com\/de\/#website"},"primaryImageOfPage":{"@id":"https:\/\/www.pressenza.com\/de\/2016\/07\/friedensfahrradtour-2016-auf-achse-fuer-frieden-abruestung-und-ein-ziviles-europa\/#primaryimage"},"image":{"@id":"https:\/\/www.pressenza.com\/de\/2016\/07\/friedensfahrradtour-2016-auf-achse-fuer-frieden-abruestung-und-ein-ziviles-europa\/#primaryimage"},"thumbnailUrl":"https:\/\/www.pressenza.com\/wp-content\/uploads\/2016\/07\/2016-FFT-Tourflyer-Logo.jpg","datePublished":"2016-07-28T10:12:33+00:00","dateModified":"2016-07-28T10:15:16+00:00","description":"Pressemitteilung der DFG-VK Bayern: Auf Achse f\u00fcr Frieden, Abr\u00fcstung und ein ziviles Europa! Unter diesem Motto veranstaltet die DFG-VK Bayern allj\u00e4hrlich","breadcrumb":{"@id":"https:\/\/www.pressenza.com\/de\/2016\/07\/friedensfahrradtour-2016-auf-achse-fuer-frieden-abruestung-und-ein-ziviles-europa\/#breadcrumb"},"inLanguage":"de","potentialAction":[{"@type":"ReadAction","target":["https:\/\/www.pressenza.com\/de\/2016\/07\/friedensfahrradtour-2016-auf-achse-fuer-frieden-abruestung-und-ein-ziviles-europa\/"]}]},{"@type":"ImageObject","inLanguage":"de","@id":"https:\/\/www.pressenza.com\/de\/2016\/07\/friedensfahrradtour-2016-auf-achse-fuer-frieden-abruestung-und-ein-ziviles-europa\/#primaryimage","url":"https:\/\/www.pressenza.com\/wp-content\/uploads\/2016\/07\/2016-FFT-Tourflyer-Logo.jpg","contentUrl":"https:\/\/www.pressenza.com\/wp-content\/uploads\/2016\/07\/2016-FFT-Tourflyer-Logo.jpg","width":761,"height":397},{"@type":"BreadcrumbList","@id":"https:\/\/www.pressenza.com\/de\/2016\/07\/friedensfahrradtour-2016-auf-achse-fuer-frieden-abruestung-und-ein-ziviles-europa\/#breadcrumb","itemListElement":[{"@type":"ListItem","position":1,"name":"Accueil","item":"https:\/\/www.pressenza.com\/de\/"},{"@type":"ListItem","position":2,"name":"Friedensfahrradtour 2016 &#8211; Auf Achse f\u00fcr Frieden, Abr\u00fcstung und ein ziviles Europa!"}]},{"@type":"WebSite","@id":"https:\/\/www.pressenza.com\/de\/#website","url":"https:\/\/www.pressenza.com\/de\/","name":"Pressenza","description":"International Press Agency","publisher":{"@id":"https:\/\/www.pressenza.com\/de\/#organization"},"potentialAction":[{"@type":"SearchAction","target":{"@type":"EntryPoint","urlTemplate":"https:\/\/www.pressenza.com\/de\/?s={search_term_string}"},"query-input":{"@type":"PropertyValueSpecification","valueRequired":true,"valueName":"search_term_string"}}],"inLanguage":"de"},{"@type":"Organization","@id":"https:\/\/www.pressenza.com\/de\/#organization","name":"Pressenza","url":"https:\/\/www.pressenza.com\/de\/","logo":{"@type":"ImageObject","inLanguage":"de","@id":"https:\/\/www.pressenza.com\/de\/#\/schema\/logo\/image\/","url":"https:\/\/www.pressenza.com\/wp-content\/uploads\/2022\/10\/pressenza_logo_200x200.jpg","contentUrl":"https:\/\/www.pressenza.com\/wp-content\/uploads\/2022\/10\/pressenza_logo_200x200.jpg","width":200,"height":200,"caption":"Pressenza"},"image":{"@id":"https:\/\/www.pressenza.com\/de\/#\/schema\/logo\/image\/"},"sameAs":["https:\/\/www.facebook.com\/PressenzaItalia","https:\/\/x.com\/PressenzaIPA"]},{"@type":"Person","@id":"https:\/\/www.pressenza.com\/de\/#\/schema\/person\/0069724cfb2cb9785368a167d0d900b7","name":"Pressenza Muenchen","description":"News from the Pressenza bureau in Munich, Germany","sameAs":["https:\/\/www.facebook.com\/Pressenza-Deutschland-sterreich-Schweiz-281675388658060\/timeline\/","https:\/\/x.com\/pressenza_ger"],"url":"https:\/\/www.pressenza.com\/de\/author\/pressenza-muenchen\/"}]}},"place":"","original_article_url":"","_links":{"self":[{"href":"https:\/\/www.pressenza.com\/de\/wp-json\/wp\/v2\/posts\/347011","targetHints":{"allow":["GET"]}}],"collection":[{"href":"https:\/\/www.pressenza.com\/de\/wp-json\/wp\/v2\/posts"}],"about":[{"href":"https:\/\/www.pressenza.com\/de\/wp-json\/wp\/v2\/types\/post"}],"author":[{"embeddable":true,"href":"https:\/\/www.pressenza.com\/de\/wp-json\/wp\/v2\/users\/1097"}],"replies":[{"embeddable":true,"href":"https:\/\/www.pressenza.com\/de\/wp-json\/wp\/v2\/comments?post=347011"}],"version-history":[{"count":0,"href":"https:\/\/www.pressenza.com\/de\/wp-json\/wp\/v2\/posts\/347011\/revisions"}],"wp:featuredmedia":[{"embeddable":true,"href":"https:\/\/www.pressenza.com\/de\/wp-json\/wp\/v2\/media\/347019"}],"wp:attachment":[{"href":"https:\/\/www.pressenza.com\/de\/wp-json\/wp\/v2\/media?parent=347011"}],"wp:term":[{"taxonomy":"category","embeddable":true,"href":"https:\/\/www.pressenza.com\/de\/wp-json\/wp\/v2\/categories?post=347011"},{"taxonomy":"post_tag","embeddable":true,"href":"https:\/\/www.pressenza.com\/de\/wp-json\/wp\/v2\/tags?post=347011"}],"curies":[{"name":"wp","href":"https:\/\/api.w.org\/{rel}","templated":true}]}}