{"id":346502,"date":"2016-07-26T20:02:40","date_gmt":"2016-07-26T19:02:40","guid":{"rendered":"http:\/\/www.pressenza.com\/de\/?p=346502"},"modified":"2016-07-26T20:05:05","modified_gmt":"2016-07-26T19:05:05","slug":"welche-farbe-hat-die-welt","status":"publish","type":"post","link":"https:\/\/www.pressenza.com\/de\/2016\/07\/welche-farbe-hat-die-welt\/","title":{"rendered":"Welche Farbe hat die Welt?"},"content":{"rendered":"<p>Anschl\u00e4ge, milit\u00e4rische Putschversuche, Kriege, Wirtschaftskriege, Faschismus, der sich in ganz Europa und anderswo ausbreitet, menschlicher Wahnsinn, Verzweiflung, Zynismus der Politiker, Gewalt der Gesellschaft, Repressionen, Demokratie oder besser das, was wir meinen, das Demokratie sei, usw. usw.<\/p>\n<p>Welche Farbe hat die Welt? Ist sie dimm oder lebhaft, leuchtend oder dunkel? Wie soll man mit all dem leben? Was tun in unserer t\u00e4glichen Existenz?<\/p>\n<p>Wir leben in einem besonderen Moment, in dem sich zwei Welten vereinen, die alte, die zu Ende geht und eine neue, die beginnt. Die erste Welt ist voll von Gewalt in all ihren Formen (wirtschaftlich, rassistisch, religi\u00f6s, physisch, psychologisch, sexuell) und das ist von einer Minderheit so gewollt. Ihrer Vertreter und Erschaffer wollen nicht loslassen, verweigern den Wandel und nutzen alle Mittel der Gewalt, um den Status Quo zu erhalten. Sie besitzen Waffen im w\u00f6rtlichen sowie im \u00fcbertragenen Sinn.<\/p>\n<p>Die andere Welt, die wir bereits atmen h\u00f6ren, nennt sich Versuch, Hoffnung, Frohsinn, Toleranz, Solidarit\u00e4t, soziale Gerechtigkeit, gegenseitiges Teilen. Das erscheint zu simpel? Ist es aber nicht. All diese Ausdr\u00fccke sind ihrer Bedeutung beraubt und bel\u00e4chelt worden, sicher, aber sie k\u00f6nnten die Basis f\u00fcr eine tiefgreifende Diskussion sein \u00fcber das, was wir als menschliche Wesen sind.<\/p>\n<p>In den letzten Jahren hat sich eine Notwendigkeit manifestiert, auf eine andere Art und Weise zu leben; zusammen haben wir ein gemeinsames Bild einer Welt geschaffen, wie wir sie wollen. Es sind keine Tagtr\u00e4ume, keine Utopien. Dieses kollektive Bild, das von einer stark aufgeladenen Emotionalit\u00e4t begleitet wird, hat bereits konkrete Handlungen in allen Teilen der Welt bewirkt. Im gleichen historischen Zeitraum ist eine Welle entstanden, hat sich ein Netzwerk zwischen Menschen aufgebaut, das unabh\u00e4ngig von geografischen Orten existiert. K\u00f6nnte es eine Bewusstwerdung sein, die aus der Notwendigkeit heraus geboren wurde, all diesem Leid und Gewalt ein Ende zu bereiten? Wir k\u00f6nnen die Welt, die wir anstreben, kollektiv \u201esehen\u201c und \u201ef\u00fchlen\u201c; jeden Tag tauchen neue positive Aktionen als Antworten zu dieser Notwendigkeit auf.<\/p>\n<p>Bei welcher von beiden Welten k\u00f6nnen wir also von Versagen sprechen? Gilt das f\u00fcr die, die langsam zu Ende geht oder f\u00fcr die, die beginnt? Oder f\u00fcr beide?<\/p>\n<p>Bei der Welt, die zu Ende geht, handelt es sich ohne Zweifel um Versagen. Wir alle wissen, dass sie von wenigen f\u00fcr wenige erschaffen wurde, zum Schaden der Gro\u00dfteil aller Menschen und mit viel Gewalt und Leid in alle ihren Abschnitten. Korruption und all die damit verbundene Schande begleiten ihre Handlungen. Sie hat keine Zukunft, auch wenn das Gegenteil behauptet wird.<\/p>\n<p>F\u00fcr die neue Welt, die erst beginnt, ist es ein lehrreiches Versagen, ein Versagen des zusammen auf die Stra\u00dfe Gehens, ohne Fahnen, die uns jenseits unseres Menschseins unterscheiden w\u00fcrden. Es ist ein Abschnitt, kein Ende. Der Wind des Sinns bl\u00e4st unentwegt, es ist eine Suche, die seit Anbeginn der Menschheit existiert.<\/p>\n<p>Der Weg wird schwer sein; die Gewalt manifestiert sich und wird sich noch in all ihren Formen manifestieren und wir m\u00fcssen uns darauf sowohl innerlich als auch \u00e4u\u00dferlich vorbereiten. Daf\u00fcr ist es notwendig, das was Gewalt bedeutet, offen in unsere Handlungen, unsere Diskussionen und unseren Lebensstil zu integrieren, um zu verstehen, wie sie sich in jedem von uns und au\u00dferhalb von uns ausdr\u00fcckt, aber auch um zu verstehen, was Gewaltfreiheit ist, ganz einfach, weil wir sie nie erlebt haben. Ohne diese pers\u00f6nliche Arbeit werden wir immer wieder in die alten Muster zur\u00fcckfallen. Gewaltfreiheit und Solidarit\u00e4t sind zwei untrennbare Elemente, um alle Formen von Gewalt zu bek\u00e4mpfen.<\/p>\n<p>Was also ist zu tun in unserem t\u00e4glichen Leben? Vielleicht muss man diese Frage aus der Notwendigkeit heraus beantworten. Was brauche ich? Was gibt mir Hoffnung und was bringt mir Leid? Was freut mich und was macht mich traurig? Wie will ich arbeiten, f\u00fcr wen, f\u00fcr was? Wer bin ich? Wohin gehe ich?<\/p>\n<p>Der Versuch hat nichts naives oder l\u00e4cherliches, wie uns alle Bef\u00fcrworter der Gewalt glauben machen wollen, um die Kraft der kollektiven Handlungen zu schw\u00e4chen, sondern er ist direkt mit Mut, W\u00fcrde und dem Guten verbunden. Dank Euch allen, unserer Welt wieder Farbe gegeben zu haben.<\/p>\n<p><em>\u00dcbersetzung aus dem Franz\u00f6sischen von Evelyn Rottengatter<\/em><\/p>\n","protected":false},"excerpt":{"rendered":"<p>Anschl\u00e4ge, milit\u00e4rische Putschversuche, Kriege, Wirtschaftskriege, Faschismus, der sich in ganz Europa und anderswo ausbreitet, menschlicher Wahnsinn, Verzweiflung, Zynismus der Politiker, Gewalt der Gesellschaft, Repressionen, Demokratie oder besser das, was wir meinen, das Demokratie sei, usw. usw. Welche Farbe hat die&hellip;<\/p>\n","protected":false},"author":1208,"featured_media":343956,"comment_status":"closed","ping_status":"closed","sticky":false,"template":"","format":"standard","meta":{"footnotes":""},"categories":[9150,9166,9143,11387],"tags":[22229,22228,28876,29203],"class_list":["post-346502","post","type-post","status-publish","format-standard","has-post-thumbnail","hentry","category-europa-de","category-gewaltfreiheit","category-meinungen","category-originalinhalt","tag-gewaltfreiheit","tag-menschenrechte","tag-no-violencia-de","tag-sozialer-wandel"],"yoast_head":"<!-- This site is optimized with the Yoast SEO plugin v27.1.1 - https:\/\/yoast.com\/product\/yoast-seo-wordpress\/ -->\n<title>Welche Farbe hat die Welt?<\/title>\n<meta name=\"description\" content=\"Anschl\u00e4ge, milit\u00e4rische Putschversuche, Kriege, Wirtschaftskriege, Faschismus, der sich in ganz Europa und anderswo ausbreitet, menschlicher Wahnsinn,\" \/>\n<meta name=\"robots\" content=\"index, follow, max-snippet:-1, max-image-preview:large, max-video-preview:-1\" \/>\n<link rel=\"canonical\" href=\"https:\/\/www.pressenza.com\/de\/2016\/07\/welche-farbe-hat-die-welt\/\" \/>\n<meta property=\"og:locale\" content=\"de_DE\" \/>\n<meta property=\"og:type\" content=\"article\" \/>\n<meta property=\"og:title\" content=\"Welche Farbe hat die Welt?\" \/>\n<meta property=\"og:description\" content=\"Anschl\u00e4ge, milit\u00e4rische Putschversuche, Kriege, Wirtschaftskriege, Faschismus, der sich in ganz Europa und anderswo ausbreitet, menschlicher Wahnsinn,\" \/>\n<meta property=\"og:url\" content=\"https:\/\/www.pressenza.com\/de\/2016\/07\/welche-farbe-hat-die-welt\/\" \/>\n<meta property=\"og:site_name\" content=\"Pressenza\" \/>\n<meta property=\"article:publisher\" content=\"https:\/\/www.facebook.com\/PressenzaItalia\" \/>\n<meta property=\"article:published_time\" content=\"2016-07-26T19:02:40+00:00\" \/>\n<meta property=\"article:modified_time\" content=\"2016-07-26T19:05:05+00:00\" \/>\n<meta property=\"og:image\" content=\"https:\/\/www.pressenza.com\/wp-content\/uploads\/2016\/07\/dequellecouleurestlemonde.jpg\" \/>\n\t<meta property=\"og:image:width\" content=\"700\" \/>\n\t<meta property=\"og:image:height\" content=\"508\" \/>\n\t<meta property=\"og:image:type\" content=\"image\/jpeg\" \/>\n<meta name=\"author\" content=\"Gabrielle Negrel\" \/>\n<meta name=\"twitter:card\" content=\"summary_large_image\" \/>\n<meta name=\"twitter:creator\" content=\"@PressenzaIPA\" \/>\n<meta name=\"twitter:site\" content=\"@PressenzaIPA\" \/>\n<meta name=\"twitter:label1\" content=\"Verfasst von\" \/>\n\t<meta name=\"twitter:data1\" content=\"Gabrielle Negrel\" \/>\n\t<meta name=\"twitter:label2\" content=\"Gesch\u00e4tzte Lesezeit\" \/>\n\t<meta name=\"twitter:data2\" content=\"4\u00a0Minuten\" \/>\n<script type=\"application\/ld+json\" class=\"yoast-schema-graph\">{\"@context\":\"https:\/\/schema.org\",\"@graph\":[{\"@type\":\"Article\",\"@id\":\"https:\/\/www.pressenza.com\/de\/2016\/07\/welche-farbe-hat-die-welt\/#article\",\"isPartOf\":{\"@id\":\"https:\/\/www.pressenza.com\/de\/2016\/07\/welche-farbe-hat-die-welt\/\"},\"author\":{\"name\":\"Gabrielle Negrel\",\"@id\":\"https:\/\/www.pressenza.com\/de\/#\/schema\/person\/42a4129444c0e03559f6c139cf72f8cf\"},\"headline\":\"Welche Farbe hat die Welt?\",\"datePublished\":\"2016-07-26T19:02:40+00:00\",\"dateModified\":\"2016-07-26T19:05:05+00:00\",\"mainEntityOfPage\":{\"@id\":\"https:\/\/www.pressenza.com\/de\/2016\/07\/welche-farbe-hat-die-welt\/\"},\"wordCount\":719,\"publisher\":{\"@id\":\"https:\/\/www.pressenza.com\/de\/#organization\"},\"image\":{\"@id\":\"https:\/\/www.pressenza.com\/de\/2016\/07\/welche-farbe-hat-die-welt\/#primaryimage\"},\"thumbnailUrl\":\"https:\/\/www.pressenza.com\/wp-content\/uploads\/2016\/07\/dequellecouleurestlemonde.jpg\",\"keywords\":[\"Gewaltfreiheit\",\"Menschenrechte\",\"No violencia\",\"sozialer Wandel\"],\"articleSection\":[\"Europa\",\"Gewaltfreiheit\",\"Meinungen\",\"Originalinhalt\"],\"inLanguage\":\"de\"},{\"@type\":\"WebPage\",\"@id\":\"https:\/\/www.pressenza.com\/de\/2016\/07\/welche-farbe-hat-die-welt\/\",\"url\":\"https:\/\/www.pressenza.com\/de\/2016\/07\/welche-farbe-hat-die-welt\/\",\"name\":\"Welche Farbe hat die Welt?\",\"isPartOf\":{\"@id\":\"https:\/\/www.pressenza.com\/de\/#website\"},\"primaryImageOfPage\":{\"@id\":\"https:\/\/www.pressenza.com\/de\/2016\/07\/welche-farbe-hat-die-welt\/#primaryimage\"},\"image\":{\"@id\":\"https:\/\/www.pressenza.com\/de\/2016\/07\/welche-farbe-hat-die-welt\/#primaryimage\"},\"thumbnailUrl\":\"https:\/\/www.pressenza.com\/wp-content\/uploads\/2016\/07\/dequellecouleurestlemonde.jpg\",\"datePublished\":\"2016-07-26T19:02:40+00:00\",\"dateModified\":\"2016-07-26T19:05:05+00:00\",\"description\":\"Anschl\u00e4ge, milit\u00e4rische Putschversuche, Kriege, Wirtschaftskriege, Faschismus, der sich in ganz Europa und anderswo ausbreitet, menschlicher Wahnsinn,\",\"breadcrumb\":{\"@id\":\"https:\/\/www.pressenza.com\/de\/2016\/07\/welche-farbe-hat-die-welt\/#breadcrumb\"},\"inLanguage\":\"de\",\"potentialAction\":[{\"@type\":\"ReadAction\",\"target\":[\"https:\/\/www.pressenza.com\/de\/2016\/07\/welche-farbe-hat-die-welt\/\"]}]},{\"@type\":\"ImageObject\",\"inLanguage\":\"de\",\"@id\":\"https:\/\/www.pressenza.com\/de\/2016\/07\/welche-farbe-hat-die-welt\/#primaryimage\",\"url\":\"https:\/\/www.pressenza.com\/wp-content\/uploads\/2016\/07\/dequellecouleurestlemonde.jpg\",\"contentUrl\":\"https:\/\/www.pressenza.com\/wp-content\/uploads\/2016\/07\/dequellecouleurestlemonde.jpg\",\"width\":700,\"height\":508},{\"@type\":\"BreadcrumbList\",\"@id\":\"https:\/\/www.pressenza.com\/de\/2016\/07\/welche-farbe-hat-die-welt\/#breadcrumb\",\"itemListElement\":[{\"@type\":\"ListItem\",\"position\":1,\"name\":\"Accueil\",\"item\":\"https:\/\/www.pressenza.com\/de\/\"},{\"@type\":\"ListItem\",\"position\":2,\"name\":\"Welche Farbe hat die Welt?\"}]},{\"@type\":\"WebSite\",\"@id\":\"https:\/\/www.pressenza.com\/de\/#website\",\"url\":\"https:\/\/www.pressenza.com\/de\/\",\"name\":\"Pressenza\",\"description\":\"International Press Agency\",\"publisher\":{\"@id\":\"https:\/\/www.pressenza.com\/de\/#organization\"},\"potentialAction\":[{\"@type\":\"SearchAction\",\"target\":{\"@type\":\"EntryPoint\",\"urlTemplate\":\"https:\/\/www.pressenza.com\/de\/?s={search_term_string}\"},\"query-input\":{\"@type\":\"PropertyValueSpecification\",\"valueRequired\":true,\"valueName\":\"search_term_string\"}}],\"inLanguage\":\"de\"},{\"@type\":\"Organization\",\"@id\":\"https:\/\/www.pressenza.com\/de\/#organization\",\"name\":\"Pressenza\",\"url\":\"https:\/\/www.pressenza.com\/de\/\",\"logo\":{\"@type\":\"ImageObject\",\"inLanguage\":\"de\",\"@id\":\"https:\/\/www.pressenza.com\/de\/#\/schema\/logo\/image\/\",\"url\":\"https:\/\/www.pressenza.com\/wp-content\/uploads\/2022\/10\/pressenza_logo_200x200.jpg\",\"contentUrl\":\"https:\/\/www.pressenza.com\/wp-content\/uploads\/2022\/10\/pressenza_logo_200x200.jpg\",\"width\":200,\"height\":200,\"caption\":\"Pressenza\"},\"image\":{\"@id\":\"https:\/\/www.pressenza.com\/de\/#\/schema\/logo\/image\/\"},\"sameAs\":[\"https:\/\/www.facebook.com\/PressenzaItalia\",\"https:\/\/x.com\/PressenzaIPA\"]},{\"@type\":\"Person\",\"@id\":\"https:\/\/www.pressenza.com\/de\/#\/schema\/person\/42a4129444c0e03559f6c139cf72f8cf\",\"name\":\"Gabrielle Negrel\",\"description\":\"Activist for nonviolence and human rights, Gabrielle Negrel is a trained assistant nurse and was trade union activist before writing for Pressenza.\",\"url\":\"https:\/\/www.pressenza.com\/de\/author\/gabrielle-negrel\/\"}]}<\/script>\n<!-- \/ Yoast SEO plugin. -->","yoast_head_json":{"title":"Welche Farbe hat die Welt?","description":"Anschl\u00e4ge, milit\u00e4rische Putschversuche, Kriege, Wirtschaftskriege, Faschismus, der sich in ganz Europa und anderswo ausbreitet, menschlicher Wahnsinn,","robots":{"index":"index","follow":"follow","max-snippet":"max-snippet:-1","max-image-preview":"max-image-preview:large","max-video-preview":"max-video-preview:-1"},"canonical":"https:\/\/www.pressenza.com\/de\/2016\/07\/welche-farbe-hat-die-welt\/","og_locale":"de_DE","og_type":"article","og_title":"Welche Farbe hat die Welt?","og_description":"Anschl\u00e4ge, milit\u00e4rische Putschversuche, Kriege, Wirtschaftskriege, Faschismus, der sich in ganz Europa und anderswo ausbreitet, menschlicher Wahnsinn,","og_url":"https:\/\/www.pressenza.com\/de\/2016\/07\/welche-farbe-hat-die-welt\/","og_site_name":"Pressenza","article_publisher":"https:\/\/www.facebook.com\/PressenzaItalia","article_published_time":"2016-07-26T19:02:40+00:00","article_modified_time":"2016-07-26T19:05:05+00:00","og_image":[{"width":700,"height":508,"url":"https:\/\/www.pressenza.com\/wp-content\/uploads\/2016\/07\/dequellecouleurestlemonde.jpg","type":"image\/jpeg"}],"author":"Gabrielle Negrel","twitter_card":"summary_large_image","twitter_creator":"@PressenzaIPA","twitter_site":"@PressenzaIPA","twitter_misc":{"Verfasst von":"Gabrielle Negrel","Gesch\u00e4tzte Lesezeit":"4\u00a0Minuten"},"schema":{"@context":"https:\/\/schema.org","@graph":[{"@type":"Article","@id":"https:\/\/www.pressenza.com\/de\/2016\/07\/welche-farbe-hat-die-welt\/#article","isPartOf":{"@id":"https:\/\/www.pressenza.com\/de\/2016\/07\/welche-farbe-hat-die-welt\/"},"author":{"name":"Gabrielle Negrel","@id":"https:\/\/www.pressenza.com\/de\/#\/schema\/person\/42a4129444c0e03559f6c139cf72f8cf"},"headline":"Welche Farbe hat die Welt?","datePublished":"2016-07-26T19:02:40+00:00","dateModified":"2016-07-26T19:05:05+00:00","mainEntityOfPage":{"@id":"https:\/\/www.pressenza.com\/de\/2016\/07\/welche-farbe-hat-die-welt\/"},"wordCount":719,"publisher":{"@id":"https:\/\/www.pressenza.com\/de\/#organization"},"image":{"@id":"https:\/\/www.pressenza.com\/de\/2016\/07\/welche-farbe-hat-die-welt\/#primaryimage"},"thumbnailUrl":"https:\/\/www.pressenza.com\/wp-content\/uploads\/2016\/07\/dequellecouleurestlemonde.jpg","keywords":["Gewaltfreiheit","Menschenrechte","No violencia","sozialer Wandel"],"articleSection":["Europa","Gewaltfreiheit","Meinungen","Originalinhalt"],"inLanguage":"de"},{"@type":"WebPage","@id":"https:\/\/www.pressenza.com\/de\/2016\/07\/welche-farbe-hat-die-welt\/","url":"https:\/\/www.pressenza.com\/de\/2016\/07\/welche-farbe-hat-die-welt\/","name":"Welche Farbe hat die Welt?","isPartOf":{"@id":"https:\/\/www.pressenza.com\/de\/#website"},"primaryImageOfPage":{"@id":"https:\/\/www.pressenza.com\/de\/2016\/07\/welche-farbe-hat-die-welt\/#primaryimage"},"image":{"@id":"https:\/\/www.pressenza.com\/de\/2016\/07\/welche-farbe-hat-die-welt\/#primaryimage"},"thumbnailUrl":"https:\/\/www.pressenza.com\/wp-content\/uploads\/2016\/07\/dequellecouleurestlemonde.jpg","datePublished":"2016-07-26T19:02:40+00:00","dateModified":"2016-07-26T19:05:05+00:00","description":"Anschl\u00e4ge, milit\u00e4rische Putschversuche, Kriege, Wirtschaftskriege, Faschismus, der sich in ganz Europa und anderswo ausbreitet, menschlicher Wahnsinn,","breadcrumb":{"@id":"https:\/\/www.pressenza.com\/de\/2016\/07\/welche-farbe-hat-die-welt\/#breadcrumb"},"inLanguage":"de","potentialAction":[{"@type":"ReadAction","target":["https:\/\/www.pressenza.com\/de\/2016\/07\/welche-farbe-hat-die-welt\/"]}]},{"@type":"ImageObject","inLanguage":"de","@id":"https:\/\/www.pressenza.com\/de\/2016\/07\/welche-farbe-hat-die-welt\/#primaryimage","url":"https:\/\/www.pressenza.com\/wp-content\/uploads\/2016\/07\/dequellecouleurestlemonde.jpg","contentUrl":"https:\/\/www.pressenza.com\/wp-content\/uploads\/2016\/07\/dequellecouleurestlemonde.jpg","width":700,"height":508},{"@type":"BreadcrumbList","@id":"https:\/\/www.pressenza.com\/de\/2016\/07\/welche-farbe-hat-die-welt\/#breadcrumb","itemListElement":[{"@type":"ListItem","position":1,"name":"Accueil","item":"https:\/\/www.pressenza.com\/de\/"},{"@type":"ListItem","position":2,"name":"Welche Farbe hat die Welt?"}]},{"@type":"WebSite","@id":"https:\/\/www.pressenza.com\/de\/#website","url":"https:\/\/www.pressenza.com\/de\/","name":"Pressenza","description":"International Press Agency","publisher":{"@id":"https:\/\/www.pressenza.com\/de\/#organization"},"potentialAction":[{"@type":"SearchAction","target":{"@type":"EntryPoint","urlTemplate":"https:\/\/www.pressenza.com\/de\/?s={search_term_string}"},"query-input":{"@type":"PropertyValueSpecification","valueRequired":true,"valueName":"search_term_string"}}],"inLanguage":"de"},{"@type":"Organization","@id":"https:\/\/www.pressenza.com\/de\/#organization","name":"Pressenza","url":"https:\/\/www.pressenza.com\/de\/","logo":{"@type":"ImageObject","inLanguage":"de","@id":"https:\/\/www.pressenza.com\/de\/#\/schema\/logo\/image\/","url":"https:\/\/www.pressenza.com\/wp-content\/uploads\/2022\/10\/pressenza_logo_200x200.jpg","contentUrl":"https:\/\/www.pressenza.com\/wp-content\/uploads\/2022\/10\/pressenza_logo_200x200.jpg","width":200,"height":200,"caption":"Pressenza"},"image":{"@id":"https:\/\/www.pressenza.com\/de\/#\/schema\/logo\/image\/"},"sameAs":["https:\/\/www.facebook.com\/PressenzaItalia","https:\/\/x.com\/PressenzaIPA"]},{"@type":"Person","@id":"https:\/\/www.pressenza.com\/de\/#\/schema\/person\/42a4129444c0e03559f6c139cf72f8cf","name":"Gabrielle Negrel","description":"Activist for nonviolence and human rights, Gabrielle Negrel is a trained assistant nurse and was trade union activist before writing for Pressenza.","url":"https:\/\/www.pressenza.com\/de\/author\/gabrielle-negrel\/"}]}},"place":"","original_article_url":"","_links":{"self":[{"href":"https:\/\/www.pressenza.com\/de\/wp-json\/wp\/v2\/posts\/346502","targetHints":{"allow":["GET"]}}],"collection":[{"href":"https:\/\/www.pressenza.com\/de\/wp-json\/wp\/v2\/posts"}],"about":[{"href":"https:\/\/www.pressenza.com\/de\/wp-json\/wp\/v2\/types\/post"}],"author":[{"embeddable":true,"href":"https:\/\/www.pressenza.com\/de\/wp-json\/wp\/v2\/users\/1208"}],"replies":[{"embeddable":true,"href":"https:\/\/www.pressenza.com\/de\/wp-json\/wp\/v2\/comments?post=346502"}],"version-history":[{"count":0,"href":"https:\/\/www.pressenza.com\/de\/wp-json\/wp\/v2\/posts\/346502\/revisions"}],"wp:featuredmedia":[{"embeddable":true,"href":"https:\/\/www.pressenza.com\/de\/wp-json\/wp\/v2\/media\/343956"}],"wp:attachment":[{"href":"https:\/\/www.pressenza.com\/de\/wp-json\/wp\/v2\/media?parent=346502"}],"wp:term":[{"taxonomy":"category","embeddable":true,"href":"https:\/\/www.pressenza.com\/de\/wp-json\/wp\/v2\/categories?post=346502"},{"taxonomy":"post_tag","embeddable":true,"href":"https:\/\/www.pressenza.com\/de\/wp-json\/wp\/v2\/tags?post=346502"}],"curies":[{"name":"wp","href":"https:\/\/api.w.org\/{rel}","templated":true}]}}