{"id":344011,"date":"2016-07-21T15:03:52","date_gmt":"2016-07-21T14:03:52","guid":{"rendered":"http:\/\/www.pressenza.com\/de\/?p=344011"},"modified":"2016-07-21T15:07:37","modified_gmt":"2016-07-21T14:07:37","slug":"jakob-reimann-von-justice-now-ein-dauerhafter-gerechter-frieden-ist-selbst-auf-diesem-unheiligen-flecken-erde-moeglich","status":"publish","type":"post","link":"https:\/\/www.pressenza.com\/de\/2016\/07\/jakob-reimann-von-justice-now-ein-dauerhafter-gerechter-frieden-ist-selbst-auf-diesem-unheiligen-flecken-erde-moeglich\/","title":{"rendered":"Jakob Reimann von Justice Now: Ein dauerhafter, gerechter Frieden ist selbst auf diesem so unheiligen Flecken Erde m\u00f6glich!"},"content":{"rendered":"<p><strong><em>Jakob Reimann von <a href=\"http:\/\/justicenow.de\/?reqp=1&amp;reqr=\">JusticeNow!<\/a> hat im Sommer 2014 sein Masterstudium in Biochemie in Dresden absolviert und arbeitet mittlerweile an der naturwissenschaftlichen Fakult\u00e4t der An-Najah National University in Nablus, Pal\u00e4stina. Er forscht \u00fcber die Auswirkungen chemischer Industrieanlagen auf Umwelt und Gesundheit der Menschen in der Westbank. Er ist zudem freiwillig f\u00fcr die Fl\u00fcchtlingsorganisation PICUM t\u00e4tig. <\/em><\/strong><br \/>\n<strong><em>\u00a0 <\/em><\/strong><br \/>\n<em><strong>Milena Rampoldi: Wie hast du nach deinem Studium den Weg nach Pal\u00e4stina gefunden?<\/strong><\/em><\/p>\n<p>Jakob Reimann: Ich war schon immer ein sehr politischer Mensch. Anfangs kam das eher \u00fcber die Musik, mit 13 etwa fing ich dann an, politische B\u00fccher zu lesen. Als Naturwissenschaftler und leidenschaftlicher Atheist hatte ich immer ein starkes Interesse an den Religionen und den zugrunde liegenden Weltanschauungen.<\/p>\n<p>Irgendwann kam dann mein Interesse am Pal\u00e4stina-Israel-Konflikt dazu und ich las alles, was ich dazu finden konnte (unbedingter Lesetipp: die B\u00fccher von Norman Finkelstein). Ich konnte nicht verstehen, wie Menschen unter dem Deckmantel der Religion \u2013 im Heiligen Land \u2013 diese Gewalt und diesen unvorstellbaren Hass etablieren konnten. Und habe dann recht schnell erkannt, dass sie nur das Alibi ist und der Konflikt rein gar nichts mit Religion zu tun hat.<\/p>\n<p><img loading=\"lazy\" decoding=\"async\" class=\"aligncenter wp-image-344040\" src=\"http:\/\/www.pressenza.com\/wp-content\/uploads\/2016\/07\/JakobReimannFoto_1.jpg\" alt=\"JakobReimannFoto_1\" width=\"640\" height=\"509\" srcset=\"https:\/\/www.pressenza.com\/wp-content\/uploads\/2016\/07\/JakobReimannFoto_1.jpg 473w, https:\/\/www.pressenza.com\/wp-content\/uploads\/2016\/07\/JakobReimannFoto_1-300x238.jpg 300w\" sizes=\"auto, (max-width: 640px) 100vw, 640px\" \/><\/p>\n<p>Nach dem Master (ich habe Chemie in Dresden studiert) war mir klar, dass ich ins Ausland gehen werde. Ich musste raus aus Deutschland, raus aus Europa, und da fiel die Wahl recht schnell auf Pal\u00e4stina. Ich wollte Land und Leute mehr als nur aus B\u00fcchern kennen lernen. Ein Jahr Organisation und 1.000 E-Mails sp\u00e4ter stand dann die An-Najah University in Nablus fest, wo ich 30 Studenten betreut habe, und \u00fcber die katastrophalen Auswirkungen israelischer Industrieanlagen auf die Menschen in der Westbank geforscht habe. Die Nitzanei Shalom Fabriken bei Tulkarem verpesten seit 25 Jahren die Umwelt und machen die Menschen krank. Im Gebiet um die Fabriken schmeckst du die S\u00e4ure in der Luft, und direkt daneben stehen Wohnh\u00e4user. Um dagegen vorzugehen, haben wir fundierte Messdaten gesammelt.<\/p>\n<p><em><strong>Wie erlebst du hautnah die politische und humanit\u00e4re Lage im Nahen Osten?<\/strong><\/em><\/p>\n<p>Um es klar zu sagen: Pal\u00e4stina ist kein Dritte Welt-Land, was vor allem in der westlichen Linken gerne so dargestellt wird. Ich war in meinem Freundeskreis in Nablus der einzige ohne Smartphone. Nat\u00fcrlich gibt es auch grassierende Armut, es gibt Perspektivlosigkeit, Zukunftsangst. Die gro\u00dfe Mehrheit der gut ausgebildeten Studenten wird am Ende doch im Shop des Vaters hinter der Kasse stehen. In der Arabischen Welt ist der famili\u00e4re Zusammenhalt jedoch ein ganz anderer als bei uns im Westen. In Berlin sehe ich an einem Tag mehr bettelnde Menschen als w\u00e4hrend meiner ganzen Zeit in Pal\u00e4stina.<\/p>\n<p>Die milit\u00e4rische Besatzung des Westjordanlands manifestiert sich in der extrem hohen Zahl von Soldaten und Checkpoints. Deren Handeln ist dominiert von Willk\u00fcr, Aggressivit\u00e4t und Verachtung f\u00fcr die Pal\u00e4stinenser. In Nablus selbst gibt es nur selten Milit\u00e4r, doch vor allem auf den Landstra\u00dfen zwischen den St\u00e4dten ist die Situation mit den Soldaten oft unertr\u00e4glich. Schikane, Beleidigungen, Erniedrigungen, sexuelle Bel\u00e4stigung von Frauen, Gewehrl\u00e4ufe im Gesicht \u2013 all das ist die tagt\u00e4gliche Lebensrealit\u00e4t der Pal\u00e4stinenser (und da ich rede noch von den friedlichen Tagen).<\/p>\n<p>Ich habe auch f\u00fcr ein paar Monate in Haifa in Israel gewohnt und ziehe bald f\u00fcr ein halbes Jahr nach Tel Aviv, ich kenne also \u201ebeide Seiten\u201c recht gut. Zwei komplett verschiedene Welten auf einem Gebiet so gro\u00df wie Brandenburg. Das grundlegende Problem ist schlicht das Unwissen \u00fcber die andere Seite. Kinder werden auf beiden Seiten mit Hass und Feindbildern indoktriniert. In Pal\u00e4stina wissen sie nichts \u00fcber Auschwitz, in Israel nichts \u00fcber die Nakba und glauben an den Propaganda-Mythos vom \u201eLand ohne Volk\u201c. In Tel Aviv habe ich mich im Bus einmal l\u00e4ngere Zeit mit einer israelischen Soldatin unterhalten, ein sehr angenehmes, offenes Gespr\u00e4ch. Bis zum Zeitpunkt als ich sagte, ich w\u00fcrde in Nablus leben, da setzte sie sich ohne ein Wort weg, das Gespr\u00e4ch war beendet. \u00c4hnliches ist mir oft widerfahren.<\/p>\n<p>Doch genau da liegt der Schl\u00fcssel zur L\u00f6sung des Konflikts: Austausch, kultureller Austausch, Klassenfahrten, Studienaustausch. Wenn ich meinen Nachbarn kenne, f\u00e4llt es mir viel viel schwerer, ihn zu bombardieren oder ihm ein Messer in die Rippen zu hauen.<\/p>\n<p><em><strong>Wie stark h\u00e4ngen deiner Meinung nach die Kriege und Konflikte im Nahen Osten mit dem westlichen Kapitalismus und Militarismus zusammen?<\/strong><\/em><\/p>\n<p>Beide h\u00e4ngen sehr stark zusammen. Kein Zweifel. Die Frage kann auf so vielen Ebenen beantwortet werden. Die Taliban und Al-Qaida sind ein Baby der CIA (Operation Cyclone) im Kampf des westlichen Kapitalismus gegen die Sowjetunion in den 1980er Jahren. Wenn wir noch weiter zur\u00fcckgehen ist da der Putsch des iranischen Pr\u00e4sidenten Mossadeghs 1953, der die \u00d6lquellen verstaatlichte \u2013 der S\u00fcndenfall schlechthin. Der quasi-faschistische Schah von Persien verschleuderte dann das \u00d6l wieder gen Westen und war fast drei Jahrzehnte unser bester Freund. Wir haben Saddam Hussein, der mit Giftgas aus Deutschland und Frankreich zwar unz\u00e4hlige Kurden und Iraner vergasen \u201edurfte\u201c, erst dann aber in Ungnade fiel, als er \u201eunsere Tankstelle\u201c Kuweit \u00fcberfiel. Und schlie\u00dflich sein Todesurteil unterschrieb, als er \u00d6l nicht mehr in Dollar sondern in Euro, Rubel, Yen und Renminbi verkaufen wollte. Dasselbe sehen wir in Libyen, in der D\u00e4monisierung von Assad und dem Iran und j\u00fcngst auch von Putin.<\/p>\n<p>Es geht nie um Menschenrechte, nicht um \u201eBrunnenbau und M\u00e4dchenschulen\u201c, nicht um Pussy Riot, LGBT-Rights und ganz sicher nicht um Assads Fassbomben. Es geht nat\u00fcrlich um Wirtschaftsinteressen, um strategische B\u00fcndnisse, um Absatzm\u00e4rkte, um \u00d6l. Wenn wir s\u00e4mtliche Parteien eines Krieges mit Waffen versorgen, muss nach dem Profiteur nicht lange gesucht werden. Wir selbst und unsere Verb\u00fcndeten sind dabei die gr\u00f6\u00dften Verletzer der Menschenrechte und treten jeden Tag das V\u00f6lkerrecht mit F\u00fc\u00dfen.<\/p>\n<p>Sind 50 vom IS hingerichtete Ungl\u00e4ubige nicht genauso widerw\u00e4rtig wie 63 auf einer Hochzeit in Afghanistan von einer US-Drohne get\u00f6teter Zivilisten? Was ist der Unterschied zwischen dem Islamischen Staat und Saudi-Arabien? In Praxis und Ideologie gibt es keinen, was macht also den einen zum Teufel und den anderen zum \u201eStabilit\u00e4tsanker\u201c und engsten Verb\u00fcndeten? Wenn der IS in zehn Jahren hypothetisch zum drittgr\u00f6\u00dften \u00d6lproduzenten der Region aufsteigen sollte, werden wir auch mit ihm anfangen, Gesch\u00e4fte zu machen. Und all das geht nat\u00fcrlich weit \u00fcber den Nahen Osten hinaus. Sicher erinnerst Du Dich, liebe Milena, an all die progressiven Pr\u00e4sidenten in S\u00fcdamerika, die in der zweiten H\u00e4lfte des letzten Jahrhunderts von der CIA gest\u00fcrzt und durch neoliberale, US-h\u00f6rige Faschisten ersetzt wurden.<\/p>\n<p>Es geht um Wirtschaftsinteressen. Jedes Gerede von Humanismus und Menschenrechten ist Kriegspropaganda.<\/p>\n<p><em><strong>Was denkst du \u00fcber das Regime in Israel? Wie w\u00fcrdest du es definieren? Wie w\u00fcrdest du den Zionismus definieren?<\/strong><\/em><\/p>\n<p>Ganz allgemein ist Zionismus der Wunsch der J\u00fcdinnen und Juden nach einem eigenen Staat, j\u00fcdischer Nationalismus also. Diese Str\u00f6mungen sind fast so alt wie das Judentum selber, und aufgrund von Jahrtausenden der Verfolgung auch verst\u00e4ndlich. Der Triggermoment war bekannterma\u00dfen der Holocaust. Ohne Hitler h\u00e4tte es 1948 keine Staatsgr\u00fcndung Israels gegeben. Und es ist gut, dass es diesen Staat gibt, der einen \u201esicheren Hafen\u201c f\u00fcr das knapp an der Ausrottung vorbeigeschrammte Judentum darstellt. Doch das Wie ist nat\u00fcrlich eine einzige Katastrophe. Aus Opfern wurden lange T\u00e4ter. Angefangen mit der Vertreibung und Ermordung von 700.000 Pal\u00e4stinensern 1948 ist Israel bis heute ein Unrechtsstaat, eine Ethnokratie, ein Apartheids-Staat, in dem f\u00fcr die eine ethnisch-religi\u00f6se Gruppe andere Gesetze und Regeln\u00a0 gelten als f\u00fcr die andere. Israel ist weit davon entfernt, \u201edie einzige Demokratie im Nahen Osten\u201c zu sein.<\/p>\n<p>Nach den feigen Anschl\u00e4gen von Tel Aviv Anfang Juni, als zwei Pal\u00e4stinenser vier Menschen t\u00f6teten, riegelte das israelische Milit\u00e4r als Vergeltungsaktion die Heimatstadt der Attent\u00e4ter bei Hebron hermetisch ab \u2013 65.000 Menschen in Geiselhaft. Alle 2-3 Jahre wird die Zivilbev\u00f6lkerung des Gaza-Streifens bombardiert, Hilfslieferungen werden nicht ins Land gelassen, Gaza wird bis 2020 unbewohnbar sein. Dann haben wir die faktische Straffreiheit. Erst vor Kurzem ist der radikale Siedler freigekommen, der letztes Jahr Baby Ali und seine Familie in einem Dorf nahe Nablus verbrannt hat. Dasselbe gilt f\u00fcr Kriegsverbrechen der israelischen Armee, die nur in absoluten Ausnahmef\u00e4llen und wenn dann mit minimalsten Strafen geahndet werden. Wir haben unz\u00e4hlige pal\u00e4stinensische Kinder, die in israelischen Gef\u00e4ngnissen hocken und oft gefoltert werden. Wir haben die illegalen Siedlungen in der Westbank, die jeden Tag das pal\u00e4stinensische Land schrumpfen lassen und gegen das V\u00f6lkerrecht versto\u00dfen. Wir haben eine zutiefst rassistische, ultrarechte Regierung, f\u00fcr die wir nach europ\u00e4ischen Ma\u00dfst\u00e4ben eigentlich neue Worte zur Charakterisierung br\u00e4uchten, rechts von NPD, Front National &amp; Co. Mit einer Justizministerin, die zum Genozid an den Pal\u00e4stinensern aufruft und einem Verteidigungsminister, der \u00f6ffentlich sagt, er wolle illoyalen Arabern mit einer Axt den Sch\u00e4del abhacken.<\/p>\n<p>Beschreibt diese beliebig verl\u00e4ngerbare Liste eine Demokratie?<\/p>\n<p>Es liegt mir fern, in Schwarz-Wei\u00df zu malen. Auch wenn die Ursache der Gewalt nat\u00fcrlich die Besatzung und der tagt\u00e4glich voranschreitende Siedlungsbau sind, w\u00fcrde ich die Pal\u00e4stinenser nie von ihrer Schuld an der aktuellen, aussichtslosen Lage freisprechen. Da ist die hochkorrupte, unf\u00e4hige und illegitime Abbas-Regierung in Ramallah, die sich mit ausl\u00e4ndischen Hilfsgeldern ihre Villen baut, und sich einen Dreck um die Bev\u00f6lkerung schert. Erst letztes Jahr hat Abbas die Arabische Liga aufgefordert, den Gaza-Streifen und die verhasste Hamas zu bombardieren. (Hat es etwas Vergleichbares jemals gegeben?) Und da sind nat\u00fcrlich auch die Angriffe auf Israel, die ich aufs Sch\u00e4rfste verurteile. Sowohl die sinnlosen Raketen der Hamas aus Gaza, als auch die Messerattacken der aktuellen Welle der Gewalt bringen rein gar nichts. Sie t\u00f6ten unschuldige Zivilisten und versch\u00e4rfen den Konflikt. Sie werden von den Israelis jedes Mal als Rechtfertigung f\u00fcr neue Gr\u00e4ueltaten missbraucht und m\u00fcssen beendet werden.<\/p>\n<p>All meine Freunde und Bekannten in Pal\u00e4stina haben die Hoffnung noch lange nicht aufgegeben, ich ebenso wenig. Ein dauerhafter, gerechter Frieden ist selbst auf diesem so unheiligen Flecken Erde m\u00f6glich!<\/p>\n<p><strong><em>W<\/em><\/strong><em><strong>elche sind die Schwerpunkte von JusticeNow!?<\/strong><\/em><\/p>\n<p>Wir decken eine Bandbreite unterschiedlichster Themen ab. Krieg und Frieden, Kapitalismus, rechte Gewalt, Rassismus, Fl\u00fcchtlinge, Griechenland, Europa. Der Hauptfokus liegt jedoch auf der Krisenregion Middle East mit all ihren ineinander greifenden Kriegen und Konflikten, die ich durch die Brille eines Kalter Krieg reloaded interpretiere, den ich auf so unterschiedlichen Ebenen und Schaupl\u00e4tzen eskalieren sehe. Und nat\u00fcrlich Pal\u00e4stina-Israel.<\/p>\n<p>Seit Ende letzten Jahres kooperiere ich mit den sehr netten und f\u00e4higen Jungs und M\u00e4del von Die Freiheitsliebe, wo meine Artikel auch erscheinen und ver\u00f6ffentliche au\u00dferdem \u00dcbersetzungen meiner Texte auf US-Magazinen, wie Foreign Policy Journal, MintPress News und Foreign Policy In Focus.<\/p>\n<p>Seit Kurzem \u00fcbersetze ich auch Artikel namenhafter Journalisten und stelle sie der deutschen Leserschaft zur Verf\u00fcgung. Von Glenn Greenwald und John Pilger zum Beispiel.<\/p>\n<p><em><strong>Warum braucht es dringend alternative Medien, um \u00fcber Wahrheiten aufzukl\u00e4ren, die in den Mainstream-Medien verschwiegen oder verzerrt werden?<\/strong><\/em><\/p>\n<p>Zuerst, ich bin kein Freund vom \u201eL\u00fcgenpresse\u201c-Gerede. Ja, die Qualit\u00e4t der Mainstream-Medien nimmt ab, Sachverhalte werden oft mehr als einseitig dargestellt, doch ist das eben kein neues Ph\u00e4nomen. Besonders tragisch ist es leider mit ehemals wirklich guten Bl\u00e4ttern, allen voran der Spiegel, von dem ich immer \u00f6fter \u201eNachrichten\u201c \u00fcber Promi-Bikinimode und entlaufene Hunde in Wanne-Eickel in meinem facebook-feed sehe. Doch im Spiegel, genau wie in den meisten anderen gro\u00dfen Medien, gibt es <em>auch <\/em>sehr gute Artikel. Genau wie es im \u00d6ffentlich-Rechtlichen neben dem ganzen Schrott hin und wieder auch echte Perlen zu sehen gibt.<\/p>\n<p>Positives Zeichen ist nat\u00fcrlich trotzdem, dass s\u00e4mtliche Verkaufszahlen der gro\u00dfen deutschen Bl\u00e4tter nur eine Richtung kennen: Keller. Die alte Medien- und Informationskultur ist so gut wie tot. Die Leute wollen sich breiter informieren. Da ist das Internet nat\u00fcrlich perfekt. Wenn mir nicht passt, dass alle deutschen Medien br\u00fcllen \u201ePutin ist schei\u00dfe!\u201c, dann les\u2018 ich zum Thema eben parallel eine venezolanische, russische und eine arabische News-Seite. Auch die sind auf ihre Weise nat\u00fcrlich einseitig, doch kommt aus unterschiedlichster Einseitigkeit ein etwas klareres Bild zustande.<\/p>\n<p>Und hier kommen die unabh\u00e4ngigen Portale ins Spiel. Auf JusticeNow! kann ich schreiben, was ich will, ich muss mich niemandem anbiedern. Wenn ich den, den oder den als Ursache eines Problems erkannt habe, benenne ich ihn. Fertig. Ich muss mir keine Gedanken machen, ob ich das jetzt auch so schreiben darf. Und so kommt es dann, dass ich je nach Artikel entweder als Gutmensch oder Rechter, als NATO-Troll oder Putinversteher, als Imperialist oder Anti-Imp, als Antisemit, Moslemfreund, Ungl\u00e4ubiger, linksgr\u00fcnversiffter Hippie oder sonstwas verunglimpft werde \u2013 und aus dem jeweils \u201eanderen Lager\u201c Beifall bekomme. Und das ist gut so!<\/p>\n<p>Unabh\u00e4ngige, crowd-finanzierte Medien sind extrem wichtig, sie sind die Zukunft.<\/p>\n<p><em><strong>Was hast du mit JusticeNow! schon erreicht und welche sind deine Ziele f\u00fcr die n\u00e4chste Zukunft?<\/strong><\/em><\/p>\n<p>Die kostbarste Ressource des Menschen ist bekannterma\u00dfen: die Zeit. Im riesigen Informations-Overkill unserer Tage ist die W\u00e4hrung, um die es geht, die Zeit und die Aufmerksamkeit der Leserschaft. Es ist extrem wichtig, dass unter diesen Bedingungen die Qualit\u00e4t der Artikel nicht leidet und der \u201eKampf\u201c um die Zeit der Leser nicht zu einem stupiden Kampf um Klickzahlen verkommt. Die akkurat recherchierten Geschichten auf JusticeNow! beweisen, dass das geht.<\/p>\n<p>Uns gibt es mittlerweile seit 1,5 Jahren und wir haben es geschafft, eine kleine aber treue Stammleserschaft aufzubauen. Generelles Ziel bleibt es, mit jedem Artikel die Reichweiten auszubauen. Weiter will ich noch mehr Kooperationen aufbauen, national wie international, und die vorhandenen weiter pflegen und st\u00e4rken. Das Internet ist das gr\u00f6\u00dfte Geschenk, was einer kritischen \u00d6ffentlichkeit in die H\u00e4nde gelegt werden konnte. Um die Welt zu ver\u00e4ndern, m\u00fcssen wir einfach unseren Allerwertesten hochkriegen und es nutzen.<\/p>\n","protected":false},"excerpt":{"rendered":"<p>Jakob Reimann von JusticeNow! hat im Sommer 2014 sein Masterstudium in Biochemie in Dresden absolviert und arbeitet mittlerweile an der naturwissenschaftlichen Fakult\u00e4t der An-Najah National University in Nablus, Pal\u00e4stina. Er forscht \u00fcber die Auswirkungen chemischer Industrieanlagen auf Umwelt und Gesundheit&hellip;<\/p>\n","protected":false},"author":1149,"featured_media":344073,"comment_status":"closed","ping_status":"closed","sticky":false,"template":"","format":"standard","meta":{"footnotes":""},"categories":[9167,9166,7835,9142,9161,9151],"tags":[29005,29006,8239,11458,11459,12986],"class_list":["post-344011","post","type-post","status-publish","format-standard","has-post-thumbnail","hentry","category-frieden-und-abruestung","category-gewaltfreiheit","category-international-de","category-interviews-de","category-menschenrechte","category-mittlerer-osten","tag-jakob-reimann","tag-justice-now","tag-nablus","tag-palastina","tag-palastinakonflikt","tag-promosaik-de"],"yoast_head":"<!-- This site is optimized with the Yoast SEO plugin v27.1.1 - https:\/\/yoast.com\/product\/yoast-seo-wordpress\/ -->\n<title>Jakob Reimann von Justice Now: Ein dauerhafter, gerechter Frieden ist selbst auf diesem so unheiligen Flecken Erde m\u00f6glich!<\/title>\n<meta name=\"description\" content=\"Jakob Reimann von JusticeNow! hat im Sommer 2014 sein Masterstudium in Biochemie in Dresden absolviert und arbeitet mittlerweile an der\" \/>\n<meta name=\"robots\" content=\"index, follow, max-snippet:-1, max-image-preview:large, max-video-preview:-1\" \/>\n<link rel=\"canonical\" href=\"https:\/\/www.pressenza.com\/de\/2016\/07\/jakob-reimann-von-justice-now-ein-dauerhafter-gerechter-frieden-ist-selbst-auf-diesem-unheiligen-flecken-erde-moeglich\/\" \/>\n<meta property=\"og:locale\" content=\"de_DE\" \/>\n<meta property=\"og:type\" content=\"article\" \/>\n<meta property=\"og:title\" content=\"Jakob Reimann von Justice Now: Ein dauerhafter, gerechter Frieden ist selbst auf diesem so unheiligen Flecken Erde m\u00f6glich!\" \/>\n<meta property=\"og:description\" content=\"Jakob Reimann von JusticeNow! hat im Sommer 2014 sein Masterstudium in Biochemie in Dresden absolviert und arbeitet mittlerweile an der\" \/>\n<meta property=\"og:url\" content=\"https:\/\/www.pressenza.com\/de\/2016\/07\/jakob-reimann-von-justice-now-ein-dauerhafter-gerechter-frieden-ist-selbst-auf-diesem-unheiligen-flecken-erde-moeglich\/\" \/>\n<meta property=\"og:site_name\" content=\"Pressenza\" \/>\n<meta property=\"article:publisher\" content=\"https:\/\/www.facebook.com\/PressenzaItalia\" \/>\n<meta property=\"article:published_time\" content=\"2016-07-21T14:03:52+00:00\" \/>\n<meta property=\"article:modified_time\" content=\"2016-07-21T14:07:37+00:00\" \/>\n<meta property=\"og:image\" content=\"https:\/\/www.pressenza.com\/wp-content\/uploads\/2016\/07\/JakobReimannFoto_5-1.jpg\" \/>\n\t<meta property=\"og:image:width\" content=\"800\" \/>\n\t<meta property=\"og:image:height\" content=\"599\" \/>\n\t<meta property=\"og:image:type\" content=\"image\/jpeg\" \/>\n<meta name=\"author\" content=\"Milena Rampoldi\" \/>\n<meta name=\"twitter:card\" content=\"summary_large_image\" \/>\n<meta name=\"twitter:creator\" content=\"@PressenzaIPA\" \/>\n<meta name=\"twitter:site\" content=\"@PressenzaIPA\" \/>\n<meta name=\"twitter:label1\" content=\"Verfasst von\" \/>\n\t<meta name=\"twitter:data1\" content=\"Milena Rampoldi\" \/>\n\t<meta name=\"twitter:label2\" content=\"Gesch\u00e4tzte Lesezeit\" \/>\n\t<meta name=\"twitter:data2\" content=\"12\u00a0Minuten\" \/>\n<script type=\"application\/ld+json\" class=\"yoast-schema-graph\">{\"@context\":\"https:\/\/schema.org\",\"@graph\":[{\"@type\":\"Article\",\"@id\":\"https:\/\/www.pressenza.com\/de\/2016\/07\/jakob-reimann-von-justice-now-ein-dauerhafter-gerechter-frieden-ist-selbst-auf-diesem-unheiligen-flecken-erde-moeglich\/#article\",\"isPartOf\":{\"@id\":\"https:\/\/www.pressenza.com\/de\/2016\/07\/jakob-reimann-von-justice-now-ein-dauerhafter-gerechter-frieden-ist-selbst-auf-diesem-unheiligen-flecken-erde-moeglich\/\"},\"author\":{\"name\":\"Milena Rampoldi\",\"@id\":\"https:\/\/www.pressenza.com\/de\/#\/schema\/person\/1f3113f1dbef2a8376909f563854e5e5\"},\"headline\":\"Jakob Reimann von Justice Now: Ein dauerhafter, gerechter Frieden ist selbst auf diesem so unheiligen Flecken Erde m\u00f6glich!\",\"datePublished\":\"2016-07-21T14:03:52+00:00\",\"dateModified\":\"2016-07-21T14:07:37+00:00\",\"mainEntityOfPage\":{\"@id\":\"https:\/\/www.pressenza.com\/de\/2016\/07\/jakob-reimann-von-justice-now-ein-dauerhafter-gerechter-frieden-ist-selbst-auf-diesem-unheiligen-flecken-erde-moeglich\/\"},\"wordCount\":2326,\"publisher\":{\"@id\":\"https:\/\/www.pressenza.com\/de\/#organization\"},\"image\":{\"@id\":\"https:\/\/www.pressenza.com\/de\/2016\/07\/jakob-reimann-von-justice-now-ein-dauerhafter-gerechter-frieden-ist-selbst-auf-diesem-unheiligen-flecken-erde-moeglich\/#primaryimage\"},\"thumbnailUrl\":\"https:\/\/www.pressenza.com\/wp-content\/uploads\/2016\/07\/JakobReimannFoto_5-1.jpg\",\"keywords\":[\"Jakob Reimann\",\"Justice Now!\",\"Nablus\",\"Pal\u00e4stina\",\"Pal\u00e4stinakonflikt\",\"Promosaik\"],\"articleSection\":[\"Frieden und Abr\u00fcstung\",\"Gewaltfreiheit\",\"International\",\"Interviews\",\"Menschenrechte\",\"Mittlerer Osten\"],\"inLanguage\":\"de\"},{\"@type\":\"WebPage\",\"@id\":\"https:\/\/www.pressenza.com\/de\/2016\/07\/jakob-reimann-von-justice-now-ein-dauerhafter-gerechter-frieden-ist-selbst-auf-diesem-unheiligen-flecken-erde-moeglich\/\",\"url\":\"https:\/\/www.pressenza.com\/de\/2016\/07\/jakob-reimann-von-justice-now-ein-dauerhafter-gerechter-frieden-ist-selbst-auf-diesem-unheiligen-flecken-erde-moeglich\/\",\"name\":\"Jakob Reimann von Justice Now: Ein dauerhafter, gerechter Frieden ist selbst auf diesem so unheiligen Flecken Erde m\u00f6glich!\",\"isPartOf\":{\"@id\":\"https:\/\/www.pressenza.com\/de\/#website\"},\"primaryImageOfPage\":{\"@id\":\"https:\/\/www.pressenza.com\/de\/2016\/07\/jakob-reimann-von-justice-now-ein-dauerhafter-gerechter-frieden-ist-selbst-auf-diesem-unheiligen-flecken-erde-moeglich\/#primaryimage\"},\"image\":{\"@id\":\"https:\/\/www.pressenza.com\/de\/2016\/07\/jakob-reimann-von-justice-now-ein-dauerhafter-gerechter-frieden-ist-selbst-auf-diesem-unheiligen-flecken-erde-moeglich\/#primaryimage\"},\"thumbnailUrl\":\"https:\/\/www.pressenza.com\/wp-content\/uploads\/2016\/07\/JakobReimannFoto_5-1.jpg\",\"datePublished\":\"2016-07-21T14:03:52+00:00\",\"dateModified\":\"2016-07-21T14:07:37+00:00\",\"description\":\"Jakob Reimann von JusticeNow! hat im Sommer 2014 sein Masterstudium in Biochemie in Dresden absolviert und arbeitet mittlerweile an der\",\"breadcrumb\":{\"@id\":\"https:\/\/www.pressenza.com\/de\/2016\/07\/jakob-reimann-von-justice-now-ein-dauerhafter-gerechter-frieden-ist-selbst-auf-diesem-unheiligen-flecken-erde-moeglich\/#breadcrumb\"},\"inLanguage\":\"de\",\"potentialAction\":[{\"@type\":\"ReadAction\",\"target\":[\"https:\/\/www.pressenza.com\/de\/2016\/07\/jakob-reimann-von-justice-now-ein-dauerhafter-gerechter-frieden-ist-selbst-auf-diesem-unheiligen-flecken-erde-moeglich\/\"]}]},{\"@type\":\"ImageObject\",\"inLanguage\":\"de\",\"@id\":\"https:\/\/www.pressenza.com\/de\/2016\/07\/jakob-reimann-von-justice-now-ein-dauerhafter-gerechter-frieden-ist-selbst-auf-diesem-unheiligen-flecken-erde-moeglich\/#primaryimage\",\"url\":\"https:\/\/www.pressenza.com\/wp-content\/uploads\/2016\/07\/JakobReimannFoto_5-1.jpg\",\"contentUrl\":\"https:\/\/www.pressenza.com\/wp-content\/uploads\/2016\/07\/JakobReimannFoto_5-1.jpg\",\"width\":800,\"height\":599},{\"@type\":\"BreadcrumbList\",\"@id\":\"https:\/\/www.pressenza.com\/de\/2016\/07\/jakob-reimann-von-justice-now-ein-dauerhafter-gerechter-frieden-ist-selbst-auf-diesem-unheiligen-flecken-erde-moeglich\/#breadcrumb\",\"itemListElement\":[{\"@type\":\"ListItem\",\"position\":1,\"name\":\"Accueil\",\"item\":\"https:\/\/www.pressenza.com\/de\/\"},{\"@type\":\"ListItem\",\"position\":2,\"name\":\"Jakob Reimann von Justice Now: Ein dauerhafter, gerechter Frieden ist selbst auf diesem so unheiligen Flecken Erde m\u00f6glich!\"}]},{\"@type\":\"WebSite\",\"@id\":\"https:\/\/www.pressenza.com\/de\/#website\",\"url\":\"https:\/\/www.pressenza.com\/de\/\",\"name\":\"Pressenza\",\"description\":\"International Press Agency\",\"publisher\":{\"@id\":\"https:\/\/www.pressenza.com\/de\/#organization\"},\"potentialAction\":[{\"@type\":\"SearchAction\",\"target\":{\"@type\":\"EntryPoint\",\"urlTemplate\":\"https:\/\/www.pressenza.com\/de\/?s={search_term_string}\"},\"query-input\":{\"@type\":\"PropertyValueSpecification\",\"valueRequired\":true,\"valueName\":\"search_term_string\"}}],\"inLanguage\":\"de\"},{\"@type\":\"Organization\",\"@id\":\"https:\/\/www.pressenza.com\/de\/#organization\",\"name\":\"Pressenza\",\"url\":\"https:\/\/www.pressenza.com\/de\/\",\"logo\":{\"@type\":\"ImageObject\",\"inLanguage\":\"de\",\"@id\":\"https:\/\/www.pressenza.com\/de\/#\/schema\/logo\/image\/\",\"url\":\"https:\/\/www.pressenza.com\/wp-content\/uploads\/2022\/10\/pressenza_logo_200x200.jpg\",\"contentUrl\":\"https:\/\/www.pressenza.com\/wp-content\/uploads\/2022\/10\/pressenza_logo_200x200.jpg\",\"width\":200,\"height\":200,\"caption\":\"Pressenza\"},\"image\":{\"@id\":\"https:\/\/www.pressenza.com\/de\/#\/schema\/logo\/image\/\"},\"sameAs\":[\"https:\/\/www.facebook.com\/PressenzaItalia\",\"https:\/\/x.com\/PressenzaIPA\"]},{\"@type\":\"Person\",\"@id\":\"https:\/\/www.pressenza.com\/de\/#\/schema\/person\/1f3113f1dbef2a8376909f563854e5e5\",\"name\":\"Milena Rampoldi\",\"description\":\"Milena Rampoldi \u00e8 nata a Bolzano nel 1973 e dopo i suoi studi teologici, pedagogici, filosofici e orientali in Italia ha proseguito con il dottorato di arabistica sul tema della didattica arabofona del Corano a Vienna. Insegnante di lingue e traduttrice, da anni si occupa di storia e religione islamica, di questioni politiche ed umanitarie, di femminismo e diritti umani e di storia medio-orientale ed africana. Tra le varie pubblicazioni, soprattutto in lingua tedesca, figurano i testi italiani sui Corsari del Mediterraneo e sul filosofo Ren\u00e9 Gu\u00e9non. E' promotrice dell'Associazione per il dialogo interculturale e interreligioso Promosaik www.promosaik.com\",\"url\":\"https:\/\/www.pressenza.com\/de\/author\/milena-rampoldi\/\"}]}<\/script>\n<!-- \/ Yoast SEO plugin. -->","yoast_head_json":{"title":"Jakob Reimann von Justice Now: Ein dauerhafter, gerechter Frieden ist selbst auf diesem so unheiligen Flecken Erde m\u00f6glich!","description":"Jakob Reimann von JusticeNow! hat im Sommer 2014 sein Masterstudium in Biochemie in Dresden absolviert und arbeitet mittlerweile an der","robots":{"index":"index","follow":"follow","max-snippet":"max-snippet:-1","max-image-preview":"max-image-preview:large","max-video-preview":"max-video-preview:-1"},"canonical":"https:\/\/www.pressenza.com\/de\/2016\/07\/jakob-reimann-von-justice-now-ein-dauerhafter-gerechter-frieden-ist-selbst-auf-diesem-unheiligen-flecken-erde-moeglich\/","og_locale":"de_DE","og_type":"article","og_title":"Jakob Reimann von Justice Now: Ein dauerhafter, gerechter Frieden ist selbst auf diesem so unheiligen Flecken Erde m\u00f6glich!","og_description":"Jakob Reimann von JusticeNow! hat im Sommer 2014 sein Masterstudium in Biochemie in Dresden absolviert und arbeitet mittlerweile an der","og_url":"https:\/\/www.pressenza.com\/de\/2016\/07\/jakob-reimann-von-justice-now-ein-dauerhafter-gerechter-frieden-ist-selbst-auf-diesem-unheiligen-flecken-erde-moeglich\/","og_site_name":"Pressenza","article_publisher":"https:\/\/www.facebook.com\/PressenzaItalia","article_published_time":"2016-07-21T14:03:52+00:00","article_modified_time":"2016-07-21T14:07:37+00:00","og_image":[{"width":800,"height":599,"url":"https:\/\/www.pressenza.com\/wp-content\/uploads\/2016\/07\/JakobReimannFoto_5-1.jpg","type":"image\/jpeg"}],"author":"Milena Rampoldi","twitter_card":"summary_large_image","twitter_creator":"@PressenzaIPA","twitter_site":"@PressenzaIPA","twitter_misc":{"Verfasst von":"Milena Rampoldi","Gesch\u00e4tzte Lesezeit":"12\u00a0Minuten"},"schema":{"@context":"https:\/\/schema.org","@graph":[{"@type":"Article","@id":"https:\/\/www.pressenza.com\/de\/2016\/07\/jakob-reimann-von-justice-now-ein-dauerhafter-gerechter-frieden-ist-selbst-auf-diesem-unheiligen-flecken-erde-moeglich\/#article","isPartOf":{"@id":"https:\/\/www.pressenza.com\/de\/2016\/07\/jakob-reimann-von-justice-now-ein-dauerhafter-gerechter-frieden-ist-selbst-auf-diesem-unheiligen-flecken-erde-moeglich\/"},"author":{"name":"Milena Rampoldi","@id":"https:\/\/www.pressenza.com\/de\/#\/schema\/person\/1f3113f1dbef2a8376909f563854e5e5"},"headline":"Jakob Reimann von Justice Now: Ein dauerhafter, gerechter Frieden ist selbst auf diesem so unheiligen Flecken Erde m\u00f6glich!","datePublished":"2016-07-21T14:03:52+00:00","dateModified":"2016-07-21T14:07:37+00:00","mainEntityOfPage":{"@id":"https:\/\/www.pressenza.com\/de\/2016\/07\/jakob-reimann-von-justice-now-ein-dauerhafter-gerechter-frieden-ist-selbst-auf-diesem-unheiligen-flecken-erde-moeglich\/"},"wordCount":2326,"publisher":{"@id":"https:\/\/www.pressenza.com\/de\/#organization"},"image":{"@id":"https:\/\/www.pressenza.com\/de\/2016\/07\/jakob-reimann-von-justice-now-ein-dauerhafter-gerechter-frieden-ist-selbst-auf-diesem-unheiligen-flecken-erde-moeglich\/#primaryimage"},"thumbnailUrl":"https:\/\/www.pressenza.com\/wp-content\/uploads\/2016\/07\/JakobReimannFoto_5-1.jpg","keywords":["Jakob Reimann","Justice Now!","Nablus","Pal\u00e4stina","Pal\u00e4stinakonflikt","Promosaik"],"articleSection":["Frieden und Abr\u00fcstung","Gewaltfreiheit","International","Interviews","Menschenrechte","Mittlerer Osten"],"inLanguage":"de"},{"@type":"WebPage","@id":"https:\/\/www.pressenza.com\/de\/2016\/07\/jakob-reimann-von-justice-now-ein-dauerhafter-gerechter-frieden-ist-selbst-auf-diesem-unheiligen-flecken-erde-moeglich\/","url":"https:\/\/www.pressenza.com\/de\/2016\/07\/jakob-reimann-von-justice-now-ein-dauerhafter-gerechter-frieden-ist-selbst-auf-diesem-unheiligen-flecken-erde-moeglich\/","name":"Jakob Reimann von Justice Now: Ein dauerhafter, gerechter Frieden ist selbst auf diesem so unheiligen Flecken Erde m\u00f6glich!","isPartOf":{"@id":"https:\/\/www.pressenza.com\/de\/#website"},"primaryImageOfPage":{"@id":"https:\/\/www.pressenza.com\/de\/2016\/07\/jakob-reimann-von-justice-now-ein-dauerhafter-gerechter-frieden-ist-selbst-auf-diesem-unheiligen-flecken-erde-moeglich\/#primaryimage"},"image":{"@id":"https:\/\/www.pressenza.com\/de\/2016\/07\/jakob-reimann-von-justice-now-ein-dauerhafter-gerechter-frieden-ist-selbst-auf-diesem-unheiligen-flecken-erde-moeglich\/#primaryimage"},"thumbnailUrl":"https:\/\/www.pressenza.com\/wp-content\/uploads\/2016\/07\/JakobReimannFoto_5-1.jpg","datePublished":"2016-07-21T14:03:52+00:00","dateModified":"2016-07-21T14:07:37+00:00","description":"Jakob Reimann von JusticeNow! hat im Sommer 2014 sein Masterstudium in Biochemie in Dresden absolviert und arbeitet mittlerweile an der","breadcrumb":{"@id":"https:\/\/www.pressenza.com\/de\/2016\/07\/jakob-reimann-von-justice-now-ein-dauerhafter-gerechter-frieden-ist-selbst-auf-diesem-unheiligen-flecken-erde-moeglich\/#breadcrumb"},"inLanguage":"de","potentialAction":[{"@type":"ReadAction","target":["https:\/\/www.pressenza.com\/de\/2016\/07\/jakob-reimann-von-justice-now-ein-dauerhafter-gerechter-frieden-ist-selbst-auf-diesem-unheiligen-flecken-erde-moeglich\/"]}]},{"@type":"ImageObject","inLanguage":"de","@id":"https:\/\/www.pressenza.com\/de\/2016\/07\/jakob-reimann-von-justice-now-ein-dauerhafter-gerechter-frieden-ist-selbst-auf-diesem-unheiligen-flecken-erde-moeglich\/#primaryimage","url":"https:\/\/www.pressenza.com\/wp-content\/uploads\/2016\/07\/JakobReimannFoto_5-1.jpg","contentUrl":"https:\/\/www.pressenza.com\/wp-content\/uploads\/2016\/07\/JakobReimannFoto_5-1.jpg","width":800,"height":599},{"@type":"BreadcrumbList","@id":"https:\/\/www.pressenza.com\/de\/2016\/07\/jakob-reimann-von-justice-now-ein-dauerhafter-gerechter-frieden-ist-selbst-auf-diesem-unheiligen-flecken-erde-moeglich\/#breadcrumb","itemListElement":[{"@type":"ListItem","position":1,"name":"Accueil","item":"https:\/\/www.pressenza.com\/de\/"},{"@type":"ListItem","position":2,"name":"Jakob Reimann von Justice Now: Ein dauerhafter, gerechter Frieden ist selbst auf diesem so unheiligen Flecken Erde m\u00f6glich!"}]},{"@type":"WebSite","@id":"https:\/\/www.pressenza.com\/de\/#website","url":"https:\/\/www.pressenza.com\/de\/","name":"Pressenza","description":"International Press Agency","publisher":{"@id":"https:\/\/www.pressenza.com\/de\/#organization"},"potentialAction":[{"@type":"SearchAction","target":{"@type":"EntryPoint","urlTemplate":"https:\/\/www.pressenza.com\/de\/?s={search_term_string}"},"query-input":{"@type":"PropertyValueSpecification","valueRequired":true,"valueName":"search_term_string"}}],"inLanguage":"de"},{"@type":"Organization","@id":"https:\/\/www.pressenza.com\/de\/#organization","name":"Pressenza","url":"https:\/\/www.pressenza.com\/de\/","logo":{"@type":"ImageObject","inLanguage":"de","@id":"https:\/\/www.pressenza.com\/de\/#\/schema\/logo\/image\/","url":"https:\/\/www.pressenza.com\/wp-content\/uploads\/2022\/10\/pressenza_logo_200x200.jpg","contentUrl":"https:\/\/www.pressenza.com\/wp-content\/uploads\/2022\/10\/pressenza_logo_200x200.jpg","width":200,"height":200,"caption":"Pressenza"},"image":{"@id":"https:\/\/www.pressenza.com\/de\/#\/schema\/logo\/image\/"},"sameAs":["https:\/\/www.facebook.com\/PressenzaItalia","https:\/\/x.com\/PressenzaIPA"]},{"@type":"Person","@id":"https:\/\/www.pressenza.com\/de\/#\/schema\/person\/1f3113f1dbef2a8376909f563854e5e5","name":"Milena Rampoldi","description":"Milena Rampoldi \u00e8 nata a Bolzano nel 1973 e dopo i suoi studi teologici, pedagogici, filosofici e orientali in Italia ha proseguito con il dottorato di arabistica sul tema della didattica arabofona del Corano a Vienna. Insegnante di lingue e traduttrice, da anni si occupa di storia e religione islamica, di questioni politiche ed umanitarie, di femminismo e diritti umani e di storia medio-orientale ed africana. Tra le varie pubblicazioni, soprattutto in lingua tedesca, figurano i testi italiani sui Corsari del Mediterraneo e sul filosofo Ren\u00e9 Gu\u00e9non. E' promotrice dell'Associazione per il dialogo interculturale e interreligioso Promosaik www.promosaik.com","url":"https:\/\/www.pressenza.com\/de\/author\/milena-rampoldi\/"}]}},"place":"","original_article_url":"https:\/\/promosaik.blogspot.de\/2016\/07\/jakob-reimann-von-justice-now-ein.html","_links":{"self":[{"href":"https:\/\/www.pressenza.com\/de\/wp-json\/wp\/v2\/posts\/344011","targetHints":{"allow":["GET"]}}],"collection":[{"href":"https:\/\/www.pressenza.com\/de\/wp-json\/wp\/v2\/posts"}],"about":[{"href":"https:\/\/www.pressenza.com\/de\/wp-json\/wp\/v2\/types\/post"}],"author":[{"embeddable":true,"href":"https:\/\/www.pressenza.com\/de\/wp-json\/wp\/v2\/users\/1149"}],"replies":[{"embeddable":true,"href":"https:\/\/www.pressenza.com\/de\/wp-json\/wp\/v2\/comments?post=344011"}],"version-history":[{"count":0,"href":"https:\/\/www.pressenza.com\/de\/wp-json\/wp\/v2\/posts\/344011\/revisions"}],"wp:featuredmedia":[{"embeddable":true,"href":"https:\/\/www.pressenza.com\/de\/wp-json\/wp\/v2\/media\/344073"}],"wp:attachment":[{"href":"https:\/\/www.pressenza.com\/de\/wp-json\/wp\/v2\/media?parent=344011"}],"wp:term":[{"taxonomy":"category","embeddable":true,"href":"https:\/\/www.pressenza.com\/de\/wp-json\/wp\/v2\/categories?post=344011"},{"taxonomy":"post_tag","embeddable":true,"href":"https:\/\/www.pressenza.com\/de\/wp-json\/wp\/v2\/tags?post=344011"}],"curies":[{"name":"wp","href":"https:\/\/api.w.org\/{rel}","templated":true}]}}