{"id":338555,"date":"2016-07-08T14:42:04","date_gmt":"2016-07-08T13:42:04","guid":{"rendered":"http:\/\/www.pressenza.com\/de\/?p=338555"},"modified":"2016-07-08T14:42:04","modified_gmt":"2016-07-08T13:42:04","slug":"brief-italiens-praesidenten-mattarella-fuer-die-freilassung-milagro-salas","status":"publish","type":"post","link":"https:\/\/www.pressenza.com\/de\/2016\/07\/brief-italiens-praesidenten-mattarella-fuer-die-freilassung-milagro-salas\/","title":{"rendered":"Brief an Italiens Pr\u00e4sidenten Mattarella f\u00fcr die Freilassung Milagro Salas"},"content":{"rendered":"<p lang=\"de-DE\">Am 29. Juni hat das Komitee zur Freilassung Milagro Salas eine neue Initiative gestartet: einen Brief an den Pr\u00e4sidenten der italienischen Republik Sergio Mattarella, der von Pers\u00f6nlichkeiten aus Kultur, Bildung, Politik und von verschiedenen Vereinen unterzeichnet wurde, mit der Bitte, sich bei der argentinischen Regierung daf\u00fcr einzusetzen, die ungerechte und willk\u00fcrliche Inhaftierung der Leiterin von Tupac Amaru zu beenden. Der italienische Staatspr\u00e4sident wird ab dem 7. Juli Argentinien besuchen.<\/p>\n<p lang=\"de-DE\">Wir geben hier den gesamten Text des Briefes sowie die Liste der Unterzeichnenden wieder.<\/p>\n<p><span style=\"color: #000080;\"><span lang=\"zxx\"><span style=\"color: #000000;\"><span lang=\"de-DE\"><b>An Sergio Mattarella, Pr\u00e4sident der italienischen Republik<\/b><\/span><\/span><\/span><\/span><\/p>\n<p><strong><span lang=\"de-DE\">Sehr geehrter Herr Pr\u00e4sident,<\/span><\/strong><\/p>\n<p><strong><span lang=\"de-DE\">am 7. Juli werden Sie anl\u00e4sslich der Feierlichkeiten zum 200. Geburtstag der Unabh\u00e4ngigkeit des Landes Argentinien besuchen. Italien und Argentinien sind geschichtlich eng miteinander verbunden: \u00fcber die H\u00e4lfte der argentinischen Bev\u00f6lkerung hat italienische Wurzeln. Wir wenden uns an Sie angesichts der schweren Krise, die das Land zur Zeit erlebt. Seit Amts\u00fcbernahme der neuen Regierung, die von Mauricio Macri angef\u00fchrt wird, ist Argentinien in den F\u00e4ngen einer drastischen neoliberalen Wende. Die Auswirkungen dieser Politik sind bereits auf dramatische Weise zu sp\u00fcren: einerseits ist die Anzahl der Arbeitslosen und Notleidenden in die H\u00f6he geschnellt, andererseits hat eine stark inflation\u00e4re Spirale den unkontrollierten Anstieg der Lebenshaltungskosten verursacht. Die neue Regierung scheint zudem eine tiefgreifende Revision der Politik im Bezug auf Menschenrechte durchzuf\u00fchren, die es Argentinien in den letzten Jahren erlaubt hatte, Strafen f\u00fcr diejenigen wieder einzuf\u00fchren, die sich im Laufe der letzten Milit\u00e4rdiktatur der Verbrechen an der Menschheit schuldig gemacht hatten. Und schlie\u00dflich ist die neue neoliberale Politik von repressiver und autorit\u00e4rer Art gekennzeichnet. Ein Beispiel daf\u00fcr ist der Fall von Milagro Sala, rechtm\u00e4\u00dfig gew\u00e4hlte Abgeordnete des Parlasur und Leiterin der sozialen B\u00fcrgerbewegung Tupac Amaru, die nach einer Reihe von Protesten seitens sozialer B\u00fcrgerbewegungen in der Provinz Jujuy am 16. Januar diesen Jahres in Haft genommen wurde. Die Inhaftierung von Milagro Sala stellt eine offenkundige Verletzung konstitutioneller Rechte dar und ist politisch motiviert, da sie auf eine Entscheidung von Gerardo Morales zur\u00fcckgeht, der ein Verb\u00fcndeter der konservativen Koalition von Mauricio Macri ist. Der Forderung nach sofortiger Freilassung Milagro Salas haben sich f\u00fchrende Menschenrechtsorganisationen wie Amnesty International angeschlossen, w\u00e4hrend in Italien vor kurzem das Komitee f\u00fcr ihre Freilassung gebildet wurde, das aus Organisationen, Parteien, Vereinigungen und einzelnen B\u00fcrgern besteht.<\/span><\/strong><\/p>\n<p><strong><span lang=\"de-DE\">Wir bitten Sie daher, beim Pr\u00e4sidenten Mauricio Macri vorzusprechen, um die Freilassung Milagro Salas und ihrer ebenfalls inhaftierten Kollegen zu fordern und ihn daran zu erinnern, dass die internationale Gemeinschaft diese Angelegenheit aufmerksam verfolgt, einem Beispiel an inakzeptablem Autoritarismus und illegaler Praktik. Milagro Sala muss sich als freie B\u00fcrgerin verteidigen k\u00f6nnen, so wie es in allen demokratischen L\u00e4ndern der Fall ist.<\/span><\/strong><\/p>\n<p><strong><span lang=\"de-DE\">Die Freilassung Milagro Salas ist die einzige M\u00f6glichkeit, die \u201epolitisch motivierte Inhaftierung\u201c in einen juristisch korrekten Gerichtsprozess umzuwandeln, der allen freien Nationen zu eigen ist.<\/span><\/strong><\/p>\n<p><strong><span lang=\"de-DE\">Hochachtungsvoll,<\/span><\/strong><\/p>\n<p><span lang=\"de-DE\">Weitere Infos:<\/span><strong><span lang=\"de-DE\"> <a href=\"http:\/\/comitatoliberazionemilagrosala.wordpress.com\/\">comitatoliberazionemilagrosala.wordpress.com<\/a><\/span><\/strong><\/p>\n<p lang=\"de-DE\">Vittorio Agnoletto, Arzt, ehemaliger Europaabgeordneter<\/p>\n<p lang=\"de-DE\">Angelo Baracca, Autor und Universit\u00e4tsprofessor<\/p>\n<p lang=\"de-DE\">Daniele Barbieri, Journalist<\/p>\n<p lang=\"de-DE\">Magal\u00ed Buj, Regisseurin<\/p>\n<p lang=\"de-DE\">Diana Caggiano, Argentinos en Italia por la Memoria, la Verdad y la Justicia<\/p>\n<p lang=\"de-DE\">Enrico Calamai, ehemaliger italienischer Konsul in Argentinien<\/p>\n<p lang=\"de-DE\">Sol Capasso, Associazione Argentini Cremona<\/p>\n<p><span lang=\"de-DE\">Giulietto Chiesa, ehemaliger Europaabgeordneter und Leiter von <\/span><span style=\"color: #000080;\"><span lang=\"zxx\"><u><a href=\"http:\/\/pandoratv.it\/\"><span lang=\"de-DE\">pandoratv.it<\/span><\/a><\/u><\/span><\/span><\/p>\n<p lang=\"de-DE\">Fabrizio Cracolici, Pr\u00e4sident von ANPI Nova Milanese<\/p>\n<p lang=\"de-DE\">Paolo d\u2019Arpini, Koordinator Rete Bioregionale<\/p>\n<p lang=\"de-DE\">David Lifodi, Journalist<\/p>\n<p lang=\"de-DE\">Maria I. Macioti, Professorin und Koordinatorin Sezione di Sociologia della Religione, AIS<\/p>\n<p lang=\"de-DE\">Alessandro Marescotti, Pr\u00e4sident PeaceLink<\/p>\n<p lang=\"de-DE\">Giovanna Martelli, Abgeordnete<\/p>\n<p lang=\"de-DE\">Federico Mento, Autoconvocados en Roma<\/p>\n<p lang=\"de-DE\">Marco Miccoli, Abgeordneter<\/p>\n<p lang=\"de-DE\">Antonio Mazzeo, Journalist<\/p>\n<p lang=\"de-DE\">Alfonso Navarra, Autor, Lega Obiettori di Coscienza<\/p>\n<p lang=\"de-DE\">Erasmo Palazzotto, Abgeordneter<\/p>\n<p lang=\"de-DE\">Federico Palumbo, Regisseur<\/p>\n<p lang=\"de-DE\">Gianni Palumbo, Pressesprecher Forum del Terzo settore del Lazio<\/p>\n<p lang=\"de-DE\">Claudio Tognonato, Universit\u00e4tsprofessor<\/p>\n<p lang=\"de-DE\">Olivier Turquet, Koordinator Redaktion Pressenza Italia<\/p>\n<p lang=\"de-DE\">Laura Tussi, Autorin<\/p>\n<p lang=\"de-DE\"><em>\u00dcbersetzung aus dem Italienischen von Evelyn Rottengatter<\/em><\/p>\n","protected":false},"excerpt":{"rendered":"<p>Am 29. Juni hat das Komitee zur Freilassung Milagro Salas eine neue Initiative gestartet: einen Brief an den Pr\u00e4sidenten der italienischen Republik Sergio Mattarella, der von Pers\u00f6nlichkeiten aus Kultur, Bildung, Politik und von verschiedenen Vereinen unterzeichnet wurde, mit der Bitte,&hellip;<\/p>\n","protected":false},"author":594,"featured_media":160560,"comment_status":"closed","ping_status":"closed","sticky":false,"template":"","format":"standard","meta":{"footnotes":""},"categories":[9150,9161,9145,9154],"tags":[10446,28618,10197,19156,4862,22228,27498,15915],"class_list":["post-338555","post","type-post","status-publish","format-standard","has-post-thumbnail","hentry","category-europa-de","category-menschenrechte","category-pressemitteilungen","category-suedamerika","tag-argentinien","tag-buergerbewegung","tag-italien","tag-lateinamerika","tag-mauricio-macri","tag-menschenrechte","tag-milagro-sala-de","tag-sergio-mattarella-de"],"yoast_head":"<!-- This site is optimized with the Yoast SEO plugin v27.1.1 - https:\/\/yoast.com\/product\/yoast-seo-wordpress\/ -->\n<title>Brief an Italiens Pr\u00e4sidenten Mattarella f\u00fcr die Freilassung Milagro Salas<\/title>\n<meta name=\"description\" content=\"Am 29. Juni hat das Komitee zur Freilassung Milagro Salas eine neue Initiative gestartet: einen Brief an den Pr\u00e4sidenten der italienischen Republik Sergio\" \/>\n<meta name=\"robots\" content=\"index, follow, max-snippet:-1, max-image-preview:large, max-video-preview:-1\" \/>\n<link rel=\"canonical\" href=\"https:\/\/www.pressenza.com\/de\/2016\/07\/brief-italiens-praesidenten-mattarella-fuer-die-freilassung-milagro-salas\/\" \/>\n<meta property=\"og:locale\" content=\"de_DE\" \/>\n<meta property=\"og:type\" content=\"article\" \/>\n<meta property=\"og:title\" content=\"Brief an Italiens Pr\u00e4sidenten Mattarella f\u00fcr die Freilassung Milagro Salas\" \/>\n<meta property=\"og:description\" content=\"Am 29. Juni hat das Komitee zur Freilassung Milagro Salas eine neue Initiative gestartet: einen Brief an den Pr\u00e4sidenten der italienischen Republik Sergio\" \/>\n<meta property=\"og:url\" content=\"https:\/\/www.pressenza.com\/de\/2016\/07\/brief-italiens-praesidenten-mattarella-fuer-die-freilassung-milagro-salas\/\" \/>\n<meta property=\"og:site_name\" content=\"Pressenza\" \/>\n<meta property=\"article:publisher\" content=\"https:\/\/www.facebook.com\/PressenzaItalia\" \/>\n<meta property=\"article:author\" content=\"https:\/\/www.facebook.com\/PressenzaItalia\" \/>\n<meta property=\"article:published_time\" content=\"2016-07-08T13:42:04+00:00\" \/>\n<meta property=\"og:image\" content=\"https:\/\/www.pressenza.com\/wp-content\/uploads\/2015\/02\/mattarella1.jpg\" \/>\n\t<meta property=\"og:image:width\" content=\"550\" \/>\n\t<meta property=\"og:image:height\" content=\"350\" \/>\n\t<meta property=\"og:image:type\" content=\"image\/jpeg\" \/>\n<meta name=\"author\" content=\"Redazione Italia\" \/>\n<meta name=\"twitter:card\" content=\"summary_large_image\" \/>\n<meta name=\"twitter:creator\" content=\"@pressenza_it\" \/>\n<meta name=\"twitter:site\" content=\"@PressenzaIPA\" \/>\n<meta name=\"twitter:label1\" content=\"Verfasst von\" \/>\n\t<meta name=\"twitter:data1\" content=\"Redazione Italia\" \/>\n\t<meta name=\"twitter:label2\" content=\"Gesch\u00e4tzte Lesezeit\" \/>\n\t<meta name=\"twitter:data2\" content=\"3\u00a0Minuten\" \/>\n<script type=\"application\/ld+json\" class=\"yoast-schema-graph\">{\"@context\":\"https:\/\/schema.org\",\"@graph\":[{\"@type\":\"Article\",\"@id\":\"https:\/\/www.pressenza.com\/de\/2016\/07\/brief-italiens-praesidenten-mattarella-fuer-die-freilassung-milagro-salas\/#article\",\"isPartOf\":{\"@id\":\"https:\/\/www.pressenza.com\/de\/2016\/07\/brief-italiens-praesidenten-mattarella-fuer-die-freilassung-milagro-salas\/\"},\"author\":{\"name\":\"Redazione Italia\",\"@id\":\"https:\/\/www.pressenza.com\/de\/#\/schema\/person\/d983e81827ae24f2c7b1a2123d197f8d\"},\"headline\":\"Brief an Italiens Pr\u00e4sidenten Mattarella f\u00fcr die Freilassung Milagro Salas\",\"datePublished\":\"2016-07-08T13:42:04+00:00\",\"mainEntityOfPage\":{\"@id\":\"https:\/\/www.pressenza.com\/de\/2016\/07\/brief-italiens-praesidenten-mattarella-fuer-die-freilassung-milagro-salas\/\"},\"wordCount\":648,\"publisher\":{\"@id\":\"https:\/\/www.pressenza.com\/de\/#organization\"},\"image\":{\"@id\":\"https:\/\/www.pressenza.com\/de\/2016\/07\/brief-italiens-praesidenten-mattarella-fuer-die-freilassung-milagro-salas\/#primaryimage\"},\"thumbnailUrl\":\"https:\/\/www.pressenza.com\/wp-content\/uploads\/2015\/02\/mattarella1.jpg\",\"keywords\":[\"Argentinien\",\"B\u00fcrgerbewegung\",\"italien\",\"Lateinamerika\",\"Mauricio Macri\",\"Menschenrechte\",\"Milagro Sala\",\"Sergio Mattarella\"],\"articleSection\":[\"Europa\",\"Menschenrechte\",\"Pressemitteilungen\",\"S\u00fcdamerika\"],\"inLanguage\":\"de\"},{\"@type\":\"WebPage\",\"@id\":\"https:\/\/www.pressenza.com\/de\/2016\/07\/brief-italiens-praesidenten-mattarella-fuer-die-freilassung-milagro-salas\/\",\"url\":\"https:\/\/www.pressenza.com\/de\/2016\/07\/brief-italiens-praesidenten-mattarella-fuer-die-freilassung-milagro-salas\/\",\"name\":\"Brief an Italiens Pr\u00e4sidenten Mattarella f\u00fcr die Freilassung Milagro Salas\",\"isPartOf\":{\"@id\":\"https:\/\/www.pressenza.com\/de\/#website\"},\"primaryImageOfPage\":{\"@id\":\"https:\/\/www.pressenza.com\/de\/2016\/07\/brief-italiens-praesidenten-mattarella-fuer-die-freilassung-milagro-salas\/#primaryimage\"},\"image\":{\"@id\":\"https:\/\/www.pressenza.com\/de\/2016\/07\/brief-italiens-praesidenten-mattarella-fuer-die-freilassung-milagro-salas\/#primaryimage\"},\"thumbnailUrl\":\"https:\/\/www.pressenza.com\/wp-content\/uploads\/2015\/02\/mattarella1.jpg\",\"datePublished\":\"2016-07-08T13:42:04+00:00\",\"description\":\"Am 29. Juni hat das Komitee zur Freilassung Milagro Salas eine neue Initiative gestartet: einen Brief an den Pr\u00e4sidenten der italienischen Republik Sergio\",\"breadcrumb\":{\"@id\":\"https:\/\/www.pressenza.com\/de\/2016\/07\/brief-italiens-praesidenten-mattarella-fuer-die-freilassung-milagro-salas\/#breadcrumb\"},\"inLanguage\":\"de\",\"potentialAction\":[{\"@type\":\"ReadAction\",\"target\":[\"https:\/\/www.pressenza.com\/de\/2016\/07\/brief-italiens-praesidenten-mattarella-fuer-die-freilassung-milagro-salas\/\"]}]},{\"@type\":\"ImageObject\",\"inLanguage\":\"de\",\"@id\":\"https:\/\/www.pressenza.com\/de\/2016\/07\/brief-italiens-praesidenten-mattarella-fuer-die-freilassung-milagro-salas\/#primaryimage\",\"url\":\"https:\/\/www.pressenza.com\/wp-content\/uploads\/2015\/02\/mattarella1.jpg\",\"contentUrl\":\"https:\/\/www.pressenza.com\/wp-content\/uploads\/2015\/02\/mattarella1.jpg\",\"width\":550,\"height\":350,\"caption\":\"Foto Archiv Pressenza\"},{\"@type\":\"BreadcrumbList\",\"@id\":\"https:\/\/www.pressenza.com\/de\/2016\/07\/brief-italiens-praesidenten-mattarella-fuer-die-freilassung-milagro-salas\/#breadcrumb\",\"itemListElement\":[{\"@type\":\"ListItem\",\"position\":1,\"name\":\"Accueil\",\"item\":\"https:\/\/www.pressenza.com\/de\/\"},{\"@type\":\"ListItem\",\"position\":2,\"name\":\"Brief an Italiens Pr\u00e4sidenten Mattarella f\u00fcr die Freilassung Milagro Salas\"}]},{\"@type\":\"WebSite\",\"@id\":\"https:\/\/www.pressenza.com\/de\/#website\",\"url\":\"https:\/\/www.pressenza.com\/de\/\",\"name\":\"Pressenza\",\"description\":\"International Press Agency\",\"publisher\":{\"@id\":\"https:\/\/www.pressenza.com\/de\/#organization\"},\"potentialAction\":[{\"@type\":\"SearchAction\",\"target\":{\"@type\":\"EntryPoint\",\"urlTemplate\":\"https:\/\/www.pressenza.com\/de\/?s={search_term_string}\"},\"query-input\":{\"@type\":\"PropertyValueSpecification\",\"valueRequired\":true,\"valueName\":\"search_term_string\"}}],\"inLanguage\":\"de\"},{\"@type\":\"Organization\",\"@id\":\"https:\/\/www.pressenza.com\/de\/#organization\",\"name\":\"Pressenza\",\"url\":\"https:\/\/www.pressenza.com\/de\/\",\"logo\":{\"@type\":\"ImageObject\",\"inLanguage\":\"de\",\"@id\":\"https:\/\/www.pressenza.com\/de\/#\/schema\/logo\/image\/\",\"url\":\"https:\/\/www.pressenza.com\/wp-content\/uploads\/2022\/10\/pressenza_logo_200x200.jpg\",\"contentUrl\":\"https:\/\/www.pressenza.com\/wp-content\/uploads\/2022\/10\/pressenza_logo_200x200.jpg\",\"width\":200,\"height\":200,\"caption\":\"Pressenza\"},\"image\":{\"@id\":\"https:\/\/www.pressenza.com\/de\/#\/schema\/logo\/image\/\"},\"sameAs\":[\"https:\/\/www.facebook.com\/PressenzaItalia\",\"https:\/\/x.com\/PressenzaIPA\"]},{\"@type\":\"Person\",\"@id\":\"https:\/\/www.pressenza.com\/de\/#\/schema\/person\/d983e81827ae24f2c7b1a2123d197f8d\",\"name\":\"Redazione Italia\",\"description\":\"News from the Pressenza Bureau in Italy\",\"sameAs\":[\"https:\/\/www.pressenza.com\/it\/author\/redazione-italia\/\",\"https:\/\/www.facebook.com\/PressenzaItalia\",\"https:\/\/www.instagram.com\/pressenza_italia\/\",\"https:\/\/x.com\/pressenza_it\",\"https:\/\/www.youtube.com\/channel\/UCSalEIWjE1RSxkwjfftFuqg\"],\"url\":\"https:\/\/www.pressenza.com\/de\/author\/redazione-italia\/\"}]}<\/script>\n<!-- \/ Yoast SEO plugin. -->","yoast_head_json":{"title":"Brief an Italiens Pr\u00e4sidenten Mattarella f\u00fcr die Freilassung Milagro Salas","description":"Am 29. Juni hat das Komitee zur Freilassung Milagro Salas eine neue Initiative gestartet: einen Brief an den Pr\u00e4sidenten der italienischen Republik Sergio","robots":{"index":"index","follow":"follow","max-snippet":"max-snippet:-1","max-image-preview":"max-image-preview:large","max-video-preview":"max-video-preview:-1"},"canonical":"https:\/\/www.pressenza.com\/de\/2016\/07\/brief-italiens-praesidenten-mattarella-fuer-die-freilassung-milagro-salas\/","og_locale":"de_DE","og_type":"article","og_title":"Brief an Italiens Pr\u00e4sidenten Mattarella f\u00fcr die Freilassung Milagro Salas","og_description":"Am 29. Juni hat das Komitee zur Freilassung Milagro Salas eine neue Initiative gestartet: einen Brief an den Pr\u00e4sidenten der italienischen Republik Sergio","og_url":"https:\/\/www.pressenza.com\/de\/2016\/07\/brief-italiens-praesidenten-mattarella-fuer-die-freilassung-milagro-salas\/","og_site_name":"Pressenza","article_publisher":"https:\/\/www.facebook.com\/PressenzaItalia","article_author":"https:\/\/www.facebook.com\/PressenzaItalia","article_published_time":"2016-07-08T13:42:04+00:00","og_image":[{"width":550,"height":350,"url":"https:\/\/www.pressenza.com\/wp-content\/uploads\/2015\/02\/mattarella1.jpg","type":"image\/jpeg"}],"author":"Redazione Italia","twitter_card":"summary_large_image","twitter_creator":"@pressenza_it","twitter_site":"@PressenzaIPA","twitter_misc":{"Verfasst von":"Redazione Italia","Gesch\u00e4tzte Lesezeit":"3\u00a0Minuten"},"schema":{"@context":"https:\/\/schema.org","@graph":[{"@type":"Article","@id":"https:\/\/www.pressenza.com\/de\/2016\/07\/brief-italiens-praesidenten-mattarella-fuer-die-freilassung-milagro-salas\/#article","isPartOf":{"@id":"https:\/\/www.pressenza.com\/de\/2016\/07\/brief-italiens-praesidenten-mattarella-fuer-die-freilassung-milagro-salas\/"},"author":{"name":"Redazione Italia","@id":"https:\/\/www.pressenza.com\/de\/#\/schema\/person\/d983e81827ae24f2c7b1a2123d197f8d"},"headline":"Brief an Italiens Pr\u00e4sidenten Mattarella f\u00fcr die Freilassung Milagro Salas","datePublished":"2016-07-08T13:42:04+00:00","mainEntityOfPage":{"@id":"https:\/\/www.pressenza.com\/de\/2016\/07\/brief-italiens-praesidenten-mattarella-fuer-die-freilassung-milagro-salas\/"},"wordCount":648,"publisher":{"@id":"https:\/\/www.pressenza.com\/de\/#organization"},"image":{"@id":"https:\/\/www.pressenza.com\/de\/2016\/07\/brief-italiens-praesidenten-mattarella-fuer-die-freilassung-milagro-salas\/#primaryimage"},"thumbnailUrl":"https:\/\/www.pressenza.com\/wp-content\/uploads\/2015\/02\/mattarella1.jpg","keywords":["Argentinien","B\u00fcrgerbewegung","italien","Lateinamerika","Mauricio Macri","Menschenrechte","Milagro Sala","Sergio Mattarella"],"articleSection":["Europa","Menschenrechte","Pressemitteilungen","S\u00fcdamerika"],"inLanguage":"de"},{"@type":"WebPage","@id":"https:\/\/www.pressenza.com\/de\/2016\/07\/brief-italiens-praesidenten-mattarella-fuer-die-freilassung-milagro-salas\/","url":"https:\/\/www.pressenza.com\/de\/2016\/07\/brief-italiens-praesidenten-mattarella-fuer-die-freilassung-milagro-salas\/","name":"Brief an Italiens Pr\u00e4sidenten Mattarella f\u00fcr die Freilassung Milagro Salas","isPartOf":{"@id":"https:\/\/www.pressenza.com\/de\/#website"},"primaryImageOfPage":{"@id":"https:\/\/www.pressenza.com\/de\/2016\/07\/brief-italiens-praesidenten-mattarella-fuer-die-freilassung-milagro-salas\/#primaryimage"},"image":{"@id":"https:\/\/www.pressenza.com\/de\/2016\/07\/brief-italiens-praesidenten-mattarella-fuer-die-freilassung-milagro-salas\/#primaryimage"},"thumbnailUrl":"https:\/\/www.pressenza.com\/wp-content\/uploads\/2015\/02\/mattarella1.jpg","datePublished":"2016-07-08T13:42:04+00:00","description":"Am 29. Juni hat das Komitee zur Freilassung Milagro Salas eine neue Initiative gestartet: einen Brief an den Pr\u00e4sidenten der italienischen Republik Sergio","breadcrumb":{"@id":"https:\/\/www.pressenza.com\/de\/2016\/07\/brief-italiens-praesidenten-mattarella-fuer-die-freilassung-milagro-salas\/#breadcrumb"},"inLanguage":"de","potentialAction":[{"@type":"ReadAction","target":["https:\/\/www.pressenza.com\/de\/2016\/07\/brief-italiens-praesidenten-mattarella-fuer-die-freilassung-milagro-salas\/"]}]},{"@type":"ImageObject","inLanguage":"de","@id":"https:\/\/www.pressenza.com\/de\/2016\/07\/brief-italiens-praesidenten-mattarella-fuer-die-freilassung-milagro-salas\/#primaryimage","url":"https:\/\/www.pressenza.com\/wp-content\/uploads\/2015\/02\/mattarella1.jpg","contentUrl":"https:\/\/www.pressenza.com\/wp-content\/uploads\/2015\/02\/mattarella1.jpg","width":550,"height":350,"caption":"Foto Archiv Pressenza"},{"@type":"BreadcrumbList","@id":"https:\/\/www.pressenza.com\/de\/2016\/07\/brief-italiens-praesidenten-mattarella-fuer-die-freilassung-milagro-salas\/#breadcrumb","itemListElement":[{"@type":"ListItem","position":1,"name":"Accueil","item":"https:\/\/www.pressenza.com\/de\/"},{"@type":"ListItem","position":2,"name":"Brief an Italiens Pr\u00e4sidenten Mattarella f\u00fcr die Freilassung Milagro Salas"}]},{"@type":"WebSite","@id":"https:\/\/www.pressenza.com\/de\/#website","url":"https:\/\/www.pressenza.com\/de\/","name":"Pressenza","description":"International Press Agency","publisher":{"@id":"https:\/\/www.pressenza.com\/de\/#organization"},"potentialAction":[{"@type":"SearchAction","target":{"@type":"EntryPoint","urlTemplate":"https:\/\/www.pressenza.com\/de\/?s={search_term_string}"},"query-input":{"@type":"PropertyValueSpecification","valueRequired":true,"valueName":"search_term_string"}}],"inLanguage":"de"},{"@type":"Organization","@id":"https:\/\/www.pressenza.com\/de\/#organization","name":"Pressenza","url":"https:\/\/www.pressenza.com\/de\/","logo":{"@type":"ImageObject","inLanguage":"de","@id":"https:\/\/www.pressenza.com\/de\/#\/schema\/logo\/image\/","url":"https:\/\/www.pressenza.com\/wp-content\/uploads\/2022\/10\/pressenza_logo_200x200.jpg","contentUrl":"https:\/\/www.pressenza.com\/wp-content\/uploads\/2022\/10\/pressenza_logo_200x200.jpg","width":200,"height":200,"caption":"Pressenza"},"image":{"@id":"https:\/\/www.pressenza.com\/de\/#\/schema\/logo\/image\/"},"sameAs":["https:\/\/www.facebook.com\/PressenzaItalia","https:\/\/x.com\/PressenzaIPA"]},{"@type":"Person","@id":"https:\/\/www.pressenza.com\/de\/#\/schema\/person\/d983e81827ae24f2c7b1a2123d197f8d","name":"Redazione Italia","description":"News from the Pressenza Bureau in Italy","sameAs":["https:\/\/www.pressenza.com\/it\/author\/redazione-italia\/","https:\/\/www.facebook.com\/PressenzaItalia","https:\/\/www.instagram.com\/pressenza_italia\/","https:\/\/x.com\/pressenza_it","https:\/\/www.youtube.com\/channel\/UCSalEIWjE1RSxkwjfftFuqg"],"url":"https:\/\/www.pressenza.com\/de\/author\/redazione-italia\/"}]}},"place":"","original_article_url":"","_links":{"self":[{"href":"https:\/\/www.pressenza.com\/de\/wp-json\/wp\/v2\/posts\/338555","targetHints":{"allow":["GET"]}}],"collection":[{"href":"https:\/\/www.pressenza.com\/de\/wp-json\/wp\/v2\/posts"}],"about":[{"href":"https:\/\/www.pressenza.com\/de\/wp-json\/wp\/v2\/types\/post"}],"author":[{"embeddable":true,"href":"https:\/\/www.pressenza.com\/de\/wp-json\/wp\/v2\/users\/594"}],"replies":[{"embeddable":true,"href":"https:\/\/www.pressenza.com\/de\/wp-json\/wp\/v2\/comments?post=338555"}],"version-history":[{"count":0,"href":"https:\/\/www.pressenza.com\/de\/wp-json\/wp\/v2\/posts\/338555\/revisions"}],"wp:featuredmedia":[{"embeddable":true,"href":"https:\/\/www.pressenza.com\/de\/wp-json\/wp\/v2\/media\/160560"}],"wp:attachment":[{"href":"https:\/\/www.pressenza.com\/de\/wp-json\/wp\/v2\/media?parent=338555"}],"wp:term":[{"taxonomy":"category","embeddable":true,"href":"https:\/\/www.pressenza.com\/de\/wp-json\/wp\/v2\/categories?post=338555"},{"taxonomy":"post_tag","embeddable":true,"href":"https:\/\/www.pressenza.com\/de\/wp-json\/wp\/v2\/tags?post=338555"}],"curies":[{"name":"wp","href":"https:\/\/api.w.org\/{rel}","templated":true}]}}