{"id":334391,"date":"2016-06-28T05:32:05","date_gmt":"2016-06-28T04:32:05","guid":{"rendered":"http:\/\/www.pressenza.com\/de\/?p=334391"},"modified":"2016-06-28T05:36:37","modified_gmt":"2016-06-28T04:36:37","slug":"alternativgipfel-zu-nato-gipfel-in-warschau","status":"publish","type":"post","link":"https:\/\/www.pressenza.com\/de\/2016\/06\/alternativgipfel-zu-nato-gipfel-in-warschau\/","title":{"rendered":"Alternativgipfel zu NATO Gipfel in Warschau"},"content":{"rendered":"<p><strong>Das n\u00e4chste NATO Gipfeltreffen wird am 8. und 9. Juli in Warschau stattfinden. Der Ort ist gew\u00e4hlt gem\u00e4\u00df der momentanen Konzentration der NATO Kr\u00e4fte in Osteuropa, wo die gro\u00dfen Truppenman\u00f6ver namens \u201eS\u00e4belrasseln\u201c durchgef\u00fchrt werden, zur Abschreckung beziehungsweise Provokation Russlands. Polnische und internationale Friedensorganisationen haben sich zusammengeschlossen, um den alternativen Gipfel <a href=\"http:\/\/www.no-to-nato.org\/\">\u201eNo to war, No to NATO bases\u201c<\/a> parallel zum Militarisierungsgipfel zu veranstalten.<\/strong><\/p>\n<p><em>Moscow has already been, we do not want Washington<\/em> (Moskau war einmal, Washington wollen wir nicht) ist der Slogan f\u00fcr den Alternativgipfel und die Veranstalter zeigen damit, dass sie den als alternativlos propagierten Anschluss der osteurop\u00e4ischen Staaten an das westliche Milit\u00e4rb\u00fcndnis nicht akzeptieren. Sie sind entsetzt \u00fcber die Panzerstaffeln, die durch ihre L\u00e4nder ziehen, und die zunehmende Militarisierung ihrer Gesellschaft. Sie bef\u00fcrchten eine weitere Eskalation der Ost-West Polarisierung und einen neuen kalten Krieg.<\/p>\n<p>Die USA m\u00f6chten das schon lange ersehnte Raketenabwehrsystem in Osteuropa aufbauen, welches vorgeblich zum Schutz vor Raketen aus dem Mittleren Osten dienen soll, aber auch als Schutz vor Russland verstanden werden kann. Die dazugeh\u00f6rigen Basen sollen in Polen und Rum\u00e4nien errichtet werden. Die polnischen Friedensaktivist_innen sind nicht der Ansicht, dass die Abwehrbasis sie sicherer machen werde, im Gegenteil werde sie Polen an die Front der Feindseligkeiten schieben und zur Zielscheibe machen.<\/p>\n<p>Desweiteren hat die NATO allen Mitgliedsstaaten auferlegt, ihre Milit\u00e4rausgaben auf mindestens 2% des Staatshaushaltes zu steigern. Bundeskanzlerin Merkel hat bereits vor ein paar Tagen angek\u00fcndigt, die deutschen Milit\u00e4rausgaben zu verdoppeln, und andere NATO Staaten folgen ebenfalls kritiklos dem Aufr\u00fcsten. Die durch Medien und Politik gesch\u00fcrte Angst vor Putins Russland f\u00fchrt in osteurop\u00e4ischen L\u00e4ndern in weiten Teilen der Bev\u00f6lkerung ebenfalls zu einer kritiklosen Akzeptanz der zunehmenden milit\u00e4rischen Aktivit\u00e4ten, die bis zu Armee-Besuchen in Grundschulen und Waffen\u00fcbungen von Kindern gehen, wie Pressenza aus Polen und Tschechien bekannt geworden ist.<\/p>\n<p>Im Plenum und in Arbeitsgruppen wird beim Alternativgipfel \u00fcber Milit\u00e4rausgaben, Wettr\u00fcsten, die NATO Politik, die Terrorpolitik, die Folgen dieser Politik und alternative L\u00f6sungen beraten. Ziel ist die Vernetzung auf internationaler Ebene und der NATO-Politik eine wirkliche Sicherheitspolitik der Abr\u00fcstung und Solidarit\u00e4t entgegenzustellen.<\/p>\n","protected":false},"excerpt":{"rendered":"<p>Das n\u00e4chste NATO Gipfeltreffen wird am 8. und 9. Juli in Warschau stattfinden. Der Ort ist gew\u00e4hlt gem\u00e4\u00df der momentanen Konzentration der NATO Kr\u00e4fte in Osteuropa, wo die gro\u00dfen Truppenman\u00f6ver namens \u201eS\u00e4belrasseln\u201c durchgef\u00fchrt werden, zur Abschreckung beziehungsweise Provokation Russlands. Polnische&hellip;<\/p>\n","protected":false},"author":1091,"featured_media":334393,"comment_status":"closed","ping_status":"closed","sticky":false,"template":"","format":"standard","meta":{"footnotes":""},"categories":[9150,9167,7835,11387],"tags":[19642,28310,11654],"class_list":["post-334391","post","type-post","status-publish","format-standard","has-post-thumbnail","hentry","category-europa-de","category-frieden-und-abruestung","category-international-de","category-originalinhalt","tag-no-to-nato","tag-osteuropa","tag-polen"],"yoast_head":"<!-- This site is optimized with the Yoast SEO plugin v27.1.1 - https:\/\/yoast.com\/product\/yoast-seo-wordpress\/ -->\n<title>Alternativgipfel zu NATO Gipfel in Warschau<\/title>\n<meta name=\"description\" content=\"Das n\u00e4chste NATO Gipfeltreffen wird am 8. und 9. Juli in Warschau stattfinden. Der Ort ist gew\u00e4hlt gem\u00e4\u00df der momentanen Konzentration der NATO Kr\u00e4fte in\" \/>\n<meta name=\"robots\" content=\"index, follow, max-snippet:-1, max-image-preview:large, max-video-preview:-1\" \/>\n<link rel=\"canonical\" href=\"https:\/\/www.pressenza.com\/de\/2016\/06\/alternativgipfel-zu-nato-gipfel-in-warschau\/\" \/>\n<meta property=\"og:locale\" content=\"de_DE\" \/>\n<meta property=\"og:type\" content=\"article\" \/>\n<meta property=\"og:title\" content=\"Alternativgipfel zu NATO Gipfel in Warschau\" \/>\n<meta property=\"og:description\" content=\"Das n\u00e4chste NATO Gipfeltreffen wird am 8. und 9. Juli in Warschau stattfinden. Der Ort ist gew\u00e4hlt gem\u00e4\u00df der momentanen Konzentration der NATO Kr\u00e4fte in\" \/>\n<meta property=\"og:url\" content=\"https:\/\/www.pressenza.com\/de\/2016\/06\/alternativgipfel-zu-nato-gipfel-in-warschau\/\" \/>\n<meta property=\"og:site_name\" content=\"Pressenza\" \/>\n<meta property=\"article:publisher\" content=\"https:\/\/www.facebook.com\/PressenzaItalia\" \/>\n<meta property=\"article:published_time\" content=\"2016-06-28T04:32:05+00:00\" \/>\n<meta property=\"article:modified_time\" content=\"2016-06-28T04:36:37+00:00\" \/>\n<meta property=\"og:image\" content=\"https:\/\/www.pressenza.com\/wp-content\/uploads\/2016\/06\/Unbenannt.jpg\" \/>\n\t<meta property=\"og:image:width\" content=\"1269\" \/>\n\t<meta property=\"og:image:height\" content=\"659\" \/>\n\t<meta property=\"og:image:type\" content=\"image\/jpeg\" \/>\n<meta name=\"author\" content=\"Johanna Heuveling\" \/>\n<meta name=\"twitter:card\" content=\"summary_large_image\" \/>\n<meta name=\"twitter:creator\" content=\"@PressenzaIPA\" \/>\n<meta name=\"twitter:site\" content=\"@PressenzaIPA\" \/>\n<meta name=\"twitter:label1\" content=\"Verfasst von\" \/>\n\t<meta name=\"twitter:data1\" content=\"Johanna Heuveling\" \/>\n\t<meta name=\"twitter:label2\" content=\"Gesch\u00e4tzte Lesezeit\" \/>\n\t<meta name=\"twitter:data2\" content=\"2\u00a0Minuten\" \/>\n<script type=\"application\/ld+json\" class=\"yoast-schema-graph\">{\"@context\":\"https:\/\/schema.org\",\"@graph\":[{\"@type\":\"Article\",\"@id\":\"https:\/\/www.pressenza.com\/de\/2016\/06\/alternativgipfel-zu-nato-gipfel-in-warschau\/#article\",\"isPartOf\":{\"@id\":\"https:\/\/www.pressenza.com\/de\/2016\/06\/alternativgipfel-zu-nato-gipfel-in-warschau\/\"},\"author\":{\"name\":\"Johanna Heuveling\",\"@id\":\"https:\/\/www.pressenza.com\/de\/#\/schema\/person\/dc5d249e1ad384095a92ed36392872fc\"},\"headline\":\"Alternativgipfel zu NATO Gipfel in Warschau\",\"datePublished\":\"2016-06-28T04:32:05+00:00\",\"dateModified\":\"2016-06-28T04:36:37+00:00\",\"mainEntityOfPage\":{\"@id\":\"https:\/\/www.pressenza.com\/de\/2016\/06\/alternativgipfel-zu-nato-gipfel-in-warschau\/\"},\"wordCount\":372,\"publisher\":{\"@id\":\"https:\/\/www.pressenza.com\/de\/#organization\"},\"image\":{\"@id\":\"https:\/\/www.pressenza.com\/de\/2016\/06\/alternativgipfel-zu-nato-gipfel-in-warschau\/#primaryimage\"},\"thumbnailUrl\":\"https:\/\/www.pressenza.com\/wp-content\/uploads\/2016\/06\/Unbenannt.jpg\",\"keywords\":[\"No to NATO\",\"Osteuropa\",\"Polen\"],\"articleSection\":[\"Europa\",\"Frieden und Abr\u00fcstung\",\"International\",\"Originalinhalt\"],\"inLanguage\":\"de\"},{\"@type\":\"WebPage\",\"@id\":\"https:\/\/www.pressenza.com\/de\/2016\/06\/alternativgipfel-zu-nato-gipfel-in-warschau\/\",\"url\":\"https:\/\/www.pressenza.com\/de\/2016\/06\/alternativgipfel-zu-nato-gipfel-in-warschau\/\",\"name\":\"Alternativgipfel zu NATO Gipfel in Warschau\",\"isPartOf\":{\"@id\":\"https:\/\/www.pressenza.com\/de\/#website\"},\"primaryImageOfPage\":{\"@id\":\"https:\/\/www.pressenza.com\/de\/2016\/06\/alternativgipfel-zu-nato-gipfel-in-warschau\/#primaryimage\"},\"image\":{\"@id\":\"https:\/\/www.pressenza.com\/de\/2016\/06\/alternativgipfel-zu-nato-gipfel-in-warschau\/#primaryimage\"},\"thumbnailUrl\":\"https:\/\/www.pressenza.com\/wp-content\/uploads\/2016\/06\/Unbenannt.jpg\",\"datePublished\":\"2016-06-28T04:32:05+00:00\",\"dateModified\":\"2016-06-28T04:36:37+00:00\",\"description\":\"Das n\u00e4chste NATO Gipfeltreffen wird am 8. und 9. Juli in Warschau stattfinden. Der Ort ist gew\u00e4hlt gem\u00e4\u00df der momentanen Konzentration der NATO Kr\u00e4fte in\",\"breadcrumb\":{\"@id\":\"https:\/\/www.pressenza.com\/de\/2016\/06\/alternativgipfel-zu-nato-gipfel-in-warschau\/#breadcrumb\"},\"inLanguage\":\"de\",\"potentialAction\":[{\"@type\":\"ReadAction\",\"target\":[\"https:\/\/www.pressenza.com\/de\/2016\/06\/alternativgipfel-zu-nato-gipfel-in-warschau\/\"]}]},{\"@type\":\"ImageObject\",\"inLanguage\":\"de\",\"@id\":\"https:\/\/www.pressenza.com\/de\/2016\/06\/alternativgipfel-zu-nato-gipfel-in-warschau\/#primaryimage\",\"url\":\"https:\/\/www.pressenza.com\/wp-content\/uploads\/2016\/06\/Unbenannt.jpg\",\"contentUrl\":\"https:\/\/www.pressenza.com\/wp-content\/uploads\/2016\/06\/Unbenannt.jpg\",\"width\":1269,\"height\":659},{\"@type\":\"BreadcrumbList\",\"@id\":\"https:\/\/www.pressenza.com\/de\/2016\/06\/alternativgipfel-zu-nato-gipfel-in-warschau\/#breadcrumb\",\"itemListElement\":[{\"@type\":\"ListItem\",\"position\":1,\"name\":\"Accueil\",\"item\":\"https:\/\/www.pressenza.com\/de\/\"},{\"@type\":\"ListItem\",\"position\":2,\"name\":\"Alternativgipfel zu NATO Gipfel in Warschau\"}]},{\"@type\":\"WebSite\",\"@id\":\"https:\/\/www.pressenza.com\/de\/#website\",\"url\":\"https:\/\/www.pressenza.com\/de\/\",\"name\":\"Pressenza\",\"description\":\"International Press Agency\",\"publisher\":{\"@id\":\"https:\/\/www.pressenza.com\/de\/#organization\"},\"potentialAction\":[{\"@type\":\"SearchAction\",\"target\":{\"@type\":\"EntryPoint\",\"urlTemplate\":\"https:\/\/www.pressenza.com\/de\/?s={search_term_string}\"},\"query-input\":{\"@type\":\"PropertyValueSpecification\",\"valueRequired\":true,\"valueName\":\"search_term_string\"}}],\"inLanguage\":\"de\"},{\"@type\":\"Organization\",\"@id\":\"https:\/\/www.pressenza.com\/de\/#organization\",\"name\":\"Pressenza\",\"url\":\"https:\/\/www.pressenza.com\/de\/\",\"logo\":{\"@type\":\"ImageObject\",\"inLanguage\":\"de\",\"@id\":\"https:\/\/www.pressenza.com\/de\/#\/schema\/logo\/image\/\",\"url\":\"https:\/\/www.pressenza.com\/wp-content\/uploads\/2022\/10\/pressenza_logo_200x200.jpg\",\"contentUrl\":\"https:\/\/www.pressenza.com\/wp-content\/uploads\/2022\/10\/pressenza_logo_200x200.jpg\",\"width\":200,\"height\":200,\"caption\":\"Pressenza\"},\"image\":{\"@id\":\"https:\/\/www.pressenza.com\/de\/#\/schema\/logo\/image\/\"},\"sameAs\":[\"https:\/\/www.facebook.com\/PressenzaItalia\",\"https:\/\/x.com\/PressenzaIPA\"]},{\"@type\":\"Person\",\"@id\":\"https:\/\/www.pressenza.com\/de\/#\/schema\/person\/dc5d249e1ad384095a92ed36392872fc\",\"name\":\"Johanna Heuveling\",\"description\":\"lives in Berlin and works as a scientist and science communicator. She is also active in \\\"World without Wars and Violence\\\" and Pressenza. As a journalist she is most interested in refugee politics, weapon trade, Africa, Arts and News from Sciences.\",\"url\":\"https:\/\/www.pressenza.com\/de\/author\/johanna-heuveling\/\"}]}<\/script>\n<!-- \/ Yoast SEO plugin. -->","yoast_head_json":{"title":"Alternativgipfel zu NATO Gipfel in Warschau","description":"Das n\u00e4chste NATO Gipfeltreffen wird am 8. und 9. Juli in Warschau stattfinden. Der Ort ist gew\u00e4hlt gem\u00e4\u00df der momentanen Konzentration der NATO Kr\u00e4fte in","robots":{"index":"index","follow":"follow","max-snippet":"max-snippet:-1","max-image-preview":"max-image-preview:large","max-video-preview":"max-video-preview:-1"},"canonical":"https:\/\/www.pressenza.com\/de\/2016\/06\/alternativgipfel-zu-nato-gipfel-in-warschau\/","og_locale":"de_DE","og_type":"article","og_title":"Alternativgipfel zu NATO Gipfel in Warschau","og_description":"Das n\u00e4chste NATO Gipfeltreffen wird am 8. und 9. Juli in Warschau stattfinden. Der Ort ist gew\u00e4hlt gem\u00e4\u00df der momentanen Konzentration der NATO Kr\u00e4fte in","og_url":"https:\/\/www.pressenza.com\/de\/2016\/06\/alternativgipfel-zu-nato-gipfel-in-warschau\/","og_site_name":"Pressenza","article_publisher":"https:\/\/www.facebook.com\/PressenzaItalia","article_published_time":"2016-06-28T04:32:05+00:00","article_modified_time":"2016-06-28T04:36:37+00:00","og_image":[{"width":1269,"height":659,"url":"https:\/\/www.pressenza.com\/wp-content\/uploads\/2016\/06\/Unbenannt.jpg","type":"image\/jpeg"}],"author":"Johanna Heuveling","twitter_card":"summary_large_image","twitter_creator":"@PressenzaIPA","twitter_site":"@PressenzaIPA","twitter_misc":{"Verfasst von":"Johanna Heuveling","Gesch\u00e4tzte Lesezeit":"2\u00a0Minuten"},"schema":{"@context":"https:\/\/schema.org","@graph":[{"@type":"Article","@id":"https:\/\/www.pressenza.com\/de\/2016\/06\/alternativgipfel-zu-nato-gipfel-in-warschau\/#article","isPartOf":{"@id":"https:\/\/www.pressenza.com\/de\/2016\/06\/alternativgipfel-zu-nato-gipfel-in-warschau\/"},"author":{"name":"Johanna Heuveling","@id":"https:\/\/www.pressenza.com\/de\/#\/schema\/person\/dc5d249e1ad384095a92ed36392872fc"},"headline":"Alternativgipfel zu NATO Gipfel in Warschau","datePublished":"2016-06-28T04:32:05+00:00","dateModified":"2016-06-28T04:36:37+00:00","mainEntityOfPage":{"@id":"https:\/\/www.pressenza.com\/de\/2016\/06\/alternativgipfel-zu-nato-gipfel-in-warschau\/"},"wordCount":372,"publisher":{"@id":"https:\/\/www.pressenza.com\/de\/#organization"},"image":{"@id":"https:\/\/www.pressenza.com\/de\/2016\/06\/alternativgipfel-zu-nato-gipfel-in-warschau\/#primaryimage"},"thumbnailUrl":"https:\/\/www.pressenza.com\/wp-content\/uploads\/2016\/06\/Unbenannt.jpg","keywords":["No to NATO","Osteuropa","Polen"],"articleSection":["Europa","Frieden und Abr\u00fcstung","International","Originalinhalt"],"inLanguage":"de"},{"@type":"WebPage","@id":"https:\/\/www.pressenza.com\/de\/2016\/06\/alternativgipfel-zu-nato-gipfel-in-warschau\/","url":"https:\/\/www.pressenza.com\/de\/2016\/06\/alternativgipfel-zu-nato-gipfel-in-warschau\/","name":"Alternativgipfel zu NATO Gipfel in Warschau","isPartOf":{"@id":"https:\/\/www.pressenza.com\/de\/#website"},"primaryImageOfPage":{"@id":"https:\/\/www.pressenza.com\/de\/2016\/06\/alternativgipfel-zu-nato-gipfel-in-warschau\/#primaryimage"},"image":{"@id":"https:\/\/www.pressenza.com\/de\/2016\/06\/alternativgipfel-zu-nato-gipfel-in-warschau\/#primaryimage"},"thumbnailUrl":"https:\/\/www.pressenza.com\/wp-content\/uploads\/2016\/06\/Unbenannt.jpg","datePublished":"2016-06-28T04:32:05+00:00","dateModified":"2016-06-28T04:36:37+00:00","description":"Das n\u00e4chste NATO Gipfeltreffen wird am 8. und 9. Juli in Warschau stattfinden. Der Ort ist gew\u00e4hlt gem\u00e4\u00df der momentanen Konzentration der NATO Kr\u00e4fte in","breadcrumb":{"@id":"https:\/\/www.pressenza.com\/de\/2016\/06\/alternativgipfel-zu-nato-gipfel-in-warschau\/#breadcrumb"},"inLanguage":"de","potentialAction":[{"@type":"ReadAction","target":["https:\/\/www.pressenza.com\/de\/2016\/06\/alternativgipfel-zu-nato-gipfel-in-warschau\/"]}]},{"@type":"ImageObject","inLanguage":"de","@id":"https:\/\/www.pressenza.com\/de\/2016\/06\/alternativgipfel-zu-nato-gipfel-in-warschau\/#primaryimage","url":"https:\/\/www.pressenza.com\/wp-content\/uploads\/2016\/06\/Unbenannt.jpg","contentUrl":"https:\/\/www.pressenza.com\/wp-content\/uploads\/2016\/06\/Unbenannt.jpg","width":1269,"height":659},{"@type":"BreadcrumbList","@id":"https:\/\/www.pressenza.com\/de\/2016\/06\/alternativgipfel-zu-nato-gipfel-in-warschau\/#breadcrumb","itemListElement":[{"@type":"ListItem","position":1,"name":"Accueil","item":"https:\/\/www.pressenza.com\/de\/"},{"@type":"ListItem","position":2,"name":"Alternativgipfel zu NATO Gipfel in Warschau"}]},{"@type":"WebSite","@id":"https:\/\/www.pressenza.com\/de\/#website","url":"https:\/\/www.pressenza.com\/de\/","name":"Pressenza","description":"International Press Agency","publisher":{"@id":"https:\/\/www.pressenza.com\/de\/#organization"},"potentialAction":[{"@type":"SearchAction","target":{"@type":"EntryPoint","urlTemplate":"https:\/\/www.pressenza.com\/de\/?s={search_term_string}"},"query-input":{"@type":"PropertyValueSpecification","valueRequired":true,"valueName":"search_term_string"}}],"inLanguage":"de"},{"@type":"Organization","@id":"https:\/\/www.pressenza.com\/de\/#organization","name":"Pressenza","url":"https:\/\/www.pressenza.com\/de\/","logo":{"@type":"ImageObject","inLanguage":"de","@id":"https:\/\/www.pressenza.com\/de\/#\/schema\/logo\/image\/","url":"https:\/\/www.pressenza.com\/wp-content\/uploads\/2022\/10\/pressenza_logo_200x200.jpg","contentUrl":"https:\/\/www.pressenza.com\/wp-content\/uploads\/2022\/10\/pressenza_logo_200x200.jpg","width":200,"height":200,"caption":"Pressenza"},"image":{"@id":"https:\/\/www.pressenza.com\/de\/#\/schema\/logo\/image\/"},"sameAs":["https:\/\/www.facebook.com\/PressenzaItalia","https:\/\/x.com\/PressenzaIPA"]},{"@type":"Person","@id":"https:\/\/www.pressenza.com\/de\/#\/schema\/person\/dc5d249e1ad384095a92ed36392872fc","name":"Johanna Heuveling","description":"lives in Berlin and works as a scientist and science communicator. She is also active in \"World without Wars and Violence\" and Pressenza. As a journalist she is most interested in refugee politics, weapon trade, Africa, Arts and News from Sciences.","url":"https:\/\/www.pressenza.com\/de\/author\/johanna-heuveling\/"}]}},"place":"Warschau, Polen","original_article_url":"","_links":{"self":[{"href":"https:\/\/www.pressenza.com\/de\/wp-json\/wp\/v2\/posts\/334391","targetHints":{"allow":["GET"]}}],"collection":[{"href":"https:\/\/www.pressenza.com\/de\/wp-json\/wp\/v2\/posts"}],"about":[{"href":"https:\/\/www.pressenza.com\/de\/wp-json\/wp\/v2\/types\/post"}],"author":[{"embeddable":true,"href":"https:\/\/www.pressenza.com\/de\/wp-json\/wp\/v2\/users\/1091"}],"replies":[{"embeddable":true,"href":"https:\/\/www.pressenza.com\/de\/wp-json\/wp\/v2\/comments?post=334391"}],"version-history":[{"count":0,"href":"https:\/\/www.pressenza.com\/de\/wp-json\/wp\/v2\/posts\/334391\/revisions"}],"wp:featuredmedia":[{"embeddable":true,"href":"https:\/\/www.pressenza.com\/de\/wp-json\/wp\/v2\/media\/334393"}],"wp:attachment":[{"href":"https:\/\/www.pressenza.com\/de\/wp-json\/wp\/v2\/media?parent=334391"}],"wp:term":[{"taxonomy":"category","embeddable":true,"href":"https:\/\/www.pressenza.com\/de\/wp-json\/wp\/v2\/categories?post=334391"},{"taxonomy":"post_tag","embeddable":true,"href":"https:\/\/www.pressenza.com\/de\/wp-json\/wp\/v2\/tags?post=334391"}],"curies":[{"name":"wp","href":"https:\/\/api.w.org\/{rel}","templated":true}]}}