{"id":310165,"date":"2016-05-03T15:20:02","date_gmt":"2016-05-03T14:20:02","guid":{"rendered":"http:\/\/www.pressenza.com\/de\/?p=310165"},"modified":"2016-05-03T15:22:24","modified_gmt":"2016-05-03T14:22:24","slug":"judith-gleitze-von-borderline-europe-hauptsache-die-grenzen-sind-dicht","status":"publish","type":"post","link":"https:\/\/www.pressenza.com\/de\/2016\/05\/judith-gleitze-von-borderline-europe-hauptsache-die-grenzen-sind-dicht\/","title":{"rendered":"Judith Gleitze von Borderline Europe: Hauptsache die Grenzen sind dicht"},"content":{"rendered":"<p><strong><em>Die EU will dichte Grenzen, unabh\u00e4ngig von den menschlichen Kosten. Gleichzeitig verursachen Kriege, Waffenexporte und grenzenloser Reichtum im Westen die Fl\u00fcchtlingsstr\u00f6me. Und ins Mittelmeer wird eine Grenze geschnitten.\u00a0Judith Gleitze Leiterin des B\u00fcros von <a href=\"http:\/\/www.borderline-europe.de\/\">Borderline Europe<\/a> in Palermo beantwortet unsere Fragen.<\/em><\/strong><\/p>\n<p><strong><em>Milena Rampoldi: Italien ist geographisch ein Land an der \u201eGrenze\u201c zwischen Europa und Afrika. Ist es aber nicht mehr ein Teil des Mittelmeerraums, das Norden und S\u00fcden vereint? Wie sehen Sie das?<\/em><\/strong><\/p>\n<p>Judith Gleitze: Italien ist und war nat\u00fcrlich ein Teil des Mittelmeerraums, doch leider gilt die Globalisierung nur f\u00fcr Waren, nicht f\u00fcr Menschen. Konnten Tunesier_innen fr\u00fcher ohne ein Visum nach Italien reisen so ist dies schon lange nicht mehr m\u00f6glich, w\u00e4hrend wir hier einfach die F\u00e4hre nach Tunis besteigen k\u00f6nnen. Die unsichtbare Grenze ist auf dem Meer gezogen worden, inzwischen ist sie faktisch externalisiert in Richtung nordafrikanische Staaten. Sprich: diese sind angehalten, f\u00fcr die EU die Migrant_innen auf ihrer Flucht aufzuhalten. Daf\u00fcr werden sie dann von der EU bezahlt. Das kann mit einem Land wie Libyen nat\u00fcrlich nur in einem sehr geringen Ma\u00dfe funktionieren. Die EU m\u00f6chte am liebsten sofort Vertr\u00e4ge mit Libyen machen, so wie mit der T\u00fcrkei, um die Fl\u00fcchtenden aufzuhalten. Doch kann man in Libyen wohl kaum von einer stabilen Regierung sprechen. Das jedoch scheint den europ\u00e4ischen Regierungsoberh\u00e4uptern egal zu sein \u2013 Hauptsache die Grenzen sind dicht. Somit kann sich also auch ein Aussengrenzland im Mittelmeerraum als Mitgliedsstaat der EU diesem Grenzregime nicht entziehen.<\/p>\n<p><strong><em>Wie kann man als Europ\u00e4er diese Toten im Mittelmeer noch verkraften und rechtfertigen. Menschen lassen sich nicht aufhalten. Wie k\u00f6nnen wir diesen Menschen helfen?<\/em><\/strong><\/p>\n<p>Das Sterben kann man nicht rechtfertigen, es gibt keinerlei guten Grund daf\u00fcr, so zu handeln. Wir alle, die wir uns als Menschen f\u00fchlen, die auch die eigenen Rechte verteidigt sehen wollen, d\u00fcrfen nicht vor den Rechten anderer die Augen verschlie\u00dfen, hier darf es keine zwei Ma\u00dfst\u00e4be geben. Als Deutsche, Italiener_innen und viele andere Europ\u00e4er_innen ihre Heimat verlassen mussten, weil sie dort keinerlei Lebensgrundlage hatten, forderten auch sie die Aufnahme in anderen Staaten, die ihnen eine \u00dcberlebenschance versprachen. Haben wir das alles vergessen? Gar nicht zu reden von den Kriegen, die auf europ\u00e4ischen Territorium stattgefunden haben. Haben wir es da nicht verurteilt, wenn man den Fl\u00fcchtenden nicht helfen wollte? Wir m\u00fcssen unsere Mitmenschen davon \u00fcberzeugen, dass es keine Mehrklassen-Menschheit gibt, Mensch ist Mensch, jedeR hat das Recht auf ein menschenw\u00fcrdiges Leben. Nur wenn wir alle das so sehen, kann sich die Gesellschaft \u00e4ndern und \u00f6ffnen.<\/p>\n<div id=\"attachment_310179\" class=\"wp-caption aligncenter\"><img loading=\"lazy\" decoding=\"async\" aria-describedby=\"caption-attachment-310179\" class=\"wp-image-310179 size-full\" src=\"http:\/\/www.pressenza.com\/wp-content\/uploads\/2016\/05\/judithgleitze103_v-contentgross.jpg\" alt=\"judithgleitze103_v-contentgross\" width=\"568\" height=\"320\" srcset=\"https:\/\/www.pressenza.com\/wp-content\/uploads\/2016\/05\/judithgleitze103_v-contentgross.jpg 568w, https:\/\/www.pressenza.com\/wp-content\/uploads\/2016\/05\/judithgleitze103_v-contentgross-300x169.jpg 300w\" sizes=\"auto, (max-width: 568px) 100vw, 568px\" \/><p id=\"caption-attachment-310179\" class=\"wp-caption-text\">Judith Gleitze, Leiterin des B\u00fcros von Borderline Europe in Palermo.<\/p><\/div>\n<p><em><strong>Welche sind die Ursachen der Fl\u00fcchtlingskrise?<\/strong><\/em><\/p>\n<p>Ursachen gibt es viele, das ist eine sehr weit gefasste Frage. Von politischer Verfolgung in Regimen, die zum Teil auch durch die westliche Welt gest\u00fctzt werden \u00fcber Naturkatastrophen (die nicht in der Genfer Fl\u00fcchtlingskonvention erfasst sind, obwohl der Klimawandel einen immer erheblicheren Teil der Fluchtursachen ausmacht) \u00fcber B\u00fcrgerkriege und das schlichte \u00dcberleben, das in der Heimat nicht m\u00f6glich ist, alles dies sind Gr\u00fcnde zur Flucht. Zu untersch\u00e4tzen ist auch hier nicht, dass westliche Staaten oftmals mit Schuld sind an sozio\u00f6konomisch entstandenen Fluchtgr\u00fcnden haben: nehmen wir hier z.B. den Fischfang vor den K\u00fcsten Senegals, den Verkauf von Billigh\u00fchnerteilen nach Ghana \u2013 all dies macht die lokale Wirtschaft kaputt.<\/p>\n<p><em><strong>Wer Waffen verkauft, erntet Fl\u00fcchtlinge. Wie sehen Sie das?<\/strong><\/em><\/p>\n<p>Dem kann ich nur zustimmen. Eine kriegerische Auseinandersetzung, egal aus welchem Grund, mit welchen Hintergr\u00fcnden, schafft immer Gefl\u00fcchtete. Vor allem, wenn sich fremde Staaten in einen Konflikt einmischen und somit die Auseinandersetzung immer weiter vorantreiben.<\/p>\n<p><strong><em>Welche sind Ihre Hauptaufgaben bei borderline-europe?<\/em><\/strong><\/p>\n<p>Ich leite die Au\u00dfenstelle Italien in Sizilien. Neben einem Teil der Gesch\u00e4ftsf\u00fchrung des Vereins borderline-europe e.V. mit Sitz in Berlin ist mein B\u00fcro haupts\u00e4chlich zust\u00e4ndig f\u00fcr die Recherchen und die Informationsvermittlung zum Thema Mittelmeerraum, speziell Italien. Wir arbeiten in einem Netzwerk von Organisationen, um die Situation von Gefl\u00fcchteten in Italien bekannter zu machen und gemeinsam Strategien zu entwickeln. Aber das Wichtigste hierf\u00fcr ist eine Informationsgrundlage, die versuchen wir zu schaffen. Dazu dienen die Homepage, Berichte \u00fcber die Situation in Italien\/Sizilien, Veranstaltungen, Projekte zu diversen Schwerpunktthemen. Ohne eine lokale Netzwerkarbeit w\u00e4re dies nicht m\u00f6glich.<\/p>\n<p><strong><em>Wie wichtig ist Fl\u00fcchtlingsarbeit in Italien und f\u00fcr Italien heute?<\/em><\/strong><\/p>\n<p>Italien steht als Aussengrenzland auch weiterhin im Mittelpunkt des Geschehens, daran hat auch die Situation auf der Balkanroute nichts ge\u00e4ndert. Die Europ\u00e4ische Union hat inzwischen ihre Werte und Normen vergessen, das Bild des Gefl\u00fcchteten als ein gro\u00dfes, unbekanntes Sicherheitsproblem hat sich derzeit in den meisten europ\u00e4ischen Staaten durchgesetzt, somit dann auch die Bek\u00e4mpfung dieses \u201eSicherheitsproblems\u201c. Italien als Au\u00dfengrenzland hat die unliebsame Aufgabe, dar\u00fcber zu wachen, dass hier niemand ungesehen hereinkommt. Derzeit finden jedoch gleichzeitig t\u00e4glich Seenotrettungen stand \u2013 letztendlich eine Heuchelei, wenn gleichzeitig die Abschottung deklariert wird \u2013 warum schafft man dann nicht legale Einreisewege, wenn doch sowieso gerettet wird? Italien wird, wie Griechenland auch, als Land an der europ\u00e4ischen Au\u00dfengrenze immer eine gro\u00dfe Rolle spielen, solange sich diese Politikverst\u00e4ndnis nicht \u00e4ndert. Daher muss nat\u00fcrlich auch hier genau geschaut werden, was denn mit den Ankommenden passiert. Wo werden sie hingebracht, was bedeutet das europ\u00e4ischen Abschottungssystem faktisch f\u00fcr sie? Hier auf Sizilien hei\u00dft es f\u00fcr viele, dass sie nach einer strapazi\u00f6sen Flucht, die viele nicht \u00fcberleben, und der Rettung auf See dann doch im Nichts landen, angekommen und sofort illegalisiert, denn viele haben nicht einmal die Chance auf eine Asylantragstellung, da sie aus einem angeblich sicheren Land kommen. Doch das ist ein klarer Rechtsbruch \u2013 jeder Mensch hat das Recht auf die Stellung eines Asylantrages, danach wird entschieden, ob sie oder er bleiben kann. Das Unterbringungssystem in Italien ist seit Jahren dem Notstand geschuldet, es gibt viele verschiedene Unterbringungstypen, es herrscht das Chaos, und viele dieser Zentren bestehen ohne eine gesetzliche Grundlage. Es gibt sehr viel zu tun, hier in Italien und \u00fcberall.<\/p>\n<div data-canvas-width=\"311.6827066666666\"><em>Weiterf\u00fchrende Information:<\/em><\/div>\n<div data-canvas-width=\"311.6827066666666\"><em><a href=\"http:\/\/www.borderline-europe.de\/sites\/default\/files\/readingtips\/2016_02_12_borderline-europe_Sizilien.pdf\">Bericht zur Situation von Gefl\u00fcchteten in der Region Sizilien<\/a><\/em><\/div>\n","protected":false},"excerpt":{"rendered":"<p>Die EU will dichte Grenzen, unabh\u00e4ngig von den menschlichen Kosten. Gleichzeitig verursachen Kriege, Waffenexporte und grenzenloser Reichtum im Westen die Fl\u00fcchtlingsstr\u00f6me. Und ins Mittelmeer wird eine Grenze geschnitten.\u00a0Judith Gleitze Leiterin des B\u00fcros von Borderline Europe in Palermo beantwortet unsere Fragen.&hellip;<\/p>\n","protected":false},"author":1149,"featured_media":310166,"comment_status":"closed","ping_status":"closed","sticky":false,"template":"","format":"standard","meta":{"footnotes":""},"categories":[9150,7835,9142,9161,9165],"tags":[26705,13412,9220,9219,26706,25614],"class_list":["post-310165","post","type-post","status-publish","format-standard","has-post-thumbnail","hentry","category-europa-de","category-international-de","category-interviews-de","category-menschenrechte","category-vielfalt","tag-borderline-europa","tag-eu-fluechtlingspolitik","tag-festung-europa","tag-fluchtlinge","tag-judith-gleitze","tag-sizilien"],"yoast_head":"<!-- This site is optimized with the Yoast SEO plugin v27.1.1 - https:\/\/yoast.com\/product\/yoast-seo-wordpress\/ -->\n<title>Judith Gleitze von Borderline Europe: Hauptsache die Grenzen sind dicht<\/title>\n<meta name=\"description\" content=\"Die EU will dichte Grenzen, unabh\u00e4ngig von den menschlichen Kosten. Gleichzeitig verursachen Kriege, Waffenexporte und grenzenloser Reichtum im Westen die\" \/>\n<meta name=\"robots\" content=\"index, follow, max-snippet:-1, max-image-preview:large, max-video-preview:-1\" \/>\n<link rel=\"canonical\" href=\"https:\/\/www.pressenza.com\/de\/2016\/05\/judith-gleitze-von-borderline-europe-hauptsache-die-grenzen-sind-dicht\/\" \/>\n<meta property=\"og:locale\" content=\"de_DE\" \/>\n<meta property=\"og:type\" content=\"article\" \/>\n<meta property=\"og:title\" content=\"Judith Gleitze von Borderline Europe: Hauptsache die Grenzen sind dicht\" \/>\n<meta property=\"og:description\" content=\"Die EU will dichte Grenzen, unabh\u00e4ngig von den menschlichen Kosten. Gleichzeitig verursachen Kriege, Waffenexporte und grenzenloser Reichtum im Westen die\" \/>\n<meta property=\"og:url\" content=\"https:\/\/www.pressenza.com\/de\/2016\/05\/judith-gleitze-von-borderline-europe-hauptsache-die-grenzen-sind-dicht\/\" \/>\n<meta property=\"og:site_name\" content=\"Pressenza\" \/>\n<meta property=\"article:publisher\" content=\"https:\/\/www.facebook.com\/PressenzaItalia\" \/>\n<meta property=\"article:published_time\" content=\"2016-05-03T14:20:02+00:00\" \/>\n<meta property=\"article:modified_time\" content=\"2016-05-03T14:22:24+00:00\" \/>\n<meta property=\"og:image\" content=\"https:\/\/www.pressenza.com\/wp-content\/uploads\/2016\/05\/sizilien-1.jpg\" \/>\n\t<meta property=\"og:image:width\" content=\"805\" \/>\n\t<meta property=\"og:image:height\" content=\"605\" \/>\n\t<meta property=\"og:image:type\" content=\"image\/jpeg\" \/>\n<meta name=\"author\" content=\"Milena Rampoldi\" \/>\n<meta name=\"twitter:card\" content=\"summary_large_image\" \/>\n<meta name=\"twitter:creator\" content=\"@PressenzaIPA\" \/>\n<meta name=\"twitter:site\" content=\"@PressenzaIPA\" \/>\n<meta name=\"twitter:label1\" content=\"Verfasst von\" \/>\n\t<meta name=\"twitter:data1\" content=\"Milena Rampoldi\" \/>\n\t<meta name=\"twitter:label2\" content=\"Gesch\u00e4tzte Lesezeit\" \/>\n\t<meta name=\"twitter:data2\" content=\"5\u00a0Minuten\" \/>\n<script type=\"application\/ld+json\" class=\"yoast-schema-graph\">{\"@context\":\"https:\/\/schema.org\",\"@graph\":[{\"@type\":\"Article\",\"@id\":\"https:\/\/www.pressenza.com\/de\/2016\/05\/judith-gleitze-von-borderline-europe-hauptsache-die-grenzen-sind-dicht\/#article\",\"isPartOf\":{\"@id\":\"https:\/\/www.pressenza.com\/de\/2016\/05\/judith-gleitze-von-borderline-europe-hauptsache-die-grenzen-sind-dicht\/\"},\"author\":{\"name\":\"Milena Rampoldi\",\"@id\":\"https:\/\/www.pressenza.com\/de\/#\/schema\/person\/1f3113f1dbef2a8376909f563854e5e5\"},\"headline\":\"Judith Gleitze von Borderline Europe: Hauptsache die Grenzen sind dicht\",\"datePublished\":\"2016-05-03T14:20:02+00:00\",\"dateModified\":\"2016-05-03T14:22:24+00:00\",\"mainEntityOfPage\":{\"@id\":\"https:\/\/www.pressenza.com\/de\/2016\/05\/judith-gleitze-von-borderline-europe-hauptsache-die-grenzen-sind-dicht\/\"},\"wordCount\":1060,\"publisher\":{\"@id\":\"https:\/\/www.pressenza.com\/de\/#organization\"},\"image\":{\"@id\":\"https:\/\/www.pressenza.com\/de\/2016\/05\/judith-gleitze-von-borderline-europe-hauptsache-die-grenzen-sind-dicht\/#primaryimage\"},\"thumbnailUrl\":\"https:\/\/www.pressenza.com\/wp-content\/uploads\/2016\/05\/sizilien-1.jpg\",\"keywords\":[\"Borderline Europa\",\"EU Fl\u00fcchtlingspolitik\",\"Festung Europa\",\"Fl\u00fcchtlinge\",\"Judith Gleitze\",\"Sizilien\"],\"articleSection\":[\"Europa\",\"International\",\"Interviews\",\"Menschenrechte\",\"Vielfalt\"],\"inLanguage\":\"de\"},{\"@type\":\"WebPage\",\"@id\":\"https:\/\/www.pressenza.com\/de\/2016\/05\/judith-gleitze-von-borderline-europe-hauptsache-die-grenzen-sind-dicht\/\",\"url\":\"https:\/\/www.pressenza.com\/de\/2016\/05\/judith-gleitze-von-borderline-europe-hauptsache-die-grenzen-sind-dicht\/\",\"name\":\"Judith Gleitze von Borderline Europe: Hauptsache die Grenzen sind dicht\",\"isPartOf\":{\"@id\":\"https:\/\/www.pressenza.com\/de\/#website\"},\"primaryImageOfPage\":{\"@id\":\"https:\/\/www.pressenza.com\/de\/2016\/05\/judith-gleitze-von-borderline-europe-hauptsache-die-grenzen-sind-dicht\/#primaryimage\"},\"image\":{\"@id\":\"https:\/\/www.pressenza.com\/de\/2016\/05\/judith-gleitze-von-borderline-europe-hauptsache-die-grenzen-sind-dicht\/#primaryimage\"},\"thumbnailUrl\":\"https:\/\/www.pressenza.com\/wp-content\/uploads\/2016\/05\/sizilien-1.jpg\",\"datePublished\":\"2016-05-03T14:20:02+00:00\",\"dateModified\":\"2016-05-03T14:22:24+00:00\",\"description\":\"Die EU will dichte Grenzen, unabh\u00e4ngig von den menschlichen Kosten. Gleichzeitig verursachen Kriege, Waffenexporte und grenzenloser Reichtum im Westen die\",\"breadcrumb\":{\"@id\":\"https:\/\/www.pressenza.com\/de\/2016\/05\/judith-gleitze-von-borderline-europe-hauptsache-die-grenzen-sind-dicht\/#breadcrumb\"},\"inLanguage\":\"de\",\"potentialAction\":[{\"@type\":\"ReadAction\",\"target\":[\"https:\/\/www.pressenza.com\/de\/2016\/05\/judith-gleitze-von-borderline-europe-hauptsache-die-grenzen-sind-dicht\/\"]}]},{\"@type\":\"ImageObject\",\"inLanguage\":\"de\",\"@id\":\"https:\/\/www.pressenza.com\/de\/2016\/05\/judith-gleitze-von-borderline-europe-hauptsache-die-grenzen-sind-dicht\/#primaryimage\",\"url\":\"https:\/\/www.pressenza.com\/wp-content\/uploads\/2016\/05\/sizilien-1.jpg\",\"contentUrl\":\"https:\/\/www.pressenza.com\/wp-content\/uploads\/2016\/05\/sizilien-1.jpg\",\"width\":805,\"height\":605},{\"@type\":\"BreadcrumbList\",\"@id\":\"https:\/\/www.pressenza.com\/de\/2016\/05\/judith-gleitze-von-borderline-europe-hauptsache-die-grenzen-sind-dicht\/#breadcrumb\",\"itemListElement\":[{\"@type\":\"ListItem\",\"position\":1,\"name\":\"Accueil\",\"item\":\"https:\/\/www.pressenza.com\/de\/\"},{\"@type\":\"ListItem\",\"position\":2,\"name\":\"Judith Gleitze von Borderline Europe: Hauptsache die Grenzen sind dicht\"}]},{\"@type\":\"WebSite\",\"@id\":\"https:\/\/www.pressenza.com\/de\/#website\",\"url\":\"https:\/\/www.pressenza.com\/de\/\",\"name\":\"Pressenza\",\"description\":\"International Press Agency\",\"publisher\":{\"@id\":\"https:\/\/www.pressenza.com\/de\/#organization\"},\"potentialAction\":[{\"@type\":\"SearchAction\",\"target\":{\"@type\":\"EntryPoint\",\"urlTemplate\":\"https:\/\/www.pressenza.com\/de\/?s={search_term_string}\"},\"query-input\":{\"@type\":\"PropertyValueSpecification\",\"valueRequired\":true,\"valueName\":\"search_term_string\"}}],\"inLanguage\":\"de\"},{\"@type\":\"Organization\",\"@id\":\"https:\/\/www.pressenza.com\/de\/#organization\",\"name\":\"Pressenza\",\"url\":\"https:\/\/www.pressenza.com\/de\/\",\"logo\":{\"@type\":\"ImageObject\",\"inLanguage\":\"de\",\"@id\":\"https:\/\/www.pressenza.com\/de\/#\/schema\/logo\/image\/\",\"url\":\"https:\/\/www.pressenza.com\/wp-content\/uploads\/2022\/10\/pressenza_logo_200x200.jpg\",\"contentUrl\":\"https:\/\/www.pressenza.com\/wp-content\/uploads\/2022\/10\/pressenza_logo_200x200.jpg\",\"width\":200,\"height\":200,\"caption\":\"Pressenza\"},\"image\":{\"@id\":\"https:\/\/www.pressenza.com\/de\/#\/schema\/logo\/image\/\"},\"sameAs\":[\"https:\/\/www.facebook.com\/PressenzaItalia\",\"https:\/\/x.com\/PressenzaIPA\"]},{\"@type\":\"Person\",\"@id\":\"https:\/\/www.pressenza.com\/de\/#\/schema\/person\/1f3113f1dbef2a8376909f563854e5e5\",\"name\":\"Milena Rampoldi\",\"description\":\"Milena Rampoldi \u00e8 nata a Bolzano nel 1973 e dopo i suoi studi teologici, pedagogici, filosofici e orientali in Italia ha proseguito con il dottorato di arabistica sul tema della didattica arabofona del Corano a Vienna. Insegnante di lingue e traduttrice, da anni si occupa di storia e religione islamica, di questioni politiche ed umanitarie, di femminismo e diritti umani e di storia medio-orientale ed africana. Tra le varie pubblicazioni, soprattutto in lingua tedesca, figurano i testi italiani sui Corsari del Mediterraneo e sul filosofo Ren\u00e9 Gu\u00e9non. E' promotrice dell'Associazione per il dialogo interculturale e interreligioso Promosaik www.promosaik.com\",\"url\":\"https:\/\/www.pressenza.com\/de\/author\/milena-rampoldi\/\"}]}<\/script>\n<!-- \/ Yoast SEO plugin. -->","yoast_head_json":{"title":"Judith Gleitze von Borderline Europe: Hauptsache die Grenzen sind dicht","description":"Die EU will dichte Grenzen, unabh\u00e4ngig von den menschlichen Kosten. Gleichzeitig verursachen Kriege, Waffenexporte und grenzenloser Reichtum im Westen die","robots":{"index":"index","follow":"follow","max-snippet":"max-snippet:-1","max-image-preview":"max-image-preview:large","max-video-preview":"max-video-preview:-1"},"canonical":"https:\/\/www.pressenza.com\/de\/2016\/05\/judith-gleitze-von-borderline-europe-hauptsache-die-grenzen-sind-dicht\/","og_locale":"de_DE","og_type":"article","og_title":"Judith Gleitze von Borderline Europe: Hauptsache die Grenzen sind dicht","og_description":"Die EU will dichte Grenzen, unabh\u00e4ngig von den menschlichen Kosten. Gleichzeitig verursachen Kriege, Waffenexporte und grenzenloser Reichtum im Westen die","og_url":"https:\/\/www.pressenza.com\/de\/2016\/05\/judith-gleitze-von-borderline-europe-hauptsache-die-grenzen-sind-dicht\/","og_site_name":"Pressenza","article_publisher":"https:\/\/www.facebook.com\/PressenzaItalia","article_published_time":"2016-05-03T14:20:02+00:00","article_modified_time":"2016-05-03T14:22:24+00:00","og_image":[{"width":805,"height":605,"url":"https:\/\/www.pressenza.com\/wp-content\/uploads\/2016\/05\/sizilien-1.jpg","type":"image\/jpeg"}],"author":"Milena Rampoldi","twitter_card":"summary_large_image","twitter_creator":"@PressenzaIPA","twitter_site":"@PressenzaIPA","twitter_misc":{"Verfasst von":"Milena Rampoldi","Gesch\u00e4tzte Lesezeit":"5\u00a0Minuten"},"schema":{"@context":"https:\/\/schema.org","@graph":[{"@type":"Article","@id":"https:\/\/www.pressenza.com\/de\/2016\/05\/judith-gleitze-von-borderline-europe-hauptsache-die-grenzen-sind-dicht\/#article","isPartOf":{"@id":"https:\/\/www.pressenza.com\/de\/2016\/05\/judith-gleitze-von-borderline-europe-hauptsache-die-grenzen-sind-dicht\/"},"author":{"name":"Milena Rampoldi","@id":"https:\/\/www.pressenza.com\/de\/#\/schema\/person\/1f3113f1dbef2a8376909f563854e5e5"},"headline":"Judith Gleitze von Borderline Europe: Hauptsache die Grenzen sind dicht","datePublished":"2016-05-03T14:20:02+00:00","dateModified":"2016-05-03T14:22:24+00:00","mainEntityOfPage":{"@id":"https:\/\/www.pressenza.com\/de\/2016\/05\/judith-gleitze-von-borderline-europe-hauptsache-die-grenzen-sind-dicht\/"},"wordCount":1060,"publisher":{"@id":"https:\/\/www.pressenza.com\/de\/#organization"},"image":{"@id":"https:\/\/www.pressenza.com\/de\/2016\/05\/judith-gleitze-von-borderline-europe-hauptsache-die-grenzen-sind-dicht\/#primaryimage"},"thumbnailUrl":"https:\/\/www.pressenza.com\/wp-content\/uploads\/2016\/05\/sizilien-1.jpg","keywords":["Borderline Europa","EU Fl\u00fcchtlingspolitik","Festung Europa","Fl\u00fcchtlinge","Judith Gleitze","Sizilien"],"articleSection":["Europa","International","Interviews","Menschenrechte","Vielfalt"],"inLanguage":"de"},{"@type":"WebPage","@id":"https:\/\/www.pressenza.com\/de\/2016\/05\/judith-gleitze-von-borderline-europe-hauptsache-die-grenzen-sind-dicht\/","url":"https:\/\/www.pressenza.com\/de\/2016\/05\/judith-gleitze-von-borderline-europe-hauptsache-die-grenzen-sind-dicht\/","name":"Judith Gleitze von Borderline Europe: Hauptsache die Grenzen sind dicht","isPartOf":{"@id":"https:\/\/www.pressenza.com\/de\/#website"},"primaryImageOfPage":{"@id":"https:\/\/www.pressenza.com\/de\/2016\/05\/judith-gleitze-von-borderline-europe-hauptsache-die-grenzen-sind-dicht\/#primaryimage"},"image":{"@id":"https:\/\/www.pressenza.com\/de\/2016\/05\/judith-gleitze-von-borderline-europe-hauptsache-die-grenzen-sind-dicht\/#primaryimage"},"thumbnailUrl":"https:\/\/www.pressenza.com\/wp-content\/uploads\/2016\/05\/sizilien-1.jpg","datePublished":"2016-05-03T14:20:02+00:00","dateModified":"2016-05-03T14:22:24+00:00","description":"Die EU will dichte Grenzen, unabh\u00e4ngig von den menschlichen Kosten. Gleichzeitig verursachen Kriege, Waffenexporte und grenzenloser Reichtum im Westen die","breadcrumb":{"@id":"https:\/\/www.pressenza.com\/de\/2016\/05\/judith-gleitze-von-borderline-europe-hauptsache-die-grenzen-sind-dicht\/#breadcrumb"},"inLanguage":"de","potentialAction":[{"@type":"ReadAction","target":["https:\/\/www.pressenza.com\/de\/2016\/05\/judith-gleitze-von-borderline-europe-hauptsache-die-grenzen-sind-dicht\/"]}]},{"@type":"ImageObject","inLanguage":"de","@id":"https:\/\/www.pressenza.com\/de\/2016\/05\/judith-gleitze-von-borderline-europe-hauptsache-die-grenzen-sind-dicht\/#primaryimage","url":"https:\/\/www.pressenza.com\/wp-content\/uploads\/2016\/05\/sizilien-1.jpg","contentUrl":"https:\/\/www.pressenza.com\/wp-content\/uploads\/2016\/05\/sizilien-1.jpg","width":805,"height":605},{"@type":"BreadcrumbList","@id":"https:\/\/www.pressenza.com\/de\/2016\/05\/judith-gleitze-von-borderline-europe-hauptsache-die-grenzen-sind-dicht\/#breadcrumb","itemListElement":[{"@type":"ListItem","position":1,"name":"Accueil","item":"https:\/\/www.pressenza.com\/de\/"},{"@type":"ListItem","position":2,"name":"Judith Gleitze von Borderline Europe: Hauptsache die Grenzen sind dicht"}]},{"@type":"WebSite","@id":"https:\/\/www.pressenza.com\/de\/#website","url":"https:\/\/www.pressenza.com\/de\/","name":"Pressenza","description":"International Press Agency","publisher":{"@id":"https:\/\/www.pressenza.com\/de\/#organization"},"potentialAction":[{"@type":"SearchAction","target":{"@type":"EntryPoint","urlTemplate":"https:\/\/www.pressenza.com\/de\/?s={search_term_string}"},"query-input":{"@type":"PropertyValueSpecification","valueRequired":true,"valueName":"search_term_string"}}],"inLanguage":"de"},{"@type":"Organization","@id":"https:\/\/www.pressenza.com\/de\/#organization","name":"Pressenza","url":"https:\/\/www.pressenza.com\/de\/","logo":{"@type":"ImageObject","inLanguage":"de","@id":"https:\/\/www.pressenza.com\/de\/#\/schema\/logo\/image\/","url":"https:\/\/www.pressenza.com\/wp-content\/uploads\/2022\/10\/pressenza_logo_200x200.jpg","contentUrl":"https:\/\/www.pressenza.com\/wp-content\/uploads\/2022\/10\/pressenza_logo_200x200.jpg","width":200,"height":200,"caption":"Pressenza"},"image":{"@id":"https:\/\/www.pressenza.com\/de\/#\/schema\/logo\/image\/"},"sameAs":["https:\/\/www.facebook.com\/PressenzaItalia","https:\/\/x.com\/PressenzaIPA"]},{"@type":"Person","@id":"https:\/\/www.pressenza.com\/de\/#\/schema\/person\/1f3113f1dbef2a8376909f563854e5e5","name":"Milena Rampoldi","description":"Milena Rampoldi \u00e8 nata a Bolzano nel 1973 e dopo i suoi studi teologici, pedagogici, filosofici e orientali in Italia ha proseguito con il dottorato di arabistica sul tema della didattica arabofona del Corano a Vienna. Insegnante di lingue e traduttrice, da anni si occupa di storia e religione islamica, di questioni politiche ed umanitarie, di femminismo e diritti umani e di storia medio-orientale ed africana. Tra le varie pubblicazioni, soprattutto in lingua tedesca, figurano i testi italiani sui Corsari del Mediterraneo e sul filosofo Ren\u00e9 Gu\u00e9non. E' promotrice dell'Associazione per il dialogo interculturale e interreligioso Promosaik www.promosaik.com","url":"https:\/\/www.pressenza.com\/de\/author\/milena-rampoldi\/"}]}},"place":"","original_article_url":"http:\/\/promosaik.blogspot.de\/2016\/05\/judith-gleitze-von-borderline-europe.html","_links":{"self":[{"href":"https:\/\/www.pressenza.com\/de\/wp-json\/wp\/v2\/posts\/310165","targetHints":{"allow":["GET"]}}],"collection":[{"href":"https:\/\/www.pressenza.com\/de\/wp-json\/wp\/v2\/posts"}],"about":[{"href":"https:\/\/www.pressenza.com\/de\/wp-json\/wp\/v2\/types\/post"}],"author":[{"embeddable":true,"href":"https:\/\/www.pressenza.com\/de\/wp-json\/wp\/v2\/users\/1149"}],"replies":[{"embeddable":true,"href":"https:\/\/www.pressenza.com\/de\/wp-json\/wp\/v2\/comments?post=310165"}],"version-history":[{"count":0,"href":"https:\/\/www.pressenza.com\/de\/wp-json\/wp\/v2\/posts\/310165\/revisions"}],"wp:featuredmedia":[{"embeddable":true,"href":"https:\/\/www.pressenza.com\/de\/wp-json\/wp\/v2\/media\/310166"}],"wp:attachment":[{"href":"https:\/\/www.pressenza.com\/de\/wp-json\/wp\/v2\/media?parent=310165"}],"wp:term":[{"taxonomy":"category","embeddable":true,"href":"https:\/\/www.pressenza.com\/de\/wp-json\/wp\/v2\/categories?post=310165"},{"taxonomy":"post_tag","embeddable":true,"href":"https:\/\/www.pressenza.com\/de\/wp-json\/wp\/v2\/tags?post=310165"}],"curies":[{"name":"wp","href":"https:\/\/api.w.org\/{rel}","templated":true}]}}