{"id":302235,"date":"2016-04-14T11:29:15","date_gmt":"2016-04-14T10:29:15","guid":{"rendered":"http:\/\/www.pressenza.com\/de\/?p=302235"},"modified":"2016-04-14T11:32:23","modified_gmt":"2016-04-14T10:32:23","slug":"eu-kommission-plant-ceta-vorlaeufig-in-kraft-zu-setzten","status":"publish","type":"post","link":"https:\/\/www.pressenza.com\/de\/2016\/04\/eu-kommission-plant-ceta-vorlaeufig-in-kraft-zu-setzten\/","title":{"rendered":"EU-Kommission plant CETA vorl\u00e4ufig in Kraft zu setzten"},"content":{"rendered":"<p><strong>Die EU-Kommission plant CETA vorl\u00e4ufig in Kraft treten zu lassen, bevor Bundestag und Bundesrat sich damit befasst haben. Gestern sorgten \u00c4u\u00dferungen von Staatssekret\u00e4r Beckmeyer f\u00fcr Aufsehen, auch die Bundesregierung w\u00fcrde im EU-Rat f\u00fcr eine vorl\u00e4ufige Anwendung von CETA stimmen. \u201cEin so weitreichendes Handelsabkommen wie CETA greift tief in die Kompetenzen der Mitgliedsstaaten ein. Auch Bundestag und Bundesrat m\u00fcssen dar\u00fcber entscheiden. Gabriel steht bei den B\u00fcrgern im Wort. Er muss im EU-Rat gegen die vorl\u00e4ufige Anwendung von CETA stimmen\u201d sagt J\u00f6rn Alexander von <a href=\"https:\/\/www.campact.de\/\">Campact<\/a>.<\/strong><\/p>\n<p><span style=\"font-size: 10.5pt; font-family: 'Arial','sans-serif';\">Aus Anlass der Begegnung zwischen Bundeswirtschaftsminister Sigmar Gabriel (SPD) und der kanadischen Handelsministerin Chrystia Freeland demonstrieren heute B\u00fcrger vor dem Bundeswirtschaftsministerium gegen das EU-Kanada-Abkommen CETA. Zu der spontanen Kundgebung aufgerufen hat die B\u00fcrgerbewegung Campact, die bundesweit bereits \u00fcber 400 000 Unterschriften gegen das Handelsabkommen gesammelt hat.<\/span><\/p>\n<p><span style=\"font-size: 10.5pt; font-family: 'Arial','sans-serif';\">Die EU-Kommission plant CETA vorl\u00e4ufig in Kraft treten zu lassen, bevor Bundestag und Bundesrat sich damit befasst haben. Gestern sorgten \u00c4u\u00dferungen von Staatssekret\u00e4r Beckmeyer im Wirtschaftsausschuss des Bundestags f\u00fcr Aufsehen, auch die Bundesregierung w\u00fcrde im EU-Rat f\u00fcr eine vorl\u00e4ufige Anwendung von CETA stimmen.<\/span><\/p>\n<p><span style=\"font-size: 10.5pt; font-family: 'Arial','sans-serif';\">\u201cEin so weitreichendes Handelsabkommen wie CETA greift tief in die Kompetenzen der Mitgliedsstaaten ein. Auch Bundestag und Bundesrat m\u00fcssen dar\u00fcber entscheiden. Gabriel steht bei den B\u00fcrgern im Wort. Er muss im EU-Rat gegen die vorl\u00e4ufige Anwendung von CETA stimmen\u201d sagt J\u00f6rn Alexander von Campact.<\/span><\/p>\n<p><span style=\"font-size: 10.5pt; font-family: 'Arial','sans-serif';\">Das Freihandelsabkommen CETA enth\u00e4lt die umstrittenen Sonderklagerechte f\u00fcr Konzerne. Als erstes Abkommen mit einem Negativlisten-Ansatz f\u00fcr Dienstleistungen h\u00e4tte es weitreichende Folgen: Grunds\u00e4tzlich w\u00e4ren so alle Dienstleistungen den Liberalisierungsverpflichtungen unterworfen, die nicht beim Abschluss des Vertrags explizit ausgenommen sind. Umwelt- und Verbraucherschutzorganisationen, Kultur- und Sozialverb\u00e4nde \u00fcben massive Kritik an dem Abkommen. Auch der Deutsche Gewerkschaftsbund kritisiert CETA in seiner j\u00fcngsten Stellungnahme und fordert Nachverhandlungen.<\/span><\/p>\n","protected":false},"excerpt":{"rendered":"<p>Die EU-Kommission plant CETA vorl\u00e4ufig in Kraft treten zu lassen, bevor Bundestag und Bundesrat sich damit befasst haben. Gestern sorgten \u00c4u\u00dferungen von Staatssekret\u00e4r Beckmeyer f\u00fcr Aufsehen, auch die Bundesregierung w\u00fcrde im EU-Rat f\u00fcr eine vorl\u00e4ufige Anwendung von CETA stimmen. \u201cEin&hellip;<\/p>\n","protected":false},"author":1095,"featured_media":302236,"comment_status":"closed","ping_status":"closed","sticky":false,"template":"","format":"standard","meta":{"footnotes":""},"categories":[7835,9168,9145,9158],"tags":[11891,19477,12824,11848],"class_list":["post-302235","post","type-post","status-publish","format-standard","has-post-thumbnail","hentry","category-international-de","category-politik","category-pressemitteilungen","category-wirtschaft","tag-ceta-de","tag-eu-kommission","tag-freihandelsabkommen","tag-kanada"],"yoast_head":"<!-- This site is optimized with the Yoast SEO plugin v27.1.1 - https:\/\/yoast.com\/product\/yoast-seo-wordpress\/ -->\n<title>EU-Kommission plant CETA vorl\u00e4ufig in Kraft zu setzten<\/title>\n<meta name=\"description\" content=\"Die EU-Kommission plant CETA vorl\u00e4ufig in Kraft treten zu lassen, bevor Bundestag und Bundesrat sich damit befasst haben. Gestern sorgten \u00c4u\u00dferungen von\" \/>\n<meta name=\"robots\" content=\"index, follow, max-snippet:-1, max-image-preview:large, max-video-preview:-1\" \/>\n<link rel=\"canonical\" href=\"https:\/\/www.pressenza.com\/de\/2016\/04\/eu-kommission-plant-ceta-vorlaeufig-in-kraft-zu-setzten\/\" \/>\n<meta property=\"og:locale\" content=\"de_DE\" \/>\n<meta property=\"og:type\" content=\"article\" \/>\n<meta property=\"og:title\" content=\"EU-Kommission plant CETA vorl\u00e4ufig in Kraft zu setzten\" \/>\n<meta property=\"og:description\" content=\"Die EU-Kommission plant CETA vorl\u00e4ufig in Kraft treten zu lassen, bevor Bundestag und Bundesrat sich damit befasst haben. Gestern sorgten \u00c4u\u00dferungen von\" \/>\n<meta property=\"og:url\" content=\"https:\/\/www.pressenza.com\/de\/2016\/04\/eu-kommission-plant-ceta-vorlaeufig-in-kraft-zu-setzten\/\" \/>\n<meta property=\"og:site_name\" content=\"Pressenza\" \/>\n<meta property=\"article:publisher\" content=\"https:\/\/www.facebook.com\/PressenzaItalia\" \/>\n<meta property=\"article:author\" content=\"https:\/\/www.facebook.com\/Pressenza-Deutschland-sterreich-Schweiz-281675388658060\/timeline\/\" \/>\n<meta property=\"article:published_time\" content=\"2016-04-14T10:29:15+00:00\" \/>\n<meta property=\"article:modified_time\" content=\"2016-04-14T10:32:23+00:00\" \/>\n<meta property=\"og:image\" content=\"https:\/\/www.pressenza.com\/wp-content\/uploads\/2016\/04\/europa-gegen-ttip-ceta-grafikserie-bild-1-1200-630-upload-1200x630.jpg\" \/>\n\t<meta property=\"og:image:width\" content=\"1200\" \/>\n\t<meta property=\"og:image:height\" content=\"630\" \/>\n\t<meta property=\"og:image:type\" content=\"image\/jpeg\" \/>\n<meta name=\"author\" content=\"Pressenza Berlin\" \/>\n<meta name=\"twitter:card\" content=\"summary_large_image\" \/>\n<meta name=\"twitter:creator\" content=\"@pressenza_ger\" \/>\n<meta name=\"twitter:site\" content=\"@PressenzaIPA\" \/>\n<meta name=\"twitter:label1\" content=\"Verfasst von\" \/>\n\t<meta name=\"twitter:data1\" content=\"Pressenza Berlin\" \/>\n\t<meta name=\"twitter:label2\" content=\"Gesch\u00e4tzte Lesezeit\" \/>\n\t<meta name=\"twitter:data2\" content=\"2\u00a0Minuten\" \/>\n<script type=\"application\/ld+json\" class=\"yoast-schema-graph\">{\"@context\":\"https:\/\/schema.org\",\"@graph\":[{\"@type\":\"Article\",\"@id\":\"https:\/\/www.pressenza.com\/de\/2016\/04\/eu-kommission-plant-ceta-vorlaeufig-in-kraft-zu-setzten\/#article\",\"isPartOf\":{\"@id\":\"https:\/\/www.pressenza.com\/de\/2016\/04\/eu-kommission-plant-ceta-vorlaeufig-in-kraft-zu-setzten\/\"},\"author\":{\"name\":\"Pressenza Berlin\",\"@id\":\"https:\/\/www.pressenza.com\/de\/#\/schema\/person\/57bb5480943a496a7722b0248e4b658a\"},\"headline\":\"EU-Kommission plant CETA vorl\u00e4ufig in Kraft zu setzten\",\"datePublished\":\"2016-04-14T10:29:15+00:00\",\"dateModified\":\"2016-04-14T10:32:23+00:00\",\"mainEntityOfPage\":{\"@id\":\"https:\/\/www.pressenza.com\/de\/2016\/04\/eu-kommission-plant-ceta-vorlaeufig-in-kraft-zu-setzten\/\"},\"wordCount\":320,\"publisher\":{\"@id\":\"https:\/\/www.pressenza.com\/de\/#organization\"},\"image\":{\"@id\":\"https:\/\/www.pressenza.com\/de\/2016\/04\/eu-kommission-plant-ceta-vorlaeufig-in-kraft-zu-setzten\/#primaryimage\"},\"thumbnailUrl\":\"https:\/\/www.pressenza.com\/wp-content\/uploads\/2016\/04\/europa-gegen-ttip-ceta-grafikserie-bild-1-1200-630-upload-1200x630.jpg\",\"keywords\":[\"CETA\",\"EU-Kommission\",\"Freihandelsabkommen\",\"Kanada\"],\"articleSection\":[\"International\",\"Politik\",\"Pressemitteilungen\",\"Wirtschaft\"],\"inLanguage\":\"de\"},{\"@type\":\"WebPage\",\"@id\":\"https:\/\/www.pressenza.com\/de\/2016\/04\/eu-kommission-plant-ceta-vorlaeufig-in-kraft-zu-setzten\/\",\"url\":\"https:\/\/www.pressenza.com\/de\/2016\/04\/eu-kommission-plant-ceta-vorlaeufig-in-kraft-zu-setzten\/\",\"name\":\"EU-Kommission plant CETA vorl\u00e4ufig in Kraft zu setzten\",\"isPartOf\":{\"@id\":\"https:\/\/www.pressenza.com\/de\/#website\"},\"primaryImageOfPage\":{\"@id\":\"https:\/\/www.pressenza.com\/de\/2016\/04\/eu-kommission-plant-ceta-vorlaeufig-in-kraft-zu-setzten\/#primaryimage\"},\"image\":{\"@id\":\"https:\/\/www.pressenza.com\/de\/2016\/04\/eu-kommission-plant-ceta-vorlaeufig-in-kraft-zu-setzten\/#primaryimage\"},\"thumbnailUrl\":\"https:\/\/www.pressenza.com\/wp-content\/uploads\/2016\/04\/europa-gegen-ttip-ceta-grafikserie-bild-1-1200-630-upload-1200x630.jpg\",\"datePublished\":\"2016-04-14T10:29:15+00:00\",\"dateModified\":\"2016-04-14T10:32:23+00:00\",\"description\":\"Die EU-Kommission plant CETA vorl\u00e4ufig in Kraft treten zu lassen, bevor Bundestag und Bundesrat sich damit befasst haben. Gestern sorgten \u00c4u\u00dferungen von\",\"breadcrumb\":{\"@id\":\"https:\/\/www.pressenza.com\/de\/2016\/04\/eu-kommission-plant-ceta-vorlaeufig-in-kraft-zu-setzten\/#breadcrumb\"},\"inLanguage\":\"de\",\"potentialAction\":[{\"@type\":\"ReadAction\",\"target\":[\"https:\/\/www.pressenza.com\/de\/2016\/04\/eu-kommission-plant-ceta-vorlaeufig-in-kraft-zu-setzten\/\"]}]},{\"@type\":\"ImageObject\",\"inLanguage\":\"de\",\"@id\":\"https:\/\/www.pressenza.com\/de\/2016\/04\/eu-kommission-plant-ceta-vorlaeufig-in-kraft-zu-setzten\/#primaryimage\",\"url\":\"https:\/\/www.pressenza.com\/wp-content\/uploads\/2016\/04\/europa-gegen-ttip-ceta-grafikserie-bild-1-1200-630-upload-1200x630.jpg\",\"contentUrl\":\"https:\/\/www.pressenza.com\/wp-content\/uploads\/2016\/04\/europa-gegen-ttip-ceta-grafikserie-bild-1-1200-630-upload-1200x630.jpg\",\"width\":1200,\"height\":630},{\"@type\":\"BreadcrumbList\",\"@id\":\"https:\/\/www.pressenza.com\/de\/2016\/04\/eu-kommission-plant-ceta-vorlaeufig-in-kraft-zu-setzten\/#breadcrumb\",\"itemListElement\":[{\"@type\":\"ListItem\",\"position\":1,\"name\":\"Accueil\",\"item\":\"https:\/\/www.pressenza.com\/de\/\"},{\"@type\":\"ListItem\",\"position\":2,\"name\":\"EU-Kommission plant CETA vorl\u00e4ufig in Kraft zu setzten\"}]},{\"@type\":\"WebSite\",\"@id\":\"https:\/\/www.pressenza.com\/de\/#website\",\"url\":\"https:\/\/www.pressenza.com\/de\/\",\"name\":\"Pressenza\",\"description\":\"International Press Agency\",\"publisher\":{\"@id\":\"https:\/\/www.pressenza.com\/de\/#organization\"},\"potentialAction\":[{\"@type\":\"SearchAction\",\"target\":{\"@type\":\"EntryPoint\",\"urlTemplate\":\"https:\/\/www.pressenza.com\/de\/?s={search_term_string}\"},\"query-input\":{\"@type\":\"PropertyValueSpecification\",\"valueRequired\":true,\"valueName\":\"search_term_string\"}}],\"inLanguage\":\"de\"},{\"@type\":\"Organization\",\"@id\":\"https:\/\/www.pressenza.com\/de\/#organization\",\"name\":\"Pressenza\",\"url\":\"https:\/\/www.pressenza.com\/de\/\",\"logo\":{\"@type\":\"ImageObject\",\"inLanguage\":\"de\",\"@id\":\"https:\/\/www.pressenza.com\/de\/#\/schema\/logo\/image\/\",\"url\":\"https:\/\/www.pressenza.com\/wp-content\/uploads\/2022\/10\/pressenza_logo_200x200.jpg\",\"contentUrl\":\"https:\/\/www.pressenza.com\/wp-content\/uploads\/2022\/10\/pressenza_logo_200x200.jpg\",\"width\":200,\"height\":200,\"caption\":\"Pressenza\"},\"image\":{\"@id\":\"https:\/\/www.pressenza.com\/de\/#\/schema\/logo\/image\/\"},\"sameAs\":[\"https:\/\/www.facebook.com\/PressenzaItalia\",\"https:\/\/x.com\/PressenzaIPA\"]},{\"@type\":\"Person\",\"@id\":\"https:\/\/www.pressenza.com\/de\/#\/schema\/person\/57bb5480943a496a7722b0248e4b658a\",\"name\":\"Pressenza Berlin\",\"description\":\"News from the Pressenza Bureau in Berlin, Germany\",\"sameAs\":[\"https:\/\/www.facebook.com\/Pressenza-Deutschland-sterreich-Schweiz-281675388658060\/timeline\/\",\"https:\/\/x.com\/pressenza_ger\"],\"url\":\"https:\/\/www.pressenza.com\/de\/author\/pressenza-berlin\/\"}]}<\/script>\n<!-- \/ Yoast SEO plugin. -->","yoast_head_json":{"title":"EU-Kommission plant CETA vorl\u00e4ufig in Kraft zu setzten","description":"Die EU-Kommission plant CETA vorl\u00e4ufig in Kraft treten zu lassen, bevor Bundestag und Bundesrat sich damit befasst haben. Gestern sorgten \u00c4u\u00dferungen von","robots":{"index":"index","follow":"follow","max-snippet":"max-snippet:-1","max-image-preview":"max-image-preview:large","max-video-preview":"max-video-preview:-1"},"canonical":"https:\/\/www.pressenza.com\/de\/2016\/04\/eu-kommission-plant-ceta-vorlaeufig-in-kraft-zu-setzten\/","og_locale":"de_DE","og_type":"article","og_title":"EU-Kommission plant CETA vorl\u00e4ufig in Kraft zu setzten","og_description":"Die EU-Kommission plant CETA vorl\u00e4ufig in Kraft treten zu lassen, bevor Bundestag und Bundesrat sich damit befasst haben. Gestern sorgten \u00c4u\u00dferungen von","og_url":"https:\/\/www.pressenza.com\/de\/2016\/04\/eu-kommission-plant-ceta-vorlaeufig-in-kraft-zu-setzten\/","og_site_name":"Pressenza","article_publisher":"https:\/\/www.facebook.com\/PressenzaItalia","article_author":"https:\/\/www.facebook.com\/Pressenza-Deutschland-sterreich-Schweiz-281675388658060\/timeline\/","article_published_time":"2016-04-14T10:29:15+00:00","article_modified_time":"2016-04-14T10:32:23+00:00","og_image":[{"width":1200,"height":630,"url":"https:\/\/www.pressenza.com\/wp-content\/uploads\/2016\/04\/europa-gegen-ttip-ceta-grafikserie-bild-1-1200-630-upload-1200x630.jpg","type":"image\/jpeg"}],"author":"Pressenza Berlin","twitter_card":"summary_large_image","twitter_creator":"@pressenza_ger","twitter_site":"@PressenzaIPA","twitter_misc":{"Verfasst von":"Pressenza Berlin","Gesch\u00e4tzte Lesezeit":"2\u00a0Minuten"},"schema":{"@context":"https:\/\/schema.org","@graph":[{"@type":"Article","@id":"https:\/\/www.pressenza.com\/de\/2016\/04\/eu-kommission-plant-ceta-vorlaeufig-in-kraft-zu-setzten\/#article","isPartOf":{"@id":"https:\/\/www.pressenza.com\/de\/2016\/04\/eu-kommission-plant-ceta-vorlaeufig-in-kraft-zu-setzten\/"},"author":{"name":"Pressenza Berlin","@id":"https:\/\/www.pressenza.com\/de\/#\/schema\/person\/57bb5480943a496a7722b0248e4b658a"},"headline":"EU-Kommission plant CETA vorl\u00e4ufig in Kraft zu setzten","datePublished":"2016-04-14T10:29:15+00:00","dateModified":"2016-04-14T10:32:23+00:00","mainEntityOfPage":{"@id":"https:\/\/www.pressenza.com\/de\/2016\/04\/eu-kommission-plant-ceta-vorlaeufig-in-kraft-zu-setzten\/"},"wordCount":320,"publisher":{"@id":"https:\/\/www.pressenza.com\/de\/#organization"},"image":{"@id":"https:\/\/www.pressenza.com\/de\/2016\/04\/eu-kommission-plant-ceta-vorlaeufig-in-kraft-zu-setzten\/#primaryimage"},"thumbnailUrl":"https:\/\/www.pressenza.com\/wp-content\/uploads\/2016\/04\/europa-gegen-ttip-ceta-grafikserie-bild-1-1200-630-upload-1200x630.jpg","keywords":["CETA","EU-Kommission","Freihandelsabkommen","Kanada"],"articleSection":["International","Politik","Pressemitteilungen","Wirtschaft"],"inLanguage":"de"},{"@type":"WebPage","@id":"https:\/\/www.pressenza.com\/de\/2016\/04\/eu-kommission-plant-ceta-vorlaeufig-in-kraft-zu-setzten\/","url":"https:\/\/www.pressenza.com\/de\/2016\/04\/eu-kommission-plant-ceta-vorlaeufig-in-kraft-zu-setzten\/","name":"EU-Kommission plant CETA vorl\u00e4ufig in Kraft zu setzten","isPartOf":{"@id":"https:\/\/www.pressenza.com\/de\/#website"},"primaryImageOfPage":{"@id":"https:\/\/www.pressenza.com\/de\/2016\/04\/eu-kommission-plant-ceta-vorlaeufig-in-kraft-zu-setzten\/#primaryimage"},"image":{"@id":"https:\/\/www.pressenza.com\/de\/2016\/04\/eu-kommission-plant-ceta-vorlaeufig-in-kraft-zu-setzten\/#primaryimage"},"thumbnailUrl":"https:\/\/www.pressenza.com\/wp-content\/uploads\/2016\/04\/europa-gegen-ttip-ceta-grafikserie-bild-1-1200-630-upload-1200x630.jpg","datePublished":"2016-04-14T10:29:15+00:00","dateModified":"2016-04-14T10:32:23+00:00","description":"Die EU-Kommission plant CETA vorl\u00e4ufig in Kraft treten zu lassen, bevor Bundestag und Bundesrat sich damit befasst haben. Gestern sorgten \u00c4u\u00dferungen von","breadcrumb":{"@id":"https:\/\/www.pressenza.com\/de\/2016\/04\/eu-kommission-plant-ceta-vorlaeufig-in-kraft-zu-setzten\/#breadcrumb"},"inLanguage":"de","potentialAction":[{"@type":"ReadAction","target":["https:\/\/www.pressenza.com\/de\/2016\/04\/eu-kommission-plant-ceta-vorlaeufig-in-kraft-zu-setzten\/"]}]},{"@type":"ImageObject","inLanguage":"de","@id":"https:\/\/www.pressenza.com\/de\/2016\/04\/eu-kommission-plant-ceta-vorlaeufig-in-kraft-zu-setzten\/#primaryimage","url":"https:\/\/www.pressenza.com\/wp-content\/uploads\/2016\/04\/europa-gegen-ttip-ceta-grafikserie-bild-1-1200-630-upload-1200x630.jpg","contentUrl":"https:\/\/www.pressenza.com\/wp-content\/uploads\/2016\/04\/europa-gegen-ttip-ceta-grafikserie-bild-1-1200-630-upload-1200x630.jpg","width":1200,"height":630},{"@type":"BreadcrumbList","@id":"https:\/\/www.pressenza.com\/de\/2016\/04\/eu-kommission-plant-ceta-vorlaeufig-in-kraft-zu-setzten\/#breadcrumb","itemListElement":[{"@type":"ListItem","position":1,"name":"Accueil","item":"https:\/\/www.pressenza.com\/de\/"},{"@type":"ListItem","position":2,"name":"EU-Kommission plant CETA vorl\u00e4ufig in Kraft zu setzten"}]},{"@type":"WebSite","@id":"https:\/\/www.pressenza.com\/de\/#website","url":"https:\/\/www.pressenza.com\/de\/","name":"Pressenza","description":"International Press Agency","publisher":{"@id":"https:\/\/www.pressenza.com\/de\/#organization"},"potentialAction":[{"@type":"SearchAction","target":{"@type":"EntryPoint","urlTemplate":"https:\/\/www.pressenza.com\/de\/?s={search_term_string}"},"query-input":{"@type":"PropertyValueSpecification","valueRequired":true,"valueName":"search_term_string"}}],"inLanguage":"de"},{"@type":"Organization","@id":"https:\/\/www.pressenza.com\/de\/#organization","name":"Pressenza","url":"https:\/\/www.pressenza.com\/de\/","logo":{"@type":"ImageObject","inLanguage":"de","@id":"https:\/\/www.pressenza.com\/de\/#\/schema\/logo\/image\/","url":"https:\/\/www.pressenza.com\/wp-content\/uploads\/2022\/10\/pressenza_logo_200x200.jpg","contentUrl":"https:\/\/www.pressenza.com\/wp-content\/uploads\/2022\/10\/pressenza_logo_200x200.jpg","width":200,"height":200,"caption":"Pressenza"},"image":{"@id":"https:\/\/www.pressenza.com\/de\/#\/schema\/logo\/image\/"},"sameAs":["https:\/\/www.facebook.com\/PressenzaItalia","https:\/\/x.com\/PressenzaIPA"]},{"@type":"Person","@id":"https:\/\/www.pressenza.com\/de\/#\/schema\/person\/57bb5480943a496a7722b0248e4b658a","name":"Pressenza Berlin","description":"News from the Pressenza Bureau in Berlin, Germany","sameAs":["https:\/\/www.facebook.com\/Pressenza-Deutschland-sterreich-Schweiz-281675388658060\/timeline\/","https:\/\/x.com\/pressenza_ger"],"url":"https:\/\/www.pressenza.com\/de\/author\/pressenza-berlin\/"}]}},"place":"Berlin","original_article_url":"","_links":{"self":[{"href":"https:\/\/www.pressenza.com\/de\/wp-json\/wp\/v2\/posts\/302235","targetHints":{"allow":["GET"]}}],"collection":[{"href":"https:\/\/www.pressenza.com\/de\/wp-json\/wp\/v2\/posts"}],"about":[{"href":"https:\/\/www.pressenza.com\/de\/wp-json\/wp\/v2\/types\/post"}],"author":[{"embeddable":true,"href":"https:\/\/www.pressenza.com\/de\/wp-json\/wp\/v2\/users\/1095"}],"replies":[{"embeddable":true,"href":"https:\/\/www.pressenza.com\/de\/wp-json\/wp\/v2\/comments?post=302235"}],"version-history":[{"count":0,"href":"https:\/\/www.pressenza.com\/de\/wp-json\/wp\/v2\/posts\/302235\/revisions"}],"wp:featuredmedia":[{"embeddable":true,"href":"https:\/\/www.pressenza.com\/de\/wp-json\/wp\/v2\/media\/302236"}],"wp:attachment":[{"href":"https:\/\/www.pressenza.com\/de\/wp-json\/wp\/v2\/media?parent=302235"}],"wp:term":[{"taxonomy":"category","embeddable":true,"href":"https:\/\/www.pressenza.com\/de\/wp-json\/wp\/v2\/categories?post=302235"},{"taxonomy":"post_tag","embeddable":true,"href":"https:\/\/www.pressenza.com\/de\/wp-json\/wp\/v2\/tags?post=302235"}],"curies":[{"name":"wp","href":"https:\/\/api.w.org\/{rel}","templated":true}]}}