{"id":300774,"date":"2016-04-10T19:10:18","date_gmt":"2016-04-10T18:10:18","guid":{"rendered":"http:\/\/www.pressenza.com\/de\/?p=300774"},"modified":"2016-04-10T19:11:34","modified_gmt":"2016-04-10T18:11:34","slug":"300774","status":"publish","type":"post","link":"https:\/\/www.pressenza.com\/de\/2016\/04\/300774\/","title":{"rendered":"Fl\u00fcchtlingskrise 2016: Massenabschiebungen und Umsiedlungsbem\u00fchungen durch soziale Organisationen"},"content":{"rendered":"<p>Soziale Institutionen innerhalb und ausserhalb von Griechenland versuchen der Verwirrung und den Verletzungen internationaler Abkommen, die durch die gemeinsame Erkl\u00e4rung von 28 Europ\u00e4ischen Regierenden mit der T\u00fcrkei am 18. M\u00e4rz 2016 verursachte wurde, auf eigene Initiative Herr zu werden.<\/p>\n<p>Dieses komplizierte gemeinsame Abkommen wurde in dem Moment beschlossen, in dem mehr als 50 000 Fl\u00fcchtlinge und Immigrant_innen in Griechenland in der Falle sa\u00dfen wegen der Schliessung der so genannten Balkanroute. Desweiteren erkl\u00e4rte Natsha Burton, eine Repr\u00e4sentantin der Europ\u00e4ischen Kommission brutal, dass Griechenland die T\u00fcrkei als sicheres Drittland anerkennen m\u00fcsse, damit die Asylanfragen als nicht anerkennbar in Griechenland eingestuft werden und damit die Asylsuchenden in die T\u00fcrkei zur\u00fcckgeschickt werden k\u00f6nnten. Auf die Frage eines Journalisten hin f\u00fcgte sie hinzu, dass die \u201ekollektive \u00f6ffentliche Europ\u00e4ische Meinung ist, dass Griechenland dies m\u00f6glich ist.\u201c<\/p>\n<p>All dies geschieht, w\u00e4hrend die Todesf\u00e4lle von Fl\u00fcchtlingen im Mittelmeer auf 711 gestiegen sind seit Beginn des Jahres, das bedeutet durchschnittlich 7 Menschen jeden Tag, nach Daten des UN Fl\u00fcchtlingshilfswerkes (UNHCR). Tod und Verlust wurden nicht beendet, trotz der Pr\u00e4senz der NATO Kr\u00e4fte in der \u00c4g\u00e4is. Es ist ein ethisches Dilemma, wie Europa diese Todesf\u00e4lle z\u00e4hlt, welche Massnahmen es ergreift, um sie zu verhindern und wie (wenn \u00fcberhaupt) effektiv diese sind. Es ist auch einen weiteren Gedanken wert, wie die \u00f6ffentliche Meinung in der EU durch die Massenmedien und Meinungsmacher beeinflusst wird, in Bezug auf die Terrorattacken von Br\u00fcssel, verglichen mit der Distanziertheit, mit welcher \u00fcber die Todesrate im Mittelmeer berichtet wird.<\/p>\n<p><strong>Massenabschiebungen haben begonnen<\/strong><\/p>\n<p>Die Griechischen Beh\u00f6rden in Kooperation mit Frontex und der T\u00fcrkischen K\u00fcstenwache haben das erste Boot gechartert, um massenhaft Fl\u00fcchtlinge und Migrant_innen abzuschieben, drei Tage nach Inkrafttreten des neuen Griechischen Gesetzes.<\/p>\n<p>Beobachter der Zivilgesellschaft auf Lesbos und Chios haben ernsthaft Zweifel ausgedr\u00fcckt, ob die Personen, die bereits in die T\u00fcrkei deportiert wurden einen echten Zugang zu ihrem Asylrecht bekommen haben. Entweder konnten sie nicht, oder wenn sie konnten ist es fragw\u00fcrdig, ob die Asylbeh\u00f6rde umfassend das Gesuch gepr\u00fcft und rechtm\u00e4ssig abgelehnt hat. Daher ist es sehr zweifelhaft, ob nicht die Implementierung des EU-T\u00fcrkei Abkommens schon vom ersten Tag an internationale und EU Abkommen, welchen Griechenland sich verpflichtet hat, verletzt.<\/p>\n<p><strong>Die Griechische Umsiedlungspolitik schreitet voran<\/strong><\/p>\n<p>Beides, das politische Defizit (nach dem Schliessen der n\u00f6rdlichen Grenzen) und die L\u00fccke in der EU Finanzierung, um die humanit\u00e4re Krise zu l\u00f6sen, wird teilweise von der UNHCR auf Europ\u00e4ischem Territorium kompensiert.<\/p>\n<p>Die UNHCR hat in Griechenland w\u00e4hrend der letzten Monate das Fl\u00fcchtlings-Umsiedlungsprogramm in Kooperation mit Nichtregierungsorganisationen (z. B. Praksis, Arsis, Sunbeam, Nostos, Solidarity Now) implementiert, w\u00e4hrend andere K\u00f6rperschaften sich vorbereiten, sich diesen Anstrengungen anzuschliessen. In diesem Zusammenhang hat die UNHCR auch die Zusammenarbeit mit der Stadt Athen verk\u00fcndet.<\/p>\n<p>Das Programm beinhaltet vier Unterkunftsm\u00f6glichkeiten (Hotels, Gutscheine, Selbstversorgungs-Wohnungen und Gastfamilien), w\u00e4hrend es den lokalen Gemeinschaften wirtschaftliche Unterst\u00fctzung gibt, die Gastfreundschaft oder Unterkunft anbieten, und damit zu einer ansteigenden Solidarit\u00e4tswelle beitr\u00e4gt, welche sich auf vielf\u00e4ltige Weise in Griechenland seit \u00fcber einem Jahr ausdr\u00fcckt. Die Stellen, die von der UNHCR abgedeckt werden, werden zu der Zahl der Stellen, zu welchen sich die Griechische Regierung gegen\u00fcber den anderen EU L\u00e4ndern verpflichtet hat, hinzugerechnet.<\/p>\n<p><strong>Weitergehende solidarische Aktivit\u00e4ten <\/strong><\/p>\n<p>Anw\u00e4lte, die sich auf Menschenrechte spezialisiert haben, networken untereinander, um zusammen die Rechte der Fl\u00fcchtlinge und Migrant_innen zu verteidigen, da diese durch Anwendung des neuen Gesetzes 4375\/2016 verletzt zu werden scheinen. Bezeichnend sind dazu die Aufrufe von Anw\u00e4lten in den sozialen Medien, wie zum Beispiel die Berichte der NGO Pleiades durch die Aktivistenanw\u00e4ltin Electra-Leda Koutra.<\/p>\n<p>Gleichzeitig gehen die solidarischen Aktionen der B\u00fcrger_innen weiter, auf den Inseln und auf dem Festland, w\u00e4hrend die lokalen Beh\u00f6rden immernoch mit der Zeit k\u00e4mpfen.<\/p>\n<p>Das typische Beispiel der letzten Woche war der B\u00fcrgermeister von Kyllini, der sich entschied, einen Wohnkomplex in seiner Gemeinde zu renovieren, um Fl\u00fcchtlinge dort anzusiedeln. Er selbst ist ein Syrischer Immigrant, ein Arzt von Beruf, Stadtverordneter in den vergangenen Jahren, dem seine Mitb\u00fcrger_innen in den letzten Wahlen die Position des B\u00fcrgermeisters anvertraut haben. Desweiteren unterzeichneten 51 Einwohner der Insel Chios eine Erkl\u00e4rung gegen die Einf\u00fchrung des EU-T\u00fcrkei Abkommens, es dabei unmoralisch und illegal nennend. W\u00e4hrenddessen \u00fcbergab die \u201eSolidarit\u00e4tskarawane\u201c (Caravan of Solidarity) in Kreta f\u00fcnf Tonnen an Essen und 20 Tonnen von Grundbedarfsg\u00fctern f\u00fcr Fl\u00fcchtlinge und Migrant_innen an Rena Dourou, der Regierenden der Region Attika.<\/p>\n<p>Ausserhalb von Griechenland beleuchteten B\u00fcrger_innen von Dover einen Stein am Strand mit der Aufschrift \u201eRefugees Welcome\u201c, w\u00e4hrend Demonstranten in \u00d6sterreich, die die \u00d6ffnung der Grenzen forderten, in Konflikt mit der Polizei gerieten.<\/p>\n<p><strong>Mythen und Fakten \u00fcber die Menschen, die emigrieren<\/strong><\/p>\n<p>Die Europ\u00e4ische Plattform von Organisationen, die sich mit dieser Entwicklung besch\u00e4ftigen (<em><a href=\"http:\/\/concordeurope.org\/\">Concorde Europe<\/a><\/em>), hat ein n\u00fctzliches Tool ver\u00f6ffentlicht in Bezug auf 10 Mythen \u00fcber Immigration.<\/p>\n<p>Gem\u00e4\u00df dem 10. Mythos, der besagt \u201eEuropa kann nicht noch mehr Immigranten aufnehmen\u201c wird erkl\u00e4rt, dass \u201e\u00fcber eine Millionen Menschen, die ihren L\u00e4ndern entflohen sind, Europa erreicht haben. Obwohl diese Immigranten durchmischt sind &#8211; sie sind Fl\u00fcchtlinge, Asylsuchende, Wirtschaftsmigrant_innen \u2013 kommen mehr als 84% von ihnen aus L\u00e4ndern, die Fl\u00fcchtlinge schaffen wegen ihrer Aus\u00fcbung von Krieg.\u201c<\/p>\n<p><em>Concorde Europe<\/em> betont, dass \u201cdie EU verpflichtet ist durch internationale Gesetze, diese zu besch\u00fctzen. Die Fl\u00fcchtlinge, nach Artikel 14 der universellen Menschenrechtsdeklaration von 1948, haben das Recht, um Asyl anzusuchen und die L\u00e4nder der Europ\u00e4ischen Union m\u00fcssen sie besch\u00fctzen. Fl\u00fcchtlinge und Asylsuchende d\u00fcrfen nicht in Gegenden zur\u00fcckgeschickt werden, wo ihr Leben in Gefahr ist.\u201c<\/p>\n<p><em>\u00dcbersetzung aus dem Englischen Johanna Heuveling<\/em><\/p>\n","protected":false},"excerpt":{"rendered":"<p>Soziale Institutionen innerhalb und ausserhalb von Griechenland versuchen der Verwirrung und den Verletzungen internationaler Abkommen, die durch die gemeinsame Erkl\u00e4rung von 28 Europ\u00e4ischen Regierenden mit der T\u00fcrkei am 18. M\u00e4rz 2016 verursachte wurde, auf eigene Initiative Herr zu werden. Dieses&hellip;<\/p>\n","protected":false},"author":1220,"featured_media":298635,"comment_status":"closed","ping_status":"closed","sticky":false,"template":"","format":"standard","meta":{"footnotes":""},"categories":[9150,9161,11387,9168],"tags":[9481,9219,15221,9184,25822],"class_list":["post-300774","post","type-post","status-publish","format-standard","has-post-thumbnail","hentry","category-europa-de","category-menschenrechte","category-originalinhalt","category-politik","tag-eu-de","tag-fluchtlinge","tag-griechenland","tag-osterreich","tag-r"],"yoast_head":"<!-- This site is optimized with the Yoast SEO plugin v27.1.1 - https:\/\/yoast.com\/product\/yoast-seo-wordpress\/ -->\n<title>Fl\u00fcchtlingskrise 2016: Massenabschiebungen und Umsiedlungsbem\u00fchungen durch soziale Organisationen<\/title>\n<meta name=\"description\" content=\"Soziale Institutionen innerhalb und ausserhalb von Griechenland versuchen der Verwirrung und den Verletzungen internationaler Abkommen, die durch die\" \/>\n<meta name=\"robots\" content=\"index, follow, max-snippet:-1, max-image-preview:large, max-video-preview:-1\" \/>\n<link rel=\"canonical\" href=\"https:\/\/www.pressenza.com\/de\/2016\/04\/300774\/\" \/>\n<meta property=\"og:locale\" content=\"de_DE\" \/>\n<meta property=\"og:type\" content=\"article\" \/>\n<meta property=\"og:title\" content=\"Fl\u00fcchtlingskrise 2016: Massenabschiebungen und Umsiedlungsbem\u00fchungen durch soziale Organisationen\" \/>\n<meta property=\"og:description\" content=\"Soziale Institutionen innerhalb und ausserhalb von Griechenland versuchen der Verwirrung und den Verletzungen internationaler Abkommen, die durch die\" \/>\n<meta property=\"og:url\" content=\"https:\/\/www.pressenza.com\/de\/2016\/04\/300774\/\" \/>\n<meta property=\"og:site_name\" content=\"Pressenza\" \/>\n<meta property=\"article:publisher\" content=\"https:\/\/www.facebook.com\/PressenzaItalia\" \/>\n<meta property=\"article:author\" content=\"https:\/\/www.facebook.com\/pressenzagr\/\" \/>\n<meta property=\"article:published_time\" content=\"2016-04-10T18:10:18+00:00\" \/>\n<meta property=\"article:modified_time\" content=\"2016-04-10T18:11:34+00:00\" \/>\n<meta property=\"og:image\" content=\"https:\/\/www.pressenza.com\/wp-content\/uploads\/2016\/04\/prosfyges.jpg\" \/>\n\t<meta property=\"og:image:width\" content=\"660\" \/>\n\t<meta property=\"og:image:height\" content=\"440\" \/>\n\t<meta property=\"og:image:type\" content=\"image\/jpeg\" \/>\n<meta name=\"author\" content=\"Pressenza Athens\" \/>\n<meta name=\"twitter:card\" content=\"summary_large_image\" \/>\n<meta name=\"twitter:creator\" content=\"@Pressenza_ath\" \/>\n<meta name=\"twitter:site\" content=\"@PressenzaIPA\" \/>\n<meta name=\"twitter:label1\" content=\"Verfasst von\" \/>\n\t<meta name=\"twitter:data1\" content=\"Pressenza Athens\" \/>\n\t<meta name=\"twitter:label2\" content=\"Gesch\u00e4tzte Lesezeit\" \/>\n\t<meta name=\"twitter:data2\" content=\"5\u00a0Minuten\" \/>\n<script type=\"application\/ld+json\" class=\"yoast-schema-graph\">{\"@context\":\"https:\/\/schema.org\",\"@graph\":[{\"@type\":\"Article\",\"@id\":\"https:\/\/www.pressenza.com\/de\/2016\/04\/300774\/#article\",\"isPartOf\":{\"@id\":\"https:\/\/www.pressenza.com\/de\/2016\/04\/300774\/\"},\"author\":{\"name\":\"Pressenza Athens\",\"@id\":\"https:\/\/www.pressenza.com\/de\/#\/schema\/person\/9eae8d7f0aad5ec6a7f6f21ec94480fb\"},\"headline\":\"Fl\u00fcchtlingskrise 2016: Massenabschiebungen und Umsiedlungsbem\u00fchungen durch soziale Organisationen\",\"datePublished\":\"2016-04-10T18:10:18+00:00\",\"dateModified\":\"2016-04-10T18:11:34+00:00\",\"mainEntityOfPage\":{\"@id\":\"https:\/\/www.pressenza.com\/de\/2016\/04\/300774\/\"},\"wordCount\":975,\"publisher\":{\"@id\":\"https:\/\/www.pressenza.com\/de\/#organization\"},\"image\":{\"@id\":\"https:\/\/www.pressenza.com\/de\/2016\/04\/300774\/#primaryimage\"},\"thumbnailUrl\":\"https:\/\/www.pressenza.com\/wp-content\/uploads\/2016\/04\/prosfyges.jpg\",\"keywords\":[\"EU\",\"Fl\u00fcchtlinge\",\"Griechenland\",\"\u00d6sterreich\",\"R\"],\"articleSection\":[\"Europa\",\"Menschenrechte\",\"Originalinhalt\",\"Politik\"],\"inLanguage\":\"de\"},{\"@type\":\"WebPage\",\"@id\":\"https:\/\/www.pressenza.com\/de\/2016\/04\/300774\/\",\"url\":\"https:\/\/www.pressenza.com\/de\/2016\/04\/300774\/\",\"name\":\"Fl\u00fcchtlingskrise 2016: Massenabschiebungen und Umsiedlungsbem\u00fchungen durch soziale Organisationen\",\"isPartOf\":{\"@id\":\"https:\/\/www.pressenza.com\/de\/#website\"},\"primaryImageOfPage\":{\"@id\":\"https:\/\/www.pressenza.com\/de\/2016\/04\/300774\/#primaryimage\"},\"image\":{\"@id\":\"https:\/\/www.pressenza.com\/de\/2016\/04\/300774\/#primaryimage\"},\"thumbnailUrl\":\"https:\/\/www.pressenza.com\/wp-content\/uploads\/2016\/04\/prosfyges.jpg\",\"datePublished\":\"2016-04-10T18:10:18+00:00\",\"dateModified\":\"2016-04-10T18:11:34+00:00\",\"description\":\"Soziale Institutionen innerhalb und ausserhalb von Griechenland versuchen der Verwirrung und den Verletzungen internationaler Abkommen, die durch die\",\"breadcrumb\":{\"@id\":\"https:\/\/www.pressenza.com\/de\/2016\/04\/300774\/#breadcrumb\"},\"inLanguage\":\"de\",\"potentialAction\":[{\"@type\":\"ReadAction\",\"target\":[\"https:\/\/www.pressenza.com\/de\/2016\/04\/300774\/\"]}]},{\"@type\":\"ImageObject\",\"inLanguage\":\"de\",\"@id\":\"https:\/\/www.pressenza.com\/de\/2016\/04\/300774\/#primaryimage\",\"url\":\"https:\/\/www.pressenza.com\/wp-content\/uploads\/2016\/04\/prosfyges.jpg\",\"contentUrl\":\"https:\/\/www.pressenza.com\/wp-content\/uploads\/2016\/04\/prosfyges.jpg\",\"width\":660,\"height\":440,\"caption\":\"\u039f\u03b9 \u03bf\u03c1\u03b3\u03b1\u03bd\u03ce\u03c3\u03b5\u03b9\u03c2 \\\"\u039f \u0386\u03bb\u03bb\u03bf\u03c2 \u0386\u03bd\u03b8\u03c1\u03c9\u03c0\u03bf\u03c2\\\" \u03ba\u03b1\u03b9 \u03b7 \\\"\u039a\u03bf\u03b9\u03bd\u03c9\u03bd\u03b9\u03ba\u03ae \u039a\u03bf\u03c5\u03b6\u03af\u03bd\u03b1 \u03a3\u03b5\u03bd\u03b5\u03b3\u03ac\u03bb\u03b7\u03c2\\\" \u03c0\u03c1\u03bf\u03c3\u03c6\u03ad\u03c1\u03bf\u03c5\u03bd \u03c6\u03b1\u03b3\u03b7\u03c4\u03cc \u03c3\u03b5 \u03c0\u03c1\u03cc\u03c3\u03c6\u03c5\u03b3\u03b5\u03c2 \u03c3\u03c4\u03bf \u03c0\u03c1\u03ce\u03b7\u03bd \u03b4\u03c5\u03c4\u03b9\u03ba\u03cc \u03b1\u03b5\u03c1\u03bf\u03b4\u03c1\u03cc\u03bc\u03b9\u03bf \u03c3\u03c4\u03bf \u0395\u03bb\u03bb\u03b7\u03bd\u03b9\u03ba\u03cc, \u039a\u03b1\u03b8\u03b1\u03c1\u03ac \u0394\u03b5\u03c5\u03c4\u03ad\u03c1\u03b1 14 \u039c\u03b1\u03c1\u03c4\u03af\u03bf\u03c5 2016. \u0391\u03a0\u0395-\u039c\u03a0\u0395\/ \u0391\u03a0\u0395-\u039c\u03a0\u0395\/ \u03a0\u0391\u039d\u03a4\u0395\u039b\u0397\u03a3 \u03a3\u0391\u03aa\u03a4\u0391\u03a3\"},{\"@type\":\"BreadcrumbList\",\"@id\":\"https:\/\/www.pressenza.com\/de\/2016\/04\/300774\/#breadcrumb\",\"itemListElement\":[{\"@type\":\"ListItem\",\"position\":1,\"name\":\"Accueil\",\"item\":\"https:\/\/www.pressenza.com\/de\/\"},{\"@type\":\"ListItem\",\"position\":2,\"name\":\"Fl\u00fcchtlingskrise 2016: Massenabschiebungen und Umsiedlungsbem\u00fchungen durch soziale Organisationen\"}]},{\"@type\":\"WebSite\",\"@id\":\"https:\/\/www.pressenza.com\/de\/#website\",\"url\":\"https:\/\/www.pressenza.com\/de\/\",\"name\":\"Pressenza\",\"description\":\"International Press Agency\",\"publisher\":{\"@id\":\"https:\/\/www.pressenza.com\/de\/#organization\"},\"potentialAction\":[{\"@type\":\"SearchAction\",\"target\":{\"@type\":\"EntryPoint\",\"urlTemplate\":\"https:\/\/www.pressenza.com\/de\/?s={search_term_string}\"},\"query-input\":{\"@type\":\"PropertyValueSpecification\",\"valueRequired\":true,\"valueName\":\"search_term_string\"}}],\"inLanguage\":\"de\"},{\"@type\":\"Organization\",\"@id\":\"https:\/\/www.pressenza.com\/de\/#organization\",\"name\":\"Pressenza\",\"url\":\"https:\/\/www.pressenza.com\/de\/\",\"logo\":{\"@type\":\"ImageObject\",\"inLanguage\":\"de\",\"@id\":\"https:\/\/www.pressenza.com\/de\/#\/schema\/logo\/image\/\",\"url\":\"https:\/\/www.pressenza.com\/wp-content\/uploads\/2022\/10\/pressenza_logo_200x200.jpg\",\"contentUrl\":\"https:\/\/www.pressenza.com\/wp-content\/uploads\/2022\/10\/pressenza_logo_200x200.jpg\",\"width\":200,\"height\":200,\"caption\":\"Pressenza\"},\"image\":{\"@id\":\"https:\/\/www.pressenza.com\/de\/#\/schema\/logo\/image\/\"},\"sameAs\":[\"https:\/\/www.facebook.com\/PressenzaItalia\",\"https:\/\/x.com\/PressenzaIPA\"]},{\"@type\":\"Person\",\"@id\":\"https:\/\/www.pressenza.com\/de\/#\/schema\/person\/9eae8d7f0aad5ec6a7f6f21ec94480fb\",\"name\":\"Pressenza Athens\",\"description\":\"News from the Pressenza Bureau in Athens, Greece\",\"sameAs\":[\"https:\/\/www.facebook.com\/pressenzagr\/\",\"https:\/\/x.com\/Pressenza_ath\"],\"url\":\"https:\/\/www.pressenza.com\/de\/author\/pressenza-athens\/\"}]}<\/script>\n<!-- \/ Yoast SEO plugin. -->","yoast_head_json":{"title":"Fl\u00fcchtlingskrise 2016: Massenabschiebungen und Umsiedlungsbem\u00fchungen durch soziale Organisationen","description":"Soziale Institutionen innerhalb und ausserhalb von Griechenland versuchen der Verwirrung und den Verletzungen internationaler Abkommen, die durch die","robots":{"index":"index","follow":"follow","max-snippet":"max-snippet:-1","max-image-preview":"max-image-preview:large","max-video-preview":"max-video-preview:-1"},"canonical":"https:\/\/www.pressenza.com\/de\/2016\/04\/300774\/","og_locale":"de_DE","og_type":"article","og_title":"Fl\u00fcchtlingskrise 2016: Massenabschiebungen und Umsiedlungsbem\u00fchungen durch soziale Organisationen","og_description":"Soziale Institutionen innerhalb und ausserhalb von Griechenland versuchen der Verwirrung und den Verletzungen internationaler Abkommen, die durch die","og_url":"https:\/\/www.pressenza.com\/de\/2016\/04\/300774\/","og_site_name":"Pressenza","article_publisher":"https:\/\/www.facebook.com\/PressenzaItalia","article_author":"https:\/\/www.facebook.com\/pressenzagr\/","article_published_time":"2016-04-10T18:10:18+00:00","article_modified_time":"2016-04-10T18:11:34+00:00","og_image":[{"width":660,"height":440,"url":"https:\/\/www.pressenza.com\/wp-content\/uploads\/2016\/04\/prosfyges.jpg","type":"image\/jpeg"}],"author":"Pressenza Athens","twitter_card":"summary_large_image","twitter_creator":"@Pressenza_ath","twitter_site":"@PressenzaIPA","twitter_misc":{"Verfasst von":"Pressenza Athens","Gesch\u00e4tzte Lesezeit":"5\u00a0Minuten"},"schema":{"@context":"https:\/\/schema.org","@graph":[{"@type":"Article","@id":"https:\/\/www.pressenza.com\/de\/2016\/04\/300774\/#article","isPartOf":{"@id":"https:\/\/www.pressenza.com\/de\/2016\/04\/300774\/"},"author":{"name":"Pressenza Athens","@id":"https:\/\/www.pressenza.com\/de\/#\/schema\/person\/9eae8d7f0aad5ec6a7f6f21ec94480fb"},"headline":"Fl\u00fcchtlingskrise 2016: Massenabschiebungen und Umsiedlungsbem\u00fchungen durch soziale Organisationen","datePublished":"2016-04-10T18:10:18+00:00","dateModified":"2016-04-10T18:11:34+00:00","mainEntityOfPage":{"@id":"https:\/\/www.pressenza.com\/de\/2016\/04\/300774\/"},"wordCount":975,"publisher":{"@id":"https:\/\/www.pressenza.com\/de\/#organization"},"image":{"@id":"https:\/\/www.pressenza.com\/de\/2016\/04\/300774\/#primaryimage"},"thumbnailUrl":"https:\/\/www.pressenza.com\/wp-content\/uploads\/2016\/04\/prosfyges.jpg","keywords":["EU","Fl\u00fcchtlinge","Griechenland","\u00d6sterreich","R"],"articleSection":["Europa","Menschenrechte","Originalinhalt","Politik"],"inLanguage":"de"},{"@type":"WebPage","@id":"https:\/\/www.pressenza.com\/de\/2016\/04\/300774\/","url":"https:\/\/www.pressenza.com\/de\/2016\/04\/300774\/","name":"Fl\u00fcchtlingskrise 2016: Massenabschiebungen und Umsiedlungsbem\u00fchungen durch soziale Organisationen","isPartOf":{"@id":"https:\/\/www.pressenza.com\/de\/#website"},"primaryImageOfPage":{"@id":"https:\/\/www.pressenza.com\/de\/2016\/04\/300774\/#primaryimage"},"image":{"@id":"https:\/\/www.pressenza.com\/de\/2016\/04\/300774\/#primaryimage"},"thumbnailUrl":"https:\/\/www.pressenza.com\/wp-content\/uploads\/2016\/04\/prosfyges.jpg","datePublished":"2016-04-10T18:10:18+00:00","dateModified":"2016-04-10T18:11:34+00:00","description":"Soziale Institutionen innerhalb und ausserhalb von Griechenland versuchen der Verwirrung und den Verletzungen internationaler Abkommen, die durch die","breadcrumb":{"@id":"https:\/\/www.pressenza.com\/de\/2016\/04\/300774\/#breadcrumb"},"inLanguage":"de","potentialAction":[{"@type":"ReadAction","target":["https:\/\/www.pressenza.com\/de\/2016\/04\/300774\/"]}]},{"@type":"ImageObject","inLanguage":"de","@id":"https:\/\/www.pressenza.com\/de\/2016\/04\/300774\/#primaryimage","url":"https:\/\/www.pressenza.com\/wp-content\/uploads\/2016\/04\/prosfyges.jpg","contentUrl":"https:\/\/www.pressenza.com\/wp-content\/uploads\/2016\/04\/prosfyges.jpg","width":660,"height":440,"caption":"\u039f\u03b9 \u03bf\u03c1\u03b3\u03b1\u03bd\u03ce\u03c3\u03b5\u03b9\u03c2 \"\u039f \u0386\u03bb\u03bb\u03bf\u03c2 \u0386\u03bd\u03b8\u03c1\u03c9\u03c0\u03bf\u03c2\" \u03ba\u03b1\u03b9 \u03b7 \"\u039a\u03bf\u03b9\u03bd\u03c9\u03bd\u03b9\u03ba\u03ae \u039a\u03bf\u03c5\u03b6\u03af\u03bd\u03b1 \u03a3\u03b5\u03bd\u03b5\u03b3\u03ac\u03bb\u03b7\u03c2\" \u03c0\u03c1\u03bf\u03c3\u03c6\u03ad\u03c1\u03bf\u03c5\u03bd \u03c6\u03b1\u03b3\u03b7\u03c4\u03cc \u03c3\u03b5 \u03c0\u03c1\u03cc\u03c3\u03c6\u03c5\u03b3\u03b5\u03c2 \u03c3\u03c4\u03bf \u03c0\u03c1\u03ce\u03b7\u03bd \u03b4\u03c5\u03c4\u03b9\u03ba\u03cc \u03b1\u03b5\u03c1\u03bf\u03b4\u03c1\u03cc\u03bc\u03b9\u03bf \u03c3\u03c4\u03bf \u0395\u03bb\u03bb\u03b7\u03bd\u03b9\u03ba\u03cc, \u039a\u03b1\u03b8\u03b1\u03c1\u03ac \u0394\u03b5\u03c5\u03c4\u03ad\u03c1\u03b1 14 \u039c\u03b1\u03c1\u03c4\u03af\u03bf\u03c5 2016. \u0391\u03a0\u0395-\u039c\u03a0\u0395\/ \u0391\u03a0\u0395-\u039c\u03a0\u0395\/ \u03a0\u0391\u039d\u03a4\u0395\u039b\u0397\u03a3 \u03a3\u0391\u03aa\u03a4\u0391\u03a3"},{"@type":"BreadcrumbList","@id":"https:\/\/www.pressenza.com\/de\/2016\/04\/300774\/#breadcrumb","itemListElement":[{"@type":"ListItem","position":1,"name":"Accueil","item":"https:\/\/www.pressenza.com\/de\/"},{"@type":"ListItem","position":2,"name":"Fl\u00fcchtlingskrise 2016: Massenabschiebungen und Umsiedlungsbem\u00fchungen durch soziale Organisationen"}]},{"@type":"WebSite","@id":"https:\/\/www.pressenza.com\/de\/#website","url":"https:\/\/www.pressenza.com\/de\/","name":"Pressenza","description":"International Press Agency","publisher":{"@id":"https:\/\/www.pressenza.com\/de\/#organization"},"potentialAction":[{"@type":"SearchAction","target":{"@type":"EntryPoint","urlTemplate":"https:\/\/www.pressenza.com\/de\/?s={search_term_string}"},"query-input":{"@type":"PropertyValueSpecification","valueRequired":true,"valueName":"search_term_string"}}],"inLanguage":"de"},{"@type":"Organization","@id":"https:\/\/www.pressenza.com\/de\/#organization","name":"Pressenza","url":"https:\/\/www.pressenza.com\/de\/","logo":{"@type":"ImageObject","inLanguage":"de","@id":"https:\/\/www.pressenza.com\/de\/#\/schema\/logo\/image\/","url":"https:\/\/www.pressenza.com\/wp-content\/uploads\/2022\/10\/pressenza_logo_200x200.jpg","contentUrl":"https:\/\/www.pressenza.com\/wp-content\/uploads\/2022\/10\/pressenza_logo_200x200.jpg","width":200,"height":200,"caption":"Pressenza"},"image":{"@id":"https:\/\/www.pressenza.com\/de\/#\/schema\/logo\/image\/"},"sameAs":["https:\/\/www.facebook.com\/PressenzaItalia","https:\/\/x.com\/PressenzaIPA"]},{"@type":"Person","@id":"https:\/\/www.pressenza.com\/de\/#\/schema\/person\/9eae8d7f0aad5ec6a7f6f21ec94480fb","name":"Pressenza Athens","description":"News from the Pressenza Bureau in Athens, Greece","sameAs":["https:\/\/www.facebook.com\/pressenzagr\/","https:\/\/x.com\/Pressenza_ath"],"url":"https:\/\/www.pressenza.com\/de\/author\/pressenza-athens\/"}]}},"place":"Athen, Griechenland","original_article_url":"","_links":{"self":[{"href":"https:\/\/www.pressenza.com\/de\/wp-json\/wp\/v2\/posts\/300774","targetHints":{"allow":["GET"]}}],"collection":[{"href":"https:\/\/www.pressenza.com\/de\/wp-json\/wp\/v2\/posts"}],"about":[{"href":"https:\/\/www.pressenza.com\/de\/wp-json\/wp\/v2\/types\/post"}],"author":[{"embeddable":true,"href":"https:\/\/www.pressenza.com\/de\/wp-json\/wp\/v2\/users\/1220"}],"replies":[{"embeddable":true,"href":"https:\/\/www.pressenza.com\/de\/wp-json\/wp\/v2\/comments?post=300774"}],"version-history":[{"count":0,"href":"https:\/\/www.pressenza.com\/de\/wp-json\/wp\/v2\/posts\/300774\/revisions"}],"wp:featuredmedia":[{"embeddable":true,"href":"https:\/\/www.pressenza.com\/de\/wp-json\/wp\/v2\/media\/298635"}],"wp:attachment":[{"href":"https:\/\/www.pressenza.com\/de\/wp-json\/wp\/v2\/media?parent=300774"}],"wp:term":[{"taxonomy":"category","embeddable":true,"href":"https:\/\/www.pressenza.com\/de\/wp-json\/wp\/v2\/categories?post=300774"},{"taxonomy":"post_tag","embeddable":true,"href":"https:\/\/www.pressenza.com\/de\/wp-json\/wp\/v2\/tags?post=300774"}],"curies":[{"name":"wp","href":"https:\/\/api.w.org\/{rel}","templated":true}]}}