{"id":291017,"date":"2016-03-17T13:40:15","date_gmt":"2016-03-17T13:40:15","guid":{"rendered":"http:\/\/www.pressenza.com\/de\/?p=291017"},"modified":"2016-03-17T13:41:58","modified_gmt":"2016-03-17T13:41:58","slug":"atomindustrie-will-milliarden-fuer-ausstieg","status":"publish","type":"post","link":"https:\/\/www.pressenza.com\/de\/2016\/03\/atomindustrie-will-milliarden-fuer-ausstieg\/","title":{"rendered":"Atomindustrie will Milliarden f\u00fcr Ausstieg"},"content":{"rendered":"<p><em>Von <span class=\"vcard article-body__author-name\"><a class=\"fn url\" title=\"Zeige alle Eintr\u00e4ge von Justus von Daniels\" href=\"https:\/\/correctiv.org\/correctiv\/redaktion\/team\/justus-von-daniels\/\" rel=\"author\">Justus von Daniels<\/a><\/span> f\u00fcr <a href=\"https:\/\/correctiv.org\/\">CORRECT!V<\/a><\/em><\/p>\n<p><strong>Der Energiekonzern Vattenfall f\u00fchrt derzeit zwei prominente Klagen gegen den Atomausstieg. Gemeinsam mit den Stromkonzernen RWE und E.on fordert Vattenfall insgesamt angeblich mehr als 22 Milliarden Euro von der Bundesregierung. Diese Verfahren erinnern an Sonderklagerechte, die auch im Handelsabkommen TTIP vereinbart werden sollen.<\/strong><\/p>\n<p>Bei dem Freihandelsabkommen mit den USA steht die geplante Einrichtung eines Schiedsgerichtes massiv in der Kritik. Es wird bef\u00fcrchtet, dass Unternehmen dort k\u00fcnftig mehr Klagerechte h\u00e4tten als vor nationalen Gerichten. Allein das Ausbleiben von erwarteten Gewinnen k\u00f6nnte ausreichen, um eine Klage gegen ein Gesetz anzustrengen.<\/p>\n<p>In Karlsruhe wird in dieser Woche \u00fcber eine Verfassungsbeschwerde verhandelt, die Vattenfall gemeinsam mit den Energiegiganten RWE und E.on eingereicht hat. Die Konzerne behaupten, dass sie durch den Atomausstieg faktisch enteignet worden seien. Sie wollen Schadensersatz auf entgangene Gewinne einfordern. Das sieht ziemlich genau so aus, wie eines der bef\u00fcrchteten Enteignungsverfahren auf Basis des Freihandelsabkommen TTIP.<\/p>\n<p>E.on soll nach unbest\u00e4tigten Angaben etwa acht Milliarden Euro, RWE sechs Milliarden, Vattenfall vier Milliarden Euro vor einem Zivilgericht einklagen wollen, sollte die Verfassungsbeschwerde Erfolg haben. Auch nach deutschem Recht k\u00f6nnen entgangene Gewinne unter Umst\u00e4nden so behandelt werden wie eine Enteignung, wenn der Gesch\u00e4ftsbetrieb durch ein Gesetz verhindert wird. Die Bundesregierung hatte 2011 per Gesetz beschlossen, dass die Atommeiler in Deutschland stillgelegt werden sollen.<\/p>\n<p><strong>Eigentumsrecht verletzt?<\/strong><\/p>\n<p>Vor dem Verfassungsgericht wird nun gekl\u00e4rt, ob das Eigentumsrecht der Konzerne durch das Gesetz \u00fcber den Atomausstieg \u00fcberhaupt verletzt wurde. Das sei alles andere als eindeutig, sagte ein Sprecher des Bundesverfassungsgerichts gegen\u00fcber correctiv.org.<\/p>\n<p>Liegt das Eigentum in der Betriebserlaubnis der Atommeiler, in der Anlage selbst oder in den Strommengen, die festgelegt waren? Wenn eine dieser Varianten als Eigentum gewertet wird, k\u00f6nnen die Konzerne in einem Folgeprozess auf Schadensersatz in Milliardenh\u00f6he hoffen. Die Bundesregierung steht auf dem Standpunkt, dass das Eigentumsrecht gar nicht betroffen ist und daher auch kein Schadensersatz zu zahlen sei. Bislang hat es zu dieser konkreten Frage in Deutschland noch keine Entscheidung gegeben.<\/p>\n<p><strong>Vattenfall klagt doppelt<\/strong><\/p>\n<p>Auch vor einem internationalen Schiedsgericht in Washington klagt Vattenfall gegen Deutschland auf entgangene Gewinne, weil sich das Unternehmen auf einen internationalen Handelsvertrag berufen kann. Der Konzern verlangt dort etwa 4,7 Milliarden Euro. Kritiker werfen den internationalen Schiedsgerichten vor, dass Konzerne dort h\u00f6here Schadenssummen einklagen k\u00f6nnten als vor nationalen Gerichten, weil die Gr\u00fcnde f\u00fcr einen Schadensersatz gro\u00dfz\u00fcgiger ausgestaltet seien. Vattenfall ist nun an beiden Verfahren beteiligt.<\/p>\n<p>Auf Anfrage von correctiv.org wollten sich weder Vattenfall noch RWE zu den Verfahren \u00e4u\u00dfern.<\/p>\n<p>Das internationale Schiedsverfahren wird im Herbst fortgesetzt, das Verfassungsgericht will in einigen Monaten entscheiden.<\/p>\n<p><strong>Schadensersatz von deutschen Gerichten?<\/strong><\/p>\n<p>Sollte das Bundesverfassungsgericht im Fall des Atomausstiegs eine Verletzung des Eigentums feststellen, k\u00f6nnten die Energiekonzerne auch vor einem nationalen Gericht entgangene Gewinne wegen des Atomausstiegs einfordern. Nicht anders als sie es vor den geplanten Schiedsgerichten k\u00f6nnten. Das d\u00fcrfte die Debatte um TTIP in diesem Punkt entsch\u00e4rfen.<\/p>\n<p>Verneint das Verfassungsgericht eine Eigentumsverletzung, k\u00f6nnte dies allerdings die Debatte anheizen, weil dann im Fall von TTIP Konzerne vor speziellen Schiedsgerichten weitergehende Klagerechte h\u00e4tten als vor nationalen Gerichten.<\/p>\n","protected":false},"excerpt":{"rendered":"<p>Von Justus von Daniels f\u00fcr CORRECT!V Der Energiekonzern Vattenfall f\u00fchrt derzeit zwei prominente Klagen gegen den Atomausstieg. Gemeinsam mit den Stromkonzernen RWE und E.on fordert Vattenfall insgesamt angeblich mehr als 22 Milliarden Euro von der Bundesregierung. Diese Verfahren erinnern an&hellip;<\/p>\n","protected":false},"author":1095,"featured_media":291018,"comment_status":"closed","ping_status":"closed","sticky":false,"template":"","format":"standard","meta":{"footnotes":""},"categories":[9150,7835,9168,9158],"tags":[25036,12824,22413,25035,11892,25037,8140],"class_list":["post-291017","post","type-post","status-publish","format-standard","has-post-thumbnail","hentry","category-europa-de","category-international-de","category-politik","category-wirtschaft","tag-e-on","tag-freihandelsabkommen","tag-internationale-schiedsgerichte","tag-rwe","tag-ttip-de","tag-vattenfall","tag-wto"],"yoast_head":"<!-- This site is optimized with the Yoast SEO plugin v27.1.1 - https:\/\/yoast.com\/product\/yoast-seo-wordpress\/ -->\n<title>Atomindustrie will Milliarden f\u00fcr Ausstieg<\/title>\n<meta name=\"description\" content=\"Von Justus von Daniels f\u00fcr CORRECT!V Der Energiekonzern Vattenfall f\u00fchrt derzeit zwei prominente Klagen gegen den Atomausstieg. Gemeinsam mit den\" \/>\n<meta name=\"robots\" content=\"index, follow, max-snippet:-1, max-image-preview:large, max-video-preview:-1\" \/>\n<link rel=\"canonical\" href=\"https:\/\/www.pressenza.com\/de\/2016\/03\/atomindustrie-will-milliarden-fuer-ausstieg\/\" \/>\n<meta property=\"og:locale\" content=\"de_DE\" \/>\n<meta property=\"og:type\" content=\"article\" \/>\n<meta property=\"og:title\" content=\"Atomindustrie will Milliarden f\u00fcr Ausstieg\" \/>\n<meta property=\"og:description\" content=\"Von Justus von Daniels f\u00fcr CORRECT!V Der Energiekonzern Vattenfall f\u00fchrt derzeit zwei prominente Klagen gegen den Atomausstieg. Gemeinsam mit den\" \/>\n<meta property=\"og:url\" content=\"https:\/\/www.pressenza.com\/de\/2016\/03\/atomindustrie-will-milliarden-fuer-ausstieg\/\" \/>\n<meta property=\"og:site_name\" content=\"Pressenza\" \/>\n<meta property=\"article:publisher\" content=\"https:\/\/www.facebook.com\/PressenzaItalia\" \/>\n<meta property=\"article:author\" content=\"https:\/\/www.facebook.com\/Pressenza-Deutschland-sterreich-Schweiz-281675388658060\/timeline\/\" \/>\n<meta property=\"article:published_time\" content=\"2016-03-17T13:40:15+00:00\" \/>\n<meta property=\"article:modified_time\" content=\"2016-03-17T13:41:58+00:00\" \/>\n<meta property=\"og:image\" content=\"https:\/\/www.pressenza.com\/wp-content\/uploads\/2016\/03\/rwe-akw-westfalen.jpg\" \/>\n\t<meta property=\"og:image:width\" content=\"1257\" \/>\n\t<meta property=\"og:image:height\" content=\"700\" \/>\n\t<meta property=\"og:image:type\" content=\"image\/jpeg\" \/>\n<meta name=\"author\" content=\"Pressenza Berlin\" \/>\n<meta name=\"twitter:card\" content=\"summary_large_image\" \/>\n<meta name=\"twitter:creator\" content=\"@pressenza_ger\" \/>\n<meta name=\"twitter:site\" content=\"@PressenzaIPA\" \/>\n<meta name=\"twitter:label1\" content=\"Verfasst von\" \/>\n\t<meta name=\"twitter:data1\" content=\"Pressenza Berlin\" \/>\n\t<meta name=\"twitter:label2\" content=\"Gesch\u00e4tzte Lesezeit\" \/>\n\t<meta name=\"twitter:data2\" content=\"3\u00a0Minuten\" \/>\n<script type=\"application\/ld+json\" class=\"yoast-schema-graph\">{\"@context\":\"https:\/\/schema.org\",\"@graph\":[{\"@type\":\"Article\",\"@id\":\"https:\/\/www.pressenza.com\/de\/2016\/03\/atomindustrie-will-milliarden-fuer-ausstieg\/#article\",\"isPartOf\":{\"@id\":\"https:\/\/www.pressenza.com\/de\/2016\/03\/atomindustrie-will-milliarden-fuer-ausstieg\/\"},\"author\":{\"name\":\"Pressenza Berlin\",\"@id\":\"https:\/\/www.pressenza.com\/de\/#\/schema\/person\/57bb5480943a496a7722b0248e4b658a\"},\"headline\":\"Atomindustrie will Milliarden f\u00fcr Ausstieg\",\"datePublished\":\"2016-03-17T13:40:15+00:00\",\"dateModified\":\"2016-03-17T13:41:58+00:00\",\"mainEntityOfPage\":{\"@id\":\"https:\/\/www.pressenza.com\/de\/2016\/03\/atomindustrie-will-milliarden-fuer-ausstieg\/\"},\"wordCount\":532,\"publisher\":{\"@id\":\"https:\/\/www.pressenza.com\/de\/#organization\"},\"image\":{\"@id\":\"https:\/\/www.pressenza.com\/de\/2016\/03\/atomindustrie-will-milliarden-fuer-ausstieg\/#primaryimage\"},\"thumbnailUrl\":\"https:\/\/www.pressenza.com\/wp-content\/uploads\/2016\/03\/rwe-akw-westfalen.jpg\",\"keywords\":[\"E.on\",\"Freihandelsabkommen\",\"Internationale Schiedsgerichte\",\"RWE\",\"TTIP\",\"Vattenfall\",\"WTO\"],\"articleSection\":[\"Europa\",\"International\",\"Politik\",\"Wirtschaft\"],\"inLanguage\":\"de\"},{\"@type\":\"WebPage\",\"@id\":\"https:\/\/www.pressenza.com\/de\/2016\/03\/atomindustrie-will-milliarden-fuer-ausstieg\/\",\"url\":\"https:\/\/www.pressenza.com\/de\/2016\/03\/atomindustrie-will-milliarden-fuer-ausstieg\/\",\"name\":\"Atomindustrie will Milliarden f\u00fcr Ausstieg\",\"isPartOf\":{\"@id\":\"https:\/\/www.pressenza.com\/de\/#website\"},\"primaryImageOfPage\":{\"@id\":\"https:\/\/www.pressenza.com\/de\/2016\/03\/atomindustrie-will-milliarden-fuer-ausstieg\/#primaryimage\"},\"image\":{\"@id\":\"https:\/\/www.pressenza.com\/de\/2016\/03\/atomindustrie-will-milliarden-fuer-ausstieg\/#primaryimage\"},\"thumbnailUrl\":\"https:\/\/www.pressenza.com\/wp-content\/uploads\/2016\/03\/rwe-akw-westfalen.jpg\",\"datePublished\":\"2016-03-17T13:40:15+00:00\",\"dateModified\":\"2016-03-17T13:41:58+00:00\",\"description\":\"Von Justus von Daniels f\u00fcr CORRECT!V Der Energiekonzern Vattenfall f\u00fchrt derzeit zwei prominente Klagen gegen den Atomausstieg. Gemeinsam mit den\",\"breadcrumb\":{\"@id\":\"https:\/\/www.pressenza.com\/de\/2016\/03\/atomindustrie-will-milliarden-fuer-ausstieg\/#breadcrumb\"},\"inLanguage\":\"de\",\"potentialAction\":[{\"@type\":\"ReadAction\",\"target\":[\"https:\/\/www.pressenza.com\/de\/2016\/03\/atomindustrie-will-milliarden-fuer-ausstieg\/\"]}]},{\"@type\":\"ImageObject\",\"inLanguage\":\"de\",\"@id\":\"https:\/\/www.pressenza.com\/de\/2016\/03\/atomindustrie-will-milliarden-fuer-ausstieg\/#primaryimage\",\"url\":\"https:\/\/www.pressenza.com\/wp-content\/uploads\/2016\/03\/rwe-akw-westfalen.jpg\",\"contentUrl\":\"https:\/\/www.pressenza.com\/wp-content\/uploads\/2016\/03\/rwe-akw-westfalen.jpg\",\"width\":1257,\"height\":700},{\"@type\":\"BreadcrumbList\",\"@id\":\"https:\/\/www.pressenza.com\/de\/2016\/03\/atomindustrie-will-milliarden-fuer-ausstieg\/#breadcrumb\",\"itemListElement\":[{\"@type\":\"ListItem\",\"position\":1,\"name\":\"Accueil\",\"item\":\"https:\/\/www.pressenza.com\/de\/\"},{\"@type\":\"ListItem\",\"position\":2,\"name\":\"Atomindustrie will Milliarden f\u00fcr Ausstieg\"}]},{\"@type\":\"WebSite\",\"@id\":\"https:\/\/www.pressenza.com\/de\/#website\",\"url\":\"https:\/\/www.pressenza.com\/de\/\",\"name\":\"Pressenza\",\"description\":\"International Press Agency\",\"publisher\":{\"@id\":\"https:\/\/www.pressenza.com\/de\/#organization\"},\"potentialAction\":[{\"@type\":\"SearchAction\",\"target\":{\"@type\":\"EntryPoint\",\"urlTemplate\":\"https:\/\/www.pressenza.com\/de\/?s={search_term_string}\"},\"query-input\":{\"@type\":\"PropertyValueSpecification\",\"valueRequired\":true,\"valueName\":\"search_term_string\"}}],\"inLanguage\":\"de\"},{\"@type\":\"Organization\",\"@id\":\"https:\/\/www.pressenza.com\/de\/#organization\",\"name\":\"Pressenza\",\"url\":\"https:\/\/www.pressenza.com\/de\/\",\"logo\":{\"@type\":\"ImageObject\",\"inLanguage\":\"de\",\"@id\":\"https:\/\/www.pressenza.com\/de\/#\/schema\/logo\/image\/\",\"url\":\"https:\/\/www.pressenza.com\/wp-content\/uploads\/2022\/10\/pressenza_logo_200x200.jpg\",\"contentUrl\":\"https:\/\/www.pressenza.com\/wp-content\/uploads\/2022\/10\/pressenza_logo_200x200.jpg\",\"width\":200,\"height\":200,\"caption\":\"Pressenza\"},\"image\":{\"@id\":\"https:\/\/www.pressenza.com\/de\/#\/schema\/logo\/image\/\"},\"sameAs\":[\"https:\/\/www.facebook.com\/PressenzaItalia\",\"https:\/\/x.com\/PressenzaIPA\"]},{\"@type\":\"Person\",\"@id\":\"https:\/\/www.pressenza.com\/de\/#\/schema\/person\/57bb5480943a496a7722b0248e4b658a\",\"name\":\"Pressenza Berlin\",\"description\":\"News from the Pressenza Bureau in Berlin, Germany\",\"sameAs\":[\"https:\/\/www.facebook.com\/Pressenza-Deutschland-sterreich-Schweiz-281675388658060\/timeline\/\",\"https:\/\/x.com\/pressenza_ger\"],\"url\":\"https:\/\/www.pressenza.com\/de\/author\/pressenza-berlin\/\"}]}<\/script>\n<!-- \/ Yoast SEO plugin. -->","yoast_head_json":{"title":"Atomindustrie will Milliarden f\u00fcr Ausstieg","description":"Von Justus von Daniels f\u00fcr CORRECT!V Der Energiekonzern Vattenfall f\u00fchrt derzeit zwei prominente Klagen gegen den Atomausstieg. Gemeinsam mit den","robots":{"index":"index","follow":"follow","max-snippet":"max-snippet:-1","max-image-preview":"max-image-preview:large","max-video-preview":"max-video-preview:-1"},"canonical":"https:\/\/www.pressenza.com\/de\/2016\/03\/atomindustrie-will-milliarden-fuer-ausstieg\/","og_locale":"de_DE","og_type":"article","og_title":"Atomindustrie will Milliarden f\u00fcr Ausstieg","og_description":"Von Justus von Daniels f\u00fcr CORRECT!V Der Energiekonzern Vattenfall f\u00fchrt derzeit zwei prominente Klagen gegen den Atomausstieg. Gemeinsam mit den","og_url":"https:\/\/www.pressenza.com\/de\/2016\/03\/atomindustrie-will-milliarden-fuer-ausstieg\/","og_site_name":"Pressenza","article_publisher":"https:\/\/www.facebook.com\/PressenzaItalia","article_author":"https:\/\/www.facebook.com\/Pressenza-Deutschland-sterreich-Schweiz-281675388658060\/timeline\/","article_published_time":"2016-03-17T13:40:15+00:00","article_modified_time":"2016-03-17T13:41:58+00:00","og_image":[{"width":1257,"height":700,"url":"https:\/\/www.pressenza.com\/wp-content\/uploads\/2016\/03\/rwe-akw-westfalen.jpg","type":"image\/jpeg"}],"author":"Pressenza Berlin","twitter_card":"summary_large_image","twitter_creator":"@pressenza_ger","twitter_site":"@PressenzaIPA","twitter_misc":{"Verfasst von":"Pressenza Berlin","Gesch\u00e4tzte Lesezeit":"3\u00a0Minuten"},"schema":{"@context":"https:\/\/schema.org","@graph":[{"@type":"Article","@id":"https:\/\/www.pressenza.com\/de\/2016\/03\/atomindustrie-will-milliarden-fuer-ausstieg\/#article","isPartOf":{"@id":"https:\/\/www.pressenza.com\/de\/2016\/03\/atomindustrie-will-milliarden-fuer-ausstieg\/"},"author":{"name":"Pressenza Berlin","@id":"https:\/\/www.pressenza.com\/de\/#\/schema\/person\/57bb5480943a496a7722b0248e4b658a"},"headline":"Atomindustrie will Milliarden f\u00fcr Ausstieg","datePublished":"2016-03-17T13:40:15+00:00","dateModified":"2016-03-17T13:41:58+00:00","mainEntityOfPage":{"@id":"https:\/\/www.pressenza.com\/de\/2016\/03\/atomindustrie-will-milliarden-fuer-ausstieg\/"},"wordCount":532,"publisher":{"@id":"https:\/\/www.pressenza.com\/de\/#organization"},"image":{"@id":"https:\/\/www.pressenza.com\/de\/2016\/03\/atomindustrie-will-milliarden-fuer-ausstieg\/#primaryimage"},"thumbnailUrl":"https:\/\/www.pressenza.com\/wp-content\/uploads\/2016\/03\/rwe-akw-westfalen.jpg","keywords":["E.on","Freihandelsabkommen","Internationale Schiedsgerichte","RWE","TTIP","Vattenfall","WTO"],"articleSection":["Europa","International","Politik","Wirtschaft"],"inLanguage":"de"},{"@type":"WebPage","@id":"https:\/\/www.pressenza.com\/de\/2016\/03\/atomindustrie-will-milliarden-fuer-ausstieg\/","url":"https:\/\/www.pressenza.com\/de\/2016\/03\/atomindustrie-will-milliarden-fuer-ausstieg\/","name":"Atomindustrie will Milliarden f\u00fcr Ausstieg","isPartOf":{"@id":"https:\/\/www.pressenza.com\/de\/#website"},"primaryImageOfPage":{"@id":"https:\/\/www.pressenza.com\/de\/2016\/03\/atomindustrie-will-milliarden-fuer-ausstieg\/#primaryimage"},"image":{"@id":"https:\/\/www.pressenza.com\/de\/2016\/03\/atomindustrie-will-milliarden-fuer-ausstieg\/#primaryimage"},"thumbnailUrl":"https:\/\/www.pressenza.com\/wp-content\/uploads\/2016\/03\/rwe-akw-westfalen.jpg","datePublished":"2016-03-17T13:40:15+00:00","dateModified":"2016-03-17T13:41:58+00:00","description":"Von Justus von Daniels f\u00fcr CORRECT!V Der Energiekonzern Vattenfall f\u00fchrt derzeit zwei prominente Klagen gegen den Atomausstieg. Gemeinsam mit den","breadcrumb":{"@id":"https:\/\/www.pressenza.com\/de\/2016\/03\/atomindustrie-will-milliarden-fuer-ausstieg\/#breadcrumb"},"inLanguage":"de","potentialAction":[{"@type":"ReadAction","target":["https:\/\/www.pressenza.com\/de\/2016\/03\/atomindustrie-will-milliarden-fuer-ausstieg\/"]}]},{"@type":"ImageObject","inLanguage":"de","@id":"https:\/\/www.pressenza.com\/de\/2016\/03\/atomindustrie-will-milliarden-fuer-ausstieg\/#primaryimage","url":"https:\/\/www.pressenza.com\/wp-content\/uploads\/2016\/03\/rwe-akw-westfalen.jpg","contentUrl":"https:\/\/www.pressenza.com\/wp-content\/uploads\/2016\/03\/rwe-akw-westfalen.jpg","width":1257,"height":700},{"@type":"BreadcrumbList","@id":"https:\/\/www.pressenza.com\/de\/2016\/03\/atomindustrie-will-milliarden-fuer-ausstieg\/#breadcrumb","itemListElement":[{"@type":"ListItem","position":1,"name":"Accueil","item":"https:\/\/www.pressenza.com\/de\/"},{"@type":"ListItem","position":2,"name":"Atomindustrie will Milliarden f\u00fcr Ausstieg"}]},{"@type":"WebSite","@id":"https:\/\/www.pressenza.com\/de\/#website","url":"https:\/\/www.pressenza.com\/de\/","name":"Pressenza","description":"International Press Agency","publisher":{"@id":"https:\/\/www.pressenza.com\/de\/#organization"},"potentialAction":[{"@type":"SearchAction","target":{"@type":"EntryPoint","urlTemplate":"https:\/\/www.pressenza.com\/de\/?s={search_term_string}"},"query-input":{"@type":"PropertyValueSpecification","valueRequired":true,"valueName":"search_term_string"}}],"inLanguage":"de"},{"@type":"Organization","@id":"https:\/\/www.pressenza.com\/de\/#organization","name":"Pressenza","url":"https:\/\/www.pressenza.com\/de\/","logo":{"@type":"ImageObject","inLanguage":"de","@id":"https:\/\/www.pressenza.com\/de\/#\/schema\/logo\/image\/","url":"https:\/\/www.pressenza.com\/wp-content\/uploads\/2022\/10\/pressenza_logo_200x200.jpg","contentUrl":"https:\/\/www.pressenza.com\/wp-content\/uploads\/2022\/10\/pressenza_logo_200x200.jpg","width":200,"height":200,"caption":"Pressenza"},"image":{"@id":"https:\/\/www.pressenza.com\/de\/#\/schema\/logo\/image\/"},"sameAs":["https:\/\/www.facebook.com\/PressenzaItalia","https:\/\/x.com\/PressenzaIPA"]},{"@type":"Person","@id":"https:\/\/www.pressenza.com\/de\/#\/schema\/person\/57bb5480943a496a7722b0248e4b658a","name":"Pressenza Berlin","description":"News from the Pressenza Bureau in Berlin, Germany","sameAs":["https:\/\/www.facebook.com\/Pressenza-Deutschland-sterreich-Schweiz-281675388658060\/timeline\/","https:\/\/x.com\/pressenza_ger"],"url":"https:\/\/www.pressenza.com\/de\/author\/pressenza-berlin\/"}]}},"place":"","original_article_url":"https:\/\/correctiv.org\/recherchen\/ttip\/blog\/2016\/03\/16\/milliarden-fuer-den-atomausstieg\/","_links":{"self":[{"href":"https:\/\/www.pressenza.com\/de\/wp-json\/wp\/v2\/posts\/291017","targetHints":{"allow":["GET"]}}],"collection":[{"href":"https:\/\/www.pressenza.com\/de\/wp-json\/wp\/v2\/posts"}],"about":[{"href":"https:\/\/www.pressenza.com\/de\/wp-json\/wp\/v2\/types\/post"}],"author":[{"embeddable":true,"href":"https:\/\/www.pressenza.com\/de\/wp-json\/wp\/v2\/users\/1095"}],"replies":[{"embeddable":true,"href":"https:\/\/www.pressenza.com\/de\/wp-json\/wp\/v2\/comments?post=291017"}],"version-history":[{"count":0,"href":"https:\/\/www.pressenza.com\/de\/wp-json\/wp\/v2\/posts\/291017\/revisions"}],"wp:featuredmedia":[{"embeddable":true,"href":"https:\/\/www.pressenza.com\/de\/wp-json\/wp\/v2\/media\/291018"}],"wp:attachment":[{"href":"https:\/\/www.pressenza.com\/de\/wp-json\/wp\/v2\/media?parent=291017"}],"wp:term":[{"taxonomy":"category","embeddable":true,"href":"https:\/\/www.pressenza.com\/de\/wp-json\/wp\/v2\/categories?post=291017"},{"taxonomy":"post_tag","embeddable":true,"href":"https:\/\/www.pressenza.com\/de\/wp-json\/wp\/v2\/tags?post=291017"}],"curies":[{"name":"wp","href":"https:\/\/api.w.org\/{rel}","templated":true}]}}