{"id":284368,"date":"2016-02-28T14:37:17","date_gmt":"2016-02-28T14:37:17","guid":{"rendered":"http:\/\/www.pressenza.com\/de\/?p=284368"},"modified":"2016-02-28T14:40:26","modified_gmt":"2016-02-28T14:40:26","slug":"schweiz-nein-zur-durchsetzungsinitiative","status":"publish","type":"post","link":"https:\/\/www.pressenza.com\/de\/2016\/02\/schweiz-nein-zur-durchsetzungsinitiative\/","title":{"rendered":"Schweiz: Nein zur Durchsetzungsinitiative"},"content":{"rendered":"<p><strong>Amnesty International ist sehr erleichtert, dass dieser Frontalangriff auf den Rechtsstaat und die Menschenrechte dank einer \u00fcberaus breiten Mobilisierung abgewehrt werden konnte. Jetzt gilt es, weitere derartige Attacken und v\u00f6lkerrechtswidrige Initiativen zu verhindern. Der Abstimmungskampf hat zudem gezeigt: Das Verst\u00e4ndnis f\u00fcr die Bedeutung der Menschenrechte als Schutz f\u00fcr uns alle muss weiter gef\u00f6rdert werden.<\/strong><\/p>\n<p>Mit dem deutlichen Nein zur Durchsetzungsinitiative (DSI) konnte noch gr\u00f6sserer Schaden abgewendet werden, als die Ausschaffungsinitiative ihn schon angerichtet hat. Eine grosse Mehrheit der Stimmberechtigten ist der menschenverachtenden Rhetorik der Initianten nicht auf den Leim gegangen. Die Schweizer und Schweizerinnen haben realisiert, wie gef\u00e4hrlich es f\u00fcr alle w\u00e4re, grundlegende Rechte f\u00fcr einen Teil der Bev\u00f6lkerung ausser Kraft zu setzen. Ein Ja zu dieser Initiative h\u00e4tte unser Zusammenleben in der Schweiz zu gef\u00e4hrdet und ein verheerendes Signal an andere Staaten gesendet, f\u00fcr die die Schweiz noch immer als eine H\u00fcterin der Menschenrechte gilt.<\/p>\n<h5>Weitere v\u00f6lkerrechtswidrige Initiativen verhindern<\/h5>\n<p>Mit dem Nein zur Durchsetzungsinitiative ist die Schweiz allerdings lediglich zur\u00fcck am Ausgangspunkt: N\u00e4mlich bei der Umsetzung der Ausschaffungsinitiative. Zwar ist auch der vom Parlament erarbeitete Gesetzesentwurf diskriminierend, immerhin erlaubt er aber dank der H\u00e4rtefallklausel die Einhaltung des Verh\u00e4ltnism\u00e4ssigkeitsprinzips und ber\u00fccksichtigt die Menschenrechte der auszuschaffenden Personen.<\/p>\n<p>Die Durchsetzungsinitiative war erneut ein bewusster Angriff auf den Rechtsstaat. Sie wollte die Gewaltenteilung und international geltende Menschenrechtsgrunds\u00e4tze wie die Gleichheit vor dem Gesetz und das Recht auf Nichtdiskriminierung ausser Kraft setzen. Jetzt gilt es, weitere derartige Angriffe, von vornherein zu verhindern. Bereits steht aber mit \u00abSchweizer Recht statt fremde Richter\u00bb (Selbstbestimmungsinitiative) die n\u00e4chste Initiative bereit, die zum Ziel hat, die Schweiz aus dem internationalen System des Menschenrechtsschutzes herauszul\u00f6sen und das Misstrauen gegen\u00fcber Institutionen zum Schutz der Menschenrechte zu sch\u00fcren.<\/p>\n<p>Amnesty International fordert die politischen Parteien und das Parlament dringend auf, der bewussten Diffamierung internationaler Institutionen und Mechanismen zum Schutz der Menschenrechte entgegenzuwirken. Das Parlament muss mit oder ohne Verfassungs\u00e4nderung klar definieren, aufgrund welcher Kriterien eine Volksinitiative f\u00fcr ung\u00fcltig erkl\u00e4rt werden kann oder muss, um zu verhindern, dass Schweizer Recht mit internationalen Menschenrechtsstandards in Konflikt ger\u00e4t. F\u00fcr das Ansehen der Schweiz wie auch f\u00fcr die Rechtssicherheit ist es entscheidend, dass unsere Verfassung und unsere Gesetzgebung mit internationalen Standards kompatibel sind.<\/p>\n<h5>Verst\u00e4ndnis f\u00fcr die Bedeutung der Menschenrechte st\u00e4rken<\/h5>\n<p>Der Abstimmungskampf hat aber auch gezeigt, wie wichtig es ist, das Verst\u00e4ndnis f\u00fcr die Menschenrechte, ihre Unteilbarkeit und ihre Bedeutung f\u00fcr jede und jeden von uns weiter zu st\u00e4rken. Dank breiter Aufkl\u00e4rungsarbeit von Menschenrechtsorganisationen und weiteren gesellschaftlichen Akteuren ist dies im Abstimmungskampf zur Durchsetzungsinitiative ein St\u00fcck weit gelungen. Diese Arbeit muss aber in den Schulen und an der Basis der Gesellschaft beginnen und weiter gef\u00fchrt werden. Amnesty International ruft Parteien, Verb\u00e4nde, Religionsgemeinschaften, Bildungsinstitutionen und andere gesellschaftliche Akteure dringend auf, Menschenrechtsbildung in ihre T\u00e4tigkeiten aufzunehmen und ihre Mitglieder mit allen ihnen zur Verf\u00fcgung stehenden Mitteln f\u00fcr die Bedeutung der Menschenrechte und Grundfreiheiten und deren Unteilbarkeit zu sensibilisieren.<\/p>\n","protected":false},"excerpt":{"rendered":"<p>Amnesty International ist sehr erleichtert, dass dieser Frontalangriff auf den Rechtsstaat und die Menschenrechte dank einer \u00fcberaus breiten Mobilisierung abgewehrt werden konnte. Jetzt gilt es, weitere derartige Attacken und v\u00f6lkerrechtswidrige Initiativen zu verhindern. Der Abstimmungskampf hat zudem gezeigt: Das Verst\u00e4ndnis&hellip;<\/p>\n","protected":false},"author":1095,"featured_media":284369,"comment_status":"closed","ping_status":"open","sticky":false,"template":"","format":"standard","meta":{"footnotes":""},"categories":[9150,9168,9145,9165],"tags":[9608,24515,24514,22228,9183],"class_list":["post-284368","post","type-post","status-publish","format-standard","has-post-thumbnail","hentry","category-europa-de","category-politik","category-pressemitteilungen","category-vielfalt","tag-amnesty-international-de","tag-ausschaffungsinitiative","tag-durchsetzungsinitiative","tag-menschenrechte","tag-schweiz"],"yoast_head":"<!-- This site is optimized with the Yoast SEO plugin v27.1.1 - https:\/\/yoast.com\/product\/yoast-seo-wordpress\/ -->\n<title>Schweiz: Nein zur Durchsetzungsinitiative<\/title>\n<meta name=\"description\" content=\"Amnesty International ist sehr erleichtert, dass dieser Frontalangriff auf den Rechtsstaat und die Menschenrechte dank einer \u00fcberaus breiten Mobilisierung\" \/>\n<meta name=\"robots\" content=\"index, follow, max-snippet:-1, max-image-preview:large, max-video-preview:-1\" \/>\n<link rel=\"canonical\" href=\"https:\/\/www.pressenza.com\/de\/2016\/02\/schweiz-nein-zur-durchsetzungsinitiative\/\" \/>\n<meta property=\"og:locale\" content=\"de_DE\" \/>\n<meta property=\"og:type\" content=\"article\" \/>\n<meta property=\"og:title\" content=\"Schweiz: Nein zur Durchsetzungsinitiative\" \/>\n<meta property=\"og:description\" content=\"Amnesty International ist sehr erleichtert, dass dieser Frontalangriff auf den Rechtsstaat und die Menschenrechte dank einer \u00fcberaus breiten Mobilisierung\" \/>\n<meta property=\"og:url\" content=\"https:\/\/www.pressenza.com\/de\/2016\/02\/schweiz-nein-zur-durchsetzungsinitiative\/\" \/>\n<meta property=\"og:site_name\" content=\"Pressenza\" \/>\n<meta property=\"article:publisher\" content=\"https:\/\/www.facebook.com\/PressenzaItalia\" \/>\n<meta property=\"article:author\" content=\"https:\/\/www.facebook.com\/Pressenza-Deutschland-sterreich-Schweiz-281675388658060\/timeline\/\" \/>\n<meta property=\"article:published_time\" content=\"2016-02-28T14:37:17+00:00\" \/>\n<meta property=\"article:modified_time\" content=\"2016-02-28T14:40:26+00:00\" \/>\n<meta property=\"og:image\" content=\"https:\/\/www.pressenza.com\/wp-content\/uploads\/2016\/02\/CcTZ8WVXIAASTET.jpg-large.jpg\" \/>\n\t<meta property=\"og:image:width\" content=\"1280\" \/>\n\t<meta property=\"og:image:height\" content=\"673\" \/>\n\t<meta property=\"og:image:type\" content=\"image\/jpeg\" \/>\n<meta name=\"author\" content=\"Pressenza Berlin\" \/>\n<meta name=\"twitter:card\" content=\"summary_large_image\" \/>\n<meta name=\"twitter:creator\" content=\"@pressenza_ger\" \/>\n<meta name=\"twitter:site\" content=\"@PressenzaIPA\" \/>\n<meta name=\"twitter:label1\" content=\"Verfasst von\" \/>\n\t<meta name=\"twitter:data1\" content=\"Pressenza Berlin\" \/>\n\t<meta name=\"twitter:label2\" content=\"Gesch\u00e4tzte Lesezeit\" \/>\n\t<meta name=\"twitter:data2\" content=\"3\u00a0Minuten\" \/>\n<script type=\"application\/ld+json\" class=\"yoast-schema-graph\">{\"@context\":\"https:\/\/schema.org\",\"@graph\":[{\"@type\":\"Article\",\"@id\":\"https:\/\/www.pressenza.com\/de\/2016\/02\/schweiz-nein-zur-durchsetzungsinitiative\/#article\",\"isPartOf\":{\"@id\":\"https:\/\/www.pressenza.com\/de\/2016\/02\/schweiz-nein-zur-durchsetzungsinitiative\/\"},\"author\":{\"name\":\"Pressenza Berlin\",\"@id\":\"https:\/\/www.pressenza.com\/de\/#\/schema\/person\/57bb5480943a496a7722b0248e4b658a\"},\"headline\":\"Schweiz: Nein zur Durchsetzungsinitiative\",\"datePublished\":\"2016-02-28T14:37:17+00:00\",\"dateModified\":\"2016-02-28T14:40:26+00:00\",\"mainEntityOfPage\":{\"@id\":\"https:\/\/www.pressenza.com\/de\/2016\/02\/schweiz-nein-zur-durchsetzungsinitiative\/\"},\"wordCount\":521,\"publisher\":{\"@id\":\"https:\/\/www.pressenza.com\/de\/#organization\"},\"image\":{\"@id\":\"https:\/\/www.pressenza.com\/de\/2016\/02\/schweiz-nein-zur-durchsetzungsinitiative\/#primaryimage\"},\"thumbnailUrl\":\"https:\/\/www.pressenza.com\/wp-content\/uploads\/2016\/02\/CcTZ8WVXIAASTET.jpg-large.jpg\",\"keywords\":[\"Amnesty International\",\"Ausschaffungsinitiative\",\"Durchsetzungsinitiative\",\"Menschenrechte\",\"Schweiz\"],\"articleSection\":[\"Europa\",\"Politik\",\"Pressemitteilungen\",\"Vielfalt\"],\"inLanguage\":\"de\"},{\"@type\":\"WebPage\",\"@id\":\"https:\/\/www.pressenza.com\/de\/2016\/02\/schweiz-nein-zur-durchsetzungsinitiative\/\",\"url\":\"https:\/\/www.pressenza.com\/de\/2016\/02\/schweiz-nein-zur-durchsetzungsinitiative\/\",\"name\":\"Schweiz: Nein zur Durchsetzungsinitiative\",\"isPartOf\":{\"@id\":\"https:\/\/www.pressenza.com\/de\/#website\"},\"primaryImageOfPage\":{\"@id\":\"https:\/\/www.pressenza.com\/de\/2016\/02\/schweiz-nein-zur-durchsetzungsinitiative\/#primaryimage\"},\"image\":{\"@id\":\"https:\/\/www.pressenza.com\/de\/2016\/02\/schweiz-nein-zur-durchsetzungsinitiative\/#primaryimage\"},\"thumbnailUrl\":\"https:\/\/www.pressenza.com\/wp-content\/uploads\/2016\/02\/CcTZ8WVXIAASTET.jpg-large.jpg\",\"datePublished\":\"2016-02-28T14:37:17+00:00\",\"dateModified\":\"2016-02-28T14:40:26+00:00\",\"description\":\"Amnesty International ist sehr erleichtert, dass dieser Frontalangriff auf den Rechtsstaat und die Menschenrechte dank einer \u00fcberaus breiten Mobilisierung\",\"breadcrumb\":{\"@id\":\"https:\/\/www.pressenza.com\/de\/2016\/02\/schweiz-nein-zur-durchsetzungsinitiative\/#breadcrumb\"},\"inLanguage\":\"de\",\"potentialAction\":[{\"@type\":\"ReadAction\",\"target\":[\"https:\/\/www.pressenza.com\/de\/2016\/02\/schweiz-nein-zur-durchsetzungsinitiative\/\"]}]},{\"@type\":\"ImageObject\",\"inLanguage\":\"de\",\"@id\":\"https:\/\/www.pressenza.com\/de\/2016\/02\/schweiz-nein-zur-durchsetzungsinitiative\/#primaryimage\",\"url\":\"https:\/\/www.pressenza.com\/wp-content\/uploads\/2016\/02\/CcTZ8WVXIAASTET.jpg-large.jpg\",\"contentUrl\":\"https:\/\/www.pressenza.com\/wp-content\/uploads\/2016\/02\/CcTZ8WVXIAASTET.jpg-large.jpg\",\"width\":1280,\"height\":673},{\"@type\":\"BreadcrumbList\",\"@id\":\"https:\/\/www.pressenza.com\/de\/2016\/02\/schweiz-nein-zur-durchsetzungsinitiative\/#breadcrumb\",\"itemListElement\":[{\"@type\":\"ListItem\",\"position\":1,\"name\":\"Accueil\",\"item\":\"https:\/\/www.pressenza.com\/de\/\"},{\"@type\":\"ListItem\",\"position\":2,\"name\":\"Schweiz: Nein zur Durchsetzungsinitiative\"}]},{\"@type\":\"WebSite\",\"@id\":\"https:\/\/www.pressenza.com\/de\/#website\",\"url\":\"https:\/\/www.pressenza.com\/de\/\",\"name\":\"Pressenza\",\"description\":\"International Press Agency\",\"publisher\":{\"@id\":\"https:\/\/www.pressenza.com\/de\/#organization\"},\"potentialAction\":[{\"@type\":\"SearchAction\",\"target\":{\"@type\":\"EntryPoint\",\"urlTemplate\":\"https:\/\/www.pressenza.com\/de\/?s={search_term_string}\"},\"query-input\":{\"@type\":\"PropertyValueSpecification\",\"valueRequired\":true,\"valueName\":\"search_term_string\"}}],\"inLanguage\":\"de\"},{\"@type\":\"Organization\",\"@id\":\"https:\/\/www.pressenza.com\/de\/#organization\",\"name\":\"Pressenza\",\"url\":\"https:\/\/www.pressenza.com\/de\/\",\"logo\":{\"@type\":\"ImageObject\",\"inLanguage\":\"de\",\"@id\":\"https:\/\/www.pressenza.com\/de\/#\/schema\/logo\/image\/\",\"url\":\"https:\/\/www.pressenza.com\/wp-content\/uploads\/2022\/10\/pressenza_logo_200x200.jpg\",\"contentUrl\":\"https:\/\/www.pressenza.com\/wp-content\/uploads\/2022\/10\/pressenza_logo_200x200.jpg\",\"width\":200,\"height\":200,\"caption\":\"Pressenza\"},\"image\":{\"@id\":\"https:\/\/www.pressenza.com\/de\/#\/schema\/logo\/image\/\"},\"sameAs\":[\"https:\/\/www.facebook.com\/PressenzaItalia\",\"https:\/\/x.com\/PressenzaIPA\"]},{\"@type\":\"Person\",\"@id\":\"https:\/\/www.pressenza.com\/de\/#\/schema\/person\/57bb5480943a496a7722b0248e4b658a\",\"name\":\"Pressenza Berlin\",\"description\":\"News from the Pressenza Bureau in Berlin, Germany\",\"sameAs\":[\"https:\/\/www.facebook.com\/Pressenza-Deutschland-sterreich-Schweiz-281675388658060\/timeline\/\",\"https:\/\/x.com\/pressenza_ger\"],\"url\":\"https:\/\/www.pressenza.com\/de\/author\/pressenza-berlin\/\"}]}<\/script>\n<!-- \/ Yoast SEO plugin. -->","yoast_head_json":{"title":"Schweiz: Nein zur Durchsetzungsinitiative","description":"Amnesty International ist sehr erleichtert, dass dieser Frontalangriff auf den Rechtsstaat und die Menschenrechte dank einer \u00fcberaus breiten Mobilisierung","robots":{"index":"index","follow":"follow","max-snippet":"max-snippet:-1","max-image-preview":"max-image-preview:large","max-video-preview":"max-video-preview:-1"},"canonical":"https:\/\/www.pressenza.com\/de\/2016\/02\/schweiz-nein-zur-durchsetzungsinitiative\/","og_locale":"de_DE","og_type":"article","og_title":"Schweiz: Nein zur Durchsetzungsinitiative","og_description":"Amnesty International ist sehr erleichtert, dass dieser Frontalangriff auf den Rechtsstaat und die Menschenrechte dank einer \u00fcberaus breiten Mobilisierung","og_url":"https:\/\/www.pressenza.com\/de\/2016\/02\/schweiz-nein-zur-durchsetzungsinitiative\/","og_site_name":"Pressenza","article_publisher":"https:\/\/www.facebook.com\/PressenzaItalia","article_author":"https:\/\/www.facebook.com\/Pressenza-Deutschland-sterreich-Schweiz-281675388658060\/timeline\/","article_published_time":"2016-02-28T14:37:17+00:00","article_modified_time":"2016-02-28T14:40:26+00:00","og_image":[{"width":1280,"height":673,"url":"https:\/\/www.pressenza.com\/wp-content\/uploads\/2016\/02\/CcTZ8WVXIAASTET.jpg-large.jpg","type":"image\/jpeg"}],"author":"Pressenza Berlin","twitter_card":"summary_large_image","twitter_creator":"@pressenza_ger","twitter_site":"@PressenzaIPA","twitter_misc":{"Verfasst von":"Pressenza Berlin","Gesch\u00e4tzte Lesezeit":"3\u00a0Minuten"},"schema":{"@context":"https:\/\/schema.org","@graph":[{"@type":"Article","@id":"https:\/\/www.pressenza.com\/de\/2016\/02\/schweiz-nein-zur-durchsetzungsinitiative\/#article","isPartOf":{"@id":"https:\/\/www.pressenza.com\/de\/2016\/02\/schweiz-nein-zur-durchsetzungsinitiative\/"},"author":{"name":"Pressenza Berlin","@id":"https:\/\/www.pressenza.com\/de\/#\/schema\/person\/57bb5480943a496a7722b0248e4b658a"},"headline":"Schweiz: Nein zur Durchsetzungsinitiative","datePublished":"2016-02-28T14:37:17+00:00","dateModified":"2016-02-28T14:40:26+00:00","mainEntityOfPage":{"@id":"https:\/\/www.pressenza.com\/de\/2016\/02\/schweiz-nein-zur-durchsetzungsinitiative\/"},"wordCount":521,"publisher":{"@id":"https:\/\/www.pressenza.com\/de\/#organization"},"image":{"@id":"https:\/\/www.pressenza.com\/de\/2016\/02\/schweiz-nein-zur-durchsetzungsinitiative\/#primaryimage"},"thumbnailUrl":"https:\/\/www.pressenza.com\/wp-content\/uploads\/2016\/02\/CcTZ8WVXIAASTET.jpg-large.jpg","keywords":["Amnesty International","Ausschaffungsinitiative","Durchsetzungsinitiative","Menschenrechte","Schweiz"],"articleSection":["Europa","Politik","Pressemitteilungen","Vielfalt"],"inLanguage":"de"},{"@type":"WebPage","@id":"https:\/\/www.pressenza.com\/de\/2016\/02\/schweiz-nein-zur-durchsetzungsinitiative\/","url":"https:\/\/www.pressenza.com\/de\/2016\/02\/schweiz-nein-zur-durchsetzungsinitiative\/","name":"Schweiz: Nein zur Durchsetzungsinitiative","isPartOf":{"@id":"https:\/\/www.pressenza.com\/de\/#website"},"primaryImageOfPage":{"@id":"https:\/\/www.pressenza.com\/de\/2016\/02\/schweiz-nein-zur-durchsetzungsinitiative\/#primaryimage"},"image":{"@id":"https:\/\/www.pressenza.com\/de\/2016\/02\/schweiz-nein-zur-durchsetzungsinitiative\/#primaryimage"},"thumbnailUrl":"https:\/\/www.pressenza.com\/wp-content\/uploads\/2016\/02\/CcTZ8WVXIAASTET.jpg-large.jpg","datePublished":"2016-02-28T14:37:17+00:00","dateModified":"2016-02-28T14:40:26+00:00","description":"Amnesty International ist sehr erleichtert, dass dieser Frontalangriff auf den Rechtsstaat und die Menschenrechte dank einer \u00fcberaus breiten Mobilisierung","breadcrumb":{"@id":"https:\/\/www.pressenza.com\/de\/2016\/02\/schweiz-nein-zur-durchsetzungsinitiative\/#breadcrumb"},"inLanguage":"de","potentialAction":[{"@type":"ReadAction","target":["https:\/\/www.pressenza.com\/de\/2016\/02\/schweiz-nein-zur-durchsetzungsinitiative\/"]}]},{"@type":"ImageObject","inLanguage":"de","@id":"https:\/\/www.pressenza.com\/de\/2016\/02\/schweiz-nein-zur-durchsetzungsinitiative\/#primaryimage","url":"https:\/\/www.pressenza.com\/wp-content\/uploads\/2016\/02\/CcTZ8WVXIAASTET.jpg-large.jpg","contentUrl":"https:\/\/www.pressenza.com\/wp-content\/uploads\/2016\/02\/CcTZ8WVXIAASTET.jpg-large.jpg","width":1280,"height":673},{"@type":"BreadcrumbList","@id":"https:\/\/www.pressenza.com\/de\/2016\/02\/schweiz-nein-zur-durchsetzungsinitiative\/#breadcrumb","itemListElement":[{"@type":"ListItem","position":1,"name":"Accueil","item":"https:\/\/www.pressenza.com\/de\/"},{"@type":"ListItem","position":2,"name":"Schweiz: Nein zur Durchsetzungsinitiative"}]},{"@type":"WebSite","@id":"https:\/\/www.pressenza.com\/de\/#website","url":"https:\/\/www.pressenza.com\/de\/","name":"Pressenza","description":"International Press Agency","publisher":{"@id":"https:\/\/www.pressenza.com\/de\/#organization"},"potentialAction":[{"@type":"SearchAction","target":{"@type":"EntryPoint","urlTemplate":"https:\/\/www.pressenza.com\/de\/?s={search_term_string}"},"query-input":{"@type":"PropertyValueSpecification","valueRequired":true,"valueName":"search_term_string"}}],"inLanguage":"de"},{"@type":"Organization","@id":"https:\/\/www.pressenza.com\/de\/#organization","name":"Pressenza","url":"https:\/\/www.pressenza.com\/de\/","logo":{"@type":"ImageObject","inLanguage":"de","@id":"https:\/\/www.pressenza.com\/de\/#\/schema\/logo\/image\/","url":"https:\/\/www.pressenza.com\/wp-content\/uploads\/2022\/10\/pressenza_logo_200x200.jpg","contentUrl":"https:\/\/www.pressenza.com\/wp-content\/uploads\/2022\/10\/pressenza_logo_200x200.jpg","width":200,"height":200,"caption":"Pressenza"},"image":{"@id":"https:\/\/www.pressenza.com\/de\/#\/schema\/logo\/image\/"},"sameAs":["https:\/\/www.facebook.com\/PressenzaItalia","https:\/\/x.com\/PressenzaIPA"]},{"@type":"Person","@id":"https:\/\/www.pressenza.com\/de\/#\/schema\/person\/57bb5480943a496a7722b0248e4b658a","name":"Pressenza Berlin","description":"News from the Pressenza Bureau in Berlin, Germany","sameAs":["https:\/\/www.facebook.com\/Pressenza-Deutschland-sterreich-Schweiz-281675388658060\/timeline\/","https:\/\/x.com\/pressenza_ger"],"url":"https:\/\/www.pressenza.com\/de\/author\/pressenza-berlin\/"}]}},"place":"Bern","original_article_url":"https:\/\/www.amnesty.ch\/de\/laender\/europa-zentralasien\/schweiz\/stellungnahmen\/dok\/2016\/nein-zur-durchsetzungsinitiative","_links":{"self":[{"href":"https:\/\/www.pressenza.com\/de\/wp-json\/wp\/v2\/posts\/284368","targetHints":{"allow":["GET"]}}],"collection":[{"href":"https:\/\/www.pressenza.com\/de\/wp-json\/wp\/v2\/posts"}],"about":[{"href":"https:\/\/www.pressenza.com\/de\/wp-json\/wp\/v2\/types\/post"}],"author":[{"embeddable":true,"href":"https:\/\/www.pressenza.com\/de\/wp-json\/wp\/v2\/users\/1095"}],"replies":[{"embeddable":true,"href":"https:\/\/www.pressenza.com\/de\/wp-json\/wp\/v2\/comments?post=284368"}],"version-history":[{"count":0,"href":"https:\/\/www.pressenza.com\/de\/wp-json\/wp\/v2\/posts\/284368\/revisions"}],"wp:featuredmedia":[{"embeddable":true,"href":"https:\/\/www.pressenza.com\/de\/wp-json\/wp\/v2\/media\/284369"}],"wp:attachment":[{"href":"https:\/\/www.pressenza.com\/de\/wp-json\/wp\/v2\/media?parent=284368"}],"wp:term":[{"taxonomy":"category","embeddable":true,"href":"https:\/\/www.pressenza.com\/de\/wp-json\/wp\/v2\/categories?post=284368"},{"taxonomy":"post_tag","embeddable":true,"href":"https:\/\/www.pressenza.com\/de\/wp-json\/wp\/v2\/tags?post=284368"}],"curies":[{"name":"wp","href":"https:\/\/api.w.org\/{rel}","templated":true}]}}