{"id":2696952,"date":"2026-05-01T09:34:22","date_gmt":"2026-05-01T08:34:22","guid":{"rendered":"https:\/\/www.pressenza.com\/?p=2696952"},"modified":"2026-05-01T09:38:43","modified_gmt":"2026-05-01T08:38:43","slug":"seelenfrieden-als-grundlage-des-weltfriedens-veronika-koenigs-interreligioese-perspektive","status":"publish","type":"post","link":"https:\/\/www.pressenza.com\/de\/2026\/05\/seelenfrieden-als-grundlage-des-weltfriedens-veronika-koenigs-interreligioese-perspektive\/","title":{"rendered":"Seelenfrieden als Grundlage des Weltfriedens: Veronika K\u00f6nigs interreligi\u00f6se Perspektive"},"content":{"rendered":"<p><strong>In ihrem Buch \u201eSeelenfrieden\u201c pr\u00e4sentiert uns die Autorin Veronika K\u00f6nig eine interessante Perspektive zum Thema des sozialen und des Weltfriedens, die auf individuellen Seelenfrieden basieren, der als Grundlage des soziopolitischen Friedens gilt. Die Seele wird unterbewertet. Sie wird in den Winkel der Religionspsychologie verbannt und als \u201eGlaubensphilosophie\u201c abgetan<\/strong><\/p>\n<p><em>Von Milena Rampoldi, ProMosaik<\/em><\/p>\n<p>Die Autorin zeigt auf, wie die Seele als interreligi\u00f6ses Thema angegangen werden kann. Sie zeigt des Weiteren auf, dass die Seele in der Psychologie und auch in der Soziologie einen viel wichtigeren Stellenwert einnehmen sollte als es aktuell vor allem in der akademischen Welt der Fall ist. Ausgehend von der eigenen Biografie und von ihrer Krankheitsgeschichte, zeigt Veronika K\u00f6nig auf, wie der Seelenfrieden Teil einer positiven Psychologie ist, die uns den Weg weist, um eine Gesellschaft und eine Weltgemeinschaft aufzubauen, die den Seelenfrieden als Grundlage des soziopolitischen Friedens sehen. Anbei das Interview mit der Autorin, die den Seelenfrieden aus dem religi\u00f6sen Winkel ins Hier und Jetzt holt und ihn zu einer Quelle soziopolitischen Wohlbefindens macht. In den letzten beiden Fragen sehen wir auch die Bedeutung des Seelenfriedens f\u00fcr die Resilienz und den Kampf f\u00fcr das Wohlergehen der Frau in der Gesellschaft. Und an dieser Stelle kommt die Schreibtherapie ins Spiel\u2026<\/p>\n<p><strong><em>Was hat Sie dazu bewegt, ein Buch \u00fcber das Thema Seelenfrieden zu schreiben?<\/em><\/strong><\/p>\n<p>Ich habe mich schon l\u00e4nger mit dem Thema Seele besch\u00e4ftigt, und bei einem Begr\u00e4bnis mit dem bekannten Spruch \u201eM\u00f6ge seine Seele in Frieden ruhen\u201c, habe ich mir Gedanken dar\u00fcber gemacht, ob wir f\u00fcr diesen Seelenfrieden wirklich bis zu unserem Tod warten m\u00fcssen.<\/p>\n<p><strong><em>Wie wichtig ist die Verbindung des Seelenfriedens mit dem Leben anstatt mit dem Tod? Warum sollen wir den Seelenfrieden in unsere Welt bringen, ohne ihn nur im Jenseits anzusiedeln?<\/em><\/strong><\/p>\n<p>Unsere Seelen wurden weit vor unserem irdischen Leben bereits erschaffen und warten auf die Inkarnation mit dem K\u00f6rper auf dieser Welt. An diesem Ort erfahren unsere Seelen bereits den Seelenfrieden, denn der Umstande, wo Unfrieden in sie kehrt, ist das irdische Dasein. Die Seelen kennen daher w\u00e4hrend ihres irdischen Leben diesen friedlichen Zustand und sehen sich danach. Sie wissen zwar, dass eine R\u00fcckkehr erst nach dem Tod stattfinden wird, aber Momente des Seelenfriedens sind auch hier erreichbar. Seelenfrieden ist das h\u00f6chste und erhabenste Gef\u00fchl. Wer in ihm verweilt, kennt kein Leiden mehr. Untugenden sind ausgeschaltet und wir befinden uns in einem h\u00f6heren Selbst. In einer Welt, in der zurzeit so viel Verwirrung, L\u00fcge, Intrige und Krieg herrscht, w\u00fcrde mehr Seelenfriede gut tun. Er w\u00e4re die L\u00f6sung f\u00fcr viele unserer Probleme.<\/p>\n<p><strong><em>Sie haben eine multireligi\u00f6se Perspektive gew\u00e4hlt, um das Thema zu besprechen. Warum? Welche Vorteile sehen Sie in so einem Ansatz?<\/em><\/strong><\/p>\n<p>Die Seele und der Ort ihrer Erschaffung kennen keine Religionen. Es herrscht dort die alleinige Verbindung zu Gott\/Allah. Es ist daher sehr interessant zu sehen, was die Religionen aus dem Thema Seele und Seelenfrieden gemacht haben. Aus den Ausf\u00fchrungen ist ersichtlich, dass gerade in den drei Buchreligionen Islam, Christentum und Judentum, eine gro\u00dfe \u00dcbereinstimmung besteht. Wenn man dem islamischen Ansatz folgt, dass es nur einen Gott gibt, und jede der drei Religionen, vom Judentum \u00fcber das Christentum, hin zum Islam, gleichen Ursprungs ist und nur eine Fortschreibung von Gottes Botschaft ist, sehen wir Verbindungen und Gemeinsamkeiten. Auch die Unterscheidungen werden dadurch klarer. Und Klarheit ist wichtig im Glauben.<\/p>\n<p><strong><em>Wie wichtig ist ein multidisziplin\u00e4rer Ansatz zum Thema Seelenfrieden und warum?<\/em><\/strong><\/p>\n<p>Seelenfrieden ist ein besonders ehrenwerter Zustand. Ihn zu erreichen, passiert nicht gerade einmal so nebenbei. Im Unterschied zur Zufriedenheit, die dem Seelenfrieden am n\u00e4chsten kommt und immer wieder mit Seelenfrieden verwechselt wird, kommt es zentral auf die Seele an. Die Seele ist sehr fragil und kann durch viele Umst\u00e4nde beeinflusst werden. Daher k\u00f6nnen wir andererseits, durch Beachtung dieser Umst\u00e4nde, die Seele befrieden. Jeder Mensch hat andere \u201eSt\u00f6rfelder\u201c in seinem Leben, die Seelenfrieden verhindern. Es war mir daher wichtig, ein weites Spektrum darzustellen, wo und wie wir an unserem Seelenfrieden arbeiten k\u00f6nnen.<\/p>\n<p><strong><em>Im Buch gehen Sie das Thema auch autobiografisch an. Warum ist es wichtig, das Thema auf sich und das eigene Leben zu beziehen?<\/em><\/strong><\/p>\n<p>Ich besch\u00e4ftige mich schon l\u00e4ngere Zeit mit dem Leben, mit Religion und verschiedenen Perspektiven, beides zu betrachten. Ich habe im Laufe meines Lebens sehr viele Erfahrungen zu dem Thema selbst gemacht. Ich schreibe daher nicht \u00fcber ein Thema, das ich \u201egelernt\u201c habe, sondern das ich selbst durchlebt und erlebt habe. Ich glaube, dadurch wird mein Beitrag verst\u00e4ndlicher und authentischer.<\/p>\n<p><strong><em>Wie wichtig ist Schreibtherapie f\u00fcr Frauen, wenn es um den Aufbau des eigenen Seelenfriedens geht?<\/em><\/strong><\/p>\n<p>Die Stimme des Seelenfriedens ist die Stille. Die Stille des Schreibens l\u00e4sst uns mit unserer Seele in Kontakt treten. Ich habe die Stunden, die ich schreibend an meinem Buch verbracht habe, geliebt und genossen. Seit ich im Zuge meiner Krankheit das Schreiben entdeckt habe, sp\u00fcre ich es als Therapie und Akt der Selbstreflexion. Ich kann daher jeder Frau empfehlen, einen Zettel und Papier zu nehmen, und in einer ruhigen Stunde die Gedanken niederzuschreiben. Vielleicht ergibt sich daraus eine neue Leidenschaft. Bei mir wurde diese Leidenschaft erweckt und ich sitze bereits \u00fcber meinem n\u00e4chsten Buchprojekt und habe bereits weitere in meinen Gedanken.<\/p>\n<p><strong><em>Welche Ber\u00fchrungspunkte sehen Sie zwischen diesem und Ihrem vorherigen Buch zu Ihrer Krankheit und dem Marathon als Symbol f\u00fcr das Ja zum Leben?<\/em><\/strong><\/p>\n<p>Im Laufe meiner schweren Erkrankung war ich oft mit meinem m\u00f6glichen Tod konfrontiert. Ich erlebte dabei nicht nur Angst, sondern auch Situationen wahren Seelenfriedens. Ich kann daher davon berichten, wie sich dieser Seelenfrieden anf\u00fchlt und erreichen l\u00e4sst. Ich habe aber dadurch nicht nur das Ja zum Leben, sondern auch das Ja zum ewigen Leben gefunden. Vielleicht war und ist meine Krankheit nur ein weiteres Mosaik in meinem Lebensbild.<\/p>\n","protected":false},"excerpt":{"rendered":"<p>In ihrem Buch \u201eSeelenfrieden\u201c pr\u00e4sentiert uns die Autorin Veronika K\u00f6nig eine interessante Perspektive zum Thema des sozialen und des Weltfriedens, die auf individuellen Seelenfrieden basieren, der als Grundlage des soziopolitischen Friedens gilt. Die Seele wird unterbewertet. Sie wird in den&hellip;<\/p>\n","protected":false},"author":1149,"featured_media":2696954,"comment_status":"closed","ping_status":"closed","sticky":false,"template":"","format":"standard","meta":{"footnotes":""},"categories":[9150,9167,9166,9162,11387],"tags":[9439,68753,12984,156224,12986,15829,73005,156225,156221,156222,11880,156223,18959],"class_list":["post-2696952","post","type-post","status-publish","format-standard","has-post-thumbnail","hentry","category-europa-de","category-frieden-und-abruestung","category-gewaltfreiheit","category-humanismus-und-spiritualitaet","category-originalinhalt","tag-frauen","tag-innerer-frieden","tag-interreligioser-dialog","tag-positive-psychologie","tag-promosaik-de","tag-religion-de","tag-resilienz","tag-schreibtherapie","tag-seelenfrieden","tag-sozialer-frieden","tag-spiritualitat","tag-veronika-koenig","tag-weltfrieden"],"yoast_head":"<!-- This site is optimized with the Yoast SEO plugin v27.1.1 - https:\/\/yoast.com\/product\/yoast-seo-wordpress\/ -->\n<title>Seelenfrieden als Grundlage des Weltfriedens: Veronika K\u00f6nigs interreligi\u00f6se Perspektive<\/title>\n<meta name=\"description\" content=\"In ihrem Buch \u201eSeelenfrieden\u201c pr\u00e4sentiert uns die Autorin Veronika K\u00f6nig eine interessante Perspektive zum Thema des sozialen und des Weltfriedens, die\" \/>\n<meta name=\"robots\" content=\"index, follow, max-snippet:-1, max-image-preview:large, max-video-preview:-1\" \/>\n<link rel=\"canonical\" href=\"https:\/\/www.pressenza.com\/de\/2026\/05\/seelenfrieden-als-grundlage-des-weltfriedens-veronika-koenigs-interreligioese-perspektive\/\" \/>\n<meta property=\"og:locale\" content=\"de_DE\" \/>\n<meta property=\"og:type\" content=\"article\" \/>\n<meta property=\"og:title\" content=\"Seelenfrieden als Grundlage des Weltfriedens: Veronika K\u00f6nigs interreligi\u00f6se Perspektive\" \/>\n<meta property=\"og:description\" content=\"In ihrem Buch \u201eSeelenfrieden\u201c pr\u00e4sentiert uns die Autorin Veronika K\u00f6nig eine interessante Perspektive zum Thema des sozialen und des Weltfriedens, die\" \/>\n<meta property=\"og:url\" content=\"https:\/\/www.pressenza.com\/de\/2026\/05\/seelenfrieden-als-grundlage-des-weltfriedens-veronika-koenigs-interreligioese-perspektive\/\" \/>\n<meta property=\"og:site_name\" content=\"Pressenza\" \/>\n<meta property=\"article:publisher\" content=\"https:\/\/www.facebook.com\/PressenzaItalia\" \/>\n<meta property=\"article:published_time\" content=\"2026-05-01T08:34:22+00:00\" \/>\n<meta property=\"article:modified_time\" content=\"2026-05-01T08:38:43+00:00\" \/>\n<meta property=\"og:image\" content=\"https:\/\/www.pressenza.com\/wp-content\/uploads\/2026\/05\/sunykiller-sunset-4172304_1280.jpg\" \/>\n\t<meta property=\"og:image:width\" content=\"1280\" \/>\n\t<meta property=\"og:image:height\" content=\"720\" \/>\n\t<meta property=\"og:image:type\" content=\"image\/jpeg\" \/>\n<meta name=\"author\" content=\"Milena Rampoldi\" \/>\n<meta name=\"twitter:card\" content=\"summary_large_image\" \/>\n<meta name=\"twitter:creator\" content=\"@PressenzaIPA\" \/>\n<meta name=\"twitter:site\" content=\"@PressenzaIPA\" \/>\n<meta name=\"twitter:label1\" content=\"Verfasst von\" \/>\n\t<meta name=\"twitter:data1\" content=\"Milena Rampoldi\" \/>\n\t<meta name=\"twitter:label2\" content=\"Gesch\u00e4tzte Lesezeit\" \/>\n\t<meta name=\"twitter:data2\" content=\"6\u00a0Minuten\" \/>\n<script type=\"application\/ld+json\" class=\"yoast-schema-graph\">{\"@context\":\"https:\/\/schema.org\",\"@graph\":[{\"@type\":\"Article\",\"@id\":\"https:\/\/www.pressenza.com\/de\/2026\/05\/seelenfrieden-als-grundlage-des-weltfriedens-veronika-koenigs-interreligioese-perspektive\/#article\",\"isPartOf\":{\"@id\":\"https:\/\/www.pressenza.com\/de\/2026\/05\/seelenfrieden-als-grundlage-des-weltfriedens-veronika-koenigs-interreligioese-perspektive\/\"},\"author\":{\"name\":\"Milena Rampoldi\",\"@id\":\"https:\/\/www.pressenza.com\/de\/#\/schema\/person\/1f3113f1dbef2a8376909f563854e5e5\"},\"headline\":\"Seelenfrieden als Grundlage des Weltfriedens: Veronika K\u00f6nigs interreligi\u00f6se Perspektive\",\"datePublished\":\"2026-05-01T08:34:22+00:00\",\"dateModified\":\"2026-05-01T08:38:43+00:00\",\"mainEntityOfPage\":{\"@id\":\"https:\/\/www.pressenza.com\/de\/2026\/05\/seelenfrieden-als-grundlage-des-weltfriedens-veronika-koenigs-interreligioese-perspektive\/\"},\"wordCount\":995,\"publisher\":{\"@id\":\"https:\/\/www.pressenza.com\/de\/#organization\"},\"image\":{\"@id\":\"https:\/\/www.pressenza.com\/de\/2026\/05\/seelenfrieden-als-grundlage-des-weltfriedens-veronika-koenigs-interreligioese-perspektive\/#primaryimage\"},\"thumbnailUrl\":\"https:\/\/www.pressenza.com\/wp-content\/uploads\/2026\/05\/sunykiller-sunset-4172304_1280.jpg\",\"keywords\":[\"Frauen\",\"innerer Frieden\",\"interreligioser Dialog\",\"Positive Psychologie\",\"Promosaik\",\"religion\",\"Resilienz\",\"Schreibtherapie\",\"Seelenfrieden\",\"Sozialer Frieden\",\"Spiritualit\u00e4t\",\"Veronika K\u00f6nig\",\"Weltfrieden\"],\"articleSection\":[\"Europa\",\"Frieden und Abr\u00fcstung\",\"Gewaltfreiheit\",\"Humanismus und Spiritualit\u00e4t\",\"Originalinhalt\"],\"inLanguage\":\"de\"},{\"@type\":\"WebPage\",\"@id\":\"https:\/\/www.pressenza.com\/de\/2026\/05\/seelenfrieden-als-grundlage-des-weltfriedens-veronika-koenigs-interreligioese-perspektive\/\",\"url\":\"https:\/\/www.pressenza.com\/de\/2026\/05\/seelenfrieden-als-grundlage-des-weltfriedens-veronika-koenigs-interreligioese-perspektive\/\",\"name\":\"Seelenfrieden als Grundlage des Weltfriedens: Veronika K\u00f6nigs interreligi\u00f6se Perspektive\",\"isPartOf\":{\"@id\":\"https:\/\/www.pressenza.com\/de\/#website\"},\"primaryImageOfPage\":{\"@id\":\"https:\/\/www.pressenza.com\/de\/2026\/05\/seelenfrieden-als-grundlage-des-weltfriedens-veronika-koenigs-interreligioese-perspektive\/#primaryimage\"},\"image\":{\"@id\":\"https:\/\/www.pressenza.com\/de\/2026\/05\/seelenfrieden-als-grundlage-des-weltfriedens-veronika-koenigs-interreligioese-perspektive\/#primaryimage\"},\"thumbnailUrl\":\"https:\/\/www.pressenza.com\/wp-content\/uploads\/2026\/05\/sunykiller-sunset-4172304_1280.jpg\",\"datePublished\":\"2026-05-01T08:34:22+00:00\",\"dateModified\":\"2026-05-01T08:38:43+00:00\",\"description\":\"In ihrem Buch \u201eSeelenfrieden\u201c pr\u00e4sentiert uns die Autorin Veronika K\u00f6nig eine interessante Perspektive zum Thema des sozialen und des Weltfriedens, die\",\"breadcrumb\":{\"@id\":\"https:\/\/www.pressenza.com\/de\/2026\/05\/seelenfrieden-als-grundlage-des-weltfriedens-veronika-koenigs-interreligioese-perspektive\/#breadcrumb\"},\"inLanguage\":\"de\",\"potentialAction\":[{\"@type\":\"ReadAction\",\"target\":[\"https:\/\/www.pressenza.com\/de\/2026\/05\/seelenfrieden-als-grundlage-des-weltfriedens-veronika-koenigs-interreligioese-perspektive\/\"]}]},{\"@type\":\"ImageObject\",\"inLanguage\":\"de\",\"@id\":\"https:\/\/www.pressenza.com\/de\/2026\/05\/seelenfrieden-als-grundlage-des-weltfriedens-veronika-koenigs-interreligioese-perspektive\/#primaryimage\",\"url\":\"https:\/\/www.pressenza.com\/wp-content\/uploads\/2026\/05\/sunykiller-sunset-4172304_1280.jpg\",\"contentUrl\":\"https:\/\/www.pressenza.com\/wp-content\/uploads\/2026\/05\/sunykiller-sunset-4172304_1280.jpg\",\"width\":1280,\"height\":720,\"caption\":\"Seelenfrieden als Grundlage des Weltfriedens: Veronika K\u00f6nigs interreligi\u00f6se Perspektive\"},{\"@type\":\"BreadcrumbList\",\"@id\":\"https:\/\/www.pressenza.com\/de\/2026\/05\/seelenfrieden-als-grundlage-des-weltfriedens-veronika-koenigs-interreligioese-perspektive\/#breadcrumb\",\"itemListElement\":[{\"@type\":\"ListItem\",\"position\":1,\"name\":\"Accueil\",\"item\":\"https:\/\/www.pressenza.com\/de\/\"},{\"@type\":\"ListItem\",\"position\":2,\"name\":\"Seelenfrieden als Grundlage des Weltfriedens: Veronika K\u00f6nigs interreligi\u00f6se Perspektive\"}]},{\"@type\":\"WebSite\",\"@id\":\"https:\/\/www.pressenza.com\/de\/#website\",\"url\":\"https:\/\/www.pressenza.com\/de\/\",\"name\":\"Pressenza\",\"description\":\"International Press Agency\",\"publisher\":{\"@id\":\"https:\/\/www.pressenza.com\/de\/#organization\"},\"potentialAction\":[{\"@type\":\"SearchAction\",\"target\":{\"@type\":\"EntryPoint\",\"urlTemplate\":\"https:\/\/www.pressenza.com\/de\/?s={search_term_string}\"},\"query-input\":{\"@type\":\"PropertyValueSpecification\",\"valueRequired\":true,\"valueName\":\"search_term_string\"}}],\"inLanguage\":\"de\"},{\"@type\":\"Organization\",\"@id\":\"https:\/\/www.pressenza.com\/de\/#organization\",\"name\":\"Pressenza\",\"url\":\"https:\/\/www.pressenza.com\/de\/\",\"logo\":{\"@type\":\"ImageObject\",\"inLanguage\":\"de\",\"@id\":\"https:\/\/www.pressenza.com\/de\/#\/schema\/logo\/image\/\",\"url\":\"https:\/\/www.pressenza.com\/wp-content\/uploads\/2022\/10\/pressenza_logo_200x200.jpg\",\"contentUrl\":\"https:\/\/www.pressenza.com\/wp-content\/uploads\/2022\/10\/pressenza_logo_200x200.jpg\",\"width\":200,\"height\":200,\"caption\":\"Pressenza\"},\"image\":{\"@id\":\"https:\/\/www.pressenza.com\/de\/#\/schema\/logo\/image\/\"},\"sameAs\":[\"https:\/\/www.facebook.com\/PressenzaItalia\",\"https:\/\/x.com\/PressenzaIPA\"]},{\"@type\":\"Person\",\"@id\":\"https:\/\/www.pressenza.com\/de\/#\/schema\/person\/1f3113f1dbef2a8376909f563854e5e5\",\"name\":\"Milena Rampoldi\",\"description\":\"Milena Rampoldi \u00e8 nata a Bolzano nel 1973 e dopo i suoi studi teologici, pedagogici, filosofici e orientali in Italia ha proseguito con il dottorato di arabistica sul tema della didattica arabofona del Corano a Vienna. Insegnante di lingue e traduttrice, da anni si occupa di storia e religione islamica, di questioni politiche ed umanitarie, di femminismo e diritti umani e di storia medio-orientale ed africana. Tra le varie pubblicazioni, soprattutto in lingua tedesca, figurano i testi italiani sui Corsari del Mediterraneo e sul filosofo Ren\u00e9 Gu\u00e9non. E' promotrice dell'Associazione per il dialogo interculturale e interreligioso Promosaik www.promosaik.com\",\"url\":\"https:\/\/www.pressenza.com\/de\/author\/milena-rampoldi\/\"}]}<\/script>\n<!-- \/ Yoast SEO plugin. -->","yoast_head_json":{"title":"Seelenfrieden als Grundlage des Weltfriedens: Veronika K\u00f6nigs interreligi\u00f6se Perspektive","description":"In ihrem Buch \u201eSeelenfrieden\u201c pr\u00e4sentiert uns die Autorin Veronika K\u00f6nig eine interessante Perspektive zum Thema des sozialen und des Weltfriedens, die","robots":{"index":"index","follow":"follow","max-snippet":"max-snippet:-1","max-image-preview":"max-image-preview:large","max-video-preview":"max-video-preview:-1"},"canonical":"https:\/\/www.pressenza.com\/de\/2026\/05\/seelenfrieden-als-grundlage-des-weltfriedens-veronika-koenigs-interreligioese-perspektive\/","og_locale":"de_DE","og_type":"article","og_title":"Seelenfrieden als Grundlage des Weltfriedens: Veronika K\u00f6nigs interreligi\u00f6se Perspektive","og_description":"In ihrem Buch \u201eSeelenfrieden\u201c pr\u00e4sentiert uns die Autorin Veronika K\u00f6nig eine interessante Perspektive zum Thema des sozialen und des Weltfriedens, die","og_url":"https:\/\/www.pressenza.com\/de\/2026\/05\/seelenfrieden-als-grundlage-des-weltfriedens-veronika-koenigs-interreligioese-perspektive\/","og_site_name":"Pressenza","article_publisher":"https:\/\/www.facebook.com\/PressenzaItalia","article_published_time":"2026-05-01T08:34:22+00:00","article_modified_time":"2026-05-01T08:38:43+00:00","og_image":[{"width":1280,"height":720,"url":"https:\/\/www.pressenza.com\/wp-content\/uploads\/2026\/05\/sunykiller-sunset-4172304_1280.jpg","type":"image\/jpeg"}],"author":"Milena Rampoldi","twitter_card":"summary_large_image","twitter_creator":"@PressenzaIPA","twitter_site":"@PressenzaIPA","twitter_misc":{"Verfasst von":"Milena Rampoldi","Gesch\u00e4tzte Lesezeit":"6\u00a0Minuten"},"schema":{"@context":"https:\/\/schema.org","@graph":[{"@type":"Article","@id":"https:\/\/www.pressenza.com\/de\/2026\/05\/seelenfrieden-als-grundlage-des-weltfriedens-veronika-koenigs-interreligioese-perspektive\/#article","isPartOf":{"@id":"https:\/\/www.pressenza.com\/de\/2026\/05\/seelenfrieden-als-grundlage-des-weltfriedens-veronika-koenigs-interreligioese-perspektive\/"},"author":{"name":"Milena Rampoldi","@id":"https:\/\/www.pressenza.com\/de\/#\/schema\/person\/1f3113f1dbef2a8376909f563854e5e5"},"headline":"Seelenfrieden als Grundlage des Weltfriedens: Veronika K\u00f6nigs interreligi\u00f6se Perspektive","datePublished":"2026-05-01T08:34:22+00:00","dateModified":"2026-05-01T08:38:43+00:00","mainEntityOfPage":{"@id":"https:\/\/www.pressenza.com\/de\/2026\/05\/seelenfrieden-als-grundlage-des-weltfriedens-veronika-koenigs-interreligioese-perspektive\/"},"wordCount":995,"publisher":{"@id":"https:\/\/www.pressenza.com\/de\/#organization"},"image":{"@id":"https:\/\/www.pressenza.com\/de\/2026\/05\/seelenfrieden-als-grundlage-des-weltfriedens-veronika-koenigs-interreligioese-perspektive\/#primaryimage"},"thumbnailUrl":"https:\/\/www.pressenza.com\/wp-content\/uploads\/2026\/05\/sunykiller-sunset-4172304_1280.jpg","keywords":["Frauen","innerer Frieden","interreligioser Dialog","Positive Psychologie","Promosaik","religion","Resilienz","Schreibtherapie","Seelenfrieden","Sozialer Frieden","Spiritualit\u00e4t","Veronika K\u00f6nig","Weltfrieden"],"articleSection":["Europa","Frieden und Abr\u00fcstung","Gewaltfreiheit","Humanismus und Spiritualit\u00e4t","Originalinhalt"],"inLanguage":"de"},{"@type":"WebPage","@id":"https:\/\/www.pressenza.com\/de\/2026\/05\/seelenfrieden-als-grundlage-des-weltfriedens-veronika-koenigs-interreligioese-perspektive\/","url":"https:\/\/www.pressenza.com\/de\/2026\/05\/seelenfrieden-als-grundlage-des-weltfriedens-veronika-koenigs-interreligioese-perspektive\/","name":"Seelenfrieden als Grundlage des Weltfriedens: Veronika K\u00f6nigs interreligi\u00f6se Perspektive","isPartOf":{"@id":"https:\/\/www.pressenza.com\/de\/#website"},"primaryImageOfPage":{"@id":"https:\/\/www.pressenza.com\/de\/2026\/05\/seelenfrieden-als-grundlage-des-weltfriedens-veronika-koenigs-interreligioese-perspektive\/#primaryimage"},"image":{"@id":"https:\/\/www.pressenza.com\/de\/2026\/05\/seelenfrieden-als-grundlage-des-weltfriedens-veronika-koenigs-interreligioese-perspektive\/#primaryimage"},"thumbnailUrl":"https:\/\/www.pressenza.com\/wp-content\/uploads\/2026\/05\/sunykiller-sunset-4172304_1280.jpg","datePublished":"2026-05-01T08:34:22+00:00","dateModified":"2026-05-01T08:38:43+00:00","description":"In ihrem Buch \u201eSeelenfrieden\u201c pr\u00e4sentiert uns die Autorin Veronika K\u00f6nig eine interessante Perspektive zum Thema des sozialen und des Weltfriedens, die","breadcrumb":{"@id":"https:\/\/www.pressenza.com\/de\/2026\/05\/seelenfrieden-als-grundlage-des-weltfriedens-veronika-koenigs-interreligioese-perspektive\/#breadcrumb"},"inLanguage":"de","potentialAction":[{"@type":"ReadAction","target":["https:\/\/www.pressenza.com\/de\/2026\/05\/seelenfrieden-als-grundlage-des-weltfriedens-veronika-koenigs-interreligioese-perspektive\/"]}]},{"@type":"ImageObject","inLanguage":"de","@id":"https:\/\/www.pressenza.com\/de\/2026\/05\/seelenfrieden-als-grundlage-des-weltfriedens-veronika-koenigs-interreligioese-perspektive\/#primaryimage","url":"https:\/\/www.pressenza.com\/wp-content\/uploads\/2026\/05\/sunykiller-sunset-4172304_1280.jpg","contentUrl":"https:\/\/www.pressenza.com\/wp-content\/uploads\/2026\/05\/sunykiller-sunset-4172304_1280.jpg","width":1280,"height":720,"caption":"Seelenfrieden als Grundlage des Weltfriedens: Veronika K\u00f6nigs interreligi\u00f6se Perspektive"},{"@type":"BreadcrumbList","@id":"https:\/\/www.pressenza.com\/de\/2026\/05\/seelenfrieden-als-grundlage-des-weltfriedens-veronika-koenigs-interreligioese-perspektive\/#breadcrumb","itemListElement":[{"@type":"ListItem","position":1,"name":"Accueil","item":"https:\/\/www.pressenza.com\/de\/"},{"@type":"ListItem","position":2,"name":"Seelenfrieden als Grundlage des Weltfriedens: Veronika K\u00f6nigs interreligi\u00f6se Perspektive"}]},{"@type":"WebSite","@id":"https:\/\/www.pressenza.com\/de\/#website","url":"https:\/\/www.pressenza.com\/de\/","name":"Pressenza","description":"International Press Agency","publisher":{"@id":"https:\/\/www.pressenza.com\/de\/#organization"},"potentialAction":[{"@type":"SearchAction","target":{"@type":"EntryPoint","urlTemplate":"https:\/\/www.pressenza.com\/de\/?s={search_term_string}"},"query-input":{"@type":"PropertyValueSpecification","valueRequired":true,"valueName":"search_term_string"}}],"inLanguage":"de"},{"@type":"Organization","@id":"https:\/\/www.pressenza.com\/de\/#organization","name":"Pressenza","url":"https:\/\/www.pressenza.com\/de\/","logo":{"@type":"ImageObject","inLanguage":"de","@id":"https:\/\/www.pressenza.com\/de\/#\/schema\/logo\/image\/","url":"https:\/\/www.pressenza.com\/wp-content\/uploads\/2022\/10\/pressenza_logo_200x200.jpg","contentUrl":"https:\/\/www.pressenza.com\/wp-content\/uploads\/2022\/10\/pressenza_logo_200x200.jpg","width":200,"height":200,"caption":"Pressenza"},"image":{"@id":"https:\/\/www.pressenza.com\/de\/#\/schema\/logo\/image\/"},"sameAs":["https:\/\/www.facebook.com\/PressenzaItalia","https:\/\/x.com\/PressenzaIPA"]},{"@type":"Person","@id":"https:\/\/www.pressenza.com\/de\/#\/schema\/person\/1f3113f1dbef2a8376909f563854e5e5","name":"Milena Rampoldi","description":"Milena Rampoldi \u00e8 nata a Bolzano nel 1973 e dopo i suoi studi teologici, pedagogici, filosofici e orientali in Italia ha proseguito con il dottorato di arabistica sul tema della didattica arabofona del Corano a Vienna. Insegnante di lingue e traduttrice, da anni si occupa di storia e religione islamica, di questioni politiche ed umanitarie, di femminismo e diritti umani e di storia medio-orientale ed africana. Tra le varie pubblicazioni, soprattutto in lingua tedesca, figurano i testi italiani sui Corsari del Mediterraneo e sul filosofo Ren\u00e9 Gu\u00e9non. E' promotrice dell'Associazione per il dialogo interculturale e interreligioso Promosaik www.promosaik.com","url":"https:\/\/www.pressenza.com\/de\/author\/milena-rampoldi\/"}]}},"place":"","original_article_url":"","_links":{"self":[{"href":"https:\/\/www.pressenza.com\/de\/wp-json\/wp\/v2\/posts\/2696952","targetHints":{"allow":["GET"]}}],"collection":[{"href":"https:\/\/www.pressenza.com\/de\/wp-json\/wp\/v2\/posts"}],"about":[{"href":"https:\/\/www.pressenza.com\/de\/wp-json\/wp\/v2\/types\/post"}],"author":[{"embeddable":true,"href":"https:\/\/www.pressenza.com\/de\/wp-json\/wp\/v2\/users\/1149"}],"replies":[{"embeddable":true,"href":"https:\/\/www.pressenza.com\/de\/wp-json\/wp\/v2\/comments?post=2696952"}],"version-history":[{"count":1,"href":"https:\/\/www.pressenza.com\/de\/wp-json\/wp\/v2\/posts\/2696952\/revisions"}],"predecessor-version":[{"id":2696955,"href":"https:\/\/www.pressenza.com\/de\/wp-json\/wp\/v2\/posts\/2696952\/revisions\/2696955"}],"wp:featuredmedia":[{"embeddable":true,"href":"https:\/\/www.pressenza.com\/de\/wp-json\/wp\/v2\/media\/2696954"}],"wp:attachment":[{"href":"https:\/\/www.pressenza.com\/de\/wp-json\/wp\/v2\/media?parent=2696952"}],"wp:term":[{"taxonomy":"category","embeddable":true,"href":"https:\/\/www.pressenza.com\/de\/wp-json\/wp\/v2\/categories?post=2696952"},{"taxonomy":"post_tag","embeddable":true,"href":"https:\/\/www.pressenza.com\/de\/wp-json\/wp\/v2\/tags?post=2696952"}],"curies":[{"name":"wp","href":"https:\/\/api.w.org\/{rel}","templated":true}]}}