{"id":2696597,"date":"2026-04-29T23:24:31","date_gmt":"2026-04-29T22:24:31","guid":{"rendered":"https:\/\/www.pressenza.com\/?p=2696597"},"modified":"2026-04-29T23:24:31","modified_gmt":"2026-04-29T22:24:31","slug":"schuldenreport-2026-krieg-am-golf-verschaerft-auslandsschuldenkrise-im-globalen-sueden","status":"publish","type":"post","link":"https:\/\/www.pressenza.com\/de\/2026\/04\/schuldenreport-2026-krieg-am-golf-verschaerft-auslandsschuldenkrise-im-globalen-sueden\/","title":{"rendered":"Schuldenreport 2026: Krieg am Golf versch\u00e4rft Auslandsschuldenkrise im Globalen S\u00fcden"},"content":{"rendered":"<p><strong>In L\u00e4ndern, die bereits jetzt durch Zahlungen an ausl\u00e4ndische Gl\u00e4ubiger stark belastet sind, w\u00e4chst in der aktuellen Weltlage die Gefahr von Schuldenkrisen. Mit gravierenden Folgen f\u00fcr die betroffenen Menschen.<\/strong><\/p>\n<p>44 Staaten im Globalen S\u00fcden leiden unter einer sehr hohen Auslandsschuldenlast. Zu diesem Ergebnis kommt der Schuldenreport 2026, der heute ver\u00f6ffentlicht wurde. Weitere 25 Staaten sind hoch belastet. In 15 L\u00e4ndern besteht ein latentes Belastungsrisiko. \u201eL\u00e4nder mit einer sehr hohen Auslandsschuldenlast m\u00fcssen mehr als 15 Prozent ihrer Staatseinnahmen f\u00fcr Zins- und Tilgungszahlungen an ausl\u00e4ndische Gl\u00e4ubiger aufbringen. In Angola sind es sogar 60 Prozent, im Senegal 39 Prozent\u201c, erkl\u00e4rt Malina Stutz, Politische Referentin beim deutschen Entschuldungsb\u00fcndnis erlassjahr.de. \u201eDamit flie\u00dft ein untragbar hoher Teil der \u00f6ffentlichen Einnahmen in diesen L\u00e4ndern nicht in elementare Staatsaufgaben wie Bildung, Gesundheit oder Infrastruktur, sondern an ausl\u00e4ndische Gl\u00e4ubiger.\u201c Zum Vergleich: In Deutschland liegt die Quote f\u00fcr den Auslandsschuldendienst lediglich bei rund zwei Prozent.<\/p>\n<p><strong>Krise am Golf versch\u00e4rft die Situation<\/strong><\/p>\n<p>\u201eZu der hohen Auslandsverschuldung vieler L\u00e4nder kommen nun noch die verheerenden Folgen des Kriegs am Golf hinzu\u201c, warnt Benjamin Rosenthal, Experte f\u00fcr Entwicklungsfinanzierung bei Misereor. \u201eHohe Energie- und Lebensmittelpreise belasten zus\u00e4tzlich die Staatshaushalte und werden zu einem Abzug von Kapital und h\u00f6heren Kreditkosten in vielen verschuldeten L\u00e4ndern f\u00fchren. Das macht etwa den Erhalt von Schulen und Krankenh\u00e4usern und die soziale Grundsicherung noch teurer.\u201c Der Libanon zum Beispiel leistet gemessen an den Staatseinnahmen den h\u00f6chsten Schuldendienst weltweit und befindet sich im Zahlungsausfall. \u201eDie Menschen dort k\u00e4mpfen bereits seit Jahren mit den Auswirkungen einer schweren Finanzkrise, die ihnen ihre Ersparnisse genommen hat\u201c, beschreibt Rosenthal die Situation. \u201eDurch den Krieg in der Region stehen sie nun buchst\u00e4blich vor dem Nichts.\u201c<\/p>\n<p>Wie die Analyse zeigt, ist eine Entspannung der Situation aktuell nicht zu erwarten. \u201eDie \u00f6ffentliche Vergabe von Zusch\u00fcssen und Krediten an L\u00e4nder des Globalen S\u00fcdens ist zuletzt deutlich eingebrochen, auch infolge gek\u00fcrzter Mittel in der Entwicklungszusammenarbeit\u201c, erkl\u00e4rt Malina Stutz. Private Gl\u00e4ubiger h\u00e4tten hingegen bereits vor der Krise am Golf Kredite nur noch zu sehr hohen Zinss\u00e4tzen vergeben \u2013 insbesondere an bereits hoch verschuldete Staaten. \u201eDies birgt die Gefahr, dass Schuldenkrisen verschleppt, statt gel\u00f6st werden und die L\u00e4nder tiefer in Abh\u00e4ngigkeiten geraten\u201c, so Stutz weiter. Gleichzeitig bietet die gl\u00e4ubigerzentrierte, internationale Schuldenarchitektur keine effektiven L\u00f6sungen, um Auslandsschuldenkrisen nachhaltig zu \u00fcberwinden. L\u00e4nder wie Ghana, Sambia, Sri Lanka und Suriname, die in den vergangenen Jahren Umschuldungen im Rahmen dieser gl\u00e4ubigerdominierten Strukturen durchgef\u00fchrt haben, weisen weiterhin eine der h\u00f6chsten Belastungen weltweit auf.<\/p>\n<p><strong>Reformblockade muss gel\u00f6st werden<\/strong><\/p>\n<p>\u201eReformen, die diese problematischen Strukturen aufbrechen, werden von L\u00e4ndern des Globalen Nordens bisher blockiert. Darunter sind Deutschland und die EU\u201c, kritisiert Benjamin Rosenthal. Eine radikale Neugestaltung der internationalen Schulden- und Finanzarchitektur sei jedoch\u00a0dringend erforderlich. Daf\u00fcr brauche es verbindliche Mechanismen zur Schuldenstreichung sowie deutlich ausgeweitete und verbindliche \u00f6ffentliche Entwicklungsinvestitionen. Au\u00dferdem eine grundlegende Neuausrichtung des prim\u00e4r auf private Finanzierungsquellen ausgerichteten Entwicklungsmodells. \u201eDie Bundesregierung muss sich daf\u00fcr einsetzen, dass dringend ben\u00f6tigte, umfassende Reformen der internationalen Finanz- und Schuldenarchitektur endlich umgesetzt werden und betroffene L\u00e4nder st\u00e4rker mitbestimmen k\u00f6nnen\u201c, erkl\u00e4rt Rosenthal. \u201eFaire und verl\u00e4ssliche Schuldenerleichterungen sind kein Akt der Gnade. Sie m\u00fcssen zum integralen Bestandteil der internationalen wirtschaftlichen und finanziellen Zusammenarbeit werden. Eine Zusammenarbeit, die W\u00fcrde, Teilhabe und Entwicklung f\u00fcr alle Menschen erm\u00f6glicht.\u201c<\/p>\n<p><em>Der\u00a0<strong>Schuldenreport<\/strong>, der jedes Jahr vom deutschen Entschuldungsb\u00fcndnis erlassjahr.de und Misereor herausgegeben wird, analysiert die aktuelle Auslandsverschuldung weltweit sowie die Rolle Deutschlands in der internationalen Entschuldungspolitik und gibt Empfehlungen f\u00fcr den Umgang mit der globalen Schuldenkrise. Besonderes Augenmerk richtet die Analyse auf die Schuldenlast von L\u00e4ndern des Globalen S\u00fcdens.<\/em><\/p>\n","protected":false},"excerpt":{"rendered":"<p>In L\u00e4ndern, die bereits jetzt durch Zahlungen an ausl\u00e4ndische Gl\u00e4ubiger stark belastet sind, w\u00e4chst in der aktuellen Weltlage die Gefahr von Schuldenkrisen. Mit gravierenden Folgen f\u00fcr die betroffenen Menschen. 44 Staaten im Globalen S\u00fcden leiden unter einer sehr hohen Auslandsschuldenlast.&hellip;<\/p>\n","protected":false},"author":1095,"featured_media":2696600,"comment_status":"closed","ping_status":"closed","sticky":false,"template":"","format":"standard","meta":{"footnotes":""},"categories":[9164,9168,9145,9158],"tags":[94379,148275,103861,18670,86821],"class_list":["post-2696597","post","type-post","status-publish","format-standard","has-post-thumbnail","hentry","category-internationale-angelegenheiten","category-politik","category-pressemitteilungen","category-wirtschaft","tag-entschuldung","tag-erlassjahr-de","tag-globaler-sueden","tag-schuldenkrise","tag-schuldenreport"],"yoast_head":"<!-- This site is optimized with the Yoast SEO plugin v27.1.1 - https:\/\/yoast.com\/product\/yoast-seo-wordpress\/ -->\n<title>Schuldenreport 2026: Krieg am Golf versch\u00e4rft Auslandsschuldenkrise im Globalen S\u00fcden<\/title>\n<meta name=\"description\" content=\"In L\u00e4ndern, die bereits jetzt durch Zahlungen an ausl\u00e4ndische Gl\u00e4ubiger stark belastet sind, w\u00e4chst in der aktuellen Weltlage die Gefahr von\" \/>\n<meta name=\"robots\" content=\"index, follow, max-snippet:-1, max-image-preview:large, max-video-preview:-1\" \/>\n<link rel=\"canonical\" href=\"https:\/\/www.pressenza.com\/de\/2026\/04\/schuldenreport-2026-krieg-am-golf-verschaerft-auslandsschuldenkrise-im-globalen-sueden\/\" \/>\n<meta property=\"og:locale\" content=\"de_DE\" \/>\n<meta property=\"og:type\" content=\"article\" \/>\n<meta property=\"og:title\" content=\"Schuldenreport 2026: Krieg am Golf versch\u00e4rft Auslandsschuldenkrise im Globalen S\u00fcden\" \/>\n<meta property=\"og:description\" content=\"In L\u00e4ndern, die bereits jetzt durch Zahlungen an ausl\u00e4ndische Gl\u00e4ubiger stark belastet sind, w\u00e4chst in der aktuellen Weltlage die Gefahr von\" \/>\n<meta property=\"og:url\" content=\"https:\/\/www.pressenza.com\/de\/2026\/04\/schuldenreport-2026-krieg-am-golf-verschaerft-auslandsschuldenkrise-im-globalen-sueden\/\" \/>\n<meta property=\"og:site_name\" content=\"Pressenza\" \/>\n<meta property=\"article:publisher\" content=\"https:\/\/www.facebook.com\/PressenzaItalia\" \/>\n<meta property=\"article:author\" content=\"https:\/\/www.facebook.com\/Pressenza-Deutschland-sterreich-Schweiz-281675388658060\/timeline\/\" \/>\n<meta property=\"article:published_time\" content=\"2026-04-29T22:24:31+00:00\" \/>\n<meta property=\"og:image\" content=\"https:\/\/www.pressenza.com\/wp-content\/uploads\/2026\/04\/Erlassjahr.de_DemoBerlin.v1-820x.jpg\" \/>\n\t<meta property=\"og:image:width\" content=\"960\" \/>\n\t<meta property=\"og:image:height\" content=\"643\" \/>\n\t<meta property=\"og:image:type\" content=\"image\/jpeg\" \/>\n<meta name=\"author\" content=\"Pressenza Berlin\" \/>\n<meta name=\"twitter:card\" content=\"summary_large_image\" \/>\n<meta name=\"twitter:creator\" content=\"@pressenza_ger\" \/>\n<meta name=\"twitter:site\" content=\"@PressenzaIPA\" \/>\n<meta name=\"twitter:label1\" content=\"Verfasst von\" \/>\n\t<meta name=\"twitter:data1\" content=\"Pressenza Berlin\" \/>\n\t<meta name=\"twitter:label2\" content=\"Gesch\u00e4tzte Lesezeit\" \/>\n\t<meta name=\"twitter:data2\" content=\"4\u00a0Minuten\" \/>\n<script type=\"application\/ld+json\" class=\"yoast-schema-graph\">{\"@context\":\"https:\/\/schema.org\",\"@graph\":[{\"@type\":\"Article\",\"@id\":\"https:\/\/www.pressenza.com\/de\/2026\/04\/schuldenreport-2026-krieg-am-golf-verschaerft-auslandsschuldenkrise-im-globalen-sueden\/#article\",\"isPartOf\":{\"@id\":\"https:\/\/www.pressenza.com\/de\/2026\/04\/schuldenreport-2026-krieg-am-golf-verschaerft-auslandsschuldenkrise-im-globalen-sueden\/\"},\"author\":{\"name\":\"Pressenza Berlin\",\"@id\":\"https:\/\/www.pressenza.com\/de\/#\/schema\/person\/57bb5480943a496a7722b0248e4b658a\"},\"headline\":\"Schuldenreport 2026: Krieg am Golf versch\u00e4rft Auslandsschuldenkrise im Globalen S\u00fcden\",\"datePublished\":\"2026-04-29T22:24:31+00:00\",\"mainEntityOfPage\":{\"@id\":\"https:\/\/www.pressenza.com\/de\/2026\/04\/schuldenreport-2026-krieg-am-golf-verschaerft-auslandsschuldenkrise-im-globalen-sueden\/\"},\"wordCount\":640,\"publisher\":{\"@id\":\"https:\/\/www.pressenza.com\/de\/#organization\"},\"image\":{\"@id\":\"https:\/\/www.pressenza.com\/de\/2026\/04\/schuldenreport-2026-krieg-am-golf-verschaerft-auslandsschuldenkrise-im-globalen-sueden\/#primaryimage\"},\"thumbnailUrl\":\"https:\/\/www.pressenza.com\/wp-content\/uploads\/2026\/04\/Erlassjahr.de_DemoBerlin.v1-820x.jpg\",\"keywords\":[\"Entschuldung\",\"erlassjahr.de\",\"globaler S\u00fcden\",\"Schuldenkrise\",\"Schuldenreport\"],\"articleSection\":[\"Internationale Angelegenheiten\",\"Politik\",\"Pressemitteilungen\",\"Wirtschaft\"],\"inLanguage\":\"de\"},{\"@type\":\"WebPage\",\"@id\":\"https:\/\/www.pressenza.com\/de\/2026\/04\/schuldenreport-2026-krieg-am-golf-verschaerft-auslandsschuldenkrise-im-globalen-sueden\/\",\"url\":\"https:\/\/www.pressenza.com\/de\/2026\/04\/schuldenreport-2026-krieg-am-golf-verschaerft-auslandsschuldenkrise-im-globalen-sueden\/\",\"name\":\"Schuldenreport 2026: Krieg am Golf versch\u00e4rft Auslandsschuldenkrise im Globalen S\u00fcden\",\"isPartOf\":{\"@id\":\"https:\/\/www.pressenza.com\/de\/#website\"},\"primaryImageOfPage\":{\"@id\":\"https:\/\/www.pressenza.com\/de\/2026\/04\/schuldenreport-2026-krieg-am-golf-verschaerft-auslandsschuldenkrise-im-globalen-sueden\/#primaryimage\"},\"image\":{\"@id\":\"https:\/\/www.pressenza.com\/de\/2026\/04\/schuldenreport-2026-krieg-am-golf-verschaerft-auslandsschuldenkrise-im-globalen-sueden\/#primaryimage\"},\"thumbnailUrl\":\"https:\/\/www.pressenza.com\/wp-content\/uploads\/2026\/04\/Erlassjahr.de_DemoBerlin.v1-820x.jpg\",\"datePublished\":\"2026-04-29T22:24:31+00:00\",\"description\":\"In L\u00e4ndern, die bereits jetzt durch Zahlungen an ausl\u00e4ndische Gl\u00e4ubiger stark belastet sind, w\u00e4chst in der aktuellen Weltlage die Gefahr von\",\"breadcrumb\":{\"@id\":\"https:\/\/www.pressenza.com\/de\/2026\/04\/schuldenreport-2026-krieg-am-golf-verschaerft-auslandsschuldenkrise-im-globalen-sueden\/#breadcrumb\"},\"inLanguage\":\"de\",\"potentialAction\":[{\"@type\":\"ReadAction\",\"target\":[\"https:\/\/www.pressenza.com\/de\/2026\/04\/schuldenreport-2026-krieg-am-golf-verschaerft-auslandsschuldenkrise-im-globalen-sueden\/\"]}]},{\"@type\":\"ImageObject\",\"inLanguage\":\"de\",\"@id\":\"https:\/\/www.pressenza.com\/de\/2026\/04\/schuldenreport-2026-krieg-am-golf-verschaerft-auslandsschuldenkrise-im-globalen-sueden\/#primaryimage\",\"url\":\"https:\/\/www.pressenza.com\/wp-content\/uploads\/2026\/04\/Erlassjahr.de_DemoBerlin.v1-820x.jpg\",\"contentUrl\":\"https:\/\/www.pressenza.com\/wp-content\/uploads\/2026\/04\/Erlassjahr.de_DemoBerlin.v1-820x.jpg\",\"width\":960,\"height\":643},{\"@type\":\"BreadcrumbList\",\"@id\":\"https:\/\/www.pressenza.com\/de\/2026\/04\/schuldenreport-2026-krieg-am-golf-verschaerft-auslandsschuldenkrise-im-globalen-sueden\/#breadcrumb\",\"itemListElement\":[{\"@type\":\"ListItem\",\"position\":1,\"name\":\"Accueil\",\"item\":\"https:\/\/www.pressenza.com\/de\/\"},{\"@type\":\"ListItem\",\"position\":2,\"name\":\"Schuldenreport 2026: Krieg am Golf versch\u00e4rft Auslandsschuldenkrise im Globalen S\u00fcden\"}]},{\"@type\":\"WebSite\",\"@id\":\"https:\/\/www.pressenza.com\/de\/#website\",\"url\":\"https:\/\/www.pressenza.com\/de\/\",\"name\":\"Pressenza\",\"description\":\"International Press Agency\",\"publisher\":{\"@id\":\"https:\/\/www.pressenza.com\/de\/#organization\"},\"potentialAction\":[{\"@type\":\"SearchAction\",\"target\":{\"@type\":\"EntryPoint\",\"urlTemplate\":\"https:\/\/www.pressenza.com\/de\/?s={search_term_string}\"},\"query-input\":{\"@type\":\"PropertyValueSpecification\",\"valueRequired\":true,\"valueName\":\"search_term_string\"}}],\"inLanguage\":\"de\"},{\"@type\":\"Organization\",\"@id\":\"https:\/\/www.pressenza.com\/de\/#organization\",\"name\":\"Pressenza\",\"url\":\"https:\/\/www.pressenza.com\/de\/\",\"logo\":{\"@type\":\"ImageObject\",\"inLanguage\":\"de\",\"@id\":\"https:\/\/www.pressenza.com\/de\/#\/schema\/logo\/image\/\",\"url\":\"https:\/\/www.pressenza.com\/wp-content\/uploads\/2022\/10\/pressenza_logo_200x200.jpg\",\"contentUrl\":\"https:\/\/www.pressenza.com\/wp-content\/uploads\/2022\/10\/pressenza_logo_200x200.jpg\",\"width\":200,\"height\":200,\"caption\":\"Pressenza\"},\"image\":{\"@id\":\"https:\/\/www.pressenza.com\/de\/#\/schema\/logo\/image\/\"},\"sameAs\":[\"https:\/\/www.facebook.com\/PressenzaItalia\",\"https:\/\/x.com\/PressenzaIPA\"]},{\"@type\":\"Person\",\"@id\":\"https:\/\/www.pressenza.com\/de\/#\/schema\/person\/57bb5480943a496a7722b0248e4b658a\",\"name\":\"Pressenza Berlin\",\"description\":\"News from the Pressenza Bureau in Berlin, Germany\",\"sameAs\":[\"https:\/\/www.facebook.com\/Pressenza-Deutschland-sterreich-Schweiz-281675388658060\/timeline\/\",\"https:\/\/x.com\/pressenza_ger\"],\"url\":\"https:\/\/www.pressenza.com\/de\/author\/pressenza-berlin\/\"}]}<\/script>\n<!-- \/ Yoast SEO plugin. -->","yoast_head_json":{"title":"Schuldenreport 2026: Krieg am Golf versch\u00e4rft Auslandsschuldenkrise im Globalen S\u00fcden","description":"In L\u00e4ndern, die bereits jetzt durch Zahlungen an ausl\u00e4ndische Gl\u00e4ubiger stark belastet sind, w\u00e4chst in der aktuellen Weltlage die Gefahr von","robots":{"index":"index","follow":"follow","max-snippet":"max-snippet:-1","max-image-preview":"max-image-preview:large","max-video-preview":"max-video-preview:-1"},"canonical":"https:\/\/www.pressenza.com\/de\/2026\/04\/schuldenreport-2026-krieg-am-golf-verschaerft-auslandsschuldenkrise-im-globalen-sueden\/","og_locale":"de_DE","og_type":"article","og_title":"Schuldenreport 2026: Krieg am Golf versch\u00e4rft Auslandsschuldenkrise im Globalen S\u00fcden","og_description":"In L\u00e4ndern, die bereits jetzt durch Zahlungen an ausl\u00e4ndische Gl\u00e4ubiger stark belastet sind, w\u00e4chst in der aktuellen Weltlage die Gefahr von","og_url":"https:\/\/www.pressenza.com\/de\/2026\/04\/schuldenreport-2026-krieg-am-golf-verschaerft-auslandsschuldenkrise-im-globalen-sueden\/","og_site_name":"Pressenza","article_publisher":"https:\/\/www.facebook.com\/PressenzaItalia","article_author":"https:\/\/www.facebook.com\/Pressenza-Deutschland-sterreich-Schweiz-281675388658060\/timeline\/","article_published_time":"2026-04-29T22:24:31+00:00","og_image":[{"width":960,"height":643,"url":"https:\/\/www.pressenza.com\/wp-content\/uploads\/2026\/04\/Erlassjahr.de_DemoBerlin.v1-820x.jpg","type":"image\/jpeg"}],"author":"Pressenza Berlin","twitter_card":"summary_large_image","twitter_creator":"@pressenza_ger","twitter_site":"@PressenzaIPA","twitter_misc":{"Verfasst von":"Pressenza Berlin","Gesch\u00e4tzte Lesezeit":"4\u00a0Minuten"},"schema":{"@context":"https:\/\/schema.org","@graph":[{"@type":"Article","@id":"https:\/\/www.pressenza.com\/de\/2026\/04\/schuldenreport-2026-krieg-am-golf-verschaerft-auslandsschuldenkrise-im-globalen-sueden\/#article","isPartOf":{"@id":"https:\/\/www.pressenza.com\/de\/2026\/04\/schuldenreport-2026-krieg-am-golf-verschaerft-auslandsschuldenkrise-im-globalen-sueden\/"},"author":{"name":"Pressenza Berlin","@id":"https:\/\/www.pressenza.com\/de\/#\/schema\/person\/57bb5480943a496a7722b0248e4b658a"},"headline":"Schuldenreport 2026: Krieg am Golf versch\u00e4rft Auslandsschuldenkrise im Globalen S\u00fcden","datePublished":"2026-04-29T22:24:31+00:00","mainEntityOfPage":{"@id":"https:\/\/www.pressenza.com\/de\/2026\/04\/schuldenreport-2026-krieg-am-golf-verschaerft-auslandsschuldenkrise-im-globalen-sueden\/"},"wordCount":640,"publisher":{"@id":"https:\/\/www.pressenza.com\/de\/#organization"},"image":{"@id":"https:\/\/www.pressenza.com\/de\/2026\/04\/schuldenreport-2026-krieg-am-golf-verschaerft-auslandsschuldenkrise-im-globalen-sueden\/#primaryimage"},"thumbnailUrl":"https:\/\/www.pressenza.com\/wp-content\/uploads\/2026\/04\/Erlassjahr.de_DemoBerlin.v1-820x.jpg","keywords":["Entschuldung","erlassjahr.de","globaler S\u00fcden","Schuldenkrise","Schuldenreport"],"articleSection":["Internationale Angelegenheiten","Politik","Pressemitteilungen","Wirtschaft"],"inLanguage":"de"},{"@type":"WebPage","@id":"https:\/\/www.pressenza.com\/de\/2026\/04\/schuldenreport-2026-krieg-am-golf-verschaerft-auslandsschuldenkrise-im-globalen-sueden\/","url":"https:\/\/www.pressenza.com\/de\/2026\/04\/schuldenreport-2026-krieg-am-golf-verschaerft-auslandsschuldenkrise-im-globalen-sueden\/","name":"Schuldenreport 2026: Krieg am Golf versch\u00e4rft Auslandsschuldenkrise im Globalen S\u00fcden","isPartOf":{"@id":"https:\/\/www.pressenza.com\/de\/#website"},"primaryImageOfPage":{"@id":"https:\/\/www.pressenza.com\/de\/2026\/04\/schuldenreport-2026-krieg-am-golf-verschaerft-auslandsschuldenkrise-im-globalen-sueden\/#primaryimage"},"image":{"@id":"https:\/\/www.pressenza.com\/de\/2026\/04\/schuldenreport-2026-krieg-am-golf-verschaerft-auslandsschuldenkrise-im-globalen-sueden\/#primaryimage"},"thumbnailUrl":"https:\/\/www.pressenza.com\/wp-content\/uploads\/2026\/04\/Erlassjahr.de_DemoBerlin.v1-820x.jpg","datePublished":"2026-04-29T22:24:31+00:00","description":"In L\u00e4ndern, die bereits jetzt durch Zahlungen an ausl\u00e4ndische Gl\u00e4ubiger stark belastet sind, w\u00e4chst in der aktuellen Weltlage die Gefahr von","breadcrumb":{"@id":"https:\/\/www.pressenza.com\/de\/2026\/04\/schuldenreport-2026-krieg-am-golf-verschaerft-auslandsschuldenkrise-im-globalen-sueden\/#breadcrumb"},"inLanguage":"de","potentialAction":[{"@type":"ReadAction","target":["https:\/\/www.pressenza.com\/de\/2026\/04\/schuldenreport-2026-krieg-am-golf-verschaerft-auslandsschuldenkrise-im-globalen-sueden\/"]}]},{"@type":"ImageObject","inLanguage":"de","@id":"https:\/\/www.pressenza.com\/de\/2026\/04\/schuldenreport-2026-krieg-am-golf-verschaerft-auslandsschuldenkrise-im-globalen-sueden\/#primaryimage","url":"https:\/\/www.pressenza.com\/wp-content\/uploads\/2026\/04\/Erlassjahr.de_DemoBerlin.v1-820x.jpg","contentUrl":"https:\/\/www.pressenza.com\/wp-content\/uploads\/2026\/04\/Erlassjahr.de_DemoBerlin.v1-820x.jpg","width":960,"height":643},{"@type":"BreadcrumbList","@id":"https:\/\/www.pressenza.com\/de\/2026\/04\/schuldenreport-2026-krieg-am-golf-verschaerft-auslandsschuldenkrise-im-globalen-sueden\/#breadcrumb","itemListElement":[{"@type":"ListItem","position":1,"name":"Accueil","item":"https:\/\/www.pressenza.com\/de\/"},{"@type":"ListItem","position":2,"name":"Schuldenreport 2026: Krieg am Golf versch\u00e4rft Auslandsschuldenkrise im Globalen S\u00fcden"}]},{"@type":"WebSite","@id":"https:\/\/www.pressenza.com\/de\/#website","url":"https:\/\/www.pressenza.com\/de\/","name":"Pressenza","description":"International Press Agency","publisher":{"@id":"https:\/\/www.pressenza.com\/de\/#organization"},"potentialAction":[{"@type":"SearchAction","target":{"@type":"EntryPoint","urlTemplate":"https:\/\/www.pressenza.com\/de\/?s={search_term_string}"},"query-input":{"@type":"PropertyValueSpecification","valueRequired":true,"valueName":"search_term_string"}}],"inLanguage":"de"},{"@type":"Organization","@id":"https:\/\/www.pressenza.com\/de\/#organization","name":"Pressenza","url":"https:\/\/www.pressenza.com\/de\/","logo":{"@type":"ImageObject","inLanguage":"de","@id":"https:\/\/www.pressenza.com\/de\/#\/schema\/logo\/image\/","url":"https:\/\/www.pressenza.com\/wp-content\/uploads\/2022\/10\/pressenza_logo_200x200.jpg","contentUrl":"https:\/\/www.pressenza.com\/wp-content\/uploads\/2022\/10\/pressenza_logo_200x200.jpg","width":200,"height":200,"caption":"Pressenza"},"image":{"@id":"https:\/\/www.pressenza.com\/de\/#\/schema\/logo\/image\/"},"sameAs":["https:\/\/www.facebook.com\/PressenzaItalia","https:\/\/x.com\/PressenzaIPA"]},{"@type":"Person","@id":"https:\/\/www.pressenza.com\/de\/#\/schema\/person\/57bb5480943a496a7722b0248e4b658a","name":"Pressenza Berlin","description":"News from the Pressenza Bureau in Berlin, Germany","sameAs":["https:\/\/www.facebook.com\/Pressenza-Deutschland-sterreich-Schweiz-281675388658060\/timeline\/","https:\/\/x.com\/pressenza_ger"],"url":"https:\/\/www.pressenza.com\/de\/author\/pressenza-berlin\/"}]}},"place":"Berlin\/D\u00fcsseldorf","original_article_url":"https:\/\/erlassjahr.de\/pressemitteilung\/schuldenreport-2026-krieg-am-golf-verschaerft-auslandsschuldenkrise-im-globalen-sueden\/","_links":{"self":[{"href":"https:\/\/www.pressenza.com\/de\/wp-json\/wp\/v2\/posts\/2696597","targetHints":{"allow":["GET"]}}],"collection":[{"href":"https:\/\/www.pressenza.com\/de\/wp-json\/wp\/v2\/posts"}],"about":[{"href":"https:\/\/www.pressenza.com\/de\/wp-json\/wp\/v2\/types\/post"}],"author":[{"embeddable":true,"href":"https:\/\/www.pressenza.com\/de\/wp-json\/wp\/v2\/users\/1095"}],"replies":[{"embeddable":true,"href":"https:\/\/www.pressenza.com\/de\/wp-json\/wp\/v2\/comments?post=2696597"}],"version-history":[{"count":1,"href":"https:\/\/www.pressenza.com\/de\/wp-json\/wp\/v2\/posts\/2696597\/revisions"}],"predecessor-version":[{"id":2696598,"href":"https:\/\/www.pressenza.com\/de\/wp-json\/wp\/v2\/posts\/2696597\/revisions\/2696598"}],"wp:featuredmedia":[{"embeddable":true,"href":"https:\/\/www.pressenza.com\/de\/wp-json\/wp\/v2\/media\/2696600"}],"wp:attachment":[{"href":"https:\/\/www.pressenza.com\/de\/wp-json\/wp\/v2\/media?parent=2696597"}],"wp:term":[{"taxonomy":"category","embeddable":true,"href":"https:\/\/www.pressenza.com\/de\/wp-json\/wp\/v2\/categories?post=2696597"},{"taxonomy":"post_tag","embeddable":true,"href":"https:\/\/www.pressenza.com\/de\/wp-json\/wp\/v2\/tags?post=2696597"}],"curies":[{"name":"wp","href":"https:\/\/api.w.org\/{rel}","templated":true}]}}