{"id":2696526,"date":"2026-04-29T17:31:42","date_gmt":"2026-04-29T16:31:42","guid":{"rendered":"https:\/\/www.pressenza.com\/?p=2696526"},"modified":"2026-04-29T17:31:42","modified_gmt":"2026-04-29T16:31:42","slug":"fuer-gewaltfreiheit-die-antwort-des-evangeliums-auf-krieg-und-gewalt","status":"publish","type":"post","link":"https:\/\/www.pressenza.com\/de\/2026\/04\/fuer-gewaltfreiheit-die-antwort-des-evangeliums-auf-krieg-und-gewalt\/","title":{"rendered":"F\u00fcr Gewaltfreiheit: Die Antwort des Evangeliums auf Krieg und Gewalt"},"content":{"rendered":"<h3><strong>Offener Brief an die Bisch\u00f6fe und das gesamte Volk Gottes.<\/strong><\/h3>\n<p>Eine Gruppe von Menschen aus verschiedenen Organisationen in Spanien, die mit der katholischen Kirche verbunden sind und sich f\u00fcr aktive Gewaltfreiheit einsetzen, hat beschlossen, einen offenen Brief zu verfassen \u2013 an die <strong>Bisch\u00f6fe Spaniens<\/strong>, an <strong>alle, die in den vielf\u00e4ltigen Berufungen der Kirche seelsorgerische Verantwortung tragen<\/strong>, und an das<strong> gesamte Volk Gottes<\/strong>.<\/p>\n<p>Wir sind \u00fcberzeugt, dass wir gegenw\u00e4rtig einen entscheidenden Moment erleben, in dem wir Christinnen und Christen uns noch klarer f\u00fcr den Frieden und gegen strukturelle Ungerechtigkeiten einsetzen m\u00fcssen. Es reicht nicht mehr aus, die zunehmenden Verletzungen und Angriffe auf die W\u00fcrde von Menschen und V\u00f6lkern lediglich sichtbar zu machen und anzuprangern. <strong>Die Situation verlangt nach unserer Auffassung eine ganzheitliche, zutiefst evangelische Antwort.<\/strong><\/p>\n<p>Die Erfahrungen des vergangenen Jahrhunderts in vielen Teilen der Welt zeigen, dass <strong>Gewaltfreiheit die wirksamste und zugleich geschwisterlichste soziale und politische Praxis ist, um den gro\u00dfen Herausforderungen unserer Zeit zu begegnen<\/strong>. Wir glauben daher, dass jetzt der Moment gekommen ist, innerhalb der Kirche in Spanien gemeinsame Anstrengungen zu unternehmen, um die transformativen M\u00f6glichkeiten der Gewaltfreiheit zu erschlie\u00dfen.<\/p>\n<p>Das ist eine gemeinschaftliche Aufgabe, die P\u00e4dagogik, Begegnungen, Workshops, Trainings und viel \u201epolitische N\u00e4chstenliebe\u201c erfordert.<\/p>\n<p>In diesem Brief rufen wir zu bewussten und konkreten Anstrengungen auf, um die Gewaltfreiheit auf vielf\u00e4ltige Weise zu f\u00f6rdern. Wir bitten die Bisch\u00f6fe, <strong>Hirtenbriefe zu verfassen, Fortbildungsprogramme zu entwickeln und Schulungen zur aktiven Gewaltfreiheit<\/strong> in Pfarreien, Schulen, Priesterseminaren, katholischen Studienzentren, theologischen Instituten und katholischen Universit\u00e4ten zu f\u00f6rdern sowie zentrale Gedenktage der Gewaltfreiheit zu begehen.<\/p>\n<p>Zugleich ermutigen wir alle in der Seelsorge t\u00e4tigen Personen, Bewegungen, Organisationen und die gesamte christliche Gemeinschaft, <strong>die aktive Gewaltfreiheit kreativ in ihre <\/strong><strong>Seelsorgeprogramme zu integrieren<\/strong>. Dar\u00fcber hinaus bitten wir die Bischofskommission f\u00fcr soziale Kommunikation um wirksame Unterst\u00fctzung \u2013 in Abstimmung mit der Kommission f\u00fcr seelsorgerische Sozialarbeit und humanit\u00e4re Hilfe \u2013, um die <strong>Pr\u00e4senz von Zeugnissen gelebter Gewaltfreiheit im Licht des Evangeliums<\/strong> in den Medien der Bischofskonferenz zu st\u00e4rken und das ganze Potenzial der kirchlichen Soziallehre in diesen Fragen sichtbar zu machen.<\/p>\n<p>Wir alle \u2013 die derzeitigen Unterzeichnenden ebenso wie jene, die sich Tag f\u00fcr Tag anschlie\u00dfen \u2013 verpflichten uns, gemeinsam und aktiv an der Verwirklichung dieses Ziels zu arbeiten. Um mitzumachen, klicke auf diesen Link (<a href=\"https:\/\/chk.me\/oAJV5YP\" target=\"_blank\" rel=\"noopener\">https:\/\/chk.me\/oAJV5YP<\/a>) oder scanne diesen QR-Code.<\/p>\n<p>Das Dokument findest du hier <a href=\"https:\/\/chk.me\/NewcL2D\" target=\"_blank\" rel=\"noopener\">(https:\/\/chk.me\/NewcL2D<\/a>) oder \u00fcber diesen anderen QR-Code.<\/p>\n<p><strong><em>Die \u00dcbersetzung aus dem Spanischen wurde von Domenica Ott vom ehrenamtlichen Pressenza-\u00dcbersetzungsteam erstellt. <a href=\"https:\/\/www.pressenza.com\/de\/mitarbeiten\/\" target=\"_blank\" rel=\"noopener\">Wir suchen Freiwillige!<\/a><\/em><\/strong><\/p>\n","protected":false},"excerpt":{"rendered":"<p>Offener Brief an die Bisch\u00f6fe und das gesamte Volk Gottes. Eine Gruppe von Menschen aus verschiedenen Organisationen in Spanien, die mit der katholischen Kirche verbunden sind und sich f\u00fcr aktive Gewaltfreiheit einsetzen, hat beschlossen, einen offenen Brief zu verfassen \u2013&hellip;<\/p>\n","protected":false},"author":1681,"featured_media":2137514,"comment_status":"closed","ping_status":"closed","sticky":false,"template":"","format":"standard","meta":{"footnotes":""},"categories":[9150,9167,9166,9145],"tags":[18600,156110,156108,127571,22866,22229,9227,41776,22160,12133,156109,17514,9663,95544,42283],"class_list":["post-2696526","post","type-post","status-publish","format-standard","has-post-thumbnail","hentry","category-europa-de","category-frieden-und-abruestung","category-gewaltfreiheit","category-pressemitteilungen","tag-aktive-gewaltfreiheit","tag-christliche-ethik","tag-evangelium","tag-frieden-de","tag-friedensarbeit","tag-gewaltfreiheit","tag-gewaltlosigkeit","tag-katholische-kirche","tag-menschenwuerde","tag-offener-brief","tag-seelsorge","tag-soziale-gerechtigkeit","tag-spanien","tag-transformation-de","tag-zivilgesellschaft"],"yoast_head":"<!-- This site is optimized with the Yoast SEO plugin v27.1.1 - https:\/\/yoast.com\/product\/yoast-seo-wordpress\/ -->\n<title>F\u00fcr Gewaltfreiheit: Die Antwort des Evangeliums auf Krieg und Gewalt<\/title>\n<meta name=\"description\" content=\"Offener Brief an die Bisch\u00f6fe und das gesamte Volk Gottes. Eine Gruppe von Menschen aus verschiedenen Organisationen in Spanien, die mit der katholischen\" \/>\n<meta name=\"robots\" content=\"index, follow, max-snippet:-1, max-image-preview:large, max-video-preview:-1\" \/>\n<link rel=\"canonical\" href=\"https:\/\/www.pressenza.com\/de\/2026\/04\/fuer-gewaltfreiheit-die-antwort-des-evangeliums-auf-krieg-und-gewalt\/\" \/>\n<meta property=\"og:locale\" content=\"de_DE\" \/>\n<meta property=\"og:type\" content=\"article\" \/>\n<meta property=\"og:title\" content=\"F\u00fcr Gewaltfreiheit: Die Antwort des Evangeliums auf Krieg und Gewalt\" \/>\n<meta property=\"og:description\" content=\"Offener Brief an die Bisch\u00f6fe und das gesamte Volk Gottes. Eine Gruppe von Menschen aus verschiedenen Organisationen in Spanien, die mit der katholischen\" \/>\n<meta property=\"og:url\" content=\"https:\/\/www.pressenza.com\/de\/2026\/04\/fuer-gewaltfreiheit-die-antwort-des-evangeliums-auf-krieg-und-gewalt\/\" \/>\n<meta property=\"og:site_name\" content=\"Pressenza\" \/>\n<meta property=\"article:publisher\" content=\"https:\/\/www.facebook.com\/PressenzaItalia\" \/>\n<meta property=\"article:published_time\" content=\"2026-04-29T16:31:42+00:00\" \/>\n<meta property=\"og:image\" content=\"https:\/\/www.pressenza.com\/wp-content\/uploads\/2023\/10\/Sergio-Cerrato-Pixabay.jpg\" \/>\n\t<meta property=\"og:image:width\" content=\"1024\" \/>\n\t<meta property=\"og:image:height\" content=\"768\" \/>\n\t<meta property=\"og:image:type\" content=\"image\/jpeg\" \/>\n<meta name=\"author\" content=\"Redacci\u00f3n Espa\u00f1a\" \/>\n<meta name=\"twitter:card\" content=\"summary_large_image\" \/>\n<meta name=\"twitter:creator\" content=\"@PressenzaIPA\" \/>\n<meta name=\"twitter:site\" content=\"@PressenzaIPA\" \/>\n<meta name=\"twitter:label1\" content=\"Verfasst von\" \/>\n\t<meta name=\"twitter:data1\" content=\"Redacci\u00f3n Espa\u00f1a\" \/>\n\t<meta name=\"twitter:label2\" content=\"Gesch\u00e4tzte Lesezeit\" \/>\n\t<meta name=\"twitter:data2\" content=\"3\u00a0Minuten\" \/>\n<script type=\"application\/ld+json\" class=\"yoast-schema-graph\">{\"@context\":\"https:\/\/schema.org\",\"@graph\":[{\"@type\":\"Article\",\"@id\":\"https:\/\/www.pressenza.com\/de\/2026\/04\/fuer-gewaltfreiheit-die-antwort-des-evangeliums-auf-krieg-und-gewalt\/#article\",\"isPartOf\":{\"@id\":\"https:\/\/www.pressenza.com\/de\/2026\/04\/fuer-gewaltfreiheit-die-antwort-des-evangeliums-auf-krieg-und-gewalt\/\"},\"author\":{\"name\":\"Redacci\u00f3n Espa\u00f1a\",\"@id\":\"https:\/\/www.pressenza.com\/de\/#\/schema\/person\/fffbbe2f14495897417f313a954dae23\"},\"headline\":\"F\u00fcr Gewaltfreiheit: Die Antwort des Evangeliums auf Krieg und Gewalt\",\"datePublished\":\"2026-04-29T16:31:42+00:00\",\"mainEntityOfPage\":{\"@id\":\"https:\/\/www.pressenza.com\/de\/2026\/04\/fuer-gewaltfreiheit-die-antwort-des-evangeliums-auf-krieg-und-gewalt\/\"},\"wordCount\":441,\"publisher\":{\"@id\":\"https:\/\/www.pressenza.com\/de\/#organization\"},\"image\":{\"@id\":\"https:\/\/www.pressenza.com\/de\/2026\/04\/fuer-gewaltfreiheit-die-antwort-des-evangeliums-auf-krieg-und-gewalt\/#primaryimage\"},\"thumbnailUrl\":\"https:\/\/www.pressenza.com\/wp-content\/uploads\/2023\/10\/Sergio-Cerrato-Pixabay.jpg\",\"keywords\":[\"aktive Gewaltfreiheit\",\"Christliche Ethik\",\"Evangelium\",\"Frieden\",\"Friedensarbeit\",\"Gewaltfreiheit\",\"Gewaltlosigkeit\",\"Katholische Kirche\",\"Menschenw\u00fcrde\",\"offener Brief\",\"Seelsorge\",\"soziale Gerechtigkeit\",\"Spanien\",\"transformation\",\"Zivilgesellschaft\"],\"articleSection\":[\"Europa\",\"Frieden und Abr\u00fcstung\",\"Gewaltfreiheit\",\"Pressemitteilungen\"],\"inLanguage\":\"de\"},{\"@type\":\"WebPage\",\"@id\":\"https:\/\/www.pressenza.com\/de\/2026\/04\/fuer-gewaltfreiheit-die-antwort-des-evangeliums-auf-krieg-und-gewalt\/\",\"url\":\"https:\/\/www.pressenza.com\/de\/2026\/04\/fuer-gewaltfreiheit-die-antwort-des-evangeliums-auf-krieg-und-gewalt\/\",\"name\":\"F\u00fcr Gewaltfreiheit: Die Antwort des Evangeliums auf Krieg und Gewalt\",\"isPartOf\":{\"@id\":\"https:\/\/www.pressenza.com\/de\/#website\"},\"primaryImageOfPage\":{\"@id\":\"https:\/\/www.pressenza.com\/de\/2026\/04\/fuer-gewaltfreiheit-die-antwort-des-evangeliums-auf-krieg-und-gewalt\/#primaryimage\"},\"image\":{\"@id\":\"https:\/\/www.pressenza.com\/de\/2026\/04\/fuer-gewaltfreiheit-die-antwort-des-evangeliums-auf-krieg-und-gewalt\/#primaryimage\"},\"thumbnailUrl\":\"https:\/\/www.pressenza.com\/wp-content\/uploads\/2023\/10\/Sergio-Cerrato-Pixabay.jpg\",\"datePublished\":\"2026-04-29T16:31:42+00:00\",\"description\":\"Offener Brief an die Bisch\u00f6fe und das gesamte Volk Gottes. Eine Gruppe von Menschen aus verschiedenen Organisationen in Spanien, die mit der katholischen\",\"breadcrumb\":{\"@id\":\"https:\/\/www.pressenza.com\/de\/2026\/04\/fuer-gewaltfreiheit-die-antwort-des-evangeliums-auf-krieg-und-gewalt\/#breadcrumb\"},\"inLanguage\":\"de\",\"potentialAction\":[{\"@type\":\"ReadAction\",\"target\":[\"https:\/\/www.pressenza.com\/de\/2026\/04\/fuer-gewaltfreiheit-die-antwort-des-evangeliums-auf-krieg-und-gewalt\/\"]}]},{\"@type\":\"ImageObject\",\"inLanguage\":\"de\",\"@id\":\"https:\/\/www.pressenza.com\/de\/2026\/04\/fuer-gewaltfreiheit-die-antwort-des-evangeliums-auf-krieg-und-gewalt\/#primaryimage\",\"url\":\"https:\/\/www.pressenza.com\/wp-content\/uploads\/2023\/10\/Sergio-Cerrato-Pixabay.jpg\",\"contentUrl\":\"https:\/\/www.pressenza.com\/wp-content\/uploads\/2023\/10\/Sergio-Cerrato-Pixabay.jpg\",\"width\":1024,\"height\":768,\"caption\":\"F\u00fcr Gewaltfreiheit: Die Antwort des Evangeliums auf Krieg und Gewalt\"},{\"@type\":\"BreadcrumbList\",\"@id\":\"https:\/\/www.pressenza.com\/de\/2026\/04\/fuer-gewaltfreiheit-die-antwort-des-evangeliums-auf-krieg-und-gewalt\/#breadcrumb\",\"itemListElement\":[{\"@type\":\"ListItem\",\"position\":1,\"name\":\"Accueil\",\"item\":\"https:\/\/www.pressenza.com\/de\/\"},{\"@type\":\"ListItem\",\"position\":2,\"name\":\"F\u00fcr Gewaltfreiheit: Die Antwort des Evangeliums auf Krieg und Gewalt\"}]},{\"@type\":\"WebSite\",\"@id\":\"https:\/\/www.pressenza.com\/de\/#website\",\"url\":\"https:\/\/www.pressenza.com\/de\/\",\"name\":\"Pressenza\",\"description\":\"International Press Agency\",\"publisher\":{\"@id\":\"https:\/\/www.pressenza.com\/de\/#organization\"},\"potentialAction\":[{\"@type\":\"SearchAction\",\"target\":{\"@type\":\"EntryPoint\",\"urlTemplate\":\"https:\/\/www.pressenza.com\/de\/?s={search_term_string}\"},\"query-input\":{\"@type\":\"PropertyValueSpecification\",\"valueRequired\":true,\"valueName\":\"search_term_string\"}}],\"inLanguage\":\"de\"},{\"@type\":\"Organization\",\"@id\":\"https:\/\/www.pressenza.com\/de\/#organization\",\"name\":\"Pressenza\",\"url\":\"https:\/\/www.pressenza.com\/de\/\",\"logo\":{\"@type\":\"ImageObject\",\"inLanguage\":\"de\",\"@id\":\"https:\/\/www.pressenza.com\/de\/#\/schema\/logo\/image\/\",\"url\":\"https:\/\/www.pressenza.com\/wp-content\/uploads\/2022\/10\/pressenza_logo_200x200.jpg\",\"contentUrl\":\"https:\/\/www.pressenza.com\/wp-content\/uploads\/2022\/10\/pressenza_logo_200x200.jpg\",\"width\":200,\"height\":200,\"caption\":\"Pressenza\"},\"image\":{\"@id\":\"https:\/\/www.pressenza.com\/de\/#\/schema\/logo\/image\/\"},\"sameAs\":[\"https:\/\/www.facebook.com\/PressenzaItalia\",\"https:\/\/x.com\/PressenzaIPA\"]},{\"@type\":\"Person\",\"@id\":\"https:\/\/www.pressenza.com\/de\/#\/schema\/person\/fffbbe2f14495897417f313a954dae23\",\"name\":\"Redacci\u00f3n Espa\u00f1a\",\"url\":\"https:\/\/www.pressenza.com\/de\/author\/redaccion-espana\/\"}]}<\/script>\n<!-- \/ Yoast SEO plugin. -->","yoast_head_json":{"title":"F\u00fcr Gewaltfreiheit: Die Antwort des Evangeliums auf Krieg und Gewalt","description":"Offener Brief an die Bisch\u00f6fe und das gesamte Volk Gottes. Eine Gruppe von Menschen aus verschiedenen Organisationen in Spanien, die mit der katholischen","robots":{"index":"index","follow":"follow","max-snippet":"max-snippet:-1","max-image-preview":"max-image-preview:large","max-video-preview":"max-video-preview:-1"},"canonical":"https:\/\/www.pressenza.com\/de\/2026\/04\/fuer-gewaltfreiheit-die-antwort-des-evangeliums-auf-krieg-und-gewalt\/","og_locale":"de_DE","og_type":"article","og_title":"F\u00fcr Gewaltfreiheit: Die Antwort des Evangeliums auf Krieg und Gewalt","og_description":"Offener Brief an die Bisch\u00f6fe und das gesamte Volk Gottes. Eine Gruppe von Menschen aus verschiedenen Organisationen in Spanien, die mit der katholischen","og_url":"https:\/\/www.pressenza.com\/de\/2026\/04\/fuer-gewaltfreiheit-die-antwort-des-evangeliums-auf-krieg-und-gewalt\/","og_site_name":"Pressenza","article_publisher":"https:\/\/www.facebook.com\/PressenzaItalia","article_published_time":"2026-04-29T16:31:42+00:00","og_image":[{"width":1024,"height":768,"url":"https:\/\/www.pressenza.com\/wp-content\/uploads\/2023\/10\/Sergio-Cerrato-Pixabay.jpg","type":"image\/jpeg"}],"author":"Redacci\u00f3n Espa\u00f1a","twitter_card":"summary_large_image","twitter_creator":"@PressenzaIPA","twitter_site":"@PressenzaIPA","twitter_misc":{"Verfasst von":"Redacci\u00f3n Espa\u00f1a","Gesch\u00e4tzte Lesezeit":"3\u00a0Minuten"},"schema":{"@context":"https:\/\/schema.org","@graph":[{"@type":"Article","@id":"https:\/\/www.pressenza.com\/de\/2026\/04\/fuer-gewaltfreiheit-die-antwort-des-evangeliums-auf-krieg-und-gewalt\/#article","isPartOf":{"@id":"https:\/\/www.pressenza.com\/de\/2026\/04\/fuer-gewaltfreiheit-die-antwort-des-evangeliums-auf-krieg-und-gewalt\/"},"author":{"name":"Redacci\u00f3n Espa\u00f1a","@id":"https:\/\/www.pressenza.com\/de\/#\/schema\/person\/fffbbe2f14495897417f313a954dae23"},"headline":"F\u00fcr Gewaltfreiheit: Die Antwort des Evangeliums auf Krieg und Gewalt","datePublished":"2026-04-29T16:31:42+00:00","mainEntityOfPage":{"@id":"https:\/\/www.pressenza.com\/de\/2026\/04\/fuer-gewaltfreiheit-die-antwort-des-evangeliums-auf-krieg-und-gewalt\/"},"wordCount":441,"publisher":{"@id":"https:\/\/www.pressenza.com\/de\/#organization"},"image":{"@id":"https:\/\/www.pressenza.com\/de\/2026\/04\/fuer-gewaltfreiheit-die-antwort-des-evangeliums-auf-krieg-und-gewalt\/#primaryimage"},"thumbnailUrl":"https:\/\/www.pressenza.com\/wp-content\/uploads\/2023\/10\/Sergio-Cerrato-Pixabay.jpg","keywords":["aktive Gewaltfreiheit","Christliche Ethik","Evangelium","Frieden","Friedensarbeit","Gewaltfreiheit","Gewaltlosigkeit","Katholische Kirche","Menschenw\u00fcrde","offener Brief","Seelsorge","soziale Gerechtigkeit","Spanien","transformation","Zivilgesellschaft"],"articleSection":["Europa","Frieden und Abr\u00fcstung","Gewaltfreiheit","Pressemitteilungen"],"inLanguage":"de"},{"@type":"WebPage","@id":"https:\/\/www.pressenza.com\/de\/2026\/04\/fuer-gewaltfreiheit-die-antwort-des-evangeliums-auf-krieg-und-gewalt\/","url":"https:\/\/www.pressenza.com\/de\/2026\/04\/fuer-gewaltfreiheit-die-antwort-des-evangeliums-auf-krieg-und-gewalt\/","name":"F\u00fcr Gewaltfreiheit: Die Antwort des Evangeliums auf Krieg und Gewalt","isPartOf":{"@id":"https:\/\/www.pressenza.com\/de\/#website"},"primaryImageOfPage":{"@id":"https:\/\/www.pressenza.com\/de\/2026\/04\/fuer-gewaltfreiheit-die-antwort-des-evangeliums-auf-krieg-und-gewalt\/#primaryimage"},"image":{"@id":"https:\/\/www.pressenza.com\/de\/2026\/04\/fuer-gewaltfreiheit-die-antwort-des-evangeliums-auf-krieg-und-gewalt\/#primaryimage"},"thumbnailUrl":"https:\/\/www.pressenza.com\/wp-content\/uploads\/2023\/10\/Sergio-Cerrato-Pixabay.jpg","datePublished":"2026-04-29T16:31:42+00:00","description":"Offener Brief an die Bisch\u00f6fe und das gesamte Volk Gottes. Eine Gruppe von Menschen aus verschiedenen Organisationen in Spanien, die mit der katholischen","breadcrumb":{"@id":"https:\/\/www.pressenza.com\/de\/2026\/04\/fuer-gewaltfreiheit-die-antwort-des-evangeliums-auf-krieg-und-gewalt\/#breadcrumb"},"inLanguage":"de","potentialAction":[{"@type":"ReadAction","target":["https:\/\/www.pressenza.com\/de\/2026\/04\/fuer-gewaltfreiheit-die-antwort-des-evangeliums-auf-krieg-und-gewalt\/"]}]},{"@type":"ImageObject","inLanguage":"de","@id":"https:\/\/www.pressenza.com\/de\/2026\/04\/fuer-gewaltfreiheit-die-antwort-des-evangeliums-auf-krieg-und-gewalt\/#primaryimage","url":"https:\/\/www.pressenza.com\/wp-content\/uploads\/2023\/10\/Sergio-Cerrato-Pixabay.jpg","contentUrl":"https:\/\/www.pressenza.com\/wp-content\/uploads\/2023\/10\/Sergio-Cerrato-Pixabay.jpg","width":1024,"height":768,"caption":"F\u00fcr Gewaltfreiheit: Die Antwort des Evangeliums auf Krieg und Gewalt"},{"@type":"BreadcrumbList","@id":"https:\/\/www.pressenza.com\/de\/2026\/04\/fuer-gewaltfreiheit-die-antwort-des-evangeliums-auf-krieg-und-gewalt\/#breadcrumb","itemListElement":[{"@type":"ListItem","position":1,"name":"Accueil","item":"https:\/\/www.pressenza.com\/de\/"},{"@type":"ListItem","position":2,"name":"F\u00fcr Gewaltfreiheit: Die Antwort des Evangeliums auf Krieg und Gewalt"}]},{"@type":"WebSite","@id":"https:\/\/www.pressenza.com\/de\/#website","url":"https:\/\/www.pressenza.com\/de\/","name":"Pressenza","description":"International Press Agency","publisher":{"@id":"https:\/\/www.pressenza.com\/de\/#organization"},"potentialAction":[{"@type":"SearchAction","target":{"@type":"EntryPoint","urlTemplate":"https:\/\/www.pressenza.com\/de\/?s={search_term_string}"},"query-input":{"@type":"PropertyValueSpecification","valueRequired":true,"valueName":"search_term_string"}}],"inLanguage":"de"},{"@type":"Organization","@id":"https:\/\/www.pressenza.com\/de\/#organization","name":"Pressenza","url":"https:\/\/www.pressenza.com\/de\/","logo":{"@type":"ImageObject","inLanguage":"de","@id":"https:\/\/www.pressenza.com\/de\/#\/schema\/logo\/image\/","url":"https:\/\/www.pressenza.com\/wp-content\/uploads\/2022\/10\/pressenza_logo_200x200.jpg","contentUrl":"https:\/\/www.pressenza.com\/wp-content\/uploads\/2022\/10\/pressenza_logo_200x200.jpg","width":200,"height":200,"caption":"Pressenza"},"image":{"@id":"https:\/\/www.pressenza.com\/de\/#\/schema\/logo\/image\/"},"sameAs":["https:\/\/www.facebook.com\/PressenzaItalia","https:\/\/x.com\/PressenzaIPA"]},{"@type":"Person","@id":"https:\/\/www.pressenza.com\/de\/#\/schema\/person\/fffbbe2f14495897417f313a954dae23","name":"Redacci\u00f3n Espa\u00f1a","url":"https:\/\/www.pressenza.com\/de\/author\/redaccion-espana\/"}]}},"place":"","original_article_url":"","_links":{"self":[{"href":"https:\/\/www.pressenza.com\/de\/wp-json\/wp\/v2\/posts\/2696526","targetHints":{"allow":["GET"]}}],"collection":[{"href":"https:\/\/www.pressenza.com\/de\/wp-json\/wp\/v2\/posts"}],"about":[{"href":"https:\/\/www.pressenza.com\/de\/wp-json\/wp\/v2\/types\/post"}],"author":[{"embeddable":true,"href":"https:\/\/www.pressenza.com\/de\/wp-json\/wp\/v2\/users\/1681"}],"replies":[{"embeddable":true,"href":"https:\/\/www.pressenza.com\/de\/wp-json\/wp\/v2\/comments?post=2696526"}],"version-history":[{"count":1,"href":"https:\/\/www.pressenza.com\/de\/wp-json\/wp\/v2\/posts\/2696526\/revisions"}],"predecessor-version":[{"id":2696529,"href":"https:\/\/www.pressenza.com\/de\/wp-json\/wp\/v2\/posts\/2696526\/revisions\/2696529"}],"wp:featuredmedia":[{"embeddable":true,"href":"https:\/\/www.pressenza.com\/de\/wp-json\/wp\/v2\/media\/2137514"}],"wp:attachment":[{"href":"https:\/\/www.pressenza.com\/de\/wp-json\/wp\/v2\/media?parent=2696526"}],"wp:term":[{"taxonomy":"category","embeddable":true,"href":"https:\/\/www.pressenza.com\/de\/wp-json\/wp\/v2\/categories?post=2696526"},{"taxonomy":"post_tag","embeddable":true,"href":"https:\/\/www.pressenza.com\/de\/wp-json\/wp\/v2\/tags?post=2696526"}],"curies":[{"name":"wp","href":"https:\/\/api.w.org\/{rel}","templated":true}]}}