{"id":2696475,"date":"2026-04-29T15:04:26","date_gmt":"2026-04-29T14:04:26","guid":{"rendered":"https:\/\/www.pressenza.com\/?p=2696475"},"modified":"2026-04-29T15:04:26","modified_gmt":"2026-04-29T14:04:26","slug":"indigene-stuermen-grundsteinlegung-von-chemiewerk","status":"publish","type":"post","link":"https:\/\/www.pressenza.com\/de\/2026\/04\/indigene-stuermen-grundsteinlegung-von-chemiewerk\/","title":{"rendered":"Indigene st\u00fcrmen Grundsteinlegung von Chemiewerk"},"content":{"rendered":"<p>Mit einer Protestaktion haben indigene Umweltaktivist*innen die Grundsteinlegung f\u00fcr den Bau einer Methanolfabrik im mexikanischen Bundesstaat Sinaloa verhindert. Rund 100 Demonstrant*innen st\u00fcrmten die Veranstaltung im Hafen von Topolobampo und demontierten den Grundstein des Fabrikprojekts. Die Veranstaltung auf dem geplanten Fabrikgel\u00e4nde musste abgebrochen werden. Die anwesenden Unternehmer*innen und Politiker*innen, darunter auch der US-Botschafter in Mexiko, verlegten ihr Zusammentreffen kurzfristig in ein Hotel in der nahegelegenen Stadt Los Mochis.<\/p>\n<p>Die indigenen Mayo-Yoreme f\u00fcrchten die Umweltrisiken des in der Bucht von Ohuira geplanten Chemiewerk namens Mexinol. Zudem kritisieren sie, dass keine indigene Konsultation \u00fcber das Gro\u00dfprojekt stattgefunden habe, obwohl es in ihrem indigenen <a class=\"glossaryLink\" style=\"box-sizing: inherit; background-color: transparent; color: var(--color-mainorange); text-decoration: underline; border-bottom-width: 1px; border-bottom-style: dotted; border-bottom-color: #666666;\" tabindex=\"0\" role=\"link\" href=\"https:\/\/www.npla.de\/lexikon\/territorium\/\" aria-describedby=\"tt\" data-cmtooltip=\"&lt;div class=glossaryItemBody&gt; &amp;lt;span style=&amp;quot;font-family: Arial, sans-serif&amp;quot;&amp;gt;&amp;lt;span style=&amp;quot;font-size: small&amp;quot;&amp;gt;Ein Land oder Gebiet, mit dem sich die dort lebenden Menschen verbunden f\u00fchlen. Ein Territorium ist nicht notwendigerweise ein Gebiet das in G\u00e4nze zu einem Einzelstaat geh\u00f6rt. In Lateinamerika erstrecken sich Territorien oft \u00fcber Landesgrenzen. Indigene Gruppen sprechen von ihren Territorien, w\u00e4hrend die Landesgrenzen in Lateinamerika von Kolonisatoren geschaffen wurden. Diese Territorien umfassen sowohl den nat\u00fcrlichen, sozialen und kulturellen Lebensraum, die Formen des Zusammenlebens unter Menschen in kommunit\u00e4ren Strukturen und mit der Natur, die emotionale Verbundenheit mit dem Gebiet, als auch die dortige Weltanschauung\/Kosmovision (siehe Pachamama) und Traditionen. Diese Definition durch die dort lebende Gemeinschaft steht oft im Widerspruch zur Definition durch den Staat, vor allem, wenn Gro\u00dfprojekte territoriale Lebensweisen bedrohen.&amp;lt;\/span&amp;gt;&amp;lt;\/span&amp;gt; &lt;\/div&gt;\" data-gt-translate-attributes=\"[{&quot;attribute&quot;:&quot;data-cmtooltip&quot;, &quot;format&quot;:&quot;html&quot;}]\" data-wpel-link=\"internal\">Territorium<\/a> gebaut werden soll.<\/p>\n<p>W\u00e4hrend der heftigen Proteste versuchte der Gouverneur von Sinaloa, Rub\u00e9n Rocha Moya, vergeblich, die Indigenen davon zu \u00fcberzeugen, dass das Projekt wirtschaftliche Entwicklung verspreche. Schlie\u00dflich verpflichtete sich Rocha, sich bei der Bundesregierung f\u00fcr eine Konsultation der indigenen Bev\u00f6lkerung \u00fcber das Vorhaben einzusetzen.<\/p>\n<p><strong>Keine vorhergehende Konsultation der Indigenen<\/strong><\/p>\n<p>\u201eDiese Texaner verstehen es einfach nicht\u201c, <a href=\"http:\/\/www.facebook.com\/permalink.php?story_fbid=pfbid0v5dCiQhwLBtBY8yawb2CJb4iyaUbhVuZqyv3LeVJPuabqALhiMJLuKffhSKaRKPcl&amp;id=100064811316152\" rel=\"external noopener noreferrer\" data-wpel-link=\"external\">kommentierte<\/a> das Umweltkollektiv \u201eAqu\u00ed No\u201c nach der Aktion auf seinem Facebook-Account. Wenn die Unternehmer*innen die Legitimit\u00e4t f\u00fcr das Projekt \u201eunten\u201c, also bei den Anrainer*innen, nicht bek\u00e4men, w\u00fcrden sie sie \u201eoben\u201c in der Politik suchen.<\/p>\n<p>Mexinol wird von der texanischen Firma Transition Industries LLC mit einer Investition von \u00fcber drei Milliarden US-Dollar geplant. Zur Produktion von Methanol sollen in der Fabrik t\u00e4glich 160 Millionen Kubikfu\u00df Erdgas <a href=\"https:\/\/www.businesswire.com\/news\/home\/20260216486270\/de\" rel=\"external noopener noreferrer\" data-wpel-link=\"external\">verwendet<\/a> werden, das in Texas mit der Technik des <a class=\"glossaryLink\" style=\"box-sizing: inherit; background-color: transparent; color: var(--color-mainorange); text-decoration: underline; border-bottom-width: 1px; border-bottom-style: dotted; border-bottom-color: #666666;\" tabindex=\"0\" role=\"link\" href=\"https:\/\/www.npla.de\/lexikon\/fracking\/\" aria-describedby=\"tt\" data-cmtooltip=\"&lt;div class=glossaryItemBody&gt; ist eine Extraktionsmethode, bei der ein vertikaler mit Zement bedeckter Tunnel unter der Erde gegraben wird und die auch in Lateinamerika vermehrt angewendet wird. Mit hohem Druck werden gro\u00dfe Mengen an Wasser injiziert, um Risse in der felsigen Basis zu erzeugen, die dann das Gas oder \u00d6l freigeben. Das Wasser wird f\u00fcr gew\u00f6hnlich mit chemischen Produkten angereichert, um das Speichergestein durchl\u00e4ssiger zu machen und das Austreten der fossilen Brennstoffe zu erleichtern. Weltweit ist das Fracking-Verfahren relativ neu, weshalb auch die Risiken f\u00fcr Mensch und Umwelt bisher sehr wenig erfoscht sind. Umweltsch\u00fctzer waren vor Allem davor, dass der giftige, im Boden zur\u00fcckbleibende Fracking-Cocktail \u00fcber kurz oder lang durch Risse unkontrolliert in dar\u00fcberliegende Grundwasserschichten eindringen wird. &lt;\/div&gt;\" data-gt-translate-attributes=\"[{&quot;attribute&quot;:&quot;data-cmtooltip&quot;, &quot;format&quot;:&quot;html&quot;}]\" data-wpel-link=\"internal\">Fracking<\/a> gewonnen wird. In der weltweit gr\u00f6\u00dften Anlage ihrer Art ist eine j\u00e4hrliche Produktion von \u00fcber zwei Millionen Tonnen Methanol vorgesehen. Mitsubishi Gas Chemical mit Sitz in Japan hat zugesagt, die H\u00e4lfte der geplanten Produktion abzunehmen.<\/p>\n<p><a href=\"https:\/\/www.ifc.org\/en\/pressroom\/2023\/ifc-and-transition-industries-announce-agreement-to-develop-net-zero-world-scale-methanol-project-in-mexico\" rel=\"external noopener noreferrer\" data-wpel-link=\"external\">Finanziert<\/a> wird Mexinol von der International Finance Corporation (IFC), einem privatwirtschaftlichen Kreditinstitut der <a class=\"glossaryLink\" style=\"box-sizing: inherit; background-color: transparent; color: var(--color-mainorange); text-decoration: underline; border-bottom-width: 1px; border-bottom-style: dotted; border-bottom-color: #666666;\" tabindex=\"0\" role=\"link\" href=\"https:\/\/www.npla.de\/lexikon\/weltbank\/\" aria-describedby=\"tt\" data-cmtooltip=\"&lt;div class=glossaryItemBody&gt; (\u2260 IWF) Die Weltbank ist eine internationale Entwicklungsbank, die aus f\u00fcnf Institutionen besteht. Zum Zweck der Finanzierung des Wiederaufbaus von Staaten nach dem Ende des Zweiten Weltkrieges gegr\u00fcndet, wurde sie danach f\u00fcr marktwirtschaftliche Schocktherapien f\u00fcr Armut leidende Entwicklungsl\u00e4nder verwendet. Als Bedingung f\u00fcr die Vergabe von Krediten oder Schuldenerlass leitet die Weltbank in den L\u00e4ndern sogenannte Strukturanpassungsprogramme (SAP) ein, die sich dort auf alle Bereiche des gesellschaftlichen Lebens auswirken. Zum Wohle eines globalen Handels, der Industrienationen und wirtschaftlicher Eliten in den L\u00e4ndern des S\u00fcdens bevorteilt, werden lokale Wirtschaftskontexte gest\u00f6rt und die Souver\u00e4nit\u00e4t dortiger Staaten und anderer Gemeinschaften untergraben. &lt;\/div&gt;\" data-gt-translate-attributes=\"[{&quot;attribute&quot;:&quot;data-cmtooltip&quot;, &quot;format&quot;:&quot;html&quot;}]\" data-wpel-link=\"internal\">Weltbank<\/a>. F\u00fcr den Bau des Werks <a href=\"https:\/\/pacifico-mexinol.com\/es\/2025\/08\/14\/transition-industries-firma-un-acuerdo-preliminar-con-bonatti-s-p-a-para-la-infrastruktur-critica-del-proyecto-pacifico-mexinol\/\" rel=\"external noopener noreferrer\" data-wpel-link=\"external\">zeichnet<\/a> das italienische Unternehmen Bonatti verantwortlich. Die deutsche Siemens Energy <a href=\"https:\/\/energymagazine.mx\/2025\/08\/transition-industries-suma-a-siemens-energy-y-techint-en-desarrollo-de-pacifico-mexinol\/\" rel=\"external noopener noreferrer\" data-wpel-link=\"external\">erhielt<\/a> den Auftrag f\u00fcr die technische Planung der zentralen Elektrolyseanlage zur Methanolherstellung.<\/p>\n<p><strong>Chemiepark in gesch\u00fctztem Feuchtgebiet<\/strong><\/p>\n<p>Die Bucht von Ohuira mit ihren indigenen Fischerd\u00f6rfern ist eigentlich durch die internationale Ramsar-Konvention als gesch\u00fctztes Feuchtgebiet anerkannt. Dennoch will die regierende Morena-Partei gerade in dieser Bucht einen sogenannten \u201eEntwicklungspol\u201c mit mehreren petrochemischen Werken durchsetzen, die insbesondere den asiatischen Markt bedienen sollen.<\/p>\n<p>Ebenfalls im Hafen von Topolobampo baut das deutsche Unternehmen GPO-Proman, mit Hauptsitz im Steuerparadies Wollerau in der Schweiz, die gr\u00f6\u00dfte Ammoniakfabrik Lateinamerikas. Trotz Beschwerden, rechtlicher Schritte und ge\u00e4u\u00dferter Bedenken schreitet das Projekt weiter voran. Im M\u00e4rz <a href=\"https:\/\/www.instagram.com\/reels\/DXH3YWzgFYz\/\" rel=\"external noopener noreferrer\" data-wpel-link=\"external\">\u00fcberbrachten<\/a> Gemeindevertreter*innen in Deutschland eine <a href=\"https:\/\/amerika21.de\/2026\/03\/284222\/mexiko-beschwerde-deutsche-chemiefabrik\" rel=\"external noopener noreferrer\" data-wpel-link=\"external\">Beschwerde<\/a> gegen die KfW-Bank, die das Projekt finanziert.<\/p>\n<p><strong>Erste Erfolge von Umweltsch\u00fctzer*innen<\/strong><\/p>\n<p>Die Proteste zeigten j\u00fcngst auch Erfolge. Das US-amerikanische Unternehmen Sempra <a href=\"https:\/\/dossierpolitico.com\/2026\/03\/07\/sempra-frena-proyecto-vista-pacifico-de-gas-natural-en-el-golfo-de-california\/\" rel=\"external noopener noreferrer\" data-wpel-link=\"external\">stellte<\/a> im M\u00e4rz 2026 das Projekt f\u00fcr ein Fl\u00fcssiggas-Terminal in Topolobampo namens Vista Pac\u00edfico LNG ein. Der Projektabbruch wurde von Umweltsch\u00fctzer*innen begr\u00fc\u00dft, die sich f\u00fcr den integralen Schutz des Golfs von Kalifornien einsetzen, eine der weltweit artenreichsten Meeresregionen.<\/p>\n<p>Das US-amerikanische Projekt Saguaro, das 700 Kilometer n\u00f6rdlich Topolobampo in Puerto Libertad im Bundesstaat Sonora ebenfalls einen Erdgas-Terminal plant, erlitt einen ersten juristischen R\u00fcckschlag. Eine Richterin erlie\u00df Anfang April eine Verf\u00fcgung <a href=\"https:\/\/amerika21.de\/2026\/04\/284494\/wahle-gewinnen-gegen-tanker\" rel=\"external noopener noreferrer\" data-wpel-link=\"external\">zugunsten der Wale<\/a> im Golf von Kalifornien, um zu verhindern, dass Gas-Tankschiffe das Meer befahren und so den Walbestand gef\u00e4hrden.<\/p>\n<p><strong>US-Botschafter warnt<\/strong><\/p>\n<p>Nach dem Protest in Topolobampo <a href=\"https:\/\/mx.usembassy.gov\/es\/ambassador-ron-johnsons-remarks-as-prepared\/7\" rel=\"external noopener noreferrer\" data-wpel-link=\"external\">warnte<\/a> der US-Botschafter in Mexiko, Ronald Johnson, die Investoren br\u00e4uchten \u201eGewissheit, Sicherheit und ein korruptionsfreies Umfeld\u201c. Anl\u00e4sslich der Ersatzveranstaltung in Los Mochis bezeichnete er das Projekt Mexinol als \u201eeine der Priorit\u00e4ten von Pr\u00e4sident Donald Trump: die St\u00e4rkung der Energiesicherheit Nordamerikas\u201c.<\/p>\n<p>Dar\u00fcber, dass der Spitzendiplomat des n\u00f6rdlichen Nachbarn nach einer Kundgebung der indigenen Bev\u00f6lkerung mit Konsequenzen drohte, wurde in der mexikanischen Presse breit berichtet. Der Journalist Julio Hern\u00e1ndez L\u00f3pez <a href=\"https:\/\/www.jornada.com.mx\/noticia\/2026\/04\/24\/columnas\/astillero-64829\" rel=\"external noopener noreferrer\" data-wpel-link=\"external\">kommentierte<\/a> in der Tageszeitung La Jornada, Washingtons Botschafter wolle offensichtlich \u201eRechtsstaatlichkeit und kollektive Rechte au\u00dfer Kraft setzen\u201c, um Industrieanlagen in Betrieb zu nehmen. Hern\u00e1ndez L\u00f3pez kritisierte die \u201eerpresserische Rede\u201c angesichts von Ereignissen in der mexikanischen \u00d6ffentlichkeit, in die sich der Diplomat \u201ekeinesfalls\u201c einmischen sollte.<\/p>\n","protected":false},"excerpt":{"rendered":"<p>Mit einer Protestaktion haben indigene Umweltaktivist*innen die Grundsteinlegung f\u00fcr den Bau einer Methanolfabrik im mexikanischen Bundesstaat Sinaloa verhindert. Rund 100 Demonstrant*innen st\u00fcrmten die Veranstaltung im Hafen von Topolobampo und demontierten den Grundstein des Fabrikprojekts. Die Veranstaltung auf dem geplanten Fabrikgel\u00e4nde&hellip;<\/p>\n","protected":false},"author":1868,"featured_media":2696480,"comment_status":"closed","ping_status":"closed","sticky":false,"template":"","format":"standard","meta":{"footnotes":""},"categories":[9163,9161,9152,9157,9158],"tags":[14055,11052,30246,156095,156093,9226,13288],"class_list":["post-2696475","post","type-post","status-publish","format-standard","has-post-thumbnail","hentry","category-indigene-voelker","category-menschenrechte","category-nordamerika","category-oekologie-und-umwelt","category-wirtschaft","tag-fracking-de","tag-indigene-voelker-2","tag-klimaschutz","tag-mayo-yoreme","tag-methanolfabrik","tag-protest-de","tag-weltbank"],"yoast_head":"<!-- This site is optimized with the Yoast SEO plugin v27.1.1 - https:\/\/yoast.com\/product\/yoast-seo-wordpress\/ -->\n<title>Indigene st\u00fcrmen Grundsteinlegung von Chemiewerk<\/title>\n<meta name=\"description\" content=\"Mit einer Protestaktion haben indigene Umweltaktivist*innen die Grundsteinlegung f\u00fcr den Bau einer Methanolfabrik im mexikanischen Bundesstaat Sinaloa\" \/>\n<meta name=\"robots\" content=\"index, follow, max-snippet:-1, max-image-preview:large, max-video-preview:-1\" \/>\n<link rel=\"canonical\" href=\"https:\/\/www.pressenza.com\/de\/2026\/04\/indigene-stuermen-grundsteinlegung-von-chemiewerk\/\" \/>\n<meta property=\"og:locale\" content=\"de_DE\" \/>\n<meta property=\"og:type\" content=\"article\" \/>\n<meta property=\"og:title\" content=\"Indigene st\u00fcrmen Grundsteinlegung von Chemiewerk\" \/>\n<meta property=\"og:description\" content=\"Mit einer Protestaktion haben indigene Umweltaktivist*innen die Grundsteinlegung f\u00fcr den Bau einer Methanolfabrik im mexikanischen Bundesstaat Sinaloa\" \/>\n<meta property=\"og:url\" content=\"https:\/\/www.pressenza.com\/de\/2026\/04\/indigene-stuermen-grundsteinlegung-von-chemiewerk\/\" \/>\n<meta property=\"og:site_name\" content=\"Pressenza\" \/>\n<meta property=\"article:publisher\" content=\"https:\/\/www.facebook.com\/PressenzaItalia\" \/>\n<meta property=\"article:published_time\" content=\"2026-04-29T14:04:26+00:00\" \/>\n<meta property=\"og:image\" content=\"https:\/\/www.pressenza.com\/wp-content\/uploads\/2026\/04\/IMG_3578.png\" \/>\n\t<meta property=\"og:image:width\" content=\"1672\" \/>\n\t<meta property=\"og:image:height\" content=\"941\" \/>\n\t<meta property=\"og:image:type\" content=\"image\/png\" \/>\n<meta name=\"author\" content=\"poonal - Pressedienst lateinamerikanischer Nachrichtenagenturen\" \/>\n<meta name=\"twitter:card\" content=\"summary_large_image\" \/>\n<meta name=\"twitter:creator\" content=\"@PressenzaIPA\" \/>\n<meta name=\"twitter:site\" content=\"@PressenzaIPA\" \/>\n<meta name=\"twitter:label1\" content=\"Verfasst von\" \/>\n\t<meta name=\"twitter:data1\" content=\"poonal - Pressedienst lateinamerikanischer Nachrichtenagenturen\" \/>\n\t<meta name=\"twitter:label2\" content=\"Gesch\u00e4tzte Lesezeit\" \/>\n\t<meta name=\"twitter:data2\" content=\"6\u00a0Minuten\" \/>\n<script type=\"application\/ld+json\" class=\"yoast-schema-graph\">{\"@context\":\"https:\/\/schema.org\",\"@graph\":[{\"@type\":\"Article\",\"@id\":\"https:\/\/www.pressenza.com\/de\/2026\/04\/indigene-stuermen-grundsteinlegung-von-chemiewerk\/#article\",\"isPartOf\":{\"@id\":\"https:\/\/www.pressenza.com\/de\/2026\/04\/indigene-stuermen-grundsteinlegung-von-chemiewerk\/\"},\"author\":{\"name\":\"poonal - Pressedienst lateinamerikanischer Nachrichtenagenturen\",\"@id\":\"https:\/\/www.pressenza.com\/de\/#\/schema\/person\/132489b8f8952f27e7e24996c103e09e\"},\"headline\":\"Indigene st\u00fcrmen Grundsteinlegung von Chemiewerk\",\"datePublished\":\"2026-04-29T14:04:26+00:00\",\"mainEntityOfPage\":{\"@id\":\"https:\/\/www.pressenza.com\/de\/2026\/04\/indigene-stuermen-grundsteinlegung-von-chemiewerk\/\"},\"wordCount\":689,\"publisher\":{\"@id\":\"https:\/\/www.pressenza.com\/de\/#organization\"},\"image\":{\"@id\":\"https:\/\/www.pressenza.com\/de\/2026\/04\/indigene-stuermen-grundsteinlegung-von-chemiewerk\/#primaryimage\"},\"thumbnailUrl\":\"https:\/\/www.pressenza.com\/wp-content\/uploads\/2026\/04\/IMG_3578.png\",\"keywords\":[\"Fracking\",\"indigene V\u00f6lker\",\"Klimaschutz\",\"Mayo-Yoreme\",\"Methanolfabrik\",\"Protest\",\"Weltbank\"],\"articleSection\":[\"Indigene V\u00f6lker\",\"Menschenrechte\",\"Nordamerika\",\"\u00d6kologie und Umwelt\",\"Wirtschaft\"],\"inLanguage\":\"de\"},{\"@type\":\"WebPage\",\"@id\":\"https:\/\/www.pressenza.com\/de\/2026\/04\/indigene-stuermen-grundsteinlegung-von-chemiewerk\/\",\"url\":\"https:\/\/www.pressenza.com\/de\/2026\/04\/indigene-stuermen-grundsteinlegung-von-chemiewerk\/\",\"name\":\"Indigene st\u00fcrmen Grundsteinlegung von Chemiewerk\",\"isPartOf\":{\"@id\":\"https:\/\/www.pressenza.com\/de\/#website\"},\"primaryImageOfPage\":{\"@id\":\"https:\/\/www.pressenza.com\/de\/2026\/04\/indigene-stuermen-grundsteinlegung-von-chemiewerk\/#primaryimage\"},\"image\":{\"@id\":\"https:\/\/www.pressenza.com\/de\/2026\/04\/indigene-stuermen-grundsteinlegung-von-chemiewerk\/#primaryimage\"},\"thumbnailUrl\":\"https:\/\/www.pressenza.com\/wp-content\/uploads\/2026\/04\/IMG_3578.png\",\"datePublished\":\"2026-04-29T14:04:26+00:00\",\"description\":\"Mit einer Protestaktion haben indigene Umweltaktivist*innen die Grundsteinlegung f\u00fcr den Bau einer Methanolfabrik im mexikanischen Bundesstaat Sinaloa\",\"breadcrumb\":{\"@id\":\"https:\/\/www.pressenza.com\/de\/2026\/04\/indigene-stuermen-grundsteinlegung-von-chemiewerk\/#breadcrumb\"},\"inLanguage\":\"de\",\"potentialAction\":[{\"@type\":\"ReadAction\",\"target\":[\"https:\/\/www.pressenza.com\/de\/2026\/04\/indigene-stuermen-grundsteinlegung-von-chemiewerk\/\"]}]},{\"@type\":\"ImageObject\",\"inLanguage\":\"de\",\"@id\":\"https:\/\/www.pressenza.com\/de\/2026\/04\/indigene-stuermen-grundsteinlegung-von-chemiewerk\/#primaryimage\",\"url\":\"https:\/\/www.pressenza.com\/wp-content\/uploads\/2026\/04\/IMG_3578.png\",\"contentUrl\":\"https:\/\/www.pressenza.com\/wp-content\/uploads\/2026\/04\/IMG_3578.png\",\"width\":1672,\"height\":941},{\"@type\":\"BreadcrumbList\",\"@id\":\"https:\/\/www.pressenza.com\/de\/2026\/04\/indigene-stuermen-grundsteinlegung-von-chemiewerk\/#breadcrumb\",\"itemListElement\":[{\"@type\":\"ListItem\",\"position\":1,\"name\":\"Accueil\",\"item\":\"https:\/\/www.pressenza.com\/de\/\"},{\"@type\":\"ListItem\",\"position\":2,\"name\":\"Indigene st\u00fcrmen Grundsteinlegung von Chemiewerk\"}]},{\"@type\":\"WebSite\",\"@id\":\"https:\/\/www.pressenza.com\/de\/#website\",\"url\":\"https:\/\/www.pressenza.com\/de\/\",\"name\":\"Pressenza\",\"description\":\"International Press Agency\",\"publisher\":{\"@id\":\"https:\/\/www.pressenza.com\/de\/#organization\"},\"potentialAction\":[{\"@type\":\"SearchAction\",\"target\":{\"@type\":\"EntryPoint\",\"urlTemplate\":\"https:\/\/www.pressenza.com\/de\/?s={search_term_string}\"},\"query-input\":{\"@type\":\"PropertyValueSpecification\",\"valueRequired\":true,\"valueName\":\"search_term_string\"}}],\"inLanguage\":\"de\"},{\"@type\":\"Organization\",\"@id\":\"https:\/\/www.pressenza.com\/de\/#organization\",\"name\":\"Pressenza\",\"url\":\"https:\/\/www.pressenza.com\/de\/\",\"logo\":{\"@type\":\"ImageObject\",\"inLanguage\":\"de\",\"@id\":\"https:\/\/www.pressenza.com\/de\/#\/schema\/logo\/image\/\",\"url\":\"https:\/\/www.pressenza.com\/wp-content\/uploads\/2022\/10\/pressenza_logo_200x200.jpg\",\"contentUrl\":\"https:\/\/www.pressenza.com\/wp-content\/uploads\/2022\/10\/pressenza_logo_200x200.jpg\",\"width\":200,\"height\":200,\"caption\":\"Pressenza\"},\"image\":{\"@id\":\"https:\/\/www.pressenza.com\/de\/#\/schema\/logo\/image\/\"},\"sameAs\":[\"https:\/\/www.facebook.com\/PressenzaItalia\",\"https:\/\/x.com\/PressenzaIPA\"]},{\"@type\":\"Person\",\"@id\":\"https:\/\/www.pressenza.com\/de\/#\/schema\/person\/132489b8f8952f27e7e24996c103e09e\",\"name\":\"poonal - Pressedienst lateinamerikanischer Nachrichtenagenturen\",\"sameAs\":[\"https:\/\/www.npla.de\/poonal\/\"],\"url\":\"https:\/\/www.pressenza.com\/de\/author\/poonal\/\"}]}<\/script>\n<!-- \/ Yoast SEO plugin. -->","yoast_head_json":{"title":"Indigene st\u00fcrmen Grundsteinlegung von Chemiewerk","description":"Mit einer Protestaktion haben indigene Umweltaktivist*innen die Grundsteinlegung f\u00fcr den Bau einer Methanolfabrik im mexikanischen Bundesstaat Sinaloa","robots":{"index":"index","follow":"follow","max-snippet":"max-snippet:-1","max-image-preview":"max-image-preview:large","max-video-preview":"max-video-preview:-1"},"canonical":"https:\/\/www.pressenza.com\/de\/2026\/04\/indigene-stuermen-grundsteinlegung-von-chemiewerk\/","og_locale":"de_DE","og_type":"article","og_title":"Indigene st\u00fcrmen Grundsteinlegung von Chemiewerk","og_description":"Mit einer Protestaktion haben indigene Umweltaktivist*innen die Grundsteinlegung f\u00fcr den Bau einer Methanolfabrik im mexikanischen Bundesstaat Sinaloa","og_url":"https:\/\/www.pressenza.com\/de\/2026\/04\/indigene-stuermen-grundsteinlegung-von-chemiewerk\/","og_site_name":"Pressenza","article_publisher":"https:\/\/www.facebook.com\/PressenzaItalia","article_published_time":"2026-04-29T14:04:26+00:00","og_image":[{"width":1672,"height":941,"url":"https:\/\/www.pressenza.com\/wp-content\/uploads\/2026\/04\/IMG_3578.png","type":"image\/png"}],"author":"poonal - Pressedienst lateinamerikanischer Nachrichtenagenturen","twitter_card":"summary_large_image","twitter_creator":"@PressenzaIPA","twitter_site":"@PressenzaIPA","twitter_misc":{"Verfasst von":"poonal - Pressedienst lateinamerikanischer Nachrichtenagenturen","Gesch\u00e4tzte Lesezeit":"6\u00a0Minuten"},"schema":{"@context":"https:\/\/schema.org","@graph":[{"@type":"Article","@id":"https:\/\/www.pressenza.com\/de\/2026\/04\/indigene-stuermen-grundsteinlegung-von-chemiewerk\/#article","isPartOf":{"@id":"https:\/\/www.pressenza.com\/de\/2026\/04\/indigene-stuermen-grundsteinlegung-von-chemiewerk\/"},"author":{"name":"poonal - Pressedienst lateinamerikanischer Nachrichtenagenturen","@id":"https:\/\/www.pressenza.com\/de\/#\/schema\/person\/132489b8f8952f27e7e24996c103e09e"},"headline":"Indigene st\u00fcrmen Grundsteinlegung von Chemiewerk","datePublished":"2026-04-29T14:04:26+00:00","mainEntityOfPage":{"@id":"https:\/\/www.pressenza.com\/de\/2026\/04\/indigene-stuermen-grundsteinlegung-von-chemiewerk\/"},"wordCount":689,"publisher":{"@id":"https:\/\/www.pressenza.com\/de\/#organization"},"image":{"@id":"https:\/\/www.pressenza.com\/de\/2026\/04\/indigene-stuermen-grundsteinlegung-von-chemiewerk\/#primaryimage"},"thumbnailUrl":"https:\/\/www.pressenza.com\/wp-content\/uploads\/2026\/04\/IMG_3578.png","keywords":["Fracking","indigene V\u00f6lker","Klimaschutz","Mayo-Yoreme","Methanolfabrik","Protest","Weltbank"],"articleSection":["Indigene V\u00f6lker","Menschenrechte","Nordamerika","\u00d6kologie und Umwelt","Wirtschaft"],"inLanguage":"de"},{"@type":"WebPage","@id":"https:\/\/www.pressenza.com\/de\/2026\/04\/indigene-stuermen-grundsteinlegung-von-chemiewerk\/","url":"https:\/\/www.pressenza.com\/de\/2026\/04\/indigene-stuermen-grundsteinlegung-von-chemiewerk\/","name":"Indigene st\u00fcrmen Grundsteinlegung von Chemiewerk","isPartOf":{"@id":"https:\/\/www.pressenza.com\/de\/#website"},"primaryImageOfPage":{"@id":"https:\/\/www.pressenza.com\/de\/2026\/04\/indigene-stuermen-grundsteinlegung-von-chemiewerk\/#primaryimage"},"image":{"@id":"https:\/\/www.pressenza.com\/de\/2026\/04\/indigene-stuermen-grundsteinlegung-von-chemiewerk\/#primaryimage"},"thumbnailUrl":"https:\/\/www.pressenza.com\/wp-content\/uploads\/2026\/04\/IMG_3578.png","datePublished":"2026-04-29T14:04:26+00:00","description":"Mit einer Protestaktion haben indigene Umweltaktivist*innen die Grundsteinlegung f\u00fcr den Bau einer Methanolfabrik im mexikanischen Bundesstaat Sinaloa","breadcrumb":{"@id":"https:\/\/www.pressenza.com\/de\/2026\/04\/indigene-stuermen-grundsteinlegung-von-chemiewerk\/#breadcrumb"},"inLanguage":"de","potentialAction":[{"@type":"ReadAction","target":["https:\/\/www.pressenza.com\/de\/2026\/04\/indigene-stuermen-grundsteinlegung-von-chemiewerk\/"]}]},{"@type":"ImageObject","inLanguage":"de","@id":"https:\/\/www.pressenza.com\/de\/2026\/04\/indigene-stuermen-grundsteinlegung-von-chemiewerk\/#primaryimage","url":"https:\/\/www.pressenza.com\/wp-content\/uploads\/2026\/04\/IMG_3578.png","contentUrl":"https:\/\/www.pressenza.com\/wp-content\/uploads\/2026\/04\/IMG_3578.png","width":1672,"height":941},{"@type":"BreadcrumbList","@id":"https:\/\/www.pressenza.com\/de\/2026\/04\/indigene-stuermen-grundsteinlegung-von-chemiewerk\/#breadcrumb","itemListElement":[{"@type":"ListItem","position":1,"name":"Accueil","item":"https:\/\/www.pressenza.com\/de\/"},{"@type":"ListItem","position":2,"name":"Indigene st\u00fcrmen Grundsteinlegung von Chemiewerk"}]},{"@type":"WebSite","@id":"https:\/\/www.pressenza.com\/de\/#website","url":"https:\/\/www.pressenza.com\/de\/","name":"Pressenza","description":"International Press Agency","publisher":{"@id":"https:\/\/www.pressenza.com\/de\/#organization"},"potentialAction":[{"@type":"SearchAction","target":{"@type":"EntryPoint","urlTemplate":"https:\/\/www.pressenza.com\/de\/?s={search_term_string}"},"query-input":{"@type":"PropertyValueSpecification","valueRequired":true,"valueName":"search_term_string"}}],"inLanguage":"de"},{"@type":"Organization","@id":"https:\/\/www.pressenza.com\/de\/#organization","name":"Pressenza","url":"https:\/\/www.pressenza.com\/de\/","logo":{"@type":"ImageObject","inLanguage":"de","@id":"https:\/\/www.pressenza.com\/de\/#\/schema\/logo\/image\/","url":"https:\/\/www.pressenza.com\/wp-content\/uploads\/2022\/10\/pressenza_logo_200x200.jpg","contentUrl":"https:\/\/www.pressenza.com\/wp-content\/uploads\/2022\/10\/pressenza_logo_200x200.jpg","width":200,"height":200,"caption":"Pressenza"},"image":{"@id":"https:\/\/www.pressenza.com\/de\/#\/schema\/logo\/image\/"},"sameAs":["https:\/\/www.facebook.com\/PressenzaItalia","https:\/\/x.com\/PressenzaIPA"]},{"@type":"Person","@id":"https:\/\/www.pressenza.com\/de\/#\/schema\/person\/132489b8f8952f27e7e24996c103e09e","name":"poonal - Pressedienst lateinamerikanischer Nachrichtenagenturen","sameAs":["https:\/\/www.npla.de\/poonal\/"],"url":"https:\/\/www.pressenza.com\/de\/author\/poonal\/"}]}},"place":"","original_article_url":"https:\/\/www.npla.de\/thema\/umwelt-wirtschaft\/indigene-stuermen-grundsteinlegung-von-chemiewerk\/","_links":{"self":[{"href":"https:\/\/www.pressenza.com\/de\/wp-json\/wp\/v2\/posts\/2696475","targetHints":{"allow":["GET"]}}],"collection":[{"href":"https:\/\/www.pressenza.com\/de\/wp-json\/wp\/v2\/posts"}],"about":[{"href":"https:\/\/www.pressenza.com\/de\/wp-json\/wp\/v2\/types\/post"}],"author":[{"embeddable":true,"href":"https:\/\/www.pressenza.com\/de\/wp-json\/wp\/v2\/users\/1868"}],"replies":[{"embeddable":true,"href":"https:\/\/www.pressenza.com\/de\/wp-json\/wp\/v2\/comments?post=2696475"}],"version-history":[{"count":2,"href":"https:\/\/www.pressenza.com\/de\/wp-json\/wp\/v2\/posts\/2696475\/revisions"}],"predecessor-version":[{"id":2696482,"href":"https:\/\/www.pressenza.com\/de\/wp-json\/wp\/v2\/posts\/2696475\/revisions\/2696482"}],"wp:featuredmedia":[{"embeddable":true,"href":"https:\/\/www.pressenza.com\/de\/wp-json\/wp\/v2\/media\/2696480"}],"wp:attachment":[{"href":"https:\/\/www.pressenza.com\/de\/wp-json\/wp\/v2\/media?parent=2696475"}],"wp:term":[{"taxonomy":"category","embeddable":true,"href":"https:\/\/www.pressenza.com\/de\/wp-json\/wp\/v2\/categories?post=2696475"},{"taxonomy":"post_tag","embeddable":true,"href":"https:\/\/www.pressenza.com\/de\/wp-json\/wp\/v2\/tags?post=2696475"}],"curies":[{"name":"wp","href":"https:\/\/api.w.org\/{rel}","templated":true}]}}