{"id":2696465,"date":"2026-04-29T14:48:43","date_gmt":"2026-04-29T13:48:43","guid":{"rendered":"https:\/\/www.pressenza.com\/?p=2696465"},"modified":"2026-04-29T14:48:43","modified_gmt":"2026-04-29T13:48:43","slug":"was-braucht-ein-budget-das-endlich-allen-weh-tut","status":"publish","type":"post","link":"https:\/\/www.pressenza.com\/de\/2026\/04\/was-braucht-ein-budget-das-endlich-allen-weh-tut\/","title":{"rendered":"Was braucht ein Budget, das endlich \u201callen\u201d weh tut?"},"content":{"rendered":"<div class=\"simple-page__article-abstract aos-init aos-animate\" data-aos=\"fade-up\"><strong>Die Budgetverhandlungen der Regierung waren und sind vermutlich auch in der Detailarbeit noch schwierig. Wieder einmal geistert durch Politik und Medien das Motto, dass nun \u201cAlle\u201d etwas zur Sanierung der Budgets beitragen m\u00fcssen. Aber wer fehlt \u00fcberhaupt, damit es &#8222;Alle&#8220; sp\u00fcren? Natascha Strobl kommentiert.<\/strong><\/div>\n<div class=\"simple-page__article-wysiwyg wysiwyg-content aos-init aos-animate\" data-aos=\"fade-up\">\n<article class=\"wysiwyg-block\">\n<div class=\"wysiwyg-content\">\n<p>Die Lehrer:innen, Polizist:innen und Krankenpfleger:innen nehmen schon Jahr f\u00fcr Jahr in Kauf, dass ihre L\u00f6hne real weniger wert werden, um sich an der Sanierung des Budgets zu beteiligen. Die Familien bekommen weniger Geld und haben eine Ministerin, die gro\u00dfz\u00fcgig bereit ist, noch mehr bei ihnen zu k\u00fcrzen. Die Pensionist:innen sind ohnehin eine Gruppe, bei der immer wieder zusammen gestrichen wird. Dazu kommen Verschlechterungen in der Gesundheitsversorgung und allgemeine Preiserh\u00f6hungen bei Verwaltungsakten.<\/p>\n<p>Die Sparpolitik tat schon vor der Einigung auf ein neues Doppelbudget jetzt sehr vielen Gruppen sehr weh. Schon bevor Teilzeit- und Niedriglohnkr\u00e4fte <a href=\"https:\/\/www.derstandard.at\/story\/3000000318491\/was-sie-zum-budget-wissen-muessen-die-gewinner-und-verlierer-im-neuen-milliardendeal\" target=\"_blank\" rel=\"noopener\">bis zu 600 Euro<\/a> mehr in die Arbeitslosenversicherung einzahlen mussten und bevor die Pensionen und Familienbeihilfe zum schrumpfen verdonnert wurden.<\/p>\n<p>So gesehen mutet es fast h\u00f6hnisch an, wenn jemand einmahnt, dass die Budgetsanierung jetzt einfach wieder \u201callen\u201d weh tun muss. <a href=\"https:\/\/de.wikipedia.org\/wiki\/Gerhard_Steger\" target=\"_blank\" rel=\"noopener\">Gerhard Steger<\/a> &#8211; der ehemalige Leiter der Budgetsektion im Finanzministerium &#8211; hat zwar trotzdem genau das <a href=\"https:\/\/on.orf.at\/video\/14320551\/zib-2-vom-26042026\">in der ZiB 2 am Wochenende<\/a> (noch bevor die Regierung sich geeinigt hatte) getan. Steger hat der Aussage aber immerhin gleich darauf eine wichtige Rahmung gegeben. Man k\u00f6nne die wirtschaftlich St\u00e4rkeren auch st\u00e4rker belasten, als die wirtschaftlich Schw\u00e4cheren.<\/p>\n<p>Der breiten Masse hat man also schon ziemlich viel ziemlich Schmerzhaftes zugemutet. Aber &#8211; und daran \u00e4ndert auch das neue Doppelbudget offensichtlich nichts &#8211; die Verm\u00f6genden in diesem Land haben sich noch gar nicht an der Sanierung des von der \u00d6VP- und Gr\u00fcnen-Regierung verursachten Budgetslochs beteiligt. Sie haben \u00fcberproportional von den daf\u00fcr nicht unwesentlichen Covid-Hilfen profitiert. Aber sie zahlen kaum verm\u00f6gensbezogene Steuern &#8211; weil es kaum welche gibt. \u00d6sterreich liegt <a href=\"https:\/\/www.momentum-institut.at\/grafik\/oesterreich-bei-vermoegensbezogenen-steuern-eu-weit-im-hintersten-bereich\/\">hier in der EU auf den hintersten Pl\u00e4tzen<\/a>.<\/p>\n<p>Mit jedem Tag, der vergeht, ist es schwieriger zu verstehen, warum ein Lehrer oder eine Pensionistin st\u00e4rker zur Budgetsanierung herangezogen wird, als der Erbe eines Milliardenverm\u00f6gens. Auch jetzt sind mit \u201cAlle\u201d eben wieder nur Leute gemeint, die f\u00fcr ihr Geld arbeiten gehen. Man k\u00fcrzt weiterhin da den Familien etwas weg und dort ein paar Leistungen f\u00fcr alle.<\/p>\n<p><strong>Reiche k\u00f6nnen gar keine finanziellen Schmerzen haben<\/strong><\/p>\n<p>Gleichzeitig bleiben gro\u00dfe Verm\u00f6gen unangetastet. Das war schnell klar. Man k\u00f6nne \u00fcber alles bei den Budgetverhandlungen reden, verk\u00fcndeten Neos und \u00d6VP im Vorfeld &#8211; nur <a href=\"https:\/\/orf.at\/stories\/3427553\/\" target=\"_blank\" rel=\"noopener\">\u00fcber Erbschafts- und Verm\u00f6genssteuern<\/a> brauche man erst gar kein Wort zu verlieren.<\/p>\n<p>Wenn es wirklich darum geht, dass \u201cAlle\u201d Schmerzen bei der Budgetsanierung haben, dann wird es aber Zeit, Verm\u00f6gen in die Gruppe der Schmerzleidenden miteinzubeziehen. Ihnen Schmerzen zuzuf\u00fcgen ist nat\u00fcrlich in Wahrheit kaum m\u00f6glich. Keine auch nur ansatzweise in \u00d6sterreich diskutierte Besteuerung, w\u00fcrde etwas daran \u00e4ndern, dass riesige Verm\u00f6gen immer noch riesige Verm\u00f6gen bleiben. W\u00fcrden sie endlich einen gerechteren Beitrag leisten, w\u00e4re das finanziell vielleicht ein Juckreiz, aber kein \u201cSchmerz\u201d.<\/p>\n<p>Aber immer wenn von \u201cAlle\u201d geredet wird, bleiben diese Gruppen fast automatisch ohnehin au\u00dfen vor. Wir sitzen eben nicht \u201cAlle\u201d im selben Boot und uns werden bei Budgetsanierungen auch nicht die selben Schmerzen zugef\u00fcgt. Manchen wird real der Lohn oder die Pension gek\u00fcrzt und Abgaben umgeh\u00e4ngt und das wirkt sich direkt im Alltag aus. Und andere vermehren in derselben Zeit ihr Verm\u00f6gen, ohne sich im Geringsten an der Allgemeinheit und ihren Schmerzen zu beteiligen.<\/p>\n<p><strong>Schluss mit Schmerzen<\/strong><\/p>\n<p>Es ist dringend an der Zeit, dass einmal anderen etwas abverlangt wird, als immer nur jenen, die Kinder unterrichten, Kranke pflegen oder Kinder erziehen. Es m\u00fcssten sich vielleicht einmal eben nicht \u201cAlle\u201d vor Schmerzen kr\u00fcmmen. Es sollte zum ersten Mal jene jucken, die von jeder Budgetsanierung unbehelligt geblieben sind.<\/p>\n<p>Wenn die Reichen nie etwas sp\u00fcren und immer nur die Vielen Schmerzen haben, dann braucht man sich nicht wundern, wenn die\u00a0 Vielen irgendwann keine Lust mehr haben, sich positiv an der Gesellschaft zu beteiligen. Verm\u00f6genssteuern w\u00e4ren in diesem Sinne auch ein Beitrag zum Erhalt der Demokratie und ein pragmatisches Angebot an den sozialen Frieden.<\/p>\n<\/div>\n<\/article>\n<\/div>\n","protected":false},"excerpt":{"rendered":"<p>Die Budgetverhandlungen der Regierung waren und sind vermutlich auch in der Detailarbeit noch schwierig. Wieder einmal geistert durch Politik und Medien das Motto, dass nun \u201cAlle\u201d etwas zur Sanierung der Budgets beitragen m\u00fcssen. Aber wer fehlt \u00fcberhaupt, damit es &#8222;Alle&#8220;&hellip;<\/p>\n","protected":false},"author":1096,"featured_media":2696471,"comment_status":"closed","ping_status":"closed","sticky":false,"template":"","format":"standard","meta":{"footnotes":""},"categories":[9150,9143,9168,9158],"tags":[156090,22070,91309,148593,59139,27417,11005,87379],"class_list":["post-2696465","post","type-post","status-publish","format-standard","has-post-thumbnail","hentry","category-europa-de","category-meinungen","category-politik","category-wirtschaft","tag-budget","tag-gesundheitsversorgung","tag-inflation-de","tag-sanierung","tag-sozialstaat","tag-sparpolitik","tag-ungleichheit","tag-vermoegenssteuer"],"yoast_head":"<!-- This site is optimized with the Yoast SEO plugin v27.1.1 - https:\/\/yoast.com\/product\/yoast-seo-wordpress\/ -->\n<title>Was braucht ein Budget, das endlich \u201callen\u201d weh tut?<\/title>\n<meta name=\"description\" content=\"Die Budgetverhandlungen der Regierung waren und sind vermutlich auch in der Detailarbeit noch schwierig. Wieder einmal geistert durch Politik und Medien\" \/>\n<meta name=\"robots\" content=\"index, follow, max-snippet:-1, max-image-preview:large, max-video-preview:-1\" \/>\n<link rel=\"canonical\" href=\"https:\/\/www.pressenza.com\/de\/2026\/04\/was-braucht-ein-budget-das-endlich-allen-weh-tut\/\" \/>\n<meta property=\"og:locale\" content=\"de_DE\" \/>\n<meta property=\"og:type\" content=\"article\" \/>\n<meta property=\"og:title\" content=\"Was braucht ein Budget, das endlich \u201callen\u201d weh tut?\" \/>\n<meta property=\"og:description\" content=\"Die Budgetverhandlungen der Regierung waren und sind vermutlich auch in der Detailarbeit noch schwierig. Wieder einmal geistert durch Politik und Medien\" \/>\n<meta property=\"og:url\" content=\"https:\/\/www.pressenza.com\/de\/2026\/04\/was-braucht-ein-budget-das-endlich-allen-weh-tut\/\" \/>\n<meta property=\"og:site_name\" content=\"Pressenza\" \/>\n<meta property=\"article:publisher\" content=\"https:\/\/www.facebook.com\/PressenzaItalia\" \/>\n<meta property=\"article:published_time\" content=\"2026-04-29T13:48:43+00:00\" \/>\n<meta property=\"og:image\" content=\"https:\/\/www.pressenza.com\/wp-content\/uploads\/2026\/04\/IMG_3576.jpeg\" \/>\n\t<meta property=\"og:image:width\" content=\"1280\" \/>\n\t<meta property=\"og:image:height\" content=\"853\" \/>\n\t<meta property=\"og:image:type\" content=\"image\/jpeg\" \/>\n<meta name=\"author\" content=\"Pressenza Wien\" \/>\n<meta name=\"twitter:card\" content=\"summary_large_image\" \/>\n<meta name=\"twitter:creator\" content=\"@pressenza_ger\" \/>\n<meta name=\"twitter:site\" content=\"@PressenzaIPA\" \/>\n<meta name=\"twitter:label1\" content=\"Verfasst von\" \/>\n\t<meta name=\"twitter:data1\" content=\"Pressenza Wien\" \/>\n\t<meta name=\"twitter:label2\" content=\"Gesch\u00e4tzte Lesezeit\" \/>\n\t<meta name=\"twitter:data2\" content=\"4\u00a0Minuten\" \/>\n<script type=\"application\/ld+json\" class=\"yoast-schema-graph\">{\"@context\":\"https:\/\/schema.org\",\"@graph\":[{\"@type\":\"Article\",\"@id\":\"https:\/\/www.pressenza.com\/de\/2026\/04\/was-braucht-ein-budget-das-endlich-allen-weh-tut\/#article\",\"isPartOf\":{\"@id\":\"https:\/\/www.pressenza.com\/de\/2026\/04\/was-braucht-ein-budget-das-endlich-allen-weh-tut\/\"},\"author\":{\"name\":\"Pressenza Wien\",\"@id\":\"https:\/\/www.pressenza.com\/de\/#\/schema\/person\/3df859e5bf9b19ab936f666e0177e38b\"},\"headline\":\"Was braucht ein Budget, das endlich \u201callen\u201d weh tut?\",\"datePublished\":\"2026-04-29T13:48:43+00:00\",\"mainEntityOfPage\":{\"@id\":\"https:\/\/www.pressenza.com\/de\/2026\/04\/was-braucht-ein-budget-das-endlich-allen-weh-tut\/\"},\"wordCount\":719,\"publisher\":{\"@id\":\"https:\/\/www.pressenza.com\/de\/#organization\"},\"image\":{\"@id\":\"https:\/\/www.pressenza.com\/de\/2026\/04\/was-braucht-ein-budget-das-endlich-allen-weh-tut\/#primaryimage\"},\"thumbnailUrl\":\"https:\/\/www.pressenza.com\/wp-content\/uploads\/2026\/04\/IMG_3576.jpeg\",\"keywords\":[\"budget\",\"Gesundheitsversorgung\",\"inflation\",\"Sanierung\",\"Sozialstaat\",\"Sparpolitik\",\"Ungleichheit\",\"Verm\u00f6genssteuer\"],\"articleSection\":[\"Europa\",\"Meinungen\",\"Politik\",\"Wirtschaft\"],\"inLanguage\":\"de\"},{\"@type\":\"WebPage\",\"@id\":\"https:\/\/www.pressenza.com\/de\/2026\/04\/was-braucht-ein-budget-das-endlich-allen-weh-tut\/\",\"url\":\"https:\/\/www.pressenza.com\/de\/2026\/04\/was-braucht-ein-budget-das-endlich-allen-weh-tut\/\",\"name\":\"Was braucht ein Budget, das endlich \u201callen\u201d weh tut?\",\"isPartOf\":{\"@id\":\"https:\/\/www.pressenza.com\/de\/#website\"},\"primaryImageOfPage\":{\"@id\":\"https:\/\/www.pressenza.com\/de\/2026\/04\/was-braucht-ein-budget-das-endlich-allen-weh-tut\/#primaryimage\"},\"image\":{\"@id\":\"https:\/\/www.pressenza.com\/de\/2026\/04\/was-braucht-ein-budget-das-endlich-allen-weh-tut\/#primaryimage\"},\"thumbnailUrl\":\"https:\/\/www.pressenza.com\/wp-content\/uploads\/2026\/04\/IMG_3576.jpeg\",\"datePublished\":\"2026-04-29T13:48:43+00:00\",\"description\":\"Die Budgetverhandlungen der Regierung waren und sind vermutlich auch in der Detailarbeit noch schwierig. Wieder einmal geistert durch Politik und Medien\",\"breadcrumb\":{\"@id\":\"https:\/\/www.pressenza.com\/de\/2026\/04\/was-braucht-ein-budget-das-endlich-allen-weh-tut\/#breadcrumb\"},\"inLanguage\":\"de\",\"potentialAction\":[{\"@type\":\"ReadAction\",\"target\":[\"https:\/\/www.pressenza.com\/de\/2026\/04\/was-braucht-ein-budget-das-endlich-allen-weh-tut\/\"]}]},{\"@type\":\"ImageObject\",\"inLanguage\":\"de\",\"@id\":\"https:\/\/www.pressenza.com\/de\/2026\/04\/was-braucht-ein-budget-das-endlich-allen-weh-tut\/#primaryimage\",\"url\":\"https:\/\/www.pressenza.com\/wp-content\/uploads\/2026\/04\/IMG_3576.jpeg\",\"contentUrl\":\"https:\/\/www.pressenza.com\/wp-content\/uploads\/2026\/04\/IMG_3576.jpeg\",\"width\":1280,\"height\":853},{\"@type\":\"BreadcrumbList\",\"@id\":\"https:\/\/www.pressenza.com\/de\/2026\/04\/was-braucht-ein-budget-das-endlich-allen-weh-tut\/#breadcrumb\",\"itemListElement\":[{\"@type\":\"ListItem\",\"position\":1,\"name\":\"Accueil\",\"item\":\"https:\/\/www.pressenza.com\/de\/\"},{\"@type\":\"ListItem\",\"position\":2,\"name\":\"Was braucht ein Budget, das endlich \u201callen\u201d weh tut?\"}]},{\"@type\":\"WebSite\",\"@id\":\"https:\/\/www.pressenza.com\/de\/#website\",\"url\":\"https:\/\/www.pressenza.com\/de\/\",\"name\":\"Pressenza\",\"description\":\"International Press Agency\",\"publisher\":{\"@id\":\"https:\/\/www.pressenza.com\/de\/#organization\"},\"potentialAction\":[{\"@type\":\"SearchAction\",\"target\":{\"@type\":\"EntryPoint\",\"urlTemplate\":\"https:\/\/www.pressenza.com\/de\/?s={search_term_string}\"},\"query-input\":{\"@type\":\"PropertyValueSpecification\",\"valueRequired\":true,\"valueName\":\"search_term_string\"}}],\"inLanguage\":\"de\"},{\"@type\":\"Organization\",\"@id\":\"https:\/\/www.pressenza.com\/de\/#organization\",\"name\":\"Pressenza\",\"url\":\"https:\/\/www.pressenza.com\/de\/\",\"logo\":{\"@type\":\"ImageObject\",\"inLanguage\":\"de\",\"@id\":\"https:\/\/www.pressenza.com\/de\/#\/schema\/logo\/image\/\",\"url\":\"https:\/\/www.pressenza.com\/wp-content\/uploads\/2022\/10\/pressenza_logo_200x200.jpg\",\"contentUrl\":\"https:\/\/www.pressenza.com\/wp-content\/uploads\/2022\/10\/pressenza_logo_200x200.jpg\",\"width\":200,\"height\":200,\"caption\":\"Pressenza\"},\"image\":{\"@id\":\"https:\/\/www.pressenza.com\/de\/#\/schema\/logo\/image\/\"},\"sameAs\":[\"https:\/\/www.facebook.com\/PressenzaItalia\",\"https:\/\/x.com\/PressenzaIPA\"]},{\"@type\":\"Person\",\"@id\":\"https:\/\/www.pressenza.com\/de\/#\/schema\/person\/3df859e5bf9b19ab936f666e0177e38b\",\"name\":\"Pressenza Wien\",\"description\":\"News from the Pressenza Bureau in Vienna, Austria\",\"sameAs\":[\"https:\/\/x.com\/pressenza_ger\"],\"url\":\"https:\/\/www.pressenza.com\/de\/author\/pressenza-wien\/\"}]}<\/script>\n<!-- \/ Yoast SEO plugin. -->","yoast_head_json":{"title":"Was braucht ein Budget, das endlich \u201callen\u201d weh tut?","description":"Die Budgetverhandlungen der Regierung waren und sind vermutlich auch in der Detailarbeit noch schwierig. Wieder einmal geistert durch Politik und Medien","robots":{"index":"index","follow":"follow","max-snippet":"max-snippet:-1","max-image-preview":"max-image-preview:large","max-video-preview":"max-video-preview:-1"},"canonical":"https:\/\/www.pressenza.com\/de\/2026\/04\/was-braucht-ein-budget-das-endlich-allen-weh-tut\/","og_locale":"de_DE","og_type":"article","og_title":"Was braucht ein Budget, das endlich \u201callen\u201d weh tut?","og_description":"Die Budgetverhandlungen der Regierung waren und sind vermutlich auch in der Detailarbeit noch schwierig. Wieder einmal geistert durch Politik und Medien","og_url":"https:\/\/www.pressenza.com\/de\/2026\/04\/was-braucht-ein-budget-das-endlich-allen-weh-tut\/","og_site_name":"Pressenza","article_publisher":"https:\/\/www.facebook.com\/PressenzaItalia","article_published_time":"2026-04-29T13:48:43+00:00","og_image":[{"width":1280,"height":853,"url":"https:\/\/www.pressenza.com\/wp-content\/uploads\/2026\/04\/IMG_3576.jpeg","type":"image\/jpeg"}],"author":"Pressenza Wien","twitter_card":"summary_large_image","twitter_creator":"@pressenza_ger","twitter_site":"@PressenzaIPA","twitter_misc":{"Verfasst von":"Pressenza Wien","Gesch\u00e4tzte Lesezeit":"4\u00a0Minuten"},"schema":{"@context":"https:\/\/schema.org","@graph":[{"@type":"Article","@id":"https:\/\/www.pressenza.com\/de\/2026\/04\/was-braucht-ein-budget-das-endlich-allen-weh-tut\/#article","isPartOf":{"@id":"https:\/\/www.pressenza.com\/de\/2026\/04\/was-braucht-ein-budget-das-endlich-allen-weh-tut\/"},"author":{"name":"Pressenza Wien","@id":"https:\/\/www.pressenza.com\/de\/#\/schema\/person\/3df859e5bf9b19ab936f666e0177e38b"},"headline":"Was braucht ein Budget, das endlich \u201callen\u201d weh tut?","datePublished":"2026-04-29T13:48:43+00:00","mainEntityOfPage":{"@id":"https:\/\/www.pressenza.com\/de\/2026\/04\/was-braucht-ein-budget-das-endlich-allen-weh-tut\/"},"wordCount":719,"publisher":{"@id":"https:\/\/www.pressenza.com\/de\/#organization"},"image":{"@id":"https:\/\/www.pressenza.com\/de\/2026\/04\/was-braucht-ein-budget-das-endlich-allen-weh-tut\/#primaryimage"},"thumbnailUrl":"https:\/\/www.pressenza.com\/wp-content\/uploads\/2026\/04\/IMG_3576.jpeg","keywords":["budget","Gesundheitsversorgung","inflation","Sanierung","Sozialstaat","Sparpolitik","Ungleichheit","Verm\u00f6genssteuer"],"articleSection":["Europa","Meinungen","Politik","Wirtschaft"],"inLanguage":"de"},{"@type":"WebPage","@id":"https:\/\/www.pressenza.com\/de\/2026\/04\/was-braucht-ein-budget-das-endlich-allen-weh-tut\/","url":"https:\/\/www.pressenza.com\/de\/2026\/04\/was-braucht-ein-budget-das-endlich-allen-weh-tut\/","name":"Was braucht ein Budget, das endlich \u201callen\u201d weh tut?","isPartOf":{"@id":"https:\/\/www.pressenza.com\/de\/#website"},"primaryImageOfPage":{"@id":"https:\/\/www.pressenza.com\/de\/2026\/04\/was-braucht-ein-budget-das-endlich-allen-weh-tut\/#primaryimage"},"image":{"@id":"https:\/\/www.pressenza.com\/de\/2026\/04\/was-braucht-ein-budget-das-endlich-allen-weh-tut\/#primaryimage"},"thumbnailUrl":"https:\/\/www.pressenza.com\/wp-content\/uploads\/2026\/04\/IMG_3576.jpeg","datePublished":"2026-04-29T13:48:43+00:00","description":"Die Budgetverhandlungen der Regierung waren und sind vermutlich auch in der Detailarbeit noch schwierig. Wieder einmal geistert durch Politik und Medien","breadcrumb":{"@id":"https:\/\/www.pressenza.com\/de\/2026\/04\/was-braucht-ein-budget-das-endlich-allen-weh-tut\/#breadcrumb"},"inLanguage":"de","potentialAction":[{"@type":"ReadAction","target":["https:\/\/www.pressenza.com\/de\/2026\/04\/was-braucht-ein-budget-das-endlich-allen-weh-tut\/"]}]},{"@type":"ImageObject","inLanguage":"de","@id":"https:\/\/www.pressenza.com\/de\/2026\/04\/was-braucht-ein-budget-das-endlich-allen-weh-tut\/#primaryimage","url":"https:\/\/www.pressenza.com\/wp-content\/uploads\/2026\/04\/IMG_3576.jpeg","contentUrl":"https:\/\/www.pressenza.com\/wp-content\/uploads\/2026\/04\/IMG_3576.jpeg","width":1280,"height":853},{"@type":"BreadcrumbList","@id":"https:\/\/www.pressenza.com\/de\/2026\/04\/was-braucht-ein-budget-das-endlich-allen-weh-tut\/#breadcrumb","itemListElement":[{"@type":"ListItem","position":1,"name":"Accueil","item":"https:\/\/www.pressenza.com\/de\/"},{"@type":"ListItem","position":2,"name":"Was braucht ein Budget, das endlich \u201callen\u201d weh tut?"}]},{"@type":"WebSite","@id":"https:\/\/www.pressenza.com\/de\/#website","url":"https:\/\/www.pressenza.com\/de\/","name":"Pressenza","description":"International Press Agency","publisher":{"@id":"https:\/\/www.pressenza.com\/de\/#organization"},"potentialAction":[{"@type":"SearchAction","target":{"@type":"EntryPoint","urlTemplate":"https:\/\/www.pressenza.com\/de\/?s={search_term_string}"},"query-input":{"@type":"PropertyValueSpecification","valueRequired":true,"valueName":"search_term_string"}}],"inLanguage":"de"},{"@type":"Organization","@id":"https:\/\/www.pressenza.com\/de\/#organization","name":"Pressenza","url":"https:\/\/www.pressenza.com\/de\/","logo":{"@type":"ImageObject","inLanguage":"de","@id":"https:\/\/www.pressenza.com\/de\/#\/schema\/logo\/image\/","url":"https:\/\/www.pressenza.com\/wp-content\/uploads\/2022\/10\/pressenza_logo_200x200.jpg","contentUrl":"https:\/\/www.pressenza.com\/wp-content\/uploads\/2022\/10\/pressenza_logo_200x200.jpg","width":200,"height":200,"caption":"Pressenza"},"image":{"@id":"https:\/\/www.pressenza.com\/de\/#\/schema\/logo\/image\/"},"sameAs":["https:\/\/www.facebook.com\/PressenzaItalia","https:\/\/x.com\/PressenzaIPA"]},{"@type":"Person","@id":"https:\/\/www.pressenza.com\/de\/#\/schema\/person\/3df859e5bf9b19ab936f666e0177e38b","name":"Pressenza Wien","description":"News from the Pressenza Bureau in Vienna, Austria","sameAs":["https:\/\/x.com\/pressenza_ger"],"url":"https:\/\/www.pressenza.com\/de\/author\/pressenza-wien\/"}]}},"place":"","original_article_url":"https:\/\/www.moment.at\/story\/budget-nicht-alle-schmerzen\/","_links":{"self":[{"href":"https:\/\/www.pressenza.com\/de\/wp-json\/wp\/v2\/posts\/2696465","targetHints":{"allow":["GET"]}}],"collection":[{"href":"https:\/\/www.pressenza.com\/de\/wp-json\/wp\/v2\/posts"}],"about":[{"href":"https:\/\/www.pressenza.com\/de\/wp-json\/wp\/v2\/types\/post"}],"author":[{"embeddable":true,"href":"https:\/\/www.pressenza.com\/de\/wp-json\/wp\/v2\/users\/1096"}],"replies":[{"embeddable":true,"href":"https:\/\/www.pressenza.com\/de\/wp-json\/wp\/v2\/comments?post=2696465"}],"version-history":[{"count":2,"href":"https:\/\/www.pressenza.com\/de\/wp-json\/wp\/v2\/posts\/2696465\/revisions"}],"predecessor-version":[{"id":2696467,"href":"https:\/\/www.pressenza.com\/de\/wp-json\/wp\/v2\/posts\/2696465\/revisions\/2696467"}],"wp:featuredmedia":[{"embeddable":true,"href":"https:\/\/www.pressenza.com\/de\/wp-json\/wp\/v2\/media\/2696471"}],"wp:attachment":[{"href":"https:\/\/www.pressenza.com\/de\/wp-json\/wp\/v2\/media?parent=2696465"}],"wp:term":[{"taxonomy":"category","embeddable":true,"href":"https:\/\/www.pressenza.com\/de\/wp-json\/wp\/v2\/categories?post=2696465"},{"taxonomy":"post_tag","embeddable":true,"href":"https:\/\/www.pressenza.com\/de\/wp-json\/wp\/v2\/tags?post=2696465"}],"curies":[{"name":"wp","href":"https:\/\/api.w.org\/{rel}","templated":true}]}}