{"id":2696213,"date":"2026-04-28T17:47:04","date_gmt":"2026-04-28T16:47:04","guid":{"rendered":"https:\/\/www.pressenza.com\/?p=2696213"},"modified":"2026-04-28T17:47:04","modified_gmt":"2026-04-28T16:47:04","slug":"das-wettern-der-woche-tschernobyl-nervt","status":"publish","type":"post","link":"https:\/\/www.pressenza.com\/de\/2026\/04\/das-wettern-der-woche-tschernobyl-nervt\/","title":{"rendered":"Das Wettern der Woche: Tschernobyl nervt"},"content":{"rendered":"<p><strong>Keine Frage, dass man auch den links-gr\u00fcn versifften Hirnen eine Sp\u00fclung w\u00fcnschen t\u00e4t&#8216;. Angesichts der miesen Nachrichten aus allen Erdteilen, den bei Lidl und Aldi gehandelten Untergangsszenarien und dem klassen\u00fcbergreifenden politischen Missmut fehlt es den demokratischen Kr\u00e4ften an erholsamen Tiefschlaf. Man wacht erholt auf, spuckt in die H\u00e4nde und packt an.<\/strong><\/p>\n<p>Stattdessen Jammer bei den Geisteswissenschaften: Kein Schwein ruft mich an. Die Ingenieure biegen gleich rechts ab und schw\u00f6ren Stein und Bein, dass es die Technik schon richten wird. Mehr als je leiden die Gesellschaften und ihre Angeh\u00f6rigen heute an Ged\u00e4chtnisverlust, Verwirrtheit und Pers\u00f6nlichkeitsver\u00e4nderungen: Es fehlt an Tiefschlaf, es fehlt an Tagtr\u00e4umen, an \u00dcberzeugungskraft f\u00fcr bessere Zeiten. Kein Wunder bei den Sauereien auf der Welt.<\/p>\n<p><iframe loading=\"lazy\" title=\"Tschernobyl nervt \u2013 Grohmanns &quot;Wettern der Woche&quot;\" width=\"500\" height=\"281\" src=\"https:\/\/www.youtube.com\/embed\/bQ-k-ArTEgw?feature=oembed\" frameborder=\"0\" allow=\"accelerometer; autoplay; clipboard-write; encrypted-media; gyroscope; picture-in-picture; web-share\" referrerpolicy=\"strict-origin-when-cross-origin\" allowfullscreen><\/iframe><\/p>\n<p>Nehmt doch nur mal Tschernobyl \u2013 und jetzt kein Wort zu Fukushima, Harrisburg oder der geologischen Zeitbombe Neckarwestheim: kommt Zeit, kommt Rat. Die M\u00e4nnerpartei AfD etwa \u00fcberwindet die Grenzen alter Milieus und h\u00e4lt die Demokratie auf Abstand, verk\u00fcrzt aber den zur CDU\/CSU. Atomfreunde aller L\u00e4nder, vereinigt euch.<\/p>\n<p>Die Lage in Tschernobyl reicht \u00f6ffentlich-rechtlich eben mal f\u00fcr ein Viertelst\u00fcndchen mit Geiger-Erz\u00e4hler vor Ort. Nach dem Drohneneinschlag vor zwei Jahren steigen die Reparaturkosten f\u00fcr die kaputte Schutzh\u00fclle auf wenigstens 500 Millionen Euro \u2013 halb so viel wie die Sanierung der Stuttgarter Oper. Ein Deal! Skeptiker sehen schwarz:\u00a04 bis 6 Opern, ohne Beleuchtung.<\/p>\n<p>Logisch: Die Ukraine kann den Sarkophag nicht allein stemmen, aber auf der anderen Seite (westw\u00e4rts) kriegen die milieugesch\u00e4digten G7-Staaten ja nicht mal den Arsch hoch, um ausreichend Mittel f\u00fcr Pflegekr\u00e4fte, Altenheime und Krankenh\u00e4user zu generieren. Wie tr\u00f6stlich: Die aktuelle Strahlenbelastung in Deutschland durch Tschernobyl ist noch zu gering f\u00fcr Alarm, aber man wei\u00df: Ein gro\u00dffl\u00e4chiger Schutz in Mitteleuropa gegen eine neue Wolke ist eh sehr schwierig; Experten raten im Notfall zu Tiefschlaf im Endlager.<\/p>\n<p>Meine Omi Glimbzsch spottete schon damals in Zittau\/DDR:\u00a0\u201eAlle 100.000 Jahre ein Atomunfall? Wie schnell doch die Zeit vergeht!\u201c<\/p>\n<p><em><a href=\"https:\/\/www.youtube.com\/channel\/UCIUhugD7UAKv8008QIch1Rw\" target=\"_blank\" rel=\"noopener\">Peter Grohmann\u2019s \u201eWettern der Woche\u201c<\/a><\/em><\/p>\n<p><strong><em>Peter Grohmann ist Kabarettist und Koordinator des B\u00fcrgerprojekts <a href=\"https:\/\/www.die-anstifter.de\/\" target=\"_blank\" rel=\"noopener\">Die AnStifter<\/a>.<\/em><\/strong><\/p>\n","protected":false},"excerpt":{"rendered":"<p>Keine Frage, dass man auch den links-gr\u00fcn versifften Hirnen eine Sp\u00fclung w\u00fcnschen t\u00e4t&#8216;. Angesichts der miesen Nachrichten aus allen Erdteilen, den bei Lidl und Aldi gehandelten Untergangsszenarien und dem klassen\u00fcbergreifenden politischen Missmut fehlt es den demokratischen Kr\u00e4ften an erholsamen Tiefschlaf.&hellip;<\/p>\n","protected":false},"author":2138,"featured_media":2696218,"comment_status":"closed","ping_status":"closed","sticky":false,"template":"","format":"standard","meta":{"footnotes":""},"categories":[9143,9157,11387,27991],"tags":[30368,18942,156047,147889,50599,22226,26452,102467,127816,16239,156046,24808,9293,110690,102468],"class_list":["post-2696213","post","type-post","status-publish","format-standard","has-post-thumbnail","hentry","category-meinungen","category-oekologie-und-umwelt","category-originalinhalt","category-video-de","tag-afd","tag-atomenergie","tag-atomunfaelle","tag-das-wettern-der-woche","tag-energiepolitik","tag-europa-de","tag-fukushima-de","tag-glosse","tag-harrisburg-de","tag-satire-de","tag-strahlenbelastung","tag-tschernobyl","tag-ukraine-de","tag-umweltpolitik","tag-wettern-der-woche"],"yoast_head":"<!-- This site is optimized with the Yoast SEO plugin v27.1.1 - https:\/\/yoast.com\/product\/yoast-seo-wordpress\/ -->\n<title>Das Wettern der Woche: Tschernobyl nervt<\/title>\n<meta name=\"description\" content=\"Keine Frage, dass man auch den links-gr\u00fcn versifften Hirnen eine Sp\u00fclung w\u00fcnschen t\u00e4t&#039;. Angesichts der miesen Nachrichten aus allen Erdteilen, den bei\" \/>\n<meta name=\"robots\" content=\"index, follow, max-snippet:-1, max-image-preview:large, max-video-preview:-1\" \/>\n<link rel=\"canonical\" href=\"https:\/\/www.pressenza.com\/de\/2026\/04\/das-wettern-der-woche-tschernobyl-nervt\/\" \/>\n<meta property=\"og:locale\" content=\"de_DE\" \/>\n<meta property=\"og:type\" content=\"article\" \/>\n<meta property=\"og:title\" content=\"Das Wettern der Woche: Tschernobyl nervt\" \/>\n<meta property=\"og:description\" content=\"Keine Frage, dass man auch den links-gr\u00fcn versifften Hirnen eine Sp\u00fclung w\u00fcnschen t\u00e4t&#039;. Angesichts der miesen Nachrichten aus allen Erdteilen, den bei\" \/>\n<meta property=\"og:url\" content=\"https:\/\/www.pressenza.com\/de\/2026\/04\/das-wettern-der-woche-tschernobyl-nervt\/\" \/>\n<meta property=\"og:site_name\" content=\"Pressenza\" \/>\n<meta property=\"article:publisher\" content=\"https:\/\/www.facebook.com\/PressenzaItalia\" \/>\n<meta property=\"article:published_time\" content=\"2026-04-28T16:47:04+00:00\" \/>\n<meta property=\"og:image\" content=\"https:\/\/www.pressenza.com\/wp-content\/uploads\/2026\/04\/Das-Wettern-der-Woche_Tschernobyl-nervt.jpeg\" \/>\n\t<meta property=\"og:image:width\" content=\"1280\" \/>\n\t<meta property=\"og:image:height\" content=\"720\" \/>\n\t<meta property=\"og:image:type\" content=\"image\/jpeg\" \/>\n<meta name=\"author\" content=\"Peter Grohmann\" \/>\n<meta name=\"twitter:card\" content=\"summary_large_image\" \/>\n<meta name=\"twitter:creator\" content=\"@PressenzaIPA\" \/>\n<meta name=\"twitter:site\" content=\"@PressenzaIPA\" \/>\n<meta name=\"twitter:label1\" content=\"Verfasst von\" \/>\n\t<meta name=\"twitter:data1\" content=\"Peter Grohmann\" \/>\n\t<meta name=\"twitter:label2\" content=\"Gesch\u00e4tzte Lesezeit\" \/>\n\t<meta name=\"twitter:data2\" content=\"3\u00a0Minuten\" \/>\n<script type=\"application\/ld+json\" class=\"yoast-schema-graph\">{\"@context\":\"https:\/\/schema.org\",\"@graph\":[{\"@type\":\"Article\",\"@id\":\"https:\/\/www.pressenza.com\/de\/2026\/04\/das-wettern-der-woche-tschernobyl-nervt\/#article\",\"isPartOf\":{\"@id\":\"https:\/\/www.pressenza.com\/de\/2026\/04\/das-wettern-der-woche-tschernobyl-nervt\/\"},\"author\":{\"name\":\"Peter Grohmann\",\"@id\":\"https:\/\/www.pressenza.com\/de\/#\/schema\/person\/13fbb69602a371248f3199c744d1187e\"},\"headline\":\"Das Wettern der Woche: Tschernobyl nervt\",\"datePublished\":\"2026-04-28T16:47:04+00:00\",\"mainEntityOfPage\":{\"@id\":\"https:\/\/www.pressenza.com\/de\/2026\/04\/das-wettern-der-woche-tschernobyl-nervt\/\"},\"wordCount\":365,\"publisher\":{\"@id\":\"https:\/\/www.pressenza.com\/de\/#organization\"},\"image\":{\"@id\":\"https:\/\/www.pressenza.com\/de\/2026\/04\/das-wettern-der-woche-tschernobyl-nervt\/#primaryimage\"},\"thumbnailUrl\":\"https:\/\/www.pressenza.com\/wp-content\/uploads\/2026\/04\/Das-Wettern-der-Woche_Tschernobyl-nervt.jpeg\",\"keywords\":[\"AfD\",\"Atomenergie\",\"Atomunf\u00e4lle\",\"Das Wettern der Woche\",\"Energiepolitik\",\"Europa\",\"Fukushima\",\"Glosse\",\"Harrisburg\",\"satire\",\"Strahlenbelastung\",\"Tschernobyl\",\"Ukraine\",\"Umweltpolitik\",\"Wettern der Woche\"],\"articleSection\":[\"Meinungen\",\"\u00d6kologie und Umwelt\",\"Originalinhalt\",\"Video\"],\"inLanguage\":\"de\"},{\"@type\":\"WebPage\",\"@id\":\"https:\/\/www.pressenza.com\/de\/2026\/04\/das-wettern-der-woche-tschernobyl-nervt\/\",\"url\":\"https:\/\/www.pressenza.com\/de\/2026\/04\/das-wettern-der-woche-tschernobyl-nervt\/\",\"name\":\"Das Wettern der Woche: Tschernobyl nervt\",\"isPartOf\":{\"@id\":\"https:\/\/www.pressenza.com\/de\/#website\"},\"primaryImageOfPage\":{\"@id\":\"https:\/\/www.pressenza.com\/de\/2026\/04\/das-wettern-der-woche-tschernobyl-nervt\/#primaryimage\"},\"image\":{\"@id\":\"https:\/\/www.pressenza.com\/de\/2026\/04\/das-wettern-der-woche-tschernobyl-nervt\/#primaryimage\"},\"thumbnailUrl\":\"https:\/\/www.pressenza.com\/wp-content\/uploads\/2026\/04\/Das-Wettern-der-Woche_Tschernobyl-nervt.jpeg\",\"datePublished\":\"2026-04-28T16:47:04+00:00\",\"description\":\"Keine Frage, dass man auch den links-gr\u00fcn versifften Hirnen eine Sp\u00fclung w\u00fcnschen t\u00e4t'. Angesichts der miesen Nachrichten aus allen Erdteilen, den bei\",\"breadcrumb\":{\"@id\":\"https:\/\/www.pressenza.com\/de\/2026\/04\/das-wettern-der-woche-tschernobyl-nervt\/#breadcrumb\"},\"inLanguage\":\"de\",\"potentialAction\":[{\"@type\":\"ReadAction\",\"target\":[\"https:\/\/www.pressenza.com\/de\/2026\/04\/das-wettern-der-woche-tschernobyl-nervt\/\"]}]},{\"@type\":\"ImageObject\",\"inLanguage\":\"de\",\"@id\":\"https:\/\/www.pressenza.com\/de\/2026\/04\/das-wettern-der-woche-tschernobyl-nervt\/#primaryimage\",\"url\":\"https:\/\/www.pressenza.com\/wp-content\/uploads\/2026\/04\/Das-Wettern-der-Woche_Tschernobyl-nervt.jpeg\",\"contentUrl\":\"https:\/\/www.pressenza.com\/wp-content\/uploads\/2026\/04\/Das-Wettern-der-Woche_Tschernobyl-nervt.jpeg\",\"width\":1280,\"height\":720,\"caption\":\"Das Wettern der Woche: Tschernobyl nervt\"},{\"@type\":\"BreadcrumbList\",\"@id\":\"https:\/\/www.pressenza.com\/de\/2026\/04\/das-wettern-der-woche-tschernobyl-nervt\/#breadcrumb\",\"itemListElement\":[{\"@type\":\"ListItem\",\"position\":1,\"name\":\"Accueil\",\"item\":\"https:\/\/www.pressenza.com\/de\/\"},{\"@type\":\"ListItem\",\"position\":2,\"name\":\"Das Wettern der Woche: Tschernobyl nervt\"}]},{\"@type\":\"WebSite\",\"@id\":\"https:\/\/www.pressenza.com\/de\/#website\",\"url\":\"https:\/\/www.pressenza.com\/de\/\",\"name\":\"Pressenza\",\"description\":\"International Press Agency\",\"publisher\":{\"@id\":\"https:\/\/www.pressenza.com\/de\/#organization\"},\"potentialAction\":[{\"@type\":\"SearchAction\",\"target\":{\"@type\":\"EntryPoint\",\"urlTemplate\":\"https:\/\/www.pressenza.com\/de\/?s={search_term_string}\"},\"query-input\":{\"@type\":\"PropertyValueSpecification\",\"valueRequired\":true,\"valueName\":\"search_term_string\"}}],\"inLanguage\":\"de\"},{\"@type\":\"Organization\",\"@id\":\"https:\/\/www.pressenza.com\/de\/#organization\",\"name\":\"Pressenza\",\"url\":\"https:\/\/www.pressenza.com\/de\/\",\"logo\":{\"@type\":\"ImageObject\",\"inLanguage\":\"de\",\"@id\":\"https:\/\/www.pressenza.com\/de\/#\/schema\/logo\/image\/\",\"url\":\"https:\/\/www.pressenza.com\/wp-content\/uploads\/2022\/10\/pressenza_logo_200x200.jpg\",\"contentUrl\":\"https:\/\/www.pressenza.com\/wp-content\/uploads\/2022\/10\/pressenza_logo_200x200.jpg\",\"width\":200,\"height\":200,\"caption\":\"Pressenza\"},\"image\":{\"@id\":\"https:\/\/www.pressenza.com\/de\/#\/schema\/logo\/image\/\"},\"sameAs\":[\"https:\/\/www.facebook.com\/PressenzaItalia\",\"https:\/\/x.com\/PressenzaIPA\"]},{\"@type\":\"Person\",\"@id\":\"https:\/\/www.pressenza.com\/de\/#\/schema\/person\/13fbb69602a371248f3199c744d1187e\",\"name\":\"Peter Grohmann\",\"description\":\"(Jahrgang 1937) lebt in Stuttgart, ist Schriftsteller und Kabarettist und arbeitet u.a. f\u00fcr die Wochenzeitung Kontext, de TAZ und diverse andere Medien. Grohmann hat das B\u00fcrgerprojekt Die AnStifter gegr\u00fcndet, heute eine der gro\u00dfen zivilgeellschaftlichen Gruppen mit dem Schwerpunkt \u201egegen Gewalt und Vergessen\u201d. https:\/\/dewiki.de\/Lexikon\/Peter_Grohmann\",\"url\":\"https:\/\/www.pressenza.com\/de\/author\/peter-grohmann\/\"}]}<\/script>\n<!-- \/ Yoast SEO plugin. -->","yoast_head_json":{"title":"Das Wettern der Woche: Tschernobyl nervt","description":"Keine Frage, dass man auch den links-gr\u00fcn versifften Hirnen eine Sp\u00fclung w\u00fcnschen t\u00e4t'. Angesichts der miesen Nachrichten aus allen Erdteilen, den bei","robots":{"index":"index","follow":"follow","max-snippet":"max-snippet:-1","max-image-preview":"max-image-preview:large","max-video-preview":"max-video-preview:-1"},"canonical":"https:\/\/www.pressenza.com\/de\/2026\/04\/das-wettern-der-woche-tschernobyl-nervt\/","og_locale":"de_DE","og_type":"article","og_title":"Das Wettern der Woche: Tschernobyl nervt","og_description":"Keine Frage, dass man auch den links-gr\u00fcn versifften Hirnen eine Sp\u00fclung w\u00fcnschen t\u00e4t'. Angesichts der miesen Nachrichten aus allen Erdteilen, den bei","og_url":"https:\/\/www.pressenza.com\/de\/2026\/04\/das-wettern-der-woche-tschernobyl-nervt\/","og_site_name":"Pressenza","article_publisher":"https:\/\/www.facebook.com\/PressenzaItalia","article_published_time":"2026-04-28T16:47:04+00:00","og_image":[{"width":1280,"height":720,"url":"https:\/\/www.pressenza.com\/wp-content\/uploads\/2026\/04\/Das-Wettern-der-Woche_Tschernobyl-nervt.jpeg","type":"image\/jpeg"}],"author":"Peter Grohmann","twitter_card":"summary_large_image","twitter_creator":"@PressenzaIPA","twitter_site":"@PressenzaIPA","twitter_misc":{"Verfasst von":"Peter Grohmann","Gesch\u00e4tzte Lesezeit":"3\u00a0Minuten"},"schema":{"@context":"https:\/\/schema.org","@graph":[{"@type":"Article","@id":"https:\/\/www.pressenza.com\/de\/2026\/04\/das-wettern-der-woche-tschernobyl-nervt\/#article","isPartOf":{"@id":"https:\/\/www.pressenza.com\/de\/2026\/04\/das-wettern-der-woche-tschernobyl-nervt\/"},"author":{"name":"Peter Grohmann","@id":"https:\/\/www.pressenza.com\/de\/#\/schema\/person\/13fbb69602a371248f3199c744d1187e"},"headline":"Das Wettern der Woche: Tschernobyl nervt","datePublished":"2026-04-28T16:47:04+00:00","mainEntityOfPage":{"@id":"https:\/\/www.pressenza.com\/de\/2026\/04\/das-wettern-der-woche-tschernobyl-nervt\/"},"wordCount":365,"publisher":{"@id":"https:\/\/www.pressenza.com\/de\/#organization"},"image":{"@id":"https:\/\/www.pressenza.com\/de\/2026\/04\/das-wettern-der-woche-tschernobyl-nervt\/#primaryimage"},"thumbnailUrl":"https:\/\/www.pressenza.com\/wp-content\/uploads\/2026\/04\/Das-Wettern-der-Woche_Tschernobyl-nervt.jpeg","keywords":["AfD","Atomenergie","Atomunf\u00e4lle","Das Wettern der Woche","Energiepolitik","Europa","Fukushima","Glosse","Harrisburg","satire","Strahlenbelastung","Tschernobyl","Ukraine","Umweltpolitik","Wettern der Woche"],"articleSection":["Meinungen","\u00d6kologie und Umwelt","Originalinhalt","Video"],"inLanguage":"de"},{"@type":"WebPage","@id":"https:\/\/www.pressenza.com\/de\/2026\/04\/das-wettern-der-woche-tschernobyl-nervt\/","url":"https:\/\/www.pressenza.com\/de\/2026\/04\/das-wettern-der-woche-tschernobyl-nervt\/","name":"Das Wettern der Woche: Tschernobyl nervt","isPartOf":{"@id":"https:\/\/www.pressenza.com\/de\/#website"},"primaryImageOfPage":{"@id":"https:\/\/www.pressenza.com\/de\/2026\/04\/das-wettern-der-woche-tschernobyl-nervt\/#primaryimage"},"image":{"@id":"https:\/\/www.pressenza.com\/de\/2026\/04\/das-wettern-der-woche-tschernobyl-nervt\/#primaryimage"},"thumbnailUrl":"https:\/\/www.pressenza.com\/wp-content\/uploads\/2026\/04\/Das-Wettern-der-Woche_Tschernobyl-nervt.jpeg","datePublished":"2026-04-28T16:47:04+00:00","description":"Keine Frage, dass man auch den links-gr\u00fcn versifften Hirnen eine Sp\u00fclung w\u00fcnschen t\u00e4t'. Angesichts der miesen Nachrichten aus allen Erdteilen, den bei","breadcrumb":{"@id":"https:\/\/www.pressenza.com\/de\/2026\/04\/das-wettern-der-woche-tschernobyl-nervt\/#breadcrumb"},"inLanguage":"de","potentialAction":[{"@type":"ReadAction","target":["https:\/\/www.pressenza.com\/de\/2026\/04\/das-wettern-der-woche-tschernobyl-nervt\/"]}]},{"@type":"ImageObject","inLanguage":"de","@id":"https:\/\/www.pressenza.com\/de\/2026\/04\/das-wettern-der-woche-tschernobyl-nervt\/#primaryimage","url":"https:\/\/www.pressenza.com\/wp-content\/uploads\/2026\/04\/Das-Wettern-der-Woche_Tschernobyl-nervt.jpeg","contentUrl":"https:\/\/www.pressenza.com\/wp-content\/uploads\/2026\/04\/Das-Wettern-der-Woche_Tschernobyl-nervt.jpeg","width":1280,"height":720,"caption":"Das Wettern der Woche: Tschernobyl nervt"},{"@type":"BreadcrumbList","@id":"https:\/\/www.pressenza.com\/de\/2026\/04\/das-wettern-der-woche-tschernobyl-nervt\/#breadcrumb","itemListElement":[{"@type":"ListItem","position":1,"name":"Accueil","item":"https:\/\/www.pressenza.com\/de\/"},{"@type":"ListItem","position":2,"name":"Das Wettern der Woche: Tschernobyl nervt"}]},{"@type":"WebSite","@id":"https:\/\/www.pressenza.com\/de\/#website","url":"https:\/\/www.pressenza.com\/de\/","name":"Pressenza","description":"International Press Agency","publisher":{"@id":"https:\/\/www.pressenza.com\/de\/#organization"},"potentialAction":[{"@type":"SearchAction","target":{"@type":"EntryPoint","urlTemplate":"https:\/\/www.pressenza.com\/de\/?s={search_term_string}"},"query-input":{"@type":"PropertyValueSpecification","valueRequired":true,"valueName":"search_term_string"}}],"inLanguage":"de"},{"@type":"Organization","@id":"https:\/\/www.pressenza.com\/de\/#organization","name":"Pressenza","url":"https:\/\/www.pressenza.com\/de\/","logo":{"@type":"ImageObject","inLanguage":"de","@id":"https:\/\/www.pressenza.com\/de\/#\/schema\/logo\/image\/","url":"https:\/\/www.pressenza.com\/wp-content\/uploads\/2022\/10\/pressenza_logo_200x200.jpg","contentUrl":"https:\/\/www.pressenza.com\/wp-content\/uploads\/2022\/10\/pressenza_logo_200x200.jpg","width":200,"height":200,"caption":"Pressenza"},"image":{"@id":"https:\/\/www.pressenza.com\/de\/#\/schema\/logo\/image\/"},"sameAs":["https:\/\/www.facebook.com\/PressenzaItalia","https:\/\/x.com\/PressenzaIPA"]},{"@type":"Person","@id":"https:\/\/www.pressenza.com\/de\/#\/schema\/person\/13fbb69602a371248f3199c744d1187e","name":"Peter Grohmann","description":"(Jahrgang 1937) lebt in Stuttgart, ist Schriftsteller und Kabarettist und arbeitet u.a. f\u00fcr die Wochenzeitung Kontext, de TAZ und diverse andere Medien. Grohmann hat das B\u00fcrgerprojekt Die AnStifter gegr\u00fcndet, heute eine der gro\u00dfen zivilgeellschaftlichen Gruppen mit dem Schwerpunkt \u201egegen Gewalt und Vergessen\u201d. https:\/\/dewiki.de\/Lexikon\/Peter_Grohmann","url":"https:\/\/www.pressenza.com\/de\/author\/peter-grohmann\/"}]}},"place":"","original_article_url":"","_links":{"self":[{"href":"https:\/\/www.pressenza.com\/de\/wp-json\/wp\/v2\/posts\/2696213","targetHints":{"allow":["GET"]}}],"collection":[{"href":"https:\/\/www.pressenza.com\/de\/wp-json\/wp\/v2\/posts"}],"about":[{"href":"https:\/\/www.pressenza.com\/de\/wp-json\/wp\/v2\/types\/post"}],"author":[{"embeddable":true,"href":"https:\/\/www.pressenza.com\/de\/wp-json\/wp\/v2\/users\/2138"}],"replies":[{"embeddable":true,"href":"https:\/\/www.pressenza.com\/de\/wp-json\/wp\/v2\/comments?post=2696213"}],"version-history":[{"count":3,"href":"https:\/\/www.pressenza.com\/de\/wp-json\/wp\/v2\/posts\/2696213\/revisions"}],"predecessor-version":[{"id":2696220,"href":"https:\/\/www.pressenza.com\/de\/wp-json\/wp\/v2\/posts\/2696213\/revisions\/2696220"}],"wp:featuredmedia":[{"embeddable":true,"href":"https:\/\/www.pressenza.com\/de\/wp-json\/wp\/v2\/media\/2696218"}],"wp:attachment":[{"href":"https:\/\/www.pressenza.com\/de\/wp-json\/wp\/v2\/media?parent=2696213"}],"wp:term":[{"taxonomy":"category","embeddable":true,"href":"https:\/\/www.pressenza.com\/de\/wp-json\/wp\/v2\/categories?post=2696213"},{"taxonomy":"post_tag","embeddable":true,"href":"https:\/\/www.pressenza.com\/de\/wp-json\/wp\/v2\/tags?post=2696213"}],"curies":[{"name":"wp","href":"https:\/\/api.w.org\/{rel}","templated":true}]}}