{"id":2696183,"date":"2026-04-28T17:11:27","date_gmt":"2026-04-28T16:11:27","guid":{"rendered":"https:\/\/www.pressenza.com\/?p=2696183"},"modified":"2026-04-28T17:24:12","modified_gmt":"2026-04-28T16:24:12","slug":"ein-glockenschlag-fuer-den-frieden-weltfrauenfriedenstag-in-berlin","status":"publish","type":"post","link":"https:\/\/www.pressenza.com\/de\/2026\/04\/ein-glockenschlag-fuer-den-frieden-weltfrauenfriedenstag-in-berlin\/","title":{"rendered":"Ein Glockenschlag f\u00fcr den Frieden: Weltfrauenfriedenstag in Berlin"},"content":{"rendered":"<p><strong>Mit gro\u00dfer Freude, inspirierenden Begegnungen und bewegenden Momenten fand am 26. April 2026 an der Weltfriedensglocke im Volkspark Friedrichshain der internationale Weltfrauenfriedenstag statt. Die Veranstaltung wurde von IWPG Berlin Branch organisiert und setzte ein kraftvolles Zeichen f\u00fcr nachhaltigen Frieden, Verst\u00e4ndigung und internationale Solidarit\u00e4t.<\/strong><\/p>\n<p>Zahlreiche G\u00e4ste kamen zusammen, um gemeinsam ein friedliches Miteinander zu feiern und die Bedeutung von Frauen als Gestalterinnen des Friedens hervorzuheben. Die Veranstaltung ber\u00fchrte viele Herzen und machte deutlich, wie sehr sich Menschen nach einer gerechten und friedvollen Zukunft sehnen.<\/p>\n<p>Zu den Mitwirkenden geh\u00f6rten unter anderem Yingyan Cao (Branchleiterin IWPG Berlin), Anja Mewes (Vorsitzende der Friedensglockengesellschaft e.V.), Ute Bella Donner (Malerin, Friedensaktivistin, Aktionsk\u00fcnstlerin f\u00fcr Umbrella Peace Art im Team DonnerHerzig) sowie Gerhard Fuchs-Kittowski (Pr\u00e4sident des Deutschen Friedensrates e.V.), die mit ihren Rede-Beitr\u00e4gen wertvolle Impulse f\u00fcr Frieden, Verantwortung und gesellschaftlichen Zusammenhalt gaben.<\/p>\n<p>Au\u00dferdem wirkte Bernd Mewes mit (Pr\u00e4sidiumsmitglied und Schatzmeister des Deutscher Friedensrat e. V.), indem er in beeindruckender Weise die Glocke erklingen lie\u00df und so symbolisch den Frieden einleitete.<\/p>\n<p>Das vielf\u00e4ltige Programm mit Kunstaktivit\u00e4ten, Informationsst\u00e4nden, Friedensreden und der feierlichen Zeremonie des Glockenschlags schuf eine besondere Atmosph\u00e4re der Hoffnung.<\/p>\n<p>Ein besonderes Highlight war das gemeinsame Singen des Liedes \u201eHeiwa Heiwa Frieden\u201c von Elke Bitterhof. Diese bewegenden Momente verbanden die Teilnehmenden in einem starken Zeichen der Einheit und Friedenssehnsucht.<\/p>\n<p><em>Video <span class=\"ytAttributedStringHost ytAttributedStringWhiteSpacePreWrap\" dir=\"auto\" role=\"text\"><span class=\"ytAttributedStringLinkInheritColor\" dir=\"auto\">aus Anlass der Mahn-und Gedenkveranstaltung zum 70. Jahrestag am 06. 08.201:<\/span><\/span><\/em><\/p>\n<p><iframe loading=\"lazy\" title=\"Heiwa, Heiwa, Frieden - Elke Bitterhof\" width=\"500\" height=\"281\" src=\"https:\/\/www.youtube.com\/embed\/ZZsmBAFogko?feature=oembed\" frameborder=\"0\" allow=\"accelerometer; autoplay; clipboard-write; encrypted-media; gyroscope; picture-in-picture; web-share\" referrerpolicy=\"strict-origin-when-cross-origin\" allowfullscreen><\/iframe><\/p>\n<p>Besucherinnen und Besucher beteiligten sich zudem mit Zeichnungen, Texten und pers\u00f6nlichen Friedensbotschaften. Gro\u00dfen Anklang fand auch das Kunstwerk \u201ePers\u00f6nlichkeiten, die sich dem Frieden gewidmet haben\u201c von Ute Bella Donner.<\/p>\n<p>Die Veranstaltung zeigte eindrucksvoll: Frieden beginnt im Herzen jedes Menschen \u2013 und w\u00e4chst durch gemeinsames Handeln.<\/p>\n<div class=\"post-gallery\">\n\t\t\t<figure class=\"post-gallery-item\">\n\t\t\t\t<img decoding=\"async\" src=\"https:\/\/www.pressenza.com\/wp-content\/uploads\/2026\/04\/Weltfriedentag_1-820x546.jpeg\" loading=\"lazy\">\n\t\t\t\t<figcaption>\n\t\t\t\t\t\n\t\t\t\t<\/figcaption>\n\t\t\t<\/figure>\n\t\t\t<figure class=\"post-gallery-item\">\n\t\t\t\t<img decoding=\"async\" src=\"https:\/\/www.pressenza.com\/wp-content\/uploads\/2026\/04\/Weltfriedentag_2-820x546.jpeg\" loading=\"lazy\">\n\t\t\t\t<figcaption>\n\t\t\t\t\t\n\t\t\t\t<\/figcaption>\n\t\t\t<\/figure>\n\t\t\t<figure class=\"post-gallery-item\">\n\t\t\t\t<img decoding=\"async\" src=\"https:\/\/www.pressenza.com\/wp-content\/uploads\/2026\/04\/Weltfriedentag_3-820x546.jpeg\" loading=\"lazy\">\n\t\t\t\t<figcaption>\n\t\t\t\t\t\n\t\t\t\t<\/figcaption>\n\t\t\t<\/figure>\n\t\t\t<figure class=\"post-gallery-item\">\n\t\t\t\t<img decoding=\"async\" src=\"https:\/\/www.pressenza.com\/wp-content\/uploads\/2026\/04\/WhatsApp-Image-2026-04-27-at-10.00.42-PM-820x546.jpeg\" loading=\"lazy\">\n\t\t\t\t<figcaption>\n\t\t\t\t\t\n\t\t\t\t<\/figcaption>\n\t\t\t<\/figure>\n\t\t\t<figure class=\"post-gallery-item\">\n\t\t\t\t<img decoding=\"async\" src=\"https:\/\/www.pressenza.com\/wp-content\/uploads\/2026\/04\/Weltfriedentag_4-820x546.jpeg\" loading=\"lazy\">\n\t\t\t\t<figcaption>\n\t\t\t\t\t\n\t\t\t\t<\/figcaption>\n\t\t\t<\/figure>\n\t\t\t<figure class=\"post-gallery-item\">\n\t\t\t\t<img decoding=\"async\" src=\"https:\/\/www.pressenza.com\/wp-content\/uploads\/2026\/04\/WhatsApp-Image-2026-04-27-at-10.00.22-PM-820x471.jpeg\" loading=\"lazy\">\n\t\t\t\t<figcaption>\n\t\t\t\t\t\n\t\t\t\t<\/figcaption>\n\t\t\t<\/figure>\n\t\t\t<figure class=\"post-gallery-item\">\n\t\t\t\t<img decoding=\"async\" src=\"https:\/\/www.pressenza.com\/wp-content\/uploads\/2026\/04\/Weltfriedentag_7-820x461.jpeg\" loading=\"lazy\">\n\t\t\t\t<figcaption>\n\t\t\t\t\t\n\t\t\t\t<\/figcaption>\n\t\t\t<\/figure>\n\t\t\t<figure class=\"post-gallery-item\">\n\t\t\t\t<img decoding=\"async\" src=\"https:\/\/www.pressenza.com\/wp-content\/uploads\/2026\/04\/WhatsApp-Image-2026-04-27-at-10.00.22-PM-1-820x569.jpeg\" loading=\"lazy\">\n\t\t\t\t<figcaption>\n\t\t\t\t\t\n\t\t\t\t<\/figcaption>\n\t\t\t<\/figure><\/div>\n","protected":false},"excerpt":{"rendered":"<p>Mit gro\u00dfer Freude, inspirierenden Begegnungen und bewegenden Momenten fand am 26. April 2026 an der Weltfriedensglocke im Volkspark Friedrichshain der internationale Weltfrauenfriedenstag statt. Die Veranstaltung wurde von IWPG Berlin Branch organisiert und setzte ein kraftvolles Zeichen f\u00fcr nachhaltigen Frieden, Verst\u00e4ndigung&hellip;<\/p>\n","protected":false},"author":1095,"featured_media":2696189,"comment_status":"closed","ping_status":"closed","sticky":false,"template":"","format":"standard","meta":{"footnotes":""},"categories":[9150,9167,54510,7835,9145],"tags":[149663,10574,22866,9358,51891,22229,9227,155571,156043,155866,156042,42283],"class_list":["post-2696183","post","type-post","status-publish","format-standard","has-post-thumbnail","hentry","category-europa-de","category-frieden-und-abruestung","category-gender-und-feminismen","category-international-de","category-pressemitteilungen","tag-frauen-und-frieden","tag-berlin-de","tag-friedensarbeit","tag-friedensbewegung","tag-friedenskultur","tag-gewaltfreiheit","tag-gewaltlosigkeit","tag-iwpg","tag-kunst-fuer-frieden","tag-weltfrauenfriedenstag","tag-weltfriedensglocke","tag-zivilgesellschaft"],"yoast_head":"<!-- This site is optimized with the Yoast SEO plugin v27.1.1 - https:\/\/yoast.com\/product\/yoast-seo-wordpress\/ -->\n<title>Ein Glockenschlag f\u00fcr den Frieden: Weltfrauenfriedenstag in Berlin<\/title>\n<meta name=\"description\" content=\"Mit gro\u00dfer Freude, inspirierenden Begegnungen und bewegenden Momenten fand am 26. April 2026 an der Weltfriedensglocke im Volkspark Friedrichshain der\" \/>\n<meta name=\"robots\" content=\"index, follow, max-snippet:-1, max-image-preview:large, max-video-preview:-1\" \/>\n<link rel=\"canonical\" href=\"https:\/\/www.pressenza.com\/de\/2026\/04\/ein-glockenschlag-fuer-den-frieden-weltfrauenfriedenstag-in-berlin\/\" \/>\n<meta property=\"og:locale\" content=\"de_DE\" \/>\n<meta property=\"og:type\" content=\"article\" \/>\n<meta property=\"og:title\" content=\"Ein Glockenschlag f\u00fcr den Frieden: Weltfrauenfriedenstag in Berlin\" \/>\n<meta property=\"og:description\" content=\"Mit gro\u00dfer Freude, inspirierenden Begegnungen und bewegenden Momenten fand am 26. April 2026 an der Weltfriedensglocke im Volkspark Friedrichshain der\" \/>\n<meta property=\"og:url\" content=\"https:\/\/www.pressenza.com\/de\/2026\/04\/ein-glockenschlag-fuer-den-frieden-weltfrauenfriedenstag-in-berlin\/\" \/>\n<meta property=\"og:site_name\" content=\"Pressenza\" \/>\n<meta property=\"article:publisher\" content=\"https:\/\/www.facebook.com\/PressenzaItalia\" \/>\n<meta property=\"article:author\" content=\"https:\/\/www.facebook.com\/Pressenza-Deutschland-sterreich-Schweiz-281675388658060\/timeline\/\" \/>\n<meta property=\"article:published_time\" content=\"2026-04-28T16:11:27+00:00\" \/>\n<meta property=\"article:modified_time\" content=\"2026-04-28T16:24:12+00:00\" \/>\n<meta property=\"og:image\" content=\"https:\/\/www.pressenza.com\/wp-content\/uploads\/2026\/04\/Weltfriedentag_5.jpeg\" \/>\n\t<meta property=\"og:image:width\" content=\"1280\" \/>\n\t<meta property=\"og:image:height\" content=\"853\" \/>\n\t<meta property=\"og:image:type\" content=\"image\/jpeg\" \/>\n<meta name=\"author\" content=\"Pressenza Berlin\" \/>\n<meta name=\"twitter:card\" content=\"summary_large_image\" \/>\n<meta name=\"twitter:creator\" content=\"@pressenza_ger\" \/>\n<meta name=\"twitter:site\" content=\"@PressenzaIPA\" \/>\n<meta name=\"twitter:label1\" content=\"Verfasst von\" \/>\n\t<meta name=\"twitter:data1\" content=\"Pressenza Berlin\" \/>\n\t<meta name=\"twitter:label2\" content=\"Gesch\u00e4tzte Lesezeit\" \/>\n\t<meta name=\"twitter:data2\" content=\"2\u00a0Minuten\" \/>\n<script type=\"application\/ld+json\" class=\"yoast-schema-graph\">{\"@context\":\"https:\/\/schema.org\",\"@graph\":[{\"@type\":\"Article\",\"@id\":\"https:\/\/www.pressenza.com\/de\/2026\/04\/ein-glockenschlag-fuer-den-frieden-weltfrauenfriedenstag-in-berlin\/#article\",\"isPartOf\":{\"@id\":\"https:\/\/www.pressenza.com\/de\/2026\/04\/ein-glockenschlag-fuer-den-frieden-weltfrauenfriedenstag-in-berlin\/\"},\"author\":{\"name\":\"Pressenza Berlin\",\"@id\":\"https:\/\/www.pressenza.com\/de\/#\/schema\/person\/57bb5480943a496a7722b0248e4b658a\"},\"headline\":\"Ein Glockenschlag f\u00fcr den Frieden: Weltfrauenfriedenstag in Berlin\",\"datePublished\":\"2026-04-28T16:11:27+00:00\",\"dateModified\":\"2026-04-28T16:24:12+00:00\",\"mainEntityOfPage\":{\"@id\":\"https:\/\/www.pressenza.com\/de\/2026\/04\/ein-glockenschlag-fuer-den-frieden-weltfrauenfriedenstag-in-berlin\/\"},\"wordCount\":300,\"publisher\":{\"@id\":\"https:\/\/www.pressenza.com\/de\/#organization\"},\"image\":{\"@id\":\"https:\/\/www.pressenza.com\/de\/2026\/04\/ein-glockenschlag-fuer-den-frieden-weltfrauenfriedenstag-in-berlin\/#primaryimage\"},\"thumbnailUrl\":\"https:\/\/www.pressenza.com\/wp-content\/uploads\/2026\/04\/Weltfriedentag_5.jpeg\",\"keywords\":[\"#Frauen und Frieden\",\"Berlin\",\"Friedensarbeit\",\"Friedensbewegung\",\"Friedenskultur\",\"Gewaltfreiheit\",\"Gewaltlosigkeit\",\"IWPG\",\"Kunst f\u00fcr Frieden\",\"Weltfrauenfriedenstag\",\"Weltfriedensglocke\",\"Zivilgesellschaft\"],\"articleSection\":[\"Europa\",\"Frieden und Abr\u00fcstung\",\"Gender und Feminismen\",\"International\",\"Pressemitteilungen\"],\"inLanguage\":\"de\"},{\"@type\":\"WebPage\",\"@id\":\"https:\/\/www.pressenza.com\/de\/2026\/04\/ein-glockenschlag-fuer-den-frieden-weltfrauenfriedenstag-in-berlin\/\",\"url\":\"https:\/\/www.pressenza.com\/de\/2026\/04\/ein-glockenschlag-fuer-den-frieden-weltfrauenfriedenstag-in-berlin\/\",\"name\":\"Ein Glockenschlag f\u00fcr den Frieden: Weltfrauenfriedenstag in Berlin\",\"isPartOf\":{\"@id\":\"https:\/\/www.pressenza.com\/de\/#website\"},\"primaryImageOfPage\":{\"@id\":\"https:\/\/www.pressenza.com\/de\/2026\/04\/ein-glockenschlag-fuer-den-frieden-weltfrauenfriedenstag-in-berlin\/#primaryimage\"},\"image\":{\"@id\":\"https:\/\/www.pressenza.com\/de\/2026\/04\/ein-glockenschlag-fuer-den-frieden-weltfrauenfriedenstag-in-berlin\/#primaryimage\"},\"thumbnailUrl\":\"https:\/\/www.pressenza.com\/wp-content\/uploads\/2026\/04\/Weltfriedentag_5.jpeg\",\"datePublished\":\"2026-04-28T16:11:27+00:00\",\"dateModified\":\"2026-04-28T16:24:12+00:00\",\"description\":\"Mit gro\u00dfer Freude, inspirierenden Begegnungen und bewegenden Momenten fand am 26. April 2026 an der Weltfriedensglocke im Volkspark Friedrichshain der\",\"breadcrumb\":{\"@id\":\"https:\/\/www.pressenza.com\/de\/2026\/04\/ein-glockenschlag-fuer-den-frieden-weltfrauenfriedenstag-in-berlin\/#breadcrumb\"},\"inLanguage\":\"de\",\"potentialAction\":[{\"@type\":\"ReadAction\",\"target\":[\"https:\/\/www.pressenza.com\/de\/2026\/04\/ein-glockenschlag-fuer-den-frieden-weltfrauenfriedenstag-in-berlin\/\"]}]},{\"@type\":\"ImageObject\",\"inLanguage\":\"de\",\"@id\":\"https:\/\/www.pressenza.com\/de\/2026\/04\/ein-glockenschlag-fuer-den-frieden-weltfrauenfriedenstag-in-berlin\/#primaryimage\",\"url\":\"https:\/\/www.pressenza.com\/wp-content\/uploads\/2026\/04\/Weltfriedentag_5.jpeg\",\"contentUrl\":\"https:\/\/www.pressenza.com\/wp-content\/uploads\/2026\/04\/Weltfriedentag_5.jpeg\",\"width\":1280,\"height\":853,\"caption\":\"Ein Glockenschlag f\u00fcr den Frieden: Weltfrauenfriedenstag in Berlin\"},{\"@type\":\"BreadcrumbList\",\"@id\":\"https:\/\/www.pressenza.com\/de\/2026\/04\/ein-glockenschlag-fuer-den-frieden-weltfrauenfriedenstag-in-berlin\/#breadcrumb\",\"itemListElement\":[{\"@type\":\"ListItem\",\"position\":1,\"name\":\"Accueil\",\"item\":\"https:\/\/www.pressenza.com\/de\/\"},{\"@type\":\"ListItem\",\"position\":2,\"name\":\"Ein Glockenschlag f\u00fcr den Frieden: Weltfrauenfriedenstag in Berlin\"}]},{\"@type\":\"WebSite\",\"@id\":\"https:\/\/www.pressenza.com\/de\/#website\",\"url\":\"https:\/\/www.pressenza.com\/de\/\",\"name\":\"Pressenza\",\"description\":\"International Press Agency\",\"publisher\":{\"@id\":\"https:\/\/www.pressenza.com\/de\/#organization\"},\"potentialAction\":[{\"@type\":\"SearchAction\",\"target\":{\"@type\":\"EntryPoint\",\"urlTemplate\":\"https:\/\/www.pressenza.com\/de\/?s={search_term_string}\"},\"query-input\":{\"@type\":\"PropertyValueSpecification\",\"valueRequired\":true,\"valueName\":\"search_term_string\"}}],\"inLanguage\":\"de\"},{\"@type\":\"Organization\",\"@id\":\"https:\/\/www.pressenza.com\/de\/#organization\",\"name\":\"Pressenza\",\"url\":\"https:\/\/www.pressenza.com\/de\/\",\"logo\":{\"@type\":\"ImageObject\",\"inLanguage\":\"de\",\"@id\":\"https:\/\/www.pressenza.com\/de\/#\/schema\/logo\/image\/\",\"url\":\"https:\/\/www.pressenza.com\/wp-content\/uploads\/2022\/10\/pressenza_logo_200x200.jpg\",\"contentUrl\":\"https:\/\/www.pressenza.com\/wp-content\/uploads\/2022\/10\/pressenza_logo_200x200.jpg\",\"width\":200,\"height\":200,\"caption\":\"Pressenza\"},\"image\":{\"@id\":\"https:\/\/www.pressenza.com\/de\/#\/schema\/logo\/image\/\"},\"sameAs\":[\"https:\/\/www.facebook.com\/PressenzaItalia\",\"https:\/\/x.com\/PressenzaIPA\"]},{\"@type\":\"Person\",\"@id\":\"https:\/\/www.pressenza.com\/de\/#\/schema\/person\/57bb5480943a496a7722b0248e4b658a\",\"name\":\"Pressenza Berlin\",\"description\":\"News from the Pressenza Bureau in Berlin, Germany\",\"sameAs\":[\"https:\/\/www.facebook.com\/Pressenza-Deutschland-sterreich-Schweiz-281675388658060\/timeline\/\",\"https:\/\/x.com\/pressenza_ger\"],\"url\":\"https:\/\/www.pressenza.com\/de\/author\/pressenza-berlin\/\"}]}<\/script>\n<!-- \/ Yoast SEO plugin. -->","yoast_head_json":{"title":"Ein Glockenschlag f\u00fcr den Frieden: Weltfrauenfriedenstag in Berlin","description":"Mit gro\u00dfer Freude, inspirierenden Begegnungen und bewegenden Momenten fand am 26. April 2026 an der Weltfriedensglocke im Volkspark Friedrichshain der","robots":{"index":"index","follow":"follow","max-snippet":"max-snippet:-1","max-image-preview":"max-image-preview:large","max-video-preview":"max-video-preview:-1"},"canonical":"https:\/\/www.pressenza.com\/de\/2026\/04\/ein-glockenschlag-fuer-den-frieden-weltfrauenfriedenstag-in-berlin\/","og_locale":"de_DE","og_type":"article","og_title":"Ein Glockenschlag f\u00fcr den Frieden: Weltfrauenfriedenstag in Berlin","og_description":"Mit gro\u00dfer Freude, inspirierenden Begegnungen und bewegenden Momenten fand am 26. April 2026 an der Weltfriedensglocke im Volkspark Friedrichshain der","og_url":"https:\/\/www.pressenza.com\/de\/2026\/04\/ein-glockenschlag-fuer-den-frieden-weltfrauenfriedenstag-in-berlin\/","og_site_name":"Pressenza","article_publisher":"https:\/\/www.facebook.com\/PressenzaItalia","article_author":"https:\/\/www.facebook.com\/Pressenza-Deutschland-sterreich-Schweiz-281675388658060\/timeline\/","article_published_time":"2026-04-28T16:11:27+00:00","article_modified_time":"2026-04-28T16:24:12+00:00","og_image":[{"width":1280,"height":853,"url":"https:\/\/www.pressenza.com\/wp-content\/uploads\/2026\/04\/Weltfriedentag_5.jpeg","type":"image\/jpeg"}],"author":"Pressenza Berlin","twitter_card":"summary_large_image","twitter_creator":"@pressenza_ger","twitter_site":"@PressenzaIPA","twitter_misc":{"Verfasst von":"Pressenza Berlin","Gesch\u00e4tzte Lesezeit":"2\u00a0Minuten"},"schema":{"@context":"https:\/\/schema.org","@graph":[{"@type":"Article","@id":"https:\/\/www.pressenza.com\/de\/2026\/04\/ein-glockenschlag-fuer-den-frieden-weltfrauenfriedenstag-in-berlin\/#article","isPartOf":{"@id":"https:\/\/www.pressenza.com\/de\/2026\/04\/ein-glockenschlag-fuer-den-frieden-weltfrauenfriedenstag-in-berlin\/"},"author":{"name":"Pressenza Berlin","@id":"https:\/\/www.pressenza.com\/de\/#\/schema\/person\/57bb5480943a496a7722b0248e4b658a"},"headline":"Ein Glockenschlag f\u00fcr den Frieden: Weltfrauenfriedenstag in Berlin","datePublished":"2026-04-28T16:11:27+00:00","dateModified":"2026-04-28T16:24:12+00:00","mainEntityOfPage":{"@id":"https:\/\/www.pressenza.com\/de\/2026\/04\/ein-glockenschlag-fuer-den-frieden-weltfrauenfriedenstag-in-berlin\/"},"wordCount":300,"publisher":{"@id":"https:\/\/www.pressenza.com\/de\/#organization"},"image":{"@id":"https:\/\/www.pressenza.com\/de\/2026\/04\/ein-glockenschlag-fuer-den-frieden-weltfrauenfriedenstag-in-berlin\/#primaryimage"},"thumbnailUrl":"https:\/\/www.pressenza.com\/wp-content\/uploads\/2026\/04\/Weltfriedentag_5.jpeg","keywords":["#Frauen und Frieden","Berlin","Friedensarbeit","Friedensbewegung","Friedenskultur","Gewaltfreiheit","Gewaltlosigkeit","IWPG","Kunst f\u00fcr Frieden","Weltfrauenfriedenstag","Weltfriedensglocke","Zivilgesellschaft"],"articleSection":["Europa","Frieden und Abr\u00fcstung","Gender und Feminismen","International","Pressemitteilungen"],"inLanguage":"de"},{"@type":"WebPage","@id":"https:\/\/www.pressenza.com\/de\/2026\/04\/ein-glockenschlag-fuer-den-frieden-weltfrauenfriedenstag-in-berlin\/","url":"https:\/\/www.pressenza.com\/de\/2026\/04\/ein-glockenschlag-fuer-den-frieden-weltfrauenfriedenstag-in-berlin\/","name":"Ein Glockenschlag f\u00fcr den Frieden: Weltfrauenfriedenstag in Berlin","isPartOf":{"@id":"https:\/\/www.pressenza.com\/de\/#website"},"primaryImageOfPage":{"@id":"https:\/\/www.pressenza.com\/de\/2026\/04\/ein-glockenschlag-fuer-den-frieden-weltfrauenfriedenstag-in-berlin\/#primaryimage"},"image":{"@id":"https:\/\/www.pressenza.com\/de\/2026\/04\/ein-glockenschlag-fuer-den-frieden-weltfrauenfriedenstag-in-berlin\/#primaryimage"},"thumbnailUrl":"https:\/\/www.pressenza.com\/wp-content\/uploads\/2026\/04\/Weltfriedentag_5.jpeg","datePublished":"2026-04-28T16:11:27+00:00","dateModified":"2026-04-28T16:24:12+00:00","description":"Mit gro\u00dfer Freude, inspirierenden Begegnungen und bewegenden Momenten fand am 26. April 2026 an der Weltfriedensglocke im Volkspark Friedrichshain der","breadcrumb":{"@id":"https:\/\/www.pressenza.com\/de\/2026\/04\/ein-glockenschlag-fuer-den-frieden-weltfrauenfriedenstag-in-berlin\/#breadcrumb"},"inLanguage":"de","potentialAction":[{"@type":"ReadAction","target":["https:\/\/www.pressenza.com\/de\/2026\/04\/ein-glockenschlag-fuer-den-frieden-weltfrauenfriedenstag-in-berlin\/"]}]},{"@type":"ImageObject","inLanguage":"de","@id":"https:\/\/www.pressenza.com\/de\/2026\/04\/ein-glockenschlag-fuer-den-frieden-weltfrauenfriedenstag-in-berlin\/#primaryimage","url":"https:\/\/www.pressenza.com\/wp-content\/uploads\/2026\/04\/Weltfriedentag_5.jpeg","contentUrl":"https:\/\/www.pressenza.com\/wp-content\/uploads\/2026\/04\/Weltfriedentag_5.jpeg","width":1280,"height":853,"caption":"Ein Glockenschlag f\u00fcr den Frieden: Weltfrauenfriedenstag in Berlin"},{"@type":"BreadcrumbList","@id":"https:\/\/www.pressenza.com\/de\/2026\/04\/ein-glockenschlag-fuer-den-frieden-weltfrauenfriedenstag-in-berlin\/#breadcrumb","itemListElement":[{"@type":"ListItem","position":1,"name":"Accueil","item":"https:\/\/www.pressenza.com\/de\/"},{"@type":"ListItem","position":2,"name":"Ein Glockenschlag f\u00fcr den Frieden: Weltfrauenfriedenstag in Berlin"}]},{"@type":"WebSite","@id":"https:\/\/www.pressenza.com\/de\/#website","url":"https:\/\/www.pressenza.com\/de\/","name":"Pressenza","description":"International Press Agency","publisher":{"@id":"https:\/\/www.pressenza.com\/de\/#organization"},"potentialAction":[{"@type":"SearchAction","target":{"@type":"EntryPoint","urlTemplate":"https:\/\/www.pressenza.com\/de\/?s={search_term_string}"},"query-input":{"@type":"PropertyValueSpecification","valueRequired":true,"valueName":"search_term_string"}}],"inLanguage":"de"},{"@type":"Organization","@id":"https:\/\/www.pressenza.com\/de\/#organization","name":"Pressenza","url":"https:\/\/www.pressenza.com\/de\/","logo":{"@type":"ImageObject","inLanguage":"de","@id":"https:\/\/www.pressenza.com\/de\/#\/schema\/logo\/image\/","url":"https:\/\/www.pressenza.com\/wp-content\/uploads\/2022\/10\/pressenza_logo_200x200.jpg","contentUrl":"https:\/\/www.pressenza.com\/wp-content\/uploads\/2022\/10\/pressenza_logo_200x200.jpg","width":200,"height":200,"caption":"Pressenza"},"image":{"@id":"https:\/\/www.pressenza.com\/de\/#\/schema\/logo\/image\/"},"sameAs":["https:\/\/www.facebook.com\/PressenzaItalia","https:\/\/x.com\/PressenzaIPA"]},{"@type":"Person","@id":"https:\/\/www.pressenza.com\/de\/#\/schema\/person\/57bb5480943a496a7722b0248e4b658a","name":"Pressenza Berlin","description":"News from the Pressenza Bureau in Berlin, Germany","sameAs":["https:\/\/www.facebook.com\/Pressenza-Deutschland-sterreich-Schweiz-281675388658060\/timeline\/","https:\/\/x.com\/pressenza_ger"],"url":"https:\/\/www.pressenza.com\/de\/author\/pressenza-berlin\/"}]}},"place":"","original_article_url":"","_links":{"self":[{"href":"https:\/\/www.pressenza.com\/de\/wp-json\/wp\/v2\/posts\/2696183","targetHints":{"allow":["GET"]}}],"collection":[{"href":"https:\/\/www.pressenza.com\/de\/wp-json\/wp\/v2\/posts"}],"about":[{"href":"https:\/\/www.pressenza.com\/de\/wp-json\/wp\/v2\/types\/post"}],"author":[{"embeddable":true,"href":"https:\/\/www.pressenza.com\/de\/wp-json\/wp\/v2\/users\/1095"}],"replies":[{"embeddable":true,"href":"https:\/\/www.pressenza.com\/de\/wp-json\/wp\/v2\/comments?post=2696183"}],"version-history":[{"count":4,"href":"https:\/\/www.pressenza.com\/de\/wp-json\/wp\/v2\/posts\/2696183\/revisions"}],"predecessor-version":[{"id":2696204,"href":"https:\/\/www.pressenza.com\/de\/wp-json\/wp\/v2\/posts\/2696183\/revisions\/2696204"}],"wp:featuredmedia":[{"embeddable":true,"href":"https:\/\/www.pressenza.com\/de\/wp-json\/wp\/v2\/media\/2696189"}],"wp:attachment":[{"href":"https:\/\/www.pressenza.com\/de\/wp-json\/wp\/v2\/media?parent=2696183"}],"wp:term":[{"taxonomy":"category","embeddable":true,"href":"https:\/\/www.pressenza.com\/de\/wp-json\/wp\/v2\/categories?post=2696183"},{"taxonomy":"post_tag","embeddable":true,"href":"https:\/\/www.pressenza.com\/de\/wp-json\/wp\/v2\/tags?post=2696183"}],"curies":[{"name":"wp","href":"https:\/\/api.w.org\/{rel}","templated":true}]}}