{"id":2696139,"date":"2026-04-28T16:15:21","date_gmt":"2026-04-28T15:15:21","guid":{"rendered":"https:\/\/www.pressenza.com\/?p=2696139"},"modified":"2026-04-28T16:15:21","modified_gmt":"2026-04-28T15:15:21","slug":"ican-deutschland-fordert-klare-signale-fuer-nukleare-abruestung","status":"publish","type":"post","link":"https:\/\/www.pressenza.com\/de\/2026\/04\/ican-deutschland-fordert-klare-signale-fuer-nukleare-abruestung\/","title":{"rendered":"ICAN Deutschland fordert klare Signale f\u00fcr nukleare Abr\u00fcstung"},"content":{"rendered":"<p data-start=\"148\" data-end=\"570\"><strong>Angesichts einer sich zuspitzenden globalen Sicherheitslage kamen die Mitgliedstaaten der Vereinten Nationen in New York zur \u00dcberpr\u00fcfungskonferenz des Nichtverbreitungsvertrags (NVV) zusammen. Mit Spannung wurde das Statement des deutschen Au\u00dfenministers Wadephul erwartet. ICAN Deutschland, vor Ort vertreten, fordert von der Bundesregierung konkrete Schritte hin zur nuklearen Abr\u00fcstung.<\/strong><\/p>\n<p data-start=\"572\" data-end=\"802\">Die Konferenz steht unter au\u00dfergew\u00f6hnlichem Druck: Nukleare Drohungen pr\u00e4gen erneut die internationale Politik, w\u00e4hrend Atomm\u00e4chte ihre Arsenale modernisieren. F\u00fcr ICAN steht der NVV damit vor einer entscheidenden Bew\u00e4hrungsprobe.<\/p>\n<p data-start=\"804\" data-end=\"1145\">\u201eWir k\u00f6nnen uns kein weiteres diplomatisches Scheitern leisten\u201c, erkl\u00e4rt Vorstandsmitglied Janina R\u00fcther. Der Vertrag sei nur so stark wie die Bereitschaft seiner Mitglieder, die in Artikel VI festgeschriebene Abr\u00fcstungsverpflichtung umzusetzen. Deutschland m\u00fcsse dabei eine aktive Vermittlerrolle einnehmen und Abr\u00fcstung st\u00e4rker einfordern.<\/p>\n<p data-start=\"1147\" data-end=\"1429\">Kritisch sieht ICAN Deutschland auch das j\u00fcngste Statement der NATO zur Konferenz. Zwar bekenne sich das B\u00fcndnis zum NVV, lasse jedoch eigene Beitr\u00e4ge zur Abr\u00fcstung weitgehend offen. Dies verdeutliche die Diskrepanz zwischen politischem Anspruch und milit\u00e4rischer Praxis, so R\u00fcther.<\/p>\n<p data-start=\"1431\" data-end=\"1677\">Trotz der angespannten Lage setzt ICAN auf Impulse aus der Konferenz. Sie gilt als eine der wenigen globalen Plattformen f\u00fcr den Dialog \u00fcber nukleare Risiken. Mehr als 150 zivilgesellschaftliche Organisationen begleiten die Verhandlungen vor Ort.<\/p>\n","protected":false},"excerpt":{"rendered":"<p>Angesichts einer sich zuspitzenden globalen Sicherheitslage kamen die Mitgliedstaaten der Vereinten Nationen in New York zur \u00dcberpr\u00fcfungskonferenz des Nichtverbreitungsvertrags (NVV) zusammen. Mit Spannung wurde das Statement des deutschen Au\u00dfenministers Wadephul erwartet. ICAN Deutschland, vor Ort vertreten, fordert von der Bundesregierung&hellip;<\/p>\n","protected":false},"author":1000,"featured_media":2696153,"comment_status":"closed","ping_status":"closed","sticky":false,"template":"","format":"standard","meta":{"footnotes":""},"categories":[9167,9164,9168,9145],"tags":[12506,156039,104199,156038],"class_list":["post-2696139","post","type-post","status-publish","format-standard","has-post-thumbnail","hentry","category-frieden-und-abruestung","category-internationale-angelegenheiten","category-politik","category-pressemitteilungen","tag-atomwaffen","tag-janina-ruether","tag-nichtverbreitungsvertrag","tag-nvv-ueberpruefungskonferenz"],"yoast_head":"<!-- This site is optimized with the Yoast SEO plugin v27.1.1 - https:\/\/yoast.com\/product\/yoast-seo-wordpress\/ -->\n<title>ICAN Deutschland fordert klare Signale f\u00fcr nukleare Abr\u00fcstung<\/title>\n<meta name=\"description\" content=\"Angesichts einer sich zuspitzenden globalen Sicherheitslage kamen die Mitgliedstaaten der Vereinten Nationen in New York zur \u00dcberpr\u00fcfungskonferenz des\" \/>\n<meta name=\"robots\" content=\"index, follow, max-snippet:-1, max-image-preview:large, max-video-preview:-1\" \/>\n<link rel=\"canonical\" href=\"https:\/\/www.pressenza.com\/de\/2026\/04\/ican-deutschland-fordert-klare-signale-fuer-nukleare-abruestung\/\" \/>\n<meta property=\"og:locale\" content=\"de_DE\" \/>\n<meta property=\"og:type\" content=\"article\" \/>\n<meta property=\"og:title\" content=\"ICAN Deutschland fordert klare Signale f\u00fcr nukleare Abr\u00fcstung\" \/>\n<meta property=\"og:description\" content=\"Angesichts einer sich zuspitzenden globalen Sicherheitslage kamen die Mitgliedstaaten der Vereinten Nationen in New York zur \u00dcberpr\u00fcfungskonferenz des\" \/>\n<meta property=\"og:url\" content=\"https:\/\/www.pressenza.com\/de\/2026\/04\/ican-deutschland-fordert-klare-signale-fuer-nukleare-abruestung\/\" \/>\n<meta property=\"og:site_name\" content=\"Pressenza\" \/>\n<meta property=\"article:publisher\" content=\"https:\/\/www.facebook.com\/PressenzaItalia\" \/>\n<meta property=\"article:author\" content=\"https:\/\/www.facebook.com\/icanw.org\" \/>\n<meta property=\"article:published_time\" content=\"2026-04-28T15:15:21+00:00\" \/>\n<meta property=\"og:image\" content=\"https:\/\/www.pressenza.com\/wp-content\/uploads\/2026\/04\/Logo_ICAN.svg_-e1777389136609.png\" \/>\n\t<meta property=\"og:image:width\" content=\"960\" \/>\n\t<meta property=\"og:image:height\" content=\"352\" \/>\n\t<meta property=\"og:image:type\" content=\"image\/png\" \/>\n<meta name=\"author\" content=\"International Campaign to Abolish Nuclear Weapons\" \/>\n<meta name=\"twitter:card\" content=\"summary_large_image\" \/>\n<meta name=\"twitter:creator\" content=\"@nuclearban\" \/>\n<meta name=\"twitter:site\" content=\"@PressenzaIPA\" \/>\n<meta name=\"twitter:label1\" content=\"Verfasst von\" \/>\n\t<meta name=\"twitter:data1\" content=\"International Campaign to Abolish Nuclear Weapons\" \/>\n\t<meta name=\"twitter:label2\" content=\"Gesch\u00e4tzte Lesezeit\" \/>\n\t<meta name=\"twitter:data2\" content=\"2\u00a0Minuten\" \/>\n<script type=\"application\/ld+json\" class=\"yoast-schema-graph\">{\"@context\":\"https:\/\/schema.org\",\"@graph\":[{\"@type\":\"Article\",\"@id\":\"https:\/\/www.pressenza.com\/de\/2026\/04\/ican-deutschland-fordert-klare-signale-fuer-nukleare-abruestung\/#article\",\"isPartOf\":{\"@id\":\"https:\/\/www.pressenza.com\/de\/2026\/04\/ican-deutschland-fordert-klare-signale-fuer-nukleare-abruestung\/\"},\"author\":{\"name\":\"International Campaign to Abolish Nuclear Weapons\",\"@id\":\"https:\/\/www.pressenza.com\/de\/#\/schema\/person\/aa7c55b36390ee5908d729832f09fc22\"},\"headline\":\"ICAN Deutschland fordert klare Signale f\u00fcr nukleare Abr\u00fcstung\",\"datePublished\":\"2026-04-28T15:15:21+00:00\",\"mainEntityOfPage\":{\"@id\":\"https:\/\/www.pressenza.com\/de\/2026\/04\/ican-deutschland-fordert-klare-signale-fuer-nukleare-abruestung\/\"},\"wordCount\":222,\"publisher\":{\"@id\":\"https:\/\/www.pressenza.com\/de\/#organization\"},\"image\":{\"@id\":\"https:\/\/www.pressenza.com\/de\/2026\/04\/ican-deutschland-fordert-klare-signale-fuer-nukleare-abruestung\/#primaryimage\"},\"thumbnailUrl\":\"https:\/\/www.pressenza.com\/wp-content\/uploads\/2026\/04\/Logo_ICAN.svg_-e1777389136609.png\",\"keywords\":[\"Atomwaffen\",\"Janina R\u00fcther\",\"Nichtverbreitungsvertrag\",\"NVV-\u00dcberpr\u00fcfungskonferenz\"],\"articleSection\":[\"Frieden und Abr\u00fcstung\",\"Internationale Angelegenheiten\",\"Politik\",\"Pressemitteilungen\"],\"inLanguage\":\"de\"},{\"@type\":\"WebPage\",\"@id\":\"https:\/\/www.pressenza.com\/de\/2026\/04\/ican-deutschland-fordert-klare-signale-fuer-nukleare-abruestung\/\",\"url\":\"https:\/\/www.pressenza.com\/de\/2026\/04\/ican-deutschland-fordert-klare-signale-fuer-nukleare-abruestung\/\",\"name\":\"ICAN Deutschland fordert klare Signale f\u00fcr nukleare Abr\u00fcstung\",\"isPartOf\":{\"@id\":\"https:\/\/www.pressenza.com\/de\/#website\"},\"primaryImageOfPage\":{\"@id\":\"https:\/\/www.pressenza.com\/de\/2026\/04\/ican-deutschland-fordert-klare-signale-fuer-nukleare-abruestung\/#primaryimage\"},\"image\":{\"@id\":\"https:\/\/www.pressenza.com\/de\/2026\/04\/ican-deutschland-fordert-klare-signale-fuer-nukleare-abruestung\/#primaryimage\"},\"thumbnailUrl\":\"https:\/\/www.pressenza.com\/wp-content\/uploads\/2026\/04\/Logo_ICAN.svg_-e1777389136609.png\",\"datePublished\":\"2026-04-28T15:15:21+00:00\",\"description\":\"Angesichts einer sich zuspitzenden globalen Sicherheitslage kamen die Mitgliedstaaten der Vereinten Nationen in New York zur \u00dcberpr\u00fcfungskonferenz des\",\"breadcrumb\":{\"@id\":\"https:\/\/www.pressenza.com\/de\/2026\/04\/ican-deutschland-fordert-klare-signale-fuer-nukleare-abruestung\/#breadcrumb\"},\"inLanguage\":\"de\",\"potentialAction\":[{\"@type\":\"ReadAction\",\"target\":[\"https:\/\/www.pressenza.com\/de\/2026\/04\/ican-deutschland-fordert-klare-signale-fuer-nukleare-abruestung\/\"]}]},{\"@type\":\"ImageObject\",\"inLanguage\":\"de\",\"@id\":\"https:\/\/www.pressenza.com\/de\/2026\/04\/ican-deutschland-fordert-klare-signale-fuer-nukleare-abruestung\/#primaryimage\",\"url\":\"https:\/\/www.pressenza.com\/wp-content\/uploads\/2026\/04\/Logo_ICAN.svg_-e1777389136609.png\",\"contentUrl\":\"https:\/\/www.pressenza.com\/wp-content\/uploads\/2026\/04\/Logo_ICAN.svg_-e1777389136609.png\",\"width\":960,\"height\":352},{\"@type\":\"BreadcrumbList\",\"@id\":\"https:\/\/www.pressenza.com\/de\/2026\/04\/ican-deutschland-fordert-klare-signale-fuer-nukleare-abruestung\/#breadcrumb\",\"itemListElement\":[{\"@type\":\"ListItem\",\"position\":1,\"name\":\"Accueil\",\"item\":\"https:\/\/www.pressenza.com\/de\/\"},{\"@type\":\"ListItem\",\"position\":2,\"name\":\"ICAN Deutschland fordert klare Signale f\u00fcr nukleare Abr\u00fcstung\"}]},{\"@type\":\"WebSite\",\"@id\":\"https:\/\/www.pressenza.com\/de\/#website\",\"url\":\"https:\/\/www.pressenza.com\/de\/\",\"name\":\"Pressenza\",\"description\":\"International Press Agency\",\"publisher\":{\"@id\":\"https:\/\/www.pressenza.com\/de\/#organization\"},\"potentialAction\":[{\"@type\":\"SearchAction\",\"target\":{\"@type\":\"EntryPoint\",\"urlTemplate\":\"https:\/\/www.pressenza.com\/de\/?s={search_term_string}\"},\"query-input\":{\"@type\":\"PropertyValueSpecification\",\"valueRequired\":true,\"valueName\":\"search_term_string\"}}],\"inLanguage\":\"de\"},{\"@type\":\"Organization\",\"@id\":\"https:\/\/www.pressenza.com\/de\/#organization\",\"name\":\"Pressenza\",\"url\":\"https:\/\/www.pressenza.com\/de\/\",\"logo\":{\"@type\":\"ImageObject\",\"inLanguage\":\"de\",\"@id\":\"https:\/\/www.pressenza.com\/de\/#\/schema\/logo\/image\/\",\"url\":\"https:\/\/www.pressenza.com\/wp-content\/uploads\/2022\/10\/pressenza_logo_200x200.jpg\",\"contentUrl\":\"https:\/\/www.pressenza.com\/wp-content\/uploads\/2022\/10\/pressenza_logo_200x200.jpg\",\"width\":200,\"height\":200,\"caption\":\"Pressenza\"},\"image\":{\"@id\":\"https:\/\/www.pressenza.com\/de\/#\/schema\/logo\/image\/\"},\"sameAs\":[\"https:\/\/www.facebook.com\/PressenzaItalia\",\"https:\/\/x.com\/PressenzaIPA\"]},{\"@type\":\"Person\",\"@id\":\"https:\/\/www.pressenza.com\/de\/#\/schema\/person\/aa7c55b36390ee5908d729832f09fc22\",\"name\":\"International Campaign to Abolish Nuclear Weapons\",\"description\":\"The International Campaign to Abolish Nuclear Weapons (ICAN) is a global campaign coalition working to mobilize people in all countries to inspire, persuade and pressure their governments to initiate negotiations for a treaty banning nuclear weapons. It has 500 partner organizations in 103 countries, and was launched in 2007. www.icanw.org\",\"sameAs\":[\"http:\/\/www.icanw.org\",\"https:\/\/www.facebook.com\/icanw.org\",\"https:\/\/x.com\/nuclearban\"],\"url\":\"https:\/\/www.pressenza.com\/de\/author\/international-campaign-to-abolish-nuclear-weapons\/\"}]}<\/script>\n<!-- \/ Yoast SEO plugin. -->","yoast_head_json":{"title":"ICAN Deutschland fordert klare Signale f\u00fcr nukleare Abr\u00fcstung","description":"Angesichts einer sich zuspitzenden globalen Sicherheitslage kamen die Mitgliedstaaten der Vereinten Nationen in New York zur \u00dcberpr\u00fcfungskonferenz des","robots":{"index":"index","follow":"follow","max-snippet":"max-snippet:-1","max-image-preview":"max-image-preview:large","max-video-preview":"max-video-preview:-1"},"canonical":"https:\/\/www.pressenza.com\/de\/2026\/04\/ican-deutschland-fordert-klare-signale-fuer-nukleare-abruestung\/","og_locale":"de_DE","og_type":"article","og_title":"ICAN Deutschland fordert klare Signale f\u00fcr nukleare Abr\u00fcstung","og_description":"Angesichts einer sich zuspitzenden globalen Sicherheitslage kamen die Mitgliedstaaten der Vereinten Nationen in New York zur \u00dcberpr\u00fcfungskonferenz des","og_url":"https:\/\/www.pressenza.com\/de\/2026\/04\/ican-deutschland-fordert-klare-signale-fuer-nukleare-abruestung\/","og_site_name":"Pressenza","article_publisher":"https:\/\/www.facebook.com\/PressenzaItalia","article_author":"https:\/\/www.facebook.com\/icanw.org","article_published_time":"2026-04-28T15:15:21+00:00","og_image":[{"width":960,"height":352,"url":"https:\/\/www.pressenza.com\/wp-content\/uploads\/2026\/04\/Logo_ICAN.svg_-e1777389136609.png","type":"image\/png"}],"author":"International Campaign to Abolish Nuclear Weapons","twitter_card":"summary_large_image","twitter_creator":"@nuclearban","twitter_site":"@PressenzaIPA","twitter_misc":{"Verfasst von":"International Campaign to Abolish Nuclear Weapons","Gesch\u00e4tzte Lesezeit":"2\u00a0Minuten"},"schema":{"@context":"https:\/\/schema.org","@graph":[{"@type":"Article","@id":"https:\/\/www.pressenza.com\/de\/2026\/04\/ican-deutschland-fordert-klare-signale-fuer-nukleare-abruestung\/#article","isPartOf":{"@id":"https:\/\/www.pressenza.com\/de\/2026\/04\/ican-deutschland-fordert-klare-signale-fuer-nukleare-abruestung\/"},"author":{"name":"International Campaign to Abolish Nuclear Weapons","@id":"https:\/\/www.pressenza.com\/de\/#\/schema\/person\/aa7c55b36390ee5908d729832f09fc22"},"headline":"ICAN Deutschland fordert klare Signale f\u00fcr nukleare Abr\u00fcstung","datePublished":"2026-04-28T15:15:21+00:00","mainEntityOfPage":{"@id":"https:\/\/www.pressenza.com\/de\/2026\/04\/ican-deutschland-fordert-klare-signale-fuer-nukleare-abruestung\/"},"wordCount":222,"publisher":{"@id":"https:\/\/www.pressenza.com\/de\/#organization"},"image":{"@id":"https:\/\/www.pressenza.com\/de\/2026\/04\/ican-deutschland-fordert-klare-signale-fuer-nukleare-abruestung\/#primaryimage"},"thumbnailUrl":"https:\/\/www.pressenza.com\/wp-content\/uploads\/2026\/04\/Logo_ICAN.svg_-e1777389136609.png","keywords":["Atomwaffen","Janina R\u00fcther","Nichtverbreitungsvertrag","NVV-\u00dcberpr\u00fcfungskonferenz"],"articleSection":["Frieden und Abr\u00fcstung","Internationale Angelegenheiten","Politik","Pressemitteilungen"],"inLanguage":"de"},{"@type":"WebPage","@id":"https:\/\/www.pressenza.com\/de\/2026\/04\/ican-deutschland-fordert-klare-signale-fuer-nukleare-abruestung\/","url":"https:\/\/www.pressenza.com\/de\/2026\/04\/ican-deutschland-fordert-klare-signale-fuer-nukleare-abruestung\/","name":"ICAN Deutschland fordert klare Signale f\u00fcr nukleare Abr\u00fcstung","isPartOf":{"@id":"https:\/\/www.pressenza.com\/de\/#website"},"primaryImageOfPage":{"@id":"https:\/\/www.pressenza.com\/de\/2026\/04\/ican-deutschland-fordert-klare-signale-fuer-nukleare-abruestung\/#primaryimage"},"image":{"@id":"https:\/\/www.pressenza.com\/de\/2026\/04\/ican-deutschland-fordert-klare-signale-fuer-nukleare-abruestung\/#primaryimage"},"thumbnailUrl":"https:\/\/www.pressenza.com\/wp-content\/uploads\/2026\/04\/Logo_ICAN.svg_-e1777389136609.png","datePublished":"2026-04-28T15:15:21+00:00","description":"Angesichts einer sich zuspitzenden globalen Sicherheitslage kamen die Mitgliedstaaten der Vereinten Nationen in New York zur \u00dcberpr\u00fcfungskonferenz des","breadcrumb":{"@id":"https:\/\/www.pressenza.com\/de\/2026\/04\/ican-deutschland-fordert-klare-signale-fuer-nukleare-abruestung\/#breadcrumb"},"inLanguage":"de","potentialAction":[{"@type":"ReadAction","target":["https:\/\/www.pressenza.com\/de\/2026\/04\/ican-deutschland-fordert-klare-signale-fuer-nukleare-abruestung\/"]}]},{"@type":"ImageObject","inLanguage":"de","@id":"https:\/\/www.pressenza.com\/de\/2026\/04\/ican-deutschland-fordert-klare-signale-fuer-nukleare-abruestung\/#primaryimage","url":"https:\/\/www.pressenza.com\/wp-content\/uploads\/2026\/04\/Logo_ICAN.svg_-e1777389136609.png","contentUrl":"https:\/\/www.pressenza.com\/wp-content\/uploads\/2026\/04\/Logo_ICAN.svg_-e1777389136609.png","width":960,"height":352},{"@type":"BreadcrumbList","@id":"https:\/\/www.pressenza.com\/de\/2026\/04\/ican-deutschland-fordert-klare-signale-fuer-nukleare-abruestung\/#breadcrumb","itemListElement":[{"@type":"ListItem","position":1,"name":"Accueil","item":"https:\/\/www.pressenza.com\/de\/"},{"@type":"ListItem","position":2,"name":"ICAN Deutschland fordert klare Signale f\u00fcr nukleare Abr\u00fcstung"}]},{"@type":"WebSite","@id":"https:\/\/www.pressenza.com\/de\/#website","url":"https:\/\/www.pressenza.com\/de\/","name":"Pressenza","description":"International Press Agency","publisher":{"@id":"https:\/\/www.pressenza.com\/de\/#organization"},"potentialAction":[{"@type":"SearchAction","target":{"@type":"EntryPoint","urlTemplate":"https:\/\/www.pressenza.com\/de\/?s={search_term_string}"},"query-input":{"@type":"PropertyValueSpecification","valueRequired":true,"valueName":"search_term_string"}}],"inLanguage":"de"},{"@type":"Organization","@id":"https:\/\/www.pressenza.com\/de\/#organization","name":"Pressenza","url":"https:\/\/www.pressenza.com\/de\/","logo":{"@type":"ImageObject","inLanguage":"de","@id":"https:\/\/www.pressenza.com\/de\/#\/schema\/logo\/image\/","url":"https:\/\/www.pressenza.com\/wp-content\/uploads\/2022\/10\/pressenza_logo_200x200.jpg","contentUrl":"https:\/\/www.pressenza.com\/wp-content\/uploads\/2022\/10\/pressenza_logo_200x200.jpg","width":200,"height":200,"caption":"Pressenza"},"image":{"@id":"https:\/\/www.pressenza.com\/de\/#\/schema\/logo\/image\/"},"sameAs":["https:\/\/www.facebook.com\/PressenzaItalia","https:\/\/x.com\/PressenzaIPA"]},{"@type":"Person","@id":"https:\/\/www.pressenza.com\/de\/#\/schema\/person\/aa7c55b36390ee5908d729832f09fc22","name":"International Campaign to Abolish Nuclear Weapons","description":"The International Campaign to Abolish Nuclear Weapons (ICAN) is a global campaign coalition working to mobilize people in all countries to inspire, persuade and pressure their governments to initiate negotiations for a treaty banning nuclear weapons. It has 500 partner organizations in 103 countries, and was launched in 2007. www.icanw.org","sameAs":["http:\/\/www.icanw.org","https:\/\/www.facebook.com\/icanw.org","https:\/\/x.com\/nuclearban"],"url":"https:\/\/www.pressenza.com\/de\/author\/international-campaign-to-abolish-nuclear-weapons\/"}]}},"place":"New York","original_article_url":"https:\/\/www.icanw.de\/neuigkeiten\/pm-beginn-der-nvv-ueberpruefungskonferenz-in-new-york\/","_links":{"self":[{"href":"https:\/\/www.pressenza.com\/de\/wp-json\/wp\/v2\/posts\/2696139","targetHints":{"allow":["GET"]}}],"collection":[{"href":"https:\/\/www.pressenza.com\/de\/wp-json\/wp\/v2\/posts"}],"about":[{"href":"https:\/\/www.pressenza.com\/de\/wp-json\/wp\/v2\/types\/post"}],"author":[{"embeddable":true,"href":"https:\/\/www.pressenza.com\/de\/wp-json\/wp\/v2\/users\/1000"}],"replies":[{"embeddable":true,"href":"https:\/\/www.pressenza.com\/de\/wp-json\/wp\/v2\/comments?post=2696139"}],"version-history":[{"count":1,"href":"https:\/\/www.pressenza.com\/de\/wp-json\/wp\/v2\/posts\/2696139\/revisions"}],"predecessor-version":[{"id":2696145,"href":"https:\/\/www.pressenza.com\/de\/wp-json\/wp\/v2\/posts\/2696139\/revisions\/2696145"}],"wp:featuredmedia":[{"embeddable":true,"href":"https:\/\/www.pressenza.com\/de\/wp-json\/wp\/v2\/media\/2696153"}],"wp:attachment":[{"href":"https:\/\/www.pressenza.com\/de\/wp-json\/wp\/v2\/media?parent=2696139"}],"wp:term":[{"taxonomy":"category","embeddable":true,"href":"https:\/\/www.pressenza.com\/de\/wp-json\/wp\/v2\/categories?post=2696139"},{"taxonomy":"post_tag","embeddable":true,"href":"https:\/\/www.pressenza.com\/de\/wp-json\/wp\/v2\/tags?post=2696139"}],"curies":[{"name":"wp","href":"https:\/\/api.w.org\/{rel}","templated":true}]}}