{"id":2696131,"date":"2026-04-28T15:51:41","date_gmt":"2026-04-28T14:51:41","guid":{"rendered":"https:\/\/www.pressenza.com\/?p=2696131"},"modified":"2026-04-28T15:51:41","modified_gmt":"2026-04-28T14:51:41","slug":"eine-konferenz-in-berlin-koennte-der-auftakt-fuer-eine-laengere-kampagne-werden-widerstand-gegen-big-tech-geht-nicht-ohne-die-dort-beschaeftigten","status":"publish","type":"post","link":"https:\/\/www.pressenza.com\/de\/2026\/04\/eine-konferenz-in-berlin-koennte-der-auftakt-fuer-eine-laengere-kampagne-werden-widerstand-gegen-big-tech-geht-nicht-ohne-die-dort-beschaeftigten\/","title":{"rendered":"Eine Konferenz in Berlin k\u00f6nnte der Auftakt f\u00fcr eine l\u00e4ngere Kampagne werden &#8211; Widerstand gegen Big-Tech geht nicht ohne die dort Besch\u00e4ftigten"},"content":{"rendered":"<p>Vom 10.- 12. April tagte in Berlin die Konferenz Cable of Residenz. Fast 1000 Menschen aus ganz Deutschland und anderen L\u00e4ndern beteiligten sich daran. Die Konferenzorganisator*innen trafen mit ihrem Motto \u201eWir haben genug von Big Tech\u201c den Nerv von vielen Menschen.<\/p>\n<p>Drei Tage lang diskutierten auf der Konferenz Gewerkschafter*innen, Besch\u00e4ftigte von Big Tech, w\u00fctende Mietrebell*innen sowie Klimaaktivist*innen miteinander. Auf der Konferenz kamen in den unterschiedlichen Foren und Paneels Menschen zu Wort, die die in den Tech-Firmen ihre Lohnarbeit verkaufen.<\/p>\n<h2><strong>Wenn Tik-Tok-Besch\u00e4ftigte streiken<\/strong><\/h2>\n<p>Dazu geh\u00f6rt Sonthaya Etschenberg, die eine wichtige Rolle beim Streik der Content-Moderatoren im letzten Jahr gespielt hat. Sie wollten verhindern, dass ihre Arbeit durch K\u00fcnstliche Intelligenz ersetzt wird. Obwohl der Streik nicht erfolgreich war, hat Etschenberg ihren Optimismus nicht verloren. \u201eArbeiterinnen und Arbeiter, die vorher v\u00f6llig angepasst waren, wurden bald so w\u00fctend, dass sie am liebsten den Betrieb anz\u00fcnden wollten\u201c, brachte Etschenberg die Ver\u00e4nderungen auf den Punkt, die der Arbeitskampf bei ihren Kolleg*innen bewirkte. Sie gab sich \u00fcberzeugt, dass es in Zukunft noch h\u00e4ufiger solche Arbeitsk\u00e4mpfe in der Big-Tech-Branche geben wird.<\/p>\n<p>Die f\u00fcr diese Branche zust\u00e4ndige Berliner IG-Metall-Sekret\u00e4rin Sabrina Lamers benannte auch die Probleme, mit denen renitente Besch\u00e4ftigte in der Tech-Branche konfrontiert sind. Ein besonders anschauliches Beispiel waren die Betriebsratswahlen in der Tesla-Fabrik bei Gr\u00fcnheide vor einigen Wochen. Das Management machte deutlich, dass sie die eine Mehrheit f\u00fcr die IG-Metall-Betriebsratsliste unter allen Umst\u00e4nden verhindert werden sollte. Die IG-Metall wurde bek\u00e4mpft wie eine feindliche linke Organisation. So wurde ein IG-Metall-Sekret\u00e4r mit der Polizei aus dem Werk entfernt. Die Union-Busting-Aktionen hatten Erfolg. Die IG-Metall-Liste verlor an Stimmen, eine unternehmernahe Liste gewann. Jetzt wird das Ergebnis vom Arbeitsgericht \u00fcberpr\u00fcft<\/p>\n<p>Doch auff\u00e4llig war, dass es wenig Proteste gegen die wochenlange Kampagne Union-Busting-Kampagne gegen die IG-Metall in Deutschland gab. Dabei wurde im Tesla-Werk das gewerkschaftsfeindliche Drehbuch eines Elon Musk in die Praxis umgesetzt Vor einigen Monaten gab es noch auch in verschiedenen St\u00e4dten hierzulande Aktionen Proteste gegen Tesla-Filialen. Damals stand Musk noch als Mann mit der Kettens\u00e4ge im Dienste von Trump. Nach einer als Hitlergru\u00df interpretierten Armbewegung war vielen klar, dass Musik ein Nazi ist.<\/p>\n<p>Merkw\u00fcrdig nur, dass die Union-Busting-Methoden, die weniger Interpretationskraft als eine Armbewegung bed\u00fcrfen, auf wenig Emp\u00f6rung stie\u00df. Das zeigte sich auch in einem Interview, dass zwei Konferenz-Organisator*innen am 10. April mit der Zeitung nd. Die Woche f\u00fchrte. Da wurde neben vielen anderen Protesten auch die Tesla-Fabrik in Gr\u00fcnau erw\u00e4hnt: Dabei ist aufgefallen, dass die Union-Busting-Aktionen gegen die IG-Metall im Vorfeld der Betriebsratswahl gar nicht erw\u00e4hnt wird.<\/p>\n<p>Es hei\u00dft dort vielmehr zu Tesla: \u201eGerade in Brandenburg war die Erz\u00e4hlung in der Politik stark, dass die Elektroautos von Tesla eigentlich in eine \u00f6kologische Zukunft geh\u00f6ren, obwohl Tesla das Unternehmen eines faschistischen Milliard\u00e4rs ist und Elektroautos nicht der Weg in eine klimagerechte Zukunft sind\u201c. Da zeigt sich mal wieder, dass dort wo starke Adjektive wie faschistisch auftreten, noch lange nicht die realen arbeiter*innen und gewerkschaftsfeindlichen Aktionen von Tesla benannt werden.<\/p>\n<h2><strong>Wenn so viel von Faschismus und so wenig von Kapitalismus die Rede ist<\/strong><\/h2>\n<p>Da wird schnell ein Gegensatz zwischen Faschismus versus Demokratie hergestellt. Das wird besonders deutlich in einem Beitrag des in M\u00fcnster lehrenden Philosophen Rainer M\u00fchlhoff. In dem Beitrag ist viel g vom Faschismus in Bezug auf Musk und Co. die Rede, aber so gut wie nie vom Kapitalismus. Dabei w\u00fcrden die von M\u00fchlhoff genannten Kritikpunkte, die er als faschistisch bezeichnet, auf fast alle gr\u00f6\u00dferen kapitalistischen Unternehmen zutreffen und haben historisch auf verschiedene Formationen des Kapitalismus zugetroffen.<\/p>\n<p>Was aktuell die Big-Tech-Branche ist, war einmal die Metall- oder die Autoindustrie. Alle Kapitaleigent\u00fcmer haben ihre Machtinstrumente, einschlie\u00dflich des Faschismus, genutzt, um ihre Profite zu erh\u00f6hen. Aktuell kann man Tech-Milliard\u00e4ren wie Musk das gleiche vorwerfen. Doch es ist politisch fatal, wenn man das Agieren von Musk und Co. unter das Pr\u00e4dikat Faschismus stellt und die Kritik am Kapitalismus vergisst. Das wird besonders bei den politischen Konsequenzen deutlich, die M\u00fchldorff im ND-Beitrag vorschl\u00e4gt:<\/p>\n<p>\u201eGegen den neuen Faschismus zu k\u00e4mpfen, bedeutet daher, einander den Wert der freiheitlichen Rechtsordnung und der Demokratie in einer globalisierten Welt zu vermitteln und zu verteidigen. Auch und besonders dadurch, dass diejenigen klar benannt werden, die diese Ordnung angreifen und abschaffen wollen. Keine Institution unseres Gemeinwesens sollte sich auf eine Position der vermeintlichen politischen Neutralit\u00e4t berufen, wenn es um die Frage von Demokratie oder Antidemokratie geht.\u201c Rainer M\u00fchldorff, Neues Deutschland<\/p>\n<h2><strong>Wenn die fdgo beschworen wird<\/strong><\/h2>\n<p>Da wird dann genau jene freiheitlich-demokratische Grundordnung beschworen, die seit Jahrzehnten in Deutschland die Rahmen f\u00fcr die Durchsetzung der kapitalistischen Profitordnung darstellt. Viele der auf der Cable of Residenz benannten gewerkschafts- und arbeiter*innenfeindlichen Aktionen werden durch diese fdgo nicht verhindert. Vielmehr gibt es dort h\u00f6chstens einige Regularien, die auch als Erfolge der K\u00e4mpfe der Besch\u00e4ftigten und ihrer Gewerkschaften gelten k\u00f6nnen. Es ist gut, dass wir auf der Konferenz viel von den K\u00e4mpfen der Arbeiter*innen in der Branche h\u00f6rten, dass sie auf vielen Paneelen selber zu Wort kamen.<\/p>\n<p>Genau hierin besteht der gro\u00dfe Pluspunkt der Konferenz und hierin besteht auch die Perspektive. Der Protest gegen die Big-Tech-Branche kann nur als antikapitalistischer Kampf gemeinsam mit den Besch\u00e4ftigten erfolgreich sein, wie die Publizistin Nina Scholz in ihrem Eingangsreferat auf der Auftaktveranstaltung betonte. Dann verbietet sich auch jede Romantisierung eines Kapitalismus fr\u00fcherer Phasen.<\/p>\n<p>Die Big-Tech-Branche hat vielmehr die Rolle \u00fcbernommen, die vor Jahrzehnten die Kohlezechen und die Automobilindustrie hatten. Wie damals ist auch heute der Kampf der dort Besch\u00e4ftigten der Schl\u00fcssel f\u00fcr den Erfolg. Dass dieser Grundsatz zumindest auf der Konferenz unumstritten war, weckt Hoffnungen. Es w\u00e4re ein enormer R\u00fcckschritt, wenn der Kampf gegen Big Tech auf die Erz\u00e4hlung Demokratie versus Faschismus verengt und damit im Sinne von M\u00fchldorff als Kampf f\u00fcr die fdgo eingehegt w\u00fcrde.<\/p>\n<p style=\"text-align: right;\"><a href=\"https:\/\/www.untergrund-bl\u00e4ttle.ch\/autorinnen\/?q=Peter+Nowak\" target=\"_blank\" rel=\"noopener\">Peter Nowak<\/a><\/p>\n<p>&nbsp;<\/p>\n<p>&nbsp;<\/p>\n","protected":false},"excerpt":{"rendered":"<p>Vom 10.- 12. April tagte in Berlin die Konferenz Cable of Residenz. Fast 1000 Menschen aus ganz Deutschland und anderen L\u00e4ndern beteiligten sich daran. Die Konferenzorganisator*innen trafen mit ihrem Motto \u201eWir haben genug von Big Tech\u201c den Nerv von vielen&hellip;<\/p>\n","protected":false},"author":1556,"featured_media":2696140,"comment_status":"closed","ping_status":"closed","sticky":false,"template":"","format":"standard","meta":{"footnotes":""},"categories":[9150,9158,9169],"tags":[91894,9182,121336],"class_list":["post-2696131","post","type-post","status-publish","format-standard","has-post-thumbnail","hentry","category-europa-de","category-wirtschaft","category-wissenschaft-und-technologie","tag-bigtech","tag-deutschland","tag-streiks"],"yoast_head":"<!-- This site is optimized with the Yoast SEO plugin v27.1.1 - https:\/\/yoast.com\/product\/yoast-seo-wordpress\/ -->\n<title>Eine Konferenz in Berlin k\u00f6nnte der Auftakt f\u00fcr eine l\u00e4ngere Kampagne werden - Widerstand gegen Big-Tech geht nicht ohne die dort Besch\u00e4ftigten<\/title>\n<meta name=\"description\" content=\"Vom 10.- 12. April tagte in Berlin die Konferenz Cable of Residenz. Fast 1000 Menschen aus ganz Deutschland und anderen L\u00e4ndern beteiligten sich daran.\" \/>\n<meta name=\"robots\" content=\"index, follow, max-snippet:-1, max-image-preview:large, max-video-preview:-1\" \/>\n<link rel=\"canonical\" href=\"https:\/\/www.pressenza.com\/de\/2026\/04\/eine-konferenz-in-berlin-koennte-der-auftakt-fuer-eine-laengere-kampagne-werden-widerstand-gegen-big-tech-geht-nicht-ohne-die-dort-beschaeftigten\/\" \/>\n<meta property=\"og:locale\" content=\"de_DE\" \/>\n<meta property=\"og:type\" content=\"article\" \/>\n<meta property=\"og:title\" content=\"Eine Konferenz in Berlin k\u00f6nnte der Auftakt f\u00fcr eine l\u00e4ngere Kampagne werden - Widerstand gegen Big-Tech geht nicht ohne die dort Besch\u00e4ftigten\" \/>\n<meta property=\"og:description\" content=\"Vom 10.- 12. April tagte in Berlin die Konferenz Cable of Residenz. Fast 1000 Menschen aus ganz Deutschland und anderen L\u00e4ndern beteiligten sich daran.\" \/>\n<meta property=\"og:url\" content=\"https:\/\/www.pressenza.com\/de\/2026\/04\/eine-konferenz-in-berlin-koennte-der-auftakt-fuer-eine-laengere-kampagne-werden-widerstand-gegen-big-tech-geht-nicht-ohne-die-dort-beschaeftigten\/\" \/>\n<meta property=\"og:site_name\" content=\"Pressenza\" \/>\n<meta property=\"article:publisher\" content=\"https:\/\/www.facebook.com\/PressenzaItalia\" \/>\n<meta property=\"article:published_time\" content=\"2026-04-28T14:51:41+00:00\" \/>\n<meta property=\"og:image\" content=\"https:\/\/www.pressenza.com\/wp-content\/uploads\/2026\/04\/Peha-Banquet-Degooglisons-CC-By_w.webp\" \/>\n\t<meta property=\"og:image:width\" content=\"912\" \/>\n\t<meta property=\"og:image:height\" content=\"623\" \/>\n\t<meta property=\"og:image:type\" content=\"image\/webp\" \/>\n<meta name=\"author\" content=\"Untergrund-Bl\u00e4ttle\" \/>\n<meta name=\"twitter:card\" content=\"summary_large_image\" \/>\n<meta name=\"twitter:creator\" content=\"@PressenzaIPA\" \/>\n<meta name=\"twitter:site\" content=\"@PressenzaIPA\" \/>\n<meta name=\"twitter:label1\" content=\"Verfasst von\" \/>\n\t<meta name=\"twitter:data1\" content=\"Untergrund-Bl\u00e4ttle\" \/>\n\t<meta name=\"twitter:label2\" content=\"Gesch\u00e4tzte Lesezeit\" \/>\n\t<meta name=\"twitter:data2\" content=\"6\u00a0Minuten\" \/>\n<script type=\"application\/ld+json\" class=\"yoast-schema-graph\">{\"@context\":\"https:\/\/schema.org\",\"@graph\":[{\"@type\":\"Article\",\"@id\":\"https:\/\/www.pressenza.com\/de\/2026\/04\/eine-konferenz-in-berlin-koennte-der-auftakt-fuer-eine-laengere-kampagne-werden-widerstand-gegen-big-tech-geht-nicht-ohne-die-dort-beschaeftigten\/#article\",\"isPartOf\":{\"@id\":\"https:\/\/www.pressenza.com\/de\/2026\/04\/eine-konferenz-in-berlin-koennte-der-auftakt-fuer-eine-laengere-kampagne-werden-widerstand-gegen-big-tech-geht-nicht-ohne-die-dort-beschaeftigten\/\"},\"author\":{\"name\":\"Untergrund-Bl\u00e4ttle\",\"@id\":\"https:\/\/www.pressenza.com\/de\/#\/schema\/person\/769b3fca5f2f2d48f505e01a952bd7db\"},\"headline\":\"Eine Konferenz in Berlin k\u00f6nnte der Auftakt f\u00fcr eine l\u00e4ngere Kampagne werden &#8211; Widerstand gegen Big-Tech geht nicht ohne die dort Besch\u00e4ftigten\",\"datePublished\":\"2026-04-28T14:51:41+00:00\",\"mainEntityOfPage\":{\"@id\":\"https:\/\/www.pressenza.com\/de\/2026\/04\/eine-konferenz-in-berlin-koennte-der-auftakt-fuer-eine-laengere-kampagne-werden-widerstand-gegen-big-tech-geht-nicht-ohne-die-dort-beschaeftigten\/\"},\"wordCount\":1031,\"publisher\":{\"@id\":\"https:\/\/www.pressenza.com\/de\/#organization\"},\"image\":{\"@id\":\"https:\/\/www.pressenza.com\/de\/2026\/04\/eine-konferenz-in-berlin-koennte-der-auftakt-fuer-eine-laengere-kampagne-werden-widerstand-gegen-big-tech-geht-nicht-ohne-die-dort-beschaeftigten\/#primaryimage\"},\"thumbnailUrl\":\"https:\/\/www.pressenza.com\/wp-content\/uploads\/2026\/04\/Peha-Banquet-Degooglisons-CC-By_w.webp\",\"keywords\":[\"BigTech\",\"Deutschland\",\"Streiks\"],\"articleSection\":[\"Europa\",\"Wirtschaft\",\"Wissenschaft und Technologie\"],\"inLanguage\":\"de\"},{\"@type\":\"WebPage\",\"@id\":\"https:\/\/www.pressenza.com\/de\/2026\/04\/eine-konferenz-in-berlin-koennte-der-auftakt-fuer-eine-laengere-kampagne-werden-widerstand-gegen-big-tech-geht-nicht-ohne-die-dort-beschaeftigten\/\",\"url\":\"https:\/\/www.pressenza.com\/de\/2026\/04\/eine-konferenz-in-berlin-koennte-der-auftakt-fuer-eine-laengere-kampagne-werden-widerstand-gegen-big-tech-geht-nicht-ohne-die-dort-beschaeftigten\/\",\"name\":\"Eine Konferenz in Berlin k\u00f6nnte der Auftakt f\u00fcr eine l\u00e4ngere Kampagne werden - Widerstand gegen Big-Tech geht nicht ohne die dort Besch\u00e4ftigten\",\"isPartOf\":{\"@id\":\"https:\/\/www.pressenza.com\/de\/#website\"},\"primaryImageOfPage\":{\"@id\":\"https:\/\/www.pressenza.com\/de\/2026\/04\/eine-konferenz-in-berlin-koennte-der-auftakt-fuer-eine-laengere-kampagne-werden-widerstand-gegen-big-tech-geht-nicht-ohne-die-dort-beschaeftigten\/#primaryimage\"},\"image\":{\"@id\":\"https:\/\/www.pressenza.com\/de\/2026\/04\/eine-konferenz-in-berlin-koennte-der-auftakt-fuer-eine-laengere-kampagne-werden-widerstand-gegen-big-tech-geht-nicht-ohne-die-dort-beschaeftigten\/#primaryimage\"},\"thumbnailUrl\":\"https:\/\/www.pressenza.com\/wp-content\/uploads\/2026\/04\/Peha-Banquet-Degooglisons-CC-By_w.webp\",\"datePublished\":\"2026-04-28T14:51:41+00:00\",\"description\":\"Vom 10.- 12. April tagte in Berlin die Konferenz Cable of Residenz. Fast 1000 Menschen aus ganz Deutschland und anderen L\u00e4ndern beteiligten sich daran.\",\"breadcrumb\":{\"@id\":\"https:\/\/www.pressenza.com\/de\/2026\/04\/eine-konferenz-in-berlin-koennte-der-auftakt-fuer-eine-laengere-kampagne-werden-widerstand-gegen-big-tech-geht-nicht-ohne-die-dort-beschaeftigten\/#breadcrumb\"},\"inLanguage\":\"de\",\"potentialAction\":[{\"@type\":\"ReadAction\",\"target\":[\"https:\/\/www.pressenza.com\/de\/2026\/04\/eine-konferenz-in-berlin-koennte-der-auftakt-fuer-eine-laengere-kampagne-werden-widerstand-gegen-big-tech-geht-nicht-ohne-die-dort-beschaeftigten\/\"]}]},{\"@type\":\"ImageObject\",\"inLanguage\":\"de\",\"@id\":\"https:\/\/www.pressenza.com\/de\/2026\/04\/eine-konferenz-in-berlin-koennte-der-auftakt-fuer-eine-laengere-kampagne-werden-widerstand-gegen-big-tech-geht-nicht-ohne-die-dort-beschaeftigten\/#primaryimage\",\"url\":\"https:\/\/www.pressenza.com\/wp-content\/uploads\/2026\/04\/Peha-Banquet-Degooglisons-CC-By_w.webp\",\"contentUrl\":\"https:\/\/www.pressenza.com\/wp-content\/uploads\/2026\/04\/Peha-Banquet-Degooglisons-CC-By_w.webp\",\"width\":912,\"height\":623,\"caption\":\"Foto: Peha (CC-BY-SA 4.0 cropped)\"},{\"@type\":\"BreadcrumbList\",\"@id\":\"https:\/\/www.pressenza.com\/de\/2026\/04\/eine-konferenz-in-berlin-koennte-der-auftakt-fuer-eine-laengere-kampagne-werden-widerstand-gegen-big-tech-geht-nicht-ohne-die-dort-beschaeftigten\/#breadcrumb\",\"itemListElement\":[{\"@type\":\"ListItem\",\"position\":1,\"name\":\"Accueil\",\"item\":\"https:\/\/www.pressenza.com\/de\/\"},{\"@type\":\"ListItem\",\"position\":2,\"name\":\"Eine Konferenz in Berlin k\u00f6nnte der Auftakt f\u00fcr eine l\u00e4ngere Kampagne werden &#8211; Widerstand gegen Big-Tech geht nicht ohne die dort Besch\u00e4ftigten\"}]},{\"@type\":\"WebSite\",\"@id\":\"https:\/\/www.pressenza.com\/de\/#website\",\"url\":\"https:\/\/www.pressenza.com\/de\/\",\"name\":\"Pressenza\",\"description\":\"International Press Agency\",\"publisher\":{\"@id\":\"https:\/\/www.pressenza.com\/de\/#organization\"},\"potentialAction\":[{\"@type\":\"SearchAction\",\"target\":{\"@type\":\"EntryPoint\",\"urlTemplate\":\"https:\/\/www.pressenza.com\/de\/?s={search_term_string}\"},\"query-input\":{\"@type\":\"PropertyValueSpecification\",\"valueRequired\":true,\"valueName\":\"search_term_string\"}}],\"inLanguage\":\"de\"},{\"@type\":\"Organization\",\"@id\":\"https:\/\/www.pressenza.com\/de\/#organization\",\"name\":\"Pressenza\",\"url\":\"https:\/\/www.pressenza.com\/de\/\",\"logo\":{\"@type\":\"ImageObject\",\"inLanguage\":\"de\",\"@id\":\"https:\/\/www.pressenza.com\/de\/#\/schema\/logo\/image\/\",\"url\":\"https:\/\/www.pressenza.com\/wp-content\/uploads\/2022\/10\/pressenza_logo_200x200.jpg\",\"contentUrl\":\"https:\/\/www.pressenza.com\/wp-content\/uploads\/2022\/10\/pressenza_logo_200x200.jpg\",\"width\":200,\"height\":200,\"caption\":\"Pressenza\"},\"image\":{\"@id\":\"https:\/\/www.pressenza.com\/de\/#\/schema\/logo\/image\/\"},\"sameAs\":[\"https:\/\/www.facebook.com\/PressenzaItalia\",\"https:\/\/x.com\/PressenzaIPA\"]},{\"@type\":\"Person\",\"@id\":\"https:\/\/www.pressenza.com\/de\/#\/schema\/person\/769b3fca5f2f2d48f505e01a952bd7db\",\"name\":\"Untergrund-Bl\u00e4ttle\",\"description\":\"Online-Magazin f\u00fcr kritischen Journalismus aus dem Grossraum Z\u00fcrich. Untergrund-Bl\u00e4ttle publizieren analytische und kontroverse Texte zu den Themenschwerpunkten Politik, Gesellschaft, \u00d6konomie und \u00d6kologie. Ein ganz besonderes Augenmerk gilt dabei auch dem kulturellen Teil. Der inhaltlich und redaktionelle Anspruch liegt unter anderem darin, Synergien innerhalb von linken Str\u00f6mungen herzustellen.\",\"sameAs\":[\"http:\/\/www.xn--untergrund-blttle-2qb.ch\/\"],\"url\":\"https:\/\/www.pressenza.com\/de\/author\/untergrund-blaettle\/\"}]}<\/script>\n<!-- \/ Yoast SEO plugin. -->","yoast_head_json":{"title":"Eine Konferenz in Berlin k\u00f6nnte der Auftakt f\u00fcr eine l\u00e4ngere Kampagne werden - Widerstand gegen Big-Tech geht nicht ohne die dort Besch\u00e4ftigten","description":"Vom 10.- 12. April tagte in Berlin die Konferenz Cable of Residenz. Fast 1000 Menschen aus ganz Deutschland und anderen L\u00e4ndern beteiligten sich daran.","robots":{"index":"index","follow":"follow","max-snippet":"max-snippet:-1","max-image-preview":"max-image-preview:large","max-video-preview":"max-video-preview:-1"},"canonical":"https:\/\/www.pressenza.com\/de\/2026\/04\/eine-konferenz-in-berlin-koennte-der-auftakt-fuer-eine-laengere-kampagne-werden-widerstand-gegen-big-tech-geht-nicht-ohne-die-dort-beschaeftigten\/","og_locale":"de_DE","og_type":"article","og_title":"Eine Konferenz in Berlin k\u00f6nnte der Auftakt f\u00fcr eine l\u00e4ngere Kampagne werden - Widerstand gegen Big-Tech geht nicht ohne die dort Besch\u00e4ftigten","og_description":"Vom 10.- 12. April tagte in Berlin die Konferenz Cable of Residenz. Fast 1000 Menschen aus ganz Deutschland und anderen L\u00e4ndern beteiligten sich daran.","og_url":"https:\/\/www.pressenza.com\/de\/2026\/04\/eine-konferenz-in-berlin-koennte-der-auftakt-fuer-eine-laengere-kampagne-werden-widerstand-gegen-big-tech-geht-nicht-ohne-die-dort-beschaeftigten\/","og_site_name":"Pressenza","article_publisher":"https:\/\/www.facebook.com\/PressenzaItalia","article_published_time":"2026-04-28T14:51:41+00:00","og_image":[{"width":912,"height":623,"url":"https:\/\/www.pressenza.com\/wp-content\/uploads\/2026\/04\/Peha-Banquet-Degooglisons-CC-By_w.webp","type":"image\/webp"}],"author":"Untergrund-Bl\u00e4ttle","twitter_card":"summary_large_image","twitter_creator":"@PressenzaIPA","twitter_site":"@PressenzaIPA","twitter_misc":{"Verfasst von":"Untergrund-Bl\u00e4ttle","Gesch\u00e4tzte Lesezeit":"6\u00a0Minuten"},"schema":{"@context":"https:\/\/schema.org","@graph":[{"@type":"Article","@id":"https:\/\/www.pressenza.com\/de\/2026\/04\/eine-konferenz-in-berlin-koennte-der-auftakt-fuer-eine-laengere-kampagne-werden-widerstand-gegen-big-tech-geht-nicht-ohne-die-dort-beschaeftigten\/#article","isPartOf":{"@id":"https:\/\/www.pressenza.com\/de\/2026\/04\/eine-konferenz-in-berlin-koennte-der-auftakt-fuer-eine-laengere-kampagne-werden-widerstand-gegen-big-tech-geht-nicht-ohne-die-dort-beschaeftigten\/"},"author":{"name":"Untergrund-Bl\u00e4ttle","@id":"https:\/\/www.pressenza.com\/de\/#\/schema\/person\/769b3fca5f2f2d48f505e01a952bd7db"},"headline":"Eine Konferenz in Berlin k\u00f6nnte der Auftakt f\u00fcr eine l\u00e4ngere Kampagne werden &#8211; Widerstand gegen Big-Tech geht nicht ohne die dort Besch\u00e4ftigten","datePublished":"2026-04-28T14:51:41+00:00","mainEntityOfPage":{"@id":"https:\/\/www.pressenza.com\/de\/2026\/04\/eine-konferenz-in-berlin-koennte-der-auftakt-fuer-eine-laengere-kampagne-werden-widerstand-gegen-big-tech-geht-nicht-ohne-die-dort-beschaeftigten\/"},"wordCount":1031,"publisher":{"@id":"https:\/\/www.pressenza.com\/de\/#organization"},"image":{"@id":"https:\/\/www.pressenza.com\/de\/2026\/04\/eine-konferenz-in-berlin-koennte-der-auftakt-fuer-eine-laengere-kampagne-werden-widerstand-gegen-big-tech-geht-nicht-ohne-die-dort-beschaeftigten\/#primaryimage"},"thumbnailUrl":"https:\/\/www.pressenza.com\/wp-content\/uploads\/2026\/04\/Peha-Banquet-Degooglisons-CC-By_w.webp","keywords":["BigTech","Deutschland","Streiks"],"articleSection":["Europa","Wirtschaft","Wissenschaft und Technologie"],"inLanguage":"de"},{"@type":"WebPage","@id":"https:\/\/www.pressenza.com\/de\/2026\/04\/eine-konferenz-in-berlin-koennte-der-auftakt-fuer-eine-laengere-kampagne-werden-widerstand-gegen-big-tech-geht-nicht-ohne-die-dort-beschaeftigten\/","url":"https:\/\/www.pressenza.com\/de\/2026\/04\/eine-konferenz-in-berlin-koennte-der-auftakt-fuer-eine-laengere-kampagne-werden-widerstand-gegen-big-tech-geht-nicht-ohne-die-dort-beschaeftigten\/","name":"Eine Konferenz in Berlin k\u00f6nnte der Auftakt f\u00fcr eine l\u00e4ngere Kampagne werden - Widerstand gegen Big-Tech geht nicht ohne die dort Besch\u00e4ftigten","isPartOf":{"@id":"https:\/\/www.pressenza.com\/de\/#website"},"primaryImageOfPage":{"@id":"https:\/\/www.pressenza.com\/de\/2026\/04\/eine-konferenz-in-berlin-koennte-der-auftakt-fuer-eine-laengere-kampagne-werden-widerstand-gegen-big-tech-geht-nicht-ohne-die-dort-beschaeftigten\/#primaryimage"},"image":{"@id":"https:\/\/www.pressenza.com\/de\/2026\/04\/eine-konferenz-in-berlin-koennte-der-auftakt-fuer-eine-laengere-kampagne-werden-widerstand-gegen-big-tech-geht-nicht-ohne-die-dort-beschaeftigten\/#primaryimage"},"thumbnailUrl":"https:\/\/www.pressenza.com\/wp-content\/uploads\/2026\/04\/Peha-Banquet-Degooglisons-CC-By_w.webp","datePublished":"2026-04-28T14:51:41+00:00","description":"Vom 10.- 12. April tagte in Berlin die Konferenz Cable of Residenz. Fast 1000 Menschen aus ganz Deutschland und anderen L\u00e4ndern beteiligten sich daran.","breadcrumb":{"@id":"https:\/\/www.pressenza.com\/de\/2026\/04\/eine-konferenz-in-berlin-koennte-der-auftakt-fuer-eine-laengere-kampagne-werden-widerstand-gegen-big-tech-geht-nicht-ohne-die-dort-beschaeftigten\/#breadcrumb"},"inLanguage":"de","potentialAction":[{"@type":"ReadAction","target":["https:\/\/www.pressenza.com\/de\/2026\/04\/eine-konferenz-in-berlin-koennte-der-auftakt-fuer-eine-laengere-kampagne-werden-widerstand-gegen-big-tech-geht-nicht-ohne-die-dort-beschaeftigten\/"]}]},{"@type":"ImageObject","inLanguage":"de","@id":"https:\/\/www.pressenza.com\/de\/2026\/04\/eine-konferenz-in-berlin-koennte-der-auftakt-fuer-eine-laengere-kampagne-werden-widerstand-gegen-big-tech-geht-nicht-ohne-die-dort-beschaeftigten\/#primaryimage","url":"https:\/\/www.pressenza.com\/wp-content\/uploads\/2026\/04\/Peha-Banquet-Degooglisons-CC-By_w.webp","contentUrl":"https:\/\/www.pressenza.com\/wp-content\/uploads\/2026\/04\/Peha-Banquet-Degooglisons-CC-By_w.webp","width":912,"height":623,"caption":"Foto: Peha (CC-BY-SA 4.0 cropped)"},{"@type":"BreadcrumbList","@id":"https:\/\/www.pressenza.com\/de\/2026\/04\/eine-konferenz-in-berlin-koennte-der-auftakt-fuer-eine-laengere-kampagne-werden-widerstand-gegen-big-tech-geht-nicht-ohne-die-dort-beschaeftigten\/#breadcrumb","itemListElement":[{"@type":"ListItem","position":1,"name":"Accueil","item":"https:\/\/www.pressenza.com\/de\/"},{"@type":"ListItem","position":2,"name":"Eine Konferenz in Berlin k\u00f6nnte der Auftakt f\u00fcr eine l\u00e4ngere Kampagne werden &#8211; Widerstand gegen Big-Tech geht nicht ohne die dort Besch\u00e4ftigten"}]},{"@type":"WebSite","@id":"https:\/\/www.pressenza.com\/de\/#website","url":"https:\/\/www.pressenza.com\/de\/","name":"Pressenza","description":"International Press Agency","publisher":{"@id":"https:\/\/www.pressenza.com\/de\/#organization"},"potentialAction":[{"@type":"SearchAction","target":{"@type":"EntryPoint","urlTemplate":"https:\/\/www.pressenza.com\/de\/?s={search_term_string}"},"query-input":{"@type":"PropertyValueSpecification","valueRequired":true,"valueName":"search_term_string"}}],"inLanguage":"de"},{"@type":"Organization","@id":"https:\/\/www.pressenza.com\/de\/#organization","name":"Pressenza","url":"https:\/\/www.pressenza.com\/de\/","logo":{"@type":"ImageObject","inLanguage":"de","@id":"https:\/\/www.pressenza.com\/de\/#\/schema\/logo\/image\/","url":"https:\/\/www.pressenza.com\/wp-content\/uploads\/2022\/10\/pressenza_logo_200x200.jpg","contentUrl":"https:\/\/www.pressenza.com\/wp-content\/uploads\/2022\/10\/pressenza_logo_200x200.jpg","width":200,"height":200,"caption":"Pressenza"},"image":{"@id":"https:\/\/www.pressenza.com\/de\/#\/schema\/logo\/image\/"},"sameAs":["https:\/\/www.facebook.com\/PressenzaItalia","https:\/\/x.com\/PressenzaIPA"]},{"@type":"Person","@id":"https:\/\/www.pressenza.com\/de\/#\/schema\/person\/769b3fca5f2f2d48f505e01a952bd7db","name":"Untergrund-Bl\u00e4ttle","description":"Online-Magazin f\u00fcr kritischen Journalismus aus dem Grossraum Z\u00fcrich. Untergrund-Bl\u00e4ttle publizieren analytische und kontroverse Texte zu den Themenschwerpunkten Politik, Gesellschaft, \u00d6konomie und \u00d6kologie. Ein ganz besonderes Augenmerk gilt dabei auch dem kulturellen Teil. Der inhaltlich und redaktionelle Anspruch liegt unter anderem darin, Synergien innerhalb von linken Str\u00f6mungen herzustellen.","sameAs":["http:\/\/www.xn--untergrund-blttle-2qb.ch\/"],"url":"https:\/\/www.pressenza.com\/de\/author\/untergrund-blaettle\/"}]}},"place":"","original_article_url":"https:\/\/www.untergrund-bl\u00e4ttle.ch\/digital\/software\/widerstand-gegen-big-tech-geht-nicht-ohne-die-dort-beschaeftigten-009661.html","_links":{"self":[{"href":"https:\/\/www.pressenza.com\/de\/wp-json\/wp\/v2\/posts\/2696131","targetHints":{"allow":["GET"]}}],"collection":[{"href":"https:\/\/www.pressenza.com\/de\/wp-json\/wp\/v2\/posts"}],"about":[{"href":"https:\/\/www.pressenza.com\/de\/wp-json\/wp\/v2\/types\/post"}],"author":[{"embeddable":true,"href":"https:\/\/www.pressenza.com\/de\/wp-json\/wp\/v2\/users\/1556"}],"replies":[{"embeddable":true,"href":"https:\/\/www.pressenza.com\/de\/wp-json\/wp\/v2\/comments?post=2696131"}],"version-history":[{"count":1,"href":"https:\/\/www.pressenza.com\/de\/wp-json\/wp\/v2\/posts\/2696131\/revisions"}],"predecessor-version":[{"id":2696141,"href":"https:\/\/www.pressenza.com\/de\/wp-json\/wp\/v2\/posts\/2696131\/revisions\/2696141"}],"wp:featuredmedia":[{"embeddable":true,"href":"https:\/\/www.pressenza.com\/de\/wp-json\/wp\/v2\/media\/2696140"}],"wp:attachment":[{"href":"https:\/\/www.pressenza.com\/de\/wp-json\/wp\/v2\/media?parent=2696131"}],"wp:term":[{"taxonomy":"category","embeddable":true,"href":"https:\/\/www.pressenza.com\/de\/wp-json\/wp\/v2\/categories?post=2696131"},{"taxonomy":"post_tag","embeddable":true,"href":"https:\/\/www.pressenza.com\/de\/wp-json\/wp\/v2\/tags?post=2696131"}],"curies":[{"name":"wp","href":"https:\/\/api.w.org\/{rel}","templated":true}]}}