{"id":2696114,"date":"2026-04-28T15:35:24","date_gmt":"2026-04-28T14:35:24","guid":{"rendered":"https:\/\/www.pressenza.com\/?p=2696114"},"modified":"2026-04-28T15:35:24","modified_gmt":"2026-04-28T14:35:24","slug":"die-militarisierung-der-welt-2","status":"publish","type":"post","link":"https:\/\/www.pressenza.com\/de\/2026\/04\/die-militarisierung-der-welt-2\/","title":{"rendered":"Die Militarisierung der Welt"},"content":{"rendered":"<p><strong>Neue SIPRI-Zahlen zeigen: Deutschland und Europa treiben die globale Hochr\u00fcstung mit zweistelliger Steigerung ihrer Milit\u00e4rhaushalte voran. Die Milit\u00e4rausgaben weltweit haben 2025 Rekordh\u00f6he erreicht. Armut und Hunger grassieren weiter.<\/strong><\/p>\n<p>Deutschland treibt mit einer zweistelligen Steigerung seines Milit\u00e4rhaushalts die Hochr\u00fcstung Europas an, Europa forciert mit einer gleichfalls zweistelligen Aufstockung seiner Streitkr\u00e4fteetats die Hochr\u00fcstung der Welt: Das ist eines der Resultate der j\u00fcngsten Analyse des Forschungsinstituts SIPRI zur Entwicklung der globalen R\u00fcstungsausgaben. SIPRI zufolge stiegen die Ausgaben f\u00fcr die Bundeswehr 2025 um 24 Prozent auf 114 Milliarden US-Dollar, w\u00e4hrend Europas Aufwendungen f\u00fcr die Armeen des Kontinents um 14 Prozent wuchsen. Damit stehen Deutschland und die europ\u00e4ischen Staaten an der Spitze des R\u00fcstungsbooms weltweit, der die globalen Ausgaben f\u00fcr das Milit\u00e4r im vergangenen Jahr um 2,9 Prozent auf 2,887 Billionen US-Dollar in die H\u00f6he getrieben hat. Damit wurden erstmals 2,5 Prozent der Wirtschaftsleistung aller Staaten zusammengenommen f\u00fcr Waffen verschwendet, w\u00e4hrend weiterhin nahezu ein Zehntel der Weltbev\u00f6lkerung in extremer Armut lebt und die Kriege, zu denen die Hochr\u00fcstung f\u00fchrt, Hunger und Elend weiter forcieren. Auch in Deutschland und der EU ist rund ein F\u00fcnftel der Bev\u00f6lkerung von Armut bedroht. Sozialk\u00fcrzungen zugunsten der Hochr\u00fcstung stehen bevor.<\/p>\n<p><strong>Globale R\u00fcstungsrekorde<\/strong><\/p>\n<p>Die globalen Milit\u00e4rausgaben, die schon im Jahr 2024 den damaligen Rekordwert von 2,718 Billionen US-Dollar erreicht hatten, sind im vergangenen Jahr erneut gestiegen und summierten sich auf den neuen Rekordwert von 2,887 Billionen US-Dollar. Das geht aus der j\u00fcngsten Analyse des Forschungsinstituts SIPRI aus Stockholm hervor, die am gestrigen Montag ver\u00f6ffentlicht wurde. Es handelt sich um den elften Jahresanstieg in Folge seit 2015, dem Jahr unmittelbar nach der Eskalation des Ukraine-Konflikts. Die Tatsache, dass der Anstieg sich nicht mehr auf 9,7 Prozent belief wie im Jahr 2024, sondern nur auf 2,9 Prozent, ist einer Sonderentwicklung in den Vereinigten Staaten geschuldet. Dort sanken die Aufwendungen f\u00fcr das Milit\u00e4r um 7,5 Prozent, vor allem, weil die Trump-Administration die milit\u00e4rische Unterst\u00fctzung f\u00fcr die Ukraine beendete. Rechnet man die USA heraus, stiegen die globalen Milit\u00e4rausgaben im Jahr 2025 um 9,2 Prozent und damit um fast ebenso viel wie 2024. Insgesamt nahmen die Mittel, die weltweit f\u00fcr die Streitkr\u00e4fte zur Verf\u00fcgung gestellt wurden, von 2016 bis 2025 um 41 Prozent zu; dabei erh\u00f6hte sich ihr Anteil an der weltweiten Wirtschaftsleistung auf 2,5 Prozent \u2013 auch dies ein Rekordwert.[1]<\/p>\n<p><strong>Machtkampf in Asien<\/strong><\/p>\n<p>Einen deutlichen Anstieg verzeichnet SIPRI bei den R\u00fcstungsausgaben in Asien und der Pazifikregion; diese nahmen 2025 um 8,1 Prozent auf 681 Milliarden US-Dollar zu. SIPRI zufolge steigerte China seine Aufwendungen um 7,4 Prozent auf 336 Milliarden US-Dollar; das sind 1,7 Prozent seines Bruttoinlandsprodukts (BIP).[2] St\u00e4rker wuchsen die Ausgaben bei den Verb\u00fcndeten des Westens im Machtkampf gegen die Volksrepublik. Indien etwa gab 2025 mit 92,1 Milliarden US-Dollar 8,9 Prozent mehr f\u00fcr seine Streitkr\u00e4fte aus als 2024. Japan steigerte seine Milit\u00e4rausgaben um 9,7 Prozent auf 62,2 Milliarden US-Dollar, wobei es laut SIPRI insbesondere weitreichende Waffen wie Marschflugk\u00f6rper und gleichzeitig neue Aufkl\u00e4rungssysteme beschaffte, die n\u00f6tig sind, um Zieldaten f\u00fcr weitreichende Waffen zu generieren. Taiwan wiederum erh\u00f6hte seinen Wehretat um ungef\u00e4hr 14 Prozent auf 18,2 Milliarden US-Dollar. Dabei f\u00e4llt auf, dass parallel der Anteil der Vereinigten Staaten an der Aufr\u00fcstung sinkt. Lag er 2020 noch bei 39 Prozent, so schrumpfte er bis 2025 auf gut 33 Prozent. Allerdings ist US-Pr\u00e4sident Donald Trump zur Zeit bem\u00fcht, den n\u00e4chsten US-Wehretat auf einen Rekordwert von 1,5 Billionen US-Dollar zu erh\u00f6hen.<\/p>\n<p><strong>Die treibende Kraft<\/strong><\/p>\n<p>Eindeutig treibende Kraft bei der Militarisierung der Welt ist Europa, wo SIPRI f\u00fcr 2025 einen Anstieg der Milit\u00e4rausgaben um 14 Prozent konstatiert. Dazu trugen die beiden Krieg f\u00fchrenden Staaten, Russland und die Ukraine, in unterschiedlichem Umfang bei. W\u00e4hrend Russland seine Aufwendungen um 5,9 Prozent auf \u2013 gesch\u00e4tzte \u2013 190 Milliarden US-Dollar steigerte, nahmen die Aufwendungen der Ukraine um 20 Prozent auf 84,1 Milliarden US-Dollar zu. F\u00fcr Europa insgesamt addierten sich die Betr\u00e4ge auf Milit\u00e4rbudgets im Wert von 864 Milliarden US-Dollar \u2013 deutlich mehr als die Wehrbudgets der Asien-Pazifik-Region (681 Milliarden US-Dollar). Die R\u00fcstungsausgaben allein der NATO-Staaten Europas zusammengenommen lagen mit ann\u00e4hernd 559 Milliarden US-Dollar um 23,1 Prozent \u00fcber ihrem Wert von 2024. Dabei werden sie rasch weiter steigen. Die NATO hat ihre Mitglieder offiziell verpflichtet, sp\u00e4testens 2035 f\u00fcnf Prozent ihres BIP f\u00fcr milit\u00e4rische Aufgaben zu verwenden \u2013 3,5 Prozent unmittelbar f\u00fcr die Streitkr\u00e4fte, 1,5 Prozent f\u00fcr verwandte Zwecke, darunter den Ausbau der milit\u00e4risch ben\u00f6tigten Infrastruktur. Allein die 32 NATO-Staaten gaben 2025 gut 1,581 Billionen US-Dollar f\u00fcr ihr Milit\u00e4r aus, 55 Prozent des globalen Gesamtwerts.<\/p>\n<p><strong>Nummer eins in Europa<\/strong><\/p>\n<p>Haupttreiber der Hochr\u00fcstung in Europa war im vergangenen Jahr Deutschland, und dies wird es voraussichtlich auch in den kommenden Jahren bleiben. Die Bundesrepublik erh\u00f6hte ihre Milit\u00e4rausgaben laut der SIPRI-Statistik um stolze 24 Prozent auf 114 Milliarden US-Dollar. Dabei handelte es sich bereits um die dritte Jahressteigerung um einen zweistelligen Prozentsatz in direkter Folge. Weitere d\u00fcrften bevorstehen. Die Bundesregierung ist bestrebt, der Bundeswehr sp\u00e4testens 2029 3,5 Prozent des deutschen BIP zur Verf\u00fcgung zu stellen. Im vergangenen Jahr waren es 2,3 Prozent \u2013 zum ersten Mal seit 1990 ein Anteil oberhalb der Zwei-Prozent-Schranke. Das Erreichen des F\u00fcnf-Prozent-Zieles wird durch die Tatsache ein wenig erleichtert, dass das deutsche BIP faktisch nicht mehr w\u00e4chst oder sogar schrumpft. Dennoch geht Berlin f\u00fcr 2029 von einem Milit\u00e4rhaushalt in H\u00f6he von \u00fcber 150 Milliarden Euro aus. Das w\u00e4re ann\u00e4hernd das Doppelte dessen, was Frankreich laut aktuellem Stand im Jahr 2030 erreichen will (76,3 Milliarden Euro). Der Wehretat Italiens, des Landes mit der drittgr\u00f6\u00dften Wirtschaftsleistung in der EU, lag 2025 bei um die 35,5 Milliarden Euro; ob und wie Rom ihn steigern kann, ist nicht klar. Damit zieht Deutschland in rasantem Tempo an allen Rivalen in der EU vorbei.<\/p>\n<p><strong>Armut und Hunger<\/strong><\/p>\n<p>W\u00e4hrend besonders Deutschland und Europa die globale Militarisierung vorantreiben, leben den Vereinten Nationen zufolge immer noch 808 Millionen Menschen weltweit in extremer Armut; das sind 9,9 Prozent der Weltbev\u00f6lkerung.[3] Als Messwert gilt dabei nicht mehr die Schwelle von 2,15, sondern von 3,00 US-Dollar pro Tag. Laut Angaben des Welthungerindex hat sich der Hunger weltweit seit 2016 \u2013 und damit seit dem Beginn der aktuellen Welle der Militarisierung \u2013 \u201ekaum verringert\u201c; Konflikte, hei\u00dft es, \u201ebleiben der gr\u00f6\u00dfte Treiber des Hungers\u201c.[4] In der EU waren 2024 nach Daten von Eurostat 93,3 Millionen Menschen von Armut oder sozialer Ausgrenzung bedroht; das waren 21,0 Prozent der Bev\u00f6lkerung. F\u00fcr Deutschland nennt Eurostat einen Anteil von 21,1 Prozent der Bev\u00f6lkerung.[5] Der Anteil der Kinder und Jugendlichen unter 18 Jahren, die von Armut oder sozialer Ausgrenzung bedroht waren, lag in der EU sogar bei 21,4, in Deutschland bei 23,5 Prozent.[6] Um die Hochr\u00fcstung zu erm\u00f6glichen, werden zur Zeit europaweit drastische K\u00fcrzungen in den Sozialbudgets und bei den Renten vorbereitet oder bereits umgesetzt. Erst vor wenigen Tagen hat Bundeskanzler Friedrich Merz angek\u00fcndigt, die Renten auf eine \u201eBasisabsicherung\u201c zu reduzieren.[7] Nach Protesten hat er behauptet, damit sei keine Rentenk\u00fcrzung gemeint. Die r\u00fcstungsbedingte Zunahme der Armut ist dennoch vorprogrammiert.<\/p>\n<p>Mehr zum Thema:\u00a0<a href=\"https:\/\/www.german-foreign-policy.com\/news\/detail\/10376\" target=\"_blank\" rel=\"noopener\">Die \u201eeurop\u00e4ische F\u00fchrungsrolle\u201c der Bundeswehr<\/a>\u00a0und\u00a0<a href=\"https:\/\/www.german-foreign-policy.com\/news\/detail\/10378\" target=\"_blank\" rel=\"noopener\">Zur\u00fcck nach Preu\u00dfen<\/a>.<\/p>\n<p>[1] Angaben hier und im Folgenden: Trends in World Military Expenditure, 2025. SIPRI Fact Sheet. Solna, April 2026.<\/p>\n<p>[2] Die Vergleichbarkeit leidet darunter, dass SIPRI im Fall Chinas Aufwendungen mit auch milit\u00e4rischem Nutzen, die in anderen Haushaltsposten gelistet sind, in das Streitkr\u00e4ftebudget einrechnet; bei westlichen Staaten unterbleibt dies.<\/p>\n<p>[3] End poverty in all its forms everywhere. unstats.un.org.<\/p>\n<p>[4] 20 Jahre Fortschritt im Blick: Zeit f\u00fcr ein neues Bekenntnis zu Zero Hunger. globalhungerindex.org.<\/p>\n<p>[5], [6] Hermine Donceel: EU map: How bad is poverty in the EU? euranetplus-inside.eu 17.10.2025.<\/p>\n<p>[7] Gesetzliche Rente als \u201eBasisabsicherung\u201c: Was das f\u00fcr junge Leute bedeutet. tagesschau.de 26.04.2026.<\/p>\n","protected":false},"excerpt":{"rendered":"<p>Neue SIPRI-Zahlen zeigen: Deutschland und Europa treiben die globale Hochr\u00fcstung mit zweistelliger Steigerung ihrer Milit\u00e4rhaushalte voran. Die Milit\u00e4rausgaben weltweit haben 2025 Rekordh\u00f6he erreicht. Armut und Hunger grassieren weiter. Deutschland treibt mit einer zweistelligen Steigerung seines Milit\u00e4rhaushalts die Hochr\u00fcstung Europas an,&hellip;<\/p>\n","protected":false},"author":1516,"featured_media":1135152,"comment_status":"closed","ping_status":"closed","sticky":false,"template":"","format":"standard","meta":{"footnotes":""},"categories":[9167,9164,9168,9158],"tags":[29111,140972,58492,19976,156036,56185,148406],"class_list":["post-2696114","post","type-post","status-publish","format-standard","has-post-thumbnail","hentry","category-frieden-und-abruestung","category-internationale-angelegenheiten","category-politik","category-wirtschaft","tag-armut","tag-hochruestung","tag-hunger-de","tag-militarisierung","tag-ruestungsrekorde","tag-sipri-bericht","tag-sozialkuerzungen"],"yoast_head":"<!-- This site is optimized with the Yoast SEO plugin v27.1.1 - https:\/\/yoast.com\/product\/yoast-seo-wordpress\/ -->\n<title>Die Militarisierung der Welt<\/title>\n<meta name=\"description\" content=\"Neue SIPRI-Zahlen zeigen: Deutschland und Europa treiben die globale Hochr\u00fcstung mit zweistelliger Steigerung ihrer Milit\u00e4rhaushalte voran. Die\" \/>\n<meta name=\"robots\" content=\"index, follow, max-snippet:-1, max-image-preview:large, max-video-preview:-1\" \/>\n<link rel=\"canonical\" href=\"https:\/\/www.pressenza.com\/de\/2026\/04\/die-militarisierung-der-welt-2\/\" \/>\n<meta property=\"og:locale\" content=\"de_DE\" \/>\n<meta property=\"og:type\" content=\"article\" \/>\n<meta property=\"og:title\" content=\"Die Militarisierung der Welt\" \/>\n<meta property=\"og:description\" content=\"Neue SIPRI-Zahlen zeigen: Deutschland und Europa treiben die globale Hochr\u00fcstung mit zweistelliger Steigerung ihrer Milit\u00e4rhaushalte voran. Die\" \/>\n<meta property=\"og:url\" content=\"https:\/\/www.pressenza.com\/de\/2026\/04\/die-militarisierung-der-welt-2\/\" \/>\n<meta property=\"og:site_name\" content=\"Pressenza\" \/>\n<meta property=\"article:publisher\" content=\"https:\/\/www.facebook.com\/PressenzaItalia\" \/>\n<meta property=\"article:published_time\" content=\"2026-04-28T14:35:24+00:00\" \/>\n<meta property=\"og:image\" content=\"https:\/\/www.pressenza.com\/wp-content\/uploads\/2020\/06\/30FF4D9E-81D2-4817-AF01-1952F35836A4-e1777386360727.jpeg\" \/>\n\t<meta property=\"og:image:width\" content=\"960\" \/>\n\t<meta property=\"og:image:height\" content=\"626\" \/>\n\t<meta property=\"og:image:type\" content=\"image\/jpeg\" \/>\n<meta name=\"author\" content=\"GERMAN-FOREIGN-POLICY.com\" \/>\n<meta name=\"twitter:card\" content=\"summary_large_image\" \/>\n<meta name=\"twitter:creator\" content=\"@PressenzaIPA\" \/>\n<meta name=\"twitter:site\" content=\"@PressenzaIPA\" \/>\n<meta name=\"twitter:label1\" content=\"Verfasst von\" \/>\n\t<meta name=\"twitter:data1\" content=\"GERMAN-FOREIGN-POLICY.com\" \/>\n\t<meta name=\"twitter:label2\" content=\"Gesch\u00e4tzte Lesezeit\" \/>\n\t<meta name=\"twitter:data2\" content=\"8\u00a0Minuten\" \/>\n<script type=\"application\/ld+json\" class=\"yoast-schema-graph\">{\"@context\":\"https:\/\/schema.org\",\"@graph\":[{\"@type\":\"Article\",\"@id\":\"https:\/\/www.pressenza.com\/de\/2026\/04\/die-militarisierung-der-welt-2\/#article\",\"isPartOf\":{\"@id\":\"https:\/\/www.pressenza.com\/de\/2026\/04\/die-militarisierung-der-welt-2\/\"},\"author\":{\"name\":\"GERMAN-FOREIGN-POLICY.com\",\"@id\":\"https:\/\/www.pressenza.com\/de\/#\/schema\/person\/65976e5880ee37f0ffc0cea7b0d6f456\"},\"headline\":\"Die Militarisierung der Welt\",\"datePublished\":\"2026-04-28T14:35:24+00:00\",\"mainEntityOfPage\":{\"@id\":\"https:\/\/www.pressenza.com\/de\/2026\/04\/die-militarisierung-der-welt-2\/\"},\"wordCount\":1257,\"publisher\":{\"@id\":\"https:\/\/www.pressenza.com\/de\/#organization\"},\"image\":{\"@id\":\"https:\/\/www.pressenza.com\/de\/2026\/04\/die-militarisierung-der-welt-2\/#primaryimage\"},\"thumbnailUrl\":\"https:\/\/www.pressenza.com\/wp-content\/uploads\/2020\/06\/30FF4D9E-81D2-4817-AF01-1952F35836A4-e1777386360727.jpeg\",\"keywords\":[\"Armut\",\"Hochr\u00fcstung\",\"Hunger\",\"Militarisierung\",\"R\u00fcstungsrekorde\",\"Sipri Bericht\",\"Sozialk\u00fcrzungen\"],\"articleSection\":[\"Frieden und Abr\u00fcstung\",\"Internationale Angelegenheiten\",\"Politik\",\"Wirtschaft\"],\"inLanguage\":\"de\"},{\"@type\":\"WebPage\",\"@id\":\"https:\/\/www.pressenza.com\/de\/2026\/04\/die-militarisierung-der-welt-2\/\",\"url\":\"https:\/\/www.pressenza.com\/de\/2026\/04\/die-militarisierung-der-welt-2\/\",\"name\":\"Die Militarisierung der Welt\",\"isPartOf\":{\"@id\":\"https:\/\/www.pressenza.com\/de\/#website\"},\"primaryImageOfPage\":{\"@id\":\"https:\/\/www.pressenza.com\/de\/2026\/04\/die-militarisierung-der-welt-2\/#primaryimage\"},\"image\":{\"@id\":\"https:\/\/www.pressenza.com\/de\/2026\/04\/die-militarisierung-der-welt-2\/#primaryimage\"},\"thumbnailUrl\":\"https:\/\/www.pressenza.com\/wp-content\/uploads\/2020\/06\/30FF4D9E-81D2-4817-AF01-1952F35836A4-e1777386360727.jpeg\",\"datePublished\":\"2026-04-28T14:35:24+00:00\",\"description\":\"Neue SIPRI-Zahlen zeigen: Deutschland und Europa treiben die globale Hochr\u00fcstung mit zweistelliger Steigerung ihrer Milit\u00e4rhaushalte voran. Die\",\"breadcrumb\":{\"@id\":\"https:\/\/www.pressenza.com\/de\/2026\/04\/die-militarisierung-der-welt-2\/#breadcrumb\"},\"inLanguage\":\"de\",\"potentialAction\":[{\"@type\":\"ReadAction\",\"target\":[\"https:\/\/www.pressenza.com\/de\/2026\/04\/die-militarisierung-der-welt-2\/\"]}]},{\"@type\":\"ImageObject\",\"inLanguage\":\"de\",\"@id\":\"https:\/\/www.pressenza.com\/de\/2026\/04\/die-militarisierung-der-welt-2\/#primaryimage\",\"url\":\"https:\/\/www.pressenza.com\/wp-content\/uploads\/2020\/06\/30FF4D9E-81D2-4817-AF01-1952F35836A4-e1777386360727.jpeg\",\"contentUrl\":\"https:\/\/www.pressenza.com\/wp-content\/uploads\/2020\/06\/30FF4D9E-81D2-4817-AF01-1952F35836A4-e1777386360727.jpeg\",\"width\":960,\"height\":626,\"caption\":\"Kampfflugzeug\"},{\"@type\":\"BreadcrumbList\",\"@id\":\"https:\/\/www.pressenza.com\/de\/2026\/04\/die-militarisierung-der-welt-2\/#breadcrumb\",\"itemListElement\":[{\"@type\":\"ListItem\",\"position\":1,\"name\":\"Accueil\",\"item\":\"https:\/\/www.pressenza.com\/de\/\"},{\"@type\":\"ListItem\",\"position\":2,\"name\":\"Die Militarisierung der Welt\"}]},{\"@type\":\"WebSite\",\"@id\":\"https:\/\/www.pressenza.com\/de\/#website\",\"url\":\"https:\/\/www.pressenza.com\/de\/\",\"name\":\"Pressenza\",\"description\":\"International Press Agency\",\"publisher\":{\"@id\":\"https:\/\/www.pressenza.com\/de\/#organization\"},\"potentialAction\":[{\"@type\":\"SearchAction\",\"target\":{\"@type\":\"EntryPoint\",\"urlTemplate\":\"https:\/\/www.pressenza.com\/de\/?s={search_term_string}\"},\"query-input\":{\"@type\":\"PropertyValueSpecification\",\"valueRequired\":true,\"valueName\":\"search_term_string\"}}],\"inLanguage\":\"de\"},{\"@type\":\"Organization\",\"@id\":\"https:\/\/www.pressenza.com\/de\/#organization\",\"name\":\"Pressenza\",\"url\":\"https:\/\/www.pressenza.com\/de\/\",\"logo\":{\"@type\":\"ImageObject\",\"inLanguage\":\"de\",\"@id\":\"https:\/\/www.pressenza.com\/de\/#\/schema\/logo\/image\/\",\"url\":\"https:\/\/www.pressenza.com\/wp-content\/uploads\/2022\/10\/pressenza_logo_200x200.jpg\",\"contentUrl\":\"https:\/\/www.pressenza.com\/wp-content\/uploads\/2022\/10\/pressenza_logo_200x200.jpg\",\"width\":200,\"height\":200,\"caption\":\"Pressenza\"},\"image\":{\"@id\":\"https:\/\/www.pressenza.com\/de\/#\/schema\/logo\/image\/\"},\"sameAs\":[\"https:\/\/www.facebook.com\/PressenzaItalia\",\"https:\/\/x.com\/PressenzaIPA\"]},{\"@type\":\"Person\",\"@id\":\"https:\/\/www.pressenza.com\/de\/#\/schema\/person\/65976e5880ee37f0ffc0cea7b0d6f456\",\"name\":\"GERMAN-FOREIGN-POLICY.com\",\"description\":\"Information on German Foreign Policy Articles and photographs by german-foreign-policy.com on Pressenza do not fall under the Creative Commons license and are not reproducible in any way. \\\"Information on German Foreign Policy\\\" (german-foreign-policy.com) is compiled by a group of independent journalists and social scientists who observe, on an ongoing basis, Germany's renewed attempts to regain great power status in the economic, military and political arena.\",\"url\":\"https:\/\/www.pressenza.com\/de\/author\/german-foreign-policy-com\/\"}]}<\/script>\n<!-- \/ Yoast SEO plugin. -->","yoast_head_json":{"title":"Die Militarisierung der Welt","description":"Neue SIPRI-Zahlen zeigen: Deutschland und Europa treiben die globale Hochr\u00fcstung mit zweistelliger Steigerung ihrer Milit\u00e4rhaushalte voran. Die","robots":{"index":"index","follow":"follow","max-snippet":"max-snippet:-1","max-image-preview":"max-image-preview:large","max-video-preview":"max-video-preview:-1"},"canonical":"https:\/\/www.pressenza.com\/de\/2026\/04\/die-militarisierung-der-welt-2\/","og_locale":"de_DE","og_type":"article","og_title":"Die Militarisierung der Welt","og_description":"Neue SIPRI-Zahlen zeigen: Deutschland und Europa treiben die globale Hochr\u00fcstung mit zweistelliger Steigerung ihrer Milit\u00e4rhaushalte voran. Die","og_url":"https:\/\/www.pressenza.com\/de\/2026\/04\/die-militarisierung-der-welt-2\/","og_site_name":"Pressenza","article_publisher":"https:\/\/www.facebook.com\/PressenzaItalia","article_published_time":"2026-04-28T14:35:24+00:00","og_image":[{"width":960,"height":626,"url":"https:\/\/www.pressenza.com\/wp-content\/uploads\/2020\/06\/30FF4D9E-81D2-4817-AF01-1952F35836A4-e1777386360727.jpeg","type":"image\/jpeg"}],"author":"GERMAN-FOREIGN-POLICY.com","twitter_card":"summary_large_image","twitter_creator":"@PressenzaIPA","twitter_site":"@PressenzaIPA","twitter_misc":{"Verfasst von":"GERMAN-FOREIGN-POLICY.com","Gesch\u00e4tzte Lesezeit":"8\u00a0Minuten"},"schema":{"@context":"https:\/\/schema.org","@graph":[{"@type":"Article","@id":"https:\/\/www.pressenza.com\/de\/2026\/04\/die-militarisierung-der-welt-2\/#article","isPartOf":{"@id":"https:\/\/www.pressenza.com\/de\/2026\/04\/die-militarisierung-der-welt-2\/"},"author":{"name":"GERMAN-FOREIGN-POLICY.com","@id":"https:\/\/www.pressenza.com\/de\/#\/schema\/person\/65976e5880ee37f0ffc0cea7b0d6f456"},"headline":"Die Militarisierung der Welt","datePublished":"2026-04-28T14:35:24+00:00","mainEntityOfPage":{"@id":"https:\/\/www.pressenza.com\/de\/2026\/04\/die-militarisierung-der-welt-2\/"},"wordCount":1257,"publisher":{"@id":"https:\/\/www.pressenza.com\/de\/#organization"},"image":{"@id":"https:\/\/www.pressenza.com\/de\/2026\/04\/die-militarisierung-der-welt-2\/#primaryimage"},"thumbnailUrl":"https:\/\/www.pressenza.com\/wp-content\/uploads\/2020\/06\/30FF4D9E-81D2-4817-AF01-1952F35836A4-e1777386360727.jpeg","keywords":["Armut","Hochr\u00fcstung","Hunger","Militarisierung","R\u00fcstungsrekorde","Sipri Bericht","Sozialk\u00fcrzungen"],"articleSection":["Frieden und Abr\u00fcstung","Internationale Angelegenheiten","Politik","Wirtschaft"],"inLanguage":"de"},{"@type":"WebPage","@id":"https:\/\/www.pressenza.com\/de\/2026\/04\/die-militarisierung-der-welt-2\/","url":"https:\/\/www.pressenza.com\/de\/2026\/04\/die-militarisierung-der-welt-2\/","name":"Die Militarisierung der Welt","isPartOf":{"@id":"https:\/\/www.pressenza.com\/de\/#website"},"primaryImageOfPage":{"@id":"https:\/\/www.pressenza.com\/de\/2026\/04\/die-militarisierung-der-welt-2\/#primaryimage"},"image":{"@id":"https:\/\/www.pressenza.com\/de\/2026\/04\/die-militarisierung-der-welt-2\/#primaryimage"},"thumbnailUrl":"https:\/\/www.pressenza.com\/wp-content\/uploads\/2020\/06\/30FF4D9E-81D2-4817-AF01-1952F35836A4-e1777386360727.jpeg","datePublished":"2026-04-28T14:35:24+00:00","description":"Neue SIPRI-Zahlen zeigen: Deutschland und Europa treiben die globale Hochr\u00fcstung mit zweistelliger Steigerung ihrer Milit\u00e4rhaushalte voran. Die","breadcrumb":{"@id":"https:\/\/www.pressenza.com\/de\/2026\/04\/die-militarisierung-der-welt-2\/#breadcrumb"},"inLanguage":"de","potentialAction":[{"@type":"ReadAction","target":["https:\/\/www.pressenza.com\/de\/2026\/04\/die-militarisierung-der-welt-2\/"]}]},{"@type":"ImageObject","inLanguage":"de","@id":"https:\/\/www.pressenza.com\/de\/2026\/04\/die-militarisierung-der-welt-2\/#primaryimage","url":"https:\/\/www.pressenza.com\/wp-content\/uploads\/2020\/06\/30FF4D9E-81D2-4817-AF01-1952F35836A4-e1777386360727.jpeg","contentUrl":"https:\/\/www.pressenza.com\/wp-content\/uploads\/2020\/06\/30FF4D9E-81D2-4817-AF01-1952F35836A4-e1777386360727.jpeg","width":960,"height":626,"caption":"Kampfflugzeug"},{"@type":"BreadcrumbList","@id":"https:\/\/www.pressenza.com\/de\/2026\/04\/die-militarisierung-der-welt-2\/#breadcrumb","itemListElement":[{"@type":"ListItem","position":1,"name":"Accueil","item":"https:\/\/www.pressenza.com\/de\/"},{"@type":"ListItem","position":2,"name":"Die Militarisierung der Welt"}]},{"@type":"WebSite","@id":"https:\/\/www.pressenza.com\/de\/#website","url":"https:\/\/www.pressenza.com\/de\/","name":"Pressenza","description":"International Press Agency","publisher":{"@id":"https:\/\/www.pressenza.com\/de\/#organization"},"potentialAction":[{"@type":"SearchAction","target":{"@type":"EntryPoint","urlTemplate":"https:\/\/www.pressenza.com\/de\/?s={search_term_string}"},"query-input":{"@type":"PropertyValueSpecification","valueRequired":true,"valueName":"search_term_string"}}],"inLanguage":"de"},{"@type":"Organization","@id":"https:\/\/www.pressenza.com\/de\/#organization","name":"Pressenza","url":"https:\/\/www.pressenza.com\/de\/","logo":{"@type":"ImageObject","inLanguage":"de","@id":"https:\/\/www.pressenza.com\/de\/#\/schema\/logo\/image\/","url":"https:\/\/www.pressenza.com\/wp-content\/uploads\/2022\/10\/pressenza_logo_200x200.jpg","contentUrl":"https:\/\/www.pressenza.com\/wp-content\/uploads\/2022\/10\/pressenza_logo_200x200.jpg","width":200,"height":200,"caption":"Pressenza"},"image":{"@id":"https:\/\/www.pressenza.com\/de\/#\/schema\/logo\/image\/"},"sameAs":["https:\/\/www.facebook.com\/PressenzaItalia","https:\/\/x.com\/PressenzaIPA"]},{"@type":"Person","@id":"https:\/\/www.pressenza.com\/de\/#\/schema\/person\/65976e5880ee37f0ffc0cea7b0d6f456","name":"GERMAN-FOREIGN-POLICY.com","description":"Information on German Foreign Policy Articles and photographs by german-foreign-policy.com on Pressenza do not fall under the Creative Commons license and are not reproducible in any way. \"Information on German Foreign Policy\" (german-foreign-policy.com) is compiled by a group of independent journalists and social scientists who observe, on an ongoing basis, Germany's renewed attempts to regain great power status in the economic, military and political arena.","url":"https:\/\/www.pressenza.com\/de\/author\/german-foreign-policy-com\/"}]}},"place":"Berlin\/Br\u00fcssel","original_article_url":"https:\/\/www.german-foreign-policy.com\/news\/detail\/10381","_links":{"self":[{"href":"https:\/\/www.pressenza.com\/de\/wp-json\/wp\/v2\/posts\/2696114","targetHints":{"allow":["GET"]}}],"collection":[{"href":"https:\/\/www.pressenza.com\/de\/wp-json\/wp\/v2\/posts"}],"about":[{"href":"https:\/\/www.pressenza.com\/de\/wp-json\/wp\/v2\/types\/post"}],"author":[{"embeddable":true,"href":"https:\/\/www.pressenza.com\/de\/wp-json\/wp\/v2\/users\/1516"}],"replies":[{"embeddable":true,"href":"https:\/\/www.pressenza.com\/de\/wp-json\/wp\/v2\/comments?post=2696114"}],"version-history":[{"count":2,"href":"https:\/\/www.pressenza.com\/de\/wp-json\/wp\/v2\/posts\/2696114\/revisions"}],"predecessor-version":[{"id":2696123,"href":"https:\/\/www.pressenza.com\/de\/wp-json\/wp\/v2\/posts\/2696114\/revisions\/2696123"}],"wp:featuredmedia":[{"embeddable":true,"href":"https:\/\/www.pressenza.com\/de\/wp-json\/wp\/v2\/media\/1135152"}],"wp:attachment":[{"href":"https:\/\/www.pressenza.com\/de\/wp-json\/wp\/v2\/media?parent=2696114"}],"wp:term":[{"taxonomy":"category","embeddable":true,"href":"https:\/\/www.pressenza.com\/de\/wp-json\/wp\/v2\/categories?post=2696114"},{"taxonomy":"post_tag","embeddable":true,"href":"https:\/\/www.pressenza.com\/de\/wp-json\/wp\/v2\/tags?post=2696114"}],"curies":[{"name":"wp","href":"https:\/\/api.w.org\/{rel}","templated":true}]}}