{"id":2696107,"date":"2026-04-28T15:54:47","date_gmt":"2026-04-28T14:54:47","guid":{"rendered":"https:\/\/www.pressenza.com\/?p=2696107"},"modified":"2026-04-28T15:54:47","modified_gmt":"2026-04-28T14:54:47","slug":"der-verteidigungsminister-boris-pistorius-spd-stellt-die-neue-militaerstrategie-der-bundeswehr-vor","status":"publish","type":"post","link":"https:\/\/www.pressenza.com\/de\/2026\/04\/der-verteidigungsminister-boris-pistorius-spd-stellt-die-neue-militaerstrategie-der-bundeswehr-vor\/","title":{"rendered":"Der Verteidigungsminister Boris Pistorius (SPD) stellt die &#8222;Neue Milit\u00e4rstrategie der Bundeswehr&#8220; vor"},"content":{"rendered":"<p><strong>&#8222;Die Entwicklungen in der Ukraine &#8230; zeigen uns, dass wir immer wieder reagieren m\u00fcssen auf Entwicklungen, die heute vielleicht noch gar nicht absehbar sind&#8220;, so Boris Pistorius am 22.04.2026 in phoenix (von ARD und ZDF) &#8211;\u00a0<a href=\"https:\/\/youtu.be\/gIpmX-wOc5A?si=_riTCx5IcKS0hqv7\" target=\"_blank\" rel=\"noopener\">siehe auch in Youtube<\/a>.<\/strong><\/p>\n<p>Weiter hei\u00dft es: &#8222;Die Bedrohungslage hat sich vor allem seit Putins Angriffskrieg gegen die Ukraine versch\u00e4rft.&#8220;<\/p>\n<p>Die aktuellen Angriffskriege anderer Staaten sind unserem Bundesverteidigungsminister kein Wort wert.<\/p>\n<p>Es verst\u00fcnde sich von selbst, dass die gedachten Szenarien nicht ver\u00f6ffentlicht w\u00fcrden, &#8222;sonst k\u00f6nnten wir Vladimir Putin auch gleich in unseren E-Mail-Verteiler aufnehmen&#8220;, hei\u00dft es weiter in seiner Pr\u00e4sentation.<\/p>\n<p>Mindestens 460.000 einsatzbereite Soldaten &#8211; aktive und Reservetruppe &#8211; seien notwendig; so die Forderung vom Verteidigungsminister.<\/p>\n<p>Bis zum Jahr 2039 soll die Bundeswehr &#8222;st\u00e4rkste konvetionelle Armee in Europa&#8220; werden.<\/p>\n<p><strong>Die aktuelle milit\u00e4rische Pr\u00e4senz der USA in Europa und speziell in Deutschland und deren Beendigung sind kein Thema!<\/strong><\/p>\n<p><strong>Wir halten diesen Militarismus f\u00fcr den falschen Weg!<\/strong><\/p>\n<p style=\"text-align: center;\"><strong>Unsere zentrale Forderung lautet:\u00a0<\/strong><br \/>\n<strong>Die Air Base Ramstein muss geschlossen werden \u2013 um des Friedens willen.<\/strong><\/p>\n<p style=\"text-align: center;\"><strong>Bitte unterst\u00fctzt uns bei unserer Kampagne!<\/strong><\/p>\n<h2 style=\"text-align: center;\"><a href=\"https:\/\/ticket.stoppramstein.de\/\">Hier kannst du dich anmelden!<\/a><\/h2>\n<h2 style=\"text-align: center;\"><strong>Ohne Deine Spende<br \/>\nist die Friedenswoche nicht m\u00f6glich!<\/strong><\/h2>\n<h2 style=\"text-align: center;\"><a href=\"https:\/\/www.stoppramstein.de\/spenden\/\">Jetzt spenden<\/a><\/h2>\n<h2 style=\"text-align: center;\">oder<\/h2>\n<h2 style=\"text-align: center;\"><a href=\"https:\/\/www.stoppramstein.de\/werde-mitglied-foerderverein\/\">F\u00f6rdermitglied werden<\/a><\/h2>\n<p style=\"text-align: center;\"><strong>Wir sind als gemeinn\u00fctziger Verein anerkannt.<\/strong><br \/>\nF\u00f6rdermitgliedsbeitr\u00e4ge und Spenden sind steuerlich abzugsf\u00e4hig.<\/p>\n<p style=\"text-align: center;\">Friedensbewegte Gr\u00fc\u00dfe<br \/>\nDein Stopp Air Base Ramstein Team<\/p>\n","protected":false},"excerpt":{"rendered":"<p>&#8222;Die Entwicklungen in der Ukraine &#8230; zeigen uns, dass wir immer wieder reagieren m\u00fcssen auf Entwicklungen, die heute vielleicht noch gar nicht absehbar sind&#8220;, so Boris Pistorius am 22.04.2026 in phoenix (von ARD und ZDF) &#8211;\u00a0siehe auch in Youtube. Weiter&hellip;<\/p>\n","protected":false},"author":1095,"featured_media":2696144,"comment_status":"closed","ping_status":"closed","sticky":false,"template":"","format":"standard","meta":{"footnotes":""},"categories":[9167,7835,9168],"tags":[9221,20321,11223,10604,156037],"class_list":["post-2696107","post","type-post","status-publish","format-standard","has-post-thumbnail","hentry","category-frieden-und-abruestung","category-international-de","category-politik","tag-abrustung","tag-airbase-ramstein","tag-bundeswehr","tag-militaer","tag-pistorius"],"yoast_head":"<!-- This site is optimized with the Yoast SEO plugin v27.1.1 - https:\/\/yoast.com\/product\/yoast-seo-wordpress\/ -->\n<title>Der Verteidigungsminister Boris Pistorius (SPD) stellt die &quot;Neue Milit\u00e4rstrategie der Bundeswehr&quot; vor<\/title>\n<meta name=\"description\" content=\"&quot;Die Entwicklungen in der Ukraine ... zeigen uns, dass wir immer wieder reagieren m\u00fcssen auf Entwicklungen, die heute vielleicht noch gar nicht absehbar\" \/>\n<meta name=\"robots\" content=\"index, follow, max-snippet:-1, max-image-preview:large, max-video-preview:-1\" \/>\n<link rel=\"canonical\" href=\"https:\/\/www.pressenza.com\/de\/2026\/04\/der-verteidigungsminister-boris-pistorius-spd-stellt-die-neue-militaerstrategie-der-bundeswehr-vor\/\" \/>\n<meta property=\"og:locale\" content=\"de_DE\" \/>\n<meta property=\"og:type\" content=\"article\" \/>\n<meta property=\"og:title\" content=\"Der Verteidigungsminister Boris Pistorius (SPD) stellt die &quot;Neue Milit\u00e4rstrategie der Bundeswehr&quot; vor\" \/>\n<meta property=\"og:description\" content=\"&quot;Die Entwicklungen in der Ukraine ... zeigen uns, dass wir immer wieder reagieren m\u00fcssen auf Entwicklungen, die heute vielleicht noch gar nicht absehbar\" \/>\n<meta property=\"og:url\" content=\"https:\/\/www.pressenza.com\/de\/2026\/04\/der-verteidigungsminister-boris-pistorius-spd-stellt-die-neue-militaerstrategie-der-bundeswehr-vor\/\" \/>\n<meta property=\"og:site_name\" content=\"Pressenza\" \/>\n<meta property=\"article:publisher\" content=\"https:\/\/www.facebook.com\/PressenzaItalia\" \/>\n<meta property=\"article:author\" content=\"https:\/\/www.facebook.com\/Pressenza-Deutschland-sterreich-Schweiz-281675388658060\/timeline\/\" \/>\n<meta property=\"article:published_time\" content=\"2026-04-28T14:54:47+00:00\" \/>\n<meta property=\"og:image\" content=\"https:\/\/www.pressenza.com\/wp-content\/uploads\/2026\/04\/IMG_3575.jpeg\" \/>\n\t<meta property=\"og:image:width\" content=\"1280\" \/>\n\t<meta property=\"og:image:height\" content=\"720\" \/>\n\t<meta property=\"og:image:type\" content=\"image\/jpeg\" \/>\n<meta name=\"author\" content=\"Pressenza Berlin\" \/>\n<meta name=\"twitter:card\" content=\"summary_large_image\" \/>\n<meta name=\"twitter:creator\" content=\"@pressenza_ger\" \/>\n<meta name=\"twitter:site\" content=\"@PressenzaIPA\" \/>\n<meta name=\"twitter:label1\" content=\"Verfasst von\" \/>\n\t<meta name=\"twitter:data1\" content=\"Pressenza Berlin\" \/>\n\t<meta name=\"twitter:label2\" content=\"Gesch\u00e4tzte Lesezeit\" \/>\n\t<meta name=\"twitter:data2\" content=\"2\u00a0Minuten\" \/>\n<script type=\"application\/ld+json\" class=\"yoast-schema-graph\">{\"@context\":\"https:\/\/schema.org\",\"@graph\":[{\"@type\":\"Article\",\"@id\":\"https:\/\/www.pressenza.com\/de\/2026\/04\/der-verteidigungsminister-boris-pistorius-spd-stellt-die-neue-militaerstrategie-der-bundeswehr-vor\/#article\",\"isPartOf\":{\"@id\":\"https:\/\/www.pressenza.com\/de\/2026\/04\/der-verteidigungsminister-boris-pistorius-spd-stellt-die-neue-militaerstrategie-der-bundeswehr-vor\/\"},\"author\":{\"name\":\"Pressenza Berlin\",\"@id\":\"https:\/\/www.pressenza.com\/de\/#\/schema\/person\/57bb5480943a496a7722b0248e4b658a\"},\"headline\":\"Der Verteidigungsminister Boris Pistorius (SPD) stellt die &#8222;Neue Milit\u00e4rstrategie der Bundeswehr&#8220; vor\",\"datePublished\":\"2026-04-28T14:54:47+00:00\",\"mainEntityOfPage\":{\"@id\":\"https:\/\/www.pressenza.com\/de\/2026\/04\/der-verteidigungsminister-boris-pistorius-spd-stellt-die-neue-militaerstrategie-der-bundeswehr-vor\/\"},\"wordCount\":240,\"publisher\":{\"@id\":\"https:\/\/www.pressenza.com\/de\/#organization\"},\"image\":{\"@id\":\"https:\/\/www.pressenza.com\/de\/2026\/04\/der-verteidigungsminister-boris-pistorius-spd-stellt-die-neue-militaerstrategie-der-bundeswehr-vor\/#primaryimage\"},\"thumbnailUrl\":\"https:\/\/www.pressenza.com\/wp-content\/uploads\/2026\/04\/IMG_3575.jpeg\",\"keywords\":[\"Abr\u00fcstung\",\"Airbase Ramstein\",\"Bundeswehr\",\"Milit\u00e4r\",\"Pistorius\"],\"articleSection\":[\"Frieden und Abr\u00fcstung\",\"International\",\"Politik\"],\"inLanguage\":\"de\"},{\"@type\":\"WebPage\",\"@id\":\"https:\/\/www.pressenza.com\/de\/2026\/04\/der-verteidigungsminister-boris-pistorius-spd-stellt-die-neue-militaerstrategie-der-bundeswehr-vor\/\",\"url\":\"https:\/\/www.pressenza.com\/de\/2026\/04\/der-verteidigungsminister-boris-pistorius-spd-stellt-die-neue-militaerstrategie-der-bundeswehr-vor\/\",\"name\":\"Der Verteidigungsminister Boris Pistorius (SPD) stellt die \\\"Neue Milit\u00e4rstrategie der Bundeswehr\\\" vor\",\"isPartOf\":{\"@id\":\"https:\/\/www.pressenza.com\/de\/#website\"},\"primaryImageOfPage\":{\"@id\":\"https:\/\/www.pressenza.com\/de\/2026\/04\/der-verteidigungsminister-boris-pistorius-spd-stellt-die-neue-militaerstrategie-der-bundeswehr-vor\/#primaryimage\"},\"image\":{\"@id\":\"https:\/\/www.pressenza.com\/de\/2026\/04\/der-verteidigungsminister-boris-pistorius-spd-stellt-die-neue-militaerstrategie-der-bundeswehr-vor\/#primaryimage\"},\"thumbnailUrl\":\"https:\/\/www.pressenza.com\/wp-content\/uploads\/2026\/04\/IMG_3575.jpeg\",\"datePublished\":\"2026-04-28T14:54:47+00:00\",\"description\":\"\\\"Die Entwicklungen in der Ukraine ... zeigen uns, dass wir immer wieder reagieren m\u00fcssen auf Entwicklungen, die heute vielleicht noch gar nicht absehbar\",\"breadcrumb\":{\"@id\":\"https:\/\/www.pressenza.com\/de\/2026\/04\/der-verteidigungsminister-boris-pistorius-spd-stellt-die-neue-militaerstrategie-der-bundeswehr-vor\/#breadcrumb\"},\"inLanguage\":\"de\",\"potentialAction\":[{\"@type\":\"ReadAction\",\"target\":[\"https:\/\/www.pressenza.com\/de\/2026\/04\/der-verteidigungsminister-boris-pistorius-spd-stellt-die-neue-militaerstrategie-der-bundeswehr-vor\/\"]}]},{\"@type\":\"ImageObject\",\"inLanguage\":\"de\",\"@id\":\"https:\/\/www.pressenza.com\/de\/2026\/04\/der-verteidigungsminister-boris-pistorius-spd-stellt-die-neue-militaerstrategie-der-bundeswehr-vor\/#primaryimage\",\"url\":\"https:\/\/www.pressenza.com\/wp-content\/uploads\/2026\/04\/IMG_3575.jpeg\",\"contentUrl\":\"https:\/\/www.pressenza.com\/wp-content\/uploads\/2026\/04\/IMG_3575.jpeg\",\"width\":1280,\"height\":720},{\"@type\":\"BreadcrumbList\",\"@id\":\"https:\/\/www.pressenza.com\/de\/2026\/04\/der-verteidigungsminister-boris-pistorius-spd-stellt-die-neue-militaerstrategie-der-bundeswehr-vor\/#breadcrumb\",\"itemListElement\":[{\"@type\":\"ListItem\",\"position\":1,\"name\":\"Accueil\",\"item\":\"https:\/\/www.pressenza.com\/de\/\"},{\"@type\":\"ListItem\",\"position\":2,\"name\":\"Der Verteidigungsminister Boris Pistorius (SPD) stellt die &#8222;Neue Milit\u00e4rstrategie der Bundeswehr&#8220; vor\"}]},{\"@type\":\"WebSite\",\"@id\":\"https:\/\/www.pressenza.com\/de\/#website\",\"url\":\"https:\/\/www.pressenza.com\/de\/\",\"name\":\"Pressenza\",\"description\":\"International Press Agency\",\"publisher\":{\"@id\":\"https:\/\/www.pressenza.com\/de\/#organization\"},\"potentialAction\":[{\"@type\":\"SearchAction\",\"target\":{\"@type\":\"EntryPoint\",\"urlTemplate\":\"https:\/\/www.pressenza.com\/de\/?s={search_term_string}\"},\"query-input\":{\"@type\":\"PropertyValueSpecification\",\"valueRequired\":true,\"valueName\":\"search_term_string\"}}],\"inLanguage\":\"de\"},{\"@type\":\"Organization\",\"@id\":\"https:\/\/www.pressenza.com\/de\/#organization\",\"name\":\"Pressenza\",\"url\":\"https:\/\/www.pressenza.com\/de\/\",\"logo\":{\"@type\":\"ImageObject\",\"inLanguage\":\"de\",\"@id\":\"https:\/\/www.pressenza.com\/de\/#\/schema\/logo\/image\/\",\"url\":\"https:\/\/www.pressenza.com\/wp-content\/uploads\/2022\/10\/pressenza_logo_200x200.jpg\",\"contentUrl\":\"https:\/\/www.pressenza.com\/wp-content\/uploads\/2022\/10\/pressenza_logo_200x200.jpg\",\"width\":200,\"height\":200,\"caption\":\"Pressenza\"},\"image\":{\"@id\":\"https:\/\/www.pressenza.com\/de\/#\/schema\/logo\/image\/\"},\"sameAs\":[\"https:\/\/www.facebook.com\/PressenzaItalia\",\"https:\/\/x.com\/PressenzaIPA\"]},{\"@type\":\"Person\",\"@id\":\"https:\/\/www.pressenza.com\/de\/#\/schema\/person\/57bb5480943a496a7722b0248e4b658a\",\"name\":\"Pressenza Berlin\",\"description\":\"News from the Pressenza Bureau in Berlin, Germany\",\"sameAs\":[\"https:\/\/www.facebook.com\/Pressenza-Deutschland-sterreich-Schweiz-281675388658060\/timeline\/\",\"https:\/\/x.com\/pressenza_ger\"],\"url\":\"https:\/\/www.pressenza.com\/de\/author\/pressenza-berlin\/\"}]}<\/script>\n<!-- \/ Yoast SEO plugin. -->","yoast_head_json":{"title":"Der Verteidigungsminister Boris Pistorius (SPD) stellt die \"Neue Milit\u00e4rstrategie der Bundeswehr\" vor","description":"\"Die Entwicklungen in der Ukraine ... zeigen uns, dass wir immer wieder reagieren m\u00fcssen auf Entwicklungen, die heute vielleicht noch gar nicht absehbar","robots":{"index":"index","follow":"follow","max-snippet":"max-snippet:-1","max-image-preview":"max-image-preview:large","max-video-preview":"max-video-preview:-1"},"canonical":"https:\/\/www.pressenza.com\/de\/2026\/04\/der-verteidigungsminister-boris-pistorius-spd-stellt-die-neue-militaerstrategie-der-bundeswehr-vor\/","og_locale":"de_DE","og_type":"article","og_title":"Der Verteidigungsminister Boris Pistorius (SPD) stellt die \"Neue Milit\u00e4rstrategie der Bundeswehr\" vor","og_description":"\"Die Entwicklungen in der Ukraine ... zeigen uns, dass wir immer wieder reagieren m\u00fcssen auf Entwicklungen, die heute vielleicht noch gar nicht absehbar","og_url":"https:\/\/www.pressenza.com\/de\/2026\/04\/der-verteidigungsminister-boris-pistorius-spd-stellt-die-neue-militaerstrategie-der-bundeswehr-vor\/","og_site_name":"Pressenza","article_publisher":"https:\/\/www.facebook.com\/PressenzaItalia","article_author":"https:\/\/www.facebook.com\/Pressenza-Deutschland-sterreich-Schweiz-281675388658060\/timeline\/","article_published_time":"2026-04-28T14:54:47+00:00","og_image":[{"width":1280,"height":720,"url":"https:\/\/www.pressenza.com\/wp-content\/uploads\/2026\/04\/IMG_3575.jpeg","type":"image\/jpeg"}],"author":"Pressenza Berlin","twitter_card":"summary_large_image","twitter_creator":"@pressenza_ger","twitter_site":"@PressenzaIPA","twitter_misc":{"Verfasst von":"Pressenza Berlin","Gesch\u00e4tzte Lesezeit":"2\u00a0Minuten"},"schema":{"@context":"https:\/\/schema.org","@graph":[{"@type":"Article","@id":"https:\/\/www.pressenza.com\/de\/2026\/04\/der-verteidigungsminister-boris-pistorius-spd-stellt-die-neue-militaerstrategie-der-bundeswehr-vor\/#article","isPartOf":{"@id":"https:\/\/www.pressenza.com\/de\/2026\/04\/der-verteidigungsminister-boris-pistorius-spd-stellt-die-neue-militaerstrategie-der-bundeswehr-vor\/"},"author":{"name":"Pressenza Berlin","@id":"https:\/\/www.pressenza.com\/de\/#\/schema\/person\/57bb5480943a496a7722b0248e4b658a"},"headline":"Der Verteidigungsminister Boris Pistorius (SPD) stellt die &#8222;Neue Milit\u00e4rstrategie der Bundeswehr&#8220; vor","datePublished":"2026-04-28T14:54:47+00:00","mainEntityOfPage":{"@id":"https:\/\/www.pressenza.com\/de\/2026\/04\/der-verteidigungsminister-boris-pistorius-spd-stellt-die-neue-militaerstrategie-der-bundeswehr-vor\/"},"wordCount":240,"publisher":{"@id":"https:\/\/www.pressenza.com\/de\/#organization"},"image":{"@id":"https:\/\/www.pressenza.com\/de\/2026\/04\/der-verteidigungsminister-boris-pistorius-spd-stellt-die-neue-militaerstrategie-der-bundeswehr-vor\/#primaryimage"},"thumbnailUrl":"https:\/\/www.pressenza.com\/wp-content\/uploads\/2026\/04\/IMG_3575.jpeg","keywords":["Abr\u00fcstung","Airbase Ramstein","Bundeswehr","Milit\u00e4r","Pistorius"],"articleSection":["Frieden und Abr\u00fcstung","International","Politik"],"inLanguage":"de"},{"@type":"WebPage","@id":"https:\/\/www.pressenza.com\/de\/2026\/04\/der-verteidigungsminister-boris-pistorius-spd-stellt-die-neue-militaerstrategie-der-bundeswehr-vor\/","url":"https:\/\/www.pressenza.com\/de\/2026\/04\/der-verteidigungsminister-boris-pistorius-spd-stellt-die-neue-militaerstrategie-der-bundeswehr-vor\/","name":"Der Verteidigungsminister Boris Pistorius (SPD) stellt die \"Neue Milit\u00e4rstrategie der Bundeswehr\" vor","isPartOf":{"@id":"https:\/\/www.pressenza.com\/de\/#website"},"primaryImageOfPage":{"@id":"https:\/\/www.pressenza.com\/de\/2026\/04\/der-verteidigungsminister-boris-pistorius-spd-stellt-die-neue-militaerstrategie-der-bundeswehr-vor\/#primaryimage"},"image":{"@id":"https:\/\/www.pressenza.com\/de\/2026\/04\/der-verteidigungsminister-boris-pistorius-spd-stellt-die-neue-militaerstrategie-der-bundeswehr-vor\/#primaryimage"},"thumbnailUrl":"https:\/\/www.pressenza.com\/wp-content\/uploads\/2026\/04\/IMG_3575.jpeg","datePublished":"2026-04-28T14:54:47+00:00","description":"\"Die Entwicklungen in der Ukraine ... zeigen uns, dass wir immer wieder reagieren m\u00fcssen auf Entwicklungen, die heute vielleicht noch gar nicht absehbar","breadcrumb":{"@id":"https:\/\/www.pressenza.com\/de\/2026\/04\/der-verteidigungsminister-boris-pistorius-spd-stellt-die-neue-militaerstrategie-der-bundeswehr-vor\/#breadcrumb"},"inLanguage":"de","potentialAction":[{"@type":"ReadAction","target":["https:\/\/www.pressenza.com\/de\/2026\/04\/der-verteidigungsminister-boris-pistorius-spd-stellt-die-neue-militaerstrategie-der-bundeswehr-vor\/"]}]},{"@type":"ImageObject","inLanguage":"de","@id":"https:\/\/www.pressenza.com\/de\/2026\/04\/der-verteidigungsminister-boris-pistorius-spd-stellt-die-neue-militaerstrategie-der-bundeswehr-vor\/#primaryimage","url":"https:\/\/www.pressenza.com\/wp-content\/uploads\/2026\/04\/IMG_3575.jpeg","contentUrl":"https:\/\/www.pressenza.com\/wp-content\/uploads\/2026\/04\/IMG_3575.jpeg","width":1280,"height":720},{"@type":"BreadcrumbList","@id":"https:\/\/www.pressenza.com\/de\/2026\/04\/der-verteidigungsminister-boris-pistorius-spd-stellt-die-neue-militaerstrategie-der-bundeswehr-vor\/#breadcrumb","itemListElement":[{"@type":"ListItem","position":1,"name":"Accueil","item":"https:\/\/www.pressenza.com\/de\/"},{"@type":"ListItem","position":2,"name":"Der Verteidigungsminister Boris Pistorius (SPD) stellt die &#8222;Neue Milit\u00e4rstrategie der Bundeswehr&#8220; vor"}]},{"@type":"WebSite","@id":"https:\/\/www.pressenza.com\/de\/#website","url":"https:\/\/www.pressenza.com\/de\/","name":"Pressenza","description":"International Press Agency","publisher":{"@id":"https:\/\/www.pressenza.com\/de\/#organization"},"potentialAction":[{"@type":"SearchAction","target":{"@type":"EntryPoint","urlTemplate":"https:\/\/www.pressenza.com\/de\/?s={search_term_string}"},"query-input":{"@type":"PropertyValueSpecification","valueRequired":true,"valueName":"search_term_string"}}],"inLanguage":"de"},{"@type":"Organization","@id":"https:\/\/www.pressenza.com\/de\/#organization","name":"Pressenza","url":"https:\/\/www.pressenza.com\/de\/","logo":{"@type":"ImageObject","inLanguage":"de","@id":"https:\/\/www.pressenza.com\/de\/#\/schema\/logo\/image\/","url":"https:\/\/www.pressenza.com\/wp-content\/uploads\/2022\/10\/pressenza_logo_200x200.jpg","contentUrl":"https:\/\/www.pressenza.com\/wp-content\/uploads\/2022\/10\/pressenza_logo_200x200.jpg","width":200,"height":200,"caption":"Pressenza"},"image":{"@id":"https:\/\/www.pressenza.com\/de\/#\/schema\/logo\/image\/"},"sameAs":["https:\/\/www.facebook.com\/PressenzaItalia","https:\/\/x.com\/PressenzaIPA"]},{"@type":"Person","@id":"https:\/\/www.pressenza.com\/de\/#\/schema\/person\/57bb5480943a496a7722b0248e4b658a","name":"Pressenza Berlin","description":"News from the Pressenza Bureau in Berlin, Germany","sameAs":["https:\/\/www.facebook.com\/Pressenza-Deutschland-sterreich-Schweiz-281675388658060\/timeline\/","https:\/\/x.com\/pressenza_ger"],"url":"https:\/\/www.pressenza.com\/de\/author\/pressenza-berlin\/"}]}},"place":"","original_article_url":"https:\/\/www.stoppramstein.de\/wp-admin\/admin-ajax.php?action=tnp&na=v&nk=31115-e50bee5c1c&id=187","_links":{"self":[{"href":"https:\/\/www.pressenza.com\/de\/wp-json\/wp\/v2\/posts\/2696107","targetHints":{"allow":["GET"]}}],"collection":[{"href":"https:\/\/www.pressenza.com\/de\/wp-json\/wp\/v2\/posts"}],"about":[{"href":"https:\/\/www.pressenza.com\/de\/wp-json\/wp\/v2\/types\/post"}],"author":[{"embeddable":true,"href":"https:\/\/www.pressenza.com\/de\/wp-json\/wp\/v2\/users\/1095"}],"replies":[{"embeddable":true,"href":"https:\/\/www.pressenza.com\/de\/wp-json\/wp\/v2\/comments?post=2696107"}],"version-history":[{"count":6,"href":"https:\/\/www.pressenza.com\/de\/wp-json\/wp\/v2\/posts\/2696107\/revisions"}],"predecessor-version":[{"id":2696142,"href":"https:\/\/www.pressenza.com\/de\/wp-json\/wp\/v2\/posts\/2696107\/revisions\/2696142"}],"wp:featuredmedia":[{"embeddable":true,"href":"https:\/\/www.pressenza.com\/de\/wp-json\/wp\/v2\/media\/2696144"}],"wp:attachment":[{"href":"https:\/\/www.pressenza.com\/de\/wp-json\/wp\/v2\/media?parent=2696107"}],"wp:term":[{"taxonomy":"category","embeddable":true,"href":"https:\/\/www.pressenza.com\/de\/wp-json\/wp\/v2\/categories?post=2696107"},{"taxonomy":"post_tag","embeddable":true,"href":"https:\/\/www.pressenza.com\/de\/wp-json\/wp\/v2\/tags?post=2696107"}],"curies":[{"name":"wp","href":"https:\/\/api.w.org\/{rel}","templated":true}]}}