{"id":2696096,"date":"2026-04-28T14:57:46","date_gmt":"2026-04-28T13:57:46","guid":{"rendered":"https:\/\/www.pressenza.com\/?p=2696096"},"modified":"2026-04-28T14:57:46","modified_gmt":"2026-04-28T13:57:46","slug":"pro-asyl-bereitet-klagen-gegen-eu-asylpakt-geas-vor","status":"publish","type":"post","link":"https:\/\/www.pressenza.com\/de\/2026\/04\/pro-asyl-bereitet-klagen-gegen-eu-asylpakt-geas-vor\/","title":{"rendered":"PRO ASYL bereitet Klagen gegen EU-Asylpakt GEAS vor"},"content":{"rendered":"<p><strong>In Zeiten der zunehmenden Angriffe auf Menschenrechte und Fl\u00fcchtlingsschutz m\u00fcssen der Rechtsstaat und die Rechte von Fl\u00fcchtlingen verteidigt werden. Das betont das PRO ASYL-Netzwerk und k\u00fcndigt an, k\u00fcnftig auch vor Gericht gegen die Versch\u00e4rfungen des EU-Asylpakts (GEAS) vorzugehen.<\/strong><\/p>\n<p>\u201eDen Angriffen stellen wir uns bewusst, konsequent und solidarisch entgegen. Wir k\u00e4mpfen f\u00fcr das Recht auf Schutz, ein Leben in W\u00fcrde und Gl\u00fcck. Wir benennen Rechtsbr\u00fcche, verteidigen Schutzrechte, unterst\u00fctzen Betroffene, schaffen \u00d6ffentlichkeit und wenden uns gegen jede Politik, die auf Abschreckung, Ausgrenzung und Entw\u00fcrdigung setzt\u201c, steht in der am Freitag verabschiedeten <u><a href=\"https:\/\/www.proasyl.de\/wp-content\/uploads\/Schmerlenbach-Erklaerung_FINAL.pdf\" data-ac-default-color=\"1\">Schmerlenbacher Erkl\u00e4rung zum Fl\u00fcchtlingsschutz<\/a><\/u>.<\/p>\n<p>Angesichts des massiven Abbaus der Fl\u00fcchtlingsrechte hei\u00dft es weiter: \u201eWir weigern uns, die Entrechtung Schutzsuchender als neue Normalit\u00e4t hinzunehmen. Wir widersprechen einer Politik, die Leid und Tod an den Grenzen hinnimmt und die Aush\u00f6hlung von Recht als Handlungsf\u00e4higkeit verkauft. Rechtsbindung ist kein Hindernis. Fl\u00fcchtlingsschutz ist kein Gnadenakt, sondern eine rechtliche, politische und moralische Verpflichtung.\u201c<\/p>\n<p>Ein Frontalangriff auf das europ\u00e4ische und deutsche Fl\u00fcchtlingsrecht ist das neue Gemeinsame Europ\u00e4ische Asylsystem (GEAS), das vom 12. Juni an in den EU-Mitgliedstaaten angewendet wird. Das PRO ASYL-Netzwerk erwartet unter anderem, dass mehr Menschen zu Unrecht im Asylverfahren abgelehnt und von neuen harten Abschiebungs- und Haftregelungen betroffen sein werden.<\/p>\n<p>Halima Gutale, Vorsitzende der Bundesarbeitsgemeinschaft PRO ASYL, k\u00fcndigt an: \u201eWir sind vorbereitet. Wir dokumentieren Rechtsbr\u00fcche, verteidigen Grundrechte, unterst\u00fctzen Betroffene, schaffen \u00d6ffentlichkeit und werden gegen Menschenrechtsverletzungen infolge der GEAS-Umsetzung vor nationalen und internationalen Gerichten klagen. Diese Politik der Abschreckung, Ausgrenzung und Entw\u00fcrdigung muss gestoppt werden.\u201c<\/p>\n<p><strong>Jubil\u00e4umsjahr: 40 Jahre PRO\u00a0ASYL<br \/>\n<\/strong><br \/>\nPRO ASYL feiert im September 2026 das vierzigj\u00e4hrige Bestehen der Menschenrechtsorganisation unter dem Motto: \u201e40 Jahre PRO ASYL \u2013 und das ist erst der Anfang.\u201c Zum Auftakt des Jubil\u00e4umsjahres trafen sich vom 22. bis 24. April mehr als 60 Mitglieder der Bundesarbeitsgemeinschaft PRO ASYL in Schmerlenbach. Zusammen mit internationalen G\u00e4sten aus USA und Griechenland diskutierten die Teilnehmenden \u00fcber die Angriffe auf Menschenrechte, Fl\u00fcchtlingsrechte und Rechtsstaat und entwickelten wirksame Handlungsstrategien.<\/p>\n","protected":false},"excerpt":{"rendered":"<p>In Zeiten der zunehmenden Angriffe auf Menschenrechte und Fl\u00fcchtlingsschutz m\u00fcssen der Rechtsstaat und die Rechte von Fl\u00fcchtlingen verteidigt werden. Das betont das PRO ASYL-Netzwerk und k\u00fcndigt an, k\u00fcnftig auch vor Gericht gegen die Versch\u00e4rfungen des EU-Asylpakts (GEAS) vorzugehen. \u201eDen Angriffen&hellip;<\/p>\n","protected":false},"author":1411,"featured_media":2696103,"comment_status":"closed","ping_status":"closed","sticky":false,"template":"","format":"standard","meta":{"footnotes":""},"categories":[7835,9161,9168,9145],"tags":[14443,10657,71813,47332,55721,9218,42283],"class_list":["post-2696096","post","type-post","status-publish","format-standard","has-post-thumbnail","hentry","category-international-de","category-menschenrechte","category-politik","category-pressemitteilungen","tag-abschiebung","tag-asylpolitik","tag-fluechtlingsschutz","tag-geas","tag-grundrechte","tag-migration-de","tag-zivilgesellschaft"],"yoast_head":"<!-- This site is optimized with the Yoast SEO plugin v27.1.1 - https:\/\/yoast.com\/product\/yoast-seo-wordpress\/ -->\n<title>PRO ASYL bereitet Klagen gegen EU-Asylpakt GEAS vor<\/title>\n<meta name=\"description\" content=\"In Zeiten der zunehmenden Angriffe auf Menschenrechte und Fl\u00fcchtlingsschutz m\u00fcssen der Rechtsstaat und die Rechte von Fl\u00fcchtlingen verteidigt werden. Das\" \/>\n<meta name=\"robots\" content=\"index, follow, max-snippet:-1, max-image-preview:large, max-video-preview:-1\" \/>\n<link rel=\"canonical\" href=\"https:\/\/www.pressenza.com\/de\/2026\/04\/pro-asyl-bereitet-klagen-gegen-eu-asylpakt-geas-vor\/\" \/>\n<meta property=\"og:locale\" content=\"de_DE\" \/>\n<meta property=\"og:type\" content=\"article\" \/>\n<meta property=\"og:title\" content=\"PRO ASYL bereitet Klagen gegen EU-Asylpakt GEAS vor\" \/>\n<meta property=\"og:description\" content=\"In Zeiten der zunehmenden Angriffe auf Menschenrechte und Fl\u00fcchtlingsschutz m\u00fcssen der Rechtsstaat und die Rechte von Fl\u00fcchtlingen verteidigt werden. Das\" \/>\n<meta property=\"og:url\" content=\"https:\/\/www.pressenza.com\/de\/2026\/04\/pro-asyl-bereitet-klagen-gegen-eu-asylpakt-geas-vor\/\" \/>\n<meta property=\"og:site_name\" content=\"Pressenza\" \/>\n<meta property=\"article:publisher\" content=\"https:\/\/www.facebook.com\/PressenzaItalia\" \/>\n<meta property=\"article:published_time\" content=\"2026-04-28T13:57:46+00:00\" \/>\n<meta property=\"og:image\" content=\"https:\/\/www.pressenza.com\/wp-content\/uploads\/2026\/04\/IMG_3573.jpeg\" \/>\n\t<meta property=\"og:image:width\" content=\"1280\" \/>\n\t<meta property=\"og:image:height\" content=\"960\" \/>\n\t<meta property=\"og:image:type\" content=\"image\/jpeg\" \/>\n<meta name=\"author\" content=\"Pro Asyl\" \/>\n<meta name=\"twitter:card\" content=\"summary_large_image\" \/>\n<meta name=\"twitter:creator\" content=\"@PressenzaIPA\" \/>\n<meta name=\"twitter:site\" content=\"@PressenzaIPA\" \/>\n<meta name=\"twitter:label1\" content=\"Verfasst von\" \/>\n\t<meta name=\"twitter:data1\" content=\"Pro Asyl\" \/>\n\t<meta name=\"twitter:label2\" content=\"Gesch\u00e4tzte Lesezeit\" \/>\n\t<meta name=\"twitter:data2\" content=\"2\u00a0Minuten\" \/>\n<script type=\"application\/ld+json\" class=\"yoast-schema-graph\">{\"@context\":\"https:\/\/schema.org\",\"@graph\":[{\"@type\":\"Article\",\"@id\":\"https:\/\/www.pressenza.com\/de\/2026\/04\/pro-asyl-bereitet-klagen-gegen-eu-asylpakt-geas-vor\/#article\",\"isPartOf\":{\"@id\":\"https:\/\/www.pressenza.com\/de\/2026\/04\/pro-asyl-bereitet-klagen-gegen-eu-asylpakt-geas-vor\/\"},\"author\":{\"name\":\"Pro Asyl\",\"@id\":\"https:\/\/www.pressenza.com\/de\/#\/schema\/person\/2a2e2e83a39e4cf3cf67ecb1e0760b14\"},\"headline\":\"PRO ASYL bereitet Klagen gegen EU-Asylpakt GEAS vor\",\"datePublished\":\"2026-04-28T13:57:46+00:00\",\"mainEntityOfPage\":{\"@id\":\"https:\/\/www.pressenza.com\/de\/2026\/04\/pro-asyl-bereitet-klagen-gegen-eu-asylpakt-geas-vor\/\"},\"wordCount\":347,\"publisher\":{\"@id\":\"https:\/\/www.pressenza.com\/de\/#organization\"},\"image\":{\"@id\":\"https:\/\/www.pressenza.com\/de\/2026\/04\/pro-asyl-bereitet-klagen-gegen-eu-asylpakt-geas-vor\/#primaryimage\"},\"thumbnailUrl\":\"https:\/\/www.pressenza.com\/wp-content\/uploads\/2026\/04\/IMG_3573.jpeg\",\"keywords\":[\"Abschiebung\",\"Asylpolitik\",\"Fl\u00fcchtlingsschutz\",\"GEAS\",\"Grundrechte\",\"Migration\",\"Zivilgesellschaft\"],\"articleSection\":[\"International\",\"Menschenrechte\",\"Politik\",\"Pressemitteilungen\"],\"inLanguage\":\"de\"},{\"@type\":\"WebPage\",\"@id\":\"https:\/\/www.pressenza.com\/de\/2026\/04\/pro-asyl-bereitet-klagen-gegen-eu-asylpakt-geas-vor\/\",\"url\":\"https:\/\/www.pressenza.com\/de\/2026\/04\/pro-asyl-bereitet-klagen-gegen-eu-asylpakt-geas-vor\/\",\"name\":\"PRO ASYL bereitet Klagen gegen EU-Asylpakt GEAS vor\",\"isPartOf\":{\"@id\":\"https:\/\/www.pressenza.com\/de\/#website\"},\"primaryImageOfPage\":{\"@id\":\"https:\/\/www.pressenza.com\/de\/2026\/04\/pro-asyl-bereitet-klagen-gegen-eu-asylpakt-geas-vor\/#primaryimage\"},\"image\":{\"@id\":\"https:\/\/www.pressenza.com\/de\/2026\/04\/pro-asyl-bereitet-klagen-gegen-eu-asylpakt-geas-vor\/#primaryimage\"},\"thumbnailUrl\":\"https:\/\/www.pressenza.com\/wp-content\/uploads\/2026\/04\/IMG_3573.jpeg\",\"datePublished\":\"2026-04-28T13:57:46+00:00\",\"description\":\"In Zeiten der zunehmenden Angriffe auf Menschenrechte und Fl\u00fcchtlingsschutz m\u00fcssen der Rechtsstaat und die Rechte von Fl\u00fcchtlingen verteidigt werden. Das\",\"breadcrumb\":{\"@id\":\"https:\/\/www.pressenza.com\/de\/2026\/04\/pro-asyl-bereitet-klagen-gegen-eu-asylpakt-geas-vor\/#breadcrumb\"},\"inLanguage\":\"de\",\"potentialAction\":[{\"@type\":\"ReadAction\",\"target\":[\"https:\/\/www.pressenza.com\/de\/2026\/04\/pro-asyl-bereitet-klagen-gegen-eu-asylpakt-geas-vor\/\"]}]},{\"@type\":\"ImageObject\",\"inLanguage\":\"de\",\"@id\":\"https:\/\/www.pressenza.com\/de\/2026\/04\/pro-asyl-bereitet-klagen-gegen-eu-asylpakt-geas-vor\/#primaryimage\",\"url\":\"https:\/\/www.pressenza.com\/wp-content\/uploads\/2026\/04\/IMG_3573.jpeg\",\"contentUrl\":\"https:\/\/www.pressenza.com\/wp-content\/uploads\/2026\/04\/IMG_3573.jpeg\",\"width\":1280,\"height\":960},{\"@type\":\"BreadcrumbList\",\"@id\":\"https:\/\/www.pressenza.com\/de\/2026\/04\/pro-asyl-bereitet-klagen-gegen-eu-asylpakt-geas-vor\/#breadcrumb\",\"itemListElement\":[{\"@type\":\"ListItem\",\"position\":1,\"name\":\"Accueil\",\"item\":\"https:\/\/www.pressenza.com\/de\/\"},{\"@type\":\"ListItem\",\"position\":2,\"name\":\"PRO ASYL bereitet Klagen gegen EU-Asylpakt GEAS vor\"}]},{\"@type\":\"WebSite\",\"@id\":\"https:\/\/www.pressenza.com\/de\/#website\",\"url\":\"https:\/\/www.pressenza.com\/de\/\",\"name\":\"Pressenza\",\"description\":\"International Press Agency\",\"publisher\":{\"@id\":\"https:\/\/www.pressenza.com\/de\/#organization\"},\"potentialAction\":[{\"@type\":\"SearchAction\",\"target\":{\"@type\":\"EntryPoint\",\"urlTemplate\":\"https:\/\/www.pressenza.com\/de\/?s={search_term_string}\"},\"query-input\":{\"@type\":\"PropertyValueSpecification\",\"valueRequired\":true,\"valueName\":\"search_term_string\"}}],\"inLanguage\":\"de\"},{\"@type\":\"Organization\",\"@id\":\"https:\/\/www.pressenza.com\/de\/#organization\",\"name\":\"Pressenza\",\"url\":\"https:\/\/www.pressenza.com\/de\/\",\"logo\":{\"@type\":\"ImageObject\",\"inLanguage\":\"de\",\"@id\":\"https:\/\/www.pressenza.com\/de\/#\/schema\/logo\/image\/\",\"url\":\"https:\/\/www.pressenza.com\/wp-content\/uploads\/2022\/10\/pressenza_logo_200x200.jpg\",\"contentUrl\":\"https:\/\/www.pressenza.com\/wp-content\/uploads\/2022\/10\/pressenza_logo_200x200.jpg\",\"width\":200,\"height\":200,\"caption\":\"Pressenza\"},\"image\":{\"@id\":\"https:\/\/www.pressenza.com\/de\/#\/schema\/logo\/image\/\"},\"sameAs\":[\"https:\/\/www.facebook.com\/PressenzaItalia\",\"https:\/\/x.com\/PressenzaIPA\"]},{\"@type\":\"Person\",\"@id\":\"https:\/\/www.pressenza.com\/de\/#\/schema\/person\/2a2e2e83a39e4cf3cf67ecb1e0760b14\",\"name\":\"Pro Asyl\",\"description\":\"Ist die selbstbestimmte und unabh\u00e4ngige Stimme f\u00fcr die Menschenrechte und den Schutz von Fl\u00fcchtlingen in Deutschland und Europa. Es ist ein Verein dessen Arbeit durch Mitgliedsbeitr\u00e4ge, Spenden und Stiftungszuwendungen finanziert wird.\",\"sameAs\":[\"https:\/\/www.proasyl.de\"],\"url\":\"https:\/\/www.pressenza.com\/de\/author\/pro-asyl\/\"}]}<\/script>\n<!-- \/ Yoast SEO plugin. -->","yoast_head_json":{"title":"PRO ASYL bereitet Klagen gegen EU-Asylpakt GEAS vor","description":"In Zeiten der zunehmenden Angriffe auf Menschenrechte und Fl\u00fcchtlingsschutz m\u00fcssen der Rechtsstaat und die Rechte von Fl\u00fcchtlingen verteidigt werden. Das","robots":{"index":"index","follow":"follow","max-snippet":"max-snippet:-1","max-image-preview":"max-image-preview:large","max-video-preview":"max-video-preview:-1"},"canonical":"https:\/\/www.pressenza.com\/de\/2026\/04\/pro-asyl-bereitet-klagen-gegen-eu-asylpakt-geas-vor\/","og_locale":"de_DE","og_type":"article","og_title":"PRO ASYL bereitet Klagen gegen EU-Asylpakt GEAS vor","og_description":"In Zeiten der zunehmenden Angriffe auf Menschenrechte und Fl\u00fcchtlingsschutz m\u00fcssen der Rechtsstaat und die Rechte von Fl\u00fcchtlingen verteidigt werden. Das","og_url":"https:\/\/www.pressenza.com\/de\/2026\/04\/pro-asyl-bereitet-klagen-gegen-eu-asylpakt-geas-vor\/","og_site_name":"Pressenza","article_publisher":"https:\/\/www.facebook.com\/PressenzaItalia","article_published_time":"2026-04-28T13:57:46+00:00","og_image":[{"width":1280,"height":960,"url":"https:\/\/www.pressenza.com\/wp-content\/uploads\/2026\/04\/IMG_3573.jpeg","type":"image\/jpeg"}],"author":"Pro Asyl","twitter_card":"summary_large_image","twitter_creator":"@PressenzaIPA","twitter_site":"@PressenzaIPA","twitter_misc":{"Verfasst von":"Pro Asyl","Gesch\u00e4tzte Lesezeit":"2\u00a0Minuten"},"schema":{"@context":"https:\/\/schema.org","@graph":[{"@type":"Article","@id":"https:\/\/www.pressenza.com\/de\/2026\/04\/pro-asyl-bereitet-klagen-gegen-eu-asylpakt-geas-vor\/#article","isPartOf":{"@id":"https:\/\/www.pressenza.com\/de\/2026\/04\/pro-asyl-bereitet-klagen-gegen-eu-asylpakt-geas-vor\/"},"author":{"name":"Pro Asyl","@id":"https:\/\/www.pressenza.com\/de\/#\/schema\/person\/2a2e2e83a39e4cf3cf67ecb1e0760b14"},"headline":"PRO ASYL bereitet Klagen gegen EU-Asylpakt GEAS vor","datePublished":"2026-04-28T13:57:46+00:00","mainEntityOfPage":{"@id":"https:\/\/www.pressenza.com\/de\/2026\/04\/pro-asyl-bereitet-klagen-gegen-eu-asylpakt-geas-vor\/"},"wordCount":347,"publisher":{"@id":"https:\/\/www.pressenza.com\/de\/#organization"},"image":{"@id":"https:\/\/www.pressenza.com\/de\/2026\/04\/pro-asyl-bereitet-klagen-gegen-eu-asylpakt-geas-vor\/#primaryimage"},"thumbnailUrl":"https:\/\/www.pressenza.com\/wp-content\/uploads\/2026\/04\/IMG_3573.jpeg","keywords":["Abschiebung","Asylpolitik","Fl\u00fcchtlingsschutz","GEAS","Grundrechte","Migration","Zivilgesellschaft"],"articleSection":["International","Menschenrechte","Politik","Pressemitteilungen"],"inLanguage":"de"},{"@type":"WebPage","@id":"https:\/\/www.pressenza.com\/de\/2026\/04\/pro-asyl-bereitet-klagen-gegen-eu-asylpakt-geas-vor\/","url":"https:\/\/www.pressenza.com\/de\/2026\/04\/pro-asyl-bereitet-klagen-gegen-eu-asylpakt-geas-vor\/","name":"PRO ASYL bereitet Klagen gegen EU-Asylpakt GEAS vor","isPartOf":{"@id":"https:\/\/www.pressenza.com\/de\/#website"},"primaryImageOfPage":{"@id":"https:\/\/www.pressenza.com\/de\/2026\/04\/pro-asyl-bereitet-klagen-gegen-eu-asylpakt-geas-vor\/#primaryimage"},"image":{"@id":"https:\/\/www.pressenza.com\/de\/2026\/04\/pro-asyl-bereitet-klagen-gegen-eu-asylpakt-geas-vor\/#primaryimage"},"thumbnailUrl":"https:\/\/www.pressenza.com\/wp-content\/uploads\/2026\/04\/IMG_3573.jpeg","datePublished":"2026-04-28T13:57:46+00:00","description":"In Zeiten der zunehmenden Angriffe auf Menschenrechte und Fl\u00fcchtlingsschutz m\u00fcssen der Rechtsstaat und die Rechte von Fl\u00fcchtlingen verteidigt werden. Das","breadcrumb":{"@id":"https:\/\/www.pressenza.com\/de\/2026\/04\/pro-asyl-bereitet-klagen-gegen-eu-asylpakt-geas-vor\/#breadcrumb"},"inLanguage":"de","potentialAction":[{"@type":"ReadAction","target":["https:\/\/www.pressenza.com\/de\/2026\/04\/pro-asyl-bereitet-klagen-gegen-eu-asylpakt-geas-vor\/"]}]},{"@type":"ImageObject","inLanguage":"de","@id":"https:\/\/www.pressenza.com\/de\/2026\/04\/pro-asyl-bereitet-klagen-gegen-eu-asylpakt-geas-vor\/#primaryimage","url":"https:\/\/www.pressenza.com\/wp-content\/uploads\/2026\/04\/IMG_3573.jpeg","contentUrl":"https:\/\/www.pressenza.com\/wp-content\/uploads\/2026\/04\/IMG_3573.jpeg","width":1280,"height":960},{"@type":"BreadcrumbList","@id":"https:\/\/www.pressenza.com\/de\/2026\/04\/pro-asyl-bereitet-klagen-gegen-eu-asylpakt-geas-vor\/#breadcrumb","itemListElement":[{"@type":"ListItem","position":1,"name":"Accueil","item":"https:\/\/www.pressenza.com\/de\/"},{"@type":"ListItem","position":2,"name":"PRO ASYL bereitet Klagen gegen EU-Asylpakt GEAS vor"}]},{"@type":"WebSite","@id":"https:\/\/www.pressenza.com\/de\/#website","url":"https:\/\/www.pressenza.com\/de\/","name":"Pressenza","description":"International Press Agency","publisher":{"@id":"https:\/\/www.pressenza.com\/de\/#organization"},"potentialAction":[{"@type":"SearchAction","target":{"@type":"EntryPoint","urlTemplate":"https:\/\/www.pressenza.com\/de\/?s={search_term_string}"},"query-input":{"@type":"PropertyValueSpecification","valueRequired":true,"valueName":"search_term_string"}}],"inLanguage":"de"},{"@type":"Organization","@id":"https:\/\/www.pressenza.com\/de\/#organization","name":"Pressenza","url":"https:\/\/www.pressenza.com\/de\/","logo":{"@type":"ImageObject","inLanguage":"de","@id":"https:\/\/www.pressenza.com\/de\/#\/schema\/logo\/image\/","url":"https:\/\/www.pressenza.com\/wp-content\/uploads\/2022\/10\/pressenza_logo_200x200.jpg","contentUrl":"https:\/\/www.pressenza.com\/wp-content\/uploads\/2022\/10\/pressenza_logo_200x200.jpg","width":200,"height":200,"caption":"Pressenza"},"image":{"@id":"https:\/\/www.pressenza.com\/de\/#\/schema\/logo\/image\/"},"sameAs":["https:\/\/www.facebook.com\/PressenzaItalia","https:\/\/x.com\/PressenzaIPA"]},{"@type":"Person","@id":"https:\/\/www.pressenza.com\/de\/#\/schema\/person\/2a2e2e83a39e4cf3cf67ecb1e0760b14","name":"Pro Asyl","description":"Ist die selbstbestimmte und unabh\u00e4ngige Stimme f\u00fcr die Menschenrechte und den Schutz von Fl\u00fcchtlingen in Deutschland und Europa. Es ist ein Verein dessen Arbeit durch Mitgliedsbeitr\u00e4ge, Spenden und Stiftungszuwendungen finanziert wird.","sameAs":["https:\/\/www.proasyl.de"],"url":"https:\/\/www.pressenza.com\/de\/author\/pro-asyl\/"}]}},"place":"","original_article_url":"https:\/\/www.proasyl.de\/pressemitteilung\/pro-asyl-bereitet-klagen-gegen-eu-asylpakt-geas-vor\/","_links":{"self":[{"href":"https:\/\/www.pressenza.com\/de\/wp-json\/wp\/v2\/posts\/2696096","targetHints":{"allow":["GET"]}}],"collection":[{"href":"https:\/\/www.pressenza.com\/de\/wp-json\/wp\/v2\/posts"}],"about":[{"href":"https:\/\/www.pressenza.com\/de\/wp-json\/wp\/v2\/types\/post"}],"author":[{"embeddable":true,"href":"https:\/\/www.pressenza.com\/de\/wp-json\/wp\/v2\/users\/1411"}],"replies":[{"embeddable":true,"href":"https:\/\/www.pressenza.com\/de\/wp-json\/wp\/v2\/comments?post=2696096"}],"version-history":[{"count":2,"href":"https:\/\/www.pressenza.com\/de\/wp-json\/wp\/v2\/posts\/2696096\/revisions"}],"predecessor-version":[{"id":2696104,"href":"https:\/\/www.pressenza.com\/de\/wp-json\/wp\/v2\/posts\/2696096\/revisions\/2696104"}],"wp:featuredmedia":[{"embeddable":true,"href":"https:\/\/www.pressenza.com\/de\/wp-json\/wp\/v2\/media\/2696103"}],"wp:attachment":[{"href":"https:\/\/www.pressenza.com\/de\/wp-json\/wp\/v2\/media?parent=2696096"}],"wp:term":[{"taxonomy":"category","embeddable":true,"href":"https:\/\/www.pressenza.com\/de\/wp-json\/wp\/v2\/categories?post=2696096"},{"taxonomy":"post_tag","embeddable":true,"href":"https:\/\/www.pressenza.com\/de\/wp-json\/wp\/v2\/tags?post=2696096"}],"curies":[{"name":"wp","href":"https:\/\/api.w.org\/{rel}","templated":true}]}}